{"id":1912,"date":"2024-05-20T00:00:00","date_gmt":"2024-05-20T00:00:00","guid":{"rendered":"https:\/\/equipvinyesdabad.com\/?p=1912"},"modified":"2024-10-22T08:50:57","modified_gmt":"2024-10-22T08:50:57","slug":"una-salida-de-pista-deja-sin-opciones-a-vinyes-mercader-hyundai-i20-rally2-en-leon","status":"publish","type":"post","link":"https:\/\/equipvinyesdabad.com\/es\/rallys\/una-salida-de-pista-deja-sin-opciones-a-vinyes-mercader-hyundai-i20-rally2-en-leon\/","title":{"rendered":"Una salida de pista deja sin opciones a Vinyes &#8211; Mercader (Hyundai i20 Rally2) en Le\u00f3n."},"content":{"rendered":"<p class=\"p1\" style=\"text-align: justify\"><span style=\"font-size: medium\"><strong>El Rally Reino de Le&oacute;n marcado por la intensa lluvia que cay&oacute; en el escenario de la prueba.<\/strong><\/span><\/p>\n<p class=\"p1\" style=\"text-align: justify\">&nbsp;<\/p>\n<p class=\"p1\" style=\"text-align: justify\"><strong>Joan Vinyes-Jordi Mercader a los mandos del Hyundai i20 Rally2 del Team Rallycar no pudieron culminar con &eacute;xito su participaci&oacute;n<span class=\"Apple-converted-space\">&nbsp; <\/span>en el 4 Rally de tierra Reino de Le&oacute;n, segunda prueba v&aacute;lida para la Copa de Espa&ntilde;a de la especialidad (CERT) de la presente temporada.<\/strong><\/p>\n<p class=\"p1\" style=\"text-align: justify\"><strong>El abandono del piloto de Hyundai Andorra se produjo al inicio de la tercera sesi&oacute;n, en concreto en la especial Valdefuentes del P&aacute;ramo. Una especial en la que se marcaban puntas de 200 km\/hora y frenadas muy bruscas. <span class=\"Apple-converted-space\">&nbsp;<\/span><\/strong><\/p>\n<p class=\"p1\" style=\"text-align: justify\"><strong>En unas de estas frenadas el Hyundai se nos ha escapado y no hemos podido evitar la salida de pista y el abandono consecuente, cuando est&aacute;bamos situados en la tercera posici&oacute;n scratch. Seg&uacute;n Vinyes: <em>&rdquo;Sin duda, la lluvia que ha ca&iacute;do las &uacute;ltimas horas ha dejado las pistas en un estado lamentable. La reacci&oacute;n del Hyundai preparado por Rtechnology,en estas circunstancias, ha sido incontrolable&rdquo;.<\/em><\/strong><\/p>\n<p class=\"p1\" style=\"text-align: justify\"><strong>Hasta el momento del incidente, a falta de tres especiales para el final,los pilotos de Rallycar estaban protagonizando un rally en constante progresi&oacute;n. Los cronos de las especiales iniciales no se ajustaron a lo esperado, pero un cambio de neum&aacute;ticos result&oacute; decisivo para iniciar la remontada.<span class=\"Apple-converted-space\">&nbsp;<\/span><\/strong><\/p>\n<p class=\"p2\" style=\"text-align: justify\">&nbsp;<\/p>\n<p class=\"p1\" style=\"text-align: justify\"><span style=\"font-size: small\"><strong>Tres jornadas de intenso trabajo no tuvieron recompensa.<\/strong><\/span><\/p>\n<p class=\"p1\" style=\"text-align: justify\"><strong>El pron&oacute;stico de una &ldquo;meteo&rdquo; muy<span class=\"Apple-converted-space\">&nbsp; <\/span>complicada se cumpli&oacute;.<span class=\"Apple-converted-space\">&nbsp;<br \/><\/span><\/strong>Le&oacute;n recibi&oacute; a los participantes de su rally con un ambiente invernal y chubascos dispersos. Durante a competici&oacute;n se produjeron variaciones constantes, mezcl&aacute;ndose el sol y la lluvia en cortos espacios de tiempo que tuvieron consecuencias en las pistas. De esta manera, la disputa del &ldquo;shake&rdquo;<span class=\"Apple-converted-space\">&nbsp; <\/span>se inicio con polvo en el trazado y al cabo de 2 horas los equipos acabaron compitiendo en la pista embarrada.<\/p>\n<p class=\"p1\" style=\"text-align: justify\">La disputa del rally se hizo en un estado lamentable del recorrido, debido a la lluvia que no dej&oacute; caer y en algunos momentos de manera muy generosa.<\/p>\n<p class=\"p1\" style=\"text-align: justify\"><strong>Un test muy positivo en opini&oacute;n del piloto de Auto Centre Principat.<br \/><\/strong>Los organizadores del evento (ATK Motorsport) prepararon, el jueves (d&iacute;a 16) previo al inicio del rally, un test privado al que ten&iacute;an acceso un m&aacute;ximo de 15 equipos que, como condici&oacute;n indispensable, ten&iacute;an que estar inscritos a la prueba.<\/p>\n<p class=\"p1\" style=\"text-align: justify\">Vinyes-Mercader y su equipo consideraron que pod&iacute;a ser muy positivo para tener referencias m&aacute;s &ldquo;frescas&rdquo; del Hyundai en un escenario que no era el de las<span class=\"Apple-converted-space\">&nbsp; <\/span>cronometradas del rally, pero que ten&iacute;a connotaciones muy parecidas.<\/p>\n<p class=\"p1\" style=\"text-align: justify\">El test se disput&oacute; entre las 9 y las 13 horas del mencionado jueves, en una especial de 4 km, con la localidad de Cuadros como centro neur&aacute;lgico.<\/p>\n<p class=\"p1\" style=\"text-align: justify\"><strong><em>&ldquo;Objetivo cumplido en el test&rdquo;<\/em>, <\/strong>era la opini&oacute;n de piloto andorrano al completar las cuatros horas de test. Adem&aacute;s a&ntilde;ad&iacute;a:<strong> <em>&ldquo;He cogido ritmo despu&eacute;s de dos meses sin situarme al volante del Hyundai de Rtechnology, Tambi&eacute;n creo que a sido un test muy positivo para adaptarnos a unas pistas que no sabr&iacute;a como definirlas, dir&iacute;a que en<span class=\"Apple-converted-space\">&nbsp; <\/span>general son &ldquo;raras&rdquo;, mucha piedra suelta, deslizan mucho, muy rotas, &hellip; Una combinaci&oacute;n que provoca alguna reacci&oacute;n inesperada del Hyundai, con el correspondiente susto. No hay duda que esto forma parte de las carreras y hay que estar siempre concentrado para superar estas situaciones. De momento muy contento&rdquo;.<\/em><\/strong><\/p>\n<p class=\"p1\" style=\"text-align: justify\"><strong>El viernes (d&iacute;a 17) jornada maratoniana para los equipos.<span class=\"Apple-converted-space\">&nbsp;<br \/><\/span><\/strong>El primer d&iacute;a del planning horario del 4 Rally Reino de Le&oacute;n ha tenido una agenda muy cargada para los equipos. En la prueba del ATK Motorsport coincidieron la &uacute;nica opci&oacute;n que hab&iacute;a de reconocer las especiales (entre las 7 y las 13 horas), las verificaciones administrativas y t&eacute;cnicas, tambi&eacute;n por la ma&ntilde;ana. Los pilotos continuaron, con el tiempo justo de ponerse la ropa de competir y sentarse al volante de las respectivas mec&aacute;nicas, con la disputa de un &ldquo;shake&rdquo; y el tramo de calificaci&oacute;n (TC). En la recta final de la jornada, diversos eventos preparados por los organizadores y la ceremonia de salida tuvieron ocupados a los protagonistas del rally hasta bien entrada la noche.<\/p>\n<p class=\"p1\" style=\"text-align: justify\">Para Vinyes ha sido un d&iacute;a complicado, pero completado con sensaciones positivas. Este<span class=\"Apple-converted-space\">&nbsp; <\/span>era su comentario: <strong><em>&ldquo;Hemos podido completar las dos pasadas por las especiales, ha sido un doble esfuerzo, pero muy positivo en el momento de afrontar el rally. En el &ldquo;shake&rdquo; hemos estado entre los m&aacute;s r&aacute;pidos en las pasadas previas al TC. En la calificaci&oacute;n hemos salido en la primera posici&oacute;n y despu&eacute;s que la lluvia aumentara en los momentos previos a la salida y esto no ha jugado a favor de nuestro objetivo. A pesar de todo contento de haber superado esta jornada tan densa y variada, las expectativas son excelentes&rdquo;.<\/em><\/strong><\/p>\n<p class=\"p1\" style=\"text-align: justify\">Cabe comentar que Vinyes-Mercader (Hyundai i20) completaron el TC (4.220 metros) parando el crono en 2&rsquo;41&rdquo;553, en la octava posici&oacute;n entre los 20 pilotos que disputaron la especial.&nbsp;<\/p>\n<p class=\"p1\" style=\"text-align: justify\"><strong>En Le&oacute;n, Vinyes &#8211; Mercader fueron de menos a m&aacute;s hasta el accidente.<br \/><\/strong>La prueba de ATK Motorsport se inici&oacute; en unas condiciones diferentes a las que los equipos hab&iacute;an visto en los reconocimientos. La lluvia de la tarde-noche del viernes y la que cay&oacute; durante la disputa de las especiales dejaron el recorrido en un estado muy delicado.&nbsp;<\/p>\n<p class=\"p1\" style=\"text-align: justify\">Los pilotos de Hyundai Andorra completaron la pasada inicial (dos cronometradas) en la cuarta posici&oacute;n de la clasificaci&oacute;n absoluta, pero m&aacute;s distanciados de lo previsto de los rivales que les preced&iacute;an. En la primera asistencia hicieron un cambio que result&oacute; decisivo para mejorar, as&iacute; nos lo comentaba Vinyes: <strong><em>&ldquo;Hemos salido con neum&aacute;ticos demasiado duros &#8230; Hemos cambiado por un compuesto m&aacute;s blando, estoy convencido que ir&aacute; mejor&rdquo;.<\/em><\/strong> Acert&oacute; de pleno.&nbsp;<\/p>\n<p class=\"p1\" style=\"text-align: justify\">Completaron la primera parte del rally en posici&oacute;n de podio (tercer lugar) con opciones de mejorar y sobre todo con distancias m&aacute;s holgadas con los rivales que ven&iacute;an por detr&aacute;s.<\/p>\n<p class=\"p1\" style=\"text-align: justify\">Lamentablemente, no pudieron continuar con la progresi&oacute;n cuando parec&iacute;a que como m&iacute;nimo pod&iacute;an repetir el segundo puesto del 2023.<\/p>\n<p class=\"p1\" style=\"text-align: justify\"><strong>La Copa de Espa&ntilde;a de Rallys de tierra vuelve a tener un par&oacute;n de dos meses hasta la disputa del siguiente rally. Los d&iacute;as 19 y 20 de julio la cita ser&aacute; en Arrecife, en la isla de Lanzarote, para disputar el Rally de los Volcanes.<span class=\"Apple-converted-space\">&nbsp;<\/span><\/strong><\/p>\n<p class=\"p3\" style=\"text-align: right\">&nbsp;<\/p>\n<p class=\"p3\" style=\"text-align: right\">Servicio de prensa.<\/p>\n","protected":false},"excerpt":{"rendered":"<p>El Rally Reino de Le\u00f3n marcado por la intensa lluvia que cay\u00f3 en el escenario de la prueba.<\/p>\n","protected":false},"author":1,"featured_media":1415,"comment_status":"closed","ping_status":"closed","sticky":false,"template":"","format":"standard","meta":{"_kadence_starter_templates_imported_post":false,"_kad_post_transparent":"","_kad_post_title":"","_kad_post_layout":"","_kad_post_sidebar_id":"","_kad_post_content_style":"","_kad_post_vertical_padding":"","_kad_post_feature":"","_kad_post_feature_position":"","_kad_post_header":false,"_kad_post_footer":false,"_kad_post_classname":"","footnotes":""},"categories":[46,47],"tags":[],"class_list":["post-1912","post","type-post","status-publish","format-standard","has-post-thumbnail","hentry","category-rallys","category-rallys-tierra"],"yoast_head":"<!-- This site is optimized with the Yoast SEO plugin v27.4 - https:\/\/yoast.com\/product\/yoast-seo-wordpress\/ -->\n<title>Una salida de pista deja sin opciones a Vinyes - Mercader (Hyundai i20 Rally2) en Le\u00f3n. - Equip vinyes dabad<\/title>\n<meta name=\"robots\" content=\"index, follow, max-snippet:-1, max-image-preview:large, max-video-preview:-1\" \/>\n<link rel=\"canonical\" href=\"https:\/\/equipvinyesdabad.com\/es\/rallys\/una-salida-de-pista-deja-sin-opciones-a-vinyes-mercader-hyundai-i20-rally2-en-leon\/\" \/>\n<meta property=\"og:locale\" content=\"es_ES\" \/>\n<meta property=\"og:type\" content=\"article\" \/>\n<meta property=\"og:title\" content=\"Una salida de pista deja sin opciones a Vinyes - Mercader (Hyundai i20 Rally2) en Le\u00f3n. - Equip vinyes dabad\" \/>\n<meta property=\"og:description\" content=\"El Rally Reino de Le\u00f3n marcado por la intensa lluvia que cay\u00f3 en el escenario de la prueba.\" \/>\n<meta property=\"og:url\" content=\"https:\/\/equipvinyesdabad.com\/es\/rallys\/una-salida-de-pista-deja-sin-opciones-a-vinyes-mercader-hyundai-i20-rally2-en-leon\/\" \/>\n<meta property=\"og:site_name\" content=\"Equip vinyes dabad\" \/>\n<meta property=\"article:published_time\" content=\"2024-05-20T00:00:00+00:00\" \/>\n<meta property=\"article:modified_time\" content=\"2024-10-22T08:50:57+00:00\" \/>\n<meta property=\"og:image\" content=\"https:\/\/equipvinyesdabad.com\/wp-content\/uploads\/2024\/10\/logo_vinyes_dabad.png\" \/>\n\t<meta property=\"og:image:width\" content=\"250\" \/>\n\t<meta property=\"og:image:height\" content=\"130\" \/>\n\t<meta property=\"og:image:type\" content=\"image\/png\" \/>\n<meta name=\"author\" content=\"admin\" \/>\n<meta name=\"twitter:card\" content=\"summary_large_image\" \/>\n<meta name=\"twitter:label1\" content=\"Escrito por\" \/>\n\t<meta name=\"twitter:data1\" content=\"admin\" \/>\n\t<meta name=\"twitter:label2\" content=\"Tiempo de lectura\" \/>\n\t<meta name=\"twitter:data2\" content=\"6 minutos\" \/>\n<script type=\"application\/ld+json\" class=\"yoast-schema-graph\">{\"@context\":\"https:\\\/\\\/schema.org\",\"@graph\":[{\"@type\":\"Article\",\"@id\":\"https:\\\/\\\/equipvinyesdabad.com\\\/es\\\/rallys\\\/una-salida-de-pista-deja-sin-opciones-a-vinyes-mercader-hyundai-i20-rally2-en-leon\\\/#article\",\"isPartOf\":{\"@id\":\"https:\\\/\\\/equipvinyesdabad.com\\\/es\\\/rallys\\\/una-salida-de-pista-deja-sin-opciones-a-vinyes-mercader-hyundai-i20-rally2-en-leon\\\/\"},\"author\":{\"name\":\"admin\",\"@id\":\"https:\\\/\\\/equipvinyesdabad.com\\\/es\\\/#\\\/schema\\\/person\\\/962b4c681d63fd4fbd546ec83b775c1b\"},\"headline\":\"Una salida de pista deja sin opciones a Vinyes &#8211; Mercader (Hyundai i20 Rally2) en Le\u00f3n.\",\"datePublished\":\"2024-05-20T00:00:00+00:00\",\"dateModified\":\"2024-10-22T08:50:57+00:00\",\"mainEntityOfPage\":{\"@id\":\"https:\\\/\\\/equipvinyesdabad.com\\\/es\\\/rallys\\\/una-salida-de-pista-deja-sin-opciones-a-vinyes-mercader-hyundai-i20-rally2-en-leon\\\/\"},\"wordCount\":1235,\"image\":{\"@id\":\"https:\\\/\\\/equipvinyesdabad.com\\\/es\\\/rallys\\\/una-salida-de-pista-deja-sin-opciones-a-vinyes-mercader-hyundai-i20-rally2-en-leon\\\/#primaryimage\"},\"thumbnailUrl\":\"https:\\\/\\\/equipvinyesdabad.com\\\/wp-content\\\/uploads\\\/2024\\\/05\\\/01ViLeon4435.jpg\",\"articleSection\":[\"Rallys\",\"Rallys tierra\"],\"inLanguage\":\"es\"},{\"@type\":\"WebPage\",\"@id\":\"https:\\\/\\\/equipvinyesdabad.com\\\/es\\\/rallys\\\/una-salida-de-pista-deja-sin-opciones-a-vinyes-mercader-hyundai-i20-rally2-en-leon\\\/\",\"url\":\"https:\\\/\\\/equipvinyesdabad.com\\\/es\\\/rallys\\\/una-salida-de-pista-deja-sin-opciones-a-vinyes-mercader-hyundai-i20-rally2-en-leon\\\/\",\"name\":\"Una salida de pista deja sin opciones a Vinyes - Mercader (Hyundai i20 Rally2) en Le\u00f3n. - Equip vinyes dabad\",\"isPartOf\":{\"@id\":\"https:\\\/\\\/equipvinyesdabad.com\\\/es\\\/#website\"},\"primaryImageOfPage\":{\"@id\":\"https:\\\/\\\/equipvinyesdabad.com\\\/es\\\/rallys\\\/una-salida-de-pista-deja-sin-opciones-a-vinyes-mercader-hyundai-i20-rally2-en-leon\\\/#primaryimage\"},\"image\":{\"@id\":\"https:\\\/\\\/equipvinyesdabad.com\\\/es\\\/rallys\\\/una-salida-de-pista-deja-sin-opciones-a-vinyes-mercader-hyundai-i20-rally2-en-leon\\\/#primaryimage\"},\"thumbnailUrl\":\"https:\\\/\\\/equipvinyesdabad.com\\\/wp-content\\\/uploads\\\/2024\\\/05\\\/01ViLeon4435.jpg\",\"datePublished\":\"2024-05-20T00:00:00+00:00\",\"dateModified\":\"2024-10-22T08:50:57+00:00\",\"author\":{\"@id\":\"https:\\\/\\\/equipvinyesdabad.com\\\/es\\\/#\\\/schema\\\/person\\\/962b4c681d63fd4fbd546ec83b775c1b\"},\"breadcrumb\":{\"@id\":\"https:\\\/\\\/equipvinyesdabad.com\\\/es\\\/rallys\\\/una-salida-de-pista-deja-sin-opciones-a-vinyes-mercader-hyundai-i20-rally2-en-leon\\\/#breadcrumb\"},\"inLanguage\":\"es\",\"potentialAction\":[{\"@type\":\"ReadAction\",\"target\":[\"https:\\\/\\\/equipvinyesdabad.com\\\/es\\\/rallys\\\/una-salida-de-pista-deja-sin-opciones-a-vinyes-mercader-hyundai-i20-rally2-en-leon\\\/\"]}]},{\"@type\":\"ImageObject\",\"inLanguage\":\"es\",\"@id\":\"https:\\\/\\\/equipvinyesdabad.com\\\/es\\\/rallys\\\/una-salida-de-pista-deja-sin-opciones-a-vinyes-mercader-hyundai-i20-rally2-en-leon\\\/#primaryimage\",\"url\":\"https:\\\/\\\/equipvinyesdabad.com\\\/wp-content\\\/uploads\\\/2024\\\/05\\\/01ViLeon4435.jpg\",\"contentUrl\":\"https:\\\/\\\/equipvinyesdabad.com\\\/wp-content\\\/uploads\\\/2024\\\/05\\\/01ViLeon4435.jpg\"},{\"@type\":\"BreadcrumbList\",\"@id\":\"https:\\\/\\\/equipvinyesdabad.com\\\/es\\\/rallys\\\/una-salida-de-pista-deja-sin-opciones-a-vinyes-mercader-hyundai-i20-rally2-en-leon\\\/#breadcrumb\",\"itemListElement\":[{\"@type\":\"ListItem\",\"position\":1,\"name\":\"Inicio\",\"item\":\"https:\\\/\\\/equipvinyesdabad.com\\\/es\\\/\"},{\"@type\":\"ListItem\",\"position\":2,\"name\":\"Una salida de pista deja sin opciones a Vinyes &#8211; Mercader (Hyundai i20 Rally2) en Le\u00f3n.\"}]},{\"@type\":\"WebSite\",\"@id\":\"https:\\\/\\\/equipvinyesdabad.com\\\/es\\\/#website\",\"url\":\"https:\\\/\\\/equipvinyesdabad.com\\\/es\\\/\",\"name\":\"Equip vinyes dabad\",\"description\":\"\",\"potentialAction\":[{\"@type\":\"SearchAction\",\"target\":{\"@type\":\"EntryPoint\",\"urlTemplate\":\"https:\\\/\\\/equipvinyesdabad.com\\\/es\\\/?s={search_term_string}\"},\"query-input\":{\"@type\":\"PropertyValueSpecification\",\"valueRequired\":true,\"valueName\":\"search_term_string\"}}],\"inLanguage\":\"es\"},{\"@type\":\"Person\",\"@id\":\"https:\\\/\\\/equipvinyesdabad.com\\\/es\\\/#\\\/schema\\\/person\\\/962b4c681d63fd4fbd546ec83b775c1b\",\"name\":\"admin\",\"image\":{\"@type\":\"ImageObject\",\"inLanguage\":\"es\",\"@id\":\"https:\\\/\\\/secure.gravatar.com\\\/avatar\\\/6d1c6cfbf1c3aed75f7a05f946b76867c29d677b49f81545b6b9bc58677b08a0?s=96&d=mm&r=g\",\"url\":\"https:\\\/\\\/secure.gravatar.com\\\/avatar\\\/6d1c6cfbf1c3aed75f7a05f946b76867c29d677b49f81545b6b9bc58677b08a0?s=96&d=mm&r=g\",\"contentUrl\":\"https:\\\/\\\/secure.gravatar.com\\\/avatar\\\/6d1c6cfbf1c3aed75f7a05f946b76867c29d677b49f81545b6b9bc58677b08a0?s=96&d=mm&r=g\",\"caption\":\"admin\"},\"sameAs\":[\"https:\\\/\\\/equipvinyesdabad.com\"],\"url\":\"https:\\\/\\\/equipvinyesdabad.com\\\/es\\\/author\\\/web1\\\/\"}]}<\/script>\n<!-- \/ Yoast SEO plugin. -->","yoast_head_json":{"title":"Una salida de pista deja sin opciones a Vinyes - Mercader (Hyundai i20 Rally2) en Le\u00f3n. - Equip vinyes dabad","robots":{"index":"index","follow":"follow","max-snippet":"max-snippet:-1","max-image-preview":"max-image-preview:large","max-video-preview":"max-video-preview:-1"},"canonical":"https:\/\/equipvinyesdabad.com\/es\/rallys\/una-salida-de-pista-deja-sin-opciones-a-vinyes-mercader-hyundai-i20-rally2-en-leon\/","og_locale":"es_ES","og_type":"article","og_title":"Una salida de pista deja sin opciones a Vinyes - Mercader (Hyundai i20 Rally2) en Le\u00f3n. - Equip vinyes dabad","og_description":"El Rally Reino de Le\u00f3n marcado por la intensa lluvia que cay\u00f3 en el escenario de la prueba.","og_url":"https:\/\/equipvinyesdabad.com\/es\/rallys\/una-salida-de-pista-deja-sin-opciones-a-vinyes-mercader-hyundai-i20-rally2-en-leon\/","og_site_name":"Equip vinyes dabad","article_published_time":"2024-05-20T00:00:00+00:00","article_modified_time":"2024-10-22T08:50:57+00:00","og_image":[{"width":250,"height":130,"url":"https:\/\/equipvinyesdabad.com\/wp-content\/uploads\/2024\/10\/logo_vinyes_dabad.png","type":"image\/png"}],"author":"admin","twitter_card":"summary_large_image","twitter_misc":{"Escrito por":"admin","Tiempo de lectura":"6 minutos"},"schema":{"@context":"https:\/\/schema.org","@graph":[{"@type":"Article","@id":"https:\/\/equipvinyesdabad.com\/es\/rallys\/una-salida-de-pista-deja-sin-opciones-a-vinyes-mercader-hyundai-i20-rally2-en-leon\/#article","isPartOf":{"@id":"https:\/\/equipvinyesdabad.com\/es\/rallys\/una-salida-de-pista-deja-sin-opciones-a-vinyes-mercader-hyundai-i20-rally2-en-leon\/"},"author":{"name":"admin","@id":"https:\/\/equipvinyesdabad.com\/es\/#\/schema\/person\/962b4c681d63fd4fbd546ec83b775c1b"},"headline":"Una salida de pista deja sin opciones a Vinyes &#8211; Mercader (Hyundai i20 Rally2) en Le\u00f3n.","datePublished":"2024-05-20T00:00:00+00:00","dateModified":"2024-10-22T08:50:57+00:00","mainEntityOfPage":{"@id":"https:\/\/equipvinyesdabad.com\/es\/rallys\/una-salida-de-pista-deja-sin-opciones-a-vinyes-mercader-hyundai-i20-rally2-en-leon\/"},"wordCount":1235,"image":{"@id":"https:\/\/equipvinyesdabad.com\/es\/rallys\/una-salida-de-pista-deja-sin-opciones-a-vinyes-mercader-hyundai-i20-rally2-en-leon\/#primaryimage"},"thumbnailUrl":"https:\/\/equipvinyesdabad.com\/wp-content\/uploads\/2024\/05\/01ViLeon4435.jpg","articleSection":["Rallys","Rallys tierra"],"inLanguage":"es"},{"@type":"WebPage","@id":"https:\/\/equipvinyesdabad.com\/es\/rallys\/una-salida-de-pista-deja-sin-opciones-a-vinyes-mercader-hyundai-i20-rally2-en-leon\/","url":"https:\/\/equipvinyesdabad.com\/es\/rallys\/una-salida-de-pista-deja-sin-opciones-a-vinyes-mercader-hyundai-i20-rally2-en-leon\/","name":"Una salida de pista deja sin opciones a Vinyes - Mercader (Hyundai i20 Rally2) en Le\u00f3n. - Equip vinyes dabad","isPartOf":{"@id":"https:\/\/equipvinyesdabad.com\/es\/#website"},"primaryImageOfPage":{"@id":"https:\/\/equipvinyesdabad.com\/es\/rallys\/una-salida-de-pista-deja-sin-opciones-a-vinyes-mercader-hyundai-i20-rally2-en-leon\/#primaryimage"},"image":{"@id":"https:\/\/equipvinyesdabad.com\/es\/rallys\/una-salida-de-pista-deja-sin-opciones-a-vinyes-mercader-hyundai-i20-rally2-en-leon\/#primaryimage"},"thumbnailUrl":"https:\/\/equipvinyesdabad.com\/wp-content\/uploads\/2024\/05\/01ViLeon4435.jpg","datePublished":"2024-05-20T00:00:00+00:00","dateModified":"2024-10-22T08:50:57+00:00","author":{"@id":"https:\/\/equipvinyesdabad.com\/es\/#\/schema\/person\/962b4c681d63fd4fbd546ec83b775c1b"},"breadcrumb":{"@id":"https:\/\/equipvinyesdabad.com\/es\/rallys\/una-salida-de-pista-deja-sin-opciones-a-vinyes-mercader-hyundai-i20-rally2-en-leon\/#breadcrumb"},"inLanguage":"es","potentialAction":[{"@type":"ReadAction","target":["https:\/\/equipvinyesdabad.com\/es\/rallys\/una-salida-de-pista-deja-sin-opciones-a-vinyes-mercader-hyundai-i20-rally2-en-leon\/"]}]},{"@type":"ImageObject","inLanguage":"es","@id":"https:\/\/equipvinyesdabad.com\/es\/rallys\/una-salida-de-pista-deja-sin-opciones-a-vinyes-mercader-hyundai-i20-rally2-en-leon\/#primaryimage","url":"https:\/\/equipvinyesdabad.com\/wp-content\/uploads\/2024\/05\/01ViLeon4435.jpg","contentUrl":"https:\/\/equipvinyesdabad.com\/wp-content\/uploads\/2024\/05\/01ViLeon4435.jpg"},{"@type":"BreadcrumbList","@id":"https:\/\/equipvinyesdabad.com\/es\/rallys\/una-salida-de-pista-deja-sin-opciones-a-vinyes-mercader-hyundai-i20-rally2-en-leon\/#breadcrumb","itemListElement":[{"@type":"ListItem","position":1,"name":"Inicio","item":"https:\/\/equipvinyesdabad.com\/es\/"},{"@type":"ListItem","position":2,"name":"Una salida de pista deja sin opciones a Vinyes &#8211; Mercader (Hyundai i20 Rally2) en Le\u00f3n."}]},{"@type":"WebSite","@id":"https:\/\/equipvinyesdabad.com\/es\/#website","url":"https:\/\/equipvinyesdabad.com\/es\/","name":"Equip vinyes dabad","description":"","potentialAction":[{"@type":"SearchAction","target":{"@type":"EntryPoint","urlTemplate":"https:\/\/equipvinyesdabad.com\/es\/?s={search_term_string}"},"query-input":{"@type":"PropertyValueSpecification","valueRequired":true,"valueName":"search_term_string"}}],"inLanguage":"es"},{"@type":"Person","@id":"https:\/\/equipvinyesdabad.com\/es\/#\/schema\/person\/962b4c681d63fd4fbd546ec83b775c1b","name":"admin","image":{"@type":"ImageObject","inLanguage":"es","@id":"https:\/\/secure.gravatar.com\/avatar\/6d1c6cfbf1c3aed75f7a05f946b76867c29d677b49f81545b6b9bc58677b08a0?s=96&d=mm&r=g","url":"https:\/\/secure.gravatar.com\/avatar\/6d1c6cfbf1c3aed75f7a05f946b76867c29d677b49f81545b6b9bc58677b08a0?s=96&d=mm&r=g","contentUrl":"https:\/\/secure.gravatar.com\/avatar\/6d1c6cfbf1c3aed75f7a05f946b76867c29d677b49f81545b6b9bc58677b08a0?s=96&d=mm&r=g","caption":"admin"},"sameAs":["https:\/\/equipvinyesdabad.com"],"url":"https:\/\/equipvinyesdabad.com\/es\/author\/web1\/"}]}},"_links":{"self":[{"href":"https:\/\/equipvinyesdabad.com\/es\/wp-json\/wp\/v2\/posts\/1912","targetHints":{"allow":["GET"]}}],"collection":[{"href":"https:\/\/equipvinyesdabad.com\/es\/wp-json\/wp\/v2\/posts"}],"about":[{"href":"https:\/\/equipvinyesdabad.com\/es\/wp-json\/wp\/v2\/types\/post"}],"author":[{"embeddable":true,"href":"https:\/\/equipvinyesdabad.com\/es\/wp-json\/wp\/v2\/users\/1"}],"replies":[{"embeddable":true,"href":"https:\/\/equipvinyesdabad.com\/es\/wp-json\/wp\/v2\/comments?post=1912"}],"version-history":[{"count":2,"href":"https:\/\/equipvinyesdabad.com\/es\/wp-json\/wp\/v2\/posts\/1912\/revisions"}],"predecessor-version":[{"id":3561,"href":"https:\/\/equipvinyesdabad.com\/es\/wp-json\/wp\/v2\/posts\/1912\/revisions\/3561"}],"wp:featuredmedia":[{"embeddable":true,"href":"https:\/\/equipvinyesdabad.com\/es\/wp-json\/wp\/v2\/media\/1415"}],"wp:attachment":[{"href":"https:\/\/equipvinyesdabad.com\/es\/wp-json\/wp\/v2\/media?parent=1912"}],"wp:term":[{"taxonomy":"category","embeddable":true,"href":"https:\/\/equipvinyesdabad.com\/es\/wp-json\/wp\/v2\/categories?post=1912"},{"taxonomy":"post_tag","embeddable":true,"href":"https:\/\/equipvinyesdabad.com\/es\/wp-json\/wp\/v2\/tags?post=1912"}],"curies":[{"name":"wp","href":"https:\/\/api.w.org\/{rel}","templated":true}]}}