{"id":1976,"date":"2023-06-05T00:00:00","date_gmt":"2023-06-05T00:00:00","guid":{"rendered":"https:\/\/equipvinyesdabad.com\/?p=1976"},"modified":"2024-10-22T08:51:00","modified_gmt":"2024-10-22T08:51:00","slug":"joan-vinyes-jordi-mercader-muy-cerca-del-triunfo-en-el-iii-rally-reino-de-leon","status":"publish","type":"post","link":"https:\/\/equipvinyesdabad.com\/es\/rallys\/joan-vinyes-jordi-mercader-muy-cerca-del-triunfo-en-el-iii-rally-reino-de-leon\/","title":{"rendered":"Joan Vinyes-Jordi Mercader muy cerca del triunfo en el III Rally Reino de Le\u00f3n."},"content":{"rendered":"<p style=\"text-align: justify\"><strong style=\"font-size: small\">En Le&oacute;n, la meteorolog&iacute;a vari&oacute;, durante el fin de semana, el trazado de las especiales de manera constante.<\/strong><\/p>\n<div class=\"translate-tooltip-mtz translator-hidden\" style=\"text-align: justify\">\n<div class=\"header-controls\">&nbsp;<\/div>\n<\/div>\n<div class=\"header-controls\" style=\"text-align: justify\">&nbsp;<\/div>\n<div class=\"header-controls\">\n<p class=\"p1\" style=\"text-align: justify\"><strong>Joan VInyes &#8211; Jordi Mercader (Hyundai Rally2 R5 &#8211; Team Rallycar) consiguieron la segunda plaza de la clasificaci&oacute;n final del III Rally Reino de Le&oacute;n, tercera prueba del calendario de la Copa de Espa&ntilde;a de Rallys de tierra. Los pilotos de Hyundai-Andorra estuvieron al frente de la provisional del rally durante buena parte de la segunda etapa, pero en un final disputado en condiciones ca&oacute;ticas no pudieron concretar el triunfo. <span class=\"Apple-converted-space\">&nbsp;<\/span><\/strong><\/p>\n<p class=\"p1\" style=\"text-align: justify\"><strong>Vinyes nos resum&iacute;a de esta manera un rally que se complic&oacute; hasta l&iacute;mites insospechados: <em>&ldquo;En los reconocimientos ya pudimos observar que las lluvias ca&iacute;das en jornadas anteriores hab&iacute;an deteriorado el estado de las pistas (agujeros y mucha grava suelta en la pista). Otras zonas estaban completamente secas y con gran cantidad de polvo. Adem&aacute;s la amenaza de lluvia fue constante. Marcamos el scratch en 5 de las especiales disputadas y fuimos l&iacute;deres de la provisional hasta que faltaban 4 especiales para el final. Un trompo y el caos final jugaron en contra de nuestros intereses&rdquo;.<\/em><\/strong><\/p>\n<p class=\"p1\" style=\"text-align: justify\"><strong>La climatolog&iacute;a condiciona la elecci&oacute;n de la posici&oacute;n de salida.<br \/><\/strong>El &ldquo;shakedown&rdquo;, una especial muy rota de 4 km, se inici&oacute; con un calor sofocante, pero con la amenaza de<span class=\"Apple-converted-space\">&nbsp; <\/span>lluvia muy presente. Se completaron las dos horas del test sin contratiempos. Vinyes-Mercader hicieron las tres pasadas previstas haciendo los cambios que consideraron oportunos con la informaci&oacute;n recogida en los reconocimientos de las especiales. <span class=\"Apple-converted-space\">&nbsp; &nbsp;<\/span><\/p>\n<p class=\"p1\" style=\"text-align: justify\">El tiempo de los pilotos del Team Rallycar en el<strong> tramo de calificaci&oacute;n fue 2&rsquo;56&rdquo;783, <\/strong>ocupando una cuarta posici&oacute;n en la clasificaci&oacute;n que satisfac&iacute;a a Vinyes, todo lo contrario que el crono mencionado: <strong><em>&ldquo;Me han superado por 3&rdquo;, y la verdad es que no me lo explico. En mi opini&oacute;n, hemos hecho una pasada a buen ritmo y sin cometer errores. En fin el crono dicta sentencia, la realidad es la que es. Con todo he podido escoger salir en la novena plaza, una posici&oacute;n correcta teniendo en cuenta que, seg&uacute;n las previsiones, comenzaremos el rally con los tramos secos, con mucho polvo, pero sin barro &#8230; Mejor que no llueva. &rdquo;. <\/em><span class=\"Apple-converted-space\">&nbsp;<\/span><\/strong><\/p>\n<p class=\"p1\" style=\"text-align: justify\">A partir de las 19:00 horas se inici&oacute; el rally, con la meteorolog&iacute;a respetando a los pilotos y a los presentes en las cronometradas y en consecuencia con mucho polvo, sobre todo en la especial A, y una gran cantidad de piedra suelta y agujeros en las pistas.<\/p>\n<p class=\"p1\" style=\"text-align: justify\">Los pilotos de Hyundai-Andorra marcaron el scratch en la especial inicial mientras que en la siguiente se situaron en la tercera plaza, acabando esta <strong>primera etapa<\/strong> en la <strong>segunda posici&oacute;n<\/strong> absoluta a 2&rdquo;200 de los l&iacute;deres del rally, Oriol G&oacute;mez-Andres Blanco.<\/p>\n<p class=\"p1\" style=\"text-align: justify\">Antes de celebrarse la ceremonia de salida, en la Plaza San Marcos, Vinyes nos hizo este comentario: <strong><em>&ldquo;Excelentes sensaciones en las dos especiales disputadas esta tarde. Todo se ha desarrollado seg&uacute;n lo previsto, hemos marcado nuestro primer scratch y esto siempre da confianza. Ma&ntilde;ana saldremos en segunda posici&oacute;n, no s&eacute; si ser&aacute; mejor o peor, pero saldremos a por el triunfo desde el inicio&rdquo;.<\/em><\/strong><span class=\"Apple-converted-space\">&nbsp; &nbsp;<\/span>&nbsp;<\/p>\n<p class=\"p1\" style=\"text-align: justify\"><strong>La recta final del rally marcada por una lluvia torrencial.<br \/><\/strong>A pesar de que durante la noche llovi&oacute; y el estado de las pistas era toda un inc&oacute;gnita, Vinyes cumpli&oacute; con lo comentado al final de la primera etapa y comenz&oacute; al ataque. Marc&oacute; <strong>tres scratch<\/strong> en las <strong>tres primeras especiales del d&iacute;a<\/strong> y se situ&oacute; l&iacute;der de la clasificaci&oacute;n absoluta.<\/p>\n<p class=\"p1\" style=\"text-align: justify\">Mantuvo el primer puesto hasta el primer paso por la especial D (octava<span class=\"Apple-converted-space\">&nbsp; <\/span>cronometrada de la prueba), un trompo en esta cronometrada le hizo perder un tiempo precioso y el liderato. Qued&oacute; situado en la segunda plaza a 1&rdquo;4 del l&iacute;der (Quintana-Martinez).<\/p>\n<p class=\"p1\" style=\"text-align: justify\">A partir de este instante, la neutralizaci&oacute;n de la siguiente especial (B3), la disputa del segundo paso por la especial D y la especial urbana, las dos en condiciones dantescas, no fueron el escenario apropiado para recuperar la posici&oacute;n de privilegio que los pilotos del Team Rallycar ocuparon durante buena parte del d&iacute;a. La lluvia dej&oacute; la D2 muy complicada, la parte inicial seca, la intermedia con grandes charcos de agua y la final de nuevo sin una gota del l&iacute;quido elemento. Seg&uacute;n Vinyes: <strong><em>&ldquo;Salimos con ruedas duras y, visto lo visto, con blandas hubi&eacute;ramos ido mejor&rdquo;.<\/em><\/strong><span class=\"Apple-converted-space\">&nbsp;<\/span>&nbsp;<\/p>\n<p class=\"p1\" style=\"text-align: justify\">A pesar de la decepci&oacute;n que conlleva perder el triunfo cuando est&aacute; tan cerca, Vinyes opinaba: <strong><em>&ldquo;Me voy de Le&oacute;n muy contento de como se ha desarrollado la prueba. Le estoy cogiendo confianza al Hyundai, sobre todo en las zonas complicadas. Con todo, soy consciente que debo seguir trabajando para conocer al 100% esta mec&aacute;nica, pero estamos mejorando en cada prueba. En el pr&oacute;ximo rally lo volveremos a intentar&rdquo;.<span class=\"Apple-converted-space\">&nbsp;<\/span><\/em><\/strong>&nbsp;<\/p>\n<p class=\"p1\" style=\"text-align: justify\"><strong>Clasificaci&oacute;n final del III Rally Reino de Le&oacute;n (Copa de Espa&ntilde;a de Rallys de tierra).<\/strong><\/p>\n<p class=\"p1\" style=\"text-align: justify\"><strong>1.<\/strong> Quintana-Martinez (Skoda Fabia Rally2), 59&rsquo;24&rdquo;900, <strong>2.<\/strong> <strong><em>Vinyes-Mercader (Hyundai i20 Rally2), 24&rdquo;500,<\/em><\/strong>, <strong>3.<\/strong> Vidales-Hereu (Skoda Fabia Rally2), a 1&rsquo;32&rdquo;300, <strong>4.<\/strong> Alonso-Sanchez (Citro&euml;n C3 Rally2), a 2&rsquo;16&rdquo;300, <strong>5.<\/strong> Macias-Portela (Skoda Fabia N5), a 2&rsquo;36&rdquo;900.&nbsp;<\/p>\n<p class=\"p3\">&nbsp;<\/p>\n<p class=\"p3\">&nbsp;<\/p>\n<p class=\"p4\" style=\"text-align: right\">Servicio de prensa.<\/p>\n<\/div>\n","protected":false},"excerpt":{"rendered":"<p>En Le\u00f3n, la meteorolog\u00eda vari\u00f3, durante el fin de semana, el trazado de las especiales de manera constante.<\/p>\n","protected":false},"author":1,"featured_media":1448,"comment_status":"closed","ping_status":"closed","sticky":false,"template":"","format":"standard","meta":{"_kadence_starter_templates_imported_post":false,"_kad_post_transparent":"","_kad_post_title":"","_kad_post_layout":"","_kad_post_sidebar_id":"","_kad_post_content_style":"","_kad_post_vertical_padding":"","_kad_post_feature":"","_kad_post_feature_position":"","_kad_post_header":false,"_kad_post_footer":false,"_kad_post_classname":"","footnotes":""},"categories":[46,47],"tags":[],"class_list":["post-1976","post","type-post","status-publish","format-standard","has-post-thumbnail","hentry","category-rallys","category-rallys-tierra"],"yoast_head":"<!-- This site is optimized with the Yoast SEO plugin v27.4 - https:\/\/yoast.com\/product\/yoast-seo-wordpress\/ -->\n<title>Joan Vinyes-Jordi Mercader muy cerca del triunfo en el III Rally Reino de Le\u00f3n. - Equip vinyes dabad<\/title>\n<meta name=\"robots\" content=\"index, follow, max-snippet:-1, max-image-preview:large, max-video-preview:-1\" \/>\n<link rel=\"canonical\" href=\"https:\/\/equipvinyesdabad.com\/es\/rallys\/joan-vinyes-jordi-mercader-muy-cerca-del-triunfo-en-el-iii-rally-reino-de-leon\/\" \/>\n<meta property=\"og:locale\" content=\"es_ES\" \/>\n<meta property=\"og:type\" content=\"article\" \/>\n<meta property=\"og:title\" content=\"Joan Vinyes-Jordi Mercader muy cerca del triunfo en el III Rally Reino de Le\u00f3n. - Equip vinyes dabad\" \/>\n<meta property=\"og:description\" content=\"En Le\u00f3n, la meteorolog\u00eda vari\u00f3, durante el fin de semana, el trazado de las especiales de manera constante.\" \/>\n<meta property=\"og:url\" content=\"https:\/\/equipvinyesdabad.com\/es\/rallys\/joan-vinyes-jordi-mercader-muy-cerca-del-triunfo-en-el-iii-rally-reino-de-leon\/\" \/>\n<meta property=\"og:site_name\" content=\"Equip vinyes dabad\" \/>\n<meta property=\"article:published_time\" content=\"2023-06-05T00:00:00+00:00\" \/>\n<meta property=\"article:modified_time\" content=\"2024-10-22T08:51:00+00:00\" \/>\n<meta property=\"og:image\" content=\"https:\/\/equipvinyesdabad.com\/wp-content\/uploads\/2024\/10\/logo_vinyes_dabad.png\" \/>\n\t<meta property=\"og:image:width\" content=\"250\" \/>\n\t<meta property=\"og:image:height\" content=\"130\" \/>\n\t<meta property=\"og:image:type\" content=\"image\/png\" \/>\n<meta name=\"author\" content=\"admin\" \/>\n<meta name=\"twitter:card\" content=\"summary_large_image\" \/>\n<meta name=\"twitter:label1\" content=\"Escrito por\" \/>\n\t<meta name=\"twitter:data1\" content=\"admin\" \/>\n\t<meta name=\"twitter:label2\" content=\"Tiempo de lectura\" \/>\n\t<meta name=\"twitter:data2\" content=\"5 minutos\" \/>\n<script type=\"application\/ld+json\" class=\"yoast-schema-graph\">{\"@context\":\"https:\\\/\\\/schema.org\",\"@graph\":[{\"@type\":\"Article\",\"@id\":\"https:\\\/\\\/equipvinyesdabad.com\\\/es\\\/rallys\\\/joan-vinyes-jordi-mercader-muy-cerca-del-triunfo-en-el-iii-rally-reino-de-leon\\\/#article\",\"isPartOf\":{\"@id\":\"https:\\\/\\\/equipvinyesdabad.com\\\/es\\\/rallys\\\/joan-vinyes-jordi-mercader-muy-cerca-del-triunfo-en-el-iii-rally-reino-de-leon\\\/\"},\"author\":{\"name\":\"admin\",\"@id\":\"https:\\\/\\\/equipvinyesdabad.com\\\/es\\\/#\\\/schema\\\/person\\\/962b4c681d63fd4fbd546ec83b775c1b\"},\"headline\":\"Joan Vinyes-Jordi Mercader muy cerca del triunfo en el III Rally Reino de Le\u00f3n.\",\"datePublished\":\"2023-06-05T00:00:00+00:00\",\"dateModified\":\"2024-10-22T08:51:00+00:00\",\"mainEntityOfPage\":{\"@id\":\"https:\\\/\\\/equipvinyesdabad.com\\\/es\\\/rallys\\\/joan-vinyes-jordi-mercader-muy-cerca-del-triunfo-en-el-iii-rally-reino-de-leon\\\/\"},\"wordCount\":982,\"image\":{\"@id\":\"https:\\\/\\\/equipvinyesdabad.com\\\/es\\\/rallys\\\/joan-vinyes-jordi-mercader-muy-cerca-del-triunfo-en-el-iii-rally-reino-de-leon\\\/#primaryimage\"},\"thumbnailUrl\":\"https:\\\/\\\/equipvinyesdabad.com\\\/wp-content\\\/uploads\\\/2023\\\/06\\\/03ViLeon8271.jpg\",\"articleSection\":[\"Rallys\",\"Rallys tierra\"],\"inLanguage\":\"es\"},{\"@type\":\"WebPage\",\"@id\":\"https:\\\/\\\/equipvinyesdabad.com\\\/es\\\/rallys\\\/joan-vinyes-jordi-mercader-muy-cerca-del-triunfo-en-el-iii-rally-reino-de-leon\\\/\",\"url\":\"https:\\\/\\\/equipvinyesdabad.com\\\/es\\\/rallys\\\/joan-vinyes-jordi-mercader-muy-cerca-del-triunfo-en-el-iii-rally-reino-de-leon\\\/\",\"name\":\"Joan Vinyes-Jordi Mercader muy cerca del triunfo en el III Rally Reino de Le\u00f3n. - Equip vinyes dabad\",\"isPartOf\":{\"@id\":\"https:\\\/\\\/equipvinyesdabad.com\\\/es\\\/#website\"},\"primaryImageOfPage\":{\"@id\":\"https:\\\/\\\/equipvinyesdabad.com\\\/es\\\/rallys\\\/joan-vinyes-jordi-mercader-muy-cerca-del-triunfo-en-el-iii-rally-reino-de-leon\\\/#primaryimage\"},\"image\":{\"@id\":\"https:\\\/\\\/equipvinyesdabad.com\\\/es\\\/rallys\\\/joan-vinyes-jordi-mercader-muy-cerca-del-triunfo-en-el-iii-rally-reino-de-leon\\\/#primaryimage\"},\"thumbnailUrl\":\"https:\\\/\\\/equipvinyesdabad.com\\\/wp-content\\\/uploads\\\/2023\\\/06\\\/03ViLeon8271.jpg\",\"datePublished\":\"2023-06-05T00:00:00+00:00\",\"dateModified\":\"2024-10-22T08:51:00+00:00\",\"author\":{\"@id\":\"https:\\\/\\\/equipvinyesdabad.com\\\/es\\\/#\\\/schema\\\/person\\\/962b4c681d63fd4fbd546ec83b775c1b\"},\"breadcrumb\":{\"@id\":\"https:\\\/\\\/equipvinyesdabad.com\\\/es\\\/rallys\\\/joan-vinyes-jordi-mercader-muy-cerca-del-triunfo-en-el-iii-rally-reino-de-leon\\\/#breadcrumb\"},\"inLanguage\":\"es\",\"potentialAction\":[{\"@type\":\"ReadAction\",\"target\":[\"https:\\\/\\\/equipvinyesdabad.com\\\/es\\\/rallys\\\/joan-vinyes-jordi-mercader-muy-cerca-del-triunfo-en-el-iii-rally-reino-de-leon\\\/\"]}]},{\"@type\":\"ImageObject\",\"inLanguage\":\"es\",\"@id\":\"https:\\\/\\\/equipvinyesdabad.com\\\/es\\\/rallys\\\/joan-vinyes-jordi-mercader-muy-cerca-del-triunfo-en-el-iii-rally-reino-de-leon\\\/#primaryimage\",\"url\":\"https:\\\/\\\/equipvinyesdabad.com\\\/wp-content\\\/uploads\\\/2023\\\/06\\\/03ViLeon8271.jpg\",\"contentUrl\":\"https:\\\/\\\/equipvinyesdabad.com\\\/wp-content\\\/uploads\\\/2023\\\/06\\\/03ViLeon8271.jpg\"},{\"@type\":\"BreadcrumbList\",\"@id\":\"https:\\\/\\\/equipvinyesdabad.com\\\/es\\\/rallys\\\/joan-vinyes-jordi-mercader-muy-cerca-del-triunfo-en-el-iii-rally-reino-de-leon\\\/#breadcrumb\",\"itemListElement\":[{\"@type\":\"ListItem\",\"position\":1,\"name\":\"Inicio\",\"item\":\"https:\\\/\\\/equipvinyesdabad.com\\\/es\\\/\"},{\"@type\":\"ListItem\",\"position\":2,\"name\":\"Joan Vinyes-Jordi Mercader muy cerca del triunfo en el III Rally Reino de Le\u00f3n.\"}]},{\"@type\":\"WebSite\",\"@id\":\"https:\\\/\\\/equipvinyesdabad.com\\\/es\\\/#website\",\"url\":\"https:\\\/\\\/equipvinyesdabad.com\\\/es\\\/\",\"name\":\"Equip vinyes dabad\",\"description\":\"\",\"potentialAction\":[{\"@type\":\"SearchAction\",\"target\":{\"@type\":\"EntryPoint\",\"urlTemplate\":\"https:\\\/\\\/equipvinyesdabad.com\\\/es\\\/?s={search_term_string}\"},\"query-input\":{\"@type\":\"PropertyValueSpecification\",\"valueRequired\":true,\"valueName\":\"search_term_string\"}}],\"inLanguage\":\"es\"},{\"@type\":\"Person\",\"@id\":\"https:\\\/\\\/equipvinyesdabad.com\\\/es\\\/#\\\/schema\\\/person\\\/962b4c681d63fd4fbd546ec83b775c1b\",\"name\":\"admin\",\"image\":{\"@type\":\"ImageObject\",\"inLanguage\":\"es\",\"@id\":\"https:\\\/\\\/secure.gravatar.com\\\/avatar\\\/6d1c6cfbf1c3aed75f7a05f946b76867c29d677b49f81545b6b9bc58677b08a0?s=96&d=mm&r=g\",\"url\":\"https:\\\/\\\/secure.gravatar.com\\\/avatar\\\/6d1c6cfbf1c3aed75f7a05f946b76867c29d677b49f81545b6b9bc58677b08a0?s=96&d=mm&r=g\",\"contentUrl\":\"https:\\\/\\\/secure.gravatar.com\\\/avatar\\\/6d1c6cfbf1c3aed75f7a05f946b76867c29d677b49f81545b6b9bc58677b08a0?s=96&d=mm&r=g\",\"caption\":\"admin\"},\"sameAs\":[\"https:\\\/\\\/equipvinyesdabad.com\"],\"url\":\"https:\\\/\\\/equipvinyesdabad.com\\\/es\\\/author\\\/web1\\\/\"}]}<\/script>\n<!-- \/ Yoast SEO plugin. -->","yoast_head_json":{"title":"Joan Vinyes-Jordi Mercader muy cerca del triunfo en el III Rally Reino de Le\u00f3n. - Equip vinyes dabad","robots":{"index":"index","follow":"follow","max-snippet":"max-snippet:-1","max-image-preview":"max-image-preview:large","max-video-preview":"max-video-preview:-1"},"canonical":"https:\/\/equipvinyesdabad.com\/es\/rallys\/joan-vinyes-jordi-mercader-muy-cerca-del-triunfo-en-el-iii-rally-reino-de-leon\/","og_locale":"es_ES","og_type":"article","og_title":"Joan Vinyes-Jordi Mercader muy cerca del triunfo en el III Rally Reino de Le\u00f3n. - Equip vinyes dabad","og_description":"En Le\u00f3n, la meteorolog\u00eda vari\u00f3, durante el fin de semana, el trazado de las especiales de manera constante.","og_url":"https:\/\/equipvinyesdabad.com\/es\/rallys\/joan-vinyes-jordi-mercader-muy-cerca-del-triunfo-en-el-iii-rally-reino-de-leon\/","og_site_name":"Equip vinyes dabad","article_published_time":"2023-06-05T00:00:00+00:00","article_modified_time":"2024-10-22T08:51:00+00:00","og_image":[{"width":250,"height":130,"url":"https:\/\/equipvinyesdabad.com\/wp-content\/uploads\/2024\/10\/logo_vinyes_dabad.png","type":"image\/png"}],"author":"admin","twitter_card":"summary_large_image","twitter_misc":{"Escrito por":"admin","Tiempo de lectura":"5 minutos"},"schema":{"@context":"https:\/\/schema.org","@graph":[{"@type":"Article","@id":"https:\/\/equipvinyesdabad.com\/es\/rallys\/joan-vinyes-jordi-mercader-muy-cerca-del-triunfo-en-el-iii-rally-reino-de-leon\/#article","isPartOf":{"@id":"https:\/\/equipvinyesdabad.com\/es\/rallys\/joan-vinyes-jordi-mercader-muy-cerca-del-triunfo-en-el-iii-rally-reino-de-leon\/"},"author":{"name":"admin","@id":"https:\/\/equipvinyesdabad.com\/es\/#\/schema\/person\/962b4c681d63fd4fbd546ec83b775c1b"},"headline":"Joan Vinyes-Jordi Mercader muy cerca del triunfo en el III Rally Reino de Le\u00f3n.","datePublished":"2023-06-05T00:00:00+00:00","dateModified":"2024-10-22T08:51:00+00:00","mainEntityOfPage":{"@id":"https:\/\/equipvinyesdabad.com\/es\/rallys\/joan-vinyes-jordi-mercader-muy-cerca-del-triunfo-en-el-iii-rally-reino-de-leon\/"},"wordCount":982,"image":{"@id":"https:\/\/equipvinyesdabad.com\/es\/rallys\/joan-vinyes-jordi-mercader-muy-cerca-del-triunfo-en-el-iii-rally-reino-de-leon\/#primaryimage"},"thumbnailUrl":"https:\/\/equipvinyesdabad.com\/wp-content\/uploads\/2023\/06\/03ViLeon8271.jpg","articleSection":["Rallys","Rallys tierra"],"inLanguage":"es"},{"@type":"WebPage","@id":"https:\/\/equipvinyesdabad.com\/es\/rallys\/joan-vinyes-jordi-mercader-muy-cerca-del-triunfo-en-el-iii-rally-reino-de-leon\/","url":"https:\/\/equipvinyesdabad.com\/es\/rallys\/joan-vinyes-jordi-mercader-muy-cerca-del-triunfo-en-el-iii-rally-reino-de-leon\/","name":"Joan Vinyes-Jordi Mercader muy cerca del triunfo en el III Rally Reino de Le\u00f3n. - Equip vinyes dabad","isPartOf":{"@id":"https:\/\/equipvinyesdabad.com\/es\/#website"},"primaryImageOfPage":{"@id":"https:\/\/equipvinyesdabad.com\/es\/rallys\/joan-vinyes-jordi-mercader-muy-cerca-del-triunfo-en-el-iii-rally-reino-de-leon\/#primaryimage"},"image":{"@id":"https:\/\/equipvinyesdabad.com\/es\/rallys\/joan-vinyes-jordi-mercader-muy-cerca-del-triunfo-en-el-iii-rally-reino-de-leon\/#primaryimage"},"thumbnailUrl":"https:\/\/equipvinyesdabad.com\/wp-content\/uploads\/2023\/06\/03ViLeon8271.jpg","datePublished":"2023-06-05T00:00:00+00:00","dateModified":"2024-10-22T08:51:00+00:00","author":{"@id":"https:\/\/equipvinyesdabad.com\/es\/#\/schema\/person\/962b4c681d63fd4fbd546ec83b775c1b"},"breadcrumb":{"@id":"https:\/\/equipvinyesdabad.com\/es\/rallys\/joan-vinyes-jordi-mercader-muy-cerca-del-triunfo-en-el-iii-rally-reino-de-leon\/#breadcrumb"},"inLanguage":"es","potentialAction":[{"@type":"ReadAction","target":["https:\/\/equipvinyesdabad.com\/es\/rallys\/joan-vinyes-jordi-mercader-muy-cerca-del-triunfo-en-el-iii-rally-reino-de-leon\/"]}]},{"@type":"ImageObject","inLanguage":"es","@id":"https:\/\/equipvinyesdabad.com\/es\/rallys\/joan-vinyes-jordi-mercader-muy-cerca-del-triunfo-en-el-iii-rally-reino-de-leon\/#primaryimage","url":"https:\/\/equipvinyesdabad.com\/wp-content\/uploads\/2023\/06\/03ViLeon8271.jpg","contentUrl":"https:\/\/equipvinyesdabad.com\/wp-content\/uploads\/2023\/06\/03ViLeon8271.jpg"},{"@type":"BreadcrumbList","@id":"https:\/\/equipvinyesdabad.com\/es\/rallys\/joan-vinyes-jordi-mercader-muy-cerca-del-triunfo-en-el-iii-rally-reino-de-leon\/#breadcrumb","itemListElement":[{"@type":"ListItem","position":1,"name":"Inicio","item":"https:\/\/equipvinyesdabad.com\/es\/"},{"@type":"ListItem","position":2,"name":"Joan Vinyes-Jordi Mercader muy cerca del triunfo en el III Rally Reino de Le\u00f3n."}]},{"@type":"WebSite","@id":"https:\/\/equipvinyesdabad.com\/es\/#website","url":"https:\/\/equipvinyesdabad.com\/es\/","name":"Equip vinyes dabad","description":"","potentialAction":[{"@type":"SearchAction","target":{"@type":"EntryPoint","urlTemplate":"https:\/\/equipvinyesdabad.com\/es\/?s={search_term_string}"},"query-input":{"@type":"PropertyValueSpecification","valueRequired":true,"valueName":"search_term_string"}}],"inLanguage":"es"},{"@type":"Person","@id":"https:\/\/equipvinyesdabad.com\/es\/#\/schema\/person\/962b4c681d63fd4fbd546ec83b775c1b","name":"admin","image":{"@type":"ImageObject","inLanguage":"es","@id":"https:\/\/secure.gravatar.com\/avatar\/6d1c6cfbf1c3aed75f7a05f946b76867c29d677b49f81545b6b9bc58677b08a0?s=96&d=mm&r=g","url":"https:\/\/secure.gravatar.com\/avatar\/6d1c6cfbf1c3aed75f7a05f946b76867c29d677b49f81545b6b9bc58677b08a0?s=96&d=mm&r=g","contentUrl":"https:\/\/secure.gravatar.com\/avatar\/6d1c6cfbf1c3aed75f7a05f946b76867c29d677b49f81545b6b9bc58677b08a0?s=96&d=mm&r=g","caption":"admin"},"sameAs":["https:\/\/equipvinyesdabad.com"],"url":"https:\/\/equipvinyesdabad.com\/es\/author\/web1\/"}]}},"_links":{"self":[{"href":"https:\/\/equipvinyesdabad.com\/es\/wp-json\/wp\/v2\/posts\/1976","targetHints":{"allow":["GET"]}}],"collection":[{"href":"https:\/\/equipvinyesdabad.com\/es\/wp-json\/wp\/v2\/posts"}],"about":[{"href":"https:\/\/equipvinyesdabad.com\/es\/wp-json\/wp\/v2\/types\/post"}],"author":[{"embeddable":true,"href":"https:\/\/equipvinyesdabad.com\/es\/wp-json\/wp\/v2\/users\/1"}],"replies":[{"embeddable":true,"href":"https:\/\/equipvinyesdabad.com\/es\/wp-json\/wp\/v2\/comments?post=1976"}],"version-history":[{"count":2,"href":"https:\/\/equipvinyesdabad.com\/es\/wp-json\/wp\/v2\/posts\/1976\/revisions"}],"predecessor-version":[{"id":3625,"href":"https:\/\/equipvinyesdabad.com\/es\/wp-json\/wp\/v2\/posts\/1976\/revisions\/3625"}],"wp:featuredmedia":[{"embeddable":true,"href":"https:\/\/equipvinyesdabad.com\/es\/wp-json\/wp\/v2\/media\/1448"}],"wp:attachment":[{"href":"https:\/\/equipvinyesdabad.com\/es\/wp-json\/wp\/v2\/media?parent=1976"}],"wp:term":[{"taxonomy":"category","embeddable":true,"href":"https:\/\/equipvinyesdabad.com\/es\/wp-json\/wp\/v2\/categories?post=1976"},{"taxonomy":"post_tag","embeddable":true,"href":"https:\/\/equipvinyesdabad.com\/es\/wp-json\/wp\/v2\/tags?post=1976"}],"curies":[{"name":"wp","href":"https:\/\/api.w.org\/{rel}","templated":true}]}}