{"id":1980,"date":"2023-04-30T00:00:00","date_gmt":"2023-04-30T00:00:00","guid":{"rendered":"https:\/\/equipvinyesdabad.com\/?p=1980"},"modified":"2024-10-31T20:24:11","modified_gmt":"2024-10-31T20:24:11","slug":"joan-vinyes-volvio-a-subir-al-podio-del-circuito-de-spa-francorchamps","status":"publish","type":"post","link":"https:\/\/equipvinyesdabad.com\/es\/circuitos\/joan-vinyes-volvio-a-subir-al-podio-del-circuito-de-spa-francorchamps\/","title":{"rendered":"Joan Vinyes volvi\u00f3 a subir al podio del circuito de Spa-Francorchamps."},"content":{"rendered":"<div class=\"translate-tooltip-mtz translator-hidden\">\n<div class=\"header\">\n<div class=\"header-controls\" style=\"text-align: justify\"><span style=\"font-size: medium\"><strong>En esta ocasi&oacute;n logr&oacute; el tercer puesto en la carrera inicial de la Porsche Carrera Cup Benelux (Pro-Am).<\/strong><\/span><\/div>\n<\/div>\n<div class=\"header-controls\" style=\"text-align: justify\">&nbsp;<\/div>\n<\/div>\n<div class=\"header-controls\">\n<p class=\"p1\" style=\"text-align: justify\"><strong>Joan Vinyes debut&oacute; en la categor&iacute;a Pro-Am de la Porsche Carrera Cup Benelux, con un podio (tercera posici&oacute;n) muy trabajado en la primera carrera y el cuarto lugar en la segunda, ambas pruebas disputadas, finalmente, a 27&rsquo; + 1 vuelta y con unas condiciones climatol&oacute;gicas muy complicadas.<\/strong><\/p>\n<p class=\"p1\" style=\"text-align: justify\"><strong>Para el piloto andorrano, esta primera cita en el trazado de Stavelot le ha servido para sacar varias conclusiones para lo que ser&aacute; la presente edici&oacute;n de la Porsche Carrera Cup Benelux, as&iacute; lo comentaba: <em>&ldquo;El nivel de la presente edici&oacute;n de la Copa Benelux ha subido mucho en comparaci&oacute;n al del a&ntilde;o pasado, sobre todo en la categor&iacute;a Pro, con la llegada de pilotos j&oacute;venes, pero experimentados, que no dudan en carrera al afrontar cualquier situaci&oacute;n por complicada que sea. En el 2022 los de la categor&iacute;a Pro-Am pod&iacute;an entrar en el top10 de la clasificaci&oacute;n absoluta, este a&ntilde;o ser&aacute; mucho m&aacute;s complicado&rdquo;.<\/em><\/strong><\/p>\n<p class=\"p1\" style=\"text-align: justify\"><strong>Parece que en la Pro-Am, la igualdad tambi&eacute;n ser&aacute; una constante. <em>&ldquo;De los seis pilotos que subimos al podio tan solo uno (Ryan Ratcliffe) consigui&oacute; repetir en las dos carreras. Las diferencias m&iacute;nimas con que se saldaron los entrenamientos oficiales es otro detalle que demuestra que las posiciones de honor de las clasificaciones ser&aacute;n una tarea complicada de lograr. Con toda seguridad, nosotros estaremos en la lucha&rdquo;.<\/em> <\/strong><span class=\"Apple-converted-space\">&nbsp;<\/span><\/p>\n<p class=\"p1\" style=\"text-align: justify\"><strong>Entrenamientos oficiales: El piloto local Glorieux por delante. El resto en un pa&ntilde;uelo.<br \/><\/strong>A partir de este instante los cronos empezaron a ser decisivos para el desarrollo del meeting. Como esperaba Vinyes, las diferencias fueron m&iacute;nimas. La excepci&oacute;n fue el piloto local Didier Glorieux, que en su mejor vuelta, super&oacute; en 1&rdquo; a su rival m&aacute;s pr&oacute;ximo. A continuaci&oacute;n, cuatro pilotos en los que se encontraba Joan separados por d&eacute;cimas. Sin duda todo un &ldquo;mensaje&rdquo; para lo que podr&aacute;n ser las carreras, los adelantamientos seguro que ser&aacute;n complicados.<\/p>\n<p class=\"p1\" style=\"text-align: justify\">Cabe mencionar que, como es habitual en Spa, las penalizaciones por &ldquo;track limits&rdquo; (cuatro ruedas por fuera de la pista) fueron habituales. Fueron varios los pilotos que vieron anulados algunos de sus cronos por este motivo. <span class=\"Apple-converted-space\">&nbsp;<\/span><\/p>\n<p class=\"p1\" style=\"text-align: justify\"><strong>Clasificaciones.<br \/>Mejor vuelta: 1. <\/strong>Didier Glorieux, 2&rsquo;38&rdquo;995,<strong> 2. <\/strong>Ryan Ratcliffe, 2&rsquo;39&rdquo;986,<strong> 3. <\/strong>Aaron Mason, 2&rsquo;40&rdquo;116,<strong> 4. <\/strong>Sacha Norden, 2&rsquo;40&rdquo;119<strong>, 5. Joan VInyes, 2&rsquo;40&rdquo;529.<\/strong><\/p>\n<p class=\"p1\" style=\"text-align: justify\"><strong>Mejor 2a, vuelta: 1. <\/strong>Didier Glorieux, 2&rsquo;39&rdquo;321,<strong> 2.<\/strong>Ryan Ratcliffe, 2&rsquo;39&rdquo;994,<strong> 3. <\/strong>Sacha Norden, 2&rsquo;40&rdquo;601<strong>, 4. <\/strong>Aaron Mason, 2&rsquo;41&rdquo;174<strong>, 5. <\/strong>Jaime Font, 2&rsquo;41&rdquo;599<strong>, 6. Joan VInyes, 2&rsquo;41&rdquo;604.<\/strong><\/p>\n<p class=\"p1\" style=\"text-align: justify\"><strong>Carrera 1: Las tres &uacute;ltimas vueltas bajo la lluvia y detr&aacute;s del coche de seguridad (SC).<br \/><\/strong>En esta carrera inicial, la llegada a la primera curva del trazado (La Source) supuso el primer contratiempo para los organizadores. Un toque entre varios pilotos provoc&oacute; la primera salida del SC a la pista.<span class=\"Apple-converted-space\">&nbsp;<\/span><\/p>\n<p class=\"p1\" style=\"text-align: justify\">La habilidad de Vinyes fue b&aacute;sica para sortear los obst&aacute;culos que se fue encontrando y situarse desde inicio en la tercera posici&oacute;n entre los Pro-Am. Cuando el SC se retir&oacute; continuaron las hostilidades, no obstante el piloto de Baporo Motorsport pudo mantener la posici&oacute;n. Faltando tres vueltas para el final se puso a llover, tuvo que salir una vez m&aacute;s el SC, debido a varias salidas de pista y con veh&iacute;culos en posiciones comprometidas.<\/p>\n<p class=\"p1\" style=\"text-align: justify\">La situaci&oacute;n ya no volvi&oacute; a la normalidad y los que se manten&iacute;an en pista cruzaron la meta detr&aacute;s del coche de seguridad. As&iacute; pues, primer podio para Joan Vinyes en la Porsche Carrera Cup Benelux 2023.<span class=\"Apple-converted-space\">&nbsp; &nbsp;<\/span><\/p>\n<p class=\"p1\" style=\"text-align: justify\"><strong>Clasificaci&oacute;n Carrera 1 (27&rsquo; + 1 v).<span class=\"Apple-converted-space\"> <br \/><\/span>1. <\/strong>Ryan Ratcliffe, 32&rsquo;32&rdquo;923,<strong> 2. <\/strong>Didier Glorieux, a 0&rdquo;268,<strong> 3. Joan VInyes, a 3&rdquo;567, 4. <\/strong>Sacha Norden, a 3&rdquo;944,<strong> 5. <\/strong>Jaume Font, 8&rdquo;015<strong>.<\/strong><\/p>\n<p class=\"p1\" style=\"text-align: justify\"><strong>Carrera 2: <em>&ldquo;Hemos salvado una prueba muy complicada&rdquo;.<br \/><\/em><\/strong>Joan tom&oacute; la salida desde una posici&oacute;n un poco m&aacute;s retrasada (11a l&iacute;nea), pero esto no fue un handicap para que despu&eacute;s de las primeras vueltas, esta vez sin SC, estuviera ubicado en la tercera posici&oacute;n de su categor&iacute;a, fue en la vuelta 5.<span class=\"Apple-converted-space\">&nbsp;<\/span><\/p>\n<p class=\"p1\" style=\"text-align: justify\">A partir de este instante empezaron los problemas para Vinyes, un toque de un rival y el estado de la pista (se fue secando) hizo que no pudiera repetir la posici&oacute;n de podio.<span class=\"Apple-converted-space\">&nbsp;<\/span><\/p>\n<p class=\"p1\" style=\"text-align: justify\">A pesar de que cruz&oacute; al l&iacute;nea de meta en quinta posici&oacute;n entre los Pro-Am, una vez aplicadas las penalizaciones a algunos de sus rivales, qued&oacute; ubicado en una meritoria cuarta plaza.<\/p>\n<p class=\"p1\" style=\"text-align: justify\">El piloto andorrano se mostraba satisfecho con el resultado: <strong><em>&ldquo;Hemos salvado con un buen resultado una jornada muy complicada. En los momentos previos a la salida estaba lloviendo y en consecuencia el asfalto estaba mojado. Tomamos la salida con reglajes de lluvia y justo en este momento dej&oacute; de llover, a medida que avanzaba la carrera la pista se fue secando. Me costaba mucho girar, sin duda las &uacute;ltimas vueltas fueron un mal sue&ntilde;o&rdquo;.<span class=\"Apple-converted-space\">&nbsp;<\/span><\/em><\/strong><\/p>\n<p class=\"p1\" style=\"text-align: justify\"><strong>Clasificaci&oacute;n Carrera 2 (27&rsquo; + 1 v).<br \/>1. <\/strong>Aaron Mason, 30&rsquo;41&rdquo;676,<strong> 2. <\/strong>Sacha Norden, a 11&rdquo;224,<strong> 3. <\/strong>Ryan Ratcliffe, 12&rdquo;154,<strong> 4. Joan VInyes, a 16&rdquo;679, 5. <\/strong>Jaume Font, 19&rdquo;424<strong>.<\/strong><\/p>\n<p class=\"p1\" style=\"text-align: justify\">El <strong>segundo meeting<\/strong> de la Porsche Carrera Club Benelux 2023, tendr&aacute; como escenario el circuito de <strong>Hockenheim (Alemania), <\/strong>los <strong>d&iacute;as 9, 10 y 11 de junio.<span class=\"Apple-converted-space\">&nbsp;<\/span><\/strong><\/p>\n<p class=\"p3\">&nbsp;<\/p>\n<p class=\"p4\" style=\"text-align: right\"><strong><span style=\"font-size: medium\"><a href=\"https:\/\/www.infoesport.org\/ImgNoticia\/2023\/230429ViPCCBSpa2c.pdf\"><strong><span style=\"font-size: x-small\"><strong><strong><strong><strong><img loading=\"lazy\" decoding=\"async\" style=\"float: right\" src=\"http:\/\/www.infoesport.org\/auxiliar\/fot\/logos\/icono_pdf.gif\" alt=\"\" width=\"50\" height=\"50\" \/><\/strong><\/strong><\/strong><\/strong><\/span><\/strong><\/a><\/span><\/strong>Servicio de Prensa.<\/p>\n<p class=\"p2\">&nbsp;<\/p>\n<\/div>\n","protected":false},"excerpt":{"rendered":"<p>En esta ocasi\u00f3n logr\u00f3 el tercer puesto en la carrera inicial de la Porsche Carrera Cup Benelux (Pro-Am)<\/p>\n","protected":false},"author":1,"featured_media":1450,"comment_status":"closed","ping_status":"closed","sticky":false,"template":"","format":"standard","meta":{"_kadence_starter_templates_imported_post":false,"_kad_post_transparent":"","_kad_post_title":"","_kad_post_layout":"","_kad_post_sidebar_id":"","_kad_post_content_style":"","_kad_post_vertical_padding":"","_kad_post_feature":"","_kad_post_feature_position":"","_kad_post_header":false,"_kad_post_footer":false,"_kad_post_classname":"","footnotes":""},"categories":[52,92],"tags":[],"class_list":["post-1980","post","type-post","status-publish","format-standard","has-post-thumbnail","hentry","category-circuitos","category-circuitos-espana"],"yoast_head":"<!-- This site is optimized with the Yoast SEO plugin v27.4 - https:\/\/yoast.com\/product\/yoast-seo-wordpress\/ -->\n<title>Joan Vinyes volvi\u00f3 a subir al podio del circuito de Spa-Francorchamps. - Equip vinyes dabad<\/title>\n<meta name=\"robots\" content=\"index, follow, max-snippet:-1, max-image-preview:large, max-video-preview:-1\" \/>\n<link rel=\"canonical\" href=\"https:\/\/equipvinyesdabad.com\/es\/circuitos\/joan-vinyes-volvio-a-subir-al-podio-del-circuito-de-spa-francorchamps\/\" \/>\n<meta property=\"og:locale\" content=\"es_ES\" \/>\n<meta property=\"og:type\" content=\"article\" \/>\n<meta property=\"og:title\" content=\"Joan Vinyes volvi\u00f3 a subir al podio del circuito de Spa-Francorchamps. - Equip vinyes dabad\" \/>\n<meta property=\"og:description\" content=\"En esta ocasi\u00f3n logr\u00f3 el tercer puesto en la carrera inicial de la Porsche Carrera Cup Benelux (Pro-Am)\" \/>\n<meta property=\"og:url\" content=\"https:\/\/equipvinyesdabad.com\/es\/circuitos\/joan-vinyes-volvio-a-subir-al-podio-del-circuito-de-spa-francorchamps\/\" \/>\n<meta property=\"og:site_name\" content=\"Equip vinyes dabad\" \/>\n<meta property=\"article:published_time\" content=\"2023-04-30T00:00:00+00:00\" \/>\n<meta property=\"article:modified_time\" content=\"2024-10-31T20:24:11+00:00\" \/>\n<meta property=\"og:image\" content=\"https:\/\/equipvinyesdabad.com\/wp-content\/uploads\/2024\/10\/logo_vinyes_dabad.png\" \/>\n\t<meta property=\"og:image:width\" content=\"250\" \/>\n\t<meta property=\"og:image:height\" content=\"130\" \/>\n\t<meta property=\"og:image:type\" content=\"image\/png\" \/>\n<meta name=\"author\" content=\"admin\" \/>\n<meta name=\"twitter:card\" content=\"summary_large_image\" \/>\n<meta name=\"twitter:label1\" content=\"Escrito por\" \/>\n\t<meta name=\"twitter:data1\" content=\"admin\" \/>\n\t<meta name=\"twitter:label2\" content=\"Tiempo de lectura\" \/>\n\t<meta name=\"twitter:data2\" content=\"5 minutos\" \/>\n<script type=\"application\/ld+json\" class=\"yoast-schema-graph\">{\"@context\":\"https:\\\/\\\/schema.org\",\"@graph\":[{\"@type\":\"Article\",\"@id\":\"https:\\\/\\\/equipvinyesdabad.com\\\/es\\\/circuitos\\\/joan-vinyes-volvio-a-subir-al-podio-del-circuito-de-spa-francorchamps\\\/#article\",\"isPartOf\":{\"@id\":\"https:\\\/\\\/equipvinyesdabad.com\\\/es\\\/circuitos\\\/joan-vinyes-volvio-a-subir-al-podio-del-circuito-de-spa-francorchamps\\\/\"},\"author\":{\"name\":\"admin\",\"@id\":\"https:\\\/\\\/equipvinyesdabad.com\\\/es\\\/#\\\/schema\\\/person\\\/962b4c681d63fd4fbd546ec83b775c1b\"},\"headline\":\"Joan Vinyes volvi\u00f3 a subir al podio del circuito de Spa-Francorchamps.\",\"datePublished\":\"2023-04-30T00:00:00+00:00\",\"dateModified\":\"2024-10-31T20:24:11+00:00\",\"mainEntityOfPage\":{\"@id\":\"https:\\\/\\\/equipvinyesdabad.com\\\/es\\\/circuitos\\\/joan-vinyes-volvio-a-subir-al-podio-del-circuito-de-spa-francorchamps\\\/\"},\"wordCount\":982,\"image\":{\"@id\":\"https:\\\/\\\/equipvinyesdabad.com\\\/es\\\/circuitos\\\/joan-vinyes-volvio-a-subir-al-podio-del-circuito-de-spa-francorchamps\\\/#primaryimage\"},\"thumbnailUrl\":\"https:\\\/\\\/equipvinyesdabad.com\\\/wp-content\\\/uploads\\\/2023\\\/04\\\/13ViPCCB 2023 - ROUND 1 - DAY 2 396.jpg\",\"articleSection\":[\"Circuitos\",\"Circuitos Espa\u00f1a\"],\"inLanguage\":\"es\"},{\"@type\":\"WebPage\",\"@id\":\"https:\\\/\\\/equipvinyesdabad.com\\\/es\\\/circuitos\\\/joan-vinyes-volvio-a-subir-al-podio-del-circuito-de-spa-francorchamps\\\/\",\"url\":\"https:\\\/\\\/equipvinyesdabad.com\\\/es\\\/circuitos\\\/joan-vinyes-volvio-a-subir-al-podio-del-circuito-de-spa-francorchamps\\\/\",\"name\":\"Joan Vinyes volvi\u00f3 a subir al podio del circuito de Spa-Francorchamps. - Equip vinyes dabad\",\"isPartOf\":{\"@id\":\"https:\\\/\\\/equipvinyesdabad.com\\\/es\\\/#website\"},\"primaryImageOfPage\":{\"@id\":\"https:\\\/\\\/equipvinyesdabad.com\\\/es\\\/circuitos\\\/joan-vinyes-volvio-a-subir-al-podio-del-circuito-de-spa-francorchamps\\\/#primaryimage\"},\"image\":{\"@id\":\"https:\\\/\\\/equipvinyesdabad.com\\\/es\\\/circuitos\\\/joan-vinyes-volvio-a-subir-al-podio-del-circuito-de-spa-francorchamps\\\/#primaryimage\"},\"thumbnailUrl\":\"https:\\\/\\\/equipvinyesdabad.com\\\/wp-content\\\/uploads\\\/2023\\\/04\\\/13ViPCCB 2023 - ROUND 1 - DAY 2 396.jpg\",\"datePublished\":\"2023-04-30T00:00:00+00:00\",\"dateModified\":\"2024-10-31T20:24:11+00:00\",\"author\":{\"@id\":\"https:\\\/\\\/equipvinyesdabad.com\\\/es\\\/#\\\/schema\\\/person\\\/962b4c681d63fd4fbd546ec83b775c1b\"},\"breadcrumb\":{\"@id\":\"https:\\\/\\\/equipvinyesdabad.com\\\/es\\\/circuitos\\\/joan-vinyes-volvio-a-subir-al-podio-del-circuito-de-spa-francorchamps\\\/#breadcrumb\"},\"inLanguage\":\"es\",\"potentialAction\":[{\"@type\":\"ReadAction\",\"target\":[\"https:\\\/\\\/equipvinyesdabad.com\\\/es\\\/circuitos\\\/joan-vinyes-volvio-a-subir-al-podio-del-circuito-de-spa-francorchamps\\\/\"]}]},{\"@type\":\"ImageObject\",\"inLanguage\":\"es\",\"@id\":\"https:\\\/\\\/equipvinyesdabad.com\\\/es\\\/circuitos\\\/joan-vinyes-volvio-a-subir-al-podio-del-circuito-de-spa-francorchamps\\\/#primaryimage\",\"url\":\"https:\\\/\\\/equipvinyesdabad.com\\\/wp-content\\\/uploads\\\/2023\\\/04\\\/13ViPCCB 2023 - ROUND 1 - DAY 2 396.jpg\",\"contentUrl\":\"https:\\\/\\\/equipvinyesdabad.com\\\/wp-content\\\/uploads\\\/2023\\\/04\\\/13ViPCCB 2023 - ROUND 1 - DAY 2 396.jpg\"},{\"@type\":\"BreadcrumbList\",\"@id\":\"https:\\\/\\\/equipvinyesdabad.com\\\/es\\\/circuitos\\\/joan-vinyes-volvio-a-subir-al-podio-del-circuito-de-spa-francorchamps\\\/#breadcrumb\",\"itemListElement\":[{\"@type\":\"ListItem\",\"position\":1,\"name\":\"Inicio\",\"item\":\"https:\\\/\\\/equipvinyesdabad.com\\\/es\\\/\"},{\"@type\":\"ListItem\",\"position\":2,\"name\":\"Joan Vinyes volvi\u00f3 a subir al podio del circuito de Spa-Francorchamps.\"}]},{\"@type\":\"WebSite\",\"@id\":\"https:\\\/\\\/equipvinyesdabad.com\\\/es\\\/#website\",\"url\":\"https:\\\/\\\/equipvinyesdabad.com\\\/es\\\/\",\"name\":\"Equip vinyes dabad\",\"description\":\"\",\"potentialAction\":[{\"@type\":\"SearchAction\",\"target\":{\"@type\":\"EntryPoint\",\"urlTemplate\":\"https:\\\/\\\/equipvinyesdabad.com\\\/es\\\/?s={search_term_string}\"},\"query-input\":{\"@type\":\"PropertyValueSpecification\",\"valueRequired\":true,\"valueName\":\"search_term_string\"}}],\"inLanguage\":\"es\"},{\"@type\":\"Person\",\"@id\":\"https:\\\/\\\/equipvinyesdabad.com\\\/es\\\/#\\\/schema\\\/person\\\/962b4c681d63fd4fbd546ec83b775c1b\",\"name\":\"admin\",\"image\":{\"@type\":\"ImageObject\",\"inLanguage\":\"es\",\"@id\":\"https:\\\/\\\/secure.gravatar.com\\\/avatar\\\/6d1c6cfbf1c3aed75f7a05f946b76867c29d677b49f81545b6b9bc58677b08a0?s=96&d=mm&r=g\",\"url\":\"https:\\\/\\\/secure.gravatar.com\\\/avatar\\\/6d1c6cfbf1c3aed75f7a05f946b76867c29d677b49f81545b6b9bc58677b08a0?s=96&d=mm&r=g\",\"contentUrl\":\"https:\\\/\\\/secure.gravatar.com\\\/avatar\\\/6d1c6cfbf1c3aed75f7a05f946b76867c29d677b49f81545b6b9bc58677b08a0?s=96&d=mm&r=g\",\"caption\":\"admin\"},\"sameAs\":[\"https:\\\/\\\/equipvinyesdabad.com\"],\"url\":\"https:\\\/\\\/equipvinyesdabad.com\\\/es\\\/author\\\/web1\\\/\"}]}<\/script>\n<!-- \/ Yoast SEO plugin. -->","yoast_head_json":{"title":"Joan Vinyes volvi\u00f3 a subir al podio del circuito de Spa-Francorchamps. - Equip vinyes dabad","robots":{"index":"index","follow":"follow","max-snippet":"max-snippet:-1","max-image-preview":"max-image-preview:large","max-video-preview":"max-video-preview:-1"},"canonical":"https:\/\/equipvinyesdabad.com\/es\/circuitos\/joan-vinyes-volvio-a-subir-al-podio-del-circuito-de-spa-francorchamps\/","og_locale":"es_ES","og_type":"article","og_title":"Joan Vinyes volvi\u00f3 a subir al podio del circuito de Spa-Francorchamps. - Equip vinyes dabad","og_description":"En esta ocasi\u00f3n logr\u00f3 el tercer puesto en la carrera inicial de la Porsche Carrera Cup Benelux (Pro-Am)","og_url":"https:\/\/equipvinyesdabad.com\/es\/circuitos\/joan-vinyes-volvio-a-subir-al-podio-del-circuito-de-spa-francorchamps\/","og_site_name":"Equip vinyes dabad","article_published_time":"2023-04-30T00:00:00+00:00","article_modified_time":"2024-10-31T20:24:11+00:00","og_image":[{"width":250,"height":130,"url":"https:\/\/equipvinyesdabad.com\/wp-content\/uploads\/2024\/10\/logo_vinyes_dabad.png","type":"image\/png"}],"author":"admin","twitter_card":"summary_large_image","twitter_misc":{"Escrito por":"admin","Tiempo de lectura":"5 minutos"},"schema":{"@context":"https:\/\/schema.org","@graph":[{"@type":"Article","@id":"https:\/\/equipvinyesdabad.com\/es\/circuitos\/joan-vinyes-volvio-a-subir-al-podio-del-circuito-de-spa-francorchamps\/#article","isPartOf":{"@id":"https:\/\/equipvinyesdabad.com\/es\/circuitos\/joan-vinyes-volvio-a-subir-al-podio-del-circuito-de-spa-francorchamps\/"},"author":{"name":"admin","@id":"https:\/\/equipvinyesdabad.com\/es\/#\/schema\/person\/962b4c681d63fd4fbd546ec83b775c1b"},"headline":"Joan Vinyes volvi\u00f3 a subir al podio del circuito de Spa-Francorchamps.","datePublished":"2023-04-30T00:00:00+00:00","dateModified":"2024-10-31T20:24:11+00:00","mainEntityOfPage":{"@id":"https:\/\/equipvinyesdabad.com\/es\/circuitos\/joan-vinyes-volvio-a-subir-al-podio-del-circuito-de-spa-francorchamps\/"},"wordCount":982,"image":{"@id":"https:\/\/equipvinyesdabad.com\/es\/circuitos\/joan-vinyes-volvio-a-subir-al-podio-del-circuito-de-spa-francorchamps\/#primaryimage"},"thumbnailUrl":"https:\/\/equipvinyesdabad.com\/wp-content\/uploads\/2023\/04\/13ViPCCB 2023 - ROUND 1 - DAY 2 396.jpg","articleSection":["Circuitos","Circuitos Espa\u00f1a"],"inLanguage":"es"},{"@type":"WebPage","@id":"https:\/\/equipvinyesdabad.com\/es\/circuitos\/joan-vinyes-volvio-a-subir-al-podio-del-circuito-de-spa-francorchamps\/","url":"https:\/\/equipvinyesdabad.com\/es\/circuitos\/joan-vinyes-volvio-a-subir-al-podio-del-circuito-de-spa-francorchamps\/","name":"Joan Vinyes volvi\u00f3 a subir al podio del circuito de Spa-Francorchamps. - Equip vinyes dabad","isPartOf":{"@id":"https:\/\/equipvinyesdabad.com\/es\/#website"},"primaryImageOfPage":{"@id":"https:\/\/equipvinyesdabad.com\/es\/circuitos\/joan-vinyes-volvio-a-subir-al-podio-del-circuito-de-spa-francorchamps\/#primaryimage"},"image":{"@id":"https:\/\/equipvinyesdabad.com\/es\/circuitos\/joan-vinyes-volvio-a-subir-al-podio-del-circuito-de-spa-francorchamps\/#primaryimage"},"thumbnailUrl":"https:\/\/equipvinyesdabad.com\/wp-content\/uploads\/2023\/04\/13ViPCCB 2023 - ROUND 1 - DAY 2 396.jpg","datePublished":"2023-04-30T00:00:00+00:00","dateModified":"2024-10-31T20:24:11+00:00","author":{"@id":"https:\/\/equipvinyesdabad.com\/es\/#\/schema\/person\/962b4c681d63fd4fbd546ec83b775c1b"},"breadcrumb":{"@id":"https:\/\/equipvinyesdabad.com\/es\/circuitos\/joan-vinyes-volvio-a-subir-al-podio-del-circuito-de-spa-francorchamps\/#breadcrumb"},"inLanguage":"es","potentialAction":[{"@type":"ReadAction","target":["https:\/\/equipvinyesdabad.com\/es\/circuitos\/joan-vinyes-volvio-a-subir-al-podio-del-circuito-de-spa-francorchamps\/"]}]},{"@type":"ImageObject","inLanguage":"es","@id":"https:\/\/equipvinyesdabad.com\/es\/circuitos\/joan-vinyes-volvio-a-subir-al-podio-del-circuito-de-spa-francorchamps\/#primaryimage","url":"https:\/\/equipvinyesdabad.com\/wp-content\/uploads\/2023\/04\/13ViPCCB 2023 - ROUND 1 - DAY 2 396.jpg","contentUrl":"https:\/\/equipvinyesdabad.com\/wp-content\/uploads\/2023\/04\/13ViPCCB 2023 - ROUND 1 - DAY 2 396.jpg"},{"@type":"BreadcrumbList","@id":"https:\/\/equipvinyesdabad.com\/es\/circuitos\/joan-vinyes-volvio-a-subir-al-podio-del-circuito-de-spa-francorchamps\/#breadcrumb","itemListElement":[{"@type":"ListItem","position":1,"name":"Inicio","item":"https:\/\/equipvinyesdabad.com\/es\/"},{"@type":"ListItem","position":2,"name":"Joan Vinyes volvi\u00f3 a subir al podio del circuito de Spa-Francorchamps."}]},{"@type":"WebSite","@id":"https:\/\/equipvinyesdabad.com\/es\/#website","url":"https:\/\/equipvinyesdabad.com\/es\/","name":"Equip vinyes dabad","description":"","potentialAction":[{"@type":"SearchAction","target":{"@type":"EntryPoint","urlTemplate":"https:\/\/equipvinyesdabad.com\/es\/?s={search_term_string}"},"query-input":{"@type":"PropertyValueSpecification","valueRequired":true,"valueName":"search_term_string"}}],"inLanguage":"es"},{"@type":"Person","@id":"https:\/\/equipvinyesdabad.com\/es\/#\/schema\/person\/962b4c681d63fd4fbd546ec83b775c1b","name":"admin","image":{"@type":"ImageObject","inLanguage":"es","@id":"https:\/\/secure.gravatar.com\/avatar\/6d1c6cfbf1c3aed75f7a05f946b76867c29d677b49f81545b6b9bc58677b08a0?s=96&d=mm&r=g","url":"https:\/\/secure.gravatar.com\/avatar\/6d1c6cfbf1c3aed75f7a05f946b76867c29d677b49f81545b6b9bc58677b08a0?s=96&d=mm&r=g","contentUrl":"https:\/\/secure.gravatar.com\/avatar\/6d1c6cfbf1c3aed75f7a05f946b76867c29d677b49f81545b6b9bc58677b08a0?s=96&d=mm&r=g","caption":"admin"},"sameAs":["https:\/\/equipvinyesdabad.com"],"url":"https:\/\/equipvinyesdabad.com\/es\/author\/web1\/"}]}},"_links":{"self":[{"href":"https:\/\/equipvinyesdabad.com\/es\/wp-json\/wp\/v2\/posts\/1980","targetHints":{"allow":["GET"]}}],"collection":[{"href":"https:\/\/equipvinyesdabad.com\/es\/wp-json\/wp\/v2\/posts"}],"about":[{"href":"https:\/\/equipvinyesdabad.com\/es\/wp-json\/wp\/v2\/types\/post"}],"author":[{"embeddable":true,"href":"https:\/\/equipvinyesdabad.com\/es\/wp-json\/wp\/v2\/users\/1"}],"replies":[{"embeddable":true,"href":"https:\/\/equipvinyesdabad.com\/es\/wp-json\/wp\/v2\/comments?post=1980"}],"version-history":[{"count":2,"href":"https:\/\/equipvinyesdabad.com\/es\/wp-json\/wp\/v2\/posts\/1980\/revisions"}],"predecessor-version":[{"id":3629,"href":"https:\/\/equipvinyesdabad.com\/es\/wp-json\/wp\/v2\/posts\/1980\/revisions\/3629"}],"wp:featuredmedia":[{"embeddable":true,"href":"https:\/\/equipvinyesdabad.com\/es\/wp-json\/wp\/v2\/media\/1450"}],"wp:attachment":[{"href":"https:\/\/equipvinyesdabad.com\/es\/wp-json\/wp\/v2\/media?parent=1980"}],"wp:term":[{"taxonomy":"category","embeddable":true,"href":"https:\/\/equipvinyesdabad.com\/es\/wp-json\/wp\/v2\/categories?post=1980"},{"taxonomy":"post_tag","embeddable":true,"href":"https:\/\/equipvinyesdabad.com\/es\/wp-json\/wp\/v2\/tags?post=1980"}],"curies":[{"name":"wp","href":"https:\/\/api.w.org\/{rel}","templated":true}]}}