{"id":2032,"date":"2022-09-02T00:00:00","date_gmt":"2022-09-02T00:00:00","guid":{"rendered":"https:\/\/equipvinyesdabad.com\/?p=2032"},"modified":"2024-10-31T20:15:36","modified_gmt":"2024-10-31T20:15:36","slug":"joan-vinyes-jordi-mercader-y-suzuki-iberica-vuelven-a-oviedo-despues-de-dos-anos-de-ausencia","status":"publish","type":"post","link":"https:\/\/equipvinyesdabad.com\/es\/rallys\/joan-vinyes-jordi-mercader-y-suzuki-iberica-vuelven-a-oviedo-despues-de-dos-anos-de-ausencia\/","title":{"rendered":"Joan Vinyes-Jordi Mercader y Suzuki Ib\u00e9rica vuelven a Oviedo, despu\u00e9s de dos a\u00f1os de ausencia."},"content":{"rendered":"<p><span style=\"font-size: medium;\"><strong>El siempre atractivo Rally Princesa de Asturias ser&aacute; el &uacute;ltimo test pensando en el Rally RACC&nbsp; Catalunya &#8211; Costa Daurada.&nbsp;<\/strong><\/span><\/p>\n<p><span style=\"font-size: medium;\"><strong><br \/><\/strong><\/span><\/p>\n<p style=\"text-align: justify;\"><span style=\"font-size: small;\">La pen&uacute;ltima prueba de la agenda del equipo <strong>Suzuki Ib&eacute;rica es el 59 Rally Princesa de Asturia<\/strong>s, raz&oacute;n por la cual <strong>Joan Vinyes &#8211; Jordi Mercader<\/strong> se desplazar&aacute;n al Principado de Asturias&nbsp; para disputar, al volante del <strong>Suzuki Swift R4lly S,<\/strong> la prueba v&aacute;lida para el FIA European Rally Trophy, Super Campeonato de Espa&ntilde;a de Rallys (SCRA) y diversas copas monomarca espa&ntilde;olas.<\/p>\n<p>Vinyes &#8211; Mercader afronta la prueba Autom&oacute;vil Club de Asturias con el&nbsp; objetivo de pasar p&aacute;gina de manera definitiva de la mala suerte que tuvieron en Ferrol y pensando que la &uacute;ltima vez que compitieron en las carreteras asturianas consiguieron situarse en la tercera posici&oacute;n de la clasificaci&oacute;n absoluta. Seg&uacute;n el piloto de Suzuki , en esta ocasi&oacute;n finalizar en el podio no ser&aacute; f&aacute;cil, estos son sus motivos: <em><strong>&ldquo;Estamos en la recta final de Super campeonato de Espa&ntilde;a de Rallys y hay muchos equipos con mec&aacute;nicas R5 que se est&aacute;n jugando el t&iacute;tulo. Intentar sorprenderlos se me antoja muy complicado&rdquo;.<\/strong> <\/em><\/p>\n<p><strong>En el Princesa de Asturias 2022 se intercalan especiales conocidas con algunas novedades.<\/strong> <br \/>En la prueba asturiana, los pilotos tendr&aacute;n dos jornadas para completar los reconocimientos de las especiales, en concreto del mi&eacute;rcoles (d&iacute;a 7) de las 11:00 a las 21:30 horas y el jueves (d&iacute;a 8) entre las 8:00 y las 18:00 horas. La ceremonia de salida, a partir de las 20:30 horas, ser&aacute; la &uacute;nica actividad de esta primera jornada que llevar&aacute;n a cabo con el Swift de competici&oacute;n.<br \/><em><strong>&nbsp;&ldquo;Al ser una prueba v&aacute;lida para un trofeo FIA, solo se pueden hacer dos pasadas por especial en los reconocimientos. No obstante, al final se ha modificado el reglamento particular de la prueba y nos dejar&aacute;n hacer tres pasadas por especial. En mi opini&oacute;n es una medida acertada&rdquo;. <\/strong><\/em>En opini&oacute;n de Vinyes, el margen horario es amplio y el cambio se puede hacer sin problema. &nbsp;<em><strong>&nbsp; <\/strong><\/em><\/p>\n<p><strong>Durante la matinal del viernes (d&iacute;a 9) la actividad se trasladar&aacute; a Morcin. Especial cronometrada de 4,32 km.<\/strong><br \/>En primer lugar iniciar&aacute;n la actividad los pilotos prioritarios. Ser&aacute; a partir de las 8:30 horas disputar&aacute;n&nbsp; los <strong>entrenamientos libres (2 pasadas)<\/strong>, a continuaci&oacute;n (9:30 horas) <strong>el tramo de calificaci&oacute;n (TCC)<\/strong>. Mientras se llevaba a cabo la ceremonia de elecci&oacute;n del orden de salida por parte de los pilotos con prioridad, los restantes participantes tuvieron ocasi&oacute;n, si lo consideraron oportuno, disputar el <strong>shakedown<\/strong> en el escenario de la zona de Morc&iacute;n.<br \/>&nbsp;<br \/>Los inscritos en el Princesa de Asturias 2022 tendr&aacute;n que superar un <strong>total de 491,22 km,<\/strong> de los cuales 152,96 km,&nbsp; ser&aacute;n de velocidad, distribuidos en<strong> 12 especiales cronometradas<\/strong>. <\/p>\n<p><strong>La primera etapa: Con especiales conocidas, pero con variaciones importantes en alguna de ellas.<\/strong> <br \/>Las cronometradas:<strong> Bimenes (10,65 km), Nava (15,49 km, y Sariego (13,88 km)<\/strong>, ser&aacute;n los escenarios a los que tendr&aacute;n que acudir los aficionados que quieran seguir en directo las evoluciones de los participantes del Princesa 2022. Las especiales, inicial y final, son pr&aacute;cticamente recorridos en los que Vinyes-Mercader, no han competido en ninguna edici&oacute;n. La de Nava es muy parecida a la de anteriores ediciones aunque con ciertas modificaciones en la salida. Cabe comentar que este bucle de 3 especiales se disputar&aacute; dos veces, la segunda pasada parcialmente con luz natural.&nbsp; &nbsp;<\/p>\n<p><strong>Gijon la especial a descubrir en la segunda etapa.<\/strong><br \/><strong>Gij&oacute;n (12,06 km), Llanera (15,95 km) y Oviedo (8,45 km),<\/strong> formar&aacute;n el bucle decisivo del rally asturiano (a disputar dos veces). Gijon, una especial muy complicada con m&uacute;ltiples cruces, ser&aacute; la gran novedad de este a&ntilde;o. Las restantes que se disputar&aacute;n el s&aacute;bado, mantienen buena parte de su trazado habitual. Es decir, la de Oviedo acabar&aacute; dentro de la capital asturiana en una zona que est&aacute; urbanizada pero sin construir.<\/p>\n<p><strong>Vinyes: <em>&ldquo;Dos a&ntilde;os sin disputar un rally no es empezar de cero, pero casi.&rdquo;<\/em><\/strong><br \/>Los rallys en tierras asturianas siempre son una fiesta del motor, as&iacute; lo comenta Joan: <em><strong>&ldquo;Sin duda, hay muchos espectadores en las especiales, en los parques de asistencia y en los diferentes eventos que se organizan aprovechando la presencia de los pilotos del S-CER. Aprovechan cualquier ocasi&oacute;n para animarte y hacerte alg&uacute;n comentario sobre el paso por un lugar concreto. En fin, un placer competir de nuevo en el Principado de Asturias&rdquo;.<\/strong><\/em><\/p>\n<p>En cuanto a la competici&oacute;n, el piloto de Suzuki Ib&eacute;rica tiene asumido que habr&aacute; muchas novedades en el trazado: <em><strong>&ldquo;Hace mucho tiempo que no competimos en la prueba del Autom&oacute;vil Club asturiano, las referencias que me han llegado es que el recorrido es una mezcla de especiales conocidas con otras con variaciones parciales e incluso alguna que no se ha disputado en ninguna de las ediciones anteriores&rdquo;. <\/strong><\/em><\/p>\n<p>La <strong>plaza de los Ferroviarios de Oviedo<\/strong> se mantiene como ubicaci&oacute;n del podio en donde se celebrar&aacute;n las ceremonias de salida y entrega de premios del Princesa de Asturias 2022. De la misma manera, el<strong> parque de La Manjoya<\/strong> (a 5 km del centro de la capital asturiana) se mantiene como la zona en que se instalar&aacute; la log&iacute;stica de los equipos.<br \/>Las instalaciones del <strong>Palacio de Exposiciones y Congresos de la Ciudad de Oviedo,<\/strong> ser&aacute; el punto de encuentro de todos los apartados burocr&aacute;ticos de la prueba.<\/p>\n<p>La s<strong>alida de la primera etapa<\/strong> se dar&aacute; desde el parque de asistencia (La Manjoya), a partir de las <strong>13:30 horas del viernes (d&iacute;a 9)<\/strong>, la llegada del primer equipo en la misma ubicaci&oacute;n est&aacute; prevista a las <strong>21:53 horas del mismo viernes.<\/strong><\/p>\n<p>La <strong>segunda etapa comenzar&aacute;<\/strong> a las <strong>9:00 horas del s&aacute;bado (d&iacute;a 10)<\/strong>, tambi&eacute;n desde el parque de asistencia, mientras que el final del <strong>59 Rally Princesa de Asturias<\/strong>, ser&aacute; en la <strong>plaza de los Ferroviarios de Oviedo<\/strong> a partir de las <strong>16:45 horas del mismo d&iacute;a.<\/strong><\/p>\n<p><\/span><\/p>\n<p style=\"text-align: justify;\"><span style=\"font-size: small;\"><br \/><\/span><\/p>\n<p style=\"text-align: right;\"><span style=\"font-size: small;\"><strong><span style=\"font-size: medium;\"><a href=\"https:\/\/www.infoesport.org\/ImgNoticia\/2022\/220910ViPrincesa1c.pdf\"><strong><span style=\"font-size: x-small;\"><strong><strong><strong><strong><img loading=\"lazy\" decoding=\"async\" style=\"float: right;\" src=\"http:\/\/www.infoesport.org\/auxiliar\/fot\/logos\/icono_pdf.gif\" alt=\"\" width=\"50\" height=\"50\" \/><\/strong><\/strong><\/strong><\/strong><\/span><\/strong><\/a><\/span><\/strong>Servicio de prensa<\/span><\/p>\n","protected":false},"excerpt":{"rendered":"<p>El siempre atractivo Rally Princesa de Asturias ser\u00e1 el \u00faltimo test pensando en el Rally RACC  Catalunya &#8211; Costa Daurada.  <\/p>\n","protected":false},"author":1,"featured_media":1477,"comment_status":"closed","ping_status":"closed","sticky":false,"template":"","format":"standard","meta":{"_kadence_starter_templates_imported_post":false,"_kad_post_transparent":"","_kad_post_title":"","_kad_post_layout":"","_kad_post_sidebar_id":"","_kad_post_content_style":"","_kad_post_vertical_padding":"","_kad_post_feature":"","_kad_post_feature_position":"","_kad_post_header":false,"_kad_post_footer":false,"_kad_post_classname":"","footnotes":""},"categories":[46,60],"tags":[],"class_list":["post-2032","post","type-post","status-publish","format-standard","has-post-thumbnail","hentry","category-rallys","category-rallys-asfalto"],"yoast_head":"<!-- This site is optimized with the Yoast SEO plugin v27.4 - https:\/\/yoast.com\/product\/yoast-seo-wordpress\/ -->\n<title>Joan Vinyes-Jordi Mercader y Suzuki Ib\u00e9rica vuelven a Oviedo, despu\u00e9s de dos a\u00f1os de ausencia. - Equip vinyes dabad<\/title>\n<meta name=\"robots\" content=\"index, follow, max-snippet:-1, max-image-preview:large, max-video-preview:-1\" \/>\n<link rel=\"canonical\" href=\"https:\/\/equipvinyesdabad.com\/es\/rallys\/joan-vinyes-jordi-mercader-y-suzuki-iberica-vuelven-a-oviedo-despues-de-dos-anos-de-ausencia\/\" \/>\n<meta property=\"og:locale\" content=\"es_ES\" \/>\n<meta property=\"og:type\" content=\"article\" \/>\n<meta property=\"og:title\" content=\"Joan Vinyes-Jordi Mercader y Suzuki Ib\u00e9rica vuelven a Oviedo, despu\u00e9s de dos a\u00f1os de ausencia. - Equip vinyes dabad\" \/>\n<meta property=\"og:description\" content=\"El siempre atractivo Rally Princesa de Asturias ser\u00e1 el \u00faltimo test pensando en el Rally RACC Catalunya - Costa Daurada.\" \/>\n<meta property=\"og:url\" content=\"https:\/\/equipvinyesdabad.com\/es\/rallys\/joan-vinyes-jordi-mercader-y-suzuki-iberica-vuelven-a-oviedo-despues-de-dos-anos-de-ausencia\/\" \/>\n<meta property=\"og:site_name\" content=\"Equip vinyes dabad\" \/>\n<meta property=\"article:published_time\" content=\"2022-09-02T00:00:00+00:00\" \/>\n<meta property=\"article:modified_time\" content=\"2024-10-31T20:15:36+00:00\" \/>\n<meta property=\"og:image\" content=\"https:\/\/equipvinyesdabad.com\/wp-content\/uploads\/2024\/10\/logo_vinyes_dabad.png\" \/>\n\t<meta property=\"og:image:width\" content=\"250\" \/>\n\t<meta property=\"og:image:height\" content=\"130\" \/>\n\t<meta property=\"og:image:type\" content=\"image\/png\" \/>\n<meta name=\"author\" content=\"admin\" \/>\n<meta name=\"twitter:card\" content=\"summary_large_image\" \/>\n<meta name=\"twitter:label1\" content=\"Escrito por\" \/>\n\t<meta name=\"twitter:data1\" content=\"admin\" \/>\n\t<meta name=\"twitter:label2\" content=\"Tiempo de lectura\" \/>\n\t<meta name=\"twitter:data2\" content=\"5 minutos\" \/>\n<script type=\"application\/ld+json\" class=\"yoast-schema-graph\">{\"@context\":\"https:\\\/\\\/schema.org\",\"@graph\":[{\"@type\":\"Article\",\"@id\":\"https:\\\/\\\/equipvinyesdabad.com\\\/es\\\/rallys\\\/joan-vinyes-jordi-mercader-y-suzuki-iberica-vuelven-a-oviedo-despues-de-dos-anos-de-ausencia\\\/#article\",\"isPartOf\":{\"@id\":\"https:\\\/\\\/equipvinyesdabad.com\\\/es\\\/rallys\\\/joan-vinyes-jordi-mercader-y-suzuki-iberica-vuelven-a-oviedo-despues-de-dos-anos-de-ausencia\\\/\"},\"author\":{\"name\":\"admin\",\"@id\":\"https:\\\/\\\/equipvinyesdabad.com\\\/es\\\/#\\\/schema\\\/person\\\/962b4c681d63fd4fbd546ec83b775c1b\"},\"headline\":\"Joan Vinyes-Jordi Mercader y Suzuki Ib\u00e9rica vuelven a Oviedo, despu\u00e9s de dos a\u00f1os de ausencia.\",\"datePublished\":\"2022-09-02T00:00:00+00:00\",\"dateModified\":\"2024-10-31T20:15:36+00:00\",\"mainEntityOfPage\":{\"@id\":\"https:\\\/\\\/equipvinyesdabad.com\\\/es\\\/rallys\\\/joan-vinyes-jordi-mercader-y-suzuki-iberica-vuelven-a-oviedo-despues-de-dos-anos-de-ausencia\\\/\"},\"wordCount\":1117,\"image\":{\"@id\":\"https:\\\/\\\/equipvinyesdabad.com\\\/es\\\/rallys\\\/joan-vinyes-jordi-mercader-y-suzuki-iberica-vuelven-a-oviedo-despues-de-dos-anos-de-ausencia\\\/#primaryimage\"},\"thumbnailUrl\":\"https:\\\/\\\/equipvinyesdabad.com\\\/wp-content\\\/uploads\\\/2022\\\/09\\\/02ViFerrolSandy2.jpg\",\"articleSection\":[\"Rallys\",\"Rallys asfalto\"],\"inLanguage\":\"es\"},{\"@type\":\"WebPage\",\"@id\":\"https:\\\/\\\/equipvinyesdabad.com\\\/es\\\/rallys\\\/joan-vinyes-jordi-mercader-y-suzuki-iberica-vuelven-a-oviedo-despues-de-dos-anos-de-ausencia\\\/\",\"url\":\"https:\\\/\\\/equipvinyesdabad.com\\\/es\\\/rallys\\\/joan-vinyes-jordi-mercader-y-suzuki-iberica-vuelven-a-oviedo-despues-de-dos-anos-de-ausencia\\\/\",\"name\":\"Joan Vinyes-Jordi Mercader y Suzuki Ib\u00e9rica vuelven a Oviedo, despu\u00e9s de dos a\u00f1os de ausencia. - Equip vinyes dabad\",\"isPartOf\":{\"@id\":\"https:\\\/\\\/equipvinyesdabad.com\\\/es\\\/#website\"},\"primaryImageOfPage\":{\"@id\":\"https:\\\/\\\/equipvinyesdabad.com\\\/es\\\/rallys\\\/joan-vinyes-jordi-mercader-y-suzuki-iberica-vuelven-a-oviedo-despues-de-dos-anos-de-ausencia\\\/#primaryimage\"},\"image\":{\"@id\":\"https:\\\/\\\/equipvinyesdabad.com\\\/es\\\/rallys\\\/joan-vinyes-jordi-mercader-y-suzuki-iberica-vuelven-a-oviedo-despues-de-dos-anos-de-ausencia\\\/#primaryimage\"},\"thumbnailUrl\":\"https:\\\/\\\/equipvinyesdabad.com\\\/wp-content\\\/uploads\\\/2022\\\/09\\\/02ViFerrolSandy2.jpg\",\"datePublished\":\"2022-09-02T00:00:00+00:00\",\"dateModified\":\"2024-10-31T20:15:36+00:00\",\"author\":{\"@id\":\"https:\\\/\\\/equipvinyesdabad.com\\\/es\\\/#\\\/schema\\\/person\\\/962b4c681d63fd4fbd546ec83b775c1b\"},\"breadcrumb\":{\"@id\":\"https:\\\/\\\/equipvinyesdabad.com\\\/es\\\/rallys\\\/joan-vinyes-jordi-mercader-y-suzuki-iberica-vuelven-a-oviedo-despues-de-dos-anos-de-ausencia\\\/#breadcrumb\"},\"inLanguage\":\"es\",\"potentialAction\":[{\"@type\":\"ReadAction\",\"target\":[\"https:\\\/\\\/equipvinyesdabad.com\\\/es\\\/rallys\\\/joan-vinyes-jordi-mercader-y-suzuki-iberica-vuelven-a-oviedo-despues-de-dos-anos-de-ausencia\\\/\"]}]},{\"@type\":\"ImageObject\",\"inLanguage\":\"es\",\"@id\":\"https:\\\/\\\/equipvinyesdabad.com\\\/es\\\/rallys\\\/joan-vinyes-jordi-mercader-y-suzuki-iberica-vuelven-a-oviedo-despues-de-dos-anos-de-ausencia\\\/#primaryimage\",\"url\":\"https:\\\/\\\/equipvinyesdabad.com\\\/wp-content\\\/uploads\\\/2022\\\/09\\\/02ViFerrolSandy2.jpg\",\"contentUrl\":\"https:\\\/\\\/equipvinyesdabad.com\\\/wp-content\\\/uploads\\\/2022\\\/09\\\/02ViFerrolSandy2.jpg\"},{\"@type\":\"BreadcrumbList\",\"@id\":\"https:\\\/\\\/equipvinyesdabad.com\\\/es\\\/rallys\\\/joan-vinyes-jordi-mercader-y-suzuki-iberica-vuelven-a-oviedo-despues-de-dos-anos-de-ausencia\\\/#breadcrumb\",\"itemListElement\":[{\"@type\":\"ListItem\",\"position\":1,\"name\":\"Inicio\",\"item\":\"https:\\\/\\\/equipvinyesdabad.com\\\/es\\\/\"},{\"@type\":\"ListItem\",\"position\":2,\"name\":\"Joan Vinyes-Jordi Mercader y Suzuki Ib\u00e9rica vuelven a Oviedo, despu\u00e9s de dos a\u00f1os de ausencia.\"}]},{\"@type\":\"WebSite\",\"@id\":\"https:\\\/\\\/equipvinyesdabad.com\\\/es\\\/#website\",\"url\":\"https:\\\/\\\/equipvinyesdabad.com\\\/es\\\/\",\"name\":\"Equip vinyes dabad\",\"description\":\"\",\"potentialAction\":[{\"@type\":\"SearchAction\",\"target\":{\"@type\":\"EntryPoint\",\"urlTemplate\":\"https:\\\/\\\/equipvinyesdabad.com\\\/es\\\/?s={search_term_string}\"},\"query-input\":{\"@type\":\"PropertyValueSpecification\",\"valueRequired\":true,\"valueName\":\"search_term_string\"}}],\"inLanguage\":\"es\"},{\"@type\":\"Person\",\"@id\":\"https:\\\/\\\/equipvinyesdabad.com\\\/es\\\/#\\\/schema\\\/person\\\/962b4c681d63fd4fbd546ec83b775c1b\",\"name\":\"admin\",\"image\":{\"@type\":\"ImageObject\",\"inLanguage\":\"es\",\"@id\":\"https:\\\/\\\/secure.gravatar.com\\\/avatar\\\/6d1c6cfbf1c3aed75f7a05f946b76867c29d677b49f81545b6b9bc58677b08a0?s=96&d=mm&r=g\",\"url\":\"https:\\\/\\\/secure.gravatar.com\\\/avatar\\\/6d1c6cfbf1c3aed75f7a05f946b76867c29d677b49f81545b6b9bc58677b08a0?s=96&d=mm&r=g\",\"contentUrl\":\"https:\\\/\\\/secure.gravatar.com\\\/avatar\\\/6d1c6cfbf1c3aed75f7a05f946b76867c29d677b49f81545b6b9bc58677b08a0?s=96&d=mm&r=g\",\"caption\":\"admin\"},\"sameAs\":[\"https:\\\/\\\/equipvinyesdabad.com\"],\"url\":\"https:\\\/\\\/equipvinyesdabad.com\\\/es\\\/author\\\/web1\\\/\"}]}<\/script>\n<!-- \/ Yoast SEO plugin. -->","yoast_head_json":{"title":"Joan Vinyes-Jordi Mercader y Suzuki Ib\u00e9rica vuelven a Oviedo, despu\u00e9s de dos a\u00f1os de ausencia. - Equip vinyes dabad","robots":{"index":"index","follow":"follow","max-snippet":"max-snippet:-1","max-image-preview":"max-image-preview:large","max-video-preview":"max-video-preview:-1"},"canonical":"https:\/\/equipvinyesdabad.com\/es\/rallys\/joan-vinyes-jordi-mercader-y-suzuki-iberica-vuelven-a-oviedo-despues-de-dos-anos-de-ausencia\/","og_locale":"es_ES","og_type":"article","og_title":"Joan Vinyes-Jordi Mercader y Suzuki Ib\u00e9rica vuelven a Oviedo, despu\u00e9s de dos a\u00f1os de ausencia. - Equip vinyes dabad","og_description":"El siempre atractivo Rally Princesa de Asturias ser\u00e1 el \u00faltimo test pensando en el Rally RACC Catalunya - Costa Daurada.","og_url":"https:\/\/equipvinyesdabad.com\/es\/rallys\/joan-vinyes-jordi-mercader-y-suzuki-iberica-vuelven-a-oviedo-despues-de-dos-anos-de-ausencia\/","og_site_name":"Equip vinyes dabad","article_published_time":"2022-09-02T00:00:00+00:00","article_modified_time":"2024-10-31T20:15:36+00:00","og_image":[{"width":250,"height":130,"url":"https:\/\/equipvinyesdabad.com\/wp-content\/uploads\/2024\/10\/logo_vinyes_dabad.png","type":"image\/png"}],"author":"admin","twitter_card":"summary_large_image","twitter_misc":{"Escrito por":"admin","Tiempo de lectura":"5 minutos"},"schema":{"@context":"https:\/\/schema.org","@graph":[{"@type":"Article","@id":"https:\/\/equipvinyesdabad.com\/es\/rallys\/joan-vinyes-jordi-mercader-y-suzuki-iberica-vuelven-a-oviedo-despues-de-dos-anos-de-ausencia\/#article","isPartOf":{"@id":"https:\/\/equipvinyesdabad.com\/es\/rallys\/joan-vinyes-jordi-mercader-y-suzuki-iberica-vuelven-a-oviedo-despues-de-dos-anos-de-ausencia\/"},"author":{"name":"admin","@id":"https:\/\/equipvinyesdabad.com\/es\/#\/schema\/person\/962b4c681d63fd4fbd546ec83b775c1b"},"headline":"Joan Vinyes-Jordi Mercader y Suzuki Ib\u00e9rica vuelven a Oviedo, despu\u00e9s de dos a\u00f1os de ausencia.","datePublished":"2022-09-02T00:00:00+00:00","dateModified":"2024-10-31T20:15:36+00:00","mainEntityOfPage":{"@id":"https:\/\/equipvinyesdabad.com\/es\/rallys\/joan-vinyes-jordi-mercader-y-suzuki-iberica-vuelven-a-oviedo-despues-de-dos-anos-de-ausencia\/"},"wordCount":1117,"image":{"@id":"https:\/\/equipvinyesdabad.com\/es\/rallys\/joan-vinyes-jordi-mercader-y-suzuki-iberica-vuelven-a-oviedo-despues-de-dos-anos-de-ausencia\/#primaryimage"},"thumbnailUrl":"https:\/\/equipvinyesdabad.com\/wp-content\/uploads\/2022\/09\/02ViFerrolSandy2.jpg","articleSection":["Rallys","Rallys asfalto"],"inLanguage":"es"},{"@type":"WebPage","@id":"https:\/\/equipvinyesdabad.com\/es\/rallys\/joan-vinyes-jordi-mercader-y-suzuki-iberica-vuelven-a-oviedo-despues-de-dos-anos-de-ausencia\/","url":"https:\/\/equipvinyesdabad.com\/es\/rallys\/joan-vinyes-jordi-mercader-y-suzuki-iberica-vuelven-a-oviedo-despues-de-dos-anos-de-ausencia\/","name":"Joan Vinyes-Jordi Mercader y Suzuki Ib\u00e9rica vuelven a Oviedo, despu\u00e9s de dos a\u00f1os de ausencia. - Equip vinyes dabad","isPartOf":{"@id":"https:\/\/equipvinyesdabad.com\/es\/#website"},"primaryImageOfPage":{"@id":"https:\/\/equipvinyesdabad.com\/es\/rallys\/joan-vinyes-jordi-mercader-y-suzuki-iberica-vuelven-a-oviedo-despues-de-dos-anos-de-ausencia\/#primaryimage"},"image":{"@id":"https:\/\/equipvinyesdabad.com\/es\/rallys\/joan-vinyes-jordi-mercader-y-suzuki-iberica-vuelven-a-oviedo-despues-de-dos-anos-de-ausencia\/#primaryimage"},"thumbnailUrl":"https:\/\/equipvinyesdabad.com\/wp-content\/uploads\/2022\/09\/02ViFerrolSandy2.jpg","datePublished":"2022-09-02T00:00:00+00:00","dateModified":"2024-10-31T20:15:36+00:00","author":{"@id":"https:\/\/equipvinyesdabad.com\/es\/#\/schema\/person\/962b4c681d63fd4fbd546ec83b775c1b"},"breadcrumb":{"@id":"https:\/\/equipvinyesdabad.com\/es\/rallys\/joan-vinyes-jordi-mercader-y-suzuki-iberica-vuelven-a-oviedo-despues-de-dos-anos-de-ausencia\/#breadcrumb"},"inLanguage":"es","potentialAction":[{"@type":"ReadAction","target":["https:\/\/equipvinyesdabad.com\/es\/rallys\/joan-vinyes-jordi-mercader-y-suzuki-iberica-vuelven-a-oviedo-despues-de-dos-anos-de-ausencia\/"]}]},{"@type":"ImageObject","inLanguage":"es","@id":"https:\/\/equipvinyesdabad.com\/es\/rallys\/joan-vinyes-jordi-mercader-y-suzuki-iberica-vuelven-a-oviedo-despues-de-dos-anos-de-ausencia\/#primaryimage","url":"https:\/\/equipvinyesdabad.com\/wp-content\/uploads\/2022\/09\/02ViFerrolSandy2.jpg","contentUrl":"https:\/\/equipvinyesdabad.com\/wp-content\/uploads\/2022\/09\/02ViFerrolSandy2.jpg"},{"@type":"BreadcrumbList","@id":"https:\/\/equipvinyesdabad.com\/es\/rallys\/joan-vinyes-jordi-mercader-y-suzuki-iberica-vuelven-a-oviedo-despues-de-dos-anos-de-ausencia\/#breadcrumb","itemListElement":[{"@type":"ListItem","position":1,"name":"Inicio","item":"https:\/\/equipvinyesdabad.com\/es\/"},{"@type":"ListItem","position":2,"name":"Joan Vinyes-Jordi Mercader y Suzuki Ib\u00e9rica vuelven a Oviedo, despu\u00e9s de dos a\u00f1os de ausencia."}]},{"@type":"WebSite","@id":"https:\/\/equipvinyesdabad.com\/es\/#website","url":"https:\/\/equipvinyesdabad.com\/es\/","name":"Equip vinyes dabad","description":"","potentialAction":[{"@type":"SearchAction","target":{"@type":"EntryPoint","urlTemplate":"https:\/\/equipvinyesdabad.com\/es\/?s={search_term_string}"},"query-input":{"@type":"PropertyValueSpecification","valueRequired":true,"valueName":"search_term_string"}}],"inLanguage":"es"},{"@type":"Person","@id":"https:\/\/equipvinyesdabad.com\/es\/#\/schema\/person\/962b4c681d63fd4fbd546ec83b775c1b","name":"admin","image":{"@type":"ImageObject","inLanguage":"es","@id":"https:\/\/secure.gravatar.com\/avatar\/6d1c6cfbf1c3aed75f7a05f946b76867c29d677b49f81545b6b9bc58677b08a0?s=96&d=mm&r=g","url":"https:\/\/secure.gravatar.com\/avatar\/6d1c6cfbf1c3aed75f7a05f946b76867c29d677b49f81545b6b9bc58677b08a0?s=96&d=mm&r=g","contentUrl":"https:\/\/secure.gravatar.com\/avatar\/6d1c6cfbf1c3aed75f7a05f946b76867c29d677b49f81545b6b9bc58677b08a0?s=96&d=mm&r=g","caption":"admin"},"sameAs":["https:\/\/equipvinyesdabad.com"],"url":"https:\/\/equipvinyesdabad.com\/es\/author\/web1\/"}]}},"_links":{"self":[{"href":"https:\/\/equipvinyesdabad.com\/es\/wp-json\/wp\/v2\/posts\/2032","targetHints":{"allow":["GET"]}}],"collection":[{"href":"https:\/\/equipvinyesdabad.com\/es\/wp-json\/wp\/v2\/posts"}],"about":[{"href":"https:\/\/equipvinyesdabad.com\/es\/wp-json\/wp\/v2\/types\/post"}],"author":[{"embeddable":true,"href":"https:\/\/equipvinyesdabad.com\/es\/wp-json\/wp\/v2\/users\/1"}],"replies":[{"embeddable":true,"href":"https:\/\/equipvinyesdabad.com\/es\/wp-json\/wp\/v2\/comments?post=2032"}],"version-history":[{"count":3,"href":"https:\/\/equipvinyesdabad.com\/es\/wp-json\/wp\/v2\/posts\/2032\/revisions"}],"predecessor-version":[{"id":3785,"href":"https:\/\/equipvinyesdabad.com\/es\/wp-json\/wp\/v2\/posts\/2032\/revisions\/3785"}],"wp:featuredmedia":[{"embeddable":true,"href":"https:\/\/equipvinyesdabad.com\/es\/wp-json\/wp\/v2\/media\/1477"}],"wp:attachment":[{"href":"https:\/\/equipvinyesdabad.com\/es\/wp-json\/wp\/v2\/media?parent=2032"}],"wp:term":[{"taxonomy":"category","embeddable":true,"href":"https:\/\/equipvinyesdabad.com\/es\/wp-json\/wp\/v2\/categories?post=2032"},{"taxonomy":"post_tag","embeddable":true,"href":"https:\/\/equipvinyesdabad.com\/es\/wp-json\/wp\/v2\/tags?post=2032"}],"curies":[{"name":"wp","href":"https:\/\/api.w.org\/{rel}","templated":true}]}}