{"id":2050,"date":"2022-06-08T00:00:00","date_gmt":"2022-06-08T00:00:00","guid":{"rendered":"https:\/\/equipvinyesdabad.com\/?p=2050"},"modified":"2024-10-31T20:15:36","modified_gmt":"2024-10-31T20:15:36","slug":"vinyes-mercader-suzuki-swift-r4lly-s-vuelven-al-rally-polonia-alli-empezo-todo","status":"publish","type":"post","link":"https:\/\/equipvinyesdabad.com\/es\/rallys\/vinyes-mercader-suzuki-swift-r4lly-s-vuelven-al-rally-polonia-alli-empezo-todo\/","title":{"rendered":"Vinyes-Mercader (Suzuki Swift R4lly S), vuelven al Rally Polonia. \u00a1All\u00ed empez\u00f3 todo!."},"content":{"rendered":"<p style=\"text-align: justify;\"><span style=\"font-size: medium;\"><strong>El calor y la gran cantidad de polvo fueron obst&aacute;culos a batir, hace un a&ntilde;o. &iquest;Cual ser&aacute; el escenario 2022?<\/strong><\/span><\/p>\n<p style=\"text-align: justify;\">&nbsp;<\/p>\n<p style=\"text-align: justify;\"><strong>El Campeonato de Europa de Rallys (ERC) superar&aacute; su ecuador con la disputa del 78 Rally de Polonia, cuarta prueba de la temporada y tercera que se disputar&aacute; sobre pistas de tierra. Precisamente en la prueba polaca, hace aproximadamente un a&ntilde;o, fue donde Joan Vinyes-Jordi Mercader y el equipo Suzuki Motorsport, dieron sus primeros pasos en un calendario internacional de reconocido prestigio. &nbsp;<\/strong><\/p>\n<p>Joan Vinyes afrontar&aacute; la presente edici&oacute;n del rally de Polonia como l&iacute;der de la categor&iacute;a ERCOpen, posici&oacute;n que, junto a Jordi Mercader y al volante del Suzuki Swift R4lly S) intentar&aacute;n reforzar en unas especiales que el a&ntilde;o pasado le gustaron mucho, pero, en general, la dificultad del rally no permite un momento de distracci&oacute;n. Adem&aacute;s Vinyes nos comentaba: <em><strong>&ldquo;En mi primer paso por la&nbsp; prueba polaca aprend&iacute; mucho. Me gustar&iacute;a seguir en esta l&iacute;nea&rdquo;<\/strong><\/em><\/p>\n<p><strong>Las jornadas previas volver&aacute;n a ser maratonianas.<\/strong><br \/>Los <strong>reconocimientos de las cronometradas<\/strong> tendr&aacute;n en el jueves (d&iacute;a 9), una jornada densa en la que los equipos inscritos tendr&aacute;n 12 horas (entre la (8:00 y las 20:15 horas), para reconocer, en coche de calle, las especiales en las que, durante el fin de semana, luchar&aacute;n por una posici&oacute;n de m&eacute;rito en la clasificaci&oacute;n final. A primera hora del viernes (d&iacute;a 10), en concreto entre las 8:00 y las 9:45, tienen una margen de tiempo para dar un &uacute;ltimo repaso a alguna especial.<\/p>\n<p>La actividad del mismo viernes tiene continuidad entre las 14:00 y las 15:30 horas con la disputa del <strong>shakedown<\/strong>, dos pasadas por una especial de unos 3 km, de la zona de Baronowo, que los equipos aprovechar&aacute;n para dar los &uacute;ltimos retoques a sus mec&aacute;nicas de competici&oacute;n, antes de iniciar el rally. <\/p>\n<p>Precisamente el inicio del rally est&aacute; previsto a las<strong> 17:00 horas (ceremonia de salida)<\/strong> y a partir de las 18:45 horas comenzar&aacute; <strong>el TC0 (Mikolajki-Arena), una cronometrada de 2,5 km,<\/strong> que los equipos disputan por parejas, es decir salen dos veh&iacute;culos a la vez, ante miles de aficionados que se concentran justo a lado del parque de asistencia.&nbsp;&nbsp; &nbsp;<br \/>&nbsp; &nbsp;<br \/><strong>Se mantienen las ubicaciones, pero cambian la mayor&iacute;a de trazados.<\/strong><br \/>Durante la primera jornada de competici&oacute;n, los equipos se desplazaran hacia el nordeste del pais para disputar en aquella zona la mayor&iacute;a de cronometradas del d&iacute;a. Del bucle de tres especiales que se disputar&aacute;n dos veces cada una, cabe destacar la denominada <strong>Wieliczki, sus 24,36 km,<\/strong> marcar&aacute; diferencias importantes en las clasificaciones.<\/p>\n<p>Cabe mencionar esta primera etapa, los equipos pasar&aacute;n por segunda vez por el tramo espect&aacute;culo Mikolajki-Arena.<\/p>\n<p>Un dato relevante de esta primera jornada del Rally Polonia 2022 es que los pilotos tendr&aacute;n que superar, a parte de las especiales cronometradas, casi 400 km, de enlace.<\/p>\n<p>El segundo bucle de especiales, que se correr&aacute; el domingo (d&iacute;a 12), se encuentra en zonas m&aacute;s cercanas al parque de asistencia de Mikolajki y las pistas son, en general, muy diferentes a las de la jornada anterior. En esta ocasi&oacute;n, las pistas son compactas con piedra i discurren por caminos estrechos entre &aacute;rboles.<\/p>\n<p>La cronometrada estrella de la jornada es la denominada <strong>Swietajno, con 18,61 km<\/strong>, todo un reto para pilotos y mec&aacute;nicas en la recta final del rally.&nbsp; En esta segunda etapa los supervivientes de la prueba se ahorrar&aacute;n el largo enlace, con cronometradas incluidas, hasta Varsovia, habitual en otras ediciones del rally. As&iacute; pues, el Polonia 2022 empezar&aacute; y terminar&aacute; en Mikolajki. <\/p>\n<p>En total el Rally Polonia tiene un trazado de 852,33 km, de los cuales 188,10 ser&aacute;n de velocidad. <\/p>\n<p><em><strong>&ldquo;Afrontar por segunda vez una prueba te da m&aacute;s confianza por que conoces muchas cosas de lo que te vas a encontrar, no obstante tienes que tener muy presente que, en una prueba de esta magnitud siempre pueden sorprenderte, hay que estar preparado para improvisar si es necesario&rdquo;.<\/strong> <\/em>Era el comentario de Vinyes antes de partir hacia Mikolajki, adem&aacute;s a&ntilde;ad&iacute;a: <em><strong>&ldquo;Algo que puede variar de manera importante el planteamiento que te puedas hacer ahora mismo es la climatolog&iacute;a. No hay que olvidar que es un rally de tierra y que la lluvia puede dejar las pistas irreconocibles de un d&iacute;a para otro. En fin, sobre la marcha. El objetivo es seguir sumando puntos en la provisional y si se puede ir ampliando diferencias.&rdquo;<\/strong><\/em><\/p>\n<p>Un a&ntilde;o m&aacute;s los turistas que est&aacute;n pasando unas tranquilas vacaciones en el Hotel Golebiewski, de la localidad de Mikolajki, compartir&aacute;n la espacios con los equipos, organizadores, prensa,&#8230;&nbsp; que participan en el Rally Polonia 2022. Sin duda la actitud relajada de los turistas contrasta con la actividad fren&eacute;tica de los &ldquo;clientes&rdquo; ocasionales de la entidad hotelera. <\/p>\n<p>Las instalaciones administrativas y log&iacute;sticas del mencionado hotel se convertir&aacute;n durante una semana en el n&uacute;cleo central de una prueba del Campeonato de Europa de rallys. El 78 Rally de Polonia.<br \/>&nbsp;<\/p>\n<p>&nbsp;<\/p>\n<p style=\"text-align: right;\"><span style=\"font-size: medium;\"><a href=\"https:\/\/www.infoesport.org\/ImgNoticia\/2022\/220612ViPolonia1c.pdf\"><strong><span style=\"font-size: x-small;\"><strong><strong><strong><strong><img loading=\"lazy\" decoding=\"async\" style=\"float: right;\" src=\"http:\/\/www.infoesport.org\/auxiliar\/fot\/logos\/icono_pdf.gif\" alt=\"\" width=\"50\" height=\"50\" \/><\/strong><\/strong><\/strong><\/strong><\/span><\/strong><\/a><\/span>Servicio de Prensa.<\/p>\n<p style=\"text-align: justify;\">&nbsp;<\/p>\n<p style=\"text-align: center;\"><strong>Clasificaci&oacute;n&nbsp; provisional del ERCopen , despu&eacute;s de la disputa de los tres primeros rallys del calendario.<\/strong><\/p>\n<p><strong>1. Joan VInyes, 84 puntos, <\/strong>2. Alberto Monarri, 69 p., 3. Martins Seks, 30 p.<\/p>\n","protected":false},"excerpt":{"rendered":"<p>El calor y la gran cantidad de polvo fueron obst\u00e1culos a batir, hace un a\u00f1o. \u00bfCual ser\u00e1 el escenario 2022?<\/p>\n","protected":false},"author":1,"featured_media":1486,"comment_status":"closed","ping_status":"closed","sticky":false,"template":"","format":"standard","meta":{"_kadence_starter_templates_imported_post":false,"_kad_post_transparent":"","_kad_post_title":"","_kad_post_layout":"","_kad_post_sidebar_id":"","_kad_post_content_style":"","_kad_post_vertical_padding":"","_kad_post_feature":"","_kad_post_feature_position":"","_kad_post_header":false,"_kad_post_footer":false,"_kad_post_classname":"","footnotes":""},"categories":[46,60],"tags":[],"class_list":["post-2050","post","type-post","status-publish","format-standard","has-post-thumbnail","hentry","category-rallys","category-rallys-asfalto"],"yoast_head":"<!-- This site is optimized with the Yoast SEO plugin v27.4 - https:\/\/yoast.com\/product\/yoast-seo-wordpress\/ -->\n<title>Vinyes-Mercader (Suzuki Swift R4lly S), vuelven al Rally Polonia. \u00a1All\u00ed empez\u00f3 todo!. - Equip vinyes dabad<\/title>\n<meta name=\"robots\" content=\"index, follow, max-snippet:-1, max-image-preview:large, max-video-preview:-1\" \/>\n<link rel=\"canonical\" href=\"https:\/\/equipvinyesdabad.com\/es\/rallys\/vinyes-mercader-suzuki-swift-r4lly-s-vuelven-al-rally-polonia-alli-empezo-todo\/\" \/>\n<meta property=\"og:locale\" content=\"es_ES\" \/>\n<meta property=\"og:type\" content=\"article\" \/>\n<meta property=\"og:title\" content=\"Vinyes-Mercader (Suzuki Swift R4lly S), vuelven al Rally Polonia. \u00a1All\u00ed empez\u00f3 todo!. - Equip vinyes dabad\" \/>\n<meta property=\"og:description\" content=\"El calor y la gran cantidad de polvo fueron obst\u00e1culos a batir, hace un a\u00f1o. \u00bfCual ser\u00e1 el escenario 2022?\" \/>\n<meta property=\"og:url\" content=\"https:\/\/equipvinyesdabad.com\/es\/rallys\/vinyes-mercader-suzuki-swift-r4lly-s-vuelven-al-rally-polonia-alli-empezo-todo\/\" \/>\n<meta property=\"og:site_name\" content=\"Equip vinyes dabad\" \/>\n<meta property=\"article:published_time\" content=\"2022-06-08T00:00:00+00:00\" \/>\n<meta property=\"article:modified_time\" content=\"2024-10-31T20:15:36+00:00\" \/>\n<meta property=\"og:image\" content=\"https:\/\/equipvinyesdabad.com\/wp-content\/uploads\/2024\/10\/logo_vinyes_dabad.png\" \/>\n\t<meta property=\"og:image:width\" content=\"250\" \/>\n\t<meta property=\"og:image:height\" content=\"130\" \/>\n\t<meta property=\"og:image:type\" content=\"image\/png\" \/>\n<meta name=\"author\" content=\"admin\" \/>\n<meta name=\"twitter:card\" content=\"summary_large_image\" \/>\n<meta name=\"twitter:label1\" content=\"Escrito por\" \/>\n\t<meta name=\"twitter:data1\" content=\"admin\" \/>\n\t<meta name=\"twitter:label2\" content=\"Tiempo de lectura\" \/>\n\t<meta name=\"twitter:data2\" content=\"5 minutos\" \/>\n<script type=\"application\/ld+json\" class=\"yoast-schema-graph\">{\"@context\":\"https:\\\/\\\/schema.org\",\"@graph\":[{\"@type\":\"Article\",\"@id\":\"https:\\\/\\\/equipvinyesdabad.com\\\/es\\\/rallys\\\/vinyes-mercader-suzuki-swift-r4lly-s-vuelven-al-rally-polonia-alli-empezo-todo\\\/#article\",\"isPartOf\":{\"@id\":\"https:\\\/\\\/equipvinyesdabad.com\\\/es\\\/rallys\\\/vinyes-mercader-suzuki-swift-r4lly-s-vuelven-al-rally-polonia-alli-empezo-todo\\\/\"},\"author\":{\"name\":\"admin\",\"@id\":\"https:\\\/\\\/equipvinyesdabad.com\\\/es\\\/#\\\/schema\\\/person\\\/962b4c681d63fd4fbd546ec83b775c1b\"},\"headline\":\"Vinyes-Mercader (Suzuki Swift R4lly S), vuelven al Rally Polonia. \u00a1All\u00ed empez\u00f3 todo!.\",\"datePublished\":\"2022-06-08T00:00:00+00:00\",\"dateModified\":\"2024-10-31T20:15:36+00:00\",\"mainEntityOfPage\":{\"@id\":\"https:\\\/\\\/equipvinyesdabad.com\\\/es\\\/rallys\\\/vinyes-mercader-suzuki-swift-r4lly-s-vuelven-al-rally-polonia-alli-empezo-todo\\\/\"},\"wordCount\":974,\"image\":{\"@id\":\"https:\\\/\\\/equipvinyesdabad.com\\\/es\\\/rallys\\\/vinyes-mercader-suzuki-swift-r4lly-s-vuelven-al-rally-polonia-alli-empezo-todo\\\/#primaryimage\"},\"thumbnailUrl\":\"https:\\\/\\\/equipvinyesdabad.com\\\/wp-content\\\/uploads\\\/2022\\\/06\\\/49ViPolonia7101.jpg\",\"articleSection\":[\"Rallys\",\"Rallys asfalto\"],\"inLanguage\":\"es\"},{\"@type\":\"WebPage\",\"@id\":\"https:\\\/\\\/equipvinyesdabad.com\\\/es\\\/rallys\\\/vinyes-mercader-suzuki-swift-r4lly-s-vuelven-al-rally-polonia-alli-empezo-todo\\\/\",\"url\":\"https:\\\/\\\/equipvinyesdabad.com\\\/es\\\/rallys\\\/vinyes-mercader-suzuki-swift-r4lly-s-vuelven-al-rally-polonia-alli-empezo-todo\\\/\",\"name\":\"Vinyes-Mercader (Suzuki Swift R4lly S), vuelven al Rally Polonia. \u00a1All\u00ed empez\u00f3 todo!. - Equip vinyes dabad\",\"isPartOf\":{\"@id\":\"https:\\\/\\\/equipvinyesdabad.com\\\/es\\\/#website\"},\"primaryImageOfPage\":{\"@id\":\"https:\\\/\\\/equipvinyesdabad.com\\\/es\\\/rallys\\\/vinyes-mercader-suzuki-swift-r4lly-s-vuelven-al-rally-polonia-alli-empezo-todo\\\/#primaryimage\"},\"image\":{\"@id\":\"https:\\\/\\\/equipvinyesdabad.com\\\/es\\\/rallys\\\/vinyes-mercader-suzuki-swift-r4lly-s-vuelven-al-rally-polonia-alli-empezo-todo\\\/#primaryimage\"},\"thumbnailUrl\":\"https:\\\/\\\/equipvinyesdabad.com\\\/wp-content\\\/uploads\\\/2022\\\/06\\\/49ViPolonia7101.jpg\",\"datePublished\":\"2022-06-08T00:00:00+00:00\",\"dateModified\":\"2024-10-31T20:15:36+00:00\",\"author\":{\"@id\":\"https:\\\/\\\/equipvinyesdabad.com\\\/es\\\/#\\\/schema\\\/person\\\/962b4c681d63fd4fbd546ec83b775c1b\"},\"breadcrumb\":{\"@id\":\"https:\\\/\\\/equipvinyesdabad.com\\\/es\\\/rallys\\\/vinyes-mercader-suzuki-swift-r4lly-s-vuelven-al-rally-polonia-alli-empezo-todo\\\/#breadcrumb\"},\"inLanguage\":\"es\",\"potentialAction\":[{\"@type\":\"ReadAction\",\"target\":[\"https:\\\/\\\/equipvinyesdabad.com\\\/es\\\/rallys\\\/vinyes-mercader-suzuki-swift-r4lly-s-vuelven-al-rally-polonia-alli-empezo-todo\\\/\"]}]},{\"@type\":\"ImageObject\",\"inLanguage\":\"es\",\"@id\":\"https:\\\/\\\/equipvinyesdabad.com\\\/es\\\/rallys\\\/vinyes-mercader-suzuki-swift-r4lly-s-vuelven-al-rally-polonia-alli-empezo-todo\\\/#primaryimage\",\"url\":\"https:\\\/\\\/equipvinyesdabad.com\\\/wp-content\\\/uploads\\\/2022\\\/06\\\/49ViPolonia7101.jpg\",\"contentUrl\":\"https:\\\/\\\/equipvinyesdabad.com\\\/wp-content\\\/uploads\\\/2022\\\/06\\\/49ViPolonia7101.jpg\"},{\"@type\":\"BreadcrumbList\",\"@id\":\"https:\\\/\\\/equipvinyesdabad.com\\\/es\\\/rallys\\\/vinyes-mercader-suzuki-swift-r4lly-s-vuelven-al-rally-polonia-alli-empezo-todo\\\/#breadcrumb\",\"itemListElement\":[{\"@type\":\"ListItem\",\"position\":1,\"name\":\"Inicio\",\"item\":\"https:\\\/\\\/equipvinyesdabad.com\\\/es\\\/\"},{\"@type\":\"ListItem\",\"position\":2,\"name\":\"Vinyes-Mercader (Suzuki Swift R4lly S), vuelven al Rally Polonia. \u00a1All\u00ed empez\u00f3 todo!.\"}]},{\"@type\":\"WebSite\",\"@id\":\"https:\\\/\\\/equipvinyesdabad.com\\\/es\\\/#website\",\"url\":\"https:\\\/\\\/equipvinyesdabad.com\\\/es\\\/\",\"name\":\"Equip vinyes dabad\",\"description\":\"\",\"potentialAction\":[{\"@type\":\"SearchAction\",\"target\":{\"@type\":\"EntryPoint\",\"urlTemplate\":\"https:\\\/\\\/equipvinyesdabad.com\\\/es\\\/?s={search_term_string}\"},\"query-input\":{\"@type\":\"PropertyValueSpecification\",\"valueRequired\":true,\"valueName\":\"search_term_string\"}}],\"inLanguage\":\"es\"},{\"@type\":\"Person\",\"@id\":\"https:\\\/\\\/equipvinyesdabad.com\\\/es\\\/#\\\/schema\\\/person\\\/962b4c681d63fd4fbd546ec83b775c1b\",\"name\":\"admin\",\"image\":{\"@type\":\"ImageObject\",\"inLanguage\":\"es\",\"@id\":\"https:\\\/\\\/secure.gravatar.com\\\/avatar\\\/6d1c6cfbf1c3aed75f7a05f946b76867c29d677b49f81545b6b9bc58677b08a0?s=96&d=mm&r=g\",\"url\":\"https:\\\/\\\/secure.gravatar.com\\\/avatar\\\/6d1c6cfbf1c3aed75f7a05f946b76867c29d677b49f81545b6b9bc58677b08a0?s=96&d=mm&r=g\",\"contentUrl\":\"https:\\\/\\\/secure.gravatar.com\\\/avatar\\\/6d1c6cfbf1c3aed75f7a05f946b76867c29d677b49f81545b6b9bc58677b08a0?s=96&d=mm&r=g\",\"caption\":\"admin\"},\"sameAs\":[\"https:\\\/\\\/equipvinyesdabad.com\"],\"url\":\"https:\\\/\\\/equipvinyesdabad.com\\\/es\\\/author\\\/web1\\\/\"}]}<\/script>\n<!-- \/ Yoast SEO plugin. -->","yoast_head_json":{"title":"Vinyes-Mercader (Suzuki Swift R4lly S), vuelven al Rally Polonia. \u00a1All\u00ed empez\u00f3 todo!. - Equip vinyes dabad","robots":{"index":"index","follow":"follow","max-snippet":"max-snippet:-1","max-image-preview":"max-image-preview:large","max-video-preview":"max-video-preview:-1"},"canonical":"https:\/\/equipvinyesdabad.com\/es\/rallys\/vinyes-mercader-suzuki-swift-r4lly-s-vuelven-al-rally-polonia-alli-empezo-todo\/","og_locale":"es_ES","og_type":"article","og_title":"Vinyes-Mercader (Suzuki Swift R4lly S), vuelven al Rally Polonia. \u00a1All\u00ed empez\u00f3 todo!. - Equip vinyes dabad","og_description":"El calor y la gran cantidad de polvo fueron obst\u00e1culos a batir, hace un a\u00f1o. \u00bfCual ser\u00e1 el escenario 2022?","og_url":"https:\/\/equipvinyesdabad.com\/es\/rallys\/vinyes-mercader-suzuki-swift-r4lly-s-vuelven-al-rally-polonia-alli-empezo-todo\/","og_site_name":"Equip vinyes dabad","article_published_time":"2022-06-08T00:00:00+00:00","article_modified_time":"2024-10-31T20:15:36+00:00","og_image":[{"width":250,"height":130,"url":"https:\/\/equipvinyesdabad.com\/wp-content\/uploads\/2024\/10\/logo_vinyes_dabad.png","type":"image\/png"}],"author":"admin","twitter_card":"summary_large_image","twitter_misc":{"Escrito por":"admin","Tiempo de lectura":"5 minutos"},"schema":{"@context":"https:\/\/schema.org","@graph":[{"@type":"Article","@id":"https:\/\/equipvinyesdabad.com\/es\/rallys\/vinyes-mercader-suzuki-swift-r4lly-s-vuelven-al-rally-polonia-alli-empezo-todo\/#article","isPartOf":{"@id":"https:\/\/equipvinyesdabad.com\/es\/rallys\/vinyes-mercader-suzuki-swift-r4lly-s-vuelven-al-rally-polonia-alli-empezo-todo\/"},"author":{"name":"admin","@id":"https:\/\/equipvinyesdabad.com\/es\/#\/schema\/person\/962b4c681d63fd4fbd546ec83b775c1b"},"headline":"Vinyes-Mercader (Suzuki Swift R4lly S), vuelven al Rally Polonia. \u00a1All\u00ed empez\u00f3 todo!.","datePublished":"2022-06-08T00:00:00+00:00","dateModified":"2024-10-31T20:15:36+00:00","mainEntityOfPage":{"@id":"https:\/\/equipvinyesdabad.com\/es\/rallys\/vinyes-mercader-suzuki-swift-r4lly-s-vuelven-al-rally-polonia-alli-empezo-todo\/"},"wordCount":974,"image":{"@id":"https:\/\/equipvinyesdabad.com\/es\/rallys\/vinyes-mercader-suzuki-swift-r4lly-s-vuelven-al-rally-polonia-alli-empezo-todo\/#primaryimage"},"thumbnailUrl":"https:\/\/equipvinyesdabad.com\/wp-content\/uploads\/2022\/06\/49ViPolonia7101.jpg","articleSection":["Rallys","Rallys asfalto"],"inLanguage":"es"},{"@type":"WebPage","@id":"https:\/\/equipvinyesdabad.com\/es\/rallys\/vinyes-mercader-suzuki-swift-r4lly-s-vuelven-al-rally-polonia-alli-empezo-todo\/","url":"https:\/\/equipvinyesdabad.com\/es\/rallys\/vinyes-mercader-suzuki-swift-r4lly-s-vuelven-al-rally-polonia-alli-empezo-todo\/","name":"Vinyes-Mercader (Suzuki Swift R4lly S), vuelven al Rally Polonia. \u00a1All\u00ed empez\u00f3 todo!. - Equip vinyes dabad","isPartOf":{"@id":"https:\/\/equipvinyesdabad.com\/es\/#website"},"primaryImageOfPage":{"@id":"https:\/\/equipvinyesdabad.com\/es\/rallys\/vinyes-mercader-suzuki-swift-r4lly-s-vuelven-al-rally-polonia-alli-empezo-todo\/#primaryimage"},"image":{"@id":"https:\/\/equipvinyesdabad.com\/es\/rallys\/vinyes-mercader-suzuki-swift-r4lly-s-vuelven-al-rally-polonia-alli-empezo-todo\/#primaryimage"},"thumbnailUrl":"https:\/\/equipvinyesdabad.com\/wp-content\/uploads\/2022\/06\/49ViPolonia7101.jpg","datePublished":"2022-06-08T00:00:00+00:00","dateModified":"2024-10-31T20:15:36+00:00","author":{"@id":"https:\/\/equipvinyesdabad.com\/es\/#\/schema\/person\/962b4c681d63fd4fbd546ec83b775c1b"},"breadcrumb":{"@id":"https:\/\/equipvinyesdabad.com\/es\/rallys\/vinyes-mercader-suzuki-swift-r4lly-s-vuelven-al-rally-polonia-alli-empezo-todo\/#breadcrumb"},"inLanguage":"es","potentialAction":[{"@type":"ReadAction","target":["https:\/\/equipvinyesdabad.com\/es\/rallys\/vinyes-mercader-suzuki-swift-r4lly-s-vuelven-al-rally-polonia-alli-empezo-todo\/"]}]},{"@type":"ImageObject","inLanguage":"es","@id":"https:\/\/equipvinyesdabad.com\/es\/rallys\/vinyes-mercader-suzuki-swift-r4lly-s-vuelven-al-rally-polonia-alli-empezo-todo\/#primaryimage","url":"https:\/\/equipvinyesdabad.com\/wp-content\/uploads\/2022\/06\/49ViPolonia7101.jpg","contentUrl":"https:\/\/equipvinyesdabad.com\/wp-content\/uploads\/2022\/06\/49ViPolonia7101.jpg"},{"@type":"BreadcrumbList","@id":"https:\/\/equipvinyesdabad.com\/es\/rallys\/vinyes-mercader-suzuki-swift-r4lly-s-vuelven-al-rally-polonia-alli-empezo-todo\/#breadcrumb","itemListElement":[{"@type":"ListItem","position":1,"name":"Inicio","item":"https:\/\/equipvinyesdabad.com\/es\/"},{"@type":"ListItem","position":2,"name":"Vinyes-Mercader (Suzuki Swift R4lly S), vuelven al Rally Polonia. \u00a1All\u00ed empez\u00f3 todo!."}]},{"@type":"WebSite","@id":"https:\/\/equipvinyesdabad.com\/es\/#website","url":"https:\/\/equipvinyesdabad.com\/es\/","name":"Equip vinyes dabad","description":"","potentialAction":[{"@type":"SearchAction","target":{"@type":"EntryPoint","urlTemplate":"https:\/\/equipvinyesdabad.com\/es\/?s={search_term_string}"},"query-input":{"@type":"PropertyValueSpecification","valueRequired":true,"valueName":"search_term_string"}}],"inLanguage":"es"},{"@type":"Person","@id":"https:\/\/equipvinyesdabad.com\/es\/#\/schema\/person\/962b4c681d63fd4fbd546ec83b775c1b","name":"admin","image":{"@type":"ImageObject","inLanguage":"es","@id":"https:\/\/secure.gravatar.com\/avatar\/6d1c6cfbf1c3aed75f7a05f946b76867c29d677b49f81545b6b9bc58677b08a0?s=96&d=mm&r=g","url":"https:\/\/secure.gravatar.com\/avatar\/6d1c6cfbf1c3aed75f7a05f946b76867c29d677b49f81545b6b9bc58677b08a0?s=96&d=mm&r=g","contentUrl":"https:\/\/secure.gravatar.com\/avatar\/6d1c6cfbf1c3aed75f7a05f946b76867c29d677b49f81545b6b9bc58677b08a0?s=96&d=mm&r=g","caption":"admin"},"sameAs":["https:\/\/equipvinyesdabad.com"],"url":"https:\/\/equipvinyesdabad.com\/es\/author\/web1\/"}]}},"_links":{"self":[{"href":"https:\/\/equipvinyesdabad.com\/es\/wp-json\/wp\/v2\/posts\/2050","targetHints":{"allow":["GET"]}}],"collection":[{"href":"https:\/\/equipvinyesdabad.com\/es\/wp-json\/wp\/v2\/posts"}],"about":[{"href":"https:\/\/equipvinyesdabad.com\/es\/wp-json\/wp\/v2\/types\/post"}],"author":[{"embeddable":true,"href":"https:\/\/equipvinyesdabad.com\/es\/wp-json\/wp\/v2\/users\/1"}],"replies":[{"embeddable":true,"href":"https:\/\/equipvinyesdabad.com\/es\/wp-json\/wp\/v2\/comments?post=2050"}],"version-history":[{"count":3,"href":"https:\/\/equipvinyesdabad.com\/es\/wp-json\/wp\/v2\/posts\/2050\/revisions"}],"predecessor-version":[{"id":3820,"href":"https:\/\/equipvinyesdabad.com\/es\/wp-json\/wp\/v2\/posts\/2050\/revisions\/3820"}],"wp:featuredmedia":[{"embeddable":true,"href":"https:\/\/equipvinyesdabad.com\/es\/wp-json\/wp\/v2\/media\/1486"}],"wp:attachment":[{"href":"https:\/\/equipvinyesdabad.com\/es\/wp-json\/wp\/v2\/media?parent=2050"}],"wp:term":[{"taxonomy":"category","embeddable":true,"href":"https:\/\/equipvinyesdabad.com\/es\/wp-json\/wp\/v2\/categories?post=2050"},{"taxonomy":"post_tag","embeddable":true,"href":"https:\/\/equipvinyesdabad.com\/es\/wp-json\/wp\/v2\/tags?post=2050"}],"curies":[{"name":"wp","href":"https:\/\/api.w.org\/{rel}","templated":true}]}}