{"id":2117,"date":"2021-07-01T00:00:00","date_gmt":"2021-07-01T00:00:00","guid":{"rendered":"https:\/\/equipvinyesdabad.com\/?p=2117"},"modified":"2024-10-22T08:51:06","modified_gmt":"2024-10-22T08:51:06","slug":"joan-vinyes-jordi-mercader-seat-ibiza-kit-car-correran-el-ralli-osona-2021","status":"publish","type":"post","link":"https:\/\/equipvinyesdabad.com\/es\/rallys\/joan-vinyes-jordi-mercader-seat-ibiza-kit-car-correran-el-ralli-osona-2021\/","title":{"rendered":"Joan Vinyes &#8211; Jordi Mercader (Seat Ibiza kit car) correr\u00e1n el Ral\u00b7li Osona 2021."},"content":{"rendered":"<p style=\"text-align: justify;\"><span style=\"font-size: medium;\"><strong>Mantener el ritmo de competici&oacute;n, el principal objetivo del t&aacute;ndem de Suzuki Ib&eacute;rica Motorsport.<\/strong> <\/span><\/p>\n<p style=\"text-align: justify;\">&nbsp;<\/p>\n<p style=\"text-align: justify;\">Llega el primer fin de semana de julio (d&iacute;as 2 y 3)&nbsp; y, como suele a ser habitual, los equipos que tienen como uno de los objetivos de la temporada&nbsp; el Campeonato de Catalu&ntilde;a de Rallys (CCR), rendir&aacute;n su visita anual a las carreteras de comarca de Osona para disputar otra edici&oacute;n, esta temporada la 52a, del rally del mismo nombre. <\/p>\n<p>A parte de los que disputan el catal&aacute;n de la especialidad, tambi&eacute;n hay equipos que acuden a la cita con otro prop&oacute;sito. En este apartado hay que anotar a&nbsp; Joan Vinyes &#8211; Jordi Mercader, que al volante de un Seat Ibiza Kit Car, no solo retrocedir&aacute;n 25 a&ntilde;os en la historia de los rallys sino que adem&aacute;s intentar&aacute;n mantener el mejor ritmo de competici&oacute;n, sobre todo, pensando en el futuro pr&oacute;ximo pilotando su mec&aacute;nica habitual en el 2021, el Suzuki Swift R4lly S. &nbsp;<\/p>\n<p><strong>Las instalaciones del Karting Osona n&uacute;cleo del rally.<\/strong><br \/>En concreto el aparcamiento del circuito de la Escuder&iacute;a Osona coger&aacute; a los veh&iacute;culos de asistencia de los diferentes participantes. Tambi&eacute;n se realizar&aacute;n en la misma instalaci&oacute;n las ceremonias de salida y entrega de trofeos, verificaciones y en general todas las acciones administrativas que conlleva una prueba de estas caracter&iacute;sticas. &nbsp;<\/p>\n<p><strong>Un Osona 2021 sin novedades en cuanto al trazado.<\/strong><br \/>El bucle a superar en las secciones iniciales (s&aacute;bado d&iacute;a 3), es muy conocido tanto por la mayor&iacute;a de participantes como por los aficionados, son: <strong>La Trona (11,655 km), La Costa dels Gats (6,594 km) y El Cobert (10,553 km).<\/strong> Comentar que la especial menos habitual en este bucle inicial es el Cobert, quiz&aacute; , mas conocida por ser los primeros kil&oacute;metros de Alpens-Les Llosses. En estas primeras secciones, las especiales cronometradas mencionadas se disputar&aacute;n dos veces cada una.<\/p>\n<p>En la continuaci&oacute;n (el mismo s&aacute;bado d&iacute;a 3) las cronometradas que se disputar&aacute;n, tambi&eacute;n dos veces cada una, ser&aacute;n: <strong>La Vola (8,648 km), Fontfreda (8,633 km) y Coll de Mansa (5,245 km).<\/strong> <\/p>\n<p>El recorrido previsto por los miembros de la Escuder&iacute;a Osona tiene <strong>un total de 513,014 km, de los cuales el 20,01%, 102,656 km, ser&aacute;n cronometrados<\/strong>. Durante el rally se disputar&aacute;n <strong>12 especiales (6 diferentes) repartidas en cuatro secciones.<\/strong><\/p>\n<p>Para Joan Vinyes disputar el Rally Osona tiene connotaciones bien diferentes a los rallys que disputa durante la temporada, as&iacute; lo comentaba: <em><strong>Es muy cierto que, en esta ocasi&oacute;n, el Osona es la opci&oacute;n perfecta para mantener intacta la tensi&oacute;n de la competici&oacute;n entre las dos primeras pruebas del europeo del calendario del equipo Suzuki Ib&eacute;rica. Estuvimos corriendo hace unas semanas en Polonia y el &uacute;ltimo fin de semana de este mes de julio estaremos en el Rally de Roma. No hay duda que el Osona acortar&aacute; la espera de la prueba italiana algo positivo para empezar m&aacute;s enchufados, si cabe, la prueba italiana.<\/strong><\/em><\/p>\n<p>Otro detalle que, con toda seguridad, llamar&aacute; la atenci&oacute;n ser&aacute; la presencia del Seat Ibiza Kit Car en el parque cerrado inicial de la prueba de la Escuder&iacute;a Osona, Vinyes nos comentaba: <em><strong>Esta es sin duda una ilusi&oacute;n m&iacute;a, es un veh&iacute;culo con el que disfrut&eacute; mucho hace m&aacute;s de 20 a&ntilde;os en pruebas de los campeonatos de Espa&ntilde;a. As&iacute; pues, recordar viejos tiempos siempre motiva y para correr un rally sin la presi&oacute;n de estar mirando el crono, es indiferente con que mec&aacute;nica salgas a las especiales. Cuando me ponga el caso y me siente al volante del Ibiza no s&eacute; que puede pasar.&nbsp;&nbsp;<\/strong><\/em>&nbsp;&nbsp; &nbsp;<\/p>\n<p>De momento es toda una incognita, el equipo de Suzuki Ib&eacute;rica, empezar&aacute; a poner sus cartas boca arriba a partir de las 9, 01 horas del s&aacute;bado (d&iacute;a 3). El rally tiene prevista su finalizaci&oacute;n a medianoche del mismo s&aacute;bado con la entrega de trofeos que se celebrar&aacute; en el podio del Karting Osona. Destacar el parque cerrado de 2 horas (entre las 16,00 y las 18,00 horas), que enlazar&aacute; la disputa de los dos bucles del Ral&middot;li Osona 2021.<\/p>\n<p style=\"text-align: right;\">&nbsp;<\/p>\n<p style=\"text-align: right;\"><a href=\"http:\/\/www.infoesport.org\/imgNoticia\/2021\/210703ViOsona1c.pdf\"><strong><span style=\"font-size: x-small;\"><strong><strong><strong><strong><img loading=\"lazy\" decoding=\"async\" style=\"float: right;\" src=\"http:\/\/www.infoesport.org\/auxiliar\/fot\/logos\/icono_pdf.gif\" alt=\"\" width=\"50\" height=\"50\" \/><\/strong><\/strong><\/strong><\/strong><\/span><\/strong><\/a>Servicio de Prensa.<\/p>\n","protected":false},"excerpt":{"rendered":"<p>Mantener el ritmo de competici\u00f3n, el principal objetivo del t\u00e1ndem de Suzuki Ib\u00e9rica Motorsport. <\/p>\n","protected":false},"author":1,"featured_media":1520,"comment_status":"closed","ping_status":"closed","sticky":false,"template":"","format":"standard","meta":{"_kadence_starter_templates_imported_post":false,"_kad_post_transparent":"","_kad_post_title":"","_kad_post_layout":"","_kad_post_sidebar_id":"","_kad_post_content_style":"","_kad_post_vertical_padding":"","_kad_post_feature":"","_kad_post_feature_position":"","_kad_post_header":false,"_kad_post_footer":false,"_kad_post_classname":"","footnotes":""},"categories":[48,46],"tags":[],"class_list":["post-2117","post","type-post","status-publish","format-standard","has-post-thumbnail","hentry","category-rallis","category-rallys"],"yoast_head":"<!-- This site is optimized with the Yoast SEO plugin v27.4 - https:\/\/yoast.com\/product\/yoast-seo-wordpress\/ -->\n<title>Joan Vinyes - Jordi Mercader (Seat Ibiza kit car) correr\u00e1n el Ral\u00b7li Osona 2021. - Equip vinyes dabad<\/title>\n<meta name=\"robots\" content=\"index, follow, max-snippet:-1, max-image-preview:large, max-video-preview:-1\" \/>\n<link rel=\"canonical\" href=\"https:\/\/equipvinyesdabad.com\/es\/rallys\/joan-vinyes-jordi-mercader-seat-ibiza-kit-car-correran-el-ralli-osona-2021\/\" \/>\n<meta property=\"og:locale\" content=\"es_ES\" \/>\n<meta property=\"og:type\" content=\"article\" \/>\n<meta property=\"og:title\" content=\"Joan Vinyes - Jordi Mercader (Seat Ibiza kit car) correr\u00e1n el Ral\u00b7li Osona 2021. - Equip vinyes dabad\" \/>\n<meta property=\"og:description\" content=\"Mantener el ritmo de competici\u00f3n, el principal objetivo del t\u00e1ndem de Suzuki Ib\u00e9rica Motorsport.\" \/>\n<meta property=\"og:url\" content=\"https:\/\/equipvinyesdabad.com\/es\/rallys\/joan-vinyes-jordi-mercader-seat-ibiza-kit-car-correran-el-ralli-osona-2021\/\" \/>\n<meta property=\"og:site_name\" content=\"Equip vinyes dabad\" \/>\n<meta property=\"article:published_time\" content=\"2021-07-01T00:00:00+00:00\" \/>\n<meta property=\"article:modified_time\" content=\"2024-10-22T08:51:06+00:00\" \/>\n<meta property=\"og:image\" content=\"https:\/\/equipvinyesdabad.com\/wp-content\/uploads\/2024\/10\/logo_vinyes_dabad.png\" \/>\n\t<meta property=\"og:image:width\" content=\"250\" \/>\n\t<meta property=\"og:image:height\" content=\"130\" \/>\n\t<meta property=\"og:image:type\" content=\"image\/png\" \/>\n<meta name=\"author\" content=\"admin\" \/>\n<meta name=\"twitter:card\" content=\"summary_large_image\" \/>\n<meta name=\"twitter:label1\" content=\"Escrito por\" \/>\n\t<meta name=\"twitter:data1\" content=\"admin\" \/>\n\t<meta name=\"twitter:label2\" content=\"Tiempo de lectura\" \/>\n\t<meta name=\"twitter:data2\" content=\"4 minutos\" \/>\n<script type=\"application\/ld+json\" class=\"yoast-schema-graph\">{\"@context\":\"https:\\\/\\\/schema.org\",\"@graph\":[{\"@type\":\"Article\",\"@id\":\"https:\\\/\\\/equipvinyesdabad.com\\\/es\\\/rallys\\\/joan-vinyes-jordi-mercader-seat-ibiza-kit-car-correran-el-ralli-osona-2021\\\/#article\",\"isPartOf\":{\"@id\":\"https:\\\/\\\/equipvinyesdabad.com\\\/es\\\/rallys\\\/joan-vinyes-jordi-mercader-seat-ibiza-kit-car-correran-el-ralli-osona-2021\\\/\"},\"author\":{\"name\":\"admin\",\"@id\":\"https:\\\/\\\/equipvinyesdabad.com\\\/es\\\/#\\\/schema\\\/person\\\/962b4c681d63fd4fbd546ec83b775c1b\"},\"headline\":\"Joan Vinyes &#8211; Jordi Mercader (Seat Ibiza kit car) correr\u00e1n el Ral\u00b7li Osona 2021.\",\"datePublished\":\"2021-07-01T00:00:00+00:00\",\"dateModified\":\"2024-10-22T08:51:06+00:00\",\"mainEntityOfPage\":{\"@id\":\"https:\\\/\\\/equipvinyesdabad.com\\\/es\\\/rallys\\\/joan-vinyes-jordi-mercader-seat-ibiza-kit-car-correran-el-ralli-osona-2021\\\/\"},\"wordCount\":800,\"image\":{\"@id\":\"https:\\\/\\\/equipvinyesdabad.com\\\/es\\\/rallys\\\/joan-vinyes-jordi-mercader-seat-ibiza-kit-car-correran-el-ralli-osona-2021\\\/#primaryimage\"},\"thumbnailUrl\":\"https:\\\/\\\/equipvinyesdabad.com\\\/wp-content\\\/uploads\\\/2021\\\/07\\\/XXJVIbiza7595.jpg\",\"articleSection\":[\"Ral\u00b7lis\",\"Rallys\"],\"inLanguage\":\"es\"},{\"@type\":\"WebPage\",\"@id\":\"https:\\\/\\\/equipvinyesdabad.com\\\/es\\\/rallys\\\/joan-vinyes-jordi-mercader-seat-ibiza-kit-car-correran-el-ralli-osona-2021\\\/\",\"url\":\"https:\\\/\\\/equipvinyesdabad.com\\\/es\\\/rallys\\\/joan-vinyes-jordi-mercader-seat-ibiza-kit-car-correran-el-ralli-osona-2021\\\/\",\"name\":\"Joan Vinyes - Jordi Mercader (Seat Ibiza kit car) correr\u00e1n el Ral\u00b7li Osona 2021. - Equip vinyes dabad\",\"isPartOf\":{\"@id\":\"https:\\\/\\\/equipvinyesdabad.com\\\/es\\\/#website\"},\"primaryImageOfPage\":{\"@id\":\"https:\\\/\\\/equipvinyesdabad.com\\\/es\\\/rallys\\\/joan-vinyes-jordi-mercader-seat-ibiza-kit-car-correran-el-ralli-osona-2021\\\/#primaryimage\"},\"image\":{\"@id\":\"https:\\\/\\\/equipvinyesdabad.com\\\/es\\\/rallys\\\/joan-vinyes-jordi-mercader-seat-ibiza-kit-car-correran-el-ralli-osona-2021\\\/#primaryimage\"},\"thumbnailUrl\":\"https:\\\/\\\/equipvinyesdabad.com\\\/wp-content\\\/uploads\\\/2021\\\/07\\\/XXJVIbiza7595.jpg\",\"datePublished\":\"2021-07-01T00:00:00+00:00\",\"dateModified\":\"2024-10-22T08:51:06+00:00\",\"author\":{\"@id\":\"https:\\\/\\\/equipvinyesdabad.com\\\/es\\\/#\\\/schema\\\/person\\\/962b4c681d63fd4fbd546ec83b775c1b\"},\"breadcrumb\":{\"@id\":\"https:\\\/\\\/equipvinyesdabad.com\\\/es\\\/rallys\\\/joan-vinyes-jordi-mercader-seat-ibiza-kit-car-correran-el-ralli-osona-2021\\\/#breadcrumb\"},\"inLanguage\":\"es\",\"potentialAction\":[{\"@type\":\"ReadAction\",\"target\":[\"https:\\\/\\\/equipvinyesdabad.com\\\/es\\\/rallys\\\/joan-vinyes-jordi-mercader-seat-ibiza-kit-car-correran-el-ralli-osona-2021\\\/\"]}]},{\"@type\":\"ImageObject\",\"inLanguage\":\"es\",\"@id\":\"https:\\\/\\\/equipvinyesdabad.com\\\/es\\\/rallys\\\/joan-vinyes-jordi-mercader-seat-ibiza-kit-car-correran-el-ralli-osona-2021\\\/#primaryimage\",\"url\":\"https:\\\/\\\/equipvinyesdabad.com\\\/wp-content\\\/uploads\\\/2021\\\/07\\\/XXJVIbiza7595.jpg\",\"contentUrl\":\"https:\\\/\\\/equipvinyesdabad.com\\\/wp-content\\\/uploads\\\/2021\\\/07\\\/XXJVIbiza7595.jpg\"},{\"@type\":\"BreadcrumbList\",\"@id\":\"https:\\\/\\\/equipvinyesdabad.com\\\/es\\\/rallys\\\/joan-vinyes-jordi-mercader-seat-ibiza-kit-car-correran-el-ralli-osona-2021\\\/#breadcrumb\",\"itemListElement\":[{\"@type\":\"ListItem\",\"position\":1,\"name\":\"Inicio\",\"item\":\"https:\\\/\\\/equipvinyesdabad.com\\\/es\\\/\"},{\"@type\":\"ListItem\",\"position\":2,\"name\":\"Joan Vinyes &#8211; Jordi Mercader (Seat Ibiza kit car) correr\u00e1n el Ral\u00b7li Osona 2021.\"}]},{\"@type\":\"WebSite\",\"@id\":\"https:\\\/\\\/equipvinyesdabad.com\\\/es\\\/#website\",\"url\":\"https:\\\/\\\/equipvinyesdabad.com\\\/es\\\/\",\"name\":\"Equip vinyes dabad\",\"description\":\"\",\"potentialAction\":[{\"@type\":\"SearchAction\",\"target\":{\"@type\":\"EntryPoint\",\"urlTemplate\":\"https:\\\/\\\/equipvinyesdabad.com\\\/es\\\/?s={search_term_string}\"},\"query-input\":{\"@type\":\"PropertyValueSpecification\",\"valueRequired\":true,\"valueName\":\"search_term_string\"}}],\"inLanguage\":\"es\"},{\"@type\":\"Person\",\"@id\":\"https:\\\/\\\/equipvinyesdabad.com\\\/es\\\/#\\\/schema\\\/person\\\/962b4c681d63fd4fbd546ec83b775c1b\",\"name\":\"admin\",\"image\":{\"@type\":\"ImageObject\",\"inLanguage\":\"es\",\"@id\":\"https:\\\/\\\/secure.gravatar.com\\\/avatar\\\/6d1c6cfbf1c3aed75f7a05f946b76867c29d677b49f81545b6b9bc58677b08a0?s=96&d=mm&r=g\",\"url\":\"https:\\\/\\\/secure.gravatar.com\\\/avatar\\\/6d1c6cfbf1c3aed75f7a05f946b76867c29d677b49f81545b6b9bc58677b08a0?s=96&d=mm&r=g\",\"contentUrl\":\"https:\\\/\\\/secure.gravatar.com\\\/avatar\\\/6d1c6cfbf1c3aed75f7a05f946b76867c29d677b49f81545b6b9bc58677b08a0?s=96&d=mm&r=g\",\"caption\":\"admin\"},\"sameAs\":[\"https:\\\/\\\/equipvinyesdabad.com\"],\"url\":\"https:\\\/\\\/equipvinyesdabad.com\\\/es\\\/author\\\/web1\\\/\"}]}<\/script>\n<!-- \/ Yoast SEO plugin. -->","yoast_head_json":{"title":"Joan Vinyes - Jordi Mercader (Seat Ibiza kit car) correr\u00e1n el Ral\u00b7li Osona 2021. - Equip vinyes dabad","robots":{"index":"index","follow":"follow","max-snippet":"max-snippet:-1","max-image-preview":"max-image-preview:large","max-video-preview":"max-video-preview:-1"},"canonical":"https:\/\/equipvinyesdabad.com\/es\/rallys\/joan-vinyes-jordi-mercader-seat-ibiza-kit-car-correran-el-ralli-osona-2021\/","og_locale":"es_ES","og_type":"article","og_title":"Joan Vinyes - Jordi Mercader (Seat Ibiza kit car) correr\u00e1n el Ral\u00b7li Osona 2021. - Equip vinyes dabad","og_description":"Mantener el ritmo de competici\u00f3n, el principal objetivo del t\u00e1ndem de Suzuki Ib\u00e9rica Motorsport.","og_url":"https:\/\/equipvinyesdabad.com\/es\/rallys\/joan-vinyes-jordi-mercader-seat-ibiza-kit-car-correran-el-ralli-osona-2021\/","og_site_name":"Equip vinyes dabad","article_published_time":"2021-07-01T00:00:00+00:00","article_modified_time":"2024-10-22T08:51:06+00:00","og_image":[{"width":250,"height":130,"url":"https:\/\/equipvinyesdabad.com\/wp-content\/uploads\/2024\/10\/logo_vinyes_dabad.png","type":"image\/png"}],"author":"admin","twitter_card":"summary_large_image","twitter_misc":{"Escrito por":"admin","Tiempo de lectura":"4 minutos"},"schema":{"@context":"https:\/\/schema.org","@graph":[{"@type":"Article","@id":"https:\/\/equipvinyesdabad.com\/es\/rallys\/joan-vinyes-jordi-mercader-seat-ibiza-kit-car-correran-el-ralli-osona-2021\/#article","isPartOf":{"@id":"https:\/\/equipvinyesdabad.com\/es\/rallys\/joan-vinyes-jordi-mercader-seat-ibiza-kit-car-correran-el-ralli-osona-2021\/"},"author":{"name":"admin","@id":"https:\/\/equipvinyesdabad.com\/es\/#\/schema\/person\/962b4c681d63fd4fbd546ec83b775c1b"},"headline":"Joan Vinyes &#8211; Jordi Mercader (Seat Ibiza kit car) correr\u00e1n el Ral\u00b7li Osona 2021.","datePublished":"2021-07-01T00:00:00+00:00","dateModified":"2024-10-22T08:51:06+00:00","mainEntityOfPage":{"@id":"https:\/\/equipvinyesdabad.com\/es\/rallys\/joan-vinyes-jordi-mercader-seat-ibiza-kit-car-correran-el-ralli-osona-2021\/"},"wordCount":800,"image":{"@id":"https:\/\/equipvinyesdabad.com\/es\/rallys\/joan-vinyes-jordi-mercader-seat-ibiza-kit-car-correran-el-ralli-osona-2021\/#primaryimage"},"thumbnailUrl":"https:\/\/equipvinyesdabad.com\/wp-content\/uploads\/2021\/07\/XXJVIbiza7595.jpg","articleSection":["Ral\u00b7lis","Rallys"],"inLanguage":"es"},{"@type":"WebPage","@id":"https:\/\/equipvinyesdabad.com\/es\/rallys\/joan-vinyes-jordi-mercader-seat-ibiza-kit-car-correran-el-ralli-osona-2021\/","url":"https:\/\/equipvinyesdabad.com\/es\/rallys\/joan-vinyes-jordi-mercader-seat-ibiza-kit-car-correran-el-ralli-osona-2021\/","name":"Joan Vinyes - Jordi Mercader (Seat Ibiza kit car) correr\u00e1n el Ral\u00b7li Osona 2021. - Equip vinyes dabad","isPartOf":{"@id":"https:\/\/equipvinyesdabad.com\/es\/#website"},"primaryImageOfPage":{"@id":"https:\/\/equipvinyesdabad.com\/es\/rallys\/joan-vinyes-jordi-mercader-seat-ibiza-kit-car-correran-el-ralli-osona-2021\/#primaryimage"},"image":{"@id":"https:\/\/equipvinyesdabad.com\/es\/rallys\/joan-vinyes-jordi-mercader-seat-ibiza-kit-car-correran-el-ralli-osona-2021\/#primaryimage"},"thumbnailUrl":"https:\/\/equipvinyesdabad.com\/wp-content\/uploads\/2021\/07\/XXJVIbiza7595.jpg","datePublished":"2021-07-01T00:00:00+00:00","dateModified":"2024-10-22T08:51:06+00:00","author":{"@id":"https:\/\/equipvinyesdabad.com\/es\/#\/schema\/person\/962b4c681d63fd4fbd546ec83b775c1b"},"breadcrumb":{"@id":"https:\/\/equipvinyesdabad.com\/es\/rallys\/joan-vinyes-jordi-mercader-seat-ibiza-kit-car-correran-el-ralli-osona-2021\/#breadcrumb"},"inLanguage":"es","potentialAction":[{"@type":"ReadAction","target":["https:\/\/equipvinyesdabad.com\/es\/rallys\/joan-vinyes-jordi-mercader-seat-ibiza-kit-car-correran-el-ralli-osona-2021\/"]}]},{"@type":"ImageObject","inLanguage":"es","@id":"https:\/\/equipvinyesdabad.com\/es\/rallys\/joan-vinyes-jordi-mercader-seat-ibiza-kit-car-correran-el-ralli-osona-2021\/#primaryimage","url":"https:\/\/equipvinyesdabad.com\/wp-content\/uploads\/2021\/07\/XXJVIbiza7595.jpg","contentUrl":"https:\/\/equipvinyesdabad.com\/wp-content\/uploads\/2021\/07\/XXJVIbiza7595.jpg"},{"@type":"BreadcrumbList","@id":"https:\/\/equipvinyesdabad.com\/es\/rallys\/joan-vinyes-jordi-mercader-seat-ibiza-kit-car-correran-el-ralli-osona-2021\/#breadcrumb","itemListElement":[{"@type":"ListItem","position":1,"name":"Inicio","item":"https:\/\/equipvinyesdabad.com\/es\/"},{"@type":"ListItem","position":2,"name":"Joan Vinyes &#8211; Jordi Mercader (Seat Ibiza kit car) correr\u00e1n el Ral\u00b7li Osona 2021."}]},{"@type":"WebSite","@id":"https:\/\/equipvinyesdabad.com\/es\/#website","url":"https:\/\/equipvinyesdabad.com\/es\/","name":"Equip vinyes dabad","description":"","potentialAction":[{"@type":"SearchAction","target":{"@type":"EntryPoint","urlTemplate":"https:\/\/equipvinyesdabad.com\/es\/?s={search_term_string}"},"query-input":{"@type":"PropertyValueSpecification","valueRequired":true,"valueName":"search_term_string"}}],"inLanguage":"es"},{"@type":"Person","@id":"https:\/\/equipvinyesdabad.com\/es\/#\/schema\/person\/962b4c681d63fd4fbd546ec83b775c1b","name":"admin","image":{"@type":"ImageObject","inLanguage":"es","@id":"https:\/\/secure.gravatar.com\/avatar\/6d1c6cfbf1c3aed75f7a05f946b76867c29d677b49f81545b6b9bc58677b08a0?s=96&d=mm&r=g","url":"https:\/\/secure.gravatar.com\/avatar\/6d1c6cfbf1c3aed75f7a05f946b76867c29d677b49f81545b6b9bc58677b08a0?s=96&d=mm&r=g","contentUrl":"https:\/\/secure.gravatar.com\/avatar\/6d1c6cfbf1c3aed75f7a05f946b76867c29d677b49f81545b6b9bc58677b08a0?s=96&d=mm&r=g","caption":"admin"},"sameAs":["https:\/\/equipvinyesdabad.com"],"url":"https:\/\/equipvinyesdabad.com\/es\/author\/web1\/"}]}},"_links":{"self":[{"href":"https:\/\/equipvinyesdabad.com\/es\/wp-json\/wp\/v2\/posts\/2117","targetHints":{"allow":["GET"]}}],"collection":[{"href":"https:\/\/equipvinyesdabad.com\/es\/wp-json\/wp\/v2\/posts"}],"about":[{"href":"https:\/\/equipvinyesdabad.com\/es\/wp-json\/wp\/v2\/types\/post"}],"author":[{"embeddable":true,"href":"https:\/\/equipvinyesdabad.com\/es\/wp-json\/wp\/v2\/users\/1"}],"replies":[{"embeddable":true,"href":"https:\/\/equipvinyesdabad.com\/es\/wp-json\/wp\/v2\/comments?post=2117"}],"version-history":[{"count":3,"href":"https:\/\/equipvinyesdabad.com\/es\/wp-json\/wp\/v2\/posts\/2117\/revisions"}],"predecessor-version":[{"id":3948,"href":"https:\/\/equipvinyesdabad.com\/es\/wp-json\/wp\/v2\/posts\/2117\/revisions\/3948"}],"wp:featuredmedia":[{"embeddable":true,"href":"https:\/\/equipvinyesdabad.com\/es\/wp-json\/wp\/v2\/media\/1520"}],"wp:attachment":[{"href":"https:\/\/equipvinyesdabad.com\/es\/wp-json\/wp\/v2\/media?parent=2117"}],"wp:term":[{"taxonomy":"category","embeddable":true,"href":"https:\/\/equipvinyesdabad.com\/es\/wp-json\/wp\/v2\/categories?post=2117"},{"taxonomy":"post_tag","embeddable":true,"href":"https:\/\/equipvinyesdabad.com\/es\/wp-json\/wp\/v2\/tags?post=2117"}],"curies":[{"name":"wp","href":"https:\/\/api.w.org\/{rel}","templated":true}]}}