{"id":2181,"date":"2020-08-24T00:00:00","date_gmt":"2020-08-24T00:00:00","guid":{"rendered":"https:\/\/equipvinyesdabad.com\/?p=2181"},"modified":"2024-10-31T20:16:17","modified_gmt":"2024-10-31T20:16:17","slug":"vinyes-mercader-al-volante-del-suzuki-swift-r4lly-s-r4-kit-muy-comodos-en-ferrol","status":"publish","type":"post","link":"https:\/\/equipvinyesdabad.com\/es\/rallys\/vinyes-mercader-al-volante-del-suzuki-swift-r4lly-s-r4-kit-muy-comodos-en-ferrol\/","title":{"rendered":"Vinyes &#8211; Mercader, al volante del Suzuki Swift R4lly S (R4 kit), muy c\u00f3modos en Ferrol."},"content":{"rendered":"<p style=\"text-align: justify;\">Joan Vinyes &#8211; Jordi Mercader (Suzuki Swift R4lly S), completaron el 51 Rallye de Ferrol, segunda prueba del CERA 2020, en la 2a posici&oacute;n de la categor&iacute;a R4 Kit (7a plaza de la clasificaci&oacute;n absoluta). El Ferrol 2020 mantuvo las dificultades habituales de un trazado muy dif&iacute;cil a pesar de las restricciones impuestas por el protocolo que afecta a las competiciones automovil&iacute;sticas.<br \/>Este mismo protocolo oblig&oacute; a los miembros de la Escuder&iacute;a Ferrol a cancelar las ceremonias de salida, entrega de trofeos y las ruedas de prensa programadas, adem&aacute;s de variar la ubicaci&oacute;n de los parques, tanto del cerrado como de los reagrupamientos.&nbsp; &nbsp;<\/p>\n<p><strong>La climatolog&iacute;a del lado de los participantes.<\/strong><br \/>La habitual climatolog&iacute;a variable del noroeste de Galicia, en esta ocasi&oacute;n, fue favorable a los equipos participantes. Hubo lluvia, tormentas, &#8230;, pero en momentos que los pilotos no estaban en plena competici&oacute;n. De lo que no se libr&oacute; nadie fue del fuerte calor en las especiales, sobre todo, en las horas centrales del d&iacute;a.<\/p>\n<p><strong>Shakedown y TCC, excelentes sensaciones.<\/strong><br \/>Las jornadas de competici&oacute;n empezaron con normalidad, con la disputa del shakedown en la que los equipos pudieron hacer los &uacute;ltimos cambios en su mec&aacute;nica una vez acabados los reconocimientos. Un tramo de 3 km, en la zona de Esmelle fue el trazado previsto por los miembros de la Escuder&iacute;a de Ferrol para este test previo al rally.<br \/>Vinyes-Mercader, aprovecharon al m&aacute;ximo las dos horas en las que pudieron hacer modificaciones en las prestaciones del Swift R4lly S. Completaron las cuarto pasadas a la especial mencionada, marcando un mejor registro de 2&rsquo;05&rdquo;039, despu&eacute;s de ir rebajando su crono en cada u a en las pasadas mencionadas.<br \/>&nbsp;<br \/>En el tramo de calificaci&oacute;n (TCC), a&uacute;n pudieron limar alg&uacute;n segundo al anterior crono (2&rsquo;03&rdquo;040), consiguiendo la 8a posici&oacute;n, pero solo superados por mec&aacute;nicas de la categor&iacute;a superior (R5). En el momento de la elecci&oacute;n de la posici&oacute;n de salida, Joan sigui&oacute; con el n&uacute;mero 8.<\/p>\n<p>Una vez finalizada la fase previa del rally, Vinyes se mostraba muy satisfecho y con ganas de iniciar el rally: <em><strong>Creo que hemos acertado en los cambios que hemos hecho, estoy muy contento con el rendimiento del Swift R4lly S . &iexcl;Va perfecto!. Habr&aacute; que ver como est&aacute;n las especiales, no creo que el asfalto est&eacute; mojado, aunque aqu&iacute; en Ferrol nunca se sabe.<\/strong><\/em><br \/>&nbsp; <br \/><strong>Una primera etapa muy positiva en la zona de Monfero.<\/strong> &nbsp;<br \/>Irixoa-Monfero (14,900 km) y Monfero-Monfero (14,120 km) abrieron las hostilidades en el Ferrol 2020. Vinyes-Mercader completaron la primera pasada con diferencias m&iacute;nimas (4&rdquo;8) respecto a sus compa&ntilde;eros, Pardo-Perez, l&iacute;deres de la categor&iacute;a R4-kit.<br \/>En la clasificaci&oacute;n absoluta se encontraban situados en la 7a plaza, aunque con diversos rivales por delante con mec&aacute;nicas R5.<\/p>\n<p>En la continuaci&oacute;n, segunda pasada por las especiales mencionadas poco cambi&oacute; la situaci&oacute;n. Las diferencias se ampliaron ligeramente a favor de Pardo (17&rdquo;), pero Vinyes-Mercader, lograron afianzarse en&nbsp; la 7a posici&oacute;n en la clasificaci&oacute;n provisional absoluta, su inmediato seguidor era el Vilari&ntilde;o-Casal (Skoda R5) a 55&rdquo;. &nbsp;<\/p>\n<p><em><strong>Hemos corrido mucho, el Swift R4lly S te da mucha confianza y te permite arriesgar. Creo que los tiempos son competitivos estamos m&aacute;s cerca que nunca de los R5 y esto es una motivaci&oacute;n extra para continuar evolucionando nuestro Suzuki. El Ferrol est&aacute;, sin duda, entre los rallys m&aacute;s complicados del CERA, pienso que tanto nuestros registros como nuestra posici&oacute;n en la general, son muy correctas.<\/strong><\/em> Adem&aacute;s a&ntilde;ad&iacute;a: <em><strong>Tenemos un ritmo muy bueno, los cronos marcados lo acreditan. &iexcl;Estoy muy contento de c&oacute;mo se est&aacute; desarrollando lo rally!<\/strong><\/em>. Este era comentario de Vinyes al finalizar este primer d&iacute;a de competici&oacute;n.<\/p>\n<p>Jordi Mercader, copi de Vinyes, tambi&eacute;n se mostraba optimista: <em><strong>Estamos disfrutando mucho, vamos muy c&oacute;modos y los tiempos est&aacute;n saliendo como hab&iacute;amos previsto. Creo que de momento es para estar satisfechos.<\/strong><\/em><\/p>\n<p><strong>Pocos cambios en una 2a etapa muy calurosa.<\/strong><br \/>Vinyes-Mercader marcaron el mejor crono, entre los R4 kit, en el primer paso por la especial m&aacute;s larga del rally (San Sadurni&ntilde;o &#8211; As Somozas&nbsp; &#8211; 20,060 Km).<br \/>en As Somozas (9,450 km), Pardo recuper&oacute; la hegemon&iacute;a, no obstante las diferencias, en ambos casos, fueron m&iacute;nimas.<br \/>Una vez finalizada la &uacute;ltima asistencia del rally, Joan hac&iacute;a el siguiente comentario: <em><strong>Seguir disfrutando en las especiales pilotando el Swift R4lly S y llegar al parque cerrado final sin ning&uacute;n contratiempo.<\/strong> <\/em><br \/>El objetivo de Joan se cumpli&oacute;, con su compa&ntilde;ero de equipo (Javier Pardo) se repartieron el dominio de la R4 Kit en la recta final de la prueba. Tambi&eacute;n confirm&oacute; sin problemas la 7a plaza en la clasificaci&oacute;n final del Ferrol 2020.<\/p>\n<p>El 57 Rally Princesa de Asturias tomar&aacute; el relevo de las pruebas gallegas del CERA de la presente temporada. La primera cita asturiana del a&ntilde;o se disputar&aacute; los d&iacute;a 11 y 12 de setiembre. Ser&aacute;, adem&aacute;s, la segunda prueba que puntuar&aacute; para el subcampeonato de Espa&ntilde;a de rallys (S-CER).<\/p>\n<p style=\"text-align: right;\"><span style=\"font-size: x-small;\"><strong><strong><strong><strong><a href=\"http:\/\/www.infoesport.org\/imgNoticia\/2020\/200822ViFerrol2c.pdf\"><img loading=\"lazy\" decoding=\"async\" style=\"float: right;\" src=\"http:\/\/www.infoesport.org\/auxiliar\/fot\/logos\/icono_pdf.gif\" alt=\"\" width=\"50\" height=\"50\" \/><\/a><\/strong><\/strong><\/strong><\/strong><\/span>Servicio de prensa.<\/p>\n<p>&nbsp;<\/p>\n<p style=\"text-align: center;\"><strong>Clasificaci&oacute;n del 51 Rally de Ferrol.<\/strong><\/p>\n<p>1. Pepe L&oacute;pez-Borja Hernandez (DS3 R5), 1h 17&rsquo;31&rdquo;4, 2. &rdquo;Cohete&rdquo; Suarez-Alberto Iglesias (Skoda Fabia R5), a 4&rdquo;.4, 3. Ivan Ares-David Vazquez (Hyundai I20 R5), a 48&rdquo;.9 &#8230;,<\/p>\n<p>6. Javier Pardo &#8211; Adri&aacute;n P&eacute;rez (Suzuki Swift R4lly S &#8211; R4 kit), a 2&rsquo;59&rdquo;0,&nbsp; <strong>7. Joan Vinyes &#8211; Jordi Mercader (Suzuki Swift R4lly S &#8211; R4 kit), a 3&rsquo;21&rdquo;8.<\/strong><\/p>\n","protected":false},"excerpt":{"rendered":"<p>Joan Vinyes &#8211; Jordi Mercader (Suzuki Swift R4lly S), completaron el 51 Rallye de Ferrol, segunda prueba del CERA 2020, en la 2a posici\u00f3n de la categor\u00eda R4 Kit (7a plaza de la clasificaci\u00f3n absoluta). El Ferrol 2020 mantuvo las dificultades habituales de un trazado muy dif\u00edcil a pesar de las restricciones impuestas por el protocolo que afecta a las competiciones automovil\u00edsticas.<br \/>\nEste mismo protocolo oblig\u00f3 a los miembros de la Escuder\u00eda Ferrol a cancelar las ceremonias de salida, entrega de trofeos y las ruedas de prensa programadas, adem\u00e1s de variar la ubicaci\u00f3n de los parques, tanto del cerrado como de los reagrupamientos.   <\/p>\n","protected":false},"author":1,"featured_media":1553,"comment_status":"closed","ping_status":"closed","sticky":false,"template":"","format":"standard","meta":{"_kadence_starter_templates_imported_post":false,"_kad_post_transparent":"","_kad_post_title":"","_kad_post_layout":"","_kad_post_sidebar_id":"","_kad_post_content_style":"","_kad_post_vertical_padding":"","_kad_post_feature":"","_kad_post_feature_position":"","_kad_post_header":false,"_kad_post_footer":false,"_kad_post_classname":"","footnotes":""},"categories":[46,60],"tags":[],"class_list":["post-2181","post","type-post","status-publish","format-standard","has-post-thumbnail","hentry","category-rallys","category-rallys-asfalto"],"yoast_head":"<!-- This site is optimized with the Yoast SEO plugin v27.4 - https:\/\/yoast.com\/product\/yoast-seo-wordpress\/ -->\n<title>Vinyes - Mercader, al volante del Suzuki Swift R4lly S (R4 kit), muy c\u00f3modos en Ferrol. - Equip vinyes dabad<\/title>\n<meta name=\"robots\" content=\"index, follow, max-snippet:-1, max-image-preview:large, max-video-preview:-1\" \/>\n<link rel=\"canonical\" href=\"https:\/\/equipvinyesdabad.com\/es\/rallys\/vinyes-mercader-al-volante-del-suzuki-swift-r4lly-s-r4-kit-muy-comodos-en-ferrol\/\" \/>\n<meta property=\"og:locale\" content=\"es_ES\" \/>\n<meta property=\"og:type\" content=\"article\" \/>\n<meta property=\"og:title\" content=\"Vinyes - Mercader, al volante del Suzuki Swift R4lly S (R4 kit), muy c\u00f3modos en Ferrol. - Equip vinyes dabad\" \/>\n<meta property=\"og:description\" content=\"Joan Vinyes - Jordi Mercader (Suzuki Swift R4lly S), completaron el 51 Rallye de Ferrol, segunda prueba del CERA 2020, en la 2a posici\u00f3n de la categor\u00eda R4 Kit (7a plaza de la clasificaci\u00f3n absoluta). El Ferrol 2020 mantuvo las dificultades habituales de un trazado muy dif\u00edcil a pesar de las restricciones impuestas por el protocolo que afecta a las competiciones automovil\u00edsticas. Este mismo protocolo oblig\u00f3 a los miembros de la Escuder\u00eda Ferrol a cancelar las ceremonias de salida, entrega de trofeos y las ruedas de prensa programadas, adem\u00e1s de variar la ubicaci\u00f3n de los parques, tanto del cerrado como de los reagrupamientos.\" \/>\n<meta property=\"og:url\" content=\"https:\/\/equipvinyesdabad.com\/es\/rallys\/vinyes-mercader-al-volante-del-suzuki-swift-r4lly-s-r4-kit-muy-comodos-en-ferrol\/\" \/>\n<meta property=\"og:site_name\" content=\"Equip vinyes dabad\" \/>\n<meta property=\"article:published_time\" content=\"2020-08-24T00:00:00+00:00\" \/>\n<meta property=\"article:modified_time\" content=\"2024-10-31T20:16:17+00:00\" \/>\n<meta property=\"og:image\" content=\"https:\/\/equipvinyesdabad.com\/wp-content\/uploads\/2024\/10\/logo_vinyes_dabad.png\" \/>\n\t<meta property=\"og:image:width\" content=\"250\" \/>\n\t<meta property=\"og:image:height\" content=\"130\" \/>\n\t<meta property=\"og:image:type\" content=\"image\/png\" \/>\n<meta name=\"author\" content=\"admin\" \/>\n<meta name=\"twitter:card\" content=\"summary_large_image\" \/>\n<meta name=\"twitter:label1\" content=\"Escrito por\" \/>\n\t<meta name=\"twitter:data1\" content=\"admin\" \/>\n\t<meta name=\"twitter:label2\" content=\"Tiempo de lectura\" \/>\n\t<meta name=\"twitter:data2\" content=\"5 minutos\" \/>\n<script type=\"application\/ld+json\" class=\"yoast-schema-graph\">{\"@context\":\"https:\\\/\\\/schema.org\",\"@graph\":[{\"@type\":\"Article\",\"@id\":\"https:\\\/\\\/equipvinyesdabad.com\\\/es\\\/rallys\\\/vinyes-mercader-al-volante-del-suzuki-swift-r4lly-s-r4-kit-muy-comodos-en-ferrol\\\/#article\",\"isPartOf\":{\"@id\":\"https:\\\/\\\/equipvinyesdabad.com\\\/es\\\/rallys\\\/vinyes-mercader-al-volante-del-suzuki-swift-r4lly-s-r4-kit-muy-comodos-en-ferrol\\\/\"},\"author\":{\"name\":\"admin\",\"@id\":\"https:\\\/\\\/equipvinyesdabad.com\\\/es\\\/#\\\/schema\\\/person\\\/962b4c681d63fd4fbd546ec83b775c1b\"},\"headline\":\"Vinyes &#8211; Mercader, al volante del Suzuki Swift R4lly S (R4 kit), muy c\u00f3modos en Ferrol.\",\"datePublished\":\"2020-08-24T00:00:00+00:00\",\"dateModified\":\"2024-10-31T20:16:17+00:00\",\"mainEntityOfPage\":{\"@id\":\"https:\\\/\\\/equipvinyesdabad.com\\\/es\\\/rallys\\\/vinyes-mercader-al-volante-del-suzuki-swift-r4lly-s-r4-kit-muy-comodos-en-ferrol\\\/\"},\"wordCount\":1048,\"image\":{\"@id\":\"https:\\\/\\\/equipvinyesdabad.com\\\/es\\\/rallys\\\/vinyes-mercader-al-volante-del-suzuki-swift-r4lly-s-r4-kit-muy-comodos-en-ferrol\\\/#primaryimage\"},\"thumbnailUrl\":\"https:\\\/\\\/equipvinyesdabad.com\\\/wp-content\\\/uploads\\\/2020\\\/08\\\/2008ViFerrol8941.jpg\",\"articleSection\":[\"Rallys\",\"Rallys asfalto\"],\"inLanguage\":\"es\"},{\"@type\":\"WebPage\",\"@id\":\"https:\\\/\\\/equipvinyesdabad.com\\\/es\\\/rallys\\\/vinyes-mercader-al-volante-del-suzuki-swift-r4lly-s-r4-kit-muy-comodos-en-ferrol\\\/\",\"url\":\"https:\\\/\\\/equipvinyesdabad.com\\\/es\\\/rallys\\\/vinyes-mercader-al-volante-del-suzuki-swift-r4lly-s-r4-kit-muy-comodos-en-ferrol\\\/\",\"name\":\"Vinyes - Mercader, al volante del Suzuki Swift R4lly S (R4 kit), muy c\u00f3modos en Ferrol. - Equip vinyes dabad\",\"isPartOf\":{\"@id\":\"https:\\\/\\\/equipvinyesdabad.com\\\/es\\\/#website\"},\"primaryImageOfPage\":{\"@id\":\"https:\\\/\\\/equipvinyesdabad.com\\\/es\\\/rallys\\\/vinyes-mercader-al-volante-del-suzuki-swift-r4lly-s-r4-kit-muy-comodos-en-ferrol\\\/#primaryimage\"},\"image\":{\"@id\":\"https:\\\/\\\/equipvinyesdabad.com\\\/es\\\/rallys\\\/vinyes-mercader-al-volante-del-suzuki-swift-r4lly-s-r4-kit-muy-comodos-en-ferrol\\\/#primaryimage\"},\"thumbnailUrl\":\"https:\\\/\\\/equipvinyesdabad.com\\\/wp-content\\\/uploads\\\/2020\\\/08\\\/2008ViFerrol8941.jpg\",\"datePublished\":\"2020-08-24T00:00:00+00:00\",\"dateModified\":\"2024-10-31T20:16:17+00:00\",\"author\":{\"@id\":\"https:\\\/\\\/equipvinyesdabad.com\\\/es\\\/#\\\/schema\\\/person\\\/962b4c681d63fd4fbd546ec83b775c1b\"},\"breadcrumb\":{\"@id\":\"https:\\\/\\\/equipvinyesdabad.com\\\/es\\\/rallys\\\/vinyes-mercader-al-volante-del-suzuki-swift-r4lly-s-r4-kit-muy-comodos-en-ferrol\\\/#breadcrumb\"},\"inLanguage\":\"es\",\"potentialAction\":[{\"@type\":\"ReadAction\",\"target\":[\"https:\\\/\\\/equipvinyesdabad.com\\\/es\\\/rallys\\\/vinyes-mercader-al-volante-del-suzuki-swift-r4lly-s-r4-kit-muy-comodos-en-ferrol\\\/\"]}]},{\"@type\":\"ImageObject\",\"inLanguage\":\"es\",\"@id\":\"https:\\\/\\\/equipvinyesdabad.com\\\/es\\\/rallys\\\/vinyes-mercader-al-volante-del-suzuki-swift-r4lly-s-r4-kit-muy-comodos-en-ferrol\\\/#primaryimage\",\"url\":\"https:\\\/\\\/equipvinyesdabad.com\\\/wp-content\\\/uploads\\\/2020\\\/08\\\/2008ViFerrol8941.jpg\",\"contentUrl\":\"https:\\\/\\\/equipvinyesdabad.com\\\/wp-content\\\/uploads\\\/2020\\\/08\\\/2008ViFerrol8941.jpg\"},{\"@type\":\"BreadcrumbList\",\"@id\":\"https:\\\/\\\/equipvinyesdabad.com\\\/es\\\/rallys\\\/vinyes-mercader-al-volante-del-suzuki-swift-r4lly-s-r4-kit-muy-comodos-en-ferrol\\\/#breadcrumb\",\"itemListElement\":[{\"@type\":\"ListItem\",\"position\":1,\"name\":\"Inicio\",\"item\":\"https:\\\/\\\/equipvinyesdabad.com\\\/es\\\/\"},{\"@type\":\"ListItem\",\"position\":2,\"name\":\"Vinyes &#8211; Mercader, al volante del Suzuki Swift R4lly S (R4 kit), muy c\u00f3modos en Ferrol.\"}]},{\"@type\":\"WebSite\",\"@id\":\"https:\\\/\\\/equipvinyesdabad.com\\\/es\\\/#website\",\"url\":\"https:\\\/\\\/equipvinyesdabad.com\\\/es\\\/\",\"name\":\"Equip vinyes dabad\",\"description\":\"\",\"potentialAction\":[{\"@type\":\"SearchAction\",\"target\":{\"@type\":\"EntryPoint\",\"urlTemplate\":\"https:\\\/\\\/equipvinyesdabad.com\\\/es\\\/?s={search_term_string}\"},\"query-input\":{\"@type\":\"PropertyValueSpecification\",\"valueRequired\":true,\"valueName\":\"search_term_string\"}}],\"inLanguage\":\"es\"},{\"@type\":\"Person\",\"@id\":\"https:\\\/\\\/equipvinyesdabad.com\\\/es\\\/#\\\/schema\\\/person\\\/962b4c681d63fd4fbd546ec83b775c1b\",\"name\":\"admin\",\"image\":{\"@type\":\"ImageObject\",\"inLanguage\":\"es\",\"@id\":\"https:\\\/\\\/secure.gravatar.com\\\/avatar\\\/6d1c6cfbf1c3aed75f7a05f946b76867c29d677b49f81545b6b9bc58677b08a0?s=96&d=mm&r=g\",\"url\":\"https:\\\/\\\/secure.gravatar.com\\\/avatar\\\/6d1c6cfbf1c3aed75f7a05f946b76867c29d677b49f81545b6b9bc58677b08a0?s=96&d=mm&r=g\",\"contentUrl\":\"https:\\\/\\\/secure.gravatar.com\\\/avatar\\\/6d1c6cfbf1c3aed75f7a05f946b76867c29d677b49f81545b6b9bc58677b08a0?s=96&d=mm&r=g\",\"caption\":\"admin\"},\"sameAs\":[\"https:\\\/\\\/equipvinyesdabad.com\"],\"url\":\"https:\\\/\\\/equipvinyesdabad.com\\\/es\\\/author\\\/web1\\\/\"}]}<\/script>\n<!-- \/ Yoast SEO plugin. -->","yoast_head_json":{"title":"Vinyes - Mercader, al volante del Suzuki Swift R4lly S (R4 kit), muy c\u00f3modos en Ferrol. - Equip vinyes dabad","robots":{"index":"index","follow":"follow","max-snippet":"max-snippet:-1","max-image-preview":"max-image-preview:large","max-video-preview":"max-video-preview:-1"},"canonical":"https:\/\/equipvinyesdabad.com\/es\/rallys\/vinyes-mercader-al-volante-del-suzuki-swift-r4lly-s-r4-kit-muy-comodos-en-ferrol\/","og_locale":"es_ES","og_type":"article","og_title":"Vinyes - Mercader, al volante del Suzuki Swift R4lly S (R4 kit), muy c\u00f3modos en Ferrol. - Equip vinyes dabad","og_description":"Joan Vinyes - Jordi Mercader (Suzuki Swift R4lly S), completaron el 51 Rallye de Ferrol, segunda prueba del CERA 2020, en la 2a posici\u00f3n de la categor\u00eda R4 Kit (7a plaza de la clasificaci\u00f3n absoluta). El Ferrol 2020 mantuvo las dificultades habituales de un trazado muy dif\u00edcil a pesar de las restricciones impuestas por el protocolo que afecta a las competiciones automovil\u00edsticas. Este mismo protocolo oblig\u00f3 a los miembros de la Escuder\u00eda Ferrol a cancelar las ceremonias de salida, entrega de trofeos y las ruedas de prensa programadas, adem\u00e1s de variar la ubicaci\u00f3n de los parques, tanto del cerrado como de los reagrupamientos.","og_url":"https:\/\/equipvinyesdabad.com\/es\/rallys\/vinyes-mercader-al-volante-del-suzuki-swift-r4lly-s-r4-kit-muy-comodos-en-ferrol\/","og_site_name":"Equip vinyes dabad","article_published_time":"2020-08-24T00:00:00+00:00","article_modified_time":"2024-10-31T20:16:17+00:00","og_image":[{"width":250,"height":130,"url":"https:\/\/equipvinyesdabad.com\/wp-content\/uploads\/2024\/10\/logo_vinyes_dabad.png","type":"image\/png"}],"author":"admin","twitter_card":"summary_large_image","twitter_misc":{"Escrito por":"admin","Tiempo de lectura":"5 minutos"},"schema":{"@context":"https:\/\/schema.org","@graph":[{"@type":"Article","@id":"https:\/\/equipvinyesdabad.com\/es\/rallys\/vinyes-mercader-al-volante-del-suzuki-swift-r4lly-s-r4-kit-muy-comodos-en-ferrol\/#article","isPartOf":{"@id":"https:\/\/equipvinyesdabad.com\/es\/rallys\/vinyes-mercader-al-volante-del-suzuki-swift-r4lly-s-r4-kit-muy-comodos-en-ferrol\/"},"author":{"name":"admin","@id":"https:\/\/equipvinyesdabad.com\/es\/#\/schema\/person\/962b4c681d63fd4fbd546ec83b775c1b"},"headline":"Vinyes &#8211; Mercader, al volante del Suzuki Swift R4lly S (R4 kit), muy c\u00f3modos en Ferrol.","datePublished":"2020-08-24T00:00:00+00:00","dateModified":"2024-10-31T20:16:17+00:00","mainEntityOfPage":{"@id":"https:\/\/equipvinyesdabad.com\/es\/rallys\/vinyes-mercader-al-volante-del-suzuki-swift-r4lly-s-r4-kit-muy-comodos-en-ferrol\/"},"wordCount":1048,"image":{"@id":"https:\/\/equipvinyesdabad.com\/es\/rallys\/vinyes-mercader-al-volante-del-suzuki-swift-r4lly-s-r4-kit-muy-comodos-en-ferrol\/#primaryimage"},"thumbnailUrl":"https:\/\/equipvinyesdabad.com\/wp-content\/uploads\/2020\/08\/2008ViFerrol8941.jpg","articleSection":["Rallys","Rallys asfalto"],"inLanguage":"es"},{"@type":"WebPage","@id":"https:\/\/equipvinyesdabad.com\/es\/rallys\/vinyes-mercader-al-volante-del-suzuki-swift-r4lly-s-r4-kit-muy-comodos-en-ferrol\/","url":"https:\/\/equipvinyesdabad.com\/es\/rallys\/vinyes-mercader-al-volante-del-suzuki-swift-r4lly-s-r4-kit-muy-comodos-en-ferrol\/","name":"Vinyes - Mercader, al volante del Suzuki Swift R4lly S (R4 kit), muy c\u00f3modos en Ferrol. - Equip vinyes dabad","isPartOf":{"@id":"https:\/\/equipvinyesdabad.com\/es\/#website"},"primaryImageOfPage":{"@id":"https:\/\/equipvinyesdabad.com\/es\/rallys\/vinyes-mercader-al-volante-del-suzuki-swift-r4lly-s-r4-kit-muy-comodos-en-ferrol\/#primaryimage"},"image":{"@id":"https:\/\/equipvinyesdabad.com\/es\/rallys\/vinyes-mercader-al-volante-del-suzuki-swift-r4lly-s-r4-kit-muy-comodos-en-ferrol\/#primaryimage"},"thumbnailUrl":"https:\/\/equipvinyesdabad.com\/wp-content\/uploads\/2020\/08\/2008ViFerrol8941.jpg","datePublished":"2020-08-24T00:00:00+00:00","dateModified":"2024-10-31T20:16:17+00:00","author":{"@id":"https:\/\/equipvinyesdabad.com\/es\/#\/schema\/person\/962b4c681d63fd4fbd546ec83b775c1b"},"breadcrumb":{"@id":"https:\/\/equipvinyesdabad.com\/es\/rallys\/vinyes-mercader-al-volante-del-suzuki-swift-r4lly-s-r4-kit-muy-comodos-en-ferrol\/#breadcrumb"},"inLanguage":"es","potentialAction":[{"@type":"ReadAction","target":["https:\/\/equipvinyesdabad.com\/es\/rallys\/vinyes-mercader-al-volante-del-suzuki-swift-r4lly-s-r4-kit-muy-comodos-en-ferrol\/"]}]},{"@type":"ImageObject","inLanguage":"es","@id":"https:\/\/equipvinyesdabad.com\/es\/rallys\/vinyes-mercader-al-volante-del-suzuki-swift-r4lly-s-r4-kit-muy-comodos-en-ferrol\/#primaryimage","url":"https:\/\/equipvinyesdabad.com\/wp-content\/uploads\/2020\/08\/2008ViFerrol8941.jpg","contentUrl":"https:\/\/equipvinyesdabad.com\/wp-content\/uploads\/2020\/08\/2008ViFerrol8941.jpg"},{"@type":"BreadcrumbList","@id":"https:\/\/equipvinyesdabad.com\/es\/rallys\/vinyes-mercader-al-volante-del-suzuki-swift-r4lly-s-r4-kit-muy-comodos-en-ferrol\/#breadcrumb","itemListElement":[{"@type":"ListItem","position":1,"name":"Inicio","item":"https:\/\/equipvinyesdabad.com\/es\/"},{"@type":"ListItem","position":2,"name":"Vinyes &#8211; Mercader, al volante del Suzuki Swift R4lly S (R4 kit), muy c\u00f3modos en Ferrol."}]},{"@type":"WebSite","@id":"https:\/\/equipvinyesdabad.com\/es\/#website","url":"https:\/\/equipvinyesdabad.com\/es\/","name":"Equip vinyes dabad","description":"","potentialAction":[{"@type":"SearchAction","target":{"@type":"EntryPoint","urlTemplate":"https:\/\/equipvinyesdabad.com\/es\/?s={search_term_string}"},"query-input":{"@type":"PropertyValueSpecification","valueRequired":true,"valueName":"search_term_string"}}],"inLanguage":"es"},{"@type":"Person","@id":"https:\/\/equipvinyesdabad.com\/es\/#\/schema\/person\/962b4c681d63fd4fbd546ec83b775c1b","name":"admin","image":{"@type":"ImageObject","inLanguage":"es","@id":"https:\/\/secure.gravatar.com\/avatar\/6d1c6cfbf1c3aed75f7a05f946b76867c29d677b49f81545b6b9bc58677b08a0?s=96&d=mm&r=g","url":"https:\/\/secure.gravatar.com\/avatar\/6d1c6cfbf1c3aed75f7a05f946b76867c29d677b49f81545b6b9bc58677b08a0?s=96&d=mm&r=g","contentUrl":"https:\/\/secure.gravatar.com\/avatar\/6d1c6cfbf1c3aed75f7a05f946b76867c29d677b49f81545b6b9bc58677b08a0?s=96&d=mm&r=g","caption":"admin"},"sameAs":["https:\/\/equipvinyesdabad.com"],"url":"https:\/\/equipvinyesdabad.com\/es\/author\/web1\/"}]}},"_links":{"self":[{"href":"https:\/\/equipvinyesdabad.com\/es\/wp-json\/wp\/v2\/posts\/2181","targetHints":{"allow":["GET"]}}],"collection":[{"href":"https:\/\/equipvinyesdabad.com\/es\/wp-json\/wp\/v2\/posts"}],"about":[{"href":"https:\/\/equipvinyesdabad.com\/es\/wp-json\/wp\/v2\/types\/post"}],"author":[{"embeddable":true,"href":"https:\/\/equipvinyesdabad.com\/es\/wp-json\/wp\/v2\/users\/1"}],"replies":[{"embeddable":true,"href":"https:\/\/equipvinyesdabad.com\/es\/wp-json\/wp\/v2\/comments?post=2181"}],"version-history":[{"count":3,"href":"https:\/\/equipvinyesdabad.com\/es\/wp-json\/wp\/v2\/posts\/2181\/revisions"}],"predecessor-version":[{"id":4071,"href":"https:\/\/equipvinyesdabad.com\/es\/wp-json\/wp\/v2\/posts\/2181\/revisions\/4071"}],"wp:featuredmedia":[{"embeddable":true,"href":"https:\/\/equipvinyesdabad.com\/es\/wp-json\/wp\/v2\/media\/1553"}],"wp:attachment":[{"href":"https:\/\/equipvinyesdabad.com\/es\/wp-json\/wp\/v2\/media?parent=2181"}],"wp:term":[{"taxonomy":"category","embeddable":true,"href":"https:\/\/equipvinyesdabad.com\/es\/wp-json\/wp\/v2\/categories?post=2181"},{"taxonomy":"post_tag","embeddable":true,"href":"https:\/\/equipvinyesdabad.com\/es\/wp-json\/wp\/v2\/tags?post=2181"}],"curies":[{"name":"wp","href":"https:\/\/api.w.org\/{rel}","templated":true}]}}