{"id":2190,"date":"2020-07-20T00:00:00","date_gmt":"2020-07-20T00:00:00","guid":{"rendered":"https:\/\/equipvinyesdabad.com\/?p=2190"},"modified":"2024-10-31T20:22:37","modified_gmt":"2024-10-31T20:22:37","slug":"joan-vinyes-jaume-font-entre-los-mas-rapidos-en-el-circuito-de-navarra","status":"publish","type":"post","link":"https:\/\/equipvinyesdabad.com\/es\/circuitos\/joan-vinyes-jaume-font-entre-los-mas-rapidos-en-el-circuito-de-navarra\/","title":{"rendered":"Joan Vinyes-Jaume Font entre los m\u00e1s r\u00e1pidos en el circuito de Navarra"},"content":{"rendered":"<p><strong><span style=\"font-size: medium;\">Triunfo inapelable, categor&iacute;a C2, en la segunda carrera en el meeting inicial del Campeonato de Espa&ntilde;a de Resistencia (CER).<\/span><\/strong><\/p>\n<p>&nbsp;<\/p>\n<p style=\"text-align: justify;\">Joan Vinyes y Jaume Font&nbsp; (Porsche GT3 Cup &#8211; Baporo Motorsport) saldaron su participaci&oacute;n en el primera cita del Campeonato de Espa&ntilde;a de Resistencia (CER), con el triunfo en la categor&iacute;a C2 (2a posici&oacute;n en la clasificaci&oacute;n absoluta), en la segunda carrera. En la disputada el s&aacute;bado, tuvieron que abandonar por un problema mec&aacute;nico en el Porsche GT3 Cup, en concreto la rotura del embrague.<\/p>\n<p>Fin de semana muy caluroso en el escenario del meeting. Temperaturas que en algunos momentos superaron los 33&ordm;, complicaron el trabajo de los equipos. Los pilotos y las mec&aacute;nicas sufrieron mucho en la pista. <\/p>\n<p><strong>Excelentes cronos en los entrenamientos.<\/strong><br \/>Las mangas de entrenamientos libres (2 mangas de 50&rsquo;) y las oficiales (15&rsquo; para cada piloto), tuvieron un desenlace pl&aacute;cido para el t&aacute;ndem del Porsche con dorsal 105. <br \/>En los libres el objetivo fue recuperar sensaciones al volante del veh&iacute;culo de la marca de Stuttgart, en un circuito en el que Vinyes hac&iacute;a dos a&ntilde;os que no compet&iacute;a y adem&aacute;s nunca lo hab&iacute;a hecho con la mec&aacute;nica mencionada. Como es habitual, tambi&eacute;n aprovecharon estas largar series para rodar piezas de recambio que con posteriormente podr&iacute;an montarse durante las mangas decisivas del meeting.<\/p>\n<p>Precisamente en el inicio de la lucha contra el crono los resultados fueron esperanzadores. Vinyes logr&oacute; el mejor crono (1&rsquo;41&rdquo;7) de la categor&iacute;a C2 (3o absoluto), en su manga. Su compa&ntilde;ero hizo lo propio en la que disput&oacute; (1&rsquo;41&rdquo;7) con lo que se aseguraron una excelente posici&oacute;n de salida en ambas carrera.<\/p>\n<p>Joan se mostraba muy satisfecho al finalizar estas mangas de entrenamientos, aunque su pensamiento estaba en las carreras, as&iacute; lo comentaba: <em><strong>Hasta el momento todo ha salido seg&uacute;n lo previsto, nos falta confirmar en carrera el extraordinario inicio del meeting. Salimos de 2a linea de parrilla, el objetivo ser&aacute; estar detr&aacute;s de los GTs &ldquo;gordos&rdquo; y aprovechar nuestras opciones.&nbsp;&nbsp; &nbsp;<\/strong><\/em><\/p>\n<p><strong>Cara y cruz en la primera carrera.<\/strong> &nbsp;<br \/>En esta carrera inicial no fue posible. La fulgurante salida de Font le situ&oacute; en segunda plaza, enganchado al l&iacute;der. Despu&eacute;s de varios intentos le super&oacute; y se escap&oacute; de su rival. Todo parec&iacute;a indicar que acabar&iacute;a su relevo y ceder&iacute;a el volante del Porsche a VInyes como l&iacute;der destacado, pero &#8230; La realidad fue muy diferente y dura para Vinyes-Font.<\/p>\n<p>Una fuga de l&iacute;quido sobre la ruedas traseras provoc&oacute; un espectacular trompo, sin ning&uacute;n toque pero con la evidencia de que algo se hab&iacute;a roto y era imposible continuar.<br \/>Los t&eacute;cnicos de Baporo Motorsport, despu&eacute;s de examinar las entra&ntilde;as del Porsche, confirmaron que el embrague se hab&iacute;a roto. La parte positiva era que la aver&iacute;a ten&iacute;a soluci&oacute;n en el mismo circuito.<\/p>\n<p>Vinyes, en blanco en esta primera carrera, pensaba en la jornada siguiente: <strong><em>Ma&ntilde;ana (d&iacute;a 19) lo seguiremos intentando, hemos demostrado que podemos estar entre los mejores. <\/em><\/strong><\/p>\n<p><strong>En la segunda carrera, volvi&oacute; la normalidad y el podio final.<\/strong><br \/>Despu&eacute;s del gran trabajo de los t&eacute;cnicos de Baporo Motorsport, trabajaron hasta la medianoche del s&aacute;bado, Vinyes pudo tomar la salida en la segunda con el Porsche en perfectas condiciones. <br \/>El piloto andorrano hizo una gran salida, antes de la tercera curva del trazado de Los Arcos, ya estaba situado al frente de la carrera. El obligado paso por el pit-lane se hizo sin contratiempos y al final pudieron confirmar el primer podio de la temporada. <\/p>\n<p>Vinyes, muy contento con el desenlace de esta carrera, agradec&iacute;a el trabajo del equipo: <em><strong>Por fin hemos podido competir esta temporada. He disfrutado mucho en la pista. Un triunfo conseguido gracias al esfuerzo del equipo durante la tarde-noche pasada.<\/strong><\/em><\/p>\n<p>Una vez superado el reto inicial de Navarra, Joan Vinyes &#8211; Jaume Font (Porsche GT3 Cup &#8211;&nbsp; Baporo Motorsport) empezar&aacute;n a trabajar pensando en la segunda cita del CER 2020. El escenario ser&aacute; el circuito de Valencia.<\/p>\n<p style=\"text-align: justify;\">&nbsp;<\/p>\n<p style=\"text-align: right;\"><span style=\"font-size: x-small;\"><strong><strong><strong><strong><a href=\"http:\/\/www.infoesport.org\/imgNoticia\/2020\/200719ViNavarra2c.pdf\"><img loading=\"lazy\" decoding=\"async\" style=\"float: right;\" src=\"http:\/\/www.infoesport.org\/auxiliar\/fot\/logos\/icono_pdf.gif\" alt=\"\" width=\"50\" height=\"50\" \/><\/a><\/strong><\/strong><\/strong><\/strong><\/span>Servicio de Prensa.<\/p>\n","protected":false},"excerpt":{"rendered":"<p>Triunfo inapelable, categor\u00eda C2, en la segunda carrera en el meeting inicial del Campeonato de Espa\u00f1a de Resistencia (CER)<\/p>\n","protected":false},"author":1,"featured_media":1557,"comment_status":"closed","ping_status":"closed","sticky":false,"template":"","format":"standard","meta":{"_kadence_starter_templates_imported_post":false,"_kad_post_transparent":"","_kad_post_title":"","_kad_post_layout":"","_kad_post_sidebar_id":"","_kad_post_content_style":"","_kad_post_vertical_padding":"","_kad_post_feature":"","_kad_post_feature_position":"","_kad_post_header":false,"_kad_post_footer":false,"_kad_post_classname":"","footnotes":""},"categories":[52,92],"tags":[],"class_list":["post-2190","post","type-post","status-publish","format-standard","has-post-thumbnail","hentry","category-circuitos","category-circuitos-espana"],"yoast_head":"<!-- This site is optimized with the Yoast SEO plugin v27.4 - https:\/\/yoast.com\/product\/yoast-seo-wordpress\/ -->\n<title>Joan Vinyes-Jaume Font entre los m\u00e1s r\u00e1pidos en el circuito de Navarra - Equip vinyes dabad<\/title>\n<meta name=\"robots\" content=\"index, follow, max-snippet:-1, max-image-preview:large, max-video-preview:-1\" \/>\n<link rel=\"canonical\" href=\"https:\/\/equipvinyesdabad.com\/es\/circuitos\/joan-vinyes-jaume-font-entre-los-mas-rapidos-en-el-circuito-de-navarra\/\" \/>\n<meta property=\"og:locale\" content=\"es_ES\" \/>\n<meta property=\"og:type\" content=\"article\" \/>\n<meta property=\"og:title\" content=\"Joan Vinyes-Jaume Font entre los m\u00e1s r\u00e1pidos en el circuito de Navarra - Equip vinyes dabad\" \/>\n<meta property=\"og:description\" content=\"Triunfo inapelable, categor\u00eda C2, en la segunda carrera en el meeting inicial del Campeonato de Espa\u00f1a de Resistencia (CER)\" \/>\n<meta property=\"og:url\" content=\"https:\/\/equipvinyesdabad.com\/es\/circuitos\/joan-vinyes-jaume-font-entre-los-mas-rapidos-en-el-circuito-de-navarra\/\" \/>\n<meta property=\"og:site_name\" content=\"Equip vinyes dabad\" \/>\n<meta property=\"article:published_time\" content=\"2020-07-20T00:00:00+00:00\" \/>\n<meta property=\"article:modified_time\" content=\"2024-10-31T20:22:37+00:00\" \/>\n<meta property=\"og:image\" content=\"https:\/\/equipvinyesdabad.com\/wp-content\/uploads\/2024\/10\/logo_vinyes_dabad.png\" \/>\n\t<meta property=\"og:image:width\" content=\"250\" \/>\n\t<meta property=\"og:image:height\" content=\"130\" \/>\n\t<meta property=\"og:image:type\" content=\"image\/png\" \/>\n<meta name=\"author\" content=\"admin\" \/>\n<meta name=\"twitter:card\" content=\"summary_large_image\" \/>\n<meta name=\"twitter:label1\" content=\"Escrito por\" \/>\n\t<meta name=\"twitter:data1\" content=\"admin\" \/>\n\t<meta name=\"twitter:label2\" content=\"Tiempo de lectura\" \/>\n\t<meta name=\"twitter:data2\" content=\"4 minutos\" \/>\n<script type=\"application\/ld+json\" class=\"yoast-schema-graph\">{\"@context\":\"https:\\\/\\\/schema.org\",\"@graph\":[{\"@type\":\"Article\",\"@id\":\"https:\\\/\\\/equipvinyesdabad.com\\\/es\\\/circuitos\\\/joan-vinyes-jaume-font-entre-los-mas-rapidos-en-el-circuito-de-navarra\\\/#article\",\"isPartOf\":{\"@id\":\"https:\\\/\\\/equipvinyesdabad.com\\\/es\\\/circuitos\\\/joan-vinyes-jaume-font-entre-los-mas-rapidos-en-el-circuito-de-navarra\\\/\"},\"author\":{\"name\":\"admin\",\"@id\":\"https:\\\/\\\/equipvinyesdabad.com\\\/es\\\/#\\\/schema\\\/person\\\/962b4c681d63fd4fbd546ec83b775c1b\"},\"headline\":\"Joan Vinyes-Jaume Font entre los m\u00e1s r\u00e1pidos en el circuito de Navarra\",\"datePublished\":\"2020-07-20T00:00:00+00:00\",\"dateModified\":\"2024-10-31T20:22:37+00:00\",\"mainEntityOfPage\":{\"@id\":\"https:\\\/\\\/equipvinyesdabad.com\\\/es\\\/circuitos\\\/joan-vinyes-jaume-font-entre-los-mas-rapidos-en-el-circuito-de-navarra\\\/\"},\"wordCount\":776,\"image\":{\"@id\":\"https:\\\/\\\/equipvinyesdabad.com\\\/es\\\/circuitos\\\/joan-vinyes-jaume-font-entre-los-mas-rapidos-en-el-circuito-de-navarra\\\/#primaryimage\"},\"thumbnailUrl\":\"https:\\\/\\\/equipvinyesdabad.com\\\/wp-content\\\/uploads\\\/2020\\\/07\\\/20105ViNavarra7598.jpg\",\"articleSection\":[\"Circuitos\",\"Circuitos Espa\u00f1a\"],\"inLanguage\":\"es\"},{\"@type\":\"WebPage\",\"@id\":\"https:\\\/\\\/equipvinyesdabad.com\\\/es\\\/circuitos\\\/joan-vinyes-jaume-font-entre-los-mas-rapidos-en-el-circuito-de-navarra\\\/\",\"url\":\"https:\\\/\\\/equipvinyesdabad.com\\\/es\\\/circuitos\\\/joan-vinyes-jaume-font-entre-los-mas-rapidos-en-el-circuito-de-navarra\\\/\",\"name\":\"Joan Vinyes-Jaume Font entre los m\u00e1s r\u00e1pidos en el circuito de Navarra - Equip vinyes dabad\",\"isPartOf\":{\"@id\":\"https:\\\/\\\/equipvinyesdabad.com\\\/es\\\/#website\"},\"primaryImageOfPage\":{\"@id\":\"https:\\\/\\\/equipvinyesdabad.com\\\/es\\\/circuitos\\\/joan-vinyes-jaume-font-entre-los-mas-rapidos-en-el-circuito-de-navarra\\\/#primaryimage\"},\"image\":{\"@id\":\"https:\\\/\\\/equipvinyesdabad.com\\\/es\\\/circuitos\\\/joan-vinyes-jaume-font-entre-los-mas-rapidos-en-el-circuito-de-navarra\\\/#primaryimage\"},\"thumbnailUrl\":\"https:\\\/\\\/equipvinyesdabad.com\\\/wp-content\\\/uploads\\\/2020\\\/07\\\/20105ViNavarra7598.jpg\",\"datePublished\":\"2020-07-20T00:00:00+00:00\",\"dateModified\":\"2024-10-31T20:22:37+00:00\",\"author\":{\"@id\":\"https:\\\/\\\/equipvinyesdabad.com\\\/es\\\/#\\\/schema\\\/person\\\/962b4c681d63fd4fbd546ec83b775c1b\"},\"breadcrumb\":{\"@id\":\"https:\\\/\\\/equipvinyesdabad.com\\\/es\\\/circuitos\\\/joan-vinyes-jaume-font-entre-los-mas-rapidos-en-el-circuito-de-navarra\\\/#breadcrumb\"},\"inLanguage\":\"es\",\"potentialAction\":[{\"@type\":\"ReadAction\",\"target\":[\"https:\\\/\\\/equipvinyesdabad.com\\\/es\\\/circuitos\\\/joan-vinyes-jaume-font-entre-los-mas-rapidos-en-el-circuito-de-navarra\\\/\"]}]},{\"@type\":\"ImageObject\",\"inLanguage\":\"es\",\"@id\":\"https:\\\/\\\/equipvinyesdabad.com\\\/es\\\/circuitos\\\/joan-vinyes-jaume-font-entre-los-mas-rapidos-en-el-circuito-de-navarra\\\/#primaryimage\",\"url\":\"https:\\\/\\\/equipvinyesdabad.com\\\/wp-content\\\/uploads\\\/2020\\\/07\\\/20105ViNavarra7598.jpg\",\"contentUrl\":\"https:\\\/\\\/equipvinyesdabad.com\\\/wp-content\\\/uploads\\\/2020\\\/07\\\/20105ViNavarra7598.jpg\"},{\"@type\":\"BreadcrumbList\",\"@id\":\"https:\\\/\\\/equipvinyesdabad.com\\\/es\\\/circuitos\\\/joan-vinyes-jaume-font-entre-los-mas-rapidos-en-el-circuito-de-navarra\\\/#breadcrumb\",\"itemListElement\":[{\"@type\":\"ListItem\",\"position\":1,\"name\":\"Inicio\",\"item\":\"https:\\\/\\\/equipvinyesdabad.com\\\/es\\\/\"},{\"@type\":\"ListItem\",\"position\":2,\"name\":\"Joan Vinyes-Jaume Font entre los m\u00e1s r\u00e1pidos en el circuito de Navarra\"}]},{\"@type\":\"WebSite\",\"@id\":\"https:\\\/\\\/equipvinyesdabad.com\\\/es\\\/#website\",\"url\":\"https:\\\/\\\/equipvinyesdabad.com\\\/es\\\/\",\"name\":\"Equip vinyes dabad\",\"description\":\"\",\"potentialAction\":[{\"@type\":\"SearchAction\",\"target\":{\"@type\":\"EntryPoint\",\"urlTemplate\":\"https:\\\/\\\/equipvinyesdabad.com\\\/es\\\/?s={search_term_string}\"},\"query-input\":{\"@type\":\"PropertyValueSpecification\",\"valueRequired\":true,\"valueName\":\"search_term_string\"}}],\"inLanguage\":\"es\"},{\"@type\":\"Person\",\"@id\":\"https:\\\/\\\/equipvinyesdabad.com\\\/es\\\/#\\\/schema\\\/person\\\/962b4c681d63fd4fbd546ec83b775c1b\",\"name\":\"admin\",\"image\":{\"@type\":\"ImageObject\",\"inLanguage\":\"es\",\"@id\":\"https:\\\/\\\/secure.gravatar.com\\\/avatar\\\/6d1c6cfbf1c3aed75f7a05f946b76867c29d677b49f81545b6b9bc58677b08a0?s=96&d=mm&r=g\",\"url\":\"https:\\\/\\\/secure.gravatar.com\\\/avatar\\\/6d1c6cfbf1c3aed75f7a05f946b76867c29d677b49f81545b6b9bc58677b08a0?s=96&d=mm&r=g\",\"contentUrl\":\"https:\\\/\\\/secure.gravatar.com\\\/avatar\\\/6d1c6cfbf1c3aed75f7a05f946b76867c29d677b49f81545b6b9bc58677b08a0?s=96&d=mm&r=g\",\"caption\":\"admin\"},\"sameAs\":[\"https:\\\/\\\/equipvinyesdabad.com\"],\"url\":\"https:\\\/\\\/equipvinyesdabad.com\\\/es\\\/author\\\/web1\\\/\"}]}<\/script>\n<!-- \/ Yoast SEO plugin. -->","yoast_head_json":{"title":"Joan Vinyes-Jaume Font entre los m\u00e1s r\u00e1pidos en el circuito de Navarra - Equip vinyes dabad","robots":{"index":"index","follow":"follow","max-snippet":"max-snippet:-1","max-image-preview":"max-image-preview:large","max-video-preview":"max-video-preview:-1"},"canonical":"https:\/\/equipvinyesdabad.com\/es\/circuitos\/joan-vinyes-jaume-font-entre-los-mas-rapidos-en-el-circuito-de-navarra\/","og_locale":"es_ES","og_type":"article","og_title":"Joan Vinyes-Jaume Font entre los m\u00e1s r\u00e1pidos en el circuito de Navarra - Equip vinyes dabad","og_description":"Triunfo inapelable, categor\u00eda C2, en la segunda carrera en el meeting inicial del Campeonato de Espa\u00f1a de Resistencia (CER)","og_url":"https:\/\/equipvinyesdabad.com\/es\/circuitos\/joan-vinyes-jaume-font-entre-los-mas-rapidos-en-el-circuito-de-navarra\/","og_site_name":"Equip vinyes dabad","article_published_time":"2020-07-20T00:00:00+00:00","article_modified_time":"2024-10-31T20:22:37+00:00","og_image":[{"width":250,"height":130,"url":"https:\/\/equipvinyesdabad.com\/wp-content\/uploads\/2024\/10\/logo_vinyes_dabad.png","type":"image\/png"}],"author":"admin","twitter_card":"summary_large_image","twitter_misc":{"Escrito por":"admin","Tiempo de lectura":"4 minutos"},"schema":{"@context":"https:\/\/schema.org","@graph":[{"@type":"Article","@id":"https:\/\/equipvinyesdabad.com\/es\/circuitos\/joan-vinyes-jaume-font-entre-los-mas-rapidos-en-el-circuito-de-navarra\/#article","isPartOf":{"@id":"https:\/\/equipvinyesdabad.com\/es\/circuitos\/joan-vinyes-jaume-font-entre-los-mas-rapidos-en-el-circuito-de-navarra\/"},"author":{"name":"admin","@id":"https:\/\/equipvinyesdabad.com\/es\/#\/schema\/person\/962b4c681d63fd4fbd546ec83b775c1b"},"headline":"Joan Vinyes-Jaume Font entre los m\u00e1s r\u00e1pidos en el circuito de Navarra","datePublished":"2020-07-20T00:00:00+00:00","dateModified":"2024-10-31T20:22:37+00:00","mainEntityOfPage":{"@id":"https:\/\/equipvinyesdabad.com\/es\/circuitos\/joan-vinyes-jaume-font-entre-los-mas-rapidos-en-el-circuito-de-navarra\/"},"wordCount":776,"image":{"@id":"https:\/\/equipvinyesdabad.com\/es\/circuitos\/joan-vinyes-jaume-font-entre-los-mas-rapidos-en-el-circuito-de-navarra\/#primaryimage"},"thumbnailUrl":"https:\/\/equipvinyesdabad.com\/wp-content\/uploads\/2020\/07\/20105ViNavarra7598.jpg","articleSection":["Circuitos","Circuitos Espa\u00f1a"],"inLanguage":"es"},{"@type":"WebPage","@id":"https:\/\/equipvinyesdabad.com\/es\/circuitos\/joan-vinyes-jaume-font-entre-los-mas-rapidos-en-el-circuito-de-navarra\/","url":"https:\/\/equipvinyesdabad.com\/es\/circuitos\/joan-vinyes-jaume-font-entre-los-mas-rapidos-en-el-circuito-de-navarra\/","name":"Joan Vinyes-Jaume Font entre los m\u00e1s r\u00e1pidos en el circuito de Navarra - Equip vinyes dabad","isPartOf":{"@id":"https:\/\/equipvinyesdabad.com\/es\/#website"},"primaryImageOfPage":{"@id":"https:\/\/equipvinyesdabad.com\/es\/circuitos\/joan-vinyes-jaume-font-entre-los-mas-rapidos-en-el-circuito-de-navarra\/#primaryimage"},"image":{"@id":"https:\/\/equipvinyesdabad.com\/es\/circuitos\/joan-vinyes-jaume-font-entre-los-mas-rapidos-en-el-circuito-de-navarra\/#primaryimage"},"thumbnailUrl":"https:\/\/equipvinyesdabad.com\/wp-content\/uploads\/2020\/07\/20105ViNavarra7598.jpg","datePublished":"2020-07-20T00:00:00+00:00","dateModified":"2024-10-31T20:22:37+00:00","author":{"@id":"https:\/\/equipvinyesdabad.com\/es\/#\/schema\/person\/962b4c681d63fd4fbd546ec83b775c1b"},"breadcrumb":{"@id":"https:\/\/equipvinyesdabad.com\/es\/circuitos\/joan-vinyes-jaume-font-entre-los-mas-rapidos-en-el-circuito-de-navarra\/#breadcrumb"},"inLanguage":"es","potentialAction":[{"@type":"ReadAction","target":["https:\/\/equipvinyesdabad.com\/es\/circuitos\/joan-vinyes-jaume-font-entre-los-mas-rapidos-en-el-circuito-de-navarra\/"]}]},{"@type":"ImageObject","inLanguage":"es","@id":"https:\/\/equipvinyesdabad.com\/es\/circuitos\/joan-vinyes-jaume-font-entre-los-mas-rapidos-en-el-circuito-de-navarra\/#primaryimage","url":"https:\/\/equipvinyesdabad.com\/wp-content\/uploads\/2020\/07\/20105ViNavarra7598.jpg","contentUrl":"https:\/\/equipvinyesdabad.com\/wp-content\/uploads\/2020\/07\/20105ViNavarra7598.jpg"},{"@type":"BreadcrumbList","@id":"https:\/\/equipvinyesdabad.com\/es\/circuitos\/joan-vinyes-jaume-font-entre-los-mas-rapidos-en-el-circuito-de-navarra\/#breadcrumb","itemListElement":[{"@type":"ListItem","position":1,"name":"Inicio","item":"https:\/\/equipvinyesdabad.com\/es\/"},{"@type":"ListItem","position":2,"name":"Joan Vinyes-Jaume Font entre los m\u00e1s r\u00e1pidos en el circuito de Navarra"}]},{"@type":"WebSite","@id":"https:\/\/equipvinyesdabad.com\/es\/#website","url":"https:\/\/equipvinyesdabad.com\/es\/","name":"Equip vinyes dabad","description":"","potentialAction":[{"@type":"SearchAction","target":{"@type":"EntryPoint","urlTemplate":"https:\/\/equipvinyesdabad.com\/es\/?s={search_term_string}"},"query-input":{"@type":"PropertyValueSpecification","valueRequired":true,"valueName":"search_term_string"}}],"inLanguage":"es"},{"@type":"Person","@id":"https:\/\/equipvinyesdabad.com\/es\/#\/schema\/person\/962b4c681d63fd4fbd546ec83b775c1b","name":"admin","image":{"@type":"ImageObject","inLanguage":"es","@id":"https:\/\/secure.gravatar.com\/avatar\/6d1c6cfbf1c3aed75f7a05f946b76867c29d677b49f81545b6b9bc58677b08a0?s=96&d=mm&r=g","url":"https:\/\/secure.gravatar.com\/avatar\/6d1c6cfbf1c3aed75f7a05f946b76867c29d677b49f81545b6b9bc58677b08a0?s=96&d=mm&r=g","contentUrl":"https:\/\/secure.gravatar.com\/avatar\/6d1c6cfbf1c3aed75f7a05f946b76867c29d677b49f81545b6b9bc58677b08a0?s=96&d=mm&r=g","caption":"admin"},"sameAs":["https:\/\/equipvinyesdabad.com"],"url":"https:\/\/equipvinyesdabad.com\/es\/author\/web1\/"}]}},"_links":{"self":[{"href":"https:\/\/equipvinyesdabad.com\/es\/wp-json\/wp\/v2\/posts\/2190","targetHints":{"allow":["GET"]}}],"collection":[{"href":"https:\/\/equipvinyesdabad.com\/es\/wp-json\/wp\/v2\/posts"}],"about":[{"href":"https:\/\/equipvinyesdabad.com\/es\/wp-json\/wp\/v2\/types\/post"}],"author":[{"embeddable":true,"href":"https:\/\/equipvinyesdabad.com\/es\/wp-json\/wp\/v2\/users\/1"}],"replies":[{"embeddable":true,"href":"https:\/\/equipvinyesdabad.com\/es\/wp-json\/wp\/v2\/comments?post=2190"}],"version-history":[{"count":3,"href":"https:\/\/equipvinyesdabad.com\/es\/wp-json\/wp\/v2\/posts\/2190\/revisions"}],"predecessor-version":[{"id":4087,"href":"https:\/\/equipvinyesdabad.com\/es\/wp-json\/wp\/v2\/posts\/2190\/revisions\/4087"}],"wp:featuredmedia":[{"embeddable":true,"href":"https:\/\/equipvinyesdabad.com\/es\/wp-json\/wp\/v2\/media\/1557"}],"wp:attachment":[{"href":"https:\/\/equipvinyesdabad.com\/es\/wp-json\/wp\/v2\/media?parent=2190"}],"wp:term":[{"taxonomy":"category","embeddable":true,"href":"https:\/\/equipvinyesdabad.com\/es\/wp-json\/wp\/v2\/categories?post=2190"},{"taxonomy":"post_tag","embeddable":true,"href":"https:\/\/equipvinyesdabad.com\/es\/wp-json\/wp\/v2\/tags?post=2190"}],"curies":[{"name":"wp","href":"https:\/\/api.w.org\/{rel}","templated":true}]}}