{"id":2208,"date":"2019-11-27T00:00:00","date_gmt":"2019-11-27T00:00:00","guid":{"rendered":"https:\/\/equipvinyesdabad.com\/?p=2208"},"modified":"2024-10-31T20:22:56","modified_gmt":"2024-10-31T20:22:56","slug":"los-500-km-de-alcaniz-ultima-prueba-del-2019-para-vinyes-font-porsche-gt3","status":"publish","type":"post","link":"https:\/\/equipvinyesdabad.com\/es\/circuitos\/los-500-km-de-alcaniz-ultima-prueba-del-2019-para-vinyes-font-porsche-gt3\/","title":{"rendered":"Los 500 km de Alca\u00f1iz, \u00faltima prueba del 2019 para Vinyes-Font (Porsche GT3)"},"content":{"rendered":"<p style=\"text-align: justify;\">El trazado FIM (5,077 km) de las instalaciones de Motorland, ser&aacute; el escenario de los 500 km de Alca&ntilde;iz 2019, prueba que cerrar&aacute;, como es habitual, el calendario espa&ntilde;ol de resistencia.<br \/>Joan Vinyes-Jaume Font disputar&aacute;n por primera vez la prueba de Alca&ntilde;iz, al volante del Porsche GT3 preparado por Baporo Motorsport. &nbsp;<\/p>\n<p>El t&aacute;ndem de pilotos que compartir&aacute; el Porsche GT3, conoce bien la pista aragonesa. Han competido en diversas ocasiones en pruebas de resistencia pero siempre al volante de mec&aacute;nicas de inferiores prestaciones que las del veh&iacute;culo de la marca de Stuttgart. Joan ante esta nueva experiencia se muestra muy motivado y, sobre todo, con ganas de competir con el Porsche. As&iacute; nos lo comentaba: <em><strong>Es una oportunidad muy interesante para rodar (en modo-test) con el Porsche. No tenemos ninguna presi&oacute;n para estar entre los mejores. Nos gustar&iacute;a ganar, esto es evidente, pero por otra parte si las cosas no salen del todo bien, podemos aprovechar la carrera para hacer algunas pruebas que nos puedan ser &uacute;tiles de cara al futuro.<\/strong><\/em>&nbsp; &nbsp;<\/p>\n<p>En estos momentos la lista de inscritos no est&aacute; cerrada, por tanto los rivales que les puedan complicar los puestos de honor a&uacute;n los desconocen: <em><strong>Tengo alguna informaci&oacute;n respecto a la cantidad de equipos que se han inscrito a la prueba. Parece ser que la mencionada inscripci&oacute;n no es demasiado numerosa, hasta al final no lo sabremos.<\/strong><\/em><br \/><em><strong>De todas maneras, como he dicho, a priori nuestro objetivo es disfrutar de la competici&oacute;n en la que ser&aacute; la &uacute;ltima, con el Porsche, de la temporada. Veremos como se desarrolla la carrera y a partir de la evoluci&oacute;n de la misma intentaremos aprovechar las ocasiones que se presenten para hacer una buena clasificaci&oacute;n.&nbsp;<\/strong><\/em> &nbsp;<\/p>\n<p>Toda la actividad competitiva previa a la disputa de los 500 km de Alca&ntilde;iz, se har&aacute; a lo largo de la jornada del s&aacute;bado (d&iacute;a 29). Durante el viernes (d&iacute;a 29), solo se llevar&aacute;n a&nbsp; cabo las verificaciones (administrativas y t&eacute;cnicas) entre las 16:00 y 20:00 horas,mientras que a continuaci&oacute;n se har&aacute; el breafing por parte del director de carrera y al que tienen que asistir todos los participantes.<br \/>La siguiente jornada (s&aacute;bado d&iacute;a 30), se comenzar&aacute; con la disputa de los entrenamientos libres (60&rsquo;) que se iniciar&aacute;n a las 9:05 horas, a continuaci&oacute;n los oficiales (45&rsquo;) a las 11:00 horas, mientras que el inicio de la carrera esta previsto a las 12:50 horas,<br \/>&nbsp;<\/p>\n<p><span style=\"font-size: x-small;\"><strong><strong><strong><strong><a href=\"http:\/\/www.infoesport.org\/imgNoticia\/2019\/191130J500km1c.pdf\"><img loading=\"lazy\" decoding=\"async\" style=\"float: right;\" src=\"http:\/\/www.infoesport.org\/auxiliar\/fot\/logos\/icono_pdf.gif\" alt=\"\" width=\"50\" height=\"50\" \/><\/a><\/strong><\/strong><\/strong><\/strong><\/span><\/p>\n<p style=\"text-align: right;\">Servicio de Prensa.<\/p>\n","protected":false},"excerpt":{"rendered":"<p>El trazado FIM (5,077 km) de las instalaciones de Motorland, ser\u00e1 el escenario de los 500 km de Alca\u00f1iz 2019, prueba que cerrar\u00e1, como es habitual, el calendario espa\u00f1ol de resistencia.<br \/>\nJoan Vinyes-Jaume Font disputar\u00e1n por primera vez la prueba de Alca\u00f1iz, al volante de Porsche GT3 preparado por Baporo Motorsport. <\/p>\n","protected":false},"author":1,"featured_media":1566,"comment_status":"closed","ping_status":"closed","sticky":false,"template":"","format":"standard","meta":{"_kadence_starter_templates_imported_post":false,"_kad_post_transparent":"","_kad_post_title":"","_kad_post_layout":"","_kad_post_sidebar_id":"","_kad_post_content_style":"","_kad_post_vertical_padding":"","_kad_post_feature":"","_kad_post_feature_position":"","_kad_post_header":false,"_kad_post_footer":false,"_kad_post_classname":"","footnotes":""},"categories":[52,92],"tags":[],"class_list":["post-2208","post","type-post","status-publish","format-standard","has-post-thumbnail","hentry","category-circuitos","category-circuitos-espana"],"yoast_head":"<!-- This site is optimized with the Yoast SEO plugin v27.4 - https:\/\/yoast.com\/product\/yoast-seo-wordpress\/ -->\n<title>Los 500 km de Alca\u00f1iz, \u00faltima prueba del 2019 para Vinyes-Font (Porsche GT3) - Equip vinyes dabad<\/title>\n<meta name=\"robots\" content=\"index, follow, max-snippet:-1, max-image-preview:large, max-video-preview:-1\" \/>\n<link rel=\"canonical\" href=\"https:\/\/equipvinyesdabad.com\/es\/circuitos\/los-500-km-de-alcaniz-ultima-prueba-del-2019-para-vinyes-font-porsche-gt3\/\" \/>\n<meta property=\"og:locale\" content=\"es_ES\" \/>\n<meta property=\"og:type\" content=\"article\" \/>\n<meta property=\"og:title\" content=\"Los 500 km de Alca\u00f1iz, \u00faltima prueba del 2019 para Vinyes-Font (Porsche GT3) - Equip vinyes dabad\" \/>\n<meta property=\"og:description\" content=\"El trazado FIM (5,077 km) de las instalaciones de Motorland, ser\u00e1 el escenario de los 500 km de Alca\u00f1iz 2019, prueba que cerrar\u00e1, como es habitual, el calendario espa\u00f1ol de resistencia. Joan Vinyes-Jaume Font disputar\u00e1n por primera vez la prueba de Alca\u00f1iz, al volante de Porsche GT3 preparado por Baporo Motorsport.\" \/>\n<meta property=\"og:url\" content=\"https:\/\/equipvinyesdabad.com\/es\/circuitos\/los-500-km-de-alcaniz-ultima-prueba-del-2019-para-vinyes-font-porsche-gt3\/\" \/>\n<meta property=\"og:site_name\" content=\"Equip vinyes dabad\" \/>\n<meta property=\"article:published_time\" content=\"2019-11-27T00:00:00+00:00\" \/>\n<meta property=\"article:modified_time\" content=\"2024-10-31T20:22:56+00:00\" \/>\n<meta property=\"og:image\" content=\"https:\/\/equipvinyesdabad.com\/wp-content\/uploads\/2024\/10\/logo_vinyes_dabad.png\" \/>\n\t<meta property=\"og:image:width\" content=\"250\" \/>\n\t<meta property=\"og:image:height\" content=\"130\" \/>\n\t<meta property=\"og:image:type\" content=\"image\/png\" \/>\n<meta name=\"author\" content=\"admin\" \/>\n<meta name=\"twitter:card\" content=\"summary_large_image\" \/>\n<meta name=\"twitter:label1\" content=\"Escrito por\" \/>\n\t<meta name=\"twitter:data1\" content=\"admin\" \/>\n\t<meta name=\"twitter:label2\" content=\"Tiempo de lectura\" \/>\n\t<meta name=\"twitter:data2\" content=\"2 minutos\" \/>\n<script type=\"application\/ld+json\" class=\"yoast-schema-graph\">{\"@context\":\"https:\\\/\\\/schema.org\",\"@graph\":[{\"@type\":\"Article\",\"@id\":\"https:\\\/\\\/equipvinyesdabad.com\\\/es\\\/circuitos\\\/los-500-km-de-alcaniz-ultima-prueba-del-2019-para-vinyes-font-porsche-gt3\\\/#article\",\"isPartOf\":{\"@id\":\"https:\\\/\\\/equipvinyesdabad.com\\\/es\\\/circuitos\\\/los-500-km-de-alcaniz-ultima-prueba-del-2019-para-vinyes-font-porsche-gt3\\\/\"},\"author\":{\"name\":\"admin\",\"@id\":\"https:\\\/\\\/equipvinyesdabad.com\\\/es\\\/#\\\/schema\\\/person\\\/962b4c681d63fd4fbd546ec83b775c1b\"},\"headline\":\"Los 500 km de Alca\u00f1iz, \u00faltima prueba del 2019 para Vinyes-Font (Porsche GT3)\",\"datePublished\":\"2019-11-27T00:00:00+00:00\",\"dateModified\":\"2024-10-31T20:22:56+00:00\",\"mainEntityOfPage\":{\"@id\":\"https:\\\/\\\/equipvinyesdabad.com\\\/es\\\/circuitos\\\/los-500-km-de-alcaniz-ultima-prueba-del-2019-para-vinyes-font-porsche-gt3\\\/\"},\"wordCount\":470,\"image\":{\"@id\":\"https:\\\/\\\/equipvinyesdabad.com\\\/es\\\/circuitos\\\/los-500-km-de-alcaniz-ultima-prueba-del-2019-para-vinyes-font-porsche-gt3\\\/#primaryimage\"},\"thumbnailUrl\":\"https:\\\/\\\/equipvinyesdabad.com\\\/wp-content\\\/uploads\\\/2019\\\/11\\\/13JV500km0054.jpg\",\"articleSection\":[\"Circuitos\",\"Circuitos Espa\u00f1a\"],\"inLanguage\":\"es\"},{\"@type\":\"WebPage\",\"@id\":\"https:\\\/\\\/equipvinyesdabad.com\\\/es\\\/circuitos\\\/los-500-km-de-alcaniz-ultima-prueba-del-2019-para-vinyes-font-porsche-gt3\\\/\",\"url\":\"https:\\\/\\\/equipvinyesdabad.com\\\/es\\\/circuitos\\\/los-500-km-de-alcaniz-ultima-prueba-del-2019-para-vinyes-font-porsche-gt3\\\/\",\"name\":\"Los 500 km de Alca\u00f1iz, \u00faltima prueba del 2019 para Vinyes-Font (Porsche GT3) - Equip vinyes dabad\",\"isPartOf\":{\"@id\":\"https:\\\/\\\/equipvinyesdabad.com\\\/es\\\/#website\"},\"primaryImageOfPage\":{\"@id\":\"https:\\\/\\\/equipvinyesdabad.com\\\/es\\\/circuitos\\\/los-500-km-de-alcaniz-ultima-prueba-del-2019-para-vinyes-font-porsche-gt3\\\/#primaryimage\"},\"image\":{\"@id\":\"https:\\\/\\\/equipvinyesdabad.com\\\/es\\\/circuitos\\\/los-500-km-de-alcaniz-ultima-prueba-del-2019-para-vinyes-font-porsche-gt3\\\/#primaryimage\"},\"thumbnailUrl\":\"https:\\\/\\\/equipvinyesdabad.com\\\/wp-content\\\/uploads\\\/2019\\\/11\\\/13JV500km0054.jpg\",\"datePublished\":\"2019-11-27T00:00:00+00:00\",\"dateModified\":\"2024-10-31T20:22:56+00:00\",\"author\":{\"@id\":\"https:\\\/\\\/equipvinyesdabad.com\\\/es\\\/#\\\/schema\\\/person\\\/962b4c681d63fd4fbd546ec83b775c1b\"},\"breadcrumb\":{\"@id\":\"https:\\\/\\\/equipvinyesdabad.com\\\/es\\\/circuitos\\\/los-500-km-de-alcaniz-ultima-prueba-del-2019-para-vinyes-font-porsche-gt3\\\/#breadcrumb\"},\"inLanguage\":\"es\",\"potentialAction\":[{\"@type\":\"ReadAction\",\"target\":[\"https:\\\/\\\/equipvinyesdabad.com\\\/es\\\/circuitos\\\/los-500-km-de-alcaniz-ultima-prueba-del-2019-para-vinyes-font-porsche-gt3\\\/\"]}]},{\"@type\":\"ImageObject\",\"inLanguage\":\"es\",\"@id\":\"https:\\\/\\\/equipvinyesdabad.com\\\/es\\\/circuitos\\\/los-500-km-de-alcaniz-ultima-prueba-del-2019-para-vinyes-font-porsche-gt3\\\/#primaryimage\",\"url\":\"https:\\\/\\\/equipvinyesdabad.com\\\/wp-content\\\/uploads\\\/2019\\\/11\\\/13JV500km0054.jpg\",\"contentUrl\":\"https:\\\/\\\/equipvinyesdabad.com\\\/wp-content\\\/uploads\\\/2019\\\/11\\\/13JV500km0054.jpg\"},{\"@type\":\"BreadcrumbList\",\"@id\":\"https:\\\/\\\/equipvinyesdabad.com\\\/es\\\/circuitos\\\/los-500-km-de-alcaniz-ultima-prueba-del-2019-para-vinyes-font-porsche-gt3\\\/#breadcrumb\",\"itemListElement\":[{\"@type\":\"ListItem\",\"position\":1,\"name\":\"Inicio\",\"item\":\"https:\\\/\\\/equipvinyesdabad.com\\\/es\\\/\"},{\"@type\":\"ListItem\",\"position\":2,\"name\":\"Los 500 km de Alca\u00f1iz, \u00faltima prueba del 2019 para Vinyes-Font (Porsche GT3)\"}]},{\"@type\":\"WebSite\",\"@id\":\"https:\\\/\\\/equipvinyesdabad.com\\\/es\\\/#website\",\"url\":\"https:\\\/\\\/equipvinyesdabad.com\\\/es\\\/\",\"name\":\"Equip vinyes dabad\",\"description\":\"\",\"potentialAction\":[{\"@type\":\"SearchAction\",\"target\":{\"@type\":\"EntryPoint\",\"urlTemplate\":\"https:\\\/\\\/equipvinyesdabad.com\\\/es\\\/?s={search_term_string}\"},\"query-input\":{\"@type\":\"PropertyValueSpecification\",\"valueRequired\":true,\"valueName\":\"search_term_string\"}}],\"inLanguage\":\"es\"},{\"@type\":\"Person\",\"@id\":\"https:\\\/\\\/equipvinyesdabad.com\\\/es\\\/#\\\/schema\\\/person\\\/962b4c681d63fd4fbd546ec83b775c1b\",\"name\":\"admin\",\"image\":{\"@type\":\"ImageObject\",\"inLanguage\":\"es\",\"@id\":\"https:\\\/\\\/secure.gravatar.com\\\/avatar\\\/6d1c6cfbf1c3aed75f7a05f946b76867c29d677b49f81545b6b9bc58677b08a0?s=96&d=mm&r=g\",\"url\":\"https:\\\/\\\/secure.gravatar.com\\\/avatar\\\/6d1c6cfbf1c3aed75f7a05f946b76867c29d677b49f81545b6b9bc58677b08a0?s=96&d=mm&r=g\",\"contentUrl\":\"https:\\\/\\\/secure.gravatar.com\\\/avatar\\\/6d1c6cfbf1c3aed75f7a05f946b76867c29d677b49f81545b6b9bc58677b08a0?s=96&d=mm&r=g\",\"caption\":\"admin\"},\"sameAs\":[\"https:\\\/\\\/equipvinyesdabad.com\"],\"url\":\"https:\\\/\\\/equipvinyesdabad.com\\\/es\\\/author\\\/web1\\\/\"}]}<\/script>\n<!-- \/ Yoast SEO plugin. -->","yoast_head_json":{"title":"Los 500 km de Alca\u00f1iz, \u00faltima prueba del 2019 para Vinyes-Font (Porsche GT3) - Equip vinyes dabad","robots":{"index":"index","follow":"follow","max-snippet":"max-snippet:-1","max-image-preview":"max-image-preview:large","max-video-preview":"max-video-preview:-1"},"canonical":"https:\/\/equipvinyesdabad.com\/es\/circuitos\/los-500-km-de-alcaniz-ultima-prueba-del-2019-para-vinyes-font-porsche-gt3\/","og_locale":"es_ES","og_type":"article","og_title":"Los 500 km de Alca\u00f1iz, \u00faltima prueba del 2019 para Vinyes-Font (Porsche GT3) - Equip vinyes dabad","og_description":"El trazado FIM (5,077 km) de las instalaciones de Motorland, ser\u00e1 el escenario de los 500 km de Alca\u00f1iz 2019, prueba que cerrar\u00e1, como es habitual, el calendario espa\u00f1ol de resistencia. Joan Vinyes-Jaume Font disputar\u00e1n por primera vez la prueba de Alca\u00f1iz, al volante de Porsche GT3 preparado por Baporo Motorsport.","og_url":"https:\/\/equipvinyesdabad.com\/es\/circuitos\/los-500-km-de-alcaniz-ultima-prueba-del-2019-para-vinyes-font-porsche-gt3\/","og_site_name":"Equip vinyes dabad","article_published_time":"2019-11-27T00:00:00+00:00","article_modified_time":"2024-10-31T20:22:56+00:00","og_image":[{"width":250,"height":130,"url":"https:\/\/equipvinyesdabad.com\/wp-content\/uploads\/2024\/10\/logo_vinyes_dabad.png","type":"image\/png"}],"author":"admin","twitter_card":"summary_large_image","twitter_misc":{"Escrito por":"admin","Tiempo de lectura":"2 minutos"},"schema":{"@context":"https:\/\/schema.org","@graph":[{"@type":"Article","@id":"https:\/\/equipvinyesdabad.com\/es\/circuitos\/los-500-km-de-alcaniz-ultima-prueba-del-2019-para-vinyes-font-porsche-gt3\/#article","isPartOf":{"@id":"https:\/\/equipvinyesdabad.com\/es\/circuitos\/los-500-km-de-alcaniz-ultima-prueba-del-2019-para-vinyes-font-porsche-gt3\/"},"author":{"name":"admin","@id":"https:\/\/equipvinyesdabad.com\/es\/#\/schema\/person\/962b4c681d63fd4fbd546ec83b775c1b"},"headline":"Los 500 km de Alca\u00f1iz, \u00faltima prueba del 2019 para Vinyes-Font (Porsche GT3)","datePublished":"2019-11-27T00:00:00+00:00","dateModified":"2024-10-31T20:22:56+00:00","mainEntityOfPage":{"@id":"https:\/\/equipvinyesdabad.com\/es\/circuitos\/los-500-km-de-alcaniz-ultima-prueba-del-2019-para-vinyes-font-porsche-gt3\/"},"wordCount":470,"image":{"@id":"https:\/\/equipvinyesdabad.com\/es\/circuitos\/los-500-km-de-alcaniz-ultima-prueba-del-2019-para-vinyes-font-porsche-gt3\/#primaryimage"},"thumbnailUrl":"https:\/\/equipvinyesdabad.com\/wp-content\/uploads\/2019\/11\/13JV500km0054.jpg","articleSection":["Circuitos","Circuitos Espa\u00f1a"],"inLanguage":"es"},{"@type":"WebPage","@id":"https:\/\/equipvinyesdabad.com\/es\/circuitos\/los-500-km-de-alcaniz-ultima-prueba-del-2019-para-vinyes-font-porsche-gt3\/","url":"https:\/\/equipvinyesdabad.com\/es\/circuitos\/los-500-km-de-alcaniz-ultima-prueba-del-2019-para-vinyes-font-porsche-gt3\/","name":"Los 500 km de Alca\u00f1iz, \u00faltima prueba del 2019 para Vinyes-Font (Porsche GT3) - Equip vinyes dabad","isPartOf":{"@id":"https:\/\/equipvinyesdabad.com\/es\/#website"},"primaryImageOfPage":{"@id":"https:\/\/equipvinyesdabad.com\/es\/circuitos\/los-500-km-de-alcaniz-ultima-prueba-del-2019-para-vinyes-font-porsche-gt3\/#primaryimage"},"image":{"@id":"https:\/\/equipvinyesdabad.com\/es\/circuitos\/los-500-km-de-alcaniz-ultima-prueba-del-2019-para-vinyes-font-porsche-gt3\/#primaryimage"},"thumbnailUrl":"https:\/\/equipvinyesdabad.com\/wp-content\/uploads\/2019\/11\/13JV500km0054.jpg","datePublished":"2019-11-27T00:00:00+00:00","dateModified":"2024-10-31T20:22:56+00:00","author":{"@id":"https:\/\/equipvinyesdabad.com\/es\/#\/schema\/person\/962b4c681d63fd4fbd546ec83b775c1b"},"breadcrumb":{"@id":"https:\/\/equipvinyesdabad.com\/es\/circuitos\/los-500-km-de-alcaniz-ultima-prueba-del-2019-para-vinyes-font-porsche-gt3\/#breadcrumb"},"inLanguage":"es","potentialAction":[{"@type":"ReadAction","target":["https:\/\/equipvinyesdabad.com\/es\/circuitos\/los-500-km-de-alcaniz-ultima-prueba-del-2019-para-vinyes-font-porsche-gt3\/"]}]},{"@type":"ImageObject","inLanguage":"es","@id":"https:\/\/equipvinyesdabad.com\/es\/circuitos\/los-500-km-de-alcaniz-ultima-prueba-del-2019-para-vinyes-font-porsche-gt3\/#primaryimage","url":"https:\/\/equipvinyesdabad.com\/wp-content\/uploads\/2019\/11\/13JV500km0054.jpg","contentUrl":"https:\/\/equipvinyesdabad.com\/wp-content\/uploads\/2019\/11\/13JV500km0054.jpg"},{"@type":"BreadcrumbList","@id":"https:\/\/equipvinyesdabad.com\/es\/circuitos\/los-500-km-de-alcaniz-ultima-prueba-del-2019-para-vinyes-font-porsche-gt3\/#breadcrumb","itemListElement":[{"@type":"ListItem","position":1,"name":"Inicio","item":"https:\/\/equipvinyesdabad.com\/es\/"},{"@type":"ListItem","position":2,"name":"Los 500 km de Alca\u00f1iz, \u00faltima prueba del 2019 para Vinyes-Font (Porsche GT3)"}]},{"@type":"WebSite","@id":"https:\/\/equipvinyesdabad.com\/es\/#website","url":"https:\/\/equipvinyesdabad.com\/es\/","name":"Equip vinyes dabad","description":"","potentialAction":[{"@type":"SearchAction","target":{"@type":"EntryPoint","urlTemplate":"https:\/\/equipvinyesdabad.com\/es\/?s={search_term_string}"},"query-input":{"@type":"PropertyValueSpecification","valueRequired":true,"valueName":"search_term_string"}}],"inLanguage":"es"},{"@type":"Person","@id":"https:\/\/equipvinyesdabad.com\/es\/#\/schema\/person\/962b4c681d63fd4fbd546ec83b775c1b","name":"admin","image":{"@type":"ImageObject","inLanguage":"es","@id":"https:\/\/secure.gravatar.com\/avatar\/6d1c6cfbf1c3aed75f7a05f946b76867c29d677b49f81545b6b9bc58677b08a0?s=96&d=mm&r=g","url":"https:\/\/secure.gravatar.com\/avatar\/6d1c6cfbf1c3aed75f7a05f946b76867c29d677b49f81545b6b9bc58677b08a0?s=96&d=mm&r=g","contentUrl":"https:\/\/secure.gravatar.com\/avatar\/6d1c6cfbf1c3aed75f7a05f946b76867c29d677b49f81545b6b9bc58677b08a0?s=96&d=mm&r=g","caption":"admin"},"sameAs":["https:\/\/equipvinyesdabad.com"],"url":"https:\/\/equipvinyesdabad.com\/es\/author\/web1\/"}]}},"_links":{"self":[{"href":"https:\/\/equipvinyesdabad.com\/es\/wp-json\/wp\/v2\/posts\/2208","targetHints":{"allow":["GET"]}}],"collection":[{"href":"https:\/\/equipvinyesdabad.com\/es\/wp-json\/wp\/v2\/posts"}],"about":[{"href":"https:\/\/equipvinyesdabad.com\/es\/wp-json\/wp\/v2\/types\/post"}],"author":[{"embeddable":true,"href":"https:\/\/equipvinyesdabad.com\/es\/wp-json\/wp\/v2\/users\/1"}],"replies":[{"embeddable":true,"href":"https:\/\/equipvinyesdabad.com\/es\/wp-json\/wp\/v2\/comments?post=2208"}],"version-history":[{"count":3,"href":"https:\/\/equipvinyesdabad.com\/es\/wp-json\/wp\/v2\/posts\/2208\/revisions"}],"predecessor-version":[{"id":4122,"href":"https:\/\/equipvinyesdabad.com\/es\/wp-json\/wp\/v2\/posts\/2208\/revisions\/4122"}],"wp:featuredmedia":[{"embeddable":true,"href":"https:\/\/equipvinyesdabad.com\/es\/wp-json\/wp\/v2\/media\/1566"}],"wp:attachment":[{"href":"https:\/\/equipvinyesdabad.com\/es\/wp-json\/wp\/v2\/media?parent=2208"}],"wp:term":[{"taxonomy":"category","embeddable":true,"href":"https:\/\/equipvinyesdabad.com\/es\/wp-json\/wp\/v2\/categories?post=2208"},{"taxonomy":"post_tag","embeddable":true,"href":"https:\/\/equipvinyesdabad.com\/es\/wp-json\/wp\/v2\/tags?post=2208"}],"curies":[{"name":"wp","href":"https:\/\/api.w.org\/{rel}","templated":true}]}}