{"id":2210,"date":"2019-11-25T00:00:00","date_gmt":"2019-11-25T00:00:00","guid":{"rendered":"https:\/\/equipvinyesdabad.com\/?p=2210"},"modified":"2024-10-31T20:10:18","modified_gmt":"2024-10-31T20:10:18","slug":"vinyes-mercader-acaban-su-relacion-con-el-suzuki-swift-r-n5-en-el-circuito-del-jarama","status":"publish","type":"post","link":"https:\/\/equipvinyesdabad.com\/es\/rallys\/vinyes-mercader-acaban-su-relacion-con-el-suzuki-swift-r-n5-en-el-circuito-del-jarama\/","title":{"rendered":"Vinyes-Mercader acaban su \u201crelaci\u00f3n\u201d con el Suzuki Swift R+ (N5), en el Circuito del Jarama"},"content":{"rendered":"<p style=\"text-align: justify;\">EL X Rally Comunidad de Madrid &#8211; RACE, &uacute;ltima cita del Campeonato de Espa&ntilde;a de Rallys de asfalto (CERA) 2019, fue la elegida por el equipo Suzuki Motorsport para dar por finalizado el periplo del Swift R+ (N5) como veh&iacute;culo de competici&oacute;n de su pilotos oficiales en el mundo de los rallys.<\/p>\n<p>As&iacute; pues, Joan Vinyes-Jordi Mercader disputaron la &uacute;ltima prueba al volante del mencionado Swift R+ (N5), acabando el&nbsp; Rally CM-Race en la 2a posici&oacute;n la categor&iacute;a (N5), una categor&iacute;a de la cual ya eran campeones de Espa&ntilde;a 2019, y situ&aacute;ndose muy cerca del top10 de un clasificaci&oacute;n absoluta con mayor&iacute;a de mec&aacute;nicas R5.<br \/>Cabe mencionar que la recta final de la prueba del RACE, estuvo marcada por un problema en la caja e velocidades, un imprevisto que alej&oacute; a Vinyes-Mercader de la lucha por el que hubiera sido su sexto triunfo de la temporada. <\/p>\n<p>En cuanto a la climatolog&iacute;a que han tenido que soportar los participantes y, en general, todos los asistentes que se han acercado a las especiales cronometradas, ha sido muy adversa sobre todo durante las disputa de la primera parte de la etapa inicial.<br \/>Lluvia, niebla y rachas de fuerte viento fueron los elementos que m&aacute;s dificultaron la labor de los pilotos, al mismo tiempo que pon&iacute;an a prueba la resistencia de los aficionados que segu&iacute;an la competici&oacute;n a pie de carretera. <\/p>\n<p><strong>Etapa 1: Secciones 1 y 2 (viernes d&iacute;a 22); Puerto de la Puebla (15,88 km) y El Berrueco (10,56 km). La 2a secci&oacute;n se acabar&aacute; con el primer paso por el Circuito del Jarama &#8211; sentido normal (18,52 km).<\/strong> <br \/>Vinyes-Mercader empezaron con fuerza la 1a secci&oacute;n y en el primer paso por La Puebla, superaron con claridad (11&rdquo;) a sus rivales directos (Compaire-Carrasco) de la categor&iacute;a N5. En el Berrueco fueron Compaire-Carrasco los m&aacute;s r&aacute;pidos y se acercaron a tan solo 3&rdquo; del t&aacute;ndem del equipo Suzuki Motorsport, una vez superadas las dos especiales iniciales.<\/p>\n<p>Despu&eacute;s de esta 1a secci&oacute;n, Vinyes hac&iacute;a hincapi&eacute; en las inclemencias del tiempo: <em><strong>Est&aacute; lloviendo mucho y el asfalto de las cronometradas est&aacute; muy delicado, desliza mucho, &#8230; Adem&aacute;s en varias partes del recorrido la visibilidad era nula. Sin duda, hemos pasado por situaciones muy complicadas.<\/strong> <\/em><\/p>\n<p>La 2a secci&oacute;n se inici&oacute; sin cambios significativos, en cuanto al tiempo. No obstante, siguieron fieles a su mejor ritmo y consiguieron superar las tres especiales entre los m&aacute;s r&aacute;pidos, adem&aacute;s de evitar riesgos in&uacute;tiles. <br \/>Esta estrategia les llev&oacute; a finalizar la jornada claramente destacados, al frente de los N5, sur rivales directos segu&iacute;an siendo Compaire-Carrasco, pero distanciados a casi 1&rsquo;. <br \/>En la clasificaci&oacute;n absoluta se situaban en una meritoria 6a plaza, una posici&oacute;n dif&iacute;cil de aguanta, teniendo en cuenta que tanto los equipos que le preced&iacute;an como los que ten&iacute;an por detr&aacute;s llevaban veh&iacute;culos con mejores prestaciones (R5).<br \/>Al finalizar la jornada, Joan&nbsp; se mostraba satisfecho de como se hab&iacute;an resuelto las dificultades de la jornada: <em><strong>Ha sido una primera etapa&nbsp; muy dura. No ten&iacute;amos que arriesgar, llegamos a Madrid con el t&iacute;tulo en el bolsillo, no obstante luchar por el triunfo de la N5, creo que era algo que ten&iacute;amos que intentar De momento lo estamos consiguiendo. Ma&ntilde;ana, en las tres pasadas por el Jarama el objetivo principal ser&aacute; acabar el rally. Por cierto &#8230; dicen que la climatolog&iacute;a ser&aacute; m&aacute;s favorable, veremos.<\/strong><\/em><br \/><strong>&nbsp;<\/strong><br \/><strong>Etapa 2; Circuito del Jarama x 3, en diferentes versiones.<\/strong><br \/>La jornada se presentaba tranquila para el equipo Suzuki Motrosport, la ventaja con sus perseguidores era holgada y parec&iacute;a que, sin la necesidad de tomar riesgos, el primer puesto estaba asegurado.<br \/>Pero el desenlace de las carreras en general, a veces, es caprichoso y cuando menos te lo esperas la situaci&oacute;n se complica. Esto les pas&oacute; a Vinyes-Mercader que en la cuarta vuelta del primer paso por el Jarama, en sentido inverso al habitual, el cambio de velocidades dijo basta&nbsp;&nbsp; y quedo bloqueado con la 1a velocidad puesta. Pudieron acabar la especial perdiendo 2&rsquo; y la situaci&oacute;n de privilegio que ten&iacute;an desde el inicio de la prueba.<\/p>\n<p>Despu&eacute;s de una reparaci&oacute;n de urgencia a cargo de los t&eacute;cnicos de ARVidal, pudieron continuar en competici&oacute;n pero, recuperar el tiempo perdido result&oacute; imposible. El triunfo en la categor&iacute;a N5, se qued&oacute; a solo 14&rdquo;.<br \/>Una vez finalizado el rally. Joan nos comentaba de esta manera sus impresiones: <em><strong>Lo hemos intentado hasta el final pero no ha sido posible. Nos hubiera gustado acabar nuestra &uacute;ltima carrera con el Swift R+ (N5) en lo m&aacute;s alto del podio, pero nos han faltado 14&rdquo; para conseguirlo. <\/strong><\/em><br \/><em><strong>Es cierto que nos queda l satisfacci&oacute;n de haber revalidado el t&iacute;tulo nacional de la N5 unas semanas antes, es decir, llegamos a Madrid con el objetivo principal resuelto. No obstante, tener el triunfo tan cerca y que se escape &#8230;<\/strong> <\/em><br \/>&nbsp; <br \/><strong>El Suzuki Swift R4lly S (R4) empez&oacute; a rodar en el Jarama. &nbsp;<\/strong><br \/>Una vez finalizado el X Rally CM-RACE, el circuito del Jarama qued&oacute; a disposici&oacute;n del equipo Suzuki Motorsport para que sus equipos oficiales, Joan Vinyes-Jordi Mercader y Javier Pardo-Adri&aacute;n P&eacute;rez, comenzaran a familiarizarse con la mec&aacute;nica que pilotar&aacute;n la pr&oacute;xima temporada.<\/p>\n<p>De momento las primeras impresiones son muy positivas, la opini&oacute;n generalizada era: <em><strong>Estamos muy ilusionados con el nuevo proyecto y con ganas empezar a trabajar en la puesta a punto del Swift R4lly S.<\/strong><\/em><\/p>\n<p>Todo parece indicar que no tendr&aacute;n que esperar demasiado en poder comprobar in-situ las reacciones de la nueva mec&aacute;nica de Suzuki.<\/p>\n<p><\/p>\n<p style=\"text-align: right;\"><span style=\"font-size: x-small;\"><strong><strong><strong><strong><a href=\"http:\/\/www.infoesport.org\/imgNoticia\/2019\/191123JVMadrid2c.pdf\"><img loading=\"lazy\" decoding=\"async\" style=\"float: right;\" src=\"http:\/\/www.infoesport.org\/auxiliar\/fot\/logos\/icono_pdf.gif\" alt=\"\" width=\"50\" height=\"50\" \/><\/a><\/strong><\/strong><\/strong><\/strong><\/span>Servicio de prensa.<\/p>\n<p><\/p>\n<p style=\"text-align: center;\"><strong>Resultados del X Rally Comunidad de Madrid &#8211; RACE.<\/strong><\/p>\n<p style=\"text-align: justify;\"><strong>Absoluta:<\/strong> <br \/>1. Ivan Ares-DAvid Vazquez (Hyundai i20 R5), 1h12&rsquo;24.6, 2. Pepe L&oacute;pez-Borja Hernandez (Citro&euml;n C3 R5), a 0&rsquo;05&rdquo;1,&nbsp; 3. Xevi Pons-Rodrigo Sanjuan (Skoda Fabia R5), a 0&rsquo;34.4, 4. Surhayen&nbsp; Pern&iacute;a-Alba S&aacute;nche (Hyundai i20 R5), a 0&rsquo;47.8, 5. Christian Garcia-Mario Gonzalez (VW Polo R5) a 1&rsquo;00&rdquo;2 , &#8230; <strong>9. Joan Vinyes-Jordi Mercader (Suzuki Swift R+ N5) a 4&rsquo;04.7 , <\/strong><\/p>\n<p><strong>N5:<\/strong><br \/>1. Fernando Compaire-Helena Carrasco (Ford Fiesta N5), 1h16&rsquo;14.9, <strong>2. Joan Vinyes-Jordi Mercader (Suzuki Swift R+ N5) a 0&rsquo;14.4,<\/strong> 3. Jorge Cagiao-Amelia Blanco (Nissan Micra N5), a 0&rsquo;41.7, 4. Angel Paniceres-Francisco J. Alvarez (Kio Rio N5) a 1&rsquo;20.6, 5. Alfred Tames-Ramon Suarez (Ford Fiesta N5) a 1&rsquo;33.3.<\/p>\n<p>&nbsp;<\/p>\n<p><span style=\"font-size: x-small;\"><strong><strong><strong><strong><br \/><\/strong><\/strong><\/strong><\/strong><\/span><\/p>\n","protected":false},"excerpt":{"rendered":"<p>EL X Rally Comunidad de Madrid &#8211; RACE, \u00faltima cita del Campeonato de Espa\u00f1a de Rallys de asfalto (CERA) 2019, fue la elegida por el equipo Suzuki Motorsport para dar por finalizado el periplo del Swift R+ (N5) como veh\u00edculo de competici\u00f3n de su pilotos oficiales en el mundo de los rallys.<\/p>\n<p>As\u00ed pues, Joan Vinyes-Jordi Mercader disputaron la \u00faltima prueba al volante del mencionado Swift R+ (N5), acabando el  Rally CM-Race en la 2a posici\u00f3n la categor\u00eda (N5), una categor\u00eda de la cual ya eran campeones de Espa\u00f1a 2019, y situ\u00e1ndose muy cerca del top10 de un clasificaci\u00f3n absoluta con mayor\u00eda de mec\u00e1nicas R5.<br \/>\nCabe mencionar que la recta final de la prueba del RACE, estuvo marcada por un problema en la caja e velocidades, un imprevisto que alej\u00f3 a Vinyes-Mercader de la lucha por el que hubiera sido su sexto triunfo de la temporada. <\/p>\n","protected":false},"author":1,"featured_media":1567,"comment_status":"closed","ping_status":"closed","sticky":false,"template":"","format":"standard","meta":{"_kadence_starter_templates_imported_post":false,"_kad_post_transparent":"","_kad_post_title":"","_kad_post_layout":"","_kad_post_sidebar_id":"","_kad_post_content_style":"","_kad_post_vertical_padding":"","_kad_post_feature":"","_kad_post_feature_position":"","_kad_post_header":false,"_kad_post_footer":false,"_kad_post_classname":"","footnotes":""},"categories":[46,60],"tags":[],"class_list":["post-2210","post","type-post","status-publish","format-standard","has-post-thumbnail","hentry","category-rallys","category-rallys-asfalto"],"yoast_head":"<!-- This site is optimized with the Yoast SEO plugin v27.4 - https:\/\/yoast.com\/product\/yoast-seo-wordpress\/ -->\n<title>Vinyes-Mercader acaban su \u201crelaci\u00f3n\u201d con el Suzuki Swift R+ (N5), en el Circuito del Jarama - Equip vinyes dabad<\/title>\n<meta name=\"robots\" content=\"index, follow, max-snippet:-1, max-image-preview:large, max-video-preview:-1\" \/>\n<link rel=\"canonical\" href=\"https:\/\/equipvinyesdabad.com\/es\/rallys\/vinyes-mercader-acaban-su-relacion-con-el-suzuki-swift-r-n5-en-el-circuito-del-jarama\/\" \/>\n<meta property=\"og:locale\" content=\"es_ES\" \/>\n<meta property=\"og:type\" content=\"article\" \/>\n<meta property=\"og:title\" content=\"Vinyes-Mercader acaban su \u201crelaci\u00f3n\u201d con el Suzuki Swift R+ (N5), en el Circuito del Jarama - Equip vinyes dabad\" \/>\n<meta property=\"og:description\" content=\"EL X Rally Comunidad de Madrid - RACE, \u00faltima cita del Campeonato de Espa\u00f1a de Rallys de asfalto (CERA) 2019, fue la elegida por el equipo Suzuki Motorsport para dar por finalizado el periplo del Swift R+ (N5) como veh\u00edculo de competici\u00f3n de su pilotos oficiales en el mundo de los rallys.  As\u00ed pues, Joan Vinyes-Jordi Mercader disputaron la \u00faltima prueba al volante del mencionado Swift R+ (N5), acabando el Rally CM-Race en la 2a posici\u00f3n la categor\u00eda (N5), una categor\u00eda de la cual ya eran campeones de Espa\u00f1a 2019, y situ\u00e1ndose muy cerca del top10 de un clasificaci\u00f3n absoluta con mayor\u00eda de mec\u00e1nicas R5. Cabe mencionar que la recta final de la prueba del RACE, estuvo marcada por un problema en la caja e velocidades, un imprevisto que alej\u00f3 a Vinyes-Mercader de la lucha por el que hubiera sido su sexto triunfo de la temporada.\" \/>\n<meta property=\"og:url\" content=\"https:\/\/equipvinyesdabad.com\/es\/rallys\/vinyes-mercader-acaban-su-relacion-con-el-suzuki-swift-r-n5-en-el-circuito-del-jarama\/\" \/>\n<meta property=\"og:site_name\" content=\"Equip vinyes dabad\" \/>\n<meta property=\"article:published_time\" content=\"2019-11-25T00:00:00+00:00\" \/>\n<meta property=\"article:modified_time\" content=\"2024-10-31T20:10:18+00:00\" \/>\n<meta property=\"og:image\" content=\"https:\/\/equipvinyesdabad.com\/wp-content\/uploads\/2024\/10\/logo_vinyes_dabad.png\" \/>\n\t<meta property=\"og:image:width\" content=\"250\" \/>\n\t<meta property=\"og:image:height\" content=\"130\" \/>\n\t<meta property=\"og:image:type\" content=\"image\/png\" \/>\n<meta name=\"author\" content=\"admin\" \/>\n<meta name=\"twitter:card\" content=\"summary_large_image\" \/>\n<meta name=\"twitter:label1\" content=\"Escrito por\" \/>\n\t<meta name=\"twitter:data1\" content=\"admin\" \/>\n\t<meta name=\"twitter:label2\" content=\"Tiempo de lectura\" \/>\n\t<meta name=\"twitter:data2\" content=\"6 minutos\" \/>\n<script type=\"application\/ld+json\" class=\"yoast-schema-graph\">{\"@context\":\"https:\\\/\\\/schema.org\",\"@graph\":[{\"@type\":\"Article\",\"@id\":\"https:\\\/\\\/equipvinyesdabad.com\\\/es\\\/rallys\\\/vinyes-mercader-acaban-su-relacion-con-el-suzuki-swift-r-n5-en-el-circuito-del-jarama\\\/#article\",\"isPartOf\":{\"@id\":\"https:\\\/\\\/equipvinyesdabad.com\\\/es\\\/rallys\\\/vinyes-mercader-acaban-su-relacion-con-el-suzuki-swift-r-n5-en-el-circuito-del-jarama\\\/\"},\"author\":{\"name\":\"admin\",\"@id\":\"https:\\\/\\\/equipvinyesdabad.com\\\/es\\\/#\\\/schema\\\/person\\\/962b4c681d63fd4fbd546ec83b775c1b\"},\"headline\":\"Vinyes-Mercader acaban su \u201crelaci\u00f3n\u201d con el Suzuki Swift R+ (N5), en el Circuito del Jarama\",\"datePublished\":\"2019-11-25T00:00:00+00:00\",\"dateModified\":\"2024-10-31T20:10:18+00:00\",\"mainEntityOfPage\":{\"@id\":\"https:\\\/\\\/equipvinyesdabad.com\\\/es\\\/rallys\\\/vinyes-mercader-acaban-su-relacion-con-el-suzuki-swift-r-n5-en-el-circuito-del-jarama\\\/\"},\"wordCount\":1187,\"image\":{\"@id\":\"https:\\\/\\\/equipvinyesdabad.com\\\/es\\\/rallys\\\/vinyes-mercader-acaban-su-relacion-con-el-suzuki-swift-r-n5-en-el-circuito-del-jarama\\\/#primaryimage\"},\"thumbnailUrl\":\"https:\\\/\\\/equipvinyesdabad.com\\\/wp-content\\\/uploads\\\/2019\\\/11\\\/xxJVR4lly4184.jpg\",\"articleSection\":[\"Rallys\",\"Rallys asfalto\"],\"inLanguage\":\"es\"},{\"@type\":\"WebPage\",\"@id\":\"https:\\\/\\\/equipvinyesdabad.com\\\/es\\\/rallys\\\/vinyes-mercader-acaban-su-relacion-con-el-suzuki-swift-r-n5-en-el-circuito-del-jarama\\\/\",\"url\":\"https:\\\/\\\/equipvinyesdabad.com\\\/es\\\/rallys\\\/vinyes-mercader-acaban-su-relacion-con-el-suzuki-swift-r-n5-en-el-circuito-del-jarama\\\/\",\"name\":\"Vinyes-Mercader acaban su \u201crelaci\u00f3n\u201d con el Suzuki Swift R+ (N5), en el Circuito del Jarama - Equip vinyes dabad\",\"isPartOf\":{\"@id\":\"https:\\\/\\\/equipvinyesdabad.com\\\/es\\\/#website\"},\"primaryImageOfPage\":{\"@id\":\"https:\\\/\\\/equipvinyesdabad.com\\\/es\\\/rallys\\\/vinyes-mercader-acaban-su-relacion-con-el-suzuki-swift-r-n5-en-el-circuito-del-jarama\\\/#primaryimage\"},\"image\":{\"@id\":\"https:\\\/\\\/equipvinyesdabad.com\\\/es\\\/rallys\\\/vinyes-mercader-acaban-su-relacion-con-el-suzuki-swift-r-n5-en-el-circuito-del-jarama\\\/#primaryimage\"},\"thumbnailUrl\":\"https:\\\/\\\/equipvinyesdabad.com\\\/wp-content\\\/uploads\\\/2019\\\/11\\\/xxJVR4lly4184.jpg\",\"datePublished\":\"2019-11-25T00:00:00+00:00\",\"dateModified\":\"2024-10-31T20:10:18+00:00\",\"author\":{\"@id\":\"https:\\\/\\\/equipvinyesdabad.com\\\/es\\\/#\\\/schema\\\/person\\\/962b4c681d63fd4fbd546ec83b775c1b\"},\"breadcrumb\":{\"@id\":\"https:\\\/\\\/equipvinyesdabad.com\\\/es\\\/rallys\\\/vinyes-mercader-acaban-su-relacion-con-el-suzuki-swift-r-n5-en-el-circuito-del-jarama\\\/#breadcrumb\"},\"inLanguage\":\"es\",\"potentialAction\":[{\"@type\":\"ReadAction\",\"target\":[\"https:\\\/\\\/equipvinyesdabad.com\\\/es\\\/rallys\\\/vinyes-mercader-acaban-su-relacion-con-el-suzuki-swift-r-n5-en-el-circuito-del-jarama\\\/\"]}]},{\"@type\":\"ImageObject\",\"inLanguage\":\"es\",\"@id\":\"https:\\\/\\\/equipvinyesdabad.com\\\/es\\\/rallys\\\/vinyes-mercader-acaban-su-relacion-con-el-suzuki-swift-r-n5-en-el-circuito-del-jarama\\\/#primaryimage\",\"url\":\"https:\\\/\\\/equipvinyesdabad.com\\\/wp-content\\\/uploads\\\/2019\\\/11\\\/xxJVR4lly4184.jpg\",\"contentUrl\":\"https:\\\/\\\/equipvinyesdabad.com\\\/wp-content\\\/uploads\\\/2019\\\/11\\\/xxJVR4lly4184.jpg\"},{\"@type\":\"BreadcrumbList\",\"@id\":\"https:\\\/\\\/equipvinyesdabad.com\\\/es\\\/rallys\\\/vinyes-mercader-acaban-su-relacion-con-el-suzuki-swift-r-n5-en-el-circuito-del-jarama\\\/#breadcrumb\",\"itemListElement\":[{\"@type\":\"ListItem\",\"position\":1,\"name\":\"Inicio\",\"item\":\"https:\\\/\\\/equipvinyesdabad.com\\\/es\\\/\"},{\"@type\":\"ListItem\",\"position\":2,\"name\":\"Vinyes-Mercader acaban su \u201crelaci\u00f3n\u201d con el Suzuki Swift R+ (N5), en el Circuito del Jarama\"}]},{\"@type\":\"WebSite\",\"@id\":\"https:\\\/\\\/equipvinyesdabad.com\\\/es\\\/#website\",\"url\":\"https:\\\/\\\/equipvinyesdabad.com\\\/es\\\/\",\"name\":\"Equip vinyes dabad\",\"description\":\"\",\"potentialAction\":[{\"@type\":\"SearchAction\",\"target\":{\"@type\":\"EntryPoint\",\"urlTemplate\":\"https:\\\/\\\/equipvinyesdabad.com\\\/es\\\/?s={search_term_string}\"},\"query-input\":{\"@type\":\"PropertyValueSpecification\",\"valueRequired\":true,\"valueName\":\"search_term_string\"}}],\"inLanguage\":\"es\"},{\"@type\":\"Person\",\"@id\":\"https:\\\/\\\/equipvinyesdabad.com\\\/es\\\/#\\\/schema\\\/person\\\/962b4c681d63fd4fbd546ec83b775c1b\",\"name\":\"admin\",\"image\":{\"@type\":\"ImageObject\",\"inLanguage\":\"es\",\"@id\":\"https:\\\/\\\/secure.gravatar.com\\\/avatar\\\/6d1c6cfbf1c3aed75f7a05f946b76867c29d677b49f81545b6b9bc58677b08a0?s=96&d=mm&r=g\",\"url\":\"https:\\\/\\\/secure.gravatar.com\\\/avatar\\\/6d1c6cfbf1c3aed75f7a05f946b76867c29d677b49f81545b6b9bc58677b08a0?s=96&d=mm&r=g\",\"contentUrl\":\"https:\\\/\\\/secure.gravatar.com\\\/avatar\\\/6d1c6cfbf1c3aed75f7a05f946b76867c29d677b49f81545b6b9bc58677b08a0?s=96&d=mm&r=g\",\"caption\":\"admin\"},\"sameAs\":[\"https:\\\/\\\/equipvinyesdabad.com\"],\"url\":\"https:\\\/\\\/equipvinyesdabad.com\\\/es\\\/author\\\/web1\\\/\"}]}<\/script>\n<!-- \/ Yoast SEO plugin. -->","yoast_head_json":{"title":"Vinyes-Mercader acaban su \u201crelaci\u00f3n\u201d con el Suzuki Swift R+ (N5), en el Circuito del Jarama - Equip vinyes dabad","robots":{"index":"index","follow":"follow","max-snippet":"max-snippet:-1","max-image-preview":"max-image-preview:large","max-video-preview":"max-video-preview:-1"},"canonical":"https:\/\/equipvinyesdabad.com\/es\/rallys\/vinyes-mercader-acaban-su-relacion-con-el-suzuki-swift-r-n5-en-el-circuito-del-jarama\/","og_locale":"es_ES","og_type":"article","og_title":"Vinyes-Mercader acaban su \u201crelaci\u00f3n\u201d con el Suzuki Swift R+ (N5), en el Circuito del Jarama - Equip vinyes dabad","og_description":"EL X Rally Comunidad de Madrid - RACE, \u00faltima cita del Campeonato de Espa\u00f1a de Rallys de asfalto (CERA) 2019, fue la elegida por el equipo Suzuki Motorsport para dar por finalizado el periplo del Swift R+ (N5) como veh\u00edculo de competici\u00f3n de su pilotos oficiales en el mundo de los rallys.  As\u00ed pues, Joan Vinyes-Jordi Mercader disputaron la \u00faltima prueba al volante del mencionado Swift R+ (N5), acabando el Rally CM-Race en la 2a posici\u00f3n la categor\u00eda (N5), una categor\u00eda de la cual ya eran campeones de Espa\u00f1a 2019, y situ\u00e1ndose muy cerca del top10 de un clasificaci\u00f3n absoluta con mayor\u00eda de mec\u00e1nicas R5. Cabe mencionar que la recta final de la prueba del RACE, estuvo marcada por un problema en la caja e velocidades, un imprevisto que alej\u00f3 a Vinyes-Mercader de la lucha por el que hubiera sido su sexto triunfo de la temporada.","og_url":"https:\/\/equipvinyesdabad.com\/es\/rallys\/vinyes-mercader-acaban-su-relacion-con-el-suzuki-swift-r-n5-en-el-circuito-del-jarama\/","og_site_name":"Equip vinyes dabad","article_published_time":"2019-11-25T00:00:00+00:00","article_modified_time":"2024-10-31T20:10:18+00:00","og_image":[{"width":250,"height":130,"url":"https:\/\/equipvinyesdabad.com\/wp-content\/uploads\/2024\/10\/logo_vinyes_dabad.png","type":"image\/png"}],"author":"admin","twitter_card":"summary_large_image","twitter_misc":{"Escrito por":"admin","Tiempo de lectura":"6 minutos"},"schema":{"@context":"https:\/\/schema.org","@graph":[{"@type":"Article","@id":"https:\/\/equipvinyesdabad.com\/es\/rallys\/vinyes-mercader-acaban-su-relacion-con-el-suzuki-swift-r-n5-en-el-circuito-del-jarama\/#article","isPartOf":{"@id":"https:\/\/equipvinyesdabad.com\/es\/rallys\/vinyes-mercader-acaban-su-relacion-con-el-suzuki-swift-r-n5-en-el-circuito-del-jarama\/"},"author":{"name":"admin","@id":"https:\/\/equipvinyesdabad.com\/es\/#\/schema\/person\/962b4c681d63fd4fbd546ec83b775c1b"},"headline":"Vinyes-Mercader acaban su \u201crelaci\u00f3n\u201d con el Suzuki Swift R+ (N5), en el Circuito del Jarama","datePublished":"2019-11-25T00:00:00+00:00","dateModified":"2024-10-31T20:10:18+00:00","mainEntityOfPage":{"@id":"https:\/\/equipvinyesdabad.com\/es\/rallys\/vinyes-mercader-acaban-su-relacion-con-el-suzuki-swift-r-n5-en-el-circuito-del-jarama\/"},"wordCount":1187,"image":{"@id":"https:\/\/equipvinyesdabad.com\/es\/rallys\/vinyes-mercader-acaban-su-relacion-con-el-suzuki-swift-r-n5-en-el-circuito-del-jarama\/#primaryimage"},"thumbnailUrl":"https:\/\/equipvinyesdabad.com\/wp-content\/uploads\/2019\/11\/xxJVR4lly4184.jpg","articleSection":["Rallys","Rallys asfalto"],"inLanguage":"es"},{"@type":"WebPage","@id":"https:\/\/equipvinyesdabad.com\/es\/rallys\/vinyes-mercader-acaban-su-relacion-con-el-suzuki-swift-r-n5-en-el-circuito-del-jarama\/","url":"https:\/\/equipvinyesdabad.com\/es\/rallys\/vinyes-mercader-acaban-su-relacion-con-el-suzuki-swift-r-n5-en-el-circuito-del-jarama\/","name":"Vinyes-Mercader acaban su \u201crelaci\u00f3n\u201d con el Suzuki Swift R+ (N5), en el Circuito del Jarama - Equip vinyes dabad","isPartOf":{"@id":"https:\/\/equipvinyesdabad.com\/es\/#website"},"primaryImageOfPage":{"@id":"https:\/\/equipvinyesdabad.com\/es\/rallys\/vinyes-mercader-acaban-su-relacion-con-el-suzuki-swift-r-n5-en-el-circuito-del-jarama\/#primaryimage"},"image":{"@id":"https:\/\/equipvinyesdabad.com\/es\/rallys\/vinyes-mercader-acaban-su-relacion-con-el-suzuki-swift-r-n5-en-el-circuito-del-jarama\/#primaryimage"},"thumbnailUrl":"https:\/\/equipvinyesdabad.com\/wp-content\/uploads\/2019\/11\/xxJVR4lly4184.jpg","datePublished":"2019-11-25T00:00:00+00:00","dateModified":"2024-10-31T20:10:18+00:00","author":{"@id":"https:\/\/equipvinyesdabad.com\/es\/#\/schema\/person\/962b4c681d63fd4fbd546ec83b775c1b"},"breadcrumb":{"@id":"https:\/\/equipvinyesdabad.com\/es\/rallys\/vinyes-mercader-acaban-su-relacion-con-el-suzuki-swift-r-n5-en-el-circuito-del-jarama\/#breadcrumb"},"inLanguage":"es","potentialAction":[{"@type":"ReadAction","target":["https:\/\/equipvinyesdabad.com\/es\/rallys\/vinyes-mercader-acaban-su-relacion-con-el-suzuki-swift-r-n5-en-el-circuito-del-jarama\/"]}]},{"@type":"ImageObject","inLanguage":"es","@id":"https:\/\/equipvinyesdabad.com\/es\/rallys\/vinyes-mercader-acaban-su-relacion-con-el-suzuki-swift-r-n5-en-el-circuito-del-jarama\/#primaryimage","url":"https:\/\/equipvinyesdabad.com\/wp-content\/uploads\/2019\/11\/xxJVR4lly4184.jpg","contentUrl":"https:\/\/equipvinyesdabad.com\/wp-content\/uploads\/2019\/11\/xxJVR4lly4184.jpg"},{"@type":"BreadcrumbList","@id":"https:\/\/equipvinyesdabad.com\/es\/rallys\/vinyes-mercader-acaban-su-relacion-con-el-suzuki-swift-r-n5-en-el-circuito-del-jarama\/#breadcrumb","itemListElement":[{"@type":"ListItem","position":1,"name":"Inicio","item":"https:\/\/equipvinyesdabad.com\/es\/"},{"@type":"ListItem","position":2,"name":"Vinyes-Mercader acaban su \u201crelaci\u00f3n\u201d con el Suzuki Swift R+ (N5), en el Circuito del Jarama"}]},{"@type":"WebSite","@id":"https:\/\/equipvinyesdabad.com\/es\/#website","url":"https:\/\/equipvinyesdabad.com\/es\/","name":"Equip vinyes dabad","description":"","potentialAction":[{"@type":"SearchAction","target":{"@type":"EntryPoint","urlTemplate":"https:\/\/equipvinyesdabad.com\/es\/?s={search_term_string}"},"query-input":{"@type":"PropertyValueSpecification","valueRequired":true,"valueName":"search_term_string"}}],"inLanguage":"es"},{"@type":"Person","@id":"https:\/\/equipvinyesdabad.com\/es\/#\/schema\/person\/962b4c681d63fd4fbd546ec83b775c1b","name":"admin","image":{"@type":"ImageObject","inLanguage":"es","@id":"https:\/\/secure.gravatar.com\/avatar\/6d1c6cfbf1c3aed75f7a05f946b76867c29d677b49f81545b6b9bc58677b08a0?s=96&d=mm&r=g","url":"https:\/\/secure.gravatar.com\/avatar\/6d1c6cfbf1c3aed75f7a05f946b76867c29d677b49f81545b6b9bc58677b08a0?s=96&d=mm&r=g","contentUrl":"https:\/\/secure.gravatar.com\/avatar\/6d1c6cfbf1c3aed75f7a05f946b76867c29d677b49f81545b6b9bc58677b08a0?s=96&d=mm&r=g","caption":"admin"},"sameAs":["https:\/\/equipvinyesdabad.com"],"url":"https:\/\/equipvinyesdabad.com\/es\/author\/web1\/"}]}},"_links":{"self":[{"href":"https:\/\/equipvinyesdabad.com\/es\/wp-json\/wp\/v2\/posts\/2210","targetHints":{"allow":["GET"]}}],"collection":[{"href":"https:\/\/equipvinyesdabad.com\/es\/wp-json\/wp\/v2\/posts"}],"about":[{"href":"https:\/\/equipvinyesdabad.com\/es\/wp-json\/wp\/v2\/types\/post"}],"author":[{"embeddable":true,"href":"https:\/\/equipvinyesdabad.com\/es\/wp-json\/wp\/v2\/users\/1"}],"replies":[{"embeddable":true,"href":"https:\/\/equipvinyesdabad.com\/es\/wp-json\/wp\/v2\/comments?post=2210"}],"version-history":[{"count":3,"href":"https:\/\/equipvinyesdabad.com\/es\/wp-json\/wp\/v2\/posts\/2210\/revisions"}],"predecessor-version":[{"id":4126,"href":"https:\/\/equipvinyesdabad.com\/es\/wp-json\/wp\/v2\/posts\/2210\/revisions\/4126"}],"wp:featuredmedia":[{"embeddable":true,"href":"https:\/\/equipvinyesdabad.com\/es\/wp-json\/wp\/v2\/media\/1567"}],"wp:attachment":[{"href":"https:\/\/equipvinyesdabad.com\/es\/wp-json\/wp\/v2\/media?parent=2210"}],"wp:term":[{"taxonomy":"category","embeddable":true,"href":"https:\/\/equipvinyesdabad.com\/es\/wp-json\/wp\/v2\/categories?post=2210"},{"taxonomy":"post_tag","embeddable":true,"href":"https:\/\/equipvinyesdabad.com\/es\/wp-json\/wp\/v2\/tags?post=2210"}],"curies":[{"name":"wp","href":"https:\/\/api.w.org\/{rel}","templated":true}]}}