{"id":2220,"date":"2019-10-08T00:00:00","date_gmt":"2019-10-08T00:00:00","guid":{"rendered":"https:\/\/equipvinyesdabad.com\/?p=2220"},"modified":"2024-10-31T20:10:18","modified_gmt":"2024-10-31T20:10:18","slug":"vinyes-mercader-suzuki-swift-r-competiran-en-la-despedida-del-40-rally-santander-cantabria","status":"publish","type":"post","link":"https:\/\/equipvinyesdabad.com\/es\/rallys\/vinyes-mercader-suzuki-swift-r-competiran-en-la-despedida-del-40-rally-santander-cantabria\/","title":{"rendered":"Vinyes &#8211; Mercader (Suzuki Swift R+) competir\u00e1n en la despedida del 40 Rally Santander &#8211; Cantabria"},"content":{"rendered":"<p style=\"text-align: justify;\">El rally de referencia de la Comunidad de Cantabria en las &uacute;ltimas temporadas, Rally Santander, vivir&aacute; su &uacute;ltima edici&oacute;n el pr&oacute;ximo s&aacute;bado (d&iacute;a 12) con la disputa del 40 Rally Blendio Cantabria &#8211; Santander.<br \/>La prueba ser&aacute; v&aacute;lida para el Campeonato de Espa&ntilde;a de asfalto (CERA) 2019 y en consecuencia, el equipo Suzuki Motor Ib&eacute;rica tendr&aacute; a sus veh&iacute;culos en el podio de salida.<br \/>As&iacute; pues Joan Vinyes-Jordi Mercader, al volante de uno de los Suzuki Swift R+ del equipo, tendr&aacute;n la opci&oacute;n de pelear para seguir incrementando su puntuaci&oacute;n particular y tambi&eacute;n la de Suzuki en los respectivos campeonatos de la RFEDA.&nbsp;&nbsp; &nbsp;<\/p>\n<p>Los miembros del Club Deportivo Pe&ntilde;ucas, organizadores del evento, comunicaron hace unas semanas que ser&iacute;a la &uacute;ltima edici&oacute;n de su rally, debido a los problemas de diferente &iacute;ndole que ten&iacute;an que superar a&ntilde;o tras a&ntilde;o.<br \/>No obstante, mostraron su motivaci&oacute;n para organizar el Santander 2019, poniendo de su parte su profesionalidad habitual. <\/p>\n<p>En cuanto al recorrido decidieron centralizar todas las especiales alrededor de la localidad de Hoznayo : <br \/>Secciones 1 y 2 (s&aacute;bado d&iacute;a 12) ; Los Llanos-Bustablado (20,23 km) y Arredondo-Las Machorras (24,03 km).<br \/>Secciones 3 y 4 (s&aacute;bado d&iacute;a 12) ; Villanueva-Gama (20,36 km), G&uuml;emes (13,43 km). <\/p>\n<p>Un trazado compacto de un total de 523,37 km, de los que casi un 30% (156,10 %) ser&aacute;n de velocidad. Como se puede comprobar las especiales a superar ser&aacute;n 8 (4 diferentes).<\/p>\n<p>Para el piloto de Suzuki, el rally de Cantabria es una de las pruebas de las que guarda gratos recuerdos. El objetivo en la despedida no puede ser otro que ampliar este palmar&eacute;s de buenas sensaciones. As&iacute; nos lo comentaba antes de iniciar el desplazamiento a Santander: <em><strong>Despu&eacute;s de una veintena de a&ntilde;os disputando el Rally de Santander ha habido de todo pero, es cierto que los buenos recuerdos superan con creces a las situaciones comprometidas. Es un rally que tiene todas las dificultades de una prueba de la zona cant&aacute;brica: carreteras estrechas, con zonas en que el asfalto desliza mucho tanto en seco como en mojado, climatolog&iacute;a impredecible , &#8230; Sin duda complicado y muy bonito de correr, las especiales me gustan. Intentaremos seguir luchando entre los m&aacute;s r&aacute;pidos.&nbsp;&nbsp;&nbsp;&nbsp;&nbsp;&nbsp;&nbsp; &nbsp;<\/strong><\/em><\/p>\n<p>Mantener la racha de buenos resultados tambi&eacute;n est&aacute; entre las intenciones de un Vinyes siempre apoyado, tambi&eacute;n en Cantabria, por los aficionados. Estas eran sus palabras: <em><strong>Estamos en la recta final de la temporada y es el momento de darlo todo para estar en las mejores posiciones posibles en las diferentes clasificaciones del CERA. El subcampeonato de Marcas para Suzuki a&uacute;n es posible (estamos a 15 puntos del 2&ordm; clasificado), mientras que tambi&eacute;n tenemos opciones para el podio absoluto de pilotos y copilotos. Ahora mismo estamos a 28 puntos brutos de los que nos preceden pero, descontando dos resultados de la primera parte de la temporada, la diferencia real queda reducida a 2 puntos. O sea, todo es posible.<\/strong><\/em> &nbsp;<\/p>\n<p>El shakedown tendr&aacute; a la localidad denominada Hermosa como punto de referencia, con zona de asistencia en el parking del Hotel Adelma en Hoznayo. El recorrido previsto es de 3,60 km, entre las localidades de Hermosa y La Cavada. El test, para los pilotos prioritarios, se iniciar&aacute; a las 9.00 horas (viernes d&iacute;a 11), mientras que el TCC se correr&aacute; entre las 11.15 y las 11.45 horas de la misma jornada.<\/p>\n<p>Los organizadores se han visto obligados a cambiar la ubicaci&oacute;n del podio de las ceremonias de salida (viernes a las 20.00 horas) y entrega de trofeos (s&aacute;bado a las 21.40 horas) a los vencedores, debido a la gran cantidad de equipos inscritos al rally. De la habitual Plaza de Alfonso XIII se pasar&aacute; al aparcamiento del Palacio de Festivales, en la calle Gamazo de la capital c&aacute;ntabra.<\/p>\n<p>El 40 Rally Blendio Santander &#8211; Cantabria se iniciar&aacute; a las 7,30 horas del s&aacute;bado (d&iacute;a 12) desde el podio ubicado en la zona de asistencia, en el parking del Estadio del Sardinero, en Santander.&nbsp; &nbsp;<\/p>\n<p>&nbsp;<\/p>\n<p style=\"text-align: right;\"><span style=\"font-size: x-small;\"><strong><strong><strong><strong><a href=\"http:\/\/www.infoesport.org\/imgNoticia\/2019\/191012JVSantander1c.pdf\"><img loading=\"lazy\" decoding=\"async\" style=\"float: right;\" src=\"http:\/\/www.infoesport.org\/auxiliar\/fot\/logos\/icono_pdf.gif\" alt=\"\" width=\"50\" height=\"50\" \/><\/a><\/strong><\/strong><\/strong><\/strong><\/span>Servicio de Prensa.<\/p>\n","protected":false},"excerpt":{"rendered":"<p>El rally de referencia de la Comunidad de Cantabria en las \u00faltimas temporadas, Rally Santander, vivir\u00e1 su \u00faltima edici\u00f3n el pr\u00f3ximo s\u00e1bado (d\u00eda 12) con la disputa del 40 Rally Blendio Cantabria &#8211; Santander.<br \/>\nLa prueba ser\u00e1 v\u00e1lida para el Campeonato de Espa\u00f1a de asfalto (CERA) 2019 y en consecuencia, el equipo Suzuki Motor Ib\u00e9rica tendr\u00e1 a sus veh\u00edculos en el podio de salida.<br \/>\nAs\u00ed pues Joan Vinyes-Jordi Mercader, al volante de uno de los Suzuki Swift R+ del equipo, tendr\u00e1n la opci\u00f3n de pelear para seguir incrementando su puntuaci\u00f3n particular y tambi\u00e9n la de Suzuki en los respectivos campeonatos de la RFEDA.    <\/p>\n","protected":false},"author":1,"featured_media":1572,"comment_status":"closed","ping_status":"closed","sticky":false,"template":"","format":"standard","meta":{"_kadence_starter_templates_imported_post":false,"_kad_post_transparent":"","_kad_post_title":"","_kad_post_layout":"","_kad_post_sidebar_id":"","_kad_post_content_style":"","_kad_post_vertical_padding":"","_kad_post_feature":"","_kad_post_feature_position":"","_kad_post_header":false,"_kad_post_footer":false,"_kad_post_classname":"","footnotes":""},"categories":[46,60],"tags":[],"class_list":["post-2220","post","type-post","status-publish","format-standard","has-post-thumbnail","hentry","category-rallys","category-rallys-asfalto"],"yoast_head":"<!-- This site is optimized with the Yoast SEO plugin v27.4 - https:\/\/yoast.com\/product\/yoast-seo-wordpress\/ -->\n<title>Vinyes - Mercader (Suzuki Swift R+) competir\u00e1n en la despedida del 40 Rally Santander - Cantabria - Equip vinyes dabad<\/title>\n<meta name=\"robots\" content=\"index, follow, max-snippet:-1, max-image-preview:large, max-video-preview:-1\" \/>\n<link rel=\"canonical\" href=\"https:\/\/equipvinyesdabad.com\/es\/rallys\/vinyes-mercader-suzuki-swift-r-competiran-en-la-despedida-del-40-rally-santander-cantabria\/\" \/>\n<meta property=\"og:locale\" content=\"es_ES\" \/>\n<meta property=\"og:type\" content=\"article\" \/>\n<meta property=\"og:title\" content=\"Vinyes - Mercader (Suzuki Swift R+) competir\u00e1n en la despedida del 40 Rally Santander - Cantabria - Equip vinyes dabad\" \/>\n<meta property=\"og:description\" content=\"El rally de referencia de la Comunidad de Cantabria en las \u00faltimas temporadas, Rally Santander, vivir\u00e1 su \u00faltima edici\u00f3n el pr\u00f3ximo s\u00e1bado (d\u00eda 12) con la disputa del 40 Rally Blendio Cantabria - Santander. La prueba ser\u00e1 v\u00e1lida para el Campeonato de Espa\u00f1a de asfalto (CERA) 2019 y en consecuencia, el equipo Suzuki Motor Ib\u00e9rica tendr\u00e1 a sus veh\u00edculos en el podio de salida. As\u00ed pues Joan Vinyes-Jordi Mercader, al volante de uno de los Suzuki Swift R+ del equipo, tendr\u00e1n la opci\u00f3n de pelear para seguir incrementando su puntuaci\u00f3n particular y tambi\u00e9n la de Suzuki en los respectivos campeonatos de la RFEDA.\" \/>\n<meta property=\"og:url\" content=\"https:\/\/equipvinyesdabad.com\/es\/rallys\/vinyes-mercader-suzuki-swift-r-competiran-en-la-despedida-del-40-rally-santander-cantabria\/\" \/>\n<meta property=\"og:site_name\" content=\"Equip vinyes dabad\" \/>\n<meta property=\"article:published_time\" content=\"2019-10-08T00:00:00+00:00\" \/>\n<meta property=\"article:modified_time\" content=\"2024-10-31T20:10:18+00:00\" \/>\n<meta property=\"og:image\" content=\"https:\/\/equipvinyesdabad.com\/wp-content\/uploads\/2024\/10\/logo_vinyes_dabad.png\" \/>\n\t<meta property=\"og:image:width\" content=\"250\" \/>\n\t<meta property=\"og:image:height\" content=\"130\" \/>\n\t<meta property=\"og:image:type\" content=\"image\/png\" \/>\n<meta name=\"author\" content=\"admin\" \/>\n<meta name=\"twitter:card\" content=\"summary_large_image\" \/>\n<meta name=\"twitter:label1\" content=\"Escrito por\" \/>\n\t<meta name=\"twitter:data1\" content=\"admin\" \/>\n\t<meta name=\"twitter:label2\" content=\"Tiempo de lectura\" \/>\n\t<meta name=\"twitter:data2\" content=\"4 minutos\" \/>\n<script type=\"application\/ld+json\" class=\"yoast-schema-graph\">{\"@context\":\"https:\\\/\\\/schema.org\",\"@graph\":[{\"@type\":\"Article\",\"@id\":\"https:\\\/\\\/equipvinyesdabad.com\\\/es\\\/rallys\\\/vinyes-mercader-suzuki-swift-r-competiran-en-la-despedida-del-40-rally-santander-cantabria\\\/#article\",\"isPartOf\":{\"@id\":\"https:\\\/\\\/equipvinyesdabad.com\\\/es\\\/rallys\\\/vinyes-mercader-suzuki-swift-r-competiran-en-la-despedida-del-40-rally-santander-cantabria\\\/\"},\"author\":{\"name\":\"admin\",\"@id\":\"https:\\\/\\\/equipvinyesdabad.com\\\/es\\\/#\\\/schema\\\/person\\\/962b4c681d63fd4fbd546ec83b775c1b\"},\"headline\":\"Vinyes &#8211; Mercader (Suzuki Swift R+) competir\u00e1n en la despedida del 40 Rally Santander &#8211; Cantabria\",\"datePublished\":\"2019-10-08T00:00:00+00:00\",\"dateModified\":\"2024-10-31T20:10:18+00:00\",\"mainEntityOfPage\":{\"@id\":\"https:\\\/\\\/equipvinyesdabad.com\\\/es\\\/rallys\\\/vinyes-mercader-suzuki-swift-r-competiran-en-la-despedida-del-40-rally-santander-cantabria\\\/\"},\"wordCount\":753,\"image\":{\"@id\":\"https:\\\/\\\/equipvinyesdabad.com\\\/es\\\/rallys\\\/vinyes-mercader-suzuki-swift-r-competiran-en-la-despedida-del-40-rally-santander-cantabria\\\/#primaryimage\"},\"thumbnailUrl\":\"https:\\\/\\\/equipvinyesdabad.com\\\/wp-content\\\/uploads\\\/2019\\\/10\\\/04JVSantanderIMG_1333.jpg\",\"articleSection\":[\"Rallys\",\"Rallys asfalto\"],\"inLanguage\":\"es\"},{\"@type\":\"WebPage\",\"@id\":\"https:\\\/\\\/equipvinyesdabad.com\\\/es\\\/rallys\\\/vinyes-mercader-suzuki-swift-r-competiran-en-la-despedida-del-40-rally-santander-cantabria\\\/\",\"url\":\"https:\\\/\\\/equipvinyesdabad.com\\\/es\\\/rallys\\\/vinyes-mercader-suzuki-swift-r-competiran-en-la-despedida-del-40-rally-santander-cantabria\\\/\",\"name\":\"Vinyes - Mercader (Suzuki Swift R+) competir\u00e1n en la despedida del 40 Rally Santander - Cantabria - Equip vinyes dabad\",\"isPartOf\":{\"@id\":\"https:\\\/\\\/equipvinyesdabad.com\\\/es\\\/#website\"},\"primaryImageOfPage\":{\"@id\":\"https:\\\/\\\/equipvinyesdabad.com\\\/es\\\/rallys\\\/vinyes-mercader-suzuki-swift-r-competiran-en-la-despedida-del-40-rally-santander-cantabria\\\/#primaryimage\"},\"image\":{\"@id\":\"https:\\\/\\\/equipvinyesdabad.com\\\/es\\\/rallys\\\/vinyes-mercader-suzuki-swift-r-competiran-en-la-despedida-del-40-rally-santander-cantabria\\\/#primaryimage\"},\"thumbnailUrl\":\"https:\\\/\\\/equipvinyesdabad.com\\\/wp-content\\\/uploads\\\/2019\\\/10\\\/04JVSantanderIMG_1333.jpg\",\"datePublished\":\"2019-10-08T00:00:00+00:00\",\"dateModified\":\"2024-10-31T20:10:18+00:00\",\"author\":{\"@id\":\"https:\\\/\\\/equipvinyesdabad.com\\\/es\\\/#\\\/schema\\\/person\\\/962b4c681d63fd4fbd546ec83b775c1b\"},\"breadcrumb\":{\"@id\":\"https:\\\/\\\/equipvinyesdabad.com\\\/es\\\/rallys\\\/vinyes-mercader-suzuki-swift-r-competiran-en-la-despedida-del-40-rally-santander-cantabria\\\/#breadcrumb\"},\"inLanguage\":\"es\",\"potentialAction\":[{\"@type\":\"ReadAction\",\"target\":[\"https:\\\/\\\/equipvinyesdabad.com\\\/es\\\/rallys\\\/vinyes-mercader-suzuki-swift-r-competiran-en-la-despedida-del-40-rally-santander-cantabria\\\/\"]}]},{\"@type\":\"ImageObject\",\"inLanguage\":\"es\",\"@id\":\"https:\\\/\\\/equipvinyesdabad.com\\\/es\\\/rallys\\\/vinyes-mercader-suzuki-swift-r-competiran-en-la-despedida-del-40-rally-santander-cantabria\\\/#primaryimage\",\"url\":\"https:\\\/\\\/equipvinyesdabad.com\\\/wp-content\\\/uploads\\\/2019\\\/10\\\/04JVSantanderIMG_1333.jpg\",\"contentUrl\":\"https:\\\/\\\/equipvinyesdabad.com\\\/wp-content\\\/uploads\\\/2019\\\/10\\\/04JVSantanderIMG_1333.jpg\"},{\"@type\":\"BreadcrumbList\",\"@id\":\"https:\\\/\\\/equipvinyesdabad.com\\\/es\\\/rallys\\\/vinyes-mercader-suzuki-swift-r-competiran-en-la-despedida-del-40-rally-santander-cantabria\\\/#breadcrumb\",\"itemListElement\":[{\"@type\":\"ListItem\",\"position\":1,\"name\":\"Inicio\",\"item\":\"https:\\\/\\\/equipvinyesdabad.com\\\/es\\\/\"},{\"@type\":\"ListItem\",\"position\":2,\"name\":\"Vinyes &#8211; Mercader (Suzuki Swift R+) competir\u00e1n en la despedida del 40 Rally Santander &#8211; Cantabria\"}]},{\"@type\":\"WebSite\",\"@id\":\"https:\\\/\\\/equipvinyesdabad.com\\\/es\\\/#website\",\"url\":\"https:\\\/\\\/equipvinyesdabad.com\\\/es\\\/\",\"name\":\"Equip vinyes dabad\",\"description\":\"\",\"potentialAction\":[{\"@type\":\"SearchAction\",\"target\":{\"@type\":\"EntryPoint\",\"urlTemplate\":\"https:\\\/\\\/equipvinyesdabad.com\\\/es\\\/?s={search_term_string}\"},\"query-input\":{\"@type\":\"PropertyValueSpecification\",\"valueRequired\":true,\"valueName\":\"search_term_string\"}}],\"inLanguage\":\"es\"},{\"@type\":\"Person\",\"@id\":\"https:\\\/\\\/equipvinyesdabad.com\\\/es\\\/#\\\/schema\\\/person\\\/962b4c681d63fd4fbd546ec83b775c1b\",\"name\":\"admin\",\"image\":{\"@type\":\"ImageObject\",\"inLanguage\":\"es\",\"@id\":\"https:\\\/\\\/secure.gravatar.com\\\/avatar\\\/6d1c6cfbf1c3aed75f7a05f946b76867c29d677b49f81545b6b9bc58677b08a0?s=96&d=mm&r=g\",\"url\":\"https:\\\/\\\/secure.gravatar.com\\\/avatar\\\/6d1c6cfbf1c3aed75f7a05f946b76867c29d677b49f81545b6b9bc58677b08a0?s=96&d=mm&r=g\",\"contentUrl\":\"https:\\\/\\\/secure.gravatar.com\\\/avatar\\\/6d1c6cfbf1c3aed75f7a05f946b76867c29d677b49f81545b6b9bc58677b08a0?s=96&d=mm&r=g\",\"caption\":\"admin\"},\"sameAs\":[\"https:\\\/\\\/equipvinyesdabad.com\"],\"url\":\"https:\\\/\\\/equipvinyesdabad.com\\\/es\\\/author\\\/web1\\\/\"}]}<\/script>\n<!-- \/ Yoast SEO plugin. -->","yoast_head_json":{"title":"Vinyes - Mercader (Suzuki Swift R+) competir\u00e1n en la despedida del 40 Rally Santander - Cantabria - Equip vinyes dabad","robots":{"index":"index","follow":"follow","max-snippet":"max-snippet:-1","max-image-preview":"max-image-preview:large","max-video-preview":"max-video-preview:-1"},"canonical":"https:\/\/equipvinyesdabad.com\/es\/rallys\/vinyes-mercader-suzuki-swift-r-competiran-en-la-despedida-del-40-rally-santander-cantabria\/","og_locale":"es_ES","og_type":"article","og_title":"Vinyes - Mercader (Suzuki Swift R+) competir\u00e1n en la despedida del 40 Rally Santander - Cantabria - Equip vinyes dabad","og_description":"El rally de referencia de la Comunidad de Cantabria en las \u00faltimas temporadas, Rally Santander, vivir\u00e1 su \u00faltima edici\u00f3n el pr\u00f3ximo s\u00e1bado (d\u00eda 12) con la disputa del 40 Rally Blendio Cantabria - Santander. La prueba ser\u00e1 v\u00e1lida para el Campeonato de Espa\u00f1a de asfalto (CERA) 2019 y en consecuencia, el equipo Suzuki Motor Ib\u00e9rica tendr\u00e1 a sus veh\u00edculos en el podio de salida. As\u00ed pues Joan Vinyes-Jordi Mercader, al volante de uno de los Suzuki Swift R+ del equipo, tendr\u00e1n la opci\u00f3n de pelear para seguir incrementando su puntuaci\u00f3n particular y tambi\u00e9n la de Suzuki en los respectivos campeonatos de la RFEDA.","og_url":"https:\/\/equipvinyesdabad.com\/es\/rallys\/vinyes-mercader-suzuki-swift-r-competiran-en-la-despedida-del-40-rally-santander-cantabria\/","og_site_name":"Equip vinyes dabad","article_published_time":"2019-10-08T00:00:00+00:00","article_modified_time":"2024-10-31T20:10:18+00:00","og_image":[{"width":250,"height":130,"url":"https:\/\/equipvinyesdabad.com\/wp-content\/uploads\/2024\/10\/logo_vinyes_dabad.png","type":"image\/png"}],"author":"admin","twitter_card":"summary_large_image","twitter_misc":{"Escrito por":"admin","Tiempo de lectura":"4 minutos"},"schema":{"@context":"https:\/\/schema.org","@graph":[{"@type":"Article","@id":"https:\/\/equipvinyesdabad.com\/es\/rallys\/vinyes-mercader-suzuki-swift-r-competiran-en-la-despedida-del-40-rally-santander-cantabria\/#article","isPartOf":{"@id":"https:\/\/equipvinyesdabad.com\/es\/rallys\/vinyes-mercader-suzuki-swift-r-competiran-en-la-despedida-del-40-rally-santander-cantabria\/"},"author":{"name":"admin","@id":"https:\/\/equipvinyesdabad.com\/es\/#\/schema\/person\/962b4c681d63fd4fbd546ec83b775c1b"},"headline":"Vinyes &#8211; Mercader (Suzuki Swift R+) competir\u00e1n en la despedida del 40 Rally Santander &#8211; Cantabria","datePublished":"2019-10-08T00:00:00+00:00","dateModified":"2024-10-31T20:10:18+00:00","mainEntityOfPage":{"@id":"https:\/\/equipvinyesdabad.com\/es\/rallys\/vinyes-mercader-suzuki-swift-r-competiran-en-la-despedida-del-40-rally-santander-cantabria\/"},"wordCount":753,"image":{"@id":"https:\/\/equipvinyesdabad.com\/es\/rallys\/vinyes-mercader-suzuki-swift-r-competiran-en-la-despedida-del-40-rally-santander-cantabria\/#primaryimage"},"thumbnailUrl":"https:\/\/equipvinyesdabad.com\/wp-content\/uploads\/2019\/10\/04JVSantanderIMG_1333.jpg","articleSection":["Rallys","Rallys asfalto"],"inLanguage":"es"},{"@type":"WebPage","@id":"https:\/\/equipvinyesdabad.com\/es\/rallys\/vinyes-mercader-suzuki-swift-r-competiran-en-la-despedida-del-40-rally-santander-cantabria\/","url":"https:\/\/equipvinyesdabad.com\/es\/rallys\/vinyes-mercader-suzuki-swift-r-competiran-en-la-despedida-del-40-rally-santander-cantabria\/","name":"Vinyes - Mercader (Suzuki Swift R+) competir\u00e1n en la despedida del 40 Rally Santander - Cantabria - Equip vinyes dabad","isPartOf":{"@id":"https:\/\/equipvinyesdabad.com\/es\/#website"},"primaryImageOfPage":{"@id":"https:\/\/equipvinyesdabad.com\/es\/rallys\/vinyes-mercader-suzuki-swift-r-competiran-en-la-despedida-del-40-rally-santander-cantabria\/#primaryimage"},"image":{"@id":"https:\/\/equipvinyesdabad.com\/es\/rallys\/vinyes-mercader-suzuki-swift-r-competiran-en-la-despedida-del-40-rally-santander-cantabria\/#primaryimage"},"thumbnailUrl":"https:\/\/equipvinyesdabad.com\/wp-content\/uploads\/2019\/10\/04JVSantanderIMG_1333.jpg","datePublished":"2019-10-08T00:00:00+00:00","dateModified":"2024-10-31T20:10:18+00:00","author":{"@id":"https:\/\/equipvinyesdabad.com\/es\/#\/schema\/person\/962b4c681d63fd4fbd546ec83b775c1b"},"breadcrumb":{"@id":"https:\/\/equipvinyesdabad.com\/es\/rallys\/vinyes-mercader-suzuki-swift-r-competiran-en-la-despedida-del-40-rally-santander-cantabria\/#breadcrumb"},"inLanguage":"es","potentialAction":[{"@type":"ReadAction","target":["https:\/\/equipvinyesdabad.com\/es\/rallys\/vinyes-mercader-suzuki-swift-r-competiran-en-la-despedida-del-40-rally-santander-cantabria\/"]}]},{"@type":"ImageObject","inLanguage":"es","@id":"https:\/\/equipvinyesdabad.com\/es\/rallys\/vinyes-mercader-suzuki-swift-r-competiran-en-la-despedida-del-40-rally-santander-cantabria\/#primaryimage","url":"https:\/\/equipvinyesdabad.com\/wp-content\/uploads\/2019\/10\/04JVSantanderIMG_1333.jpg","contentUrl":"https:\/\/equipvinyesdabad.com\/wp-content\/uploads\/2019\/10\/04JVSantanderIMG_1333.jpg"},{"@type":"BreadcrumbList","@id":"https:\/\/equipvinyesdabad.com\/es\/rallys\/vinyes-mercader-suzuki-swift-r-competiran-en-la-despedida-del-40-rally-santander-cantabria\/#breadcrumb","itemListElement":[{"@type":"ListItem","position":1,"name":"Inicio","item":"https:\/\/equipvinyesdabad.com\/es\/"},{"@type":"ListItem","position":2,"name":"Vinyes &#8211; Mercader (Suzuki Swift R+) competir\u00e1n en la despedida del 40 Rally Santander &#8211; Cantabria"}]},{"@type":"WebSite","@id":"https:\/\/equipvinyesdabad.com\/es\/#website","url":"https:\/\/equipvinyesdabad.com\/es\/","name":"Equip vinyes dabad","description":"","potentialAction":[{"@type":"SearchAction","target":{"@type":"EntryPoint","urlTemplate":"https:\/\/equipvinyesdabad.com\/es\/?s={search_term_string}"},"query-input":{"@type":"PropertyValueSpecification","valueRequired":true,"valueName":"search_term_string"}}],"inLanguage":"es"},{"@type":"Person","@id":"https:\/\/equipvinyesdabad.com\/es\/#\/schema\/person\/962b4c681d63fd4fbd546ec83b775c1b","name":"admin","image":{"@type":"ImageObject","inLanguage":"es","@id":"https:\/\/secure.gravatar.com\/avatar\/6d1c6cfbf1c3aed75f7a05f946b76867c29d677b49f81545b6b9bc58677b08a0?s=96&d=mm&r=g","url":"https:\/\/secure.gravatar.com\/avatar\/6d1c6cfbf1c3aed75f7a05f946b76867c29d677b49f81545b6b9bc58677b08a0?s=96&d=mm&r=g","contentUrl":"https:\/\/secure.gravatar.com\/avatar\/6d1c6cfbf1c3aed75f7a05f946b76867c29d677b49f81545b6b9bc58677b08a0?s=96&d=mm&r=g","caption":"admin"},"sameAs":["https:\/\/equipvinyesdabad.com"],"url":"https:\/\/equipvinyesdabad.com\/es\/author\/web1\/"}]}},"_links":{"self":[{"href":"https:\/\/equipvinyesdabad.com\/es\/wp-json\/wp\/v2\/posts\/2220","targetHints":{"allow":["GET"]}}],"collection":[{"href":"https:\/\/equipvinyesdabad.com\/es\/wp-json\/wp\/v2\/posts"}],"about":[{"href":"https:\/\/equipvinyesdabad.com\/es\/wp-json\/wp\/v2\/types\/post"}],"author":[{"embeddable":true,"href":"https:\/\/equipvinyesdabad.com\/es\/wp-json\/wp\/v2\/users\/1"}],"replies":[{"embeddable":true,"href":"https:\/\/equipvinyesdabad.com\/es\/wp-json\/wp\/v2\/comments?post=2220"}],"version-history":[{"count":3,"href":"https:\/\/equipvinyesdabad.com\/es\/wp-json\/wp\/v2\/posts\/2220\/revisions"}],"predecessor-version":[{"id":4145,"href":"https:\/\/equipvinyesdabad.com\/es\/wp-json\/wp\/v2\/posts\/2220\/revisions\/4145"}],"wp:featuredmedia":[{"embeddable":true,"href":"https:\/\/equipvinyesdabad.com\/es\/wp-json\/wp\/v2\/media\/1572"}],"wp:attachment":[{"href":"https:\/\/equipvinyesdabad.com\/es\/wp-json\/wp\/v2\/media?parent=2220"}],"wp:term":[{"taxonomy":"category","embeddable":true,"href":"https:\/\/equipvinyesdabad.com\/es\/wp-json\/wp\/v2\/categories?post=2220"},{"taxonomy":"post_tag","embeddable":true,"href":"https:\/\/equipvinyesdabad.com\/es\/wp-json\/wp\/v2\/tags?post=2220"}],"curies":[{"name":"wp","href":"https:\/\/api.w.org\/{rel}","templated":true}]}}