{"id":2248,"date":"2019-06-18T00:00:00","date_gmt":"2019-06-18T00:00:00","guid":{"rendered":"https:\/\/equipvinyesdabad.com\/?p=2248"},"modified":"2024-10-31T20:10:19","modified_gmt":"2024-10-31T20:10:19","slug":"el-rali-do-cocido-segundo-reto-del-ano-en-galicia-para-vinyes-mercader-suzuki-swift-r","status":"publish","type":"post","link":"https:\/\/equipvinyesdabad.com\/es\/rallys\/el-rali-do-cocido-segundo-reto-del-ano-en-galicia-para-vinyes-mercader-suzuki-swift-r\/","title":{"rendered":"El Rali do Cocido, segundo reto del a\u00f1o en Galicia para Vinyes &#8211; Mercader (Suzuki Swift R+)"},"content":{"rendered":"<p style=\"text-align: justify;\">Una vez superada con solvencia su participaci&oacute;n en el Rallye Ourense, Joan Vinyes &#8211; Jordi Mercader (Suzuki Swift R+), regresan a la Comunidad de Galicia para disputar el Rali do Cocido, 5a prueba del calendario del Campeonato de Espa&ntilde;a de Rallys sobre asfalto (CERA) 2019. El objetivo no ser&aacute; otro que, seguir sumando puntos en el haber de Suzuki en la clasificaci&oacute;n de Marcas y en la propia para seguir aspirando a posiciones de honor en las provisionales de N5 y absoluta.&nbsp;&nbsp;&nbsp; &nbsp;<\/p>\n<p>El exitoso debut en el CERA la pasada temporada, la Escuder&iacute;a Lal&iacute;n-Deza, organizadores del evento, ha pensado que lo mejor era mantener la estructura del trazado. As&iacute; pues en el recorrido 2019 solo hay ligeras variaciones respecto al de la anterior edici&oacute;n. <br \/>La competici&oacute;n se iniciar&aacute; el pr&oacute;ximo viernes (d&iacute;a 21) con una doble pasada por la especial espect&aacute;culo (2,050 km), por las calles de Lal&iacute;n.<br \/>Durante la jornada siguiente (s&aacute;bado d&iacute;a 22), ser&aacute;n 11 las especiales a superar (5 de diferentes). En las dos secciones matinales, los participantes deber&aacute;n superar, dos veces cada una: Silleda (15,200 km), O Couto (9,600 km) y Saborida (14,800 km).<br \/>Despu&eacute;s del reagrupamiento de mitad del rally, el escenario no variar&aacute; demasiado. Se iniciar&aacute; la fase definitiva de la prueba con una tercera pasada por Saborida. A continuaci&oacute;n tomar&aacute;n el relevo: Vila de Cruces (11,20 km) y Rodeiro-Doz&oacute;n (14,950 km), que ver&aacute;n el paso de los equipos dos veces cada una. <br \/>Antes de entrar su veh&iacute;culo en el parque cerrado final, los participantes habr&aacute;n completado un trazado de 499,130 km, de los cuales 150,400 habr&aacute;n sido de velocidad. <\/p>\n<p>Para el t&aacute;ndem del equipo Suzuki Motor Ib&eacute;rica ser&aacute; su tercera participaci&oacute;n en la prueba de Lal&iacute;n, con todo este a&ntilde;o tendr&aacute; connotaciones diferentes, as&iacute; lo explicaba Vinyes: <em><strong>En la primera disputamos este rally en plan test de pretemporada, ya que no era v&aacute;lido para el CERA. Esta prueba debut&oacute; en el calendario espa&ntilde;ol el pasado a&ntilde;o.<\/strong><\/em><br \/><em><strong>No obstante en ambas ocasiones se disput&oacute; durante el mes de marzo, Es evidente pues, que la posibilidad de heladas en las zonas altas no habr&aacute; que preverlas, aunque en Galicia nunca se sabe.<\/strong><\/em><br \/><em><strong>Sin duda, la climatolog&iacute;a del escenario del rally no la conocemos y habr&aacute; que ver que sorpresas nos depara.<\/strong> <\/em><br \/>&nbsp;&nbsp;&nbsp;&nbsp;&nbsp; &nbsp;<br \/>Si la climatolog&iacute;a puede deparar alguna que otra sorpresa, esta posibilidad queda casi descartada respecto al recorrido. El trazado es pr&aacute;cticamente calcado al del a&ntilde;o pasado, aunque seg&uacute;n el piloto de Suzuki: <em><strong>Un exceso de confianza siempre es malo. Es cierto que la mayor&iacute;a de especiales de la anterior edici&oacute;n repiten, pero, por ejemplo, iniciamos el rally con dos pasadas seguidas en el tramo espect&aacute;culo por las calles de Lal&iacute;n. En estas especiales siempre hay que decir lo mismo, tenemos poco que ganar y puedes perder la prueba.<\/strong><\/em><br \/><em><strong>Tambi&eacute;n me han llegado rumores de que hay zonas con asfalto nuevo, en fin &#8230; Los reconocimientos, como siempre, habr&aacute; que hacerlos con esmero.<\/strong> <\/em><br \/>&nbsp; <br \/>La zona de asistencia estar&aacute; situada en el recinto de la Feria Internacional de Galicia (FIG) &#8211; ABANCA, de la localidad de Silleda. El podio, que ser&aacute; el escenario de las ceremonias de salida y entrega de trofeos, estar&aacute; ubicado en la Av. Luis Gonzalez Taboada de la localidad de la provincia de Pontevedra.<br \/>La oficina de carrera, durante los d&iacute;as del rally, estar&aacute; ubicada en el edificio del Concello de Lal&iacute;n. <\/p>\n<p>Los horarios previstos para los dos d&iacute;as de competici&oacute;n, por la Escuder&iacute;a Lal&iacute;n &#8211; Deza, no dan un respiro a los equipos participantes. El shakedown se correr&aacute; el viernes (d&iacute;a 21) a partir de las 10:00 horas, mientras que durante la misma jornada se llevar&aacute; a cabo la ceremonia de salida (17:30 horas) y la disputa del tramo espect&aacute;culo a partir de las 19:30 horas.<\/p>\n<p>La salida de la jornada decisiva del Rali do Cocido 2019 est&aacute; prevista a las 8:00 horas desde el FIG &#8211; ABARCA. Una vez superado el recorrido, los participantes se dirigir&aacute;n al parque cerrado de las Av Luis Gonz&aacute;lez Taboada, en donde tienen prevista la entrada a partir de las 21:15 horas.<br \/>&nbsp;&nbsp; &nbsp;<\/p>\n<p style=\"text-align: right;\"><span style=\"font-size: x-small;\"><strong><strong><strong><strong><a href=\"http:\/\/www.infoesport.org\/imgNoticia\/2019\/190622JVCocido1c.pdf\"><img loading=\"lazy\" decoding=\"async\" style=\"float: right;\" src=\"http:\/\/www.infoesport.org\/auxiliar\/fot\/logos\/icono_pdf.gif\" alt=\"\" width=\"50\" height=\"50\" \/><\/a><\/strong><\/strong><\/strong><\/strong><\/span>Servicio de Prensa.<\/p>\n","protected":false},"excerpt":{"rendered":"<p>Una vez superada con solvencia su participaci\u00f3n en el Rallye Ourense, Joan Vinyes &#8211; Jordi Mercader (Suzuki Swift R+), regresan a la Comunidad de Galicia para disputar el Rali do Cocido, 5a prueba del calendario del Campeonato de Espa\u00f1a de Rallys sobre asfalto (CERA) 2019. El objetivo no ser\u00e1 otro que, seguir sumando puntos en el haber de Suzuki en la clasificaci\u00f3n de Marcas y en la propia para seguir aspirando a posiciones de honor en las provisionales de N5 y absoluta.     <\/p>\n","protected":false},"author":1,"featured_media":1587,"comment_status":"closed","ping_status":"closed","sticky":false,"template":"","format":"standard","meta":{"_kadence_starter_templates_imported_post":false,"_kad_post_transparent":"","_kad_post_title":"","_kad_post_layout":"","_kad_post_sidebar_id":"","_kad_post_content_style":"","_kad_post_vertical_padding":"","_kad_post_feature":"","_kad_post_feature_position":"","_kad_post_header":false,"_kad_post_footer":false,"_kad_post_classname":"","footnotes":""},"categories":[46,60],"tags":[],"class_list":["post-2248","post","type-post","status-publish","format-standard","has-post-thumbnail","hentry","category-rallys","category-rallys-asfalto"],"yoast_head":"<!-- This site is optimized with the Yoast SEO plugin v27.4 - https:\/\/yoast.com\/product\/yoast-seo-wordpress\/ -->\n<title>El Rali do Cocido, segundo reto del a\u00f1o en Galicia para Vinyes - Mercader (Suzuki Swift R+) - Equip vinyes dabad<\/title>\n<meta name=\"robots\" content=\"index, follow, max-snippet:-1, max-image-preview:large, max-video-preview:-1\" \/>\n<link rel=\"canonical\" href=\"https:\/\/equipvinyesdabad.com\/es\/rallys\/el-rali-do-cocido-segundo-reto-del-ano-en-galicia-para-vinyes-mercader-suzuki-swift-r\/\" \/>\n<meta property=\"og:locale\" content=\"es_ES\" \/>\n<meta property=\"og:type\" content=\"article\" \/>\n<meta property=\"og:title\" content=\"El Rali do Cocido, segundo reto del a\u00f1o en Galicia para Vinyes - Mercader (Suzuki Swift R+) - Equip vinyes dabad\" \/>\n<meta property=\"og:description\" content=\"Una vez superada con solvencia su participaci\u00f3n en el Rallye Ourense, Joan Vinyes - Jordi Mercader (Suzuki Swift R+), regresan a la Comunidad de Galicia para disputar el Rali do Cocido, 5a prueba del calendario del Campeonato de Espa\u00f1a de Rallys sobre asfalto (CERA) 2019. El objetivo no ser\u00e1 otro que, seguir sumando puntos en el haber de Suzuki en la clasificaci\u00f3n de Marcas y en la propia para seguir aspirando a posiciones de honor en las provisionales de N5 y absoluta.\" \/>\n<meta property=\"og:url\" content=\"https:\/\/equipvinyesdabad.com\/es\/rallys\/el-rali-do-cocido-segundo-reto-del-ano-en-galicia-para-vinyes-mercader-suzuki-swift-r\/\" \/>\n<meta property=\"og:site_name\" content=\"Equip vinyes dabad\" \/>\n<meta property=\"article:published_time\" content=\"2019-06-18T00:00:00+00:00\" \/>\n<meta property=\"article:modified_time\" content=\"2024-10-31T20:10:19+00:00\" \/>\n<meta property=\"og:image\" content=\"https:\/\/equipvinyesdabad.com\/wp-content\/uploads\/2024\/10\/logo_vinyes_dabad.png\" \/>\n\t<meta property=\"og:image:width\" content=\"250\" \/>\n\t<meta property=\"og:image:height\" content=\"130\" \/>\n\t<meta property=\"og:image:type\" content=\"image\/png\" \/>\n<meta name=\"author\" content=\"admin\" \/>\n<meta name=\"twitter:card\" content=\"summary_large_image\" \/>\n<meta name=\"twitter:label1\" content=\"Escrito por\" \/>\n\t<meta name=\"twitter:data1\" content=\"admin\" \/>\n\t<meta name=\"twitter:label2\" content=\"Tiempo de lectura\" \/>\n\t<meta name=\"twitter:data2\" content=\"4 minutos\" \/>\n<script type=\"application\/ld+json\" class=\"yoast-schema-graph\">{\"@context\":\"https:\\\/\\\/schema.org\",\"@graph\":[{\"@type\":\"Article\",\"@id\":\"https:\\\/\\\/equipvinyesdabad.com\\\/es\\\/rallys\\\/el-rali-do-cocido-segundo-reto-del-ano-en-galicia-para-vinyes-mercader-suzuki-swift-r\\\/#article\",\"isPartOf\":{\"@id\":\"https:\\\/\\\/equipvinyesdabad.com\\\/es\\\/rallys\\\/el-rali-do-cocido-segundo-reto-del-ano-en-galicia-para-vinyes-mercader-suzuki-swift-r\\\/\"},\"author\":{\"name\":\"admin\",\"@id\":\"https:\\\/\\\/equipvinyesdabad.com\\\/es\\\/#\\\/schema\\\/person\\\/962b4c681d63fd4fbd546ec83b775c1b\"},\"headline\":\"El Rali do Cocido, segundo reto del a\u00f1o en Galicia para Vinyes &#8211; Mercader (Suzuki Swift R+)\",\"datePublished\":\"2019-06-18T00:00:00+00:00\",\"dateModified\":\"2024-10-31T20:10:19+00:00\",\"mainEntityOfPage\":{\"@id\":\"https:\\\/\\\/equipvinyesdabad.com\\\/es\\\/rallys\\\/el-rali-do-cocido-segundo-reto-del-ano-en-galicia-para-vinyes-mercader-suzuki-swift-r\\\/\"},\"wordCount\":812,\"image\":{\"@id\":\"https:\\\/\\\/equipvinyesdabad.com\\\/es\\\/rallys\\\/el-rali-do-cocido-segundo-reto-del-ano-en-galicia-para-vinyes-mercader-suzuki-swift-r\\\/#primaryimage\"},\"thumbnailUrl\":\"https:\\\/\\\/equipvinyesdabad.com\\\/wp-content\\\/uploads\\\/2019\\\/06\\\/09JVCocido4957.jpg\",\"articleSection\":[\"Rallys\",\"Rallys asfalto\"],\"inLanguage\":\"es\"},{\"@type\":\"WebPage\",\"@id\":\"https:\\\/\\\/equipvinyesdabad.com\\\/es\\\/rallys\\\/el-rali-do-cocido-segundo-reto-del-ano-en-galicia-para-vinyes-mercader-suzuki-swift-r\\\/\",\"url\":\"https:\\\/\\\/equipvinyesdabad.com\\\/es\\\/rallys\\\/el-rali-do-cocido-segundo-reto-del-ano-en-galicia-para-vinyes-mercader-suzuki-swift-r\\\/\",\"name\":\"El Rali do Cocido, segundo reto del a\u00f1o en Galicia para Vinyes - Mercader (Suzuki Swift R+) - Equip vinyes dabad\",\"isPartOf\":{\"@id\":\"https:\\\/\\\/equipvinyesdabad.com\\\/es\\\/#website\"},\"primaryImageOfPage\":{\"@id\":\"https:\\\/\\\/equipvinyesdabad.com\\\/es\\\/rallys\\\/el-rali-do-cocido-segundo-reto-del-ano-en-galicia-para-vinyes-mercader-suzuki-swift-r\\\/#primaryimage\"},\"image\":{\"@id\":\"https:\\\/\\\/equipvinyesdabad.com\\\/es\\\/rallys\\\/el-rali-do-cocido-segundo-reto-del-ano-en-galicia-para-vinyes-mercader-suzuki-swift-r\\\/#primaryimage\"},\"thumbnailUrl\":\"https:\\\/\\\/equipvinyesdabad.com\\\/wp-content\\\/uploads\\\/2019\\\/06\\\/09JVCocido4957.jpg\",\"datePublished\":\"2019-06-18T00:00:00+00:00\",\"dateModified\":\"2024-10-31T20:10:19+00:00\",\"author\":{\"@id\":\"https:\\\/\\\/equipvinyesdabad.com\\\/es\\\/#\\\/schema\\\/person\\\/962b4c681d63fd4fbd546ec83b775c1b\"},\"breadcrumb\":{\"@id\":\"https:\\\/\\\/equipvinyesdabad.com\\\/es\\\/rallys\\\/el-rali-do-cocido-segundo-reto-del-ano-en-galicia-para-vinyes-mercader-suzuki-swift-r\\\/#breadcrumb\"},\"inLanguage\":\"es\",\"potentialAction\":[{\"@type\":\"ReadAction\",\"target\":[\"https:\\\/\\\/equipvinyesdabad.com\\\/es\\\/rallys\\\/el-rali-do-cocido-segundo-reto-del-ano-en-galicia-para-vinyes-mercader-suzuki-swift-r\\\/\"]}]},{\"@type\":\"ImageObject\",\"inLanguage\":\"es\",\"@id\":\"https:\\\/\\\/equipvinyesdabad.com\\\/es\\\/rallys\\\/el-rali-do-cocido-segundo-reto-del-ano-en-galicia-para-vinyes-mercader-suzuki-swift-r\\\/#primaryimage\",\"url\":\"https:\\\/\\\/equipvinyesdabad.com\\\/wp-content\\\/uploads\\\/2019\\\/06\\\/09JVCocido4957.jpg\",\"contentUrl\":\"https:\\\/\\\/equipvinyesdabad.com\\\/wp-content\\\/uploads\\\/2019\\\/06\\\/09JVCocido4957.jpg\"},{\"@type\":\"BreadcrumbList\",\"@id\":\"https:\\\/\\\/equipvinyesdabad.com\\\/es\\\/rallys\\\/el-rali-do-cocido-segundo-reto-del-ano-en-galicia-para-vinyes-mercader-suzuki-swift-r\\\/#breadcrumb\",\"itemListElement\":[{\"@type\":\"ListItem\",\"position\":1,\"name\":\"Inicio\",\"item\":\"https:\\\/\\\/equipvinyesdabad.com\\\/es\\\/\"},{\"@type\":\"ListItem\",\"position\":2,\"name\":\"El Rali do Cocido, segundo reto del a\u00f1o en Galicia para Vinyes &#8211; Mercader (Suzuki Swift R+)\"}]},{\"@type\":\"WebSite\",\"@id\":\"https:\\\/\\\/equipvinyesdabad.com\\\/es\\\/#website\",\"url\":\"https:\\\/\\\/equipvinyesdabad.com\\\/es\\\/\",\"name\":\"Equip vinyes dabad\",\"description\":\"\",\"potentialAction\":[{\"@type\":\"SearchAction\",\"target\":{\"@type\":\"EntryPoint\",\"urlTemplate\":\"https:\\\/\\\/equipvinyesdabad.com\\\/es\\\/?s={search_term_string}\"},\"query-input\":{\"@type\":\"PropertyValueSpecification\",\"valueRequired\":true,\"valueName\":\"search_term_string\"}}],\"inLanguage\":\"es\"},{\"@type\":\"Person\",\"@id\":\"https:\\\/\\\/equipvinyesdabad.com\\\/es\\\/#\\\/schema\\\/person\\\/962b4c681d63fd4fbd546ec83b775c1b\",\"name\":\"admin\",\"image\":{\"@type\":\"ImageObject\",\"inLanguage\":\"es\",\"@id\":\"https:\\\/\\\/secure.gravatar.com\\\/avatar\\\/6d1c6cfbf1c3aed75f7a05f946b76867c29d677b49f81545b6b9bc58677b08a0?s=96&d=mm&r=g\",\"url\":\"https:\\\/\\\/secure.gravatar.com\\\/avatar\\\/6d1c6cfbf1c3aed75f7a05f946b76867c29d677b49f81545b6b9bc58677b08a0?s=96&d=mm&r=g\",\"contentUrl\":\"https:\\\/\\\/secure.gravatar.com\\\/avatar\\\/6d1c6cfbf1c3aed75f7a05f946b76867c29d677b49f81545b6b9bc58677b08a0?s=96&d=mm&r=g\",\"caption\":\"admin\"},\"sameAs\":[\"https:\\\/\\\/equipvinyesdabad.com\"],\"url\":\"https:\\\/\\\/equipvinyesdabad.com\\\/es\\\/author\\\/web1\\\/\"}]}<\/script>\n<!-- \/ Yoast SEO plugin. -->","yoast_head_json":{"title":"El Rali do Cocido, segundo reto del a\u00f1o en Galicia para Vinyes - Mercader (Suzuki Swift R+) - Equip vinyes dabad","robots":{"index":"index","follow":"follow","max-snippet":"max-snippet:-1","max-image-preview":"max-image-preview:large","max-video-preview":"max-video-preview:-1"},"canonical":"https:\/\/equipvinyesdabad.com\/es\/rallys\/el-rali-do-cocido-segundo-reto-del-ano-en-galicia-para-vinyes-mercader-suzuki-swift-r\/","og_locale":"es_ES","og_type":"article","og_title":"El Rali do Cocido, segundo reto del a\u00f1o en Galicia para Vinyes - Mercader (Suzuki Swift R+) - Equip vinyes dabad","og_description":"Una vez superada con solvencia su participaci\u00f3n en el Rallye Ourense, Joan Vinyes - Jordi Mercader (Suzuki Swift R+), regresan a la Comunidad de Galicia para disputar el Rali do Cocido, 5a prueba del calendario del Campeonato de Espa\u00f1a de Rallys sobre asfalto (CERA) 2019. El objetivo no ser\u00e1 otro que, seguir sumando puntos en el haber de Suzuki en la clasificaci\u00f3n de Marcas y en la propia para seguir aspirando a posiciones de honor en las provisionales de N5 y absoluta.","og_url":"https:\/\/equipvinyesdabad.com\/es\/rallys\/el-rali-do-cocido-segundo-reto-del-ano-en-galicia-para-vinyes-mercader-suzuki-swift-r\/","og_site_name":"Equip vinyes dabad","article_published_time":"2019-06-18T00:00:00+00:00","article_modified_time":"2024-10-31T20:10:19+00:00","og_image":[{"width":250,"height":130,"url":"https:\/\/equipvinyesdabad.com\/wp-content\/uploads\/2024\/10\/logo_vinyes_dabad.png","type":"image\/png"}],"author":"admin","twitter_card":"summary_large_image","twitter_misc":{"Escrito por":"admin","Tiempo de lectura":"4 minutos"},"schema":{"@context":"https:\/\/schema.org","@graph":[{"@type":"Article","@id":"https:\/\/equipvinyesdabad.com\/es\/rallys\/el-rali-do-cocido-segundo-reto-del-ano-en-galicia-para-vinyes-mercader-suzuki-swift-r\/#article","isPartOf":{"@id":"https:\/\/equipvinyesdabad.com\/es\/rallys\/el-rali-do-cocido-segundo-reto-del-ano-en-galicia-para-vinyes-mercader-suzuki-swift-r\/"},"author":{"name":"admin","@id":"https:\/\/equipvinyesdabad.com\/es\/#\/schema\/person\/962b4c681d63fd4fbd546ec83b775c1b"},"headline":"El Rali do Cocido, segundo reto del a\u00f1o en Galicia para Vinyes &#8211; Mercader (Suzuki Swift R+)","datePublished":"2019-06-18T00:00:00+00:00","dateModified":"2024-10-31T20:10:19+00:00","mainEntityOfPage":{"@id":"https:\/\/equipvinyesdabad.com\/es\/rallys\/el-rali-do-cocido-segundo-reto-del-ano-en-galicia-para-vinyes-mercader-suzuki-swift-r\/"},"wordCount":812,"image":{"@id":"https:\/\/equipvinyesdabad.com\/es\/rallys\/el-rali-do-cocido-segundo-reto-del-ano-en-galicia-para-vinyes-mercader-suzuki-swift-r\/#primaryimage"},"thumbnailUrl":"https:\/\/equipvinyesdabad.com\/wp-content\/uploads\/2019\/06\/09JVCocido4957.jpg","articleSection":["Rallys","Rallys asfalto"],"inLanguage":"es"},{"@type":"WebPage","@id":"https:\/\/equipvinyesdabad.com\/es\/rallys\/el-rali-do-cocido-segundo-reto-del-ano-en-galicia-para-vinyes-mercader-suzuki-swift-r\/","url":"https:\/\/equipvinyesdabad.com\/es\/rallys\/el-rali-do-cocido-segundo-reto-del-ano-en-galicia-para-vinyes-mercader-suzuki-swift-r\/","name":"El Rali do Cocido, segundo reto del a\u00f1o en Galicia para Vinyes - Mercader (Suzuki Swift R+) - Equip vinyes dabad","isPartOf":{"@id":"https:\/\/equipvinyesdabad.com\/es\/#website"},"primaryImageOfPage":{"@id":"https:\/\/equipvinyesdabad.com\/es\/rallys\/el-rali-do-cocido-segundo-reto-del-ano-en-galicia-para-vinyes-mercader-suzuki-swift-r\/#primaryimage"},"image":{"@id":"https:\/\/equipvinyesdabad.com\/es\/rallys\/el-rali-do-cocido-segundo-reto-del-ano-en-galicia-para-vinyes-mercader-suzuki-swift-r\/#primaryimage"},"thumbnailUrl":"https:\/\/equipvinyesdabad.com\/wp-content\/uploads\/2019\/06\/09JVCocido4957.jpg","datePublished":"2019-06-18T00:00:00+00:00","dateModified":"2024-10-31T20:10:19+00:00","author":{"@id":"https:\/\/equipvinyesdabad.com\/es\/#\/schema\/person\/962b4c681d63fd4fbd546ec83b775c1b"},"breadcrumb":{"@id":"https:\/\/equipvinyesdabad.com\/es\/rallys\/el-rali-do-cocido-segundo-reto-del-ano-en-galicia-para-vinyes-mercader-suzuki-swift-r\/#breadcrumb"},"inLanguage":"es","potentialAction":[{"@type":"ReadAction","target":["https:\/\/equipvinyesdabad.com\/es\/rallys\/el-rali-do-cocido-segundo-reto-del-ano-en-galicia-para-vinyes-mercader-suzuki-swift-r\/"]}]},{"@type":"ImageObject","inLanguage":"es","@id":"https:\/\/equipvinyesdabad.com\/es\/rallys\/el-rali-do-cocido-segundo-reto-del-ano-en-galicia-para-vinyes-mercader-suzuki-swift-r\/#primaryimage","url":"https:\/\/equipvinyesdabad.com\/wp-content\/uploads\/2019\/06\/09JVCocido4957.jpg","contentUrl":"https:\/\/equipvinyesdabad.com\/wp-content\/uploads\/2019\/06\/09JVCocido4957.jpg"},{"@type":"BreadcrumbList","@id":"https:\/\/equipvinyesdabad.com\/es\/rallys\/el-rali-do-cocido-segundo-reto-del-ano-en-galicia-para-vinyes-mercader-suzuki-swift-r\/#breadcrumb","itemListElement":[{"@type":"ListItem","position":1,"name":"Inicio","item":"https:\/\/equipvinyesdabad.com\/es\/"},{"@type":"ListItem","position":2,"name":"El Rali do Cocido, segundo reto del a\u00f1o en Galicia para Vinyes &#8211; Mercader (Suzuki Swift R+)"}]},{"@type":"WebSite","@id":"https:\/\/equipvinyesdabad.com\/es\/#website","url":"https:\/\/equipvinyesdabad.com\/es\/","name":"Equip vinyes dabad","description":"","potentialAction":[{"@type":"SearchAction","target":{"@type":"EntryPoint","urlTemplate":"https:\/\/equipvinyesdabad.com\/es\/?s={search_term_string}"},"query-input":{"@type":"PropertyValueSpecification","valueRequired":true,"valueName":"search_term_string"}}],"inLanguage":"es"},{"@type":"Person","@id":"https:\/\/equipvinyesdabad.com\/es\/#\/schema\/person\/962b4c681d63fd4fbd546ec83b775c1b","name":"admin","image":{"@type":"ImageObject","inLanguage":"es","@id":"https:\/\/secure.gravatar.com\/avatar\/6d1c6cfbf1c3aed75f7a05f946b76867c29d677b49f81545b6b9bc58677b08a0?s=96&d=mm&r=g","url":"https:\/\/secure.gravatar.com\/avatar\/6d1c6cfbf1c3aed75f7a05f946b76867c29d677b49f81545b6b9bc58677b08a0?s=96&d=mm&r=g","contentUrl":"https:\/\/secure.gravatar.com\/avatar\/6d1c6cfbf1c3aed75f7a05f946b76867c29d677b49f81545b6b9bc58677b08a0?s=96&d=mm&r=g","caption":"admin"},"sameAs":["https:\/\/equipvinyesdabad.com"],"url":"https:\/\/equipvinyesdabad.com\/es\/author\/web1\/"}]}},"_links":{"self":[{"href":"https:\/\/equipvinyesdabad.com\/es\/wp-json\/wp\/v2\/posts\/2248","targetHints":{"allow":["GET"]}}],"collection":[{"href":"https:\/\/equipvinyesdabad.com\/es\/wp-json\/wp\/v2\/posts"}],"about":[{"href":"https:\/\/equipvinyesdabad.com\/es\/wp-json\/wp\/v2\/types\/post"}],"author":[{"embeddable":true,"href":"https:\/\/equipvinyesdabad.com\/es\/wp-json\/wp\/v2\/users\/1"}],"replies":[{"embeddable":true,"href":"https:\/\/equipvinyesdabad.com\/es\/wp-json\/wp\/v2\/comments?post=2248"}],"version-history":[{"count":3,"href":"https:\/\/equipvinyesdabad.com\/es\/wp-json\/wp\/v2\/posts\/2248\/revisions"}],"predecessor-version":[{"id":4198,"href":"https:\/\/equipvinyesdabad.com\/es\/wp-json\/wp\/v2\/posts\/2248\/revisions\/4198"}],"wp:featuredmedia":[{"embeddable":true,"href":"https:\/\/equipvinyesdabad.com\/es\/wp-json\/wp\/v2\/media\/1587"}],"wp:attachment":[{"href":"https:\/\/equipvinyesdabad.com\/es\/wp-json\/wp\/v2\/media?parent=2248"}],"wp:term":[{"taxonomy":"category","embeddable":true,"href":"https:\/\/equipvinyesdabad.com\/es\/wp-json\/wp\/v2\/categories?post=2248"},{"taxonomy":"post_tag","embeddable":true,"href":"https:\/\/equipvinyesdabad.com\/es\/wp-json\/wp\/v2\/tags?post=2248"}],"curies":[{"name":"wp","href":"https:\/\/api.w.org\/{rel}","templated":true}]}}