{"id":2262,"date":"2019-03-23T00:00:00","date_gmt":"2019-03-23T00:00:00","guid":{"rendered":"https:\/\/equipvinyesdabad.com\/?p=2262"},"modified":"2024-10-31T20:10:19","modified_gmt":"2024-10-31T20:10:19","slug":"vinyes-mercader-abandonan-el-sierra-morena-2019-por-un-problema-en-el-cambio","status":"publish","type":"post","link":"https:\/\/equipvinyesdabad.com\/es\/rallys\/vinyes-mercader-abandonan-el-sierra-morena-2019-por-un-problema-en-el-cambio\/","title":{"rendered":"Vinyes-Mercader abandonan el Sierra Morena 2019, por un problema en el cambio"},"content":{"rendered":"<p style=\"text-align: justify;\">Joan Vinyes &#8211; Jordi Mercader no empezaron con buen pie la defensa del t&iacute;tulo de la categor&iacute;a N5&nbsp; conseguido el a&ntilde;o pasado. Un problema en la caja de cambios de su Suzuki Swift R+ les oblig&oacute; a dejar el rally 37 Sierra Morena, primera cita de la presente edici&oacute;n del Campeonato de Espa&ntilde;a de la especialidad, al finalizar la primera pasada por el bucle de la segunda etapa. <br \/>En el momento del abandono el t&aacute;ndem del equipo Suzuki Motor Ib&eacute;rica ocupaban la 4a posici&oacute;n de la clasificaci&oacute;n absoluta y eran l&iacute;deres destacado de su categor&iacute;a.<\/p>\n<p>El CERA 2019 se inici&oacute; en la capital andaluza y lo hizo con una climatolog&iacute;a favorable para los presentes, tanto en el parque de asistencia, situado en los aparcamientos del Estadio del Arcangel, como en las especiales cronometradas. Ambiente fresco en las primeras horas de la ma&ntilde;ana y primaveral cuando el sol empez&oacute; a brillar con su fuerza habitual en esta zona y la presencia del viento no se hac&iacute;a notar. La temperatura en las horas centrales del d&iacute;a se acercaron a los 25&ordm;. &nbsp;<\/p>\n<p><strong>Shakedown &#8211; Calificaci&oacute;n:<\/strong> <br \/>Vinyes-Mercader iniciaron su participaci&oacute;n en la prueba de C&oacute;rdoba con el objetivo de encontrar las buenas sensaciones despu&eacute;s de un largo periodo de inactividad. Su pilotaje lo podr&iacute;amos catalogar de conservador ya que en ning&uacute;n momento dio la sensaci&oacute;n arriesgar en las trazadas.<br \/>En la manga de calificaci&oacute;n sigui&oacute; en la misma l&iacute;nea y consigui&oacute;, con un crono de 1&rsquo;58&rdquo;6, el mejor registro de los N5 y la 5a posici&oacute;n entre los 10 pilotos que disputaron la mencionada manga. En el momento de elegir la posici&oacute;n de salida, Vinyes opt&oacute; por empezar el rally en la misma posici&oacute;n (5a).<\/p>\n<p>Despu&eacute;s de terminar el tramo de calificaci&oacute;n, el piloto de Suzuki nos comentaba: <em><strong>Nos hemos limitado a mantener un buen ritmo sin forzar en ning&uacute;n momento. Hemos hecho alguna prueba y en general estamos satisfechos de la manera que se ha desarrollado el shakedown. El rally ser&aacute; otra historia, las especiales son muy t&eacute;cnicas y cualquier despiste puede tener graves consecuencias. A pesar de todo, me<\/strong> <\/em>gusta y me siento c&oacute;modo en este trazado. &nbsp;<\/p>\n<p><strong>1a, Etapa. Cierrotrigo (14,69 km) y Villaviciosa (22,96 km):<\/strong><br \/>La primera jornada del Sierra Morena 2019 fue particularmente dura para Vinyes-Mercader. Terminando la primera pasada por las especiales mencionadas en la 6a plaza de la clasificaci&oacute;n absoluta, con 4&rdquo; de desventaja respecto a Javier Pardo que, en aquellos momentos, era el l&iacute;der de la N5.<br \/>En la continuaci&oacute;n, la segunda pasada se disput&oacute; sin luz natural por las cronometradas mencionadas. La situaci&oacute;n para Vinyes-Mercader&nbsp; no mejor&oacute;, sino al contrario. Mantuvieron la 6a plaza en la clasificaci&oacute;n scratx, pero el tiempo perdido respecto a su inmediato predecesor (Pardo) se ampli&oacute; a 48&rdquo;.<br \/>&nbsp; &nbsp;<br \/>Joan nos explicaba de la siguiente manera el motivo de este retraso: <em><strong>Hemos seguido fieles a nuestra estrategia de acumular kil&oacute;metros en este inicio de temporada, sin tomar riesgos. Ya he comentado en alguna ocasi&oacute;n que estas especiales esconden muchas trampas y caer en alguna de ellas puede suponer dejar el rally.<\/strong> <\/em><\/p>\n<p><strong>2a, Etapa. Obejo (11,41 m) Cerrobejuelas (13,70 km), Pozoblanco-Villaharta (30,77 km) y C&oacute;rdoba (1,10 km).<\/strong><br \/>Vinyes-Mercader no variaron ni un &aacute;pice el planteamiento inicial del rally y siguieron mejorando su ritmo a medida que avanzaba la prueba. Pero, cuando menos lo esperaban, surgi&oacute; el problema que les dej&oacute; fuera de la competici&oacute;n. Estaban ubicados en una c&oacute;moda 4a posici&oacute;n en la clasificaci&oacute;n, con pocas posibilidades de atacar a sus predecesores y con una diferencia amplia respecto a sus perseguidores. &nbsp;<\/p>\n<p>As&iacute; nos contaba Joan lo sucedido: <em><strong>Todo ha ocurrido en el tramo espect&aacute;culo de C&oacute;rdoba. Cuando hab&iacute;amos completado aproximadamente la mitad, nos quedamos sin cambio de velocidades. Como pudimos llegamos a la asistencia que, por cierto, estaba muy cerca. Los t&eacute;cnicos del equipo vieron lo que pasaba y la &uacute;nica soluci&oacute;n era cambiar la caja de cambios, algo inviable en una asistencia de 30&rsquo;. O sea que no pudimos iniciar la recta final del rally cordob&eacute;s.<\/strong><\/em><\/p>\n<p>Una vez superado el obst&aacute;culo inicial, el Campeonato de&nbsp; Espa&ntilde;a de Rallys de asfalto emprender&aacute; rumbo a las Islas Canarias en donde se disputar&aacute;n las&nbsp; dos siguientes pruebas del calendario durante la primera quincena de mayo. El equipo Suzuki Motor Ib&eacute;rica no diputar&aacute;, este a&ntilde;o, el Rally Canarias, en Gran Canaria, pero s&iacute; estar&aacute; en el podio de salida del 29 Rally villa de Adeje (Tenerife) los d&iacute;as 9 , 10 y 11 de Mayo.&nbsp; <\/p>\n<p style=\"text-align: right;\">&nbsp;<\/p>\n<p style=\"text-align: right;\"><span style=\"font-size: x-small;\"><strong><strong><strong><strong><a href=\"http:\/\/www.infoesport.org\/imgNoticia\/2019\/190323JVSierraMorena2c.pdf\"><img loading=\"lazy\" decoding=\"async\" style=\"float: right;\" src=\"http:\/\/www.infoesport.org\/auxiliar\/fot\/logos\/icono_pdf.gif\" alt=\"\" width=\"50\" height=\"50\" \/><\/a><\/strong><\/strong><\/strong><\/strong><\/span>Servicio de prensa.<\/p>\n","protected":false},"excerpt":{"rendered":"<p>Joan Vinyes &#8211; Jordi Mercader no empezaron con buen pie la defensa del t\u00edtulo de la categor\u00eda N5  conseguido el a\u00f1o pasado. Un problema en la caja de cambios de su Suzuki Swift R+ les oblig\u00f3 a dejar el rally 37 Sierra Morena, primera cita de la presente edici\u00f3n del Campeonato de Espa\u00f1a de la especialidad, al finalizar la primera pasada por el bucle de la segunda etapa.<br \/>\nEn el momento del abandono el t\u00e1ndem del equipo Suzuki Motor Ib\u00e9rica ocupaban la 4a posici\u00f3n de la clasificaci\u00f3n absoluta y eran l\u00edderes destacado de su categor\u00eda.<\/p>\n","protected":false},"author":1,"featured_media":1594,"comment_status":"closed","ping_status":"closed","sticky":false,"template":"","format":"standard","meta":{"_kadence_starter_templates_imported_post":false,"_kad_post_transparent":"","_kad_post_title":"","_kad_post_layout":"","_kad_post_sidebar_id":"","_kad_post_content_style":"","_kad_post_vertical_padding":"","_kad_post_feature":"","_kad_post_feature_position":"","_kad_post_header":false,"_kad_post_footer":false,"_kad_post_classname":"","footnotes":""},"categories":[46,60],"tags":[],"class_list":["post-2262","post","type-post","status-publish","format-standard","has-post-thumbnail","hentry","category-rallys","category-rallys-asfalto"],"yoast_head":"<!-- This site is optimized with the Yoast SEO plugin v27.4 - https:\/\/yoast.com\/product\/yoast-seo-wordpress\/ -->\n<title>Vinyes-Mercader abandonan el Sierra Morena 2019, por un problema en el cambio - Equip vinyes dabad<\/title>\n<meta name=\"robots\" content=\"index, follow, max-snippet:-1, max-image-preview:large, max-video-preview:-1\" \/>\n<link rel=\"canonical\" href=\"https:\/\/equipvinyesdabad.com\/es\/rallys\/vinyes-mercader-abandonan-el-sierra-morena-2019-por-un-problema-en-el-cambio\/\" \/>\n<meta property=\"og:locale\" content=\"es_ES\" \/>\n<meta property=\"og:type\" content=\"article\" \/>\n<meta property=\"og:title\" content=\"Vinyes-Mercader abandonan el Sierra Morena 2019, por un problema en el cambio - Equip vinyes dabad\" \/>\n<meta property=\"og:description\" content=\"Joan Vinyes - Jordi Mercader no empezaron con buen pie la defensa del t\u00edtulo de la categor\u00eda N5 conseguido el a\u00f1o pasado. Un problema en la caja de cambios de su Suzuki Swift R+ les oblig\u00f3 a dejar el rally 37 Sierra Morena, primera cita de la presente edici\u00f3n del Campeonato de Espa\u00f1a de la especialidad, al finalizar la primera pasada por el bucle de la segunda etapa.  En el momento del abandono el t\u00e1ndem del equipo Suzuki Motor Ib\u00e9rica ocupaban la 4a posici\u00f3n de la clasificaci\u00f3n absoluta y eran l\u00edderes destacado de su categor\u00eda.\" \/>\n<meta property=\"og:url\" content=\"https:\/\/equipvinyesdabad.com\/es\/rallys\/vinyes-mercader-abandonan-el-sierra-morena-2019-por-un-problema-en-el-cambio\/\" \/>\n<meta property=\"og:site_name\" content=\"Equip vinyes dabad\" \/>\n<meta property=\"article:published_time\" content=\"2019-03-23T00:00:00+00:00\" \/>\n<meta property=\"article:modified_time\" content=\"2024-10-31T20:10:19+00:00\" \/>\n<meta property=\"og:image\" content=\"https:\/\/equipvinyesdabad.com\/wp-content\/uploads\/2024\/10\/logo_vinyes_dabad.png\" \/>\n\t<meta property=\"og:image:width\" content=\"250\" \/>\n\t<meta property=\"og:image:height\" content=\"130\" \/>\n\t<meta property=\"og:image:type\" content=\"image\/png\" \/>\n<meta name=\"author\" content=\"admin\" \/>\n<meta name=\"twitter:card\" content=\"summary_large_image\" \/>\n<meta name=\"twitter:label1\" content=\"Escrito por\" \/>\n\t<meta name=\"twitter:data1\" content=\"admin\" \/>\n\t<meta name=\"twitter:label2\" content=\"Tiempo de lectura\" \/>\n\t<meta name=\"twitter:data2\" content=\"4 minutos\" \/>\n<script type=\"application\/ld+json\" class=\"yoast-schema-graph\">{\"@context\":\"https:\\\/\\\/schema.org\",\"@graph\":[{\"@type\":\"Article\",\"@id\":\"https:\\\/\\\/equipvinyesdabad.com\\\/es\\\/rallys\\\/vinyes-mercader-abandonan-el-sierra-morena-2019-por-un-problema-en-el-cambio\\\/#article\",\"isPartOf\":{\"@id\":\"https:\\\/\\\/equipvinyesdabad.com\\\/es\\\/rallys\\\/vinyes-mercader-abandonan-el-sierra-morena-2019-por-un-problema-en-el-cambio\\\/\"},\"author\":{\"name\":\"admin\",\"@id\":\"https:\\\/\\\/equipvinyesdabad.com\\\/es\\\/#\\\/schema\\\/person\\\/962b4c681d63fd4fbd546ec83b775c1b\"},\"headline\":\"Vinyes-Mercader abandonan el Sierra Morena 2019, por un problema en el cambio\",\"datePublished\":\"2019-03-23T00:00:00+00:00\",\"dateModified\":\"2024-10-31T20:10:19+00:00\",\"mainEntityOfPage\":{\"@id\":\"https:\\\/\\\/equipvinyesdabad.com\\\/es\\\/rallys\\\/vinyes-mercader-abandonan-el-sierra-morena-2019-por-un-problema-en-el-cambio\\\/\"},\"wordCount\":880,\"image\":{\"@id\":\"https:\\\/\\\/equipvinyesdabad.com\\\/es\\\/rallys\\\/vinyes-mercader-abandonan-el-sierra-morena-2019-por-un-problema-en-el-cambio\\\/#primaryimage\"},\"thumbnailUrl\":\"https:\\\/\\\/equipvinyesdabad.com\\\/wp-content\\\/uploads\\\/2019\\\/03\\\/03JVSMShak1608.jpg\",\"articleSection\":[\"Rallys\",\"Rallys asfalto\"],\"inLanguage\":\"es\"},{\"@type\":\"WebPage\",\"@id\":\"https:\\\/\\\/equipvinyesdabad.com\\\/es\\\/rallys\\\/vinyes-mercader-abandonan-el-sierra-morena-2019-por-un-problema-en-el-cambio\\\/\",\"url\":\"https:\\\/\\\/equipvinyesdabad.com\\\/es\\\/rallys\\\/vinyes-mercader-abandonan-el-sierra-morena-2019-por-un-problema-en-el-cambio\\\/\",\"name\":\"Vinyes-Mercader abandonan el Sierra Morena 2019, por un problema en el cambio - Equip vinyes dabad\",\"isPartOf\":{\"@id\":\"https:\\\/\\\/equipvinyesdabad.com\\\/es\\\/#website\"},\"primaryImageOfPage\":{\"@id\":\"https:\\\/\\\/equipvinyesdabad.com\\\/es\\\/rallys\\\/vinyes-mercader-abandonan-el-sierra-morena-2019-por-un-problema-en-el-cambio\\\/#primaryimage\"},\"image\":{\"@id\":\"https:\\\/\\\/equipvinyesdabad.com\\\/es\\\/rallys\\\/vinyes-mercader-abandonan-el-sierra-morena-2019-por-un-problema-en-el-cambio\\\/#primaryimage\"},\"thumbnailUrl\":\"https:\\\/\\\/equipvinyesdabad.com\\\/wp-content\\\/uploads\\\/2019\\\/03\\\/03JVSMShak1608.jpg\",\"datePublished\":\"2019-03-23T00:00:00+00:00\",\"dateModified\":\"2024-10-31T20:10:19+00:00\",\"author\":{\"@id\":\"https:\\\/\\\/equipvinyesdabad.com\\\/es\\\/#\\\/schema\\\/person\\\/962b4c681d63fd4fbd546ec83b775c1b\"},\"breadcrumb\":{\"@id\":\"https:\\\/\\\/equipvinyesdabad.com\\\/es\\\/rallys\\\/vinyes-mercader-abandonan-el-sierra-morena-2019-por-un-problema-en-el-cambio\\\/#breadcrumb\"},\"inLanguage\":\"es\",\"potentialAction\":[{\"@type\":\"ReadAction\",\"target\":[\"https:\\\/\\\/equipvinyesdabad.com\\\/es\\\/rallys\\\/vinyes-mercader-abandonan-el-sierra-morena-2019-por-un-problema-en-el-cambio\\\/\"]}]},{\"@type\":\"ImageObject\",\"inLanguage\":\"es\",\"@id\":\"https:\\\/\\\/equipvinyesdabad.com\\\/es\\\/rallys\\\/vinyes-mercader-abandonan-el-sierra-morena-2019-por-un-problema-en-el-cambio\\\/#primaryimage\",\"url\":\"https:\\\/\\\/equipvinyesdabad.com\\\/wp-content\\\/uploads\\\/2019\\\/03\\\/03JVSMShak1608.jpg\",\"contentUrl\":\"https:\\\/\\\/equipvinyesdabad.com\\\/wp-content\\\/uploads\\\/2019\\\/03\\\/03JVSMShak1608.jpg\"},{\"@type\":\"BreadcrumbList\",\"@id\":\"https:\\\/\\\/equipvinyesdabad.com\\\/es\\\/rallys\\\/vinyes-mercader-abandonan-el-sierra-morena-2019-por-un-problema-en-el-cambio\\\/#breadcrumb\",\"itemListElement\":[{\"@type\":\"ListItem\",\"position\":1,\"name\":\"Inicio\",\"item\":\"https:\\\/\\\/equipvinyesdabad.com\\\/es\\\/\"},{\"@type\":\"ListItem\",\"position\":2,\"name\":\"Vinyes-Mercader abandonan el Sierra Morena 2019, por un problema en el cambio\"}]},{\"@type\":\"WebSite\",\"@id\":\"https:\\\/\\\/equipvinyesdabad.com\\\/es\\\/#website\",\"url\":\"https:\\\/\\\/equipvinyesdabad.com\\\/es\\\/\",\"name\":\"Equip vinyes dabad\",\"description\":\"\",\"potentialAction\":[{\"@type\":\"SearchAction\",\"target\":{\"@type\":\"EntryPoint\",\"urlTemplate\":\"https:\\\/\\\/equipvinyesdabad.com\\\/es\\\/?s={search_term_string}\"},\"query-input\":{\"@type\":\"PropertyValueSpecification\",\"valueRequired\":true,\"valueName\":\"search_term_string\"}}],\"inLanguage\":\"es\"},{\"@type\":\"Person\",\"@id\":\"https:\\\/\\\/equipvinyesdabad.com\\\/es\\\/#\\\/schema\\\/person\\\/962b4c681d63fd4fbd546ec83b775c1b\",\"name\":\"admin\",\"image\":{\"@type\":\"ImageObject\",\"inLanguage\":\"es\",\"@id\":\"https:\\\/\\\/secure.gravatar.com\\\/avatar\\\/6d1c6cfbf1c3aed75f7a05f946b76867c29d677b49f81545b6b9bc58677b08a0?s=96&d=mm&r=g\",\"url\":\"https:\\\/\\\/secure.gravatar.com\\\/avatar\\\/6d1c6cfbf1c3aed75f7a05f946b76867c29d677b49f81545b6b9bc58677b08a0?s=96&d=mm&r=g\",\"contentUrl\":\"https:\\\/\\\/secure.gravatar.com\\\/avatar\\\/6d1c6cfbf1c3aed75f7a05f946b76867c29d677b49f81545b6b9bc58677b08a0?s=96&d=mm&r=g\",\"caption\":\"admin\"},\"sameAs\":[\"https:\\\/\\\/equipvinyesdabad.com\"],\"url\":\"https:\\\/\\\/equipvinyesdabad.com\\\/es\\\/author\\\/web1\\\/\"}]}<\/script>\n<!-- \/ Yoast SEO plugin. -->","yoast_head_json":{"title":"Vinyes-Mercader abandonan el Sierra Morena 2019, por un problema en el cambio - Equip vinyes dabad","robots":{"index":"index","follow":"follow","max-snippet":"max-snippet:-1","max-image-preview":"max-image-preview:large","max-video-preview":"max-video-preview:-1"},"canonical":"https:\/\/equipvinyesdabad.com\/es\/rallys\/vinyes-mercader-abandonan-el-sierra-morena-2019-por-un-problema-en-el-cambio\/","og_locale":"es_ES","og_type":"article","og_title":"Vinyes-Mercader abandonan el Sierra Morena 2019, por un problema en el cambio - Equip vinyes dabad","og_description":"Joan Vinyes - Jordi Mercader no empezaron con buen pie la defensa del t\u00edtulo de la categor\u00eda N5 conseguido el a\u00f1o pasado. Un problema en la caja de cambios de su Suzuki Swift R+ les oblig\u00f3 a dejar el rally 37 Sierra Morena, primera cita de la presente edici\u00f3n del Campeonato de Espa\u00f1a de la especialidad, al finalizar la primera pasada por el bucle de la segunda etapa.  En el momento del abandono el t\u00e1ndem del equipo Suzuki Motor Ib\u00e9rica ocupaban la 4a posici\u00f3n de la clasificaci\u00f3n absoluta y eran l\u00edderes destacado de su categor\u00eda.","og_url":"https:\/\/equipvinyesdabad.com\/es\/rallys\/vinyes-mercader-abandonan-el-sierra-morena-2019-por-un-problema-en-el-cambio\/","og_site_name":"Equip vinyes dabad","article_published_time":"2019-03-23T00:00:00+00:00","article_modified_time":"2024-10-31T20:10:19+00:00","og_image":[{"width":250,"height":130,"url":"https:\/\/equipvinyesdabad.com\/wp-content\/uploads\/2024\/10\/logo_vinyes_dabad.png","type":"image\/png"}],"author":"admin","twitter_card":"summary_large_image","twitter_misc":{"Escrito por":"admin","Tiempo de lectura":"4 minutos"},"schema":{"@context":"https:\/\/schema.org","@graph":[{"@type":"Article","@id":"https:\/\/equipvinyesdabad.com\/es\/rallys\/vinyes-mercader-abandonan-el-sierra-morena-2019-por-un-problema-en-el-cambio\/#article","isPartOf":{"@id":"https:\/\/equipvinyesdabad.com\/es\/rallys\/vinyes-mercader-abandonan-el-sierra-morena-2019-por-un-problema-en-el-cambio\/"},"author":{"name":"admin","@id":"https:\/\/equipvinyesdabad.com\/es\/#\/schema\/person\/962b4c681d63fd4fbd546ec83b775c1b"},"headline":"Vinyes-Mercader abandonan el Sierra Morena 2019, por un problema en el cambio","datePublished":"2019-03-23T00:00:00+00:00","dateModified":"2024-10-31T20:10:19+00:00","mainEntityOfPage":{"@id":"https:\/\/equipvinyesdabad.com\/es\/rallys\/vinyes-mercader-abandonan-el-sierra-morena-2019-por-un-problema-en-el-cambio\/"},"wordCount":880,"image":{"@id":"https:\/\/equipvinyesdabad.com\/es\/rallys\/vinyes-mercader-abandonan-el-sierra-morena-2019-por-un-problema-en-el-cambio\/#primaryimage"},"thumbnailUrl":"https:\/\/equipvinyesdabad.com\/wp-content\/uploads\/2019\/03\/03JVSMShak1608.jpg","articleSection":["Rallys","Rallys asfalto"],"inLanguage":"es"},{"@type":"WebPage","@id":"https:\/\/equipvinyesdabad.com\/es\/rallys\/vinyes-mercader-abandonan-el-sierra-morena-2019-por-un-problema-en-el-cambio\/","url":"https:\/\/equipvinyesdabad.com\/es\/rallys\/vinyes-mercader-abandonan-el-sierra-morena-2019-por-un-problema-en-el-cambio\/","name":"Vinyes-Mercader abandonan el Sierra Morena 2019, por un problema en el cambio - Equip vinyes dabad","isPartOf":{"@id":"https:\/\/equipvinyesdabad.com\/es\/#website"},"primaryImageOfPage":{"@id":"https:\/\/equipvinyesdabad.com\/es\/rallys\/vinyes-mercader-abandonan-el-sierra-morena-2019-por-un-problema-en-el-cambio\/#primaryimage"},"image":{"@id":"https:\/\/equipvinyesdabad.com\/es\/rallys\/vinyes-mercader-abandonan-el-sierra-morena-2019-por-un-problema-en-el-cambio\/#primaryimage"},"thumbnailUrl":"https:\/\/equipvinyesdabad.com\/wp-content\/uploads\/2019\/03\/03JVSMShak1608.jpg","datePublished":"2019-03-23T00:00:00+00:00","dateModified":"2024-10-31T20:10:19+00:00","author":{"@id":"https:\/\/equipvinyesdabad.com\/es\/#\/schema\/person\/962b4c681d63fd4fbd546ec83b775c1b"},"breadcrumb":{"@id":"https:\/\/equipvinyesdabad.com\/es\/rallys\/vinyes-mercader-abandonan-el-sierra-morena-2019-por-un-problema-en-el-cambio\/#breadcrumb"},"inLanguage":"es","potentialAction":[{"@type":"ReadAction","target":["https:\/\/equipvinyesdabad.com\/es\/rallys\/vinyes-mercader-abandonan-el-sierra-morena-2019-por-un-problema-en-el-cambio\/"]}]},{"@type":"ImageObject","inLanguage":"es","@id":"https:\/\/equipvinyesdabad.com\/es\/rallys\/vinyes-mercader-abandonan-el-sierra-morena-2019-por-un-problema-en-el-cambio\/#primaryimage","url":"https:\/\/equipvinyesdabad.com\/wp-content\/uploads\/2019\/03\/03JVSMShak1608.jpg","contentUrl":"https:\/\/equipvinyesdabad.com\/wp-content\/uploads\/2019\/03\/03JVSMShak1608.jpg"},{"@type":"BreadcrumbList","@id":"https:\/\/equipvinyesdabad.com\/es\/rallys\/vinyes-mercader-abandonan-el-sierra-morena-2019-por-un-problema-en-el-cambio\/#breadcrumb","itemListElement":[{"@type":"ListItem","position":1,"name":"Inicio","item":"https:\/\/equipvinyesdabad.com\/es\/"},{"@type":"ListItem","position":2,"name":"Vinyes-Mercader abandonan el Sierra Morena 2019, por un problema en el cambio"}]},{"@type":"WebSite","@id":"https:\/\/equipvinyesdabad.com\/es\/#website","url":"https:\/\/equipvinyesdabad.com\/es\/","name":"Equip vinyes dabad","description":"","potentialAction":[{"@type":"SearchAction","target":{"@type":"EntryPoint","urlTemplate":"https:\/\/equipvinyesdabad.com\/es\/?s={search_term_string}"},"query-input":{"@type":"PropertyValueSpecification","valueRequired":true,"valueName":"search_term_string"}}],"inLanguage":"es"},{"@type":"Person","@id":"https:\/\/equipvinyesdabad.com\/es\/#\/schema\/person\/962b4c681d63fd4fbd546ec83b775c1b","name":"admin","image":{"@type":"ImageObject","inLanguage":"es","@id":"https:\/\/secure.gravatar.com\/avatar\/6d1c6cfbf1c3aed75f7a05f946b76867c29d677b49f81545b6b9bc58677b08a0?s=96&d=mm&r=g","url":"https:\/\/secure.gravatar.com\/avatar\/6d1c6cfbf1c3aed75f7a05f946b76867c29d677b49f81545b6b9bc58677b08a0?s=96&d=mm&r=g","contentUrl":"https:\/\/secure.gravatar.com\/avatar\/6d1c6cfbf1c3aed75f7a05f946b76867c29d677b49f81545b6b9bc58677b08a0?s=96&d=mm&r=g","caption":"admin"},"sameAs":["https:\/\/equipvinyesdabad.com"],"url":"https:\/\/equipvinyesdabad.com\/es\/author\/web1\/"}]}},"_links":{"self":[{"href":"https:\/\/equipvinyesdabad.com\/es\/wp-json\/wp\/v2\/posts\/2262","targetHints":{"allow":["GET"]}}],"collection":[{"href":"https:\/\/equipvinyesdabad.com\/es\/wp-json\/wp\/v2\/posts"}],"about":[{"href":"https:\/\/equipvinyesdabad.com\/es\/wp-json\/wp\/v2\/types\/post"}],"author":[{"embeddable":true,"href":"https:\/\/equipvinyesdabad.com\/es\/wp-json\/wp\/v2\/users\/1"}],"replies":[{"embeddable":true,"href":"https:\/\/equipvinyesdabad.com\/es\/wp-json\/wp\/v2\/comments?post=2262"}],"version-history":[{"count":3,"href":"https:\/\/equipvinyesdabad.com\/es\/wp-json\/wp\/v2\/posts\/2262\/revisions"}],"predecessor-version":[{"id":4225,"href":"https:\/\/equipvinyesdabad.com\/es\/wp-json\/wp\/v2\/posts\/2262\/revisions\/4225"}],"wp:featuredmedia":[{"embeddable":true,"href":"https:\/\/equipvinyesdabad.com\/es\/wp-json\/wp\/v2\/media\/1594"}],"wp:attachment":[{"href":"https:\/\/equipvinyesdabad.com\/es\/wp-json\/wp\/v2\/media?parent=2262"}],"wp:term":[{"taxonomy":"category","embeddable":true,"href":"https:\/\/equipvinyesdabad.com\/es\/wp-json\/wp\/v2\/categories?post=2262"},{"taxonomy":"post_tag","embeddable":true,"href":"https:\/\/equipvinyesdabad.com\/es\/wp-json\/wp\/v2\/tags?post=2262"}],"curies":[{"name":"wp","href":"https:\/\/api.w.org\/{rel}","templated":true}]}}