{"id":2282,"date":"2018-11-11T00:00:00","date_gmt":"2018-11-11T00:00:00","guid":{"rendered":"https:\/\/equipvinyesdabad.com\/?p=2282"},"modified":"2024-10-31T20:10:19","modified_gmt":"2024-10-31T20:10:19","slug":"el-cambio-de-aires-les-sento-bien-a-joanvinyes-jordi-mercader-suzuki-swift-r","status":"publish","type":"post","link":"https:\/\/equipvinyesdabad.com\/es\/rallys\/el-cambio-de-aires-les-sento-bien-a-joanvinyes-jordi-mercader-suzuki-swift-r\/","title":{"rendered":"El cambio de aires les sent\u00f3 bien a JoanVinyes-Jordi Mercader (Suzuki Swift R+)"},"content":{"rendered":"<p style=\"text-align: justify;\">Joan Vinyes-Jordi Mercader (Suzuki Swift R+ N5) consiguieron el triunfo en la categor&iacute;a N5, 4a plaza en la clasificaci&oacute;n absoluta, en el 24 Rally La Nucia &#8211; Costa Mediterr&aacute;nea, pen&uacute;ltima cita del Campeonato de Espa&ntilde;a de Rallys de asfalto (CERA) 2018. As&iacute; pues, el equipo de Suzuki Motor Ib&eacute;rica consigui&oacute; su tercer triunfo consecutivo en esta segunda parte de la temporada, que les sit&uacute;a en una situaci&oacute;n inmejorable para conseguir el t&iacute;tulo del CERA de la categor&iacute;a mencionada y la 4a plaza de la clasificaci&oacute;n absoluta del mismo certamen.<\/p>\n<p>Les previsiones meteorol&oacute;gicas se cumplieron y en la costa mediterr&aacute;nea el viento fue el elemento protagonista. El sol luci&oacute; durante las dos jornadas del rally, aunque el ambiente fue agradable en las zonas en las que el mencionado elemento sopl&oacute; con fuerza.&nbsp; &nbsp;<\/p>\n<p><strong>Shakedown &#8211; Calificaci&oacute;n. Callosa &#8211; Guadalest (4,870 km).<\/strong> <br \/>El test con el veh&iacute;culo de competici&oacute;n se disput&oacute; en el escenario en el que habitualmente se disputa la Subida al Castillo de Guadalest. Un trazado que enlaza zonas r&aacute;pidas con otras m&aacute;s t&eacute;cnicas en las que se esconden situaciones muy delicadas.<br \/>El t&aacute;ndem de Suzuki Motor Ib&eacute;rica hizo las cuatro subidas habituales sin problemas, haciendo diferentes pruebas para conseguir la mejor puesta a punto del Swift R+, un objetivo que apariencia consiguieron. En el tramo de calificaci&oacute;n, pararon el crono en 3&rsquo;&rsquo;07&rdquo;251, el mejor registro de su categor&iacute;a y el 5o entre los pilotos prioritarios que disputaron este tramo de calificaci&oacute;n<br \/>&nbsp;&nbsp; &nbsp;<br \/>Una vez concluida el primer reto oficial contra el crono, Vinyes se mostraba satisfecho del resultado: <em><strong>En el shakedown hemos hecho las modificaciones que nos hab&iacute;amos planteado a priori. Creo que todo est&aacute; en orden para iniciar La Nucia 2018. Una vez puestos en el l&iacute;o veremos como se desarrolla un rally con especiales muy bonitas y en el que parece que tendremos a la climatolog&iacute;a de nuestro lado. &nbsp;<\/strong><\/em><\/p>\n<p><strong>1a, Etapa &#8211; Secci&oacute;n 1,&nbsp; Karting Finestrat (1,09 km),<\/strong> <br \/>El rally del Autom&oacute;vil Club de Alicante se inici&oacute;, en esta ocasi&oacute;n, en las instalaciones del Karting Finestrat. Una cronometrada muy corta&nbsp; en que las diferencias ya se preve&iacute;an m&iacute;nimas. A pesar de todo, al tratarse de la primera cronometrada, puede tener consecuencias importantes en el caso de que dos pilotos acaben la prueba con el mismo tiempo acumulado. En esta hipot&eacute;tica situaci&oacute;n, el mejor clasificado en la primera cronometrada se clasifica por delante del rival.<br \/>Vinyes-Mercader, con un crono de 1&rsquo;02&rdquo;2, acabaron en la 4a posici&oacute;n sorprendiendo a varios de los R5 inscritos en la prueba de La Nucia 2018.&nbsp; &nbsp;<\/p>\n<p>Joan se mostraba satisfecho una vez completada esta primera jornada en la localidad alicantina: <em><strong>Hemos superado de manera positiva la especial inicial del rally. En esta especial no se trataba de decidir nada, si que es cierto que hemos sido los m&aacute;s r&aacute;pidos entre los N5 pero, el rally de verdad empezar&aacute; ma&ntilde;ana a partir de les 7,00 horas.<\/strong><\/em><br \/>&nbsp;<br \/><strong>1a, Etapa &#8211; Secciones 2 y 3, Relleu-Pen&aacute;guila (21,48 km), Gorga-Gorga (13,42 km), y Benifallim-Torremanzanas (12,07 km).<\/strong><br \/>El comportamiento exhibido por el Swift R+, durante la jornada del viernes (shakedown y 1a especial) no tuvo continuidad cuando se reanud&oacute; el rally, a las 7,00 horas de la jornada siguiente (s&aacute;bado d&iacute;a 10).<br \/>La falta de fiabilidad en el sistema de frenado obligaron a Vinyes-Mercader a aminorar el ritmo, es decir, no apurar al m&aacute;ximo las prestaciones de su mec&aacute;nica. A pesar de todo los pilotos de Suzuki, lograron terminar, esta primera parte de la presente edici&oacute;n de La Nucia, en una meritoria 5a&nbsp; plaza absoluta y en la 2a de la categor&iacute;a N5, a solo 2&rdquo;5 de su compa&ntilde;ero Javier Pardo.<br \/>Una vez terminadas estas secciones matinales, Vinyes segu&iacute;a manteniendo la confianza de poder recuperar el mejor ritmo una vez su mec&aacute;nica fuera revistada en la asistencia de 30&rsquo; de mitad de carrera, as&iacute; lo comentaba: <em><strong>Seguiremos luchando para mejorar, estoy convencido que podemos hacerlo y lo vamos a intentar. Mantenernos en el top5 de la clasificaci&oacute;n absoluta e intentar ganar entre los N5 sigue siendo nuestro objetivo. &nbsp;<\/strong><\/em><br \/>&nbsp;<br \/><strong>1a, Etapa &#8211; Secciones 4 y 5, Bolulla-Rates (18,28 km) y Jal&oacute;n (22,00 km).<\/strong><br \/>Las dificultades que ten&iacute;a la parte final de La Nucia 2018, no fue un impedimento para que Vinyes hiciera bueno su pron&oacute;stico. Despu&eacute;s de la primera pasada por el Coll de Rates consiguieron situarse al frente de su categor&iacute;a y consolidar su posici&oacute;n entre los cinco mejores de la prueba.<br \/>En la &uacute;ltima pasada por este bucle final, la inc&oacute;gnita era si podr&iacute;an aguantar los ataques del R5 de Shurayen Pernia, algo que ya sucedi&oacute; en Santander. En aquella ocasi&oacute;n la suerte se decant&oacute; de parte del piloto c&aacute;ntabro, en La Nucia fue Vinyes el que sali&oacute; victorioso del lance final.<br \/>As&iacute; pues, Vinyes-Mercader lograron una excelente 4a posici&oacute;n absoluta, Joan comentaba de esta manera la recta final del rally: <em><strong>La verdad es que esta vez me lo han puesto f&aacute;cil. En la lucha de t&uacute; a t&uacute; con &ldquo;Shura&rdquo;&nbsp; ten&iacute;a las de perder, pero al verlo parada al inicio de Jal&oacute;n (pinchazo), me lo he tomado con mucha tranquilidad. Creo que hac&iacute;a tiempo que no hac&iacute;a una especial a un ritmo tan tranquilo.<\/strong> <\/em><\/p>\n<p>El Campeonato de Espa&ntilde;a de Rallys de Asfalto 2018 vivir&aacute; su &uacute;ltimo episodio en las carreteras de la Comunidad de Madrid y Avila. Ser&aacute; la 9a edici&oacute;n del Rally Comunidad de Madrid &#8211; RACE que, como es habitual, tendr&aacute; su centro neur&aacute;lgico en las instalaciones del Circuito del Jarama.&nbsp; &nbsp;<\/p>\n<p><\/p>\n<p style=\"text-align: right;\"><strong><strong><strong><strong><a href=\"http:\/\/www.infoesport.org\/imgNoticia\/2018\/181110JVLaNucia2c.pdf\"><img loading=\"lazy\" decoding=\"async\" style=\"float: right;\" src=\"http:\/\/www.infoesport.org\/auxiliar\/fot\/logos\/icono_pdf.gif\" alt=\"\" width=\"50\" height=\"50\" \/><\/a><\/strong><\/strong><\/strong><\/strong>Servicio de prensa.<\/p>\n<p><\/p>\n<p style=\"text-align: center;\"><span style=\"font-size: small;\"><strong><br \/><\/strong><\/span><\/p>\n<p style=\"text-align: center;\"><span style=\"font-size: small;\"><strong><br \/><\/strong><\/span><\/p>\n<p style=\"text-align: center;\"><span style=\"font-size: small;\"><strong>Clasificaci&oacute;n absoluta del 24 Rallye La Nucia &#8211; Costa Mediterr&aacute;nea (CERA)<\/strong><\/span><\/p>\n<p style=\"text-align: justify;\">1. Miguel A. Fuster-Nacho Avi&ntilde;&oacute; (Ford Fiesta R5) 1h37&rsquo;49&rdquo;6, 2. Ivan Ares-Jos&eacute; A. Pintor (Hyundai&nbsp; i20 R5) a 0&rsquo;31&rdquo;9, 3. Dani Sol&agrave;-Marc Mart&iacute; (Skoda Fabia R5) a 0&rsquo;43&rdquo;6, <strong>4. Vinyes-Mercader (Suzuki Swift R+ N5) a 3&rsquo;34&rdquo;6,<\/strong> 5. Shurayen Pern&iacute;a-Rogelio Pe&ntilde;ate (Hyundai&nbsp; i20 R5) a 8&rsquo;22&rdquo;9,&nbsp; &#8230;<\/p>\n","protected":false},"excerpt":{"rendered":"<p>Joan Vinyes-Jordi Mercader (Suzuki Swift R+ N5) consiguieron el triunfo en la categor\u00eda N5, 4a plaza en la clasificaci\u00f3n absoluta, en el 24 Rally La Nucia &#8211; Costa Mediterr\u00e1nea, pen\u00faltima cita del Campeonato de Espa\u00f1a de Rallys de asfalto (CERA) 2018. As\u00ed pues, el equipo de Suzuki Motor Ib\u00e9rica consigui\u00f3 su tercer triunfo consecutivo en esta segunda parte de la temporada, que les sit\u00faa en una situaci\u00f3n inmejorable para conseguir el t\u00edtulo del CERA de la categor\u00eda mencionada y la 4a plaza de la clasificaci\u00f3n absoluta del mismo certamen.<\/p>\n","protected":false},"author":1,"featured_media":1604,"comment_status":"closed","ping_status":"closed","sticky":false,"template":"","format":"standard","meta":{"_kadence_starter_templates_imported_post":false,"_kad_post_transparent":"","_kad_post_title":"","_kad_post_layout":"","_kad_post_sidebar_id":"","_kad_post_content_style":"","_kad_post_vertical_padding":"","_kad_post_feature":"","_kad_post_feature_position":"","_kad_post_header":false,"_kad_post_footer":false,"_kad_post_classname":"","footnotes":""},"categories":[46,60],"tags":[],"class_list":["post-2282","post","type-post","status-publish","format-standard","has-post-thumbnail","hentry","category-rallys","category-rallys-asfalto"],"yoast_head":"<!-- This site is optimized with the Yoast SEO plugin v27.4 - https:\/\/yoast.com\/product\/yoast-seo-wordpress\/ -->\n<title>El cambio de aires les sent\u00f3 bien a JoanVinyes-Jordi Mercader (Suzuki Swift R+) - Equip vinyes dabad<\/title>\n<meta name=\"robots\" content=\"index, follow, max-snippet:-1, max-image-preview:large, max-video-preview:-1\" \/>\n<link rel=\"canonical\" href=\"https:\/\/equipvinyesdabad.com\/es\/rallys\/el-cambio-de-aires-les-sento-bien-a-joanvinyes-jordi-mercader-suzuki-swift-r\/\" \/>\n<meta property=\"og:locale\" content=\"es_ES\" \/>\n<meta property=\"og:type\" content=\"article\" \/>\n<meta property=\"og:title\" content=\"El cambio de aires les sent\u00f3 bien a JoanVinyes-Jordi Mercader (Suzuki Swift R+) - Equip vinyes dabad\" \/>\n<meta property=\"og:description\" content=\"Joan Vinyes-Jordi Mercader (Suzuki Swift R+ N5) consiguieron el triunfo en la categor\u00eda N5, 4a plaza en la clasificaci\u00f3n absoluta, en el 24 Rally La Nucia - Costa Mediterr\u00e1nea, pen\u00faltima cita del Campeonato de Espa\u00f1a de Rallys de asfalto (CERA) 2018. As\u00ed pues, el equipo de Suzuki Motor Ib\u00e9rica consigui\u00f3 su tercer triunfo consecutivo en esta segunda parte de la temporada, que les sit\u00faa en una situaci\u00f3n inmejorable para conseguir el t\u00edtulo del CERA de la categor\u00eda mencionada y la 4a plaza de la clasificaci\u00f3n absoluta del mismo certamen.\" \/>\n<meta property=\"og:url\" content=\"https:\/\/equipvinyesdabad.com\/es\/rallys\/el-cambio-de-aires-les-sento-bien-a-joanvinyes-jordi-mercader-suzuki-swift-r\/\" \/>\n<meta property=\"og:site_name\" content=\"Equip vinyes dabad\" \/>\n<meta property=\"article:published_time\" content=\"2018-11-11T00:00:00+00:00\" \/>\n<meta property=\"article:modified_time\" content=\"2024-10-31T20:10:19+00:00\" \/>\n<meta property=\"og:image\" content=\"https:\/\/equipvinyesdabad.com\/wp-content\/uploads\/2024\/10\/logo_vinyes_dabad.png\" \/>\n\t<meta property=\"og:image:width\" content=\"250\" \/>\n\t<meta property=\"og:image:height\" content=\"130\" \/>\n\t<meta property=\"og:image:type\" content=\"image\/png\" \/>\n<meta name=\"author\" content=\"admin\" \/>\n<meta name=\"twitter:card\" content=\"summary_large_image\" \/>\n<meta name=\"twitter:label1\" content=\"Escrito por\" \/>\n\t<meta name=\"twitter:data1\" content=\"admin\" \/>\n\t<meta name=\"twitter:label2\" content=\"Tiempo de lectura\" \/>\n\t<meta name=\"twitter:data2\" content=\"6 minutos\" \/>\n<script type=\"application\/ld+json\" class=\"yoast-schema-graph\">{\"@context\":\"https:\\\/\\\/schema.org\",\"@graph\":[{\"@type\":\"Article\",\"@id\":\"https:\\\/\\\/equipvinyesdabad.com\\\/es\\\/rallys\\\/el-cambio-de-aires-les-sento-bien-a-joanvinyes-jordi-mercader-suzuki-swift-r\\\/#article\",\"isPartOf\":{\"@id\":\"https:\\\/\\\/equipvinyesdabad.com\\\/es\\\/rallys\\\/el-cambio-de-aires-les-sento-bien-a-joanvinyes-jordi-mercader-suzuki-swift-r\\\/\"},\"author\":{\"name\":\"admin\",\"@id\":\"https:\\\/\\\/equipvinyesdabad.com\\\/es\\\/#\\\/schema\\\/person\\\/962b4c681d63fd4fbd546ec83b775c1b\"},\"headline\":\"El cambio de aires les sent\u00f3 bien a JoanVinyes-Jordi Mercader (Suzuki Swift R+)\",\"datePublished\":\"2018-11-11T00:00:00+00:00\",\"dateModified\":\"2024-10-31T20:10:19+00:00\",\"mainEntityOfPage\":{\"@id\":\"https:\\\/\\\/equipvinyesdabad.com\\\/es\\\/rallys\\\/el-cambio-de-aires-les-sento-bien-a-joanvinyes-jordi-mercader-suzuki-swift-r\\\/\"},\"wordCount\":1151,\"image\":{\"@id\":\"https:\\\/\\\/equipvinyesdabad.com\\\/es\\\/rallys\\\/el-cambio-de-aires-les-sento-bien-a-joanvinyes-jordi-mercader-suzuki-swift-r\\\/#primaryimage\"},\"thumbnailUrl\":\"https:\\\/\\\/equipvinyesdabad.com\\\/wp-content\\\/uploads\\\/2018\\\/11\\\/05JVNucia8118.jpg\",\"articleSection\":[\"Rallys\",\"Rallys asfalto\"],\"inLanguage\":\"es\"},{\"@type\":\"WebPage\",\"@id\":\"https:\\\/\\\/equipvinyesdabad.com\\\/es\\\/rallys\\\/el-cambio-de-aires-les-sento-bien-a-joanvinyes-jordi-mercader-suzuki-swift-r\\\/\",\"url\":\"https:\\\/\\\/equipvinyesdabad.com\\\/es\\\/rallys\\\/el-cambio-de-aires-les-sento-bien-a-joanvinyes-jordi-mercader-suzuki-swift-r\\\/\",\"name\":\"El cambio de aires les sent\u00f3 bien a JoanVinyes-Jordi Mercader (Suzuki Swift R+) - Equip vinyes dabad\",\"isPartOf\":{\"@id\":\"https:\\\/\\\/equipvinyesdabad.com\\\/es\\\/#website\"},\"primaryImageOfPage\":{\"@id\":\"https:\\\/\\\/equipvinyesdabad.com\\\/es\\\/rallys\\\/el-cambio-de-aires-les-sento-bien-a-joanvinyes-jordi-mercader-suzuki-swift-r\\\/#primaryimage\"},\"image\":{\"@id\":\"https:\\\/\\\/equipvinyesdabad.com\\\/es\\\/rallys\\\/el-cambio-de-aires-les-sento-bien-a-joanvinyes-jordi-mercader-suzuki-swift-r\\\/#primaryimage\"},\"thumbnailUrl\":\"https:\\\/\\\/equipvinyesdabad.com\\\/wp-content\\\/uploads\\\/2018\\\/11\\\/05JVNucia8118.jpg\",\"datePublished\":\"2018-11-11T00:00:00+00:00\",\"dateModified\":\"2024-10-31T20:10:19+00:00\",\"author\":{\"@id\":\"https:\\\/\\\/equipvinyesdabad.com\\\/es\\\/#\\\/schema\\\/person\\\/962b4c681d63fd4fbd546ec83b775c1b\"},\"breadcrumb\":{\"@id\":\"https:\\\/\\\/equipvinyesdabad.com\\\/es\\\/rallys\\\/el-cambio-de-aires-les-sento-bien-a-joanvinyes-jordi-mercader-suzuki-swift-r\\\/#breadcrumb\"},\"inLanguage\":\"es\",\"potentialAction\":[{\"@type\":\"ReadAction\",\"target\":[\"https:\\\/\\\/equipvinyesdabad.com\\\/es\\\/rallys\\\/el-cambio-de-aires-les-sento-bien-a-joanvinyes-jordi-mercader-suzuki-swift-r\\\/\"]}]},{\"@type\":\"ImageObject\",\"inLanguage\":\"es\",\"@id\":\"https:\\\/\\\/equipvinyesdabad.com\\\/es\\\/rallys\\\/el-cambio-de-aires-les-sento-bien-a-joanvinyes-jordi-mercader-suzuki-swift-r\\\/#primaryimage\",\"url\":\"https:\\\/\\\/equipvinyesdabad.com\\\/wp-content\\\/uploads\\\/2018\\\/11\\\/05JVNucia8118.jpg\",\"contentUrl\":\"https:\\\/\\\/equipvinyesdabad.com\\\/wp-content\\\/uploads\\\/2018\\\/11\\\/05JVNucia8118.jpg\"},{\"@type\":\"BreadcrumbList\",\"@id\":\"https:\\\/\\\/equipvinyesdabad.com\\\/es\\\/rallys\\\/el-cambio-de-aires-les-sento-bien-a-joanvinyes-jordi-mercader-suzuki-swift-r\\\/#breadcrumb\",\"itemListElement\":[{\"@type\":\"ListItem\",\"position\":1,\"name\":\"Inicio\",\"item\":\"https:\\\/\\\/equipvinyesdabad.com\\\/es\\\/\"},{\"@type\":\"ListItem\",\"position\":2,\"name\":\"El cambio de aires les sent\u00f3 bien a JoanVinyes-Jordi Mercader (Suzuki Swift R+)\"}]},{\"@type\":\"WebSite\",\"@id\":\"https:\\\/\\\/equipvinyesdabad.com\\\/es\\\/#website\",\"url\":\"https:\\\/\\\/equipvinyesdabad.com\\\/es\\\/\",\"name\":\"Equip vinyes dabad\",\"description\":\"\",\"potentialAction\":[{\"@type\":\"SearchAction\",\"target\":{\"@type\":\"EntryPoint\",\"urlTemplate\":\"https:\\\/\\\/equipvinyesdabad.com\\\/es\\\/?s={search_term_string}\"},\"query-input\":{\"@type\":\"PropertyValueSpecification\",\"valueRequired\":true,\"valueName\":\"search_term_string\"}}],\"inLanguage\":\"es\"},{\"@type\":\"Person\",\"@id\":\"https:\\\/\\\/equipvinyesdabad.com\\\/es\\\/#\\\/schema\\\/person\\\/962b4c681d63fd4fbd546ec83b775c1b\",\"name\":\"admin\",\"image\":{\"@type\":\"ImageObject\",\"inLanguage\":\"es\",\"@id\":\"https:\\\/\\\/secure.gravatar.com\\\/avatar\\\/6d1c6cfbf1c3aed75f7a05f946b76867c29d677b49f81545b6b9bc58677b08a0?s=96&d=mm&r=g\",\"url\":\"https:\\\/\\\/secure.gravatar.com\\\/avatar\\\/6d1c6cfbf1c3aed75f7a05f946b76867c29d677b49f81545b6b9bc58677b08a0?s=96&d=mm&r=g\",\"contentUrl\":\"https:\\\/\\\/secure.gravatar.com\\\/avatar\\\/6d1c6cfbf1c3aed75f7a05f946b76867c29d677b49f81545b6b9bc58677b08a0?s=96&d=mm&r=g\",\"caption\":\"admin\"},\"sameAs\":[\"https:\\\/\\\/equipvinyesdabad.com\"],\"url\":\"https:\\\/\\\/equipvinyesdabad.com\\\/es\\\/author\\\/web1\\\/\"}]}<\/script>\n<!-- \/ Yoast SEO plugin. -->","yoast_head_json":{"title":"El cambio de aires les sent\u00f3 bien a JoanVinyes-Jordi Mercader (Suzuki Swift R+) - Equip vinyes dabad","robots":{"index":"index","follow":"follow","max-snippet":"max-snippet:-1","max-image-preview":"max-image-preview:large","max-video-preview":"max-video-preview:-1"},"canonical":"https:\/\/equipvinyesdabad.com\/es\/rallys\/el-cambio-de-aires-les-sento-bien-a-joanvinyes-jordi-mercader-suzuki-swift-r\/","og_locale":"es_ES","og_type":"article","og_title":"El cambio de aires les sent\u00f3 bien a JoanVinyes-Jordi Mercader (Suzuki Swift R+) - Equip vinyes dabad","og_description":"Joan Vinyes-Jordi Mercader (Suzuki Swift R+ N5) consiguieron el triunfo en la categor\u00eda N5, 4a plaza en la clasificaci\u00f3n absoluta, en el 24 Rally La Nucia - Costa Mediterr\u00e1nea, pen\u00faltima cita del Campeonato de Espa\u00f1a de Rallys de asfalto (CERA) 2018. As\u00ed pues, el equipo de Suzuki Motor Ib\u00e9rica consigui\u00f3 su tercer triunfo consecutivo en esta segunda parte de la temporada, que les sit\u00faa en una situaci\u00f3n inmejorable para conseguir el t\u00edtulo del CERA de la categor\u00eda mencionada y la 4a plaza de la clasificaci\u00f3n absoluta del mismo certamen.","og_url":"https:\/\/equipvinyesdabad.com\/es\/rallys\/el-cambio-de-aires-les-sento-bien-a-joanvinyes-jordi-mercader-suzuki-swift-r\/","og_site_name":"Equip vinyes dabad","article_published_time":"2018-11-11T00:00:00+00:00","article_modified_time":"2024-10-31T20:10:19+00:00","og_image":[{"width":250,"height":130,"url":"https:\/\/equipvinyesdabad.com\/wp-content\/uploads\/2024\/10\/logo_vinyes_dabad.png","type":"image\/png"}],"author":"admin","twitter_card":"summary_large_image","twitter_misc":{"Escrito por":"admin","Tiempo de lectura":"6 minutos"},"schema":{"@context":"https:\/\/schema.org","@graph":[{"@type":"Article","@id":"https:\/\/equipvinyesdabad.com\/es\/rallys\/el-cambio-de-aires-les-sento-bien-a-joanvinyes-jordi-mercader-suzuki-swift-r\/#article","isPartOf":{"@id":"https:\/\/equipvinyesdabad.com\/es\/rallys\/el-cambio-de-aires-les-sento-bien-a-joanvinyes-jordi-mercader-suzuki-swift-r\/"},"author":{"name":"admin","@id":"https:\/\/equipvinyesdabad.com\/es\/#\/schema\/person\/962b4c681d63fd4fbd546ec83b775c1b"},"headline":"El cambio de aires les sent\u00f3 bien a JoanVinyes-Jordi Mercader (Suzuki Swift R+)","datePublished":"2018-11-11T00:00:00+00:00","dateModified":"2024-10-31T20:10:19+00:00","mainEntityOfPage":{"@id":"https:\/\/equipvinyesdabad.com\/es\/rallys\/el-cambio-de-aires-les-sento-bien-a-joanvinyes-jordi-mercader-suzuki-swift-r\/"},"wordCount":1151,"image":{"@id":"https:\/\/equipvinyesdabad.com\/es\/rallys\/el-cambio-de-aires-les-sento-bien-a-joanvinyes-jordi-mercader-suzuki-swift-r\/#primaryimage"},"thumbnailUrl":"https:\/\/equipvinyesdabad.com\/wp-content\/uploads\/2018\/11\/05JVNucia8118.jpg","articleSection":["Rallys","Rallys asfalto"],"inLanguage":"es"},{"@type":"WebPage","@id":"https:\/\/equipvinyesdabad.com\/es\/rallys\/el-cambio-de-aires-les-sento-bien-a-joanvinyes-jordi-mercader-suzuki-swift-r\/","url":"https:\/\/equipvinyesdabad.com\/es\/rallys\/el-cambio-de-aires-les-sento-bien-a-joanvinyes-jordi-mercader-suzuki-swift-r\/","name":"El cambio de aires les sent\u00f3 bien a JoanVinyes-Jordi Mercader (Suzuki Swift R+) - Equip vinyes dabad","isPartOf":{"@id":"https:\/\/equipvinyesdabad.com\/es\/#website"},"primaryImageOfPage":{"@id":"https:\/\/equipvinyesdabad.com\/es\/rallys\/el-cambio-de-aires-les-sento-bien-a-joanvinyes-jordi-mercader-suzuki-swift-r\/#primaryimage"},"image":{"@id":"https:\/\/equipvinyesdabad.com\/es\/rallys\/el-cambio-de-aires-les-sento-bien-a-joanvinyes-jordi-mercader-suzuki-swift-r\/#primaryimage"},"thumbnailUrl":"https:\/\/equipvinyesdabad.com\/wp-content\/uploads\/2018\/11\/05JVNucia8118.jpg","datePublished":"2018-11-11T00:00:00+00:00","dateModified":"2024-10-31T20:10:19+00:00","author":{"@id":"https:\/\/equipvinyesdabad.com\/es\/#\/schema\/person\/962b4c681d63fd4fbd546ec83b775c1b"},"breadcrumb":{"@id":"https:\/\/equipvinyesdabad.com\/es\/rallys\/el-cambio-de-aires-les-sento-bien-a-joanvinyes-jordi-mercader-suzuki-swift-r\/#breadcrumb"},"inLanguage":"es","potentialAction":[{"@type":"ReadAction","target":["https:\/\/equipvinyesdabad.com\/es\/rallys\/el-cambio-de-aires-les-sento-bien-a-joanvinyes-jordi-mercader-suzuki-swift-r\/"]}]},{"@type":"ImageObject","inLanguage":"es","@id":"https:\/\/equipvinyesdabad.com\/es\/rallys\/el-cambio-de-aires-les-sento-bien-a-joanvinyes-jordi-mercader-suzuki-swift-r\/#primaryimage","url":"https:\/\/equipvinyesdabad.com\/wp-content\/uploads\/2018\/11\/05JVNucia8118.jpg","contentUrl":"https:\/\/equipvinyesdabad.com\/wp-content\/uploads\/2018\/11\/05JVNucia8118.jpg"},{"@type":"BreadcrumbList","@id":"https:\/\/equipvinyesdabad.com\/es\/rallys\/el-cambio-de-aires-les-sento-bien-a-joanvinyes-jordi-mercader-suzuki-swift-r\/#breadcrumb","itemListElement":[{"@type":"ListItem","position":1,"name":"Inicio","item":"https:\/\/equipvinyesdabad.com\/es\/"},{"@type":"ListItem","position":2,"name":"El cambio de aires les sent\u00f3 bien a JoanVinyes-Jordi Mercader (Suzuki Swift R+)"}]},{"@type":"WebSite","@id":"https:\/\/equipvinyesdabad.com\/es\/#website","url":"https:\/\/equipvinyesdabad.com\/es\/","name":"Equip vinyes dabad","description":"","potentialAction":[{"@type":"SearchAction","target":{"@type":"EntryPoint","urlTemplate":"https:\/\/equipvinyesdabad.com\/es\/?s={search_term_string}"},"query-input":{"@type":"PropertyValueSpecification","valueRequired":true,"valueName":"search_term_string"}}],"inLanguage":"es"},{"@type":"Person","@id":"https:\/\/equipvinyesdabad.com\/es\/#\/schema\/person\/962b4c681d63fd4fbd546ec83b775c1b","name":"admin","image":{"@type":"ImageObject","inLanguage":"es","@id":"https:\/\/secure.gravatar.com\/avatar\/6d1c6cfbf1c3aed75f7a05f946b76867c29d677b49f81545b6b9bc58677b08a0?s=96&d=mm&r=g","url":"https:\/\/secure.gravatar.com\/avatar\/6d1c6cfbf1c3aed75f7a05f946b76867c29d677b49f81545b6b9bc58677b08a0?s=96&d=mm&r=g","contentUrl":"https:\/\/secure.gravatar.com\/avatar\/6d1c6cfbf1c3aed75f7a05f946b76867c29d677b49f81545b6b9bc58677b08a0?s=96&d=mm&r=g","caption":"admin"},"sameAs":["https:\/\/equipvinyesdabad.com"],"url":"https:\/\/equipvinyesdabad.com\/es\/author\/web1\/"}]}},"_links":{"self":[{"href":"https:\/\/equipvinyesdabad.com\/es\/wp-json\/wp\/v2\/posts\/2282","targetHints":{"allow":["GET"]}}],"collection":[{"href":"https:\/\/equipvinyesdabad.com\/es\/wp-json\/wp\/v2\/posts"}],"about":[{"href":"https:\/\/equipvinyesdabad.com\/es\/wp-json\/wp\/v2\/types\/post"}],"author":[{"embeddable":true,"href":"https:\/\/equipvinyesdabad.com\/es\/wp-json\/wp\/v2\/users\/1"}],"replies":[{"embeddable":true,"href":"https:\/\/equipvinyesdabad.com\/es\/wp-json\/wp\/v2\/comments?post=2282"}],"version-history":[{"count":3,"href":"https:\/\/equipvinyesdabad.com\/es\/wp-json\/wp\/v2\/posts\/2282\/revisions"}],"predecessor-version":[{"id":4263,"href":"https:\/\/equipvinyesdabad.com\/es\/wp-json\/wp\/v2\/posts\/2282\/revisions\/4263"}],"wp:featuredmedia":[{"embeddable":true,"href":"https:\/\/equipvinyesdabad.com\/es\/wp-json\/wp\/v2\/media\/1604"}],"wp:attachment":[{"href":"https:\/\/equipvinyesdabad.com\/es\/wp-json\/wp\/v2\/media?parent=2282"}],"wp:term":[{"taxonomy":"category","embeddable":true,"href":"https:\/\/equipvinyesdabad.com\/es\/wp-json\/wp\/v2\/categories?post=2282"},{"taxonomy":"post_tag","embeddable":true,"href":"https:\/\/equipvinyesdabad.com\/es\/wp-json\/wp\/v2\/tags?post=2282"}],"curies":[{"name":"wp","href":"https:\/\/api.w.org\/{rel}","templated":true}]}}