{"id":2299,"date":"2018-10-01T00:00:00","date_gmt":"2018-10-01T00:00:00","guid":{"rendered":"https:\/\/equipvinyesdabad.com\/?p=2299"},"modified":"2024-10-31T20:10:19","modified_gmt":"2024-10-31T20:10:19","slug":"en-llanes-vinyes-mercader-suzuki-swift-r-recuperan-el-dominio-de-la-categoria-n5","status":"publish","type":"post","link":"https:\/\/equipvinyesdabad.com\/es\/rallys\/en-llanes-vinyes-mercader-suzuki-swift-r-recuperan-el-dominio-de-la-categoria-n5\/","title":{"rendered":"En Llanes, Vinyes-Mercader (Suzuki Swift R+) recuperan el dominio de la categor\u00eda N5"},"content":{"rendered":"<p style=\"text-align: justify;\">Joan Vinyes-Jordi Mercader (Suzuki Swift R+ N5) volvieron a dar su mejor versi&oacute;n en la disputa del 42 Rally villa de Llanes. El equipo de Suzuki Motor Ib&eacute;rica complet&oacute; la segunda cita asturiana de la temporada del Campeonato de Espa&ntilde;a de Rallys de asfalto (CERA) 2018, como vencedor de la categor&iacute;a N5 y en una excelente 4a plaza de la clasificaci&oacute;n absoluta, por detr&aacute;s de las mec&aacute;nicas R5, las que disponen las mejores prestaciones de la prueba.<\/p>\n<p>La climatolog&iacute;a, una de las posibles adversidades m&aacute;s temidas por los equipos, en esta ocasi&oacute;n no tuvo consecuencias en el desarrollo de la competici&oacute;n. Durante la primera jornada, el cielo se mantuvo amenazante pero no lleg&oacute; a llover. En cambio el s&aacute;bado (d&iacute;a 29), el sol fue el protagonista aunque las temperaturas fueron agradables, sobre todo, en las partes m&aacute;s altas por donde transcurr&iacute;an las especiales. &nbsp;<\/p>\n<p><strong>Shakedown &#8211; Calificaci&oacute;n. Andr&iacute;n-Cu&eacute; (2,70 km).<\/strong> <br \/>Las &uacute;ltimas pruebas al volante del Swift de competici&oacute;n tuvieron un desenlace positivo para el t&aacute;ndem Vinyes-Mercader. Completaron las cuatro subidas previstas a un trazado muy conocido y sin grandes dificultades, haciendo los test previstos a priori.<br \/>En la subida de calificaci&oacute;n, Vinyes marc&oacute; un crono de 1&rsquo;09&rdquo;421, que le situ&oacute; en la 6a plaza de una clasificaci&oacute;n que solo es v&aacute;lida para que los pilotos prioritarios participantes en el rally, puedan escoger la posici&oacute;n de salida. Joan, entre las opciones que le quedaban, escogi&oacute; iniciar el rally en 2a posici&oacute;n. <\/p>\n<p>Una vez superado el primer obst&aacute;culo de la cita de la Escuder&iacute;a Llanes, Vinyes se mostraba optimista de cara al desenlace de la prueba: <em><strong>Como ya coment&eacute; anteriormente, son especiales muy conocidas en las que, adem&aacute;s, siempre nos hemos sentido muy a gusto. Hemos completado los reconocimientos con normalidad, para anotar posibles cambios de &uacute;ltima hora. Estoy convencido que estamos preparados para hacer un buen rally.&nbsp;&nbsp; &nbsp;<\/strong><\/em><\/p>\n<p><strong>1a, Etapa &#8211; Secciones 1 y 2.&nbsp; La Torner&iacute;a (11,400 km), Los Carriles&nbsp; (6,721 km) y Carmen-Torre (19,530 km).<\/strong><br \/>El Llanes 2018 se inici&oacute; de manera prometedora para Vinyes-Mercader. En la 1a secci&oacute;n dominaron de manera clara su categor&iacute;a (N5), estableciendo diferencias a su favor desde el primer paso por la Torner&iacute;a. Una vez completado el primer bucle por las especiales mencionadas, el Swift R+ con dorsal 6 ocupaba el liderato de la N5, superando 12&rdquo;500, a Efren Llanera-Sara Fern&aacute;ndez y 27&rdquo;900 respecto a sus compa&ntilde;eros de equipo, Javier Pardo-Adri&aacute;n P&eacute;rez.<br \/>En la siguiente pasada, las diferencias entre los dos equipos de Suzuki Motor Ib&eacute;rica se estabilizaron mientras que el tercero en discordia, Llanera-Fern&aacute;ndez, perdi&oacute; sus opciones debido a una salida de carretera.<\/p>\n<p>Antes de reiniciar la competici&oacute;n, una vez acabado el largo reagrupamiento de&nbsp; mitad de rally, Vinyes nos comentaba sus sensaciones : <em><strong>Todo esta saliendo como ten&iacute;amos previsto. El Swift cumple con las exigencias que le pedimos y vamos recuperando la confianza en nuestras posibilidades. Por delante tenemos a los R5, que est&aacute;n haciendo su carrera mientras que nosotros nos centraremos en los que nos persiguen.<\/strong><\/em><\/p>\n<p><strong>1a, Etapa &#8211; Secciones 3 y 4. Nueva-Labra (19,920 km) y Riu Cabra (21,260 km)<\/strong><br \/>El cambio de escenario no conllev&oacute; cambios relevantes. Vinyes-Mercader siguieron dominando la categor&iacute;a N5, fueron los m&aacute;s r&aacute;pidos en la primera pasada por las dos especiales, ampliando de manera decisiva su ventaja respecto a los inmediatos perseguidores.<br \/>En la recta final del rally mantuvieron la regularidad mostrada durante toda la jornada para confirmar un nuevo triunfo, muy necesario, dentro de la categor&iacute;a N5 y una vez m&aacute;s dentro el top5 de la clasificaci&oacute;n absoluta de una prueba del CERA.<\/p>\n<p>Al final satisfacci&oacute;n por haber reencontrado la l&iacute;nea positiva que parec&iacute;a perdida hace un par de semanas en Oviedo:<em><strong> Muy contento por el resultado conseguido en Llanes, es evidente que este rally sigue siendo un talism&aacute;n para nosotros. Adem&aacute;s tambi&eacute;n nos deja una excelente sabor de boca, la manera que se ha desarrollado todo el fin de semana. Esperamos seguir con esta l&iacute;nea en lo que resta de temporada para seguir sumando puntos en la clasificaci&oacute;n por marcas para Suzuki&nbsp; y si de paso podemos mejorar nuestra posici&oacute;n en las diferentes clasificaciones del CERA pues mucho mejor.<\/strong><\/em><\/p>\n<p>El CERA seguir&aacute; su camino por la cornisa cant&aacute;brica, aunque cambiar&aacute; de Comunidad. Asturias dar&aacute; paso a Cantabria en donde se disputar&aacute;, los d&iacute;as 19 y 20 de Octubre, el Rally Santander -Cantabria antepen&uacute;ltima cita de mencionado Campeonato de Espa&ntilde;a de Rallys de asfalto. <\/p>\n<p><\/p>\n<p style=\"text-align: right;\"><strong><strong><a href=\"http:\/\/www.infoesport.org\/imgNoticia\/2018\/180929JVLlanes2c.pdf\"><img loading=\"lazy\" decoding=\"async\" style=\"float: right;\" src=\"http:\/\/www.infoesport.org\/auxiliar\/fot\/logos\/icono_pdf.gif\" alt=\"\" width=\"50\" height=\"50\" \/><\/a><\/strong><\/strong>Servicio de prensa.<\/p>\n<p><\/p>\n<p style=\"text-align: center;\"><span style=\"font-size: medium;\"><strong>Clasificaci&oacute;n absoluta del 42 Rallye villa de Llanes (CERA)<\/strong><\/span><\/p>\n<p style=\"text-align: justify;\">1. Miguel A. Fuster-Nacho Avi&ntilde;&oacute; (Ford Fiesta R5) 1h36&rsquo;36&rdquo;9, 2. Ivan Ares-Jos&eacute; A. Pintor (Hyundai&nbsp; i20 R5) a 0&rsquo;03&rdquo;6, 3. Surhayen Pern&iacute;a-Rogelio Pe&ntilde;ate (Hyundai i20 R5) a 2&rsquo;13&rdquo;4&nbsp; <strong>4. Vinyes-Mercader (Suzuki Swift R+ N5) a 3&rsquo;05&rdquo;1<\/strong>, 5. Javier Paredo-Adri&aacute;n P&eacute;rez (Suzuki Swift R+ N5) a , 7&rsquo;47&rdquo;9 &#8230;<\/p>\n","protected":false},"excerpt":{"rendered":"<p>Joan Vinyes-Jordi Mercader (Suzuki Swift R+ N5) volvieron a dar su mejor versi\u00f3n en la disputa del 42 Rally villa de Llanes. El equipo de Suzuki Motor Ib\u00e9rica complet\u00f3 la segunda cita asturiana de la temporada del Campeonato de Espa\u00f1a de Rallys de asfalto (CERA) 2018, como vencedor de la categor\u00eda N5 y en una excelente 4a plaza de la clasificaci\u00f3n absoluta, por detr\u00e1s de las mec\u00e1nicas R5, las que disponen las mejores prestaciones de la prueba.<\/p>\n","protected":false},"author":1,"featured_media":1613,"comment_status":"closed","ping_status":"closed","sticky":false,"template":"","format":"standard","meta":{"_kadence_starter_templates_imported_post":false,"_kad_post_transparent":"","_kad_post_title":"","_kad_post_layout":"","_kad_post_sidebar_id":"","_kad_post_content_style":"","_kad_post_vertical_padding":"","_kad_post_feature":"","_kad_post_feature_position":"","_kad_post_header":false,"_kad_post_footer":false,"_kad_post_classname":"","footnotes":""},"categories":[46,60],"tags":[],"class_list":["post-2299","post","type-post","status-publish","format-standard","has-post-thumbnail","hentry","category-rallys","category-rallys-asfalto"],"yoast_head":"<!-- This site is optimized with the Yoast SEO plugin v27.4 - https:\/\/yoast.com\/product\/yoast-seo-wordpress\/ -->\n<title>En Llanes, Vinyes-Mercader (Suzuki Swift R+) recuperan el dominio de la categor\u00eda N5 - Equip vinyes dabad<\/title>\n<meta name=\"robots\" content=\"index, follow, max-snippet:-1, max-image-preview:large, max-video-preview:-1\" \/>\n<link rel=\"canonical\" href=\"https:\/\/equipvinyesdabad.com\/es\/rallys\/en-llanes-vinyes-mercader-suzuki-swift-r-recuperan-el-dominio-de-la-categoria-n5\/\" \/>\n<meta property=\"og:locale\" content=\"es_ES\" \/>\n<meta property=\"og:type\" content=\"article\" \/>\n<meta property=\"og:title\" content=\"En Llanes, Vinyes-Mercader (Suzuki Swift R+) recuperan el dominio de la categor\u00eda N5 - Equip vinyes dabad\" \/>\n<meta property=\"og:description\" content=\"Joan Vinyes-Jordi Mercader (Suzuki Swift R+ N5) volvieron a dar su mejor versi\u00f3n en la disputa del 42 Rally villa de Llanes. El equipo de Suzuki Motor Ib\u00e9rica complet\u00f3 la segunda cita asturiana de la temporada del Campeonato de Espa\u00f1a de Rallys de asfalto (CERA) 2018, como vencedor de la categor\u00eda N5 y en una excelente 4a plaza de la clasificaci\u00f3n absoluta, por detr\u00e1s de las mec\u00e1nicas R5, las que disponen las mejores prestaciones de la prueba.\" \/>\n<meta property=\"og:url\" content=\"https:\/\/equipvinyesdabad.com\/es\/rallys\/en-llanes-vinyes-mercader-suzuki-swift-r-recuperan-el-dominio-de-la-categoria-n5\/\" \/>\n<meta property=\"og:site_name\" content=\"Equip vinyes dabad\" \/>\n<meta property=\"article:published_time\" content=\"2018-10-01T00:00:00+00:00\" \/>\n<meta property=\"article:modified_time\" content=\"2024-10-31T20:10:19+00:00\" \/>\n<meta property=\"og:image\" content=\"https:\/\/equipvinyesdabad.com\/wp-content\/uploads\/2024\/10\/logo_vinyes_dabad.png\" \/>\n\t<meta property=\"og:image:width\" content=\"250\" \/>\n\t<meta property=\"og:image:height\" content=\"130\" \/>\n\t<meta property=\"og:image:type\" content=\"image\/png\" \/>\n<meta name=\"author\" content=\"admin\" \/>\n<meta name=\"twitter:card\" content=\"summary_large_image\" \/>\n<meta name=\"twitter:label1\" content=\"Escrito por\" \/>\n\t<meta name=\"twitter:data1\" content=\"admin\" \/>\n\t<meta name=\"twitter:label2\" content=\"Tiempo de lectura\" \/>\n\t<meta name=\"twitter:data2\" content=\"5 minutos\" \/>\n<script type=\"application\/ld+json\" class=\"yoast-schema-graph\">{\"@context\":\"https:\\\/\\\/schema.org\",\"@graph\":[{\"@type\":\"Article\",\"@id\":\"https:\\\/\\\/equipvinyesdabad.com\\\/es\\\/rallys\\\/en-llanes-vinyes-mercader-suzuki-swift-r-recuperan-el-dominio-de-la-categoria-n5\\\/#article\",\"isPartOf\":{\"@id\":\"https:\\\/\\\/equipvinyesdabad.com\\\/es\\\/rallys\\\/en-llanes-vinyes-mercader-suzuki-swift-r-recuperan-el-dominio-de-la-categoria-n5\\\/\"},\"author\":{\"name\":\"admin\",\"@id\":\"https:\\\/\\\/equipvinyesdabad.com\\\/es\\\/#\\\/schema\\\/person\\\/962b4c681d63fd4fbd546ec83b775c1b\"},\"headline\":\"En Llanes, Vinyes-Mercader (Suzuki Swift R+) recuperan el dominio de la categor\u00eda N5\",\"datePublished\":\"2018-10-01T00:00:00+00:00\",\"dateModified\":\"2024-10-31T20:10:19+00:00\",\"mainEntityOfPage\":{\"@id\":\"https:\\\/\\\/equipvinyesdabad.com\\\/es\\\/rallys\\\/en-llanes-vinyes-mercader-suzuki-swift-r-recuperan-el-dominio-de-la-categoria-n5\\\/\"},\"wordCount\":941,\"image\":{\"@id\":\"https:\\\/\\\/equipvinyesdabad.com\\\/es\\\/rallys\\\/en-llanes-vinyes-mercader-suzuki-swift-r-recuperan-el-dominio-de-la-categoria-n5\\\/#primaryimage\"},\"thumbnailUrl\":\"https:\\\/\\\/equipvinyesdabad.com\\\/wp-content\\\/uploads\\\/2018\\\/09\\\/06JVLlanes6552.jpg\",\"articleSection\":[\"Rallys\",\"Rallys asfalto\"],\"inLanguage\":\"es\"},{\"@type\":\"WebPage\",\"@id\":\"https:\\\/\\\/equipvinyesdabad.com\\\/es\\\/rallys\\\/en-llanes-vinyes-mercader-suzuki-swift-r-recuperan-el-dominio-de-la-categoria-n5\\\/\",\"url\":\"https:\\\/\\\/equipvinyesdabad.com\\\/es\\\/rallys\\\/en-llanes-vinyes-mercader-suzuki-swift-r-recuperan-el-dominio-de-la-categoria-n5\\\/\",\"name\":\"En Llanes, Vinyes-Mercader (Suzuki Swift R+) recuperan el dominio de la categor\u00eda N5 - Equip vinyes dabad\",\"isPartOf\":{\"@id\":\"https:\\\/\\\/equipvinyesdabad.com\\\/es\\\/#website\"},\"primaryImageOfPage\":{\"@id\":\"https:\\\/\\\/equipvinyesdabad.com\\\/es\\\/rallys\\\/en-llanes-vinyes-mercader-suzuki-swift-r-recuperan-el-dominio-de-la-categoria-n5\\\/#primaryimage\"},\"image\":{\"@id\":\"https:\\\/\\\/equipvinyesdabad.com\\\/es\\\/rallys\\\/en-llanes-vinyes-mercader-suzuki-swift-r-recuperan-el-dominio-de-la-categoria-n5\\\/#primaryimage\"},\"thumbnailUrl\":\"https:\\\/\\\/equipvinyesdabad.com\\\/wp-content\\\/uploads\\\/2018\\\/09\\\/06JVLlanes6552.jpg\",\"datePublished\":\"2018-10-01T00:00:00+00:00\",\"dateModified\":\"2024-10-31T20:10:19+00:00\",\"author\":{\"@id\":\"https:\\\/\\\/equipvinyesdabad.com\\\/es\\\/#\\\/schema\\\/person\\\/962b4c681d63fd4fbd546ec83b775c1b\"},\"breadcrumb\":{\"@id\":\"https:\\\/\\\/equipvinyesdabad.com\\\/es\\\/rallys\\\/en-llanes-vinyes-mercader-suzuki-swift-r-recuperan-el-dominio-de-la-categoria-n5\\\/#breadcrumb\"},\"inLanguage\":\"es\",\"potentialAction\":[{\"@type\":\"ReadAction\",\"target\":[\"https:\\\/\\\/equipvinyesdabad.com\\\/es\\\/rallys\\\/en-llanes-vinyes-mercader-suzuki-swift-r-recuperan-el-dominio-de-la-categoria-n5\\\/\"]}]},{\"@type\":\"ImageObject\",\"inLanguage\":\"es\",\"@id\":\"https:\\\/\\\/equipvinyesdabad.com\\\/es\\\/rallys\\\/en-llanes-vinyes-mercader-suzuki-swift-r-recuperan-el-dominio-de-la-categoria-n5\\\/#primaryimage\",\"url\":\"https:\\\/\\\/equipvinyesdabad.com\\\/wp-content\\\/uploads\\\/2018\\\/09\\\/06JVLlanes6552.jpg\",\"contentUrl\":\"https:\\\/\\\/equipvinyesdabad.com\\\/wp-content\\\/uploads\\\/2018\\\/09\\\/06JVLlanes6552.jpg\"},{\"@type\":\"BreadcrumbList\",\"@id\":\"https:\\\/\\\/equipvinyesdabad.com\\\/es\\\/rallys\\\/en-llanes-vinyes-mercader-suzuki-swift-r-recuperan-el-dominio-de-la-categoria-n5\\\/#breadcrumb\",\"itemListElement\":[{\"@type\":\"ListItem\",\"position\":1,\"name\":\"Inicio\",\"item\":\"https:\\\/\\\/equipvinyesdabad.com\\\/es\\\/\"},{\"@type\":\"ListItem\",\"position\":2,\"name\":\"En Llanes, Vinyes-Mercader (Suzuki Swift R+) recuperan el dominio de la categor\u00eda N5\"}]},{\"@type\":\"WebSite\",\"@id\":\"https:\\\/\\\/equipvinyesdabad.com\\\/es\\\/#website\",\"url\":\"https:\\\/\\\/equipvinyesdabad.com\\\/es\\\/\",\"name\":\"Equip vinyes dabad\",\"description\":\"\",\"potentialAction\":[{\"@type\":\"SearchAction\",\"target\":{\"@type\":\"EntryPoint\",\"urlTemplate\":\"https:\\\/\\\/equipvinyesdabad.com\\\/es\\\/?s={search_term_string}\"},\"query-input\":{\"@type\":\"PropertyValueSpecification\",\"valueRequired\":true,\"valueName\":\"search_term_string\"}}],\"inLanguage\":\"es\"},{\"@type\":\"Person\",\"@id\":\"https:\\\/\\\/equipvinyesdabad.com\\\/es\\\/#\\\/schema\\\/person\\\/962b4c681d63fd4fbd546ec83b775c1b\",\"name\":\"admin\",\"image\":{\"@type\":\"ImageObject\",\"inLanguage\":\"es\",\"@id\":\"https:\\\/\\\/secure.gravatar.com\\\/avatar\\\/6d1c6cfbf1c3aed75f7a05f946b76867c29d677b49f81545b6b9bc58677b08a0?s=96&d=mm&r=g\",\"url\":\"https:\\\/\\\/secure.gravatar.com\\\/avatar\\\/6d1c6cfbf1c3aed75f7a05f946b76867c29d677b49f81545b6b9bc58677b08a0?s=96&d=mm&r=g\",\"contentUrl\":\"https:\\\/\\\/secure.gravatar.com\\\/avatar\\\/6d1c6cfbf1c3aed75f7a05f946b76867c29d677b49f81545b6b9bc58677b08a0?s=96&d=mm&r=g\",\"caption\":\"admin\"},\"sameAs\":[\"https:\\\/\\\/equipvinyesdabad.com\"],\"url\":\"https:\\\/\\\/equipvinyesdabad.com\\\/es\\\/author\\\/web1\\\/\"}]}<\/script>\n<!-- \/ Yoast SEO plugin. -->","yoast_head_json":{"title":"En Llanes, Vinyes-Mercader (Suzuki Swift R+) recuperan el dominio de la categor\u00eda N5 - Equip vinyes dabad","robots":{"index":"index","follow":"follow","max-snippet":"max-snippet:-1","max-image-preview":"max-image-preview:large","max-video-preview":"max-video-preview:-1"},"canonical":"https:\/\/equipvinyesdabad.com\/es\/rallys\/en-llanes-vinyes-mercader-suzuki-swift-r-recuperan-el-dominio-de-la-categoria-n5\/","og_locale":"es_ES","og_type":"article","og_title":"En Llanes, Vinyes-Mercader (Suzuki Swift R+) recuperan el dominio de la categor\u00eda N5 - Equip vinyes dabad","og_description":"Joan Vinyes-Jordi Mercader (Suzuki Swift R+ N5) volvieron a dar su mejor versi\u00f3n en la disputa del 42 Rally villa de Llanes. El equipo de Suzuki Motor Ib\u00e9rica complet\u00f3 la segunda cita asturiana de la temporada del Campeonato de Espa\u00f1a de Rallys de asfalto (CERA) 2018, como vencedor de la categor\u00eda N5 y en una excelente 4a plaza de la clasificaci\u00f3n absoluta, por detr\u00e1s de las mec\u00e1nicas R5, las que disponen las mejores prestaciones de la prueba.","og_url":"https:\/\/equipvinyesdabad.com\/es\/rallys\/en-llanes-vinyes-mercader-suzuki-swift-r-recuperan-el-dominio-de-la-categoria-n5\/","og_site_name":"Equip vinyes dabad","article_published_time":"2018-10-01T00:00:00+00:00","article_modified_time":"2024-10-31T20:10:19+00:00","og_image":[{"width":250,"height":130,"url":"https:\/\/equipvinyesdabad.com\/wp-content\/uploads\/2024\/10\/logo_vinyes_dabad.png","type":"image\/png"}],"author":"admin","twitter_card":"summary_large_image","twitter_misc":{"Escrito por":"admin","Tiempo de lectura":"5 minutos"},"schema":{"@context":"https:\/\/schema.org","@graph":[{"@type":"Article","@id":"https:\/\/equipvinyesdabad.com\/es\/rallys\/en-llanes-vinyes-mercader-suzuki-swift-r-recuperan-el-dominio-de-la-categoria-n5\/#article","isPartOf":{"@id":"https:\/\/equipvinyesdabad.com\/es\/rallys\/en-llanes-vinyes-mercader-suzuki-swift-r-recuperan-el-dominio-de-la-categoria-n5\/"},"author":{"name":"admin","@id":"https:\/\/equipvinyesdabad.com\/es\/#\/schema\/person\/962b4c681d63fd4fbd546ec83b775c1b"},"headline":"En Llanes, Vinyes-Mercader (Suzuki Swift R+) recuperan el dominio de la categor\u00eda N5","datePublished":"2018-10-01T00:00:00+00:00","dateModified":"2024-10-31T20:10:19+00:00","mainEntityOfPage":{"@id":"https:\/\/equipvinyesdabad.com\/es\/rallys\/en-llanes-vinyes-mercader-suzuki-swift-r-recuperan-el-dominio-de-la-categoria-n5\/"},"wordCount":941,"image":{"@id":"https:\/\/equipvinyesdabad.com\/es\/rallys\/en-llanes-vinyes-mercader-suzuki-swift-r-recuperan-el-dominio-de-la-categoria-n5\/#primaryimage"},"thumbnailUrl":"https:\/\/equipvinyesdabad.com\/wp-content\/uploads\/2018\/09\/06JVLlanes6552.jpg","articleSection":["Rallys","Rallys asfalto"],"inLanguage":"es"},{"@type":"WebPage","@id":"https:\/\/equipvinyesdabad.com\/es\/rallys\/en-llanes-vinyes-mercader-suzuki-swift-r-recuperan-el-dominio-de-la-categoria-n5\/","url":"https:\/\/equipvinyesdabad.com\/es\/rallys\/en-llanes-vinyes-mercader-suzuki-swift-r-recuperan-el-dominio-de-la-categoria-n5\/","name":"En Llanes, Vinyes-Mercader (Suzuki Swift R+) recuperan el dominio de la categor\u00eda N5 - Equip vinyes dabad","isPartOf":{"@id":"https:\/\/equipvinyesdabad.com\/es\/#website"},"primaryImageOfPage":{"@id":"https:\/\/equipvinyesdabad.com\/es\/rallys\/en-llanes-vinyes-mercader-suzuki-swift-r-recuperan-el-dominio-de-la-categoria-n5\/#primaryimage"},"image":{"@id":"https:\/\/equipvinyesdabad.com\/es\/rallys\/en-llanes-vinyes-mercader-suzuki-swift-r-recuperan-el-dominio-de-la-categoria-n5\/#primaryimage"},"thumbnailUrl":"https:\/\/equipvinyesdabad.com\/wp-content\/uploads\/2018\/09\/06JVLlanes6552.jpg","datePublished":"2018-10-01T00:00:00+00:00","dateModified":"2024-10-31T20:10:19+00:00","author":{"@id":"https:\/\/equipvinyesdabad.com\/es\/#\/schema\/person\/962b4c681d63fd4fbd546ec83b775c1b"},"breadcrumb":{"@id":"https:\/\/equipvinyesdabad.com\/es\/rallys\/en-llanes-vinyes-mercader-suzuki-swift-r-recuperan-el-dominio-de-la-categoria-n5\/#breadcrumb"},"inLanguage":"es","potentialAction":[{"@type":"ReadAction","target":["https:\/\/equipvinyesdabad.com\/es\/rallys\/en-llanes-vinyes-mercader-suzuki-swift-r-recuperan-el-dominio-de-la-categoria-n5\/"]}]},{"@type":"ImageObject","inLanguage":"es","@id":"https:\/\/equipvinyesdabad.com\/es\/rallys\/en-llanes-vinyes-mercader-suzuki-swift-r-recuperan-el-dominio-de-la-categoria-n5\/#primaryimage","url":"https:\/\/equipvinyesdabad.com\/wp-content\/uploads\/2018\/09\/06JVLlanes6552.jpg","contentUrl":"https:\/\/equipvinyesdabad.com\/wp-content\/uploads\/2018\/09\/06JVLlanes6552.jpg"},{"@type":"BreadcrumbList","@id":"https:\/\/equipvinyesdabad.com\/es\/rallys\/en-llanes-vinyes-mercader-suzuki-swift-r-recuperan-el-dominio-de-la-categoria-n5\/#breadcrumb","itemListElement":[{"@type":"ListItem","position":1,"name":"Inicio","item":"https:\/\/equipvinyesdabad.com\/es\/"},{"@type":"ListItem","position":2,"name":"En Llanes, Vinyes-Mercader (Suzuki Swift R+) recuperan el dominio de la categor\u00eda N5"}]},{"@type":"WebSite","@id":"https:\/\/equipvinyesdabad.com\/es\/#website","url":"https:\/\/equipvinyesdabad.com\/es\/","name":"Equip vinyes dabad","description":"","potentialAction":[{"@type":"SearchAction","target":{"@type":"EntryPoint","urlTemplate":"https:\/\/equipvinyesdabad.com\/es\/?s={search_term_string}"},"query-input":{"@type":"PropertyValueSpecification","valueRequired":true,"valueName":"search_term_string"}}],"inLanguage":"es"},{"@type":"Person","@id":"https:\/\/equipvinyesdabad.com\/es\/#\/schema\/person\/962b4c681d63fd4fbd546ec83b775c1b","name":"admin","image":{"@type":"ImageObject","inLanguage":"es","@id":"https:\/\/secure.gravatar.com\/avatar\/6d1c6cfbf1c3aed75f7a05f946b76867c29d677b49f81545b6b9bc58677b08a0?s=96&d=mm&r=g","url":"https:\/\/secure.gravatar.com\/avatar\/6d1c6cfbf1c3aed75f7a05f946b76867c29d677b49f81545b6b9bc58677b08a0?s=96&d=mm&r=g","contentUrl":"https:\/\/secure.gravatar.com\/avatar\/6d1c6cfbf1c3aed75f7a05f946b76867c29d677b49f81545b6b9bc58677b08a0?s=96&d=mm&r=g","caption":"admin"},"sameAs":["https:\/\/equipvinyesdabad.com"],"url":"https:\/\/equipvinyesdabad.com\/es\/author\/web1\/"}]}},"_links":{"self":[{"href":"https:\/\/equipvinyesdabad.com\/es\/wp-json\/wp\/v2\/posts\/2299","targetHints":{"allow":["GET"]}}],"collection":[{"href":"https:\/\/equipvinyesdabad.com\/es\/wp-json\/wp\/v2\/posts"}],"about":[{"href":"https:\/\/equipvinyesdabad.com\/es\/wp-json\/wp\/v2\/types\/post"}],"author":[{"embeddable":true,"href":"https:\/\/equipvinyesdabad.com\/es\/wp-json\/wp\/v2\/users\/1"}],"replies":[{"embeddable":true,"href":"https:\/\/equipvinyesdabad.com\/es\/wp-json\/wp\/v2\/comments?post=2299"}],"version-history":[{"count":3,"href":"https:\/\/equipvinyesdabad.com\/es\/wp-json\/wp\/v2\/posts\/2299\/revisions"}],"predecessor-version":[{"id":4298,"href":"https:\/\/equipvinyesdabad.com\/es\/wp-json\/wp\/v2\/posts\/2299\/revisions\/4298"}],"wp:featuredmedia":[{"embeddable":true,"href":"https:\/\/equipvinyesdabad.com\/es\/wp-json\/wp\/v2\/media\/1613"}],"wp:attachment":[{"href":"https:\/\/equipvinyesdabad.com\/es\/wp-json\/wp\/v2\/media?parent=2299"}],"wp:term":[{"taxonomy":"category","embeddable":true,"href":"https:\/\/equipvinyesdabad.com\/es\/wp-json\/wp\/v2\/categories?post=2299"},{"taxonomy":"post_tag","embeddable":true,"href":"https:\/\/equipvinyesdabad.com\/es\/wp-json\/wp\/v2\/tags?post=2299"}],"curies":[{"name":"wp","href":"https:\/\/api.w.org\/{rel}","templated":true}]}}