{"id":2306,"date":"2018-09-09T00:00:00","date_gmt":"2018-09-09T00:00:00","guid":{"rendered":"https:\/\/equipvinyesdabad.com\/?p=2306"},"modified":"2024-10-31T20:10:19","modified_gmt":"2024-10-31T20:10:19","slug":"vinyes-mercader-con-ganas-de-volver-a-competir-el-princesa-de-asturias-les-espera","status":"publish","type":"post","link":"https:\/\/equipvinyesdabad.com\/es\/rallys\/vinyes-mercader-con-ganas-de-volver-a-competir-el-princesa-de-asturias-les-espera\/","title":{"rendered":"Vinyes-Mercader con ganas de volver a competir. El Princesa de Asturias les espera"},"content":{"rendered":"<p style=\"text-align: justify;\">El Campeonato de Espa&ntilde;a de Rallys de asfalto (CERA), retorna a la actividad despu&eacute;s de las habituales vacaciones de verano. Como de costumbre la parte decisiva de la temporada arrancar&aacute; en Asturias, en concreto con la disputa de Rally Princesa de Asturias que, adem&aacute;s de ser v&aacute;lido para el CERA, volver&aacute; puntuar para el&nbsp; Trofeo de Europa de Rallys .<br \/>Joan Vinyes-Jordi Mercader (Suzuki Swift R+ &#8211; Suzuki Motor Ib&eacute;rica) estar&aacute;n en el podio de la primera cita asturiana de la temporada con el objetivo de entrar con buenas sensaciones en una segunda parte de la temporada que promete emociones fuertes.&nbsp;&nbsp; &nbsp;<\/p>\n<p>El Autom&oacute;vil Club Principado de Asturias (ACPA), organizador del evento, ha preparado para la 55a edici&oacute;n de su prueba, un recorrido total de 613,41 km, de los cuales 172,73 km, son cronometrados. <br \/>El recorrido estar&aacute; dividido en 2 etapas y 12 especiales (7 de diferentes). <br \/>A lo largo de la <strong>primera etapa (viernes d&iacute;a 14)<\/strong> los participantes tendr&aacute;n que superar, en dos ocasiones cada uno, los siguientes tramos de velocidad:&nbsp; <strong>Candamo (15,92 km) y&nbsp; Llanera (15,88 km).<\/strong><br \/>La <strong>segunda etapa (s&aacute;bado d&iacute;a 15)<\/strong> la competici&oacute;n se desplazar&aacute; hacia la zona este de Asturias, en donde se disputar&aacute;n, tambi&eacute;n dos veces cada una) especiales tan conocidas como:<strong> Siero (15,53 km), Villaviciosa (14,80 km) y Colunga (15,01 km)<\/strong>, adem&aacute;s de un solo paso por <strong>La Estrecha (15,10 km).<\/strong> <br \/>El punto final al Princesa de Asturias 2018 se pondr&aacute; en Oviedo, con la disputa de una super especial de 3,26 km. <\/p>\n<p>As&iacute; pues, es un recorrido muy parecido al de la temporada pasada aunque, seg&uacute;n Vinyes, nunca te puedes fiar, este era su comentario: <em><strong>Seguimos en el norte de Espa&ntilde;a, sin&oacute;nimo de carreteras estrechas y de una climatolog&iacute;a que en cualquier momento te puede sorprender. En cuanto a las especiales cronometradas&nbsp; las novedades est&aacute;n en la segunda jornada del rally. Villaviciosa mantiene solo una parte el recorrido del a&ntilde;o pasado mientras que La Estrecha es el trazado de Colunga de la pasada edici&oacute;n pero al rev&eacute;s.&nbsp; O sea que grandes novedades no hay pero los reconocimientos ser&aacute;n, como siempre, muy importantes.&nbsp;<\/strong><\/em> &nbsp;<\/p>\n<p>Vinyes, despu&eacute;s de dos meses sin sentarse al volante del Swift R+, se muestra con ganas de retornar a la competici&oacute;n: <em><strong>Tengo ganas de iniciar la parte decisiva de la temporada. Por las referencias que tengo, estoy convencido que habr&aacute; mucha m&aacute;s competencia y no ser&aacute; f&aacute;cil estar en las posiciones de honor.&nbsp; Seguir mejorando las clasificaciones, tanto de marcas como de pilotos, seguir&aacute; siendo nuestro objetivo. Veremos si lo conseguimos.&nbsp;&nbsp;&nbsp;&nbsp; &nbsp;<\/strong><\/em><br \/>&nbsp; <br \/>NInguna novedad en cuanto a la situaci&oacute;n de la log&iacute;stica de los equipos, <strong>La Manjoya<\/strong> volver&aacute; a ser el escenario en que se ubicar&aacute;n las asistencias. Tampoco hay cambios en la ubicaci&oacute;n del podio de rally, estar&aacute; en el <strong>Palacio de Exposiciones y Congresos Ciudad de Oviedo<\/strong>, en donde se llevar&aacute; a cabo la ceremonia de salida (jueves d&iacute;a 13 a las 20.00 horas) y la entrega de trofeos a los vencedores (s&aacute;bado d&iacute;a 15 a las 19.00 horas).<\/p>\n<p>El<strong><em> shakedown<\/em> y el tramo de calificaci&oacute;n<\/strong> se llevar&aacute; a cabo el viernes (d&iacute;a 15) a partir de las 8.30 horas en la especial <strong>Ribera de Arriba (3,50 km)<\/strong>.<\/p>\n<p>A las 14.30 horas se dar&aacute; la salida de la primera etapa del 55 Rally Princesa de Asturias desde el Parque de asistencia de la Manjoya. <\/p>\n<p><\/p>\n<p><strong><strong><a href=\"http:\/\/www.infoesport.org\/imgNoticia\/2018\/180916JVPrincesa1c.pdf\"><img loading=\"lazy\" decoding=\"async\" style=\"float: right;\" src=\"http:\/\/www.infoesport.org\/auxiliar\/fot\/logos\/icono_pdf.gif\" alt=\"\" width=\"50\" height=\"50\" \/><\/a><\/strong><\/strong><\/p>\n<p style=\"text-align: right;\">Servicio de Prensa.<\/p>\n<p>&nbsp;<\/p>\n<p>&nbsp;<\/p>\n","protected":false},"excerpt":{"rendered":"<p>El Campeonato de Espa\u00f1a de Rallys de asfalto (CERA), retorna a la actividad despu\u00e9s de las habituales vacaciones de verano. Como de costumbre la parte decisiva de la temporada arrancar\u00e1 en Asturias, en concreto con la disputa de Rally Princesa de Asturias que, adem\u00e1s de ser v\u00e1lido para el CERA, volver\u00e1 puntuar para el  Trofeo de Europa de Rallys .<br \/>\nJoan Vinyes-Jordi Mercader (Suzuki Swift R+ &#8211; Suzuki Motor Ib\u00e9rica) estar\u00e1n en el podio de la primera cita asturiana de la temporada con el objetivo de entrar con buenas sensaciones en una segunda parte de la temporada que promete emociones fuertes.    <\/p>\n","protected":false},"author":1,"featured_media":1616,"comment_status":"closed","ping_status":"closed","sticky":false,"template":"","format":"standard","meta":{"_kadence_starter_templates_imported_post":false,"_kad_post_transparent":"","_kad_post_title":"","_kad_post_layout":"","_kad_post_sidebar_id":"","_kad_post_content_style":"","_kad_post_vertical_padding":"","_kad_post_feature":"","_kad_post_feature_position":"","_kad_post_header":false,"_kad_post_footer":false,"_kad_post_classname":"","footnotes":""},"categories":[46,60],"tags":[],"class_list":["post-2306","post","type-post","status-publish","format-standard","has-post-thumbnail","hentry","category-rallys","category-rallys-asfalto"],"yoast_head":"<!-- This site is optimized with the Yoast SEO plugin v27.4 - https:\/\/yoast.com\/product\/yoast-seo-wordpress\/ -->\n<title>Vinyes-Mercader con ganas de volver a competir. El Princesa de Asturias les espera - Equip vinyes dabad<\/title>\n<meta name=\"robots\" content=\"index, follow, max-snippet:-1, max-image-preview:large, max-video-preview:-1\" \/>\n<link rel=\"canonical\" href=\"https:\/\/equipvinyesdabad.com\/es\/rallys\/vinyes-mercader-con-ganas-de-volver-a-competir-el-princesa-de-asturias-les-espera\/\" \/>\n<meta property=\"og:locale\" content=\"es_ES\" \/>\n<meta property=\"og:type\" content=\"article\" \/>\n<meta property=\"og:title\" content=\"Vinyes-Mercader con ganas de volver a competir. El Princesa de Asturias les espera - Equip vinyes dabad\" \/>\n<meta property=\"og:description\" content=\"El Campeonato de Espa\u00f1a de Rallys de asfalto (CERA), retorna a la actividad despu\u00e9s de las habituales vacaciones de verano. Como de costumbre la parte decisiva de la temporada arrancar\u00e1 en Asturias, en concreto con la disputa de Rally Princesa de Asturias que, adem\u00e1s de ser v\u00e1lido para el CERA, volver\u00e1 puntuar para el Trofeo de Europa de Rallys . Joan Vinyes-Jordi Mercader (Suzuki Swift R+ - Suzuki Motor Ib\u00e9rica) estar\u00e1n en el podio de la primera cita asturiana de la temporada con el objetivo de entrar con buenas sensaciones en una segunda parte de la temporada que promete emociones fuertes.\" \/>\n<meta property=\"og:url\" content=\"https:\/\/equipvinyesdabad.com\/es\/rallys\/vinyes-mercader-con-ganas-de-volver-a-competir-el-princesa-de-asturias-les-espera\/\" \/>\n<meta property=\"og:site_name\" content=\"Equip vinyes dabad\" \/>\n<meta property=\"article:published_time\" content=\"2018-09-09T00:00:00+00:00\" \/>\n<meta property=\"article:modified_time\" content=\"2024-10-31T20:10:19+00:00\" \/>\n<meta property=\"og:image\" content=\"https:\/\/equipvinyesdabad.com\/wp-content\/uploads\/2024\/10\/logo_vinyes_dabad.png\" \/>\n\t<meta property=\"og:image:width\" content=\"250\" \/>\n\t<meta property=\"og:image:height\" content=\"130\" \/>\n\t<meta property=\"og:image:type\" content=\"image\/png\" \/>\n<meta name=\"author\" content=\"admin\" \/>\n<meta name=\"twitter:card\" content=\"summary_large_image\" \/>\n<meta name=\"twitter:label1\" content=\"Escrito por\" \/>\n\t<meta name=\"twitter:data1\" content=\"admin\" \/>\n\t<meta name=\"twitter:label2\" content=\"Tiempo de lectura\" \/>\n\t<meta name=\"twitter:data2\" content=\"3 minutos\" \/>\n<script type=\"application\/ld+json\" class=\"yoast-schema-graph\">{\"@context\":\"https:\\\/\\\/schema.org\",\"@graph\":[{\"@type\":\"Article\",\"@id\":\"https:\\\/\\\/equipvinyesdabad.com\\\/es\\\/rallys\\\/vinyes-mercader-con-ganas-de-volver-a-competir-el-princesa-de-asturias-les-espera\\\/#article\",\"isPartOf\":{\"@id\":\"https:\\\/\\\/equipvinyesdabad.com\\\/es\\\/rallys\\\/vinyes-mercader-con-ganas-de-volver-a-competir-el-princesa-de-asturias-les-espera\\\/\"},\"author\":{\"name\":\"admin\",\"@id\":\"https:\\\/\\\/equipvinyesdabad.com\\\/es\\\/#\\\/schema\\\/person\\\/962b4c681d63fd4fbd546ec83b775c1b\"},\"headline\":\"Vinyes-Mercader con ganas de volver a competir. El Princesa de Asturias les espera\",\"datePublished\":\"2018-09-09T00:00:00+00:00\",\"dateModified\":\"2024-10-31T20:10:19+00:00\",\"mainEntityOfPage\":{\"@id\":\"https:\\\/\\\/equipvinyesdabad.com\\\/es\\\/rallys\\\/vinyes-mercader-con-ganas-de-volver-a-competir-el-princesa-de-asturias-les-espera\\\/\"},\"wordCount\":654,\"image\":{\"@id\":\"https:\\\/\\\/equipvinyesdabad.com\\\/es\\\/rallys\\\/vinyes-mercader-con-ganas-de-volver-a-competir-el-princesa-de-asturias-les-espera\\\/#primaryimage\"},\"thumbnailUrl\":\"https:\\\/\\\/equipvinyesdabad.com\\\/wp-content\\\/uploads\\\/2018\\\/09\\\/06JVPrincesa4169.jpg\",\"articleSection\":[\"Rallys\",\"Rallys asfalto\"],\"inLanguage\":\"es\"},{\"@type\":\"WebPage\",\"@id\":\"https:\\\/\\\/equipvinyesdabad.com\\\/es\\\/rallys\\\/vinyes-mercader-con-ganas-de-volver-a-competir-el-princesa-de-asturias-les-espera\\\/\",\"url\":\"https:\\\/\\\/equipvinyesdabad.com\\\/es\\\/rallys\\\/vinyes-mercader-con-ganas-de-volver-a-competir-el-princesa-de-asturias-les-espera\\\/\",\"name\":\"Vinyes-Mercader con ganas de volver a competir. El Princesa de Asturias les espera - Equip vinyes dabad\",\"isPartOf\":{\"@id\":\"https:\\\/\\\/equipvinyesdabad.com\\\/es\\\/#website\"},\"primaryImageOfPage\":{\"@id\":\"https:\\\/\\\/equipvinyesdabad.com\\\/es\\\/rallys\\\/vinyes-mercader-con-ganas-de-volver-a-competir-el-princesa-de-asturias-les-espera\\\/#primaryimage\"},\"image\":{\"@id\":\"https:\\\/\\\/equipvinyesdabad.com\\\/es\\\/rallys\\\/vinyes-mercader-con-ganas-de-volver-a-competir-el-princesa-de-asturias-les-espera\\\/#primaryimage\"},\"thumbnailUrl\":\"https:\\\/\\\/equipvinyesdabad.com\\\/wp-content\\\/uploads\\\/2018\\\/09\\\/06JVPrincesa4169.jpg\",\"datePublished\":\"2018-09-09T00:00:00+00:00\",\"dateModified\":\"2024-10-31T20:10:19+00:00\",\"author\":{\"@id\":\"https:\\\/\\\/equipvinyesdabad.com\\\/es\\\/#\\\/schema\\\/person\\\/962b4c681d63fd4fbd546ec83b775c1b\"},\"breadcrumb\":{\"@id\":\"https:\\\/\\\/equipvinyesdabad.com\\\/es\\\/rallys\\\/vinyes-mercader-con-ganas-de-volver-a-competir-el-princesa-de-asturias-les-espera\\\/#breadcrumb\"},\"inLanguage\":\"es\",\"potentialAction\":[{\"@type\":\"ReadAction\",\"target\":[\"https:\\\/\\\/equipvinyesdabad.com\\\/es\\\/rallys\\\/vinyes-mercader-con-ganas-de-volver-a-competir-el-princesa-de-asturias-les-espera\\\/\"]}]},{\"@type\":\"ImageObject\",\"inLanguage\":\"es\",\"@id\":\"https:\\\/\\\/equipvinyesdabad.com\\\/es\\\/rallys\\\/vinyes-mercader-con-ganas-de-volver-a-competir-el-princesa-de-asturias-les-espera\\\/#primaryimage\",\"url\":\"https:\\\/\\\/equipvinyesdabad.com\\\/wp-content\\\/uploads\\\/2018\\\/09\\\/06JVPrincesa4169.jpg\",\"contentUrl\":\"https:\\\/\\\/equipvinyesdabad.com\\\/wp-content\\\/uploads\\\/2018\\\/09\\\/06JVPrincesa4169.jpg\"},{\"@type\":\"BreadcrumbList\",\"@id\":\"https:\\\/\\\/equipvinyesdabad.com\\\/es\\\/rallys\\\/vinyes-mercader-con-ganas-de-volver-a-competir-el-princesa-de-asturias-les-espera\\\/#breadcrumb\",\"itemListElement\":[{\"@type\":\"ListItem\",\"position\":1,\"name\":\"Inicio\",\"item\":\"https:\\\/\\\/equipvinyesdabad.com\\\/es\\\/\"},{\"@type\":\"ListItem\",\"position\":2,\"name\":\"Vinyes-Mercader con ganas de volver a competir. El Princesa de Asturias les espera\"}]},{\"@type\":\"WebSite\",\"@id\":\"https:\\\/\\\/equipvinyesdabad.com\\\/es\\\/#website\",\"url\":\"https:\\\/\\\/equipvinyesdabad.com\\\/es\\\/\",\"name\":\"Equip vinyes dabad\",\"description\":\"\",\"potentialAction\":[{\"@type\":\"SearchAction\",\"target\":{\"@type\":\"EntryPoint\",\"urlTemplate\":\"https:\\\/\\\/equipvinyesdabad.com\\\/es\\\/?s={search_term_string}\"},\"query-input\":{\"@type\":\"PropertyValueSpecification\",\"valueRequired\":true,\"valueName\":\"search_term_string\"}}],\"inLanguage\":\"es\"},{\"@type\":\"Person\",\"@id\":\"https:\\\/\\\/equipvinyesdabad.com\\\/es\\\/#\\\/schema\\\/person\\\/962b4c681d63fd4fbd546ec83b775c1b\",\"name\":\"admin\",\"image\":{\"@type\":\"ImageObject\",\"inLanguage\":\"es\",\"@id\":\"https:\\\/\\\/secure.gravatar.com\\\/avatar\\\/6d1c6cfbf1c3aed75f7a05f946b76867c29d677b49f81545b6b9bc58677b08a0?s=96&d=mm&r=g\",\"url\":\"https:\\\/\\\/secure.gravatar.com\\\/avatar\\\/6d1c6cfbf1c3aed75f7a05f946b76867c29d677b49f81545b6b9bc58677b08a0?s=96&d=mm&r=g\",\"contentUrl\":\"https:\\\/\\\/secure.gravatar.com\\\/avatar\\\/6d1c6cfbf1c3aed75f7a05f946b76867c29d677b49f81545b6b9bc58677b08a0?s=96&d=mm&r=g\",\"caption\":\"admin\"},\"sameAs\":[\"https:\\\/\\\/equipvinyesdabad.com\"],\"url\":\"https:\\\/\\\/equipvinyesdabad.com\\\/es\\\/author\\\/web1\\\/\"}]}<\/script>\n<!-- \/ Yoast SEO plugin. -->","yoast_head_json":{"title":"Vinyes-Mercader con ganas de volver a competir. El Princesa de Asturias les espera - Equip vinyes dabad","robots":{"index":"index","follow":"follow","max-snippet":"max-snippet:-1","max-image-preview":"max-image-preview:large","max-video-preview":"max-video-preview:-1"},"canonical":"https:\/\/equipvinyesdabad.com\/es\/rallys\/vinyes-mercader-con-ganas-de-volver-a-competir-el-princesa-de-asturias-les-espera\/","og_locale":"es_ES","og_type":"article","og_title":"Vinyes-Mercader con ganas de volver a competir. El Princesa de Asturias les espera - Equip vinyes dabad","og_description":"El Campeonato de Espa\u00f1a de Rallys de asfalto (CERA), retorna a la actividad despu\u00e9s de las habituales vacaciones de verano. Como de costumbre la parte decisiva de la temporada arrancar\u00e1 en Asturias, en concreto con la disputa de Rally Princesa de Asturias que, adem\u00e1s de ser v\u00e1lido para el CERA, volver\u00e1 puntuar para el Trofeo de Europa de Rallys . Joan Vinyes-Jordi Mercader (Suzuki Swift R+ - Suzuki Motor Ib\u00e9rica) estar\u00e1n en el podio de la primera cita asturiana de la temporada con el objetivo de entrar con buenas sensaciones en una segunda parte de la temporada que promete emociones fuertes.","og_url":"https:\/\/equipvinyesdabad.com\/es\/rallys\/vinyes-mercader-con-ganas-de-volver-a-competir-el-princesa-de-asturias-les-espera\/","og_site_name":"Equip vinyes dabad","article_published_time":"2018-09-09T00:00:00+00:00","article_modified_time":"2024-10-31T20:10:19+00:00","og_image":[{"width":250,"height":130,"url":"https:\/\/equipvinyesdabad.com\/wp-content\/uploads\/2024\/10\/logo_vinyes_dabad.png","type":"image\/png"}],"author":"admin","twitter_card":"summary_large_image","twitter_misc":{"Escrito por":"admin","Tiempo de lectura":"3 minutos"},"schema":{"@context":"https:\/\/schema.org","@graph":[{"@type":"Article","@id":"https:\/\/equipvinyesdabad.com\/es\/rallys\/vinyes-mercader-con-ganas-de-volver-a-competir-el-princesa-de-asturias-les-espera\/#article","isPartOf":{"@id":"https:\/\/equipvinyesdabad.com\/es\/rallys\/vinyes-mercader-con-ganas-de-volver-a-competir-el-princesa-de-asturias-les-espera\/"},"author":{"name":"admin","@id":"https:\/\/equipvinyesdabad.com\/es\/#\/schema\/person\/962b4c681d63fd4fbd546ec83b775c1b"},"headline":"Vinyes-Mercader con ganas de volver a competir. El Princesa de Asturias les espera","datePublished":"2018-09-09T00:00:00+00:00","dateModified":"2024-10-31T20:10:19+00:00","mainEntityOfPage":{"@id":"https:\/\/equipvinyesdabad.com\/es\/rallys\/vinyes-mercader-con-ganas-de-volver-a-competir-el-princesa-de-asturias-les-espera\/"},"wordCount":654,"image":{"@id":"https:\/\/equipvinyesdabad.com\/es\/rallys\/vinyes-mercader-con-ganas-de-volver-a-competir-el-princesa-de-asturias-les-espera\/#primaryimage"},"thumbnailUrl":"https:\/\/equipvinyesdabad.com\/wp-content\/uploads\/2018\/09\/06JVPrincesa4169.jpg","articleSection":["Rallys","Rallys asfalto"],"inLanguage":"es"},{"@type":"WebPage","@id":"https:\/\/equipvinyesdabad.com\/es\/rallys\/vinyes-mercader-con-ganas-de-volver-a-competir-el-princesa-de-asturias-les-espera\/","url":"https:\/\/equipvinyesdabad.com\/es\/rallys\/vinyes-mercader-con-ganas-de-volver-a-competir-el-princesa-de-asturias-les-espera\/","name":"Vinyes-Mercader con ganas de volver a competir. El Princesa de Asturias les espera - Equip vinyes dabad","isPartOf":{"@id":"https:\/\/equipvinyesdabad.com\/es\/#website"},"primaryImageOfPage":{"@id":"https:\/\/equipvinyesdabad.com\/es\/rallys\/vinyes-mercader-con-ganas-de-volver-a-competir-el-princesa-de-asturias-les-espera\/#primaryimage"},"image":{"@id":"https:\/\/equipvinyesdabad.com\/es\/rallys\/vinyes-mercader-con-ganas-de-volver-a-competir-el-princesa-de-asturias-les-espera\/#primaryimage"},"thumbnailUrl":"https:\/\/equipvinyesdabad.com\/wp-content\/uploads\/2018\/09\/06JVPrincesa4169.jpg","datePublished":"2018-09-09T00:00:00+00:00","dateModified":"2024-10-31T20:10:19+00:00","author":{"@id":"https:\/\/equipvinyesdabad.com\/es\/#\/schema\/person\/962b4c681d63fd4fbd546ec83b775c1b"},"breadcrumb":{"@id":"https:\/\/equipvinyesdabad.com\/es\/rallys\/vinyes-mercader-con-ganas-de-volver-a-competir-el-princesa-de-asturias-les-espera\/#breadcrumb"},"inLanguage":"es","potentialAction":[{"@type":"ReadAction","target":["https:\/\/equipvinyesdabad.com\/es\/rallys\/vinyes-mercader-con-ganas-de-volver-a-competir-el-princesa-de-asturias-les-espera\/"]}]},{"@type":"ImageObject","inLanguage":"es","@id":"https:\/\/equipvinyesdabad.com\/es\/rallys\/vinyes-mercader-con-ganas-de-volver-a-competir-el-princesa-de-asturias-les-espera\/#primaryimage","url":"https:\/\/equipvinyesdabad.com\/wp-content\/uploads\/2018\/09\/06JVPrincesa4169.jpg","contentUrl":"https:\/\/equipvinyesdabad.com\/wp-content\/uploads\/2018\/09\/06JVPrincesa4169.jpg"},{"@type":"BreadcrumbList","@id":"https:\/\/equipvinyesdabad.com\/es\/rallys\/vinyes-mercader-con-ganas-de-volver-a-competir-el-princesa-de-asturias-les-espera\/#breadcrumb","itemListElement":[{"@type":"ListItem","position":1,"name":"Inicio","item":"https:\/\/equipvinyesdabad.com\/es\/"},{"@type":"ListItem","position":2,"name":"Vinyes-Mercader con ganas de volver a competir. El Princesa de Asturias les espera"}]},{"@type":"WebSite","@id":"https:\/\/equipvinyesdabad.com\/es\/#website","url":"https:\/\/equipvinyesdabad.com\/es\/","name":"Equip vinyes dabad","description":"","potentialAction":[{"@type":"SearchAction","target":{"@type":"EntryPoint","urlTemplate":"https:\/\/equipvinyesdabad.com\/es\/?s={search_term_string}"},"query-input":{"@type":"PropertyValueSpecification","valueRequired":true,"valueName":"search_term_string"}}],"inLanguage":"es"},{"@type":"Person","@id":"https:\/\/equipvinyesdabad.com\/es\/#\/schema\/person\/962b4c681d63fd4fbd546ec83b775c1b","name":"admin","image":{"@type":"ImageObject","inLanguage":"es","@id":"https:\/\/secure.gravatar.com\/avatar\/6d1c6cfbf1c3aed75f7a05f946b76867c29d677b49f81545b6b9bc58677b08a0?s=96&d=mm&r=g","url":"https:\/\/secure.gravatar.com\/avatar\/6d1c6cfbf1c3aed75f7a05f946b76867c29d677b49f81545b6b9bc58677b08a0?s=96&d=mm&r=g","contentUrl":"https:\/\/secure.gravatar.com\/avatar\/6d1c6cfbf1c3aed75f7a05f946b76867c29d677b49f81545b6b9bc58677b08a0?s=96&d=mm&r=g","caption":"admin"},"sameAs":["https:\/\/equipvinyesdabad.com"],"url":"https:\/\/equipvinyesdabad.com\/es\/author\/web1\/"}]}},"_links":{"self":[{"href":"https:\/\/equipvinyesdabad.com\/es\/wp-json\/wp\/v2\/posts\/2306","targetHints":{"allow":["GET"]}}],"collection":[{"href":"https:\/\/equipvinyesdabad.com\/es\/wp-json\/wp\/v2\/posts"}],"about":[{"href":"https:\/\/equipvinyesdabad.com\/es\/wp-json\/wp\/v2\/types\/post"}],"author":[{"embeddable":true,"href":"https:\/\/equipvinyesdabad.com\/es\/wp-json\/wp\/v2\/users\/1"}],"replies":[{"embeddable":true,"href":"https:\/\/equipvinyesdabad.com\/es\/wp-json\/wp\/v2\/comments?post=2306"}],"version-history":[{"count":3,"href":"https:\/\/equipvinyesdabad.com\/es\/wp-json\/wp\/v2\/posts\/2306\/revisions"}],"predecessor-version":[{"id":4309,"href":"https:\/\/equipvinyesdabad.com\/es\/wp-json\/wp\/v2\/posts\/2306\/revisions\/4309"}],"wp:featuredmedia":[{"embeddable":true,"href":"https:\/\/equipvinyesdabad.com\/es\/wp-json\/wp\/v2\/media\/1616"}],"wp:attachment":[{"href":"https:\/\/equipvinyesdabad.com\/es\/wp-json\/wp\/v2\/media?parent=2306"}],"wp:term":[{"taxonomy":"category","embeddable":true,"href":"https:\/\/equipvinyesdabad.com\/es\/wp-json\/wp\/v2\/categories?post=2306"},{"taxonomy":"post_tag","embeddable":true,"href":"https:\/\/equipvinyesdabad.com\/es\/wp-json\/wp\/v2\/tags?post=2306"}],"curies":[{"name":"wp","href":"https:\/\/api.w.org\/{rel}","templated":true}]}}