{"id":2328,"date":"2018-05-09T00:00:00","date_gmt":"2018-05-09T00:00:00","guid":{"rendered":"https:\/\/equipvinyesdabad.com\/?p=2328"},"modified":"2024-10-31T20:10:19","modified_gmt":"2024-10-31T20:10:19","slug":"el-rally-de-adeje-proximo-desafio-para-vinyes-mercader-suzuki-swift-r","status":"publish","type":"post","link":"https:\/\/equipvinyesdabad.com\/es\/rallys\/el-rally-de-adeje-proximo-desafio-para-vinyes-mercader-suzuki-swift-r\/","title":{"rendered":"El Rally de Adeje pr\u00f3ximo desaf\u00edo para Vinyes &#8211; Mercader (Suzuki Swift R+)"},"content":{"rendered":"<p style=\"text-align: justify;\">Sin dejar las Islas Can&aacute;rias, Joan Vinyes &#8211; Jordi Mercader (Suzuki Swift R+ N5) afrontar&aacute;n el 28 Rally Villa de Adeje, cuarta cita del Campeonato de Espa&ntilde;a de Rallys de asfalto (CERA) 2018. Los escenarios de esta segunda prueba canaria estar&aacute;n ubicados en las carreteras de la zona Sur de la Isla de Tenerife. &nbsp;<\/p>\n<p>Una de las novedades que present&oacute; el reglamento de la Escuder&iacute;a Adeje, organizadora del evento, fue el inicio de los reconocimientos el martes (d&iacute;a 8) a partir de las 10.30 horas. As&iacute; pues, los equipos que disputaron el Islas Canarias la semana anterior, tuvieron un corto per&iacute;odo de tiempo antes de iniciar la actividad en Adeje.<\/p>\n<p>Una vez superadas las dos jornadas de reconocimiento, la actividad se centrar&aacute; a partir del jueves (d&iacute;a 10) en las verificaciones previas a la prueba y, a partir de las 19.00 horas el medio centenar de veh&iacute;culos inscritos al rally, pasar&aacute;n por el podio en la ceremonia de salida.<\/p>\n<p>El <em>shakedown<\/em> se disputar&aacute; el viernes (d&iacute;a 11) entre las 10.00 y las 12.00, a continuaci&oacute;n (12.15 &#8211; 12.45 horas) se pondr&aacute; el crono en marcha de manera oficial para establecer la clasificaci&oacute;n del tramo cronometrado. Esta clasificaci&oacute;n es la que se utilizar&aacute; para que los pilotos puedan elegir su posici&oacute;n de salida a la primera etapa del rally. &nbsp;<\/p>\n<p>Un total de 462,20 km, configuran el recorrido de la prueba, de los cuales la tercera parte (154,54) ser&aacute;n de velocidad. La prueba se correr&aacute; dividida en dos etapas.<br \/>En la etapa inicial (viernes 11) las especiales cronometradas a superar ser&aacute;n: Adeje (11,40 km), Santiago del Teide (17,80 km) y Gu&iacute;a de Isora (12,30 km), las tres se disputar&aacute;n dos veces cada una. Durante la segunda etapa (s&aacute;bado 12), tambi&eacute;n dos veces cada una, se pasar&aacute; por: Arona-Vilaflor-San Miguel (14,95 m), Granadilla (11,20 km), Arico-Fasnia (8,52 km) y Karting Adeje (1,10 km). <\/p>\n<p>Joan Vinyes, en la cita de Adeje, luchar&aacute; por estar entre los mejores al finalizar la prueba, este era su comentgario: <em><strong>No cabe duda, que saldremos a competir con este objetivo, adem&aacute;s de seguir trabajando en el Swift para mejorar, en lo posible, sus prestaciones.<\/strong><\/em> Las referencias de las especiales del sur de Tenerife no son demasiadas, pero: <em><strong>El recorrido no es del todo nuevo como el a&ntilde;o pasado. Cierto que las especiales no son las mismas, pero conocer el terreno por donde transcurren siempre da un plus de comnfianza. Disputar la segunda pasada de la primera etapa de noche y la climatolog&iacute;a (las previsiones no son de lluvia pero &#8230;) pueden ser las principales dificultades a superar.<\/strong><\/em><br \/>&nbsp; &nbsp;<br \/>La log&iacute;stica de los equipos participantes estar&aacute; instalada en pleno centro de la Playa de las Am&eacute;ricas (Av. Bruselas), mientras que la ceremonia de salida se celebrar&aacute; en la Av. Rafalel Puig &#8211; Playa de las Am&eacute;ricas y la ceremoia de entrega de trofeos se llevar&aacute; a cabo en la Plaza Espa&ntilde;a (Adeje). <\/p>\n<p>A las 17.00 horas del pr&oacute;ximo viernes (d&iacute;a 11) est&aacute; prevista la salida del primer veh&iacute;culo, desde el parque de asistencia, para iniciar la primera etapa que finalizar&aacute; sobre la media noche del mismo d&iacute;a.<br \/>Entre las 9.00 y las 17.30 horas de la jornada siguiente (s&aacute;bado d&iacute;a 12) est&aacute; prevista la disputa de la segunda y definitiva etapa del 28 Rally villa de Adeje. &nbsp;&nbsp;&nbsp;&nbsp;<\/p>\n<p style=\"text-align: right;\">\n<p><strong><strong><a href=\"http:\/\/www.infoesport.org\/imgNoticia\/2018\/180512Adeje1c.pdf\"><img loading=\"lazy\" decoding=\"async\" style=\"float: right;\" src=\"http:\/\/www.infoesport.org\/auxiliar\/fot\/logos\/icono_pdf.gif\" alt=\"\" width=\"50\" height=\"50\" \/><\/a><\/strong><\/strong>Servicio de Prensa.<\/p>\n","protected":false},"excerpt":{"rendered":"<p>Sin dejar las Islas Can\u00e1rias, Joan Vinyes &#8211; Jordi Mercader (Suzuki Swift R+ N5) afrontar\u00e1n el 28 Rally Villa de Adeje, cuarta cita del Campeonato de Espa\u00f1a de Rallys de asfalto (CERA) 2018. Los escenarios de esta segunda prueba canaria estar\u00e1n ubicados en las carreteras de la zona Sur de la Isla de Tenerife.  <\/p>\n","protected":false},"author":1,"featured_media":1627,"comment_status":"closed","ping_status":"closed","sticky":false,"template":"","format":"standard","meta":{"_kadence_starter_templates_imported_post":false,"_kad_post_transparent":"","_kad_post_title":"","_kad_post_layout":"","_kad_post_sidebar_id":"","_kad_post_content_style":"","_kad_post_vertical_padding":"","_kad_post_feature":"","_kad_post_feature_position":"","_kad_post_header":false,"_kad_post_footer":false,"_kad_post_classname":"","footnotes":""},"categories":[46,60],"tags":[],"class_list":["post-2328","post","type-post","status-publish","format-standard","has-post-thumbnail","hentry","category-rallys","category-rallys-asfalto"],"yoast_head":"<!-- This site is optimized with the Yoast SEO plugin v27.4 - https:\/\/yoast.com\/product\/yoast-seo-wordpress\/ -->\n<title>El Rally de Adeje pr\u00f3ximo desaf\u00edo para Vinyes - Mercader (Suzuki Swift R+) - Equip vinyes dabad<\/title>\n<meta name=\"robots\" content=\"index, follow, max-snippet:-1, max-image-preview:large, max-video-preview:-1\" \/>\n<link rel=\"canonical\" href=\"https:\/\/equipvinyesdabad.com\/es\/rallys\/el-rally-de-adeje-proximo-desafio-para-vinyes-mercader-suzuki-swift-r\/\" \/>\n<meta property=\"og:locale\" content=\"es_ES\" \/>\n<meta property=\"og:type\" content=\"article\" \/>\n<meta property=\"og:title\" content=\"El Rally de Adeje pr\u00f3ximo desaf\u00edo para Vinyes - Mercader (Suzuki Swift R+) - Equip vinyes dabad\" \/>\n<meta property=\"og:description\" content=\"Sin dejar las Islas Can\u00e1rias, Joan Vinyes - Jordi Mercader (Suzuki Swift R+ N5) afrontar\u00e1n el 28 Rally Villa de Adeje, cuarta cita del Campeonato de Espa\u00f1a de Rallys de asfalto (CERA) 2018. Los escenarios de esta segunda prueba canaria estar\u00e1n ubicados en las carreteras de la zona Sur de la Isla de Tenerife.\" \/>\n<meta property=\"og:url\" content=\"https:\/\/equipvinyesdabad.com\/es\/rallys\/el-rally-de-adeje-proximo-desafio-para-vinyes-mercader-suzuki-swift-r\/\" \/>\n<meta property=\"og:site_name\" content=\"Equip vinyes dabad\" \/>\n<meta property=\"article:published_time\" content=\"2018-05-09T00:00:00+00:00\" \/>\n<meta property=\"article:modified_time\" content=\"2024-10-31T20:10:19+00:00\" \/>\n<meta property=\"og:image\" content=\"https:\/\/equipvinyesdabad.com\/wp-content\/uploads\/2024\/10\/logo_vinyes_dabad.png\" \/>\n\t<meta property=\"og:image:width\" content=\"250\" \/>\n\t<meta property=\"og:image:height\" content=\"130\" \/>\n\t<meta property=\"og:image:type\" content=\"image\/png\" \/>\n<meta name=\"author\" content=\"admin\" \/>\n<meta name=\"twitter:card\" content=\"summary_large_image\" \/>\n<meta name=\"twitter:label1\" content=\"Escrito por\" \/>\n\t<meta name=\"twitter:data1\" content=\"admin\" \/>\n\t<meta name=\"twitter:label2\" content=\"Tiempo de lectura\" \/>\n\t<meta name=\"twitter:data2\" content=\"3 minutos\" \/>\n<script type=\"application\/ld+json\" class=\"yoast-schema-graph\">{\"@context\":\"https:\\\/\\\/schema.org\",\"@graph\":[{\"@type\":\"Article\",\"@id\":\"https:\\\/\\\/equipvinyesdabad.com\\\/es\\\/rallys\\\/el-rally-de-adeje-proximo-desafio-para-vinyes-mercader-suzuki-swift-r\\\/#article\",\"isPartOf\":{\"@id\":\"https:\\\/\\\/equipvinyesdabad.com\\\/es\\\/rallys\\\/el-rally-de-adeje-proximo-desafio-para-vinyes-mercader-suzuki-swift-r\\\/\"},\"author\":{\"name\":\"admin\",\"@id\":\"https:\\\/\\\/equipvinyesdabad.com\\\/es\\\/#\\\/schema\\\/person\\\/962b4c681d63fd4fbd546ec83b775c1b\"},\"headline\":\"El Rally de Adeje pr\u00f3ximo desaf\u00edo para Vinyes &#8211; Mercader (Suzuki Swift R+)\",\"datePublished\":\"2018-05-09T00:00:00+00:00\",\"dateModified\":\"2024-10-31T20:10:19+00:00\",\"mainEntityOfPage\":{\"@id\":\"https:\\\/\\\/equipvinyesdabad.com\\\/es\\\/rallys\\\/el-rally-de-adeje-proximo-desafio-para-vinyes-mercader-suzuki-swift-r\\\/\"},\"wordCount\":626,\"image\":{\"@id\":\"https:\\\/\\\/equipvinyesdabad.com\\\/es\\\/rallys\\\/el-rally-de-adeje-proximo-desafio-para-vinyes-mercader-suzuki-swift-r\\\/#primaryimage\"},\"thumbnailUrl\":\"https:\\\/\\\/equipvinyesdabad.com\\\/wp-content\\\/uploads\\\/2018\\\/05\\\/64JVAdeje0539.jpg\",\"articleSection\":[\"Rallys\",\"Rallys asfalto\"],\"inLanguage\":\"es\"},{\"@type\":\"WebPage\",\"@id\":\"https:\\\/\\\/equipvinyesdabad.com\\\/es\\\/rallys\\\/el-rally-de-adeje-proximo-desafio-para-vinyes-mercader-suzuki-swift-r\\\/\",\"url\":\"https:\\\/\\\/equipvinyesdabad.com\\\/es\\\/rallys\\\/el-rally-de-adeje-proximo-desafio-para-vinyes-mercader-suzuki-swift-r\\\/\",\"name\":\"El Rally de Adeje pr\u00f3ximo desaf\u00edo para Vinyes - Mercader (Suzuki Swift R+) - Equip vinyes dabad\",\"isPartOf\":{\"@id\":\"https:\\\/\\\/equipvinyesdabad.com\\\/es\\\/#website\"},\"primaryImageOfPage\":{\"@id\":\"https:\\\/\\\/equipvinyesdabad.com\\\/es\\\/rallys\\\/el-rally-de-adeje-proximo-desafio-para-vinyes-mercader-suzuki-swift-r\\\/#primaryimage\"},\"image\":{\"@id\":\"https:\\\/\\\/equipvinyesdabad.com\\\/es\\\/rallys\\\/el-rally-de-adeje-proximo-desafio-para-vinyes-mercader-suzuki-swift-r\\\/#primaryimage\"},\"thumbnailUrl\":\"https:\\\/\\\/equipvinyesdabad.com\\\/wp-content\\\/uploads\\\/2018\\\/05\\\/64JVAdeje0539.jpg\",\"datePublished\":\"2018-05-09T00:00:00+00:00\",\"dateModified\":\"2024-10-31T20:10:19+00:00\",\"author\":{\"@id\":\"https:\\\/\\\/equipvinyesdabad.com\\\/es\\\/#\\\/schema\\\/person\\\/962b4c681d63fd4fbd546ec83b775c1b\"},\"breadcrumb\":{\"@id\":\"https:\\\/\\\/equipvinyesdabad.com\\\/es\\\/rallys\\\/el-rally-de-adeje-proximo-desafio-para-vinyes-mercader-suzuki-swift-r\\\/#breadcrumb\"},\"inLanguage\":\"es\",\"potentialAction\":[{\"@type\":\"ReadAction\",\"target\":[\"https:\\\/\\\/equipvinyesdabad.com\\\/es\\\/rallys\\\/el-rally-de-adeje-proximo-desafio-para-vinyes-mercader-suzuki-swift-r\\\/\"]}]},{\"@type\":\"ImageObject\",\"inLanguage\":\"es\",\"@id\":\"https:\\\/\\\/equipvinyesdabad.com\\\/es\\\/rallys\\\/el-rally-de-adeje-proximo-desafio-para-vinyes-mercader-suzuki-swift-r\\\/#primaryimage\",\"url\":\"https:\\\/\\\/equipvinyesdabad.com\\\/wp-content\\\/uploads\\\/2018\\\/05\\\/64JVAdeje0539.jpg\",\"contentUrl\":\"https:\\\/\\\/equipvinyesdabad.com\\\/wp-content\\\/uploads\\\/2018\\\/05\\\/64JVAdeje0539.jpg\"},{\"@type\":\"BreadcrumbList\",\"@id\":\"https:\\\/\\\/equipvinyesdabad.com\\\/es\\\/rallys\\\/el-rally-de-adeje-proximo-desafio-para-vinyes-mercader-suzuki-swift-r\\\/#breadcrumb\",\"itemListElement\":[{\"@type\":\"ListItem\",\"position\":1,\"name\":\"Inicio\",\"item\":\"https:\\\/\\\/equipvinyesdabad.com\\\/es\\\/\"},{\"@type\":\"ListItem\",\"position\":2,\"name\":\"El Rally de Adeje pr\u00f3ximo desaf\u00edo para Vinyes &#8211; Mercader (Suzuki Swift R+)\"}]},{\"@type\":\"WebSite\",\"@id\":\"https:\\\/\\\/equipvinyesdabad.com\\\/es\\\/#website\",\"url\":\"https:\\\/\\\/equipvinyesdabad.com\\\/es\\\/\",\"name\":\"Equip vinyes dabad\",\"description\":\"\",\"potentialAction\":[{\"@type\":\"SearchAction\",\"target\":{\"@type\":\"EntryPoint\",\"urlTemplate\":\"https:\\\/\\\/equipvinyesdabad.com\\\/es\\\/?s={search_term_string}\"},\"query-input\":{\"@type\":\"PropertyValueSpecification\",\"valueRequired\":true,\"valueName\":\"search_term_string\"}}],\"inLanguage\":\"es\"},{\"@type\":\"Person\",\"@id\":\"https:\\\/\\\/equipvinyesdabad.com\\\/es\\\/#\\\/schema\\\/person\\\/962b4c681d63fd4fbd546ec83b775c1b\",\"name\":\"admin\",\"image\":{\"@type\":\"ImageObject\",\"inLanguage\":\"es\",\"@id\":\"https:\\\/\\\/secure.gravatar.com\\\/avatar\\\/6d1c6cfbf1c3aed75f7a05f946b76867c29d677b49f81545b6b9bc58677b08a0?s=96&d=mm&r=g\",\"url\":\"https:\\\/\\\/secure.gravatar.com\\\/avatar\\\/6d1c6cfbf1c3aed75f7a05f946b76867c29d677b49f81545b6b9bc58677b08a0?s=96&d=mm&r=g\",\"contentUrl\":\"https:\\\/\\\/secure.gravatar.com\\\/avatar\\\/6d1c6cfbf1c3aed75f7a05f946b76867c29d677b49f81545b6b9bc58677b08a0?s=96&d=mm&r=g\",\"caption\":\"admin\"},\"sameAs\":[\"https:\\\/\\\/equipvinyesdabad.com\"],\"url\":\"https:\\\/\\\/equipvinyesdabad.com\\\/es\\\/author\\\/web1\\\/\"}]}<\/script>\n<!-- \/ Yoast SEO plugin. -->","yoast_head_json":{"title":"El Rally de Adeje pr\u00f3ximo desaf\u00edo para Vinyes - Mercader (Suzuki Swift R+) - Equip vinyes dabad","robots":{"index":"index","follow":"follow","max-snippet":"max-snippet:-1","max-image-preview":"max-image-preview:large","max-video-preview":"max-video-preview:-1"},"canonical":"https:\/\/equipvinyesdabad.com\/es\/rallys\/el-rally-de-adeje-proximo-desafio-para-vinyes-mercader-suzuki-swift-r\/","og_locale":"es_ES","og_type":"article","og_title":"El Rally de Adeje pr\u00f3ximo desaf\u00edo para Vinyes - Mercader (Suzuki Swift R+) - Equip vinyes dabad","og_description":"Sin dejar las Islas Can\u00e1rias, Joan Vinyes - Jordi Mercader (Suzuki Swift R+ N5) afrontar\u00e1n el 28 Rally Villa de Adeje, cuarta cita del Campeonato de Espa\u00f1a de Rallys de asfalto (CERA) 2018. Los escenarios de esta segunda prueba canaria estar\u00e1n ubicados en las carreteras de la zona Sur de la Isla de Tenerife.","og_url":"https:\/\/equipvinyesdabad.com\/es\/rallys\/el-rally-de-adeje-proximo-desafio-para-vinyes-mercader-suzuki-swift-r\/","og_site_name":"Equip vinyes dabad","article_published_time":"2018-05-09T00:00:00+00:00","article_modified_time":"2024-10-31T20:10:19+00:00","og_image":[{"width":250,"height":130,"url":"https:\/\/equipvinyesdabad.com\/wp-content\/uploads\/2024\/10\/logo_vinyes_dabad.png","type":"image\/png"}],"author":"admin","twitter_card":"summary_large_image","twitter_misc":{"Escrito por":"admin","Tiempo de lectura":"3 minutos"},"schema":{"@context":"https:\/\/schema.org","@graph":[{"@type":"Article","@id":"https:\/\/equipvinyesdabad.com\/es\/rallys\/el-rally-de-adeje-proximo-desafio-para-vinyes-mercader-suzuki-swift-r\/#article","isPartOf":{"@id":"https:\/\/equipvinyesdabad.com\/es\/rallys\/el-rally-de-adeje-proximo-desafio-para-vinyes-mercader-suzuki-swift-r\/"},"author":{"name":"admin","@id":"https:\/\/equipvinyesdabad.com\/es\/#\/schema\/person\/962b4c681d63fd4fbd546ec83b775c1b"},"headline":"El Rally de Adeje pr\u00f3ximo desaf\u00edo para Vinyes &#8211; Mercader (Suzuki Swift R+)","datePublished":"2018-05-09T00:00:00+00:00","dateModified":"2024-10-31T20:10:19+00:00","mainEntityOfPage":{"@id":"https:\/\/equipvinyesdabad.com\/es\/rallys\/el-rally-de-adeje-proximo-desafio-para-vinyes-mercader-suzuki-swift-r\/"},"wordCount":626,"image":{"@id":"https:\/\/equipvinyesdabad.com\/es\/rallys\/el-rally-de-adeje-proximo-desafio-para-vinyes-mercader-suzuki-swift-r\/#primaryimage"},"thumbnailUrl":"https:\/\/equipvinyesdabad.com\/wp-content\/uploads\/2018\/05\/64JVAdeje0539.jpg","articleSection":["Rallys","Rallys asfalto"],"inLanguage":"es"},{"@type":"WebPage","@id":"https:\/\/equipvinyesdabad.com\/es\/rallys\/el-rally-de-adeje-proximo-desafio-para-vinyes-mercader-suzuki-swift-r\/","url":"https:\/\/equipvinyesdabad.com\/es\/rallys\/el-rally-de-adeje-proximo-desafio-para-vinyes-mercader-suzuki-swift-r\/","name":"El Rally de Adeje pr\u00f3ximo desaf\u00edo para Vinyes - Mercader (Suzuki Swift R+) - Equip vinyes dabad","isPartOf":{"@id":"https:\/\/equipvinyesdabad.com\/es\/#website"},"primaryImageOfPage":{"@id":"https:\/\/equipvinyesdabad.com\/es\/rallys\/el-rally-de-adeje-proximo-desafio-para-vinyes-mercader-suzuki-swift-r\/#primaryimage"},"image":{"@id":"https:\/\/equipvinyesdabad.com\/es\/rallys\/el-rally-de-adeje-proximo-desafio-para-vinyes-mercader-suzuki-swift-r\/#primaryimage"},"thumbnailUrl":"https:\/\/equipvinyesdabad.com\/wp-content\/uploads\/2018\/05\/64JVAdeje0539.jpg","datePublished":"2018-05-09T00:00:00+00:00","dateModified":"2024-10-31T20:10:19+00:00","author":{"@id":"https:\/\/equipvinyesdabad.com\/es\/#\/schema\/person\/962b4c681d63fd4fbd546ec83b775c1b"},"breadcrumb":{"@id":"https:\/\/equipvinyesdabad.com\/es\/rallys\/el-rally-de-adeje-proximo-desafio-para-vinyes-mercader-suzuki-swift-r\/#breadcrumb"},"inLanguage":"es","potentialAction":[{"@type":"ReadAction","target":["https:\/\/equipvinyesdabad.com\/es\/rallys\/el-rally-de-adeje-proximo-desafio-para-vinyes-mercader-suzuki-swift-r\/"]}]},{"@type":"ImageObject","inLanguage":"es","@id":"https:\/\/equipvinyesdabad.com\/es\/rallys\/el-rally-de-adeje-proximo-desafio-para-vinyes-mercader-suzuki-swift-r\/#primaryimage","url":"https:\/\/equipvinyesdabad.com\/wp-content\/uploads\/2018\/05\/64JVAdeje0539.jpg","contentUrl":"https:\/\/equipvinyesdabad.com\/wp-content\/uploads\/2018\/05\/64JVAdeje0539.jpg"},{"@type":"BreadcrumbList","@id":"https:\/\/equipvinyesdabad.com\/es\/rallys\/el-rally-de-adeje-proximo-desafio-para-vinyes-mercader-suzuki-swift-r\/#breadcrumb","itemListElement":[{"@type":"ListItem","position":1,"name":"Inicio","item":"https:\/\/equipvinyesdabad.com\/es\/"},{"@type":"ListItem","position":2,"name":"El Rally de Adeje pr\u00f3ximo desaf\u00edo para Vinyes &#8211; Mercader (Suzuki Swift R+)"}]},{"@type":"WebSite","@id":"https:\/\/equipvinyesdabad.com\/es\/#website","url":"https:\/\/equipvinyesdabad.com\/es\/","name":"Equip vinyes dabad","description":"","potentialAction":[{"@type":"SearchAction","target":{"@type":"EntryPoint","urlTemplate":"https:\/\/equipvinyesdabad.com\/es\/?s={search_term_string}"},"query-input":{"@type":"PropertyValueSpecification","valueRequired":true,"valueName":"search_term_string"}}],"inLanguage":"es"},{"@type":"Person","@id":"https:\/\/equipvinyesdabad.com\/es\/#\/schema\/person\/962b4c681d63fd4fbd546ec83b775c1b","name":"admin","image":{"@type":"ImageObject","inLanguage":"es","@id":"https:\/\/secure.gravatar.com\/avatar\/6d1c6cfbf1c3aed75f7a05f946b76867c29d677b49f81545b6b9bc58677b08a0?s=96&d=mm&r=g","url":"https:\/\/secure.gravatar.com\/avatar\/6d1c6cfbf1c3aed75f7a05f946b76867c29d677b49f81545b6b9bc58677b08a0?s=96&d=mm&r=g","contentUrl":"https:\/\/secure.gravatar.com\/avatar\/6d1c6cfbf1c3aed75f7a05f946b76867c29d677b49f81545b6b9bc58677b08a0?s=96&d=mm&r=g","caption":"admin"},"sameAs":["https:\/\/equipvinyesdabad.com"],"url":"https:\/\/equipvinyesdabad.com\/es\/author\/web1\/"}]}},"_links":{"self":[{"href":"https:\/\/equipvinyesdabad.com\/es\/wp-json\/wp\/v2\/posts\/2328","targetHints":{"allow":["GET"]}}],"collection":[{"href":"https:\/\/equipvinyesdabad.com\/es\/wp-json\/wp\/v2\/posts"}],"about":[{"href":"https:\/\/equipvinyesdabad.com\/es\/wp-json\/wp\/v2\/types\/post"}],"author":[{"embeddable":true,"href":"https:\/\/equipvinyesdabad.com\/es\/wp-json\/wp\/v2\/users\/1"}],"replies":[{"embeddable":true,"href":"https:\/\/equipvinyesdabad.com\/es\/wp-json\/wp\/v2\/comments?post=2328"}],"version-history":[{"count":3,"href":"https:\/\/equipvinyesdabad.com\/es\/wp-json\/wp\/v2\/posts\/2328\/revisions"}],"predecessor-version":[{"id":4351,"href":"https:\/\/equipvinyesdabad.com\/es\/wp-json\/wp\/v2\/posts\/2328\/revisions\/4351"}],"wp:featuredmedia":[{"embeddable":true,"href":"https:\/\/equipvinyesdabad.com\/es\/wp-json\/wp\/v2\/media\/1627"}],"wp:attachment":[{"href":"https:\/\/equipvinyesdabad.com\/es\/wp-json\/wp\/v2\/media?parent=2328"}],"wp:term":[{"taxonomy":"category","embeddable":true,"href":"https:\/\/equipvinyesdabad.com\/es\/wp-json\/wp\/v2\/categories?post=2328"},{"taxonomy":"post_tag","embeddable":true,"href":"https:\/\/equipvinyesdabad.com\/es\/wp-json\/wp\/v2\/tags?post=2328"}],"curies":[{"name":"wp","href":"https:\/\/api.w.org\/{rel}","templated":true}]}}