{"id":2333,"date":"2018-04-16T00:00:00","date_gmt":"2018-04-16T00:00:00","guid":{"rendered":"https:\/\/equipvinyesdabad.com\/?p=2333"},"modified":"2024-10-31T20:22:37","modified_gmt":"2024-10-31T20:22:37","slug":"joan-vinyes-jaime-font-culminan-una-gran-remontada-hasta-el-podio-de-valencia","status":"publish","type":"post","link":"https:\/\/equipvinyesdabad.com\/es\/circuitos\/joan-vinyes-jaime-font-culminan-una-gran-remontada-hasta-el-podio-de-valencia\/","title":{"rendered":"Joan Vinyes &#8211; Jaime Font culminan una gran remontada, hasta el podio de Valencia"},"content":{"rendered":"<p style=\"text-align: justify;\">Joan Vinyes y Jaime Font al volante del Cupra TCR DSG-Baporo Motorsport, acabaron su actuaci&oacute;n en el primer meeting del CER 2018, subiendo al tercer caj&oacute;n del podio del Circuito Ricardo Tormo &#8211; Comunidad Valenciana. As&iacute; pues, Vinyes-Font iniciaron la defensa del t&iacute;tulo conseguido el a&ntilde;o pasado de la manera m&aacute;s espectacular posible, salieron de la &uacute;ltima posici&oacute;n de la parrilla de salida y remontaron hasta conseguir, en la &uacute;ltima vuelta, un lugar entre el tr&iacute;o de ganadores de la divisi&oacute;n TCR. <\/p>\n<p>El piloto andorrano que lleg&oacute; al escenario de la prueba con el tiempo justo de disputar la carrera programada a 2 horas, no pudo disputar la manga de entrenamientos oficiales celebrada durante la jornada del s&aacute;bado (d&iacute;a 14). Por este motivo tom&oacute; la salida en la &uacute;ltima posici&oacute;n de la parrilla.<\/p>\n<p>El t&aacute;ndem del equipo Baporo Motorsport, en esta ocasi&oacute;n, no tuvieron problema con la elecci&oacute;n de la estrategia a seguir, el objetivo era remontar y por tanto salir a por todas desde el inicio era la &uacute;nica opci&oacute;n.<br \/>Y as&iacute; fue. En las primeras vueltas Joan, que tom&oacute; la salida, gan&oacute; muchas posiciones y se situ&oacute; a la estela de los m&aacute;s r&aacute;pidos de la D-TCR. Era el primer paso pero quedaba mucha carrera por delante.<br \/>Durante su relevo (1 hora), no cedi&oacute; en ning&uacute;n momento y en la recta final del mismo, ya se pod&iacute;a intuir que una plaza en el top5 era posible y la &uacute;ltima posici&oacute;n del podio tampoco estaba tan lejos.<br \/>El refueling, el cambio de ruedas, el cambio de piloto,&#8230; se desarrollaron sin ning&uacute;n problema. En la fase final de la prueba, con la cuarta posici&oacute;n pr&aacute;cticamente asegurada, solo cab&iacute;a esperar si se planteaba la posibilidad de estar en el podio. En la &uacute;ltima vuelta, Jaume Font lo vio claro y lanz&oacute; un &uacute;ltimo ataque para decantar a su favor (la tercera posici&oacute;n) un final muy ajustado.&nbsp;&nbsp;&nbsp;&nbsp; &nbsp;<\/p>\n<p>Al final satisfacci&oacute;n en el box de Baporo Motorsport, se hab&iacute;a conseguido el objetivo m&aacute;s exigente, estas eran las palabras de Vinyes: <em><strong>Empec&eacute; las 2 horas sin objetivo previo. Sal&iacute;amos de muy atr&aacute;s y esto obliga a tener que avanzar a muchos rivales con el riesgo que esto conlleva. No fue f&aacute;cil, en las &uacute;ltimas vueltas del relevo, rodando en solitario y con el calor, llegu&eacute; a agobiarme un poco.<\/strong><\/em><br \/><em><strong>En la parte final, la cuarta posici&oacute;n ya era muy buena pensando que en Alca&ntilde;iz estar&iacute;amos limpios de handicap. Jaume lo vio claro y acabamos en el podio. Para empezar est&aacute; muy bien.<\/strong><\/em><br \/>Ha sido una semana muy intensa para Vinyes, hasta el s&aacute;bado compitiendo en C&oacute;rdoba en el Rally Sierra Morena, para acabar en Valencia compitiendo en el primer meeting del CER, este era su comentario:&nbsp; <em><strong>Sin duda ha sido muy duro y ahora mismo estoy cansado pero a la vez muy contento por haber subido en dos podios en menos de 24 horas y con m&aacute;s de 500 kms de distancia entre el uno y el otro.<\/strong><\/em><\/p>\n<p>La temporada, como aquel que dice, acaba de empezar y todo parece indicar que ser&aacute; dura y exigente. La pr&oacute;xima cita del Campeonato de Espa&ntilde;a de Resistencia (CER) se correr&aacute; en la pista de las instalaciones de Motorland (Alca&ntilde;iz). La cita es para los d&iacute;as 19 y 20 del pr&oacute;ximo mes de Mayo.&nbsp; &nbsp;<\/p>\n<p style=\"text-align: right;\"><strong><strong><a href=\"http:\/\/www.infoesport.org\/imgNoticia\/2018\/180415JVVal2c.pdf\"><img loading=\"lazy\" decoding=\"async\" style=\"float: right;\" src=\"http:\/\/www.infoesport.org\/auxiliar\/fot\/logos\/icono_pdf.gif\" alt=\"\" width=\"50\" height=\"50\" \/><\/a><\/strong><\/strong>Servicio de Prensa.<\/p>\n<p><\/p>\n<p style=\"text-align: center;\"><strong><span style=\"font-size: small;\">Clasificaci&oacute;n Valencia &#8211; CER 2018 (Divisi&oacute;n TCR)<\/span><\/strong><\/p>\n<p style=\"text-align: justify;\">1.Cebri&aacute;n-Llobet, 68 vueltas, 2.Vicinanza-Cos&iacute;n, a 25&rdquo;377, <strong>3.-Vinyes-Font, a 30&rdquo;600,<\/strong> 4.Guillermo-Aso, a 38&rdquo;325, 5.Guillamet-Iba&ntilde;ez, a 41&rdquo;234.<\/p>\n","protected":false},"excerpt":{"rendered":"<p>Joan Vinyes y Jaime Font al volante del Cupra TCR DSG-Baporo Motorsport, acabaron su actuaci\u00f3n en el primer meeting del CER 2018, subiendo al tercer caj\u00f3n del podio del Circuito Ricardo Tormo &#8211; Comunidad Valenciana. As\u00ed pues, Vinyes-Font iniciaron la defensa del t\u00edtulo conseguido el a\u00f1o pasado de la manera m\u00e1s espectacular posible, salieron de la \u00faltima posici\u00f3n de la parrilla de salida y remontaron hasta conseguir, en la \u00faltima vuelta, un lugar entre el tr\u00edo de ganadores de la divisi\u00f3n TCR. <\/p>\n","protected":false},"author":1,"featured_media":1630,"comment_status":"closed","ping_status":"closed","sticky":false,"template":"","format":"standard","meta":{"_kadence_starter_templates_imported_post":false,"_kad_post_transparent":"","_kad_post_title":"","_kad_post_layout":"","_kad_post_sidebar_id":"","_kad_post_content_style":"","_kad_post_vertical_padding":"","_kad_post_feature":"","_kad_post_feature_position":"","_kad_post_header":false,"_kad_post_footer":false,"_kad_post_classname":"","footnotes":""},"categories":[52,92],"tags":[],"class_list":["post-2333","post","type-post","status-publish","format-standard","has-post-thumbnail","hentry","category-circuitos","category-circuitos-espana"],"yoast_head":"<!-- This site is optimized with the Yoast SEO plugin v27.4 - https:\/\/yoast.com\/product\/yoast-seo-wordpress\/ -->\n<title>Joan Vinyes - Jaime Font culminan una gran remontada, hasta el podio de Valencia - Equip vinyes dabad<\/title>\n<meta name=\"robots\" content=\"index, follow, max-snippet:-1, max-image-preview:large, max-video-preview:-1\" \/>\n<link rel=\"canonical\" href=\"https:\/\/equipvinyesdabad.com\/es\/circuitos\/joan-vinyes-jaime-font-culminan-una-gran-remontada-hasta-el-podio-de-valencia\/\" \/>\n<meta property=\"og:locale\" content=\"es_ES\" \/>\n<meta property=\"og:type\" content=\"article\" \/>\n<meta property=\"og:title\" content=\"Joan Vinyes - Jaime Font culminan una gran remontada, hasta el podio de Valencia - Equip vinyes dabad\" \/>\n<meta property=\"og:description\" content=\"Joan Vinyes y Jaime Font al volante del Cupra TCR DSG-Baporo Motorsport, acabaron su actuaci\u00f3n en el primer meeting del CER 2018, subiendo al tercer caj\u00f3n del podio del Circuito Ricardo Tormo - Comunidad Valenciana. As\u00ed pues, Vinyes-Font iniciaron la defensa del t\u00edtulo conseguido el a\u00f1o pasado de la manera m\u00e1s espectacular posible, salieron de la \u00faltima posici\u00f3n de la parrilla de salida y remontaron hasta conseguir, en la \u00faltima vuelta, un lugar entre el tr\u00edo de ganadores de la divisi\u00f3n TCR.\" \/>\n<meta property=\"og:url\" content=\"https:\/\/equipvinyesdabad.com\/es\/circuitos\/joan-vinyes-jaime-font-culminan-una-gran-remontada-hasta-el-podio-de-valencia\/\" \/>\n<meta property=\"og:site_name\" content=\"Equip vinyes dabad\" \/>\n<meta property=\"article:published_time\" content=\"2018-04-16T00:00:00+00:00\" \/>\n<meta property=\"article:modified_time\" content=\"2024-10-31T20:22:37+00:00\" \/>\n<meta property=\"og:image\" content=\"https:\/\/equipvinyesdabad.com\/wp-content\/uploads\/2024\/10\/logo_vinyes_dabad.png\" \/>\n\t<meta property=\"og:image:width\" content=\"250\" \/>\n\t<meta property=\"og:image:height\" content=\"130\" \/>\n\t<meta property=\"og:image:type\" content=\"image\/png\" \/>\n<meta name=\"author\" content=\"admin\" \/>\n<meta name=\"twitter:card\" content=\"summary_large_image\" \/>\n<meta name=\"twitter:label1\" content=\"Escrito por\" \/>\n\t<meta name=\"twitter:data1\" content=\"admin\" \/>\n\t<meta name=\"twitter:label2\" content=\"Tiempo de lectura\" \/>\n\t<meta name=\"twitter:data2\" content=\"3 minutos\" \/>\n<script type=\"application\/ld+json\" class=\"yoast-schema-graph\">{\"@context\":\"https:\\\/\\\/schema.org\",\"@graph\":[{\"@type\":\"Article\",\"@id\":\"https:\\\/\\\/equipvinyesdabad.com\\\/es\\\/circuitos\\\/joan-vinyes-jaime-font-culminan-una-gran-remontada-hasta-el-podio-de-valencia\\\/#article\",\"isPartOf\":{\"@id\":\"https:\\\/\\\/equipvinyesdabad.com\\\/es\\\/circuitos\\\/joan-vinyes-jaime-font-culminan-una-gran-remontada-hasta-el-podio-de-valencia\\\/\"},\"author\":{\"name\":\"admin\",\"@id\":\"https:\\\/\\\/equipvinyesdabad.com\\\/es\\\/#\\\/schema\\\/person\\\/962b4c681d63fd4fbd546ec83b775c1b\"},\"headline\":\"Joan Vinyes &#8211; Jaime Font culminan una gran remontada, hasta el podio de Valencia\",\"datePublished\":\"2018-04-16T00:00:00+00:00\",\"dateModified\":\"2024-10-31T20:22:37+00:00\",\"mainEntityOfPage\":{\"@id\":\"https:\\\/\\\/equipvinyesdabad.com\\\/es\\\/circuitos\\\/joan-vinyes-jaime-font-culminan-una-gran-remontada-hasta-el-podio-de-valencia\\\/\"},\"wordCount\":699,\"image\":{\"@id\":\"https:\\\/\\\/equipvinyesdabad.com\\\/es\\\/circuitos\\\/joan-vinyes-jaime-font-culminan-una-gran-remontada-hasta-el-podio-de-valencia\\\/#primaryimage\"},\"thumbnailUrl\":\"https:\\\/\\\/equipvinyesdabad.com\\\/wp-content\\\/uploads\\\/2018\\\/04\\\/93JVVal9676.jpg\",\"articleSection\":[\"Circuitos\",\"Circuitos Espa\u00f1a\"],\"inLanguage\":\"es\"},{\"@type\":\"WebPage\",\"@id\":\"https:\\\/\\\/equipvinyesdabad.com\\\/es\\\/circuitos\\\/joan-vinyes-jaime-font-culminan-una-gran-remontada-hasta-el-podio-de-valencia\\\/\",\"url\":\"https:\\\/\\\/equipvinyesdabad.com\\\/es\\\/circuitos\\\/joan-vinyes-jaime-font-culminan-una-gran-remontada-hasta-el-podio-de-valencia\\\/\",\"name\":\"Joan Vinyes - Jaime Font culminan una gran remontada, hasta el podio de Valencia - Equip vinyes dabad\",\"isPartOf\":{\"@id\":\"https:\\\/\\\/equipvinyesdabad.com\\\/es\\\/#website\"},\"primaryImageOfPage\":{\"@id\":\"https:\\\/\\\/equipvinyesdabad.com\\\/es\\\/circuitos\\\/joan-vinyes-jaime-font-culminan-una-gran-remontada-hasta-el-podio-de-valencia\\\/#primaryimage\"},\"image\":{\"@id\":\"https:\\\/\\\/equipvinyesdabad.com\\\/es\\\/circuitos\\\/joan-vinyes-jaime-font-culminan-una-gran-remontada-hasta-el-podio-de-valencia\\\/#primaryimage\"},\"thumbnailUrl\":\"https:\\\/\\\/equipvinyesdabad.com\\\/wp-content\\\/uploads\\\/2018\\\/04\\\/93JVVal9676.jpg\",\"datePublished\":\"2018-04-16T00:00:00+00:00\",\"dateModified\":\"2024-10-31T20:22:37+00:00\",\"author\":{\"@id\":\"https:\\\/\\\/equipvinyesdabad.com\\\/es\\\/#\\\/schema\\\/person\\\/962b4c681d63fd4fbd546ec83b775c1b\"},\"breadcrumb\":{\"@id\":\"https:\\\/\\\/equipvinyesdabad.com\\\/es\\\/circuitos\\\/joan-vinyes-jaime-font-culminan-una-gran-remontada-hasta-el-podio-de-valencia\\\/#breadcrumb\"},\"inLanguage\":\"es\",\"potentialAction\":[{\"@type\":\"ReadAction\",\"target\":[\"https:\\\/\\\/equipvinyesdabad.com\\\/es\\\/circuitos\\\/joan-vinyes-jaime-font-culminan-una-gran-remontada-hasta-el-podio-de-valencia\\\/\"]}]},{\"@type\":\"ImageObject\",\"inLanguage\":\"es\",\"@id\":\"https:\\\/\\\/equipvinyesdabad.com\\\/es\\\/circuitos\\\/joan-vinyes-jaime-font-culminan-una-gran-remontada-hasta-el-podio-de-valencia\\\/#primaryimage\",\"url\":\"https:\\\/\\\/equipvinyesdabad.com\\\/wp-content\\\/uploads\\\/2018\\\/04\\\/93JVVal9676.jpg\",\"contentUrl\":\"https:\\\/\\\/equipvinyesdabad.com\\\/wp-content\\\/uploads\\\/2018\\\/04\\\/93JVVal9676.jpg\"},{\"@type\":\"BreadcrumbList\",\"@id\":\"https:\\\/\\\/equipvinyesdabad.com\\\/es\\\/circuitos\\\/joan-vinyes-jaime-font-culminan-una-gran-remontada-hasta-el-podio-de-valencia\\\/#breadcrumb\",\"itemListElement\":[{\"@type\":\"ListItem\",\"position\":1,\"name\":\"Inicio\",\"item\":\"https:\\\/\\\/equipvinyesdabad.com\\\/es\\\/\"},{\"@type\":\"ListItem\",\"position\":2,\"name\":\"Joan Vinyes &#8211; Jaime Font culminan una gran remontada, hasta el podio de Valencia\"}]},{\"@type\":\"WebSite\",\"@id\":\"https:\\\/\\\/equipvinyesdabad.com\\\/es\\\/#website\",\"url\":\"https:\\\/\\\/equipvinyesdabad.com\\\/es\\\/\",\"name\":\"Equip vinyes dabad\",\"description\":\"\",\"potentialAction\":[{\"@type\":\"SearchAction\",\"target\":{\"@type\":\"EntryPoint\",\"urlTemplate\":\"https:\\\/\\\/equipvinyesdabad.com\\\/es\\\/?s={search_term_string}\"},\"query-input\":{\"@type\":\"PropertyValueSpecification\",\"valueRequired\":true,\"valueName\":\"search_term_string\"}}],\"inLanguage\":\"es\"},{\"@type\":\"Person\",\"@id\":\"https:\\\/\\\/equipvinyesdabad.com\\\/es\\\/#\\\/schema\\\/person\\\/962b4c681d63fd4fbd546ec83b775c1b\",\"name\":\"admin\",\"image\":{\"@type\":\"ImageObject\",\"inLanguage\":\"es\",\"@id\":\"https:\\\/\\\/secure.gravatar.com\\\/avatar\\\/6d1c6cfbf1c3aed75f7a05f946b76867c29d677b49f81545b6b9bc58677b08a0?s=96&d=mm&r=g\",\"url\":\"https:\\\/\\\/secure.gravatar.com\\\/avatar\\\/6d1c6cfbf1c3aed75f7a05f946b76867c29d677b49f81545b6b9bc58677b08a0?s=96&d=mm&r=g\",\"contentUrl\":\"https:\\\/\\\/secure.gravatar.com\\\/avatar\\\/6d1c6cfbf1c3aed75f7a05f946b76867c29d677b49f81545b6b9bc58677b08a0?s=96&d=mm&r=g\",\"caption\":\"admin\"},\"sameAs\":[\"https:\\\/\\\/equipvinyesdabad.com\"],\"url\":\"https:\\\/\\\/equipvinyesdabad.com\\\/es\\\/author\\\/web1\\\/\"}]}<\/script>\n<!-- \/ Yoast SEO plugin. -->","yoast_head_json":{"title":"Joan Vinyes - Jaime Font culminan una gran remontada, hasta el podio de Valencia - Equip vinyes dabad","robots":{"index":"index","follow":"follow","max-snippet":"max-snippet:-1","max-image-preview":"max-image-preview:large","max-video-preview":"max-video-preview:-1"},"canonical":"https:\/\/equipvinyesdabad.com\/es\/circuitos\/joan-vinyes-jaime-font-culminan-una-gran-remontada-hasta-el-podio-de-valencia\/","og_locale":"es_ES","og_type":"article","og_title":"Joan Vinyes - Jaime Font culminan una gran remontada, hasta el podio de Valencia - Equip vinyes dabad","og_description":"Joan Vinyes y Jaime Font al volante del Cupra TCR DSG-Baporo Motorsport, acabaron su actuaci\u00f3n en el primer meeting del CER 2018, subiendo al tercer caj\u00f3n del podio del Circuito Ricardo Tormo - Comunidad Valenciana. As\u00ed pues, Vinyes-Font iniciaron la defensa del t\u00edtulo conseguido el a\u00f1o pasado de la manera m\u00e1s espectacular posible, salieron de la \u00faltima posici\u00f3n de la parrilla de salida y remontaron hasta conseguir, en la \u00faltima vuelta, un lugar entre el tr\u00edo de ganadores de la divisi\u00f3n TCR.","og_url":"https:\/\/equipvinyesdabad.com\/es\/circuitos\/joan-vinyes-jaime-font-culminan-una-gran-remontada-hasta-el-podio-de-valencia\/","og_site_name":"Equip vinyes dabad","article_published_time":"2018-04-16T00:00:00+00:00","article_modified_time":"2024-10-31T20:22:37+00:00","og_image":[{"width":250,"height":130,"url":"https:\/\/equipvinyesdabad.com\/wp-content\/uploads\/2024\/10\/logo_vinyes_dabad.png","type":"image\/png"}],"author":"admin","twitter_card":"summary_large_image","twitter_misc":{"Escrito por":"admin","Tiempo de lectura":"3 minutos"},"schema":{"@context":"https:\/\/schema.org","@graph":[{"@type":"Article","@id":"https:\/\/equipvinyesdabad.com\/es\/circuitos\/joan-vinyes-jaime-font-culminan-una-gran-remontada-hasta-el-podio-de-valencia\/#article","isPartOf":{"@id":"https:\/\/equipvinyesdabad.com\/es\/circuitos\/joan-vinyes-jaime-font-culminan-una-gran-remontada-hasta-el-podio-de-valencia\/"},"author":{"name":"admin","@id":"https:\/\/equipvinyesdabad.com\/es\/#\/schema\/person\/962b4c681d63fd4fbd546ec83b775c1b"},"headline":"Joan Vinyes &#8211; Jaime Font culminan una gran remontada, hasta el podio de Valencia","datePublished":"2018-04-16T00:00:00+00:00","dateModified":"2024-10-31T20:22:37+00:00","mainEntityOfPage":{"@id":"https:\/\/equipvinyesdabad.com\/es\/circuitos\/joan-vinyes-jaime-font-culminan-una-gran-remontada-hasta-el-podio-de-valencia\/"},"wordCount":699,"image":{"@id":"https:\/\/equipvinyesdabad.com\/es\/circuitos\/joan-vinyes-jaime-font-culminan-una-gran-remontada-hasta-el-podio-de-valencia\/#primaryimage"},"thumbnailUrl":"https:\/\/equipvinyesdabad.com\/wp-content\/uploads\/2018\/04\/93JVVal9676.jpg","articleSection":["Circuitos","Circuitos Espa\u00f1a"],"inLanguage":"es"},{"@type":"WebPage","@id":"https:\/\/equipvinyesdabad.com\/es\/circuitos\/joan-vinyes-jaime-font-culminan-una-gran-remontada-hasta-el-podio-de-valencia\/","url":"https:\/\/equipvinyesdabad.com\/es\/circuitos\/joan-vinyes-jaime-font-culminan-una-gran-remontada-hasta-el-podio-de-valencia\/","name":"Joan Vinyes - Jaime Font culminan una gran remontada, hasta el podio de Valencia - Equip vinyes dabad","isPartOf":{"@id":"https:\/\/equipvinyesdabad.com\/es\/#website"},"primaryImageOfPage":{"@id":"https:\/\/equipvinyesdabad.com\/es\/circuitos\/joan-vinyes-jaime-font-culminan-una-gran-remontada-hasta-el-podio-de-valencia\/#primaryimage"},"image":{"@id":"https:\/\/equipvinyesdabad.com\/es\/circuitos\/joan-vinyes-jaime-font-culminan-una-gran-remontada-hasta-el-podio-de-valencia\/#primaryimage"},"thumbnailUrl":"https:\/\/equipvinyesdabad.com\/wp-content\/uploads\/2018\/04\/93JVVal9676.jpg","datePublished":"2018-04-16T00:00:00+00:00","dateModified":"2024-10-31T20:22:37+00:00","author":{"@id":"https:\/\/equipvinyesdabad.com\/es\/#\/schema\/person\/962b4c681d63fd4fbd546ec83b775c1b"},"breadcrumb":{"@id":"https:\/\/equipvinyesdabad.com\/es\/circuitos\/joan-vinyes-jaime-font-culminan-una-gran-remontada-hasta-el-podio-de-valencia\/#breadcrumb"},"inLanguage":"es","potentialAction":[{"@type":"ReadAction","target":["https:\/\/equipvinyesdabad.com\/es\/circuitos\/joan-vinyes-jaime-font-culminan-una-gran-remontada-hasta-el-podio-de-valencia\/"]}]},{"@type":"ImageObject","inLanguage":"es","@id":"https:\/\/equipvinyesdabad.com\/es\/circuitos\/joan-vinyes-jaime-font-culminan-una-gran-remontada-hasta-el-podio-de-valencia\/#primaryimage","url":"https:\/\/equipvinyesdabad.com\/wp-content\/uploads\/2018\/04\/93JVVal9676.jpg","contentUrl":"https:\/\/equipvinyesdabad.com\/wp-content\/uploads\/2018\/04\/93JVVal9676.jpg"},{"@type":"BreadcrumbList","@id":"https:\/\/equipvinyesdabad.com\/es\/circuitos\/joan-vinyes-jaime-font-culminan-una-gran-remontada-hasta-el-podio-de-valencia\/#breadcrumb","itemListElement":[{"@type":"ListItem","position":1,"name":"Inicio","item":"https:\/\/equipvinyesdabad.com\/es\/"},{"@type":"ListItem","position":2,"name":"Joan Vinyes &#8211; Jaime Font culminan una gran remontada, hasta el podio de Valencia"}]},{"@type":"WebSite","@id":"https:\/\/equipvinyesdabad.com\/es\/#website","url":"https:\/\/equipvinyesdabad.com\/es\/","name":"Equip vinyes dabad","description":"","potentialAction":[{"@type":"SearchAction","target":{"@type":"EntryPoint","urlTemplate":"https:\/\/equipvinyesdabad.com\/es\/?s={search_term_string}"},"query-input":{"@type":"PropertyValueSpecification","valueRequired":true,"valueName":"search_term_string"}}],"inLanguage":"es"},{"@type":"Person","@id":"https:\/\/equipvinyesdabad.com\/es\/#\/schema\/person\/962b4c681d63fd4fbd546ec83b775c1b","name":"admin","image":{"@type":"ImageObject","inLanguage":"es","@id":"https:\/\/secure.gravatar.com\/avatar\/6d1c6cfbf1c3aed75f7a05f946b76867c29d677b49f81545b6b9bc58677b08a0?s=96&d=mm&r=g","url":"https:\/\/secure.gravatar.com\/avatar\/6d1c6cfbf1c3aed75f7a05f946b76867c29d677b49f81545b6b9bc58677b08a0?s=96&d=mm&r=g","contentUrl":"https:\/\/secure.gravatar.com\/avatar\/6d1c6cfbf1c3aed75f7a05f946b76867c29d677b49f81545b6b9bc58677b08a0?s=96&d=mm&r=g","caption":"admin"},"sameAs":["https:\/\/equipvinyesdabad.com"],"url":"https:\/\/equipvinyesdabad.com\/es\/author\/web1\/"}]}},"_links":{"self":[{"href":"https:\/\/equipvinyesdabad.com\/es\/wp-json\/wp\/v2\/posts\/2333","targetHints":{"allow":["GET"]}}],"collection":[{"href":"https:\/\/equipvinyesdabad.com\/es\/wp-json\/wp\/v2\/posts"}],"about":[{"href":"https:\/\/equipvinyesdabad.com\/es\/wp-json\/wp\/v2\/types\/post"}],"author":[{"embeddable":true,"href":"https:\/\/equipvinyesdabad.com\/es\/wp-json\/wp\/v2\/users\/1"}],"replies":[{"embeddable":true,"href":"https:\/\/equipvinyesdabad.com\/es\/wp-json\/wp\/v2\/comments?post=2333"}],"version-history":[{"count":3,"href":"https:\/\/equipvinyesdabad.com\/es\/wp-json\/wp\/v2\/posts\/2333\/revisions"}],"predecessor-version":[{"id":4360,"href":"https:\/\/equipvinyesdabad.com\/es\/wp-json\/wp\/v2\/posts\/2333\/revisions\/4360"}],"wp:featuredmedia":[{"embeddable":true,"href":"https:\/\/equipvinyesdabad.com\/es\/wp-json\/wp\/v2\/media\/1630"}],"wp:attachment":[{"href":"https:\/\/equipvinyesdabad.com\/es\/wp-json\/wp\/v2\/media?parent=2333"}],"wp:term":[{"taxonomy":"category","embeddable":true,"href":"https:\/\/equipvinyesdabad.com\/es\/wp-json\/wp\/v2\/categories?post=2333"},{"taxonomy":"post_tag","embeddable":true,"href":"https:\/\/equipvinyesdabad.com\/es\/wp-json\/wp\/v2\/tags?post=2333"}],"curies":[{"name":"wp","href":"https:\/\/api.w.org\/{rel}","templated":true}]}}