{"id":2337,"date":"2018-04-09T00:00:00","date_gmt":"2018-04-09T00:00:00","guid":{"rendered":"https:\/\/equipvinyesdabad.com\/?p=2337"},"modified":"2024-10-31T20:10:20","modified_gmt":"2024-10-31T20:10:20","slug":"vinyes-mercader-estrenaran-el-nuevo-suzuki-swift-r-n5-en-el-rally-sierra-morena","status":"publish","type":"post","link":"https:\/\/equipvinyesdabad.com\/es\/rallys\/vinyes-mercader-estrenaran-el-nuevo-suzuki-swift-r-n5-en-el-rally-sierra-morena\/","title":{"rendered":"Vinyes-Mercader estrenar\u00e1n el nuevo Suzuki Swift R+ N5, en el Rally Sierra Morena"},"content":{"rendered":"<p style=\"text-align: justify;\">El Campeonato de Espa&ntilde;a de Rallys de asfalto (CERA) 2018 vivir&aacute; su segundo cap&iacute;tulo en Andaluc&iacute;a, en concreto algunas de las carreteras cercanas a C&oacute;rdoba, ser&aacute;n el escenario de la lucha contra el crono del casi centenar de equipos inscritos en el 36&nbsp; Rally Internacional Sierra Morena. <br \/>El equipo Suzuki Motor Ib&eacute;rica presentar&aacute; novedades importantes a nivel t&eacute;cnico. Tal y como estaba previsto, Joan Vinyes &#8211; Jordi Mercader pilotar&aacute;n el nuevo Swift R+ salido de la factor&iacute;a de ARVidal.<\/p>\n<p style=\"text-align: justify;\">Vinyes-Mercader y su equipo han tenido la ocasi&oacute;n de tener una primera toma de contacto con el nuevo Swift. Joan nos hac&iacute;a esta primera valoraci&oacute;n de la experiencia: <em><strong>Las primeras sensaciones son excelentes. Una vez situado al volante,&nbsp; despu&eacute;s de ajustar los backet, cinturones, etc., las diferencias en cuanto a espacio y visibilidad, por ejemplo,&nbsp; son notables. En cuanto al pilotaje, debo decir que no hicimos demasiados kil&oacute;metros pero fueron suficientes que las prestaciones superaban a las de su predecesor. Reacciones m&aacute;s nobles quiz&aacute; sea, la caracter&iacute;stica a destacar.<\/strong><\/em> A pesar de todo, Vinyes no duda en afirmar: <em><strong>Seguro que hay mucho margen para mejorar, este ser&aacute; nuestro objetivo en cada una de las pruebas en las que salgamos a competir. Es un proyecto que me motiva mucho y pondr&eacute; todo de mi parte para que el nuevo Swift mejore d&iacute;a a d&iacute;a su competitividad.<\/strong><\/em><\/p>\n<p>Los miembros del Autom&oacute;vil Club de C&oacute;rdoba, organizador del evento, han preparado una semana (a partir del mi&eacute;rcoles) muy completa, en la que los equipos tendr&aacute;n que superar las diferentes exigencias de la prueba sin demasiado margen para desconectar del rally.<br \/>Las dos jornadas de reconocimiento de las especiales cronometradas se iniciar&aacute;n el mi&eacute;rcoles (d&iacute;a 11). Una novedad de esta edici&oacute;n es que la ceremonia de salida se adelanta a las 20.00 horas de la jornada siguiente (jueves 15).<br \/>El viernes a partir de las 9.00 horas se iniciar&aacute; el shakedown que, con su nuevo formato, ya tiene consecuencias directas en el inicio de la disputa del rally.<br \/>A partir de las 15.30 horas del mismo d&iacute;a, se dar&aacute; el banderazo de salida de la primera etapa que tiene prevista su finalizaci&oacute;n a las 22.34 horas del mismo viernes.<br \/>Entre las 9.30 y las 18.30 horas del s&aacute;bado (d&iacute;a 14) se disputar&aacute; la segunda etapa del rally cordob&eacute;s.<br \/>A todo esto ha que a&ntilde;adir los espacios reservados a las ruedas de prensa, firmas de aut&oacute;grafos y otros actos previstos por los organizadores a los que deber&aacute;n acudir los principales protagonistas de la competici&oacute;n. <\/p>\n<p>El recorrido previsto por los organizadores tiene un total de 593,15 km, de los cuales 164,24 km ser&aacute;n cronometrados. La prueba tendr&aacute;n un total de 12 especiales (6 diferentes) repartidas en dos etapas.<br \/>En la etapa inicial (viernes) los equipos tendr&aacute;n que superar, en dos ocasiones cada una, las especiales: Cerrotrigo (14,69 km), Villaviciosa (22,96 km) y C&oacute;rdoba (1,73 km). Durante la segunda etapa (s&aacute;bado) los escenarios a superar, tambi&eacute;n dos veces cada uno, ser&aacute;n: Obejo (14,13 m) Cerrobejuelas (13,70 km) t Villanueva &#8211; Adamuz (14,91 km).<br \/>&nbsp; <br \/>Las novedades de la presente edici&oacute;n del Rally Sierra Morena tambi&eacute;n afectan a la situaci&oacute;n de la log&iacute;stica de los equipos y a la sede de la prueba. El parque de asistencia, en esta edici&oacute;n, estar&aacute; ubicado en el recinto Ferial de la capital andaluza.&nbsp; La oficina permanente del rally estar&aacute; en la Caseta Recinto &ldquo;El Arenal&rdquo; mientras que el podio en donde se llevar&aacute; a cabo la ceremonia de salida y la entrega de premios estar&aacute; situado en la Puerta del Puente.<\/p>\n<p>As&iacute; pues, Vinyes-Mercader se encontrar&aacute;n un Rally Sierra Morena remodelado a lo que habr&aacute;n que a&ntilde;adir las novedades con las que el equipo Suzuki Motor Ib&eacute;rica se presentar&aacute; en la capital cordobesa. Sin lugar a dudas, todo un reto el que afrontar&aacute; el t&aacute;ndem mencionado, sobre todo, a partir de las 15.30 horas del pr&oacute;ximo viernes. &nbsp;<\/p>\n<p>&nbsp;&nbsp; &nbsp;<\/p>\n<p style=\"text-align: right;\"><strong><strong><a href=\"http:\/\/www.infoesport.org\/imgNoticia\/2018\/180414JVSierraMorena1c.pdf\"><img loading=\"lazy\" decoding=\"async\" style=\"float: right;\" src=\"http:\/\/www.infoesport.org\/auxiliar\/fot\/logos\/icono_pdf.gif\" alt=\"\" width=\"50\" height=\"50\" \/><\/a><\/strong><\/strong>Servicio de Prensa.<\/p>\n","protected":false},"excerpt":{"rendered":"<p>El Campeonato de Espa\u00f1a de Rallys de asfalto (CERA) 2018 vivir\u00e1 su segundo cap\u00edtulo en Andaluc\u00eda, en concreto algunas de las carreteras cercanas a C\u00f3rdoba, ser\u00e1n el escenario de la lucha contra el crono del casi centenar de equipos inscritos en el 36  Rally Internacional Sierra Morena.<br \/>\nEl equipo Suzuki Motor Ib\u00e9rica presentar\u00e1 novedades importantes a nivel t\u00e9cnico. Tal y como estaba previsto, Joan Vinyes &#8211; Jordi Mercader pilotar\u00e1n el nuevo Swift R+ salido de la factor\u00eda de ARVidal. <\/p>\n","protected":false},"author":1,"featured_media":1632,"comment_status":"closed","ping_status":"closed","sticky":false,"template":"","format":"standard","meta":{"_kadence_starter_templates_imported_post":false,"_kad_post_transparent":"","_kad_post_title":"","_kad_post_layout":"","_kad_post_sidebar_id":"","_kad_post_content_style":"","_kad_post_vertical_padding":"","_kad_post_feature":"","_kad_post_feature_position":"","_kad_post_header":false,"_kad_post_footer":false,"_kad_post_classname":"","footnotes":""},"categories":[46,60],"tags":[],"class_list":["post-2337","post","type-post","status-publish","format-standard","has-post-thumbnail","hentry","category-rallys","category-rallys-asfalto"],"yoast_head":"<!-- This site is optimized with the Yoast SEO plugin v27.4 - https:\/\/yoast.com\/product\/yoast-seo-wordpress\/ -->\n<title>Vinyes-Mercader estrenar\u00e1n el nuevo Suzuki Swift R+ N5, en el Rally Sierra Morena - Equip vinyes dabad<\/title>\n<meta name=\"robots\" content=\"index, follow, max-snippet:-1, max-image-preview:large, max-video-preview:-1\" \/>\n<link rel=\"canonical\" href=\"https:\/\/equipvinyesdabad.com\/es\/rallys\/vinyes-mercader-estrenaran-el-nuevo-suzuki-swift-r-n5-en-el-rally-sierra-morena\/\" \/>\n<meta property=\"og:locale\" content=\"es_ES\" \/>\n<meta property=\"og:type\" content=\"article\" \/>\n<meta property=\"og:title\" content=\"Vinyes-Mercader estrenar\u00e1n el nuevo Suzuki Swift R+ N5, en el Rally Sierra Morena - Equip vinyes dabad\" \/>\n<meta property=\"og:description\" content=\"El Campeonato de Espa\u00f1a de Rallys de asfalto (CERA) 2018 vivir\u00e1 su segundo cap\u00edtulo en Andaluc\u00eda, en concreto algunas de las carreteras cercanas a C\u00f3rdoba, ser\u00e1n el escenario de la lucha contra el crono del casi centenar de equipos inscritos en el 36 Rally Internacional Sierra Morena. El equipo Suzuki Motor Ib\u00e9rica presentar\u00e1 novedades importantes a nivel t\u00e9cnico. Tal y como estaba previsto, Joan Vinyes - Jordi Mercader pilotar\u00e1n el nuevo Swift R+ salido de la factor\u00eda de ARVidal.\" \/>\n<meta property=\"og:url\" content=\"https:\/\/equipvinyesdabad.com\/es\/rallys\/vinyes-mercader-estrenaran-el-nuevo-suzuki-swift-r-n5-en-el-rally-sierra-morena\/\" \/>\n<meta property=\"og:site_name\" content=\"Equip vinyes dabad\" \/>\n<meta property=\"article:published_time\" content=\"2018-04-09T00:00:00+00:00\" \/>\n<meta property=\"article:modified_time\" content=\"2024-10-31T20:10:20+00:00\" \/>\n<meta property=\"og:image\" content=\"https:\/\/equipvinyesdabad.com\/wp-content\/uploads\/2024\/10\/logo_vinyes_dabad.png\" \/>\n\t<meta property=\"og:image:width\" content=\"250\" \/>\n\t<meta property=\"og:image:height\" content=\"130\" \/>\n\t<meta property=\"og:image:type\" content=\"image\/png\" \/>\n<meta name=\"author\" content=\"admin\" \/>\n<meta name=\"twitter:card\" content=\"summary_large_image\" \/>\n<meta name=\"twitter:label1\" content=\"Escrito por\" \/>\n\t<meta name=\"twitter:data1\" content=\"admin\" \/>\n\t<meta name=\"twitter:label2\" content=\"Tiempo de lectura\" \/>\n\t<meta name=\"twitter:data2\" content=\"4 minutos\" \/>\n<script type=\"application\/ld+json\" class=\"yoast-schema-graph\">{\"@context\":\"https:\\\/\\\/schema.org\",\"@graph\":[{\"@type\":\"Article\",\"@id\":\"https:\\\/\\\/equipvinyesdabad.com\\\/es\\\/rallys\\\/vinyes-mercader-estrenaran-el-nuevo-suzuki-swift-r-n5-en-el-rally-sierra-morena\\\/#article\",\"isPartOf\":{\"@id\":\"https:\\\/\\\/equipvinyesdabad.com\\\/es\\\/rallys\\\/vinyes-mercader-estrenaran-el-nuevo-suzuki-swift-r-n5-en-el-rally-sierra-morena\\\/\"},\"author\":{\"name\":\"admin\",\"@id\":\"https:\\\/\\\/equipvinyesdabad.com\\\/es\\\/#\\\/schema\\\/person\\\/962b4c681d63fd4fbd546ec83b775c1b\"},\"headline\":\"Vinyes-Mercader estrenar\u00e1n el nuevo Suzuki Swift R+ N5, en el Rally Sierra Morena\",\"datePublished\":\"2018-04-09T00:00:00+00:00\",\"dateModified\":\"2024-10-31T20:10:20+00:00\",\"mainEntityOfPage\":{\"@id\":\"https:\\\/\\\/equipvinyesdabad.com\\\/es\\\/rallys\\\/vinyes-mercader-estrenaran-el-nuevo-suzuki-swift-r-n5-en-el-rally-sierra-morena\\\/\"},\"wordCount\":770,\"image\":{\"@id\":\"https:\\\/\\\/equipvinyesdabad.com\\\/es\\\/rallys\\\/vinyes-mercader-estrenaran-el-nuevo-suzuki-swift-r-n5-en-el-rally-sierra-morena\\\/#primaryimage\"},\"thumbnailUrl\":\"https:\\\/\\\/equipvinyesdabad.com\\\/wp-content\\\/uploads\\\/2018\\\/04\\\/05JVSM8203.jpg\",\"articleSection\":[\"Rallys\",\"Rallys asfalto\"],\"inLanguage\":\"es\"},{\"@type\":\"WebPage\",\"@id\":\"https:\\\/\\\/equipvinyesdabad.com\\\/es\\\/rallys\\\/vinyes-mercader-estrenaran-el-nuevo-suzuki-swift-r-n5-en-el-rally-sierra-morena\\\/\",\"url\":\"https:\\\/\\\/equipvinyesdabad.com\\\/es\\\/rallys\\\/vinyes-mercader-estrenaran-el-nuevo-suzuki-swift-r-n5-en-el-rally-sierra-morena\\\/\",\"name\":\"Vinyes-Mercader estrenar\u00e1n el nuevo Suzuki Swift R+ N5, en el Rally Sierra Morena - Equip vinyes dabad\",\"isPartOf\":{\"@id\":\"https:\\\/\\\/equipvinyesdabad.com\\\/es\\\/#website\"},\"primaryImageOfPage\":{\"@id\":\"https:\\\/\\\/equipvinyesdabad.com\\\/es\\\/rallys\\\/vinyes-mercader-estrenaran-el-nuevo-suzuki-swift-r-n5-en-el-rally-sierra-morena\\\/#primaryimage\"},\"image\":{\"@id\":\"https:\\\/\\\/equipvinyesdabad.com\\\/es\\\/rallys\\\/vinyes-mercader-estrenaran-el-nuevo-suzuki-swift-r-n5-en-el-rally-sierra-morena\\\/#primaryimage\"},\"thumbnailUrl\":\"https:\\\/\\\/equipvinyesdabad.com\\\/wp-content\\\/uploads\\\/2018\\\/04\\\/05JVSM8203.jpg\",\"datePublished\":\"2018-04-09T00:00:00+00:00\",\"dateModified\":\"2024-10-31T20:10:20+00:00\",\"author\":{\"@id\":\"https:\\\/\\\/equipvinyesdabad.com\\\/es\\\/#\\\/schema\\\/person\\\/962b4c681d63fd4fbd546ec83b775c1b\"},\"breadcrumb\":{\"@id\":\"https:\\\/\\\/equipvinyesdabad.com\\\/es\\\/rallys\\\/vinyes-mercader-estrenaran-el-nuevo-suzuki-swift-r-n5-en-el-rally-sierra-morena\\\/#breadcrumb\"},\"inLanguage\":\"es\",\"potentialAction\":[{\"@type\":\"ReadAction\",\"target\":[\"https:\\\/\\\/equipvinyesdabad.com\\\/es\\\/rallys\\\/vinyes-mercader-estrenaran-el-nuevo-suzuki-swift-r-n5-en-el-rally-sierra-morena\\\/\"]}]},{\"@type\":\"ImageObject\",\"inLanguage\":\"es\",\"@id\":\"https:\\\/\\\/equipvinyesdabad.com\\\/es\\\/rallys\\\/vinyes-mercader-estrenaran-el-nuevo-suzuki-swift-r-n5-en-el-rally-sierra-morena\\\/#primaryimage\",\"url\":\"https:\\\/\\\/equipvinyesdabad.com\\\/wp-content\\\/uploads\\\/2018\\\/04\\\/05JVSM8203.jpg\",\"contentUrl\":\"https:\\\/\\\/equipvinyesdabad.com\\\/wp-content\\\/uploads\\\/2018\\\/04\\\/05JVSM8203.jpg\"},{\"@type\":\"BreadcrumbList\",\"@id\":\"https:\\\/\\\/equipvinyesdabad.com\\\/es\\\/rallys\\\/vinyes-mercader-estrenaran-el-nuevo-suzuki-swift-r-n5-en-el-rally-sierra-morena\\\/#breadcrumb\",\"itemListElement\":[{\"@type\":\"ListItem\",\"position\":1,\"name\":\"Inicio\",\"item\":\"https:\\\/\\\/equipvinyesdabad.com\\\/es\\\/\"},{\"@type\":\"ListItem\",\"position\":2,\"name\":\"Vinyes-Mercader estrenar\u00e1n el nuevo Suzuki Swift R+ N5, en el Rally Sierra Morena\"}]},{\"@type\":\"WebSite\",\"@id\":\"https:\\\/\\\/equipvinyesdabad.com\\\/es\\\/#website\",\"url\":\"https:\\\/\\\/equipvinyesdabad.com\\\/es\\\/\",\"name\":\"Equip vinyes dabad\",\"description\":\"\",\"potentialAction\":[{\"@type\":\"SearchAction\",\"target\":{\"@type\":\"EntryPoint\",\"urlTemplate\":\"https:\\\/\\\/equipvinyesdabad.com\\\/es\\\/?s={search_term_string}\"},\"query-input\":{\"@type\":\"PropertyValueSpecification\",\"valueRequired\":true,\"valueName\":\"search_term_string\"}}],\"inLanguage\":\"es\"},{\"@type\":\"Person\",\"@id\":\"https:\\\/\\\/equipvinyesdabad.com\\\/es\\\/#\\\/schema\\\/person\\\/962b4c681d63fd4fbd546ec83b775c1b\",\"name\":\"admin\",\"image\":{\"@type\":\"ImageObject\",\"inLanguage\":\"es\",\"@id\":\"https:\\\/\\\/secure.gravatar.com\\\/avatar\\\/6d1c6cfbf1c3aed75f7a05f946b76867c29d677b49f81545b6b9bc58677b08a0?s=96&d=mm&r=g\",\"url\":\"https:\\\/\\\/secure.gravatar.com\\\/avatar\\\/6d1c6cfbf1c3aed75f7a05f946b76867c29d677b49f81545b6b9bc58677b08a0?s=96&d=mm&r=g\",\"contentUrl\":\"https:\\\/\\\/secure.gravatar.com\\\/avatar\\\/6d1c6cfbf1c3aed75f7a05f946b76867c29d677b49f81545b6b9bc58677b08a0?s=96&d=mm&r=g\",\"caption\":\"admin\"},\"sameAs\":[\"https:\\\/\\\/equipvinyesdabad.com\"],\"url\":\"https:\\\/\\\/equipvinyesdabad.com\\\/es\\\/author\\\/web1\\\/\"}]}<\/script>\n<!-- \/ Yoast SEO plugin. -->","yoast_head_json":{"title":"Vinyes-Mercader estrenar\u00e1n el nuevo Suzuki Swift R+ N5, en el Rally Sierra Morena - Equip vinyes dabad","robots":{"index":"index","follow":"follow","max-snippet":"max-snippet:-1","max-image-preview":"max-image-preview:large","max-video-preview":"max-video-preview:-1"},"canonical":"https:\/\/equipvinyesdabad.com\/es\/rallys\/vinyes-mercader-estrenaran-el-nuevo-suzuki-swift-r-n5-en-el-rally-sierra-morena\/","og_locale":"es_ES","og_type":"article","og_title":"Vinyes-Mercader estrenar\u00e1n el nuevo Suzuki Swift R+ N5, en el Rally Sierra Morena - Equip vinyes dabad","og_description":"El Campeonato de Espa\u00f1a de Rallys de asfalto (CERA) 2018 vivir\u00e1 su segundo cap\u00edtulo en Andaluc\u00eda, en concreto algunas de las carreteras cercanas a C\u00f3rdoba, ser\u00e1n el escenario de la lucha contra el crono del casi centenar de equipos inscritos en el 36 Rally Internacional Sierra Morena. El equipo Suzuki Motor Ib\u00e9rica presentar\u00e1 novedades importantes a nivel t\u00e9cnico. Tal y como estaba previsto, Joan Vinyes - Jordi Mercader pilotar\u00e1n el nuevo Swift R+ salido de la factor\u00eda de ARVidal.","og_url":"https:\/\/equipvinyesdabad.com\/es\/rallys\/vinyes-mercader-estrenaran-el-nuevo-suzuki-swift-r-n5-en-el-rally-sierra-morena\/","og_site_name":"Equip vinyes dabad","article_published_time":"2018-04-09T00:00:00+00:00","article_modified_time":"2024-10-31T20:10:20+00:00","og_image":[{"width":250,"height":130,"url":"https:\/\/equipvinyesdabad.com\/wp-content\/uploads\/2024\/10\/logo_vinyes_dabad.png","type":"image\/png"}],"author":"admin","twitter_card":"summary_large_image","twitter_misc":{"Escrito por":"admin","Tiempo de lectura":"4 minutos"},"schema":{"@context":"https:\/\/schema.org","@graph":[{"@type":"Article","@id":"https:\/\/equipvinyesdabad.com\/es\/rallys\/vinyes-mercader-estrenaran-el-nuevo-suzuki-swift-r-n5-en-el-rally-sierra-morena\/#article","isPartOf":{"@id":"https:\/\/equipvinyesdabad.com\/es\/rallys\/vinyes-mercader-estrenaran-el-nuevo-suzuki-swift-r-n5-en-el-rally-sierra-morena\/"},"author":{"name":"admin","@id":"https:\/\/equipvinyesdabad.com\/es\/#\/schema\/person\/962b4c681d63fd4fbd546ec83b775c1b"},"headline":"Vinyes-Mercader estrenar\u00e1n el nuevo Suzuki Swift R+ N5, en el Rally Sierra Morena","datePublished":"2018-04-09T00:00:00+00:00","dateModified":"2024-10-31T20:10:20+00:00","mainEntityOfPage":{"@id":"https:\/\/equipvinyesdabad.com\/es\/rallys\/vinyes-mercader-estrenaran-el-nuevo-suzuki-swift-r-n5-en-el-rally-sierra-morena\/"},"wordCount":770,"image":{"@id":"https:\/\/equipvinyesdabad.com\/es\/rallys\/vinyes-mercader-estrenaran-el-nuevo-suzuki-swift-r-n5-en-el-rally-sierra-morena\/#primaryimage"},"thumbnailUrl":"https:\/\/equipvinyesdabad.com\/wp-content\/uploads\/2018\/04\/05JVSM8203.jpg","articleSection":["Rallys","Rallys asfalto"],"inLanguage":"es"},{"@type":"WebPage","@id":"https:\/\/equipvinyesdabad.com\/es\/rallys\/vinyes-mercader-estrenaran-el-nuevo-suzuki-swift-r-n5-en-el-rally-sierra-morena\/","url":"https:\/\/equipvinyesdabad.com\/es\/rallys\/vinyes-mercader-estrenaran-el-nuevo-suzuki-swift-r-n5-en-el-rally-sierra-morena\/","name":"Vinyes-Mercader estrenar\u00e1n el nuevo Suzuki Swift R+ N5, en el Rally Sierra Morena - Equip vinyes dabad","isPartOf":{"@id":"https:\/\/equipvinyesdabad.com\/es\/#website"},"primaryImageOfPage":{"@id":"https:\/\/equipvinyesdabad.com\/es\/rallys\/vinyes-mercader-estrenaran-el-nuevo-suzuki-swift-r-n5-en-el-rally-sierra-morena\/#primaryimage"},"image":{"@id":"https:\/\/equipvinyesdabad.com\/es\/rallys\/vinyes-mercader-estrenaran-el-nuevo-suzuki-swift-r-n5-en-el-rally-sierra-morena\/#primaryimage"},"thumbnailUrl":"https:\/\/equipvinyesdabad.com\/wp-content\/uploads\/2018\/04\/05JVSM8203.jpg","datePublished":"2018-04-09T00:00:00+00:00","dateModified":"2024-10-31T20:10:20+00:00","author":{"@id":"https:\/\/equipvinyesdabad.com\/es\/#\/schema\/person\/962b4c681d63fd4fbd546ec83b775c1b"},"breadcrumb":{"@id":"https:\/\/equipvinyesdabad.com\/es\/rallys\/vinyes-mercader-estrenaran-el-nuevo-suzuki-swift-r-n5-en-el-rally-sierra-morena\/#breadcrumb"},"inLanguage":"es","potentialAction":[{"@type":"ReadAction","target":["https:\/\/equipvinyesdabad.com\/es\/rallys\/vinyes-mercader-estrenaran-el-nuevo-suzuki-swift-r-n5-en-el-rally-sierra-morena\/"]}]},{"@type":"ImageObject","inLanguage":"es","@id":"https:\/\/equipvinyesdabad.com\/es\/rallys\/vinyes-mercader-estrenaran-el-nuevo-suzuki-swift-r-n5-en-el-rally-sierra-morena\/#primaryimage","url":"https:\/\/equipvinyesdabad.com\/wp-content\/uploads\/2018\/04\/05JVSM8203.jpg","contentUrl":"https:\/\/equipvinyesdabad.com\/wp-content\/uploads\/2018\/04\/05JVSM8203.jpg"},{"@type":"BreadcrumbList","@id":"https:\/\/equipvinyesdabad.com\/es\/rallys\/vinyes-mercader-estrenaran-el-nuevo-suzuki-swift-r-n5-en-el-rally-sierra-morena\/#breadcrumb","itemListElement":[{"@type":"ListItem","position":1,"name":"Inicio","item":"https:\/\/equipvinyesdabad.com\/es\/"},{"@type":"ListItem","position":2,"name":"Vinyes-Mercader estrenar\u00e1n el nuevo Suzuki Swift R+ N5, en el Rally Sierra Morena"}]},{"@type":"WebSite","@id":"https:\/\/equipvinyesdabad.com\/es\/#website","url":"https:\/\/equipvinyesdabad.com\/es\/","name":"Equip vinyes dabad","description":"","potentialAction":[{"@type":"SearchAction","target":{"@type":"EntryPoint","urlTemplate":"https:\/\/equipvinyesdabad.com\/es\/?s={search_term_string}"},"query-input":{"@type":"PropertyValueSpecification","valueRequired":true,"valueName":"search_term_string"}}],"inLanguage":"es"},{"@type":"Person","@id":"https:\/\/equipvinyesdabad.com\/es\/#\/schema\/person\/962b4c681d63fd4fbd546ec83b775c1b","name":"admin","image":{"@type":"ImageObject","inLanguage":"es","@id":"https:\/\/secure.gravatar.com\/avatar\/6d1c6cfbf1c3aed75f7a05f946b76867c29d677b49f81545b6b9bc58677b08a0?s=96&d=mm&r=g","url":"https:\/\/secure.gravatar.com\/avatar\/6d1c6cfbf1c3aed75f7a05f946b76867c29d677b49f81545b6b9bc58677b08a0?s=96&d=mm&r=g","contentUrl":"https:\/\/secure.gravatar.com\/avatar\/6d1c6cfbf1c3aed75f7a05f946b76867c29d677b49f81545b6b9bc58677b08a0?s=96&d=mm&r=g","caption":"admin"},"sameAs":["https:\/\/equipvinyesdabad.com"],"url":"https:\/\/equipvinyesdabad.com\/es\/author\/web1\/"}]}},"_links":{"self":[{"href":"https:\/\/equipvinyesdabad.com\/es\/wp-json\/wp\/v2\/posts\/2337","targetHints":{"allow":["GET"]}}],"collection":[{"href":"https:\/\/equipvinyesdabad.com\/es\/wp-json\/wp\/v2\/posts"}],"about":[{"href":"https:\/\/equipvinyesdabad.com\/es\/wp-json\/wp\/v2\/types\/post"}],"author":[{"embeddable":true,"href":"https:\/\/equipvinyesdabad.com\/es\/wp-json\/wp\/v2\/users\/1"}],"replies":[{"embeddable":true,"href":"https:\/\/equipvinyesdabad.com\/es\/wp-json\/wp\/v2\/comments?post=2337"}],"version-history":[{"count":3,"href":"https:\/\/equipvinyesdabad.com\/es\/wp-json\/wp\/v2\/posts\/2337\/revisions"}],"predecessor-version":[{"id":4371,"href":"https:\/\/equipvinyesdabad.com\/es\/wp-json\/wp\/v2\/posts\/2337\/revisions\/4371"}],"wp:featuredmedia":[{"embeddable":true,"href":"https:\/\/equipvinyesdabad.com\/es\/wp-json\/wp\/v2\/media\/1632"}],"wp:attachment":[{"href":"https:\/\/equipvinyesdabad.com\/es\/wp-json\/wp\/v2\/media?parent=2337"}],"wp:term":[{"taxonomy":"category","embeddable":true,"href":"https:\/\/equipvinyesdabad.com\/es\/wp-json\/wp\/v2\/categories?post=2337"},{"taxonomy":"post_tag","embeddable":true,"href":"https:\/\/equipvinyesdabad.com\/es\/wp-json\/wp\/v2\/tags?post=2337"}],"curies":[{"name":"wp","href":"https:\/\/api.w.org\/{rel}","templated":true}]}}