{"id":2341,"date":"2018-03-17T00:00:00","date_gmt":"2018-03-17T00:00:00","guid":{"rendered":"https:\/\/equipvinyesdabad.com\/?p=2341"},"modified":"2024-10-31T20:10:48","modified_gmt":"2024-10-31T20:10:48","slug":"excelente-ritmo-de-vinyes-mercader-en-lalin-hasta-que-el-embrague-dijo-basta","status":"publish","type":"post","link":"https:\/\/equipvinyesdabad.com\/es\/rallys\/excelente-ritmo-de-vinyes-mercader-en-lalin-hasta-que-el-embrague-dijo-basta\/","title":{"rendered":"Excelente ritmo de Vinyes-Mercader en Lal\u00edn, hasta que el embrague dijo basta"},"content":{"rendered":"<p style=\"text-align: justify;\">Joan Vinyes &#8211; Jordi Mercader (Suzuki Swift R+) tuvieron que dejar el Rali do Cocido, prueba inicial del Campeonato de Espa&ntilde;a de Rallys de asfalto (CERA) 2018, en la tercera especial de la prueba (primer paso por O Couto), debido a la rotura del embrague del Swift. <br \/>La jornada del s&aacute;bado (d&iacute;a 16) se inici&oacute; con excelente sensaciones para el equipo de Suzuki Motor Ib&eacute;rica, que dominaron de manera clara en los 15 km, de A Estrada &#8211; Silleda.<\/p>\n<p>El Rally de la Escuder&iacute;a Lal&iacute;n-Deza era la primera vez que puntuaba para el CERA y Galicia tambi&eacute;n era por primera vez el anfitri&oacute;n inicial del mencionado campeonato. La climatolog&iacute;a no quiso apuntarse a las celebraciones, los presentes en Lal&iacute;n y zonas adyacentes tuvieron que soportar todos los fen&oacute;menos climatol&oacute;gicos adversos (viento, lluvia, fr&iacute;o, &#8230;) tanto durante los d&iacute;as previos a la disputa de la competici&oacute;n como cuando empez&oacute; la lucha por los primeros podios de la temporada. &nbsp;<\/p>\n<p><strong>Shakedown:<\/strong> <br \/>Se desarroll&oacute; seg&uacute;n el nuevo formato, en una especial de casi 4 km. Las condiciones climatol&oacute;gicas complicaron el trabajo de los equipos que disputaron este test previo al inicio del rally. Al final del mismo Vinyes afirmaba: <em><strong>No hemos sido los m&aacute;s r&aacute;pidos pero hemos evitado sustos. Hemos cumplido con el objetivo y esta tarde estaremos en la salida de la especial espect&aacute;culo sin problemas.<\/strong> <\/em><br \/>&nbsp;<br \/><strong>1a, Secci&oacute;n. Tramo espect&aacute;culo Lal&iacute;n (1,9 km):<\/strong><br \/>Despu&eacute;s de la celebraci&oacute;n de la ceremonia de salida, los equipos se dispusieron a iniciar el rally despu&eacute;s de un breve paso por la asistencia. Vinyes-Mercader compitieron en la especial urbana de manera conservadora, perdiendo algunas d&eacute;cimas respecto a los rivales directos de la categor&iacute;a.<br \/>Como bien dijo Joan: <em><strong>Estas en estas especiales tienes poco a ganar y mucho que perder. Ya tendremos tiempo de arriesgar si la ocasi&oacute;n lo requiere.<\/strong><\/em><\/p>\n<p><strong>2a, Secci&oacute;n. A Estrada-Silleda (15,40 km), O Couto (9,60 km), Saborida (14,40 km).<\/strong><br \/>El s&aacute;bado (d&iacute;a 16) se inici&oacute; de manera inmejorable para los intereses de Vinyes-Mercader. Superaron a sus rivales directos (Categor&iacute;a N5), situ&aacute;ndose al frente de esta categor&iacute;a y en el cuarto puesto de la clasificaci&oacute;n absoluta. La continuaci&oacute;n no fue tan positiva, como queda dicho la rotura del embrague fue el motivo por el que tuvieron que dejar la prueba en la zona intermedia de la especial O Couto.<br \/>Vinyes, una vez en la asistencia, comentaba de esta forma el incidente:<em><strong> Ha sido todo muy inesperado. Nos hemos quedado en punto muerto y no hubo manera de engranar ninguna velocidad. A pesar que las especiales estaban muy delicadas ten&iacute;amos un excelente ritmo.<\/strong><\/em> <\/p>\n<p>El CERA 2018 continuar&aacute;, los pr&oacute;ximos d&iacute;as 12,13 y 14 de Abril en C&oacute;rdoba. Ser&aacute; una nueva edici&oacute;n del carism&aacute;tico Rally Sierra Morena. <\/p>\n<p><\/p>\n<p style=\"text-align: right;\"><strong><strong><a href=\"http:\/\/www.infoesport.org\/imgNoticia\/2018\/180317JVCocido2c.pdf\"><img loading=\"lazy\" decoding=\"async\" style=\"float: right;\" src=\"http:\/\/www.infoesport.org\/auxiliar\/fot\/logos\/icono_pdf.gif\" alt=\"\" width=\"50\" height=\"50\" \/><\/a><\/strong><\/strong>Servicio de prensa.<\/p>\n","protected":false},"excerpt":{"rendered":"<p>Joan Vinyes &#8211; Jordi Mercader (Suzuki Swift R+) tuvieron que dejar el Rali do Cocido, prueba inicial del Campeonato de Espa\u00f1a de Rallys de asfalto (CERA) 2018, en la tercera especial de la prueba (primer paso por O Couto), debido a la rotura del embrague del Swift.<br \/>\nLa jornada del s\u00e1bado (d\u00eda 16) se inici\u00f3 con excelente sensaciones para el equipo de Suzuki Motor Ib\u00e9rica, que dominaron de manera clara en los 15 km, de A Estrada &#8211; Silleda.<\/p>\n","protected":false},"author":1,"featured_media":1634,"comment_status":"closed","ping_status":"closed","sticky":false,"template":"","format":"standard","meta":{"_kadence_starter_templates_imported_post":false,"_kad_post_transparent":"","_kad_post_title":"","_kad_post_layout":"","_kad_post_sidebar_id":"","_kad_post_content_style":"","_kad_post_vertical_padding":"","_kad_post_feature":"","_kad_post_feature_position":"","_kad_post_header":false,"_kad_post_footer":false,"_kad_post_classname":"","footnotes":""},"categories":[46,60],"tags":[],"class_list":["post-2341","post","type-post","status-publish","format-standard","has-post-thumbnail","hentry","category-rallys","category-rallys-asfalto"],"yoast_head":"<!-- This site is optimized with the Yoast SEO plugin v27.4 - https:\/\/yoast.com\/product\/yoast-seo-wordpress\/ -->\n<title>Excelente ritmo de Vinyes-Mercader en Lal\u00edn, hasta que el embrague dijo basta - Equip vinyes dabad<\/title>\n<meta name=\"robots\" content=\"index, follow, max-snippet:-1, max-image-preview:large, max-video-preview:-1\" \/>\n<link rel=\"canonical\" href=\"https:\/\/equipvinyesdabad.com\/es\/rallys\/excelente-ritmo-de-vinyes-mercader-en-lalin-hasta-que-el-embrague-dijo-basta\/\" \/>\n<meta property=\"og:locale\" content=\"es_ES\" \/>\n<meta property=\"og:type\" content=\"article\" \/>\n<meta property=\"og:title\" content=\"Excelente ritmo de Vinyes-Mercader en Lal\u00edn, hasta que el embrague dijo basta - Equip vinyes dabad\" \/>\n<meta property=\"og:description\" content=\"Joan Vinyes - Jordi Mercader (Suzuki Swift R+) tuvieron que dejar el Rali do Cocido, prueba inicial del Campeonato de Espa\u00f1a de Rallys de asfalto (CERA) 2018, en la tercera especial de la prueba (primer paso por O Couto), debido a la rotura del embrague del Swift.  La jornada del s\u00e1bado (d\u00eda 16) se inici\u00f3 con excelente sensaciones para el equipo de Suzuki Motor Ib\u00e9rica, que dominaron de manera clara en los 15 km, de A Estrada - Silleda.\" \/>\n<meta property=\"og:url\" content=\"https:\/\/equipvinyesdabad.com\/es\/rallys\/excelente-ritmo-de-vinyes-mercader-en-lalin-hasta-que-el-embrague-dijo-basta\/\" \/>\n<meta property=\"og:site_name\" content=\"Equip vinyes dabad\" \/>\n<meta property=\"article:published_time\" content=\"2018-03-17T00:00:00+00:00\" \/>\n<meta property=\"article:modified_time\" content=\"2024-10-31T20:10:48+00:00\" \/>\n<meta property=\"og:image\" content=\"https:\/\/equipvinyesdabad.com\/wp-content\/uploads\/2024\/10\/logo_vinyes_dabad.png\" \/>\n\t<meta property=\"og:image:width\" content=\"250\" \/>\n\t<meta property=\"og:image:height\" content=\"130\" \/>\n\t<meta property=\"og:image:type\" content=\"image\/png\" \/>\n<meta name=\"author\" content=\"admin\" \/>\n<meta name=\"twitter:card\" content=\"summary_large_image\" \/>\n<meta name=\"twitter:label1\" content=\"Escrito por\" \/>\n\t<meta name=\"twitter:data1\" content=\"admin\" \/>\n\t<meta name=\"twitter:label2\" content=\"Tiempo de lectura\" \/>\n\t<meta name=\"twitter:data2\" content=\"3 minutos\" \/>\n<script type=\"application\/ld+json\" class=\"yoast-schema-graph\">{\"@context\":\"https:\\\/\\\/schema.org\",\"@graph\":[{\"@type\":\"Article\",\"@id\":\"https:\\\/\\\/equipvinyesdabad.com\\\/es\\\/rallys\\\/excelente-ritmo-de-vinyes-mercader-en-lalin-hasta-que-el-embrague-dijo-basta\\\/#article\",\"isPartOf\":{\"@id\":\"https:\\\/\\\/equipvinyesdabad.com\\\/es\\\/rallys\\\/excelente-ritmo-de-vinyes-mercader-en-lalin-hasta-que-el-embrague-dijo-basta\\\/\"},\"author\":{\"name\":\"admin\",\"@id\":\"https:\\\/\\\/equipvinyesdabad.com\\\/es\\\/#\\\/schema\\\/person\\\/962b4c681d63fd4fbd546ec83b775c1b\"},\"headline\":\"Excelente ritmo de Vinyes-Mercader en Lal\u00edn, hasta que el embrague dijo basta\",\"datePublished\":\"2018-03-17T00:00:00+00:00\",\"dateModified\":\"2024-10-31T20:10:48+00:00\",\"mainEntityOfPage\":{\"@id\":\"https:\\\/\\\/equipvinyesdabad.com\\\/es\\\/rallys\\\/excelente-ritmo-de-vinyes-mercader-en-lalin-hasta-que-el-embrague-dijo-basta\\\/\"},\"wordCount\":546,\"image\":{\"@id\":\"https:\\\/\\\/equipvinyesdabad.com\\\/es\\\/rallys\\\/excelente-ritmo-de-vinyes-mercader-en-lalin-hasta-que-el-embrague-dijo-basta\\\/#primaryimage\"},\"thumbnailUrl\":\"https:\\\/\\\/equipvinyesdabad.com\\\/wp-content\\\/uploads\\\/2018\\\/03\\\/05JVCocido8280.jpg\",\"articleSection\":[\"Rallys\",\"Rallys asfalto\"],\"inLanguage\":\"es\"},{\"@type\":\"WebPage\",\"@id\":\"https:\\\/\\\/equipvinyesdabad.com\\\/es\\\/rallys\\\/excelente-ritmo-de-vinyes-mercader-en-lalin-hasta-que-el-embrague-dijo-basta\\\/\",\"url\":\"https:\\\/\\\/equipvinyesdabad.com\\\/es\\\/rallys\\\/excelente-ritmo-de-vinyes-mercader-en-lalin-hasta-que-el-embrague-dijo-basta\\\/\",\"name\":\"Excelente ritmo de Vinyes-Mercader en Lal\u00edn, hasta que el embrague dijo basta - Equip vinyes dabad\",\"isPartOf\":{\"@id\":\"https:\\\/\\\/equipvinyesdabad.com\\\/es\\\/#website\"},\"primaryImageOfPage\":{\"@id\":\"https:\\\/\\\/equipvinyesdabad.com\\\/es\\\/rallys\\\/excelente-ritmo-de-vinyes-mercader-en-lalin-hasta-que-el-embrague-dijo-basta\\\/#primaryimage\"},\"image\":{\"@id\":\"https:\\\/\\\/equipvinyesdabad.com\\\/es\\\/rallys\\\/excelente-ritmo-de-vinyes-mercader-en-lalin-hasta-que-el-embrague-dijo-basta\\\/#primaryimage\"},\"thumbnailUrl\":\"https:\\\/\\\/equipvinyesdabad.com\\\/wp-content\\\/uploads\\\/2018\\\/03\\\/05JVCocido8280.jpg\",\"datePublished\":\"2018-03-17T00:00:00+00:00\",\"dateModified\":\"2024-10-31T20:10:48+00:00\",\"author\":{\"@id\":\"https:\\\/\\\/equipvinyesdabad.com\\\/es\\\/#\\\/schema\\\/person\\\/962b4c681d63fd4fbd546ec83b775c1b\"},\"breadcrumb\":{\"@id\":\"https:\\\/\\\/equipvinyesdabad.com\\\/es\\\/rallys\\\/excelente-ritmo-de-vinyes-mercader-en-lalin-hasta-que-el-embrague-dijo-basta\\\/#breadcrumb\"},\"inLanguage\":\"es\",\"potentialAction\":[{\"@type\":\"ReadAction\",\"target\":[\"https:\\\/\\\/equipvinyesdabad.com\\\/es\\\/rallys\\\/excelente-ritmo-de-vinyes-mercader-en-lalin-hasta-que-el-embrague-dijo-basta\\\/\"]}]},{\"@type\":\"ImageObject\",\"inLanguage\":\"es\",\"@id\":\"https:\\\/\\\/equipvinyesdabad.com\\\/es\\\/rallys\\\/excelente-ritmo-de-vinyes-mercader-en-lalin-hasta-que-el-embrague-dijo-basta\\\/#primaryimage\",\"url\":\"https:\\\/\\\/equipvinyesdabad.com\\\/wp-content\\\/uploads\\\/2018\\\/03\\\/05JVCocido8280.jpg\",\"contentUrl\":\"https:\\\/\\\/equipvinyesdabad.com\\\/wp-content\\\/uploads\\\/2018\\\/03\\\/05JVCocido8280.jpg\"},{\"@type\":\"BreadcrumbList\",\"@id\":\"https:\\\/\\\/equipvinyesdabad.com\\\/es\\\/rallys\\\/excelente-ritmo-de-vinyes-mercader-en-lalin-hasta-que-el-embrague-dijo-basta\\\/#breadcrumb\",\"itemListElement\":[{\"@type\":\"ListItem\",\"position\":1,\"name\":\"Inicio\",\"item\":\"https:\\\/\\\/equipvinyesdabad.com\\\/es\\\/\"},{\"@type\":\"ListItem\",\"position\":2,\"name\":\"Excelente ritmo de Vinyes-Mercader en Lal\u00edn, hasta que el embrague dijo basta\"}]},{\"@type\":\"WebSite\",\"@id\":\"https:\\\/\\\/equipvinyesdabad.com\\\/es\\\/#website\",\"url\":\"https:\\\/\\\/equipvinyesdabad.com\\\/es\\\/\",\"name\":\"Equip vinyes dabad\",\"description\":\"\",\"potentialAction\":[{\"@type\":\"SearchAction\",\"target\":{\"@type\":\"EntryPoint\",\"urlTemplate\":\"https:\\\/\\\/equipvinyesdabad.com\\\/es\\\/?s={search_term_string}\"},\"query-input\":{\"@type\":\"PropertyValueSpecification\",\"valueRequired\":true,\"valueName\":\"search_term_string\"}}],\"inLanguage\":\"es\"},{\"@type\":\"Person\",\"@id\":\"https:\\\/\\\/equipvinyesdabad.com\\\/es\\\/#\\\/schema\\\/person\\\/962b4c681d63fd4fbd546ec83b775c1b\",\"name\":\"admin\",\"image\":{\"@type\":\"ImageObject\",\"inLanguage\":\"es\",\"@id\":\"https:\\\/\\\/secure.gravatar.com\\\/avatar\\\/6d1c6cfbf1c3aed75f7a05f946b76867c29d677b49f81545b6b9bc58677b08a0?s=96&d=mm&r=g\",\"url\":\"https:\\\/\\\/secure.gravatar.com\\\/avatar\\\/6d1c6cfbf1c3aed75f7a05f946b76867c29d677b49f81545b6b9bc58677b08a0?s=96&d=mm&r=g\",\"contentUrl\":\"https:\\\/\\\/secure.gravatar.com\\\/avatar\\\/6d1c6cfbf1c3aed75f7a05f946b76867c29d677b49f81545b6b9bc58677b08a0?s=96&d=mm&r=g\",\"caption\":\"admin\"},\"sameAs\":[\"https:\\\/\\\/equipvinyesdabad.com\"],\"url\":\"https:\\\/\\\/equipvinyesdabad.com\\\/es\\\/author\\\/web1\\\/\"}]}<\/script>\n<!-- \/ Yoast SEO plugin. -->","yoast_head_json":{"title":"Excelente ritmo de Vinyes-Mercader en Lal\u00edn, hasta que el embrague dijo basta - Equip vinyes dabad","robots":{"index":"index","follow":"follow","max-snippet":"max-snippet:-1","max-image-preview":"max-image-preview:large","max-video-preview":"max-video-preview:-1"},"canonical":"https:\/\/equipvinyesdabad.com\/es\/rallys\/excelente-ritmo-de-vinyes-mercader-en-lalin-hasta-que-el-embrague-dijo-basta\/","og_locale":"es_ES","og_type":"article","og_title":"Excelente ritmo de Vinyes-Mercader en Lal\u00edn, hasta que el embrague dijo basta - Equip vinyes dabad","og_description":"Joan Vinyes - Jordi Mercader (Suzuki Swift R+) tuvieron que dejar el Rali do Cocido, prueba inicial del Campeonato de Espa\u00f1a de Rallys de asfalto (CERA) 2018, en la tercera especial de la prueba (primer paso por O Couto), debido a la rotura del embrague del Swift.  La jornada del s\u00e1bado (d\u00eda 16) se inici\u00f3 con excelente sensaciones para el equipo de Suzuki Motor Ib\u00e9rica, que dominaron de manera clara en los 15 km, de A Estrada - Silleda.","og_url":"https:\/\/equipvinyesdabad.com\/es\/rallys\/excelente-ritmo-de-vinyes-mercader-en-lalin-hasta-que-el-embrague-dijo-basta\/","og_site_name":"Equip vinyes dabad","article_published_time":"2018-03-17T00:00:00+00:00","article_modified_time":"2024-10-31T20:10:48+00:00","og_image":[{"width":250,"height":130,"url":"https:\/\/equipvinyesdabad.com\/wp-content\/uploads\/2024\/10\/logo_vinyes_dabad.png","type":"image\/png"}],"author":"admin","twitter_card":"summary_large_image","twitter_misc":{"Escrito por":"admin","Tiempo de lectura":"3 minutos"},"schema":{"@context":"https:\/\/schema.org","@graph":[{"@type":"Article","@id":"https:\/\/equipvinyesdabad.com\/es\/rallys\/excelente-ritmo-de-vinyes-mercader-en-lalin-hasta-que-el-embrague-dijo-basta\/#article","isPartOf":{"@id":"https:\/\/equipvinyesdabad.com\/es\/rallys\/excelente-ritmo-de-vinyes-mercader-en-lalin-hasta-que-el-embrague-dijo-basta\/"},"author":{"name":"admin","@id":"https:\/\/equipvinyesdabad.com\/es\/#\/schema\/person\/962b4c681d63fd4fbd546ec83b775c1b"},"headline":"Excelente ritmo de Vinyes-Mercader en Lal\u00edn, hasta que el embrague dijo basta","datePublished":"2018-03-17T00:00:00+00:00","dateModified":"2024-10-31T20:10:48+00:00","mainEntityOfPage":{"@id":"https:\/\/equipvinyesdabad.com\/es\/rallys\/excelente-ritmo-de-vinyes-mercader-en-lalin-hasta-que-el-embrague-dijo-basta\/"},"wordCount":546,"image":{"@id":"https:\/\/equipvinyesdabad.com\/es\/rallys\/excelente-ritmo-de-vinyes-mercader-en-lalin-hasta-que-el-embrague-dijo-basta\/#primaryimage"},"thumbnailUrl":"https:\/\/equipvinyesdabad.com\/wp-content\/uploads\/2018\/03\/05JVCocido8280.jpg","articleSection":["Rallys","Rallys asfalto"],"inLanguage":"es"},{"@type":"WebPage","@id":"https:\/\/equipvinyesdabad.com\/es\/rallys\/excelente-ritmo-de-vinyes-mercader-en-lalin-hasta-que-el-embrague-dijo-basta\/","url":"https:\/\/equipvinyesdabad.com\/es\/rallys\/excelente-ritmo-de-vinyes-mercader-en-lalin-hasta-que-el-embrague-dijo-basta\/","name":"Excelente ritmo de Vinyes-Mercader en Lal\u00edn, hasta que el embrague dijo basta - Equip vinyes dabad","isPartOf":{"@id":"https:\/\/equipvinyesdabad.com\/es\/#website"},"primaryImageOfPage":{"@id":"https:\/\/equipvinyesdabad.com\/es\/rallys\/excelente-ritmo-de-vinyes-mercader-en-lalin-hasta-que-el-embrague-dijo-basta\/#primaryimage"},"image":{"@id":"https:\/\/equipvinyesdabad.com\/es\/rallys\/excelente-ritmo-de-vinyes-mercader-en-lalin-hasta-que-el-embrague-dijo-basta\/#primaryimage"},"thumbnailUrl":"https:\/\/equipvinyesdabad.com\/wp-content\/uploads\/2018\/03\/05JVCocido8280.jpg","datePublished":"2018-03-17T00:00:00+00:00","dateModified":"2024-10-31T20:10:48+00:00","author":{"@id":"https:\/\/equipvinyesdabad.com\/es\/#\/schema\/person\/962b4c681d63fd4fbd546ec83b775c1b"},"breadcrumb":{"@id":"https:\/\/equipvinyesdabad.com\/es\/rallys\/excelente-ritmo-de-vinyes-mercader-en-lalin-hasta-que-el-embrague-dijo-basta\/#breadcrumb"},"inLanguage":"es","potentialAction":[{"@type":"ReadAction","target":["https:\/\/equipvinyesdabad.com\/es\/rallys\/excelente-ritmo-de-vinyes-mercader-en-lalin-hasta-que-el-embrague-dijo-basta\/"]}]},{"@type":"ImageObject","inLanguage":"es","@id":"https:\/\/equipvinyesdabad.com\/es\/rallys\/excelente-ritmo-de-vinyes-mercader-en-lalin-hasta-que-el-embrague-dijo-basta\/#primaryimage","url":"https:\/\/equipvinyesdabad.com\/wp-content\/uploads\/2018\/03\/05JVCocido8280.jpg","contentUrl":"https:\/\/equipvinyesdabad.com\/wp-content\/uploads\/2018\/03\/05JVCocido8280.jpg"},{"@type":"BreadcrumbList","@id":"https:\/\/equipvinyesdabad.com\/es\/rallys\/excelente-ritmo-de-vinyes-mercader-en-lalin-hasta-que-el-embrague-dijo-basta\/#breadcrumb","itemListElement":[{"@type":"ListItem","position":1,"name":"Inicio","item":"https:\/\/equipvinyesdabad.com\/es\/"},{"@type":"ListItem","position":2,"name":"Excelente ritmo de Vinyes-Mercader en Lal\u00edn, hasta que el embrague dijo basta"}]},{"@type":"WebSite","@id":"https:\/\/equipvinyesdabad.com\/es\/#website","url":"https:\/\/equipvinyesdabad.com\/es\/","name":"Equip vinyes dabad","description":"","potentialAction":[{"@type":"SearchAction","target":{"@type":"EntryPoint","urlTemplate":"https:\/\/equipvinyesdabad.com\/es\/?s={search_term_string}"},"query-input":{"@type":"PropertyValueSpecification","valueRequired":true,"valueName":"search_term_string"}}],"inLanguage":"es"},{"@type":"Person","@id":"https:\/\/equipvinyesdabad.com\/es\/#\/schema\/person\/962b4c681d63fd4fbd546ec83b775c1b","name":"admin","image":{"@type":"ImageObject","inLanguage":"es","@id":"https:\/\/secure.gravatar.com\/avatar\/6d1c6cfbf1c3aed75f7a05f946b76867c29d677b49f81545b6b9bc58677b08a0?s=96&d=mm&r=g","url":"https:\/\/secure.gravatar.com\/avatar\/6d1c6cfbf1c3aed75f7a05f946b76867c29d677b49f81545b6b9bc58677b08a0?s=96&d=mm&r=g","contentUrl":"https:\/\/secure.gravatar.com\/avatar\/6d1c6cfbf1c3aed75f7a05f946b76867c29d677b49f81545b6b9bc58677b08a0?s=96&d=mm&r=g","caption":"admin"},"sameAs":["https:\/\/equipvinyesdabad.com"],"url":"https:\/\/equipvinyesdabad.com\/es\/author\/web1\/"}]}},"_links":{"self":[{"href":"https:\/\/equipvinyesdabad.com\/es\/wp-json\/wp\/v2\/posts\/2341","targetHints":{"allow":["GET"]}}],"collection":[{"href":"https:\/\/equipvinyesdabad.com\/es\/wp-json\/wp\/v2\/posts"}],"about":[{"href":"https:\/\/equipvinyesdabad.com\/es\/wp-json\/wp\/v2\/types\/post"}],"author":[{"embeddable":true,"href":"https:\/\/equipvinyesdabad.com\/es\/wp-json\/wp\/v2\/users\/1"}],"replies":[{"embeddable":true,"href":"https:\/\/equipvinyesdabad.com\/es\/wp-json\/wp\/v2\/comments?post=2341"}],"version-history":[{"count":3,"href":"https:\/\/equipvinyesdabad.com\/es\/wp-json\/wp\/v2\/posts\/2341\/revisions"}],"predecessor-version":[{"id":4375,"href":"https:\/\/equipvinyesdabad.com\/es\/wp-json\/wp\/v2\/posts\/2341\/revisions\/4375"}],"wp:featuredmedia":[{"embeddable":true,"href":"https:\/\/equipvinyesdabad.com\/es\/wp-json\/wp\/v2\/media\/1634"}],"wp:attachment":[{"href":"https:\/\/equipvinyesdabad.com\/es\/wp-json\/wp\/v2\/media?parent=2341"}],"wp:term":[{"taxonomy":"category","embeddable":true,"href":"https:\/\/equipvinyesdabad.com\/es\/wp-json\/wp\/v2\/categories?post=2341"},{"taxonomy":"post_tag","embeddable":true,"href":"https:\/\/equipvinyesdabad.com\/es\/wp-json\/wp\/v2\/tags?post=2341"}],"curies":[{"name":"wp","href":"https:\/\/api.w.org\/{rel}","templated":true}]}}