{"id":2343,"date":"2018-03-13T00:00:00","date_gmt":"2018-03-13T00:00:00","guid":{"rendered":"https:\/\/equipvinyesdabad.com\/?p=2343"},"modified":"2024-10-31T20:10:48","modified_gmt":"2024-10-31T20:10:48","slug":"vinyes-mercader-y-suzuki-motor-iberica-volveran-a-galicia-para-iniciar-el-cera-2018","status":"publish","type":"post","link":"https:\/\/equipvinyesdabad.com\/es\/rallys\/vinyes-mercader-y-suzuki-motor-iberica-volveran-a-galicia-para-iniciar-el-cera-2018\/","title":{"rendered":"Vinyes-Mercader y Suzuki Motor Ib\u00e9rica volver\u00e1n a Galicia para iniciar el CERA 2018"},"content":{"rendered":"<p style=\"text-align: justify;\">Despu&eacute;s de disputar con &eacute;xito hace tres semanas el Rali A Coru&ntilde;a, Joan Vinyes-Jordi Mercader (Suzuki Swift R+ N5), volver&aacute;n a tierras gallegas, en esta ocasi&oacute;n, con un objetivo m&aacute;s exigente. El 24 Rali do Cocido es el punto de partida del Campeonato de Espa&ntilde;a de Rallys de asfalto (CERA) 2018, certamen en el que el equipo Suzuki Motor Ib&eacute;rica espera tener un protagonismo destacado.&nbsp;&nbsp;&nbsp;&nbsp; &nbsp;<\/p>\n<p>La Escuder&iacute;a Lal&iacute;n-Deza, organizadores del evento, quieren situar el list&oacute;n muy alto en su debut en la organizaci&oacute;n de una prueba&nbsp; del calendario espa&ntilde;ol de la especialidad. <br \/>El recorrido ha sido uno de los apartados que han remodelado de manera espectacular. La competici&oacute;n se iniciar&aacute; el pr&oacute;ximo viernes (d&iacute;a 16) con una especial espect&aacute;culo de 1,65 km, por las calles de Lal&iacute;n.<br \/>Durante la jornada siguiente (s&aacute;bado d&iacute;a 17), ser&aacute;n 12 las especiales a superar (6 de diferentes). En las dos secciones matinales, los participantes deber&aacute;n superar, dos veces cada una: A Estrada &#8211; Silleda (15,40 km), O Couto (9,60 km) y Saborida (14,40 km).<br \/>Despu&eacute;s del reagrupamiento de mitad del rally, el escenario no variar&aacute; demasiado. Se iniciar&aacute; la fase definitiva del rally con una tercera pasada por Saborida. A continuaci&oacute;n tomar&aacute;n el relevo: Carballeda (12,70 km) y Rodeiro-Doz&oacute;n (15,15 km), que ver&aacute;n el paso de los equipos dos veces cada una. <br \/>El rally terminar&aacute; de la misma manera que empez&oacute;, es decir, con la disputa de la especial espect&aacute;culo de Lal&iacute;n.<br \/>Antes de entrar su veh&iacute;culo en el parque cerrado (Plaza Loriga) final, los participantes habr&aacute;n completado un trazado de 509,78 km, de los cuales 153 habr&aacute;n sido de velocidad. <\/p>\n<p>El reglamento 2018 del CERA conlleva algunos cambios en el desarrollo de las pruebas. Quiz&aacute;, el m&aacute;s significativo para pilotos y aficionados puede ser, las consecuencias que se pueden derivar de la disputa del shakedown. Entre las 10.00 y las 12.00 horas del viernes (d&iacute;a 16), se har&aacute; el test de manera similar al de temporadas anteriores, es decir, los primeros 30 minutos para los pilotos prioritarios y durante el tiempo restante podr&aacute;n probar sus mec&aacute;nicas los equipos inscritos al mencionado test.<br \/>La principal novedad se producir&aacute; a continuaci&oacute;n. Los pilotos prioritarios disputar&aacute;n el llamado, tramo cronometrado de calificaci&oacute;n (TCC) en el mismo escenario y por orden seg&uacute;n su clasificaci&oacute;n en la provisional del campeonato. Los pilotos podr&aacute;n escoger su posici&oacute;n de salida en el rally seg&uacute;n la posici&oacute;n que hayan conseguido en el TCC. El m&aacute;s r&aacute;pido escoge el primero.<br \/>&nbsp;&nbsp;&nbsp;&nbsp;&nbsp; &nbsp;<br \/>Precisamente sobre esta variaci&oacute;n del reglamento, Vinyes nos daba su opini&oacute;n: <em><strong>A priori no creo que, en los rallys de asfalto, tenga tanta importancia la posici&oacute;n de salida. Creo que, para nosotros, la prioridad en el shakedown seguir&aacute; siendo la misma, es decir, trabajar en la puesta a punto del Swift y afinarla al m&aacute;ximo para la disputa del rally.<\/strong><\/em><br \/>En cuanto al trazado de la prueba pontevedresa, tambi&eacute;n hay novedades. El piloto de Suzuki hace el siguiente comentario: <em><strong>Creo que no son relevantes. La mayor&iacute;a de las especiales son las mismas y alguna, Rodeiro-Doz&oacute;n por ejemplo, son ligeramente m&aacute;s cortas. Nos encontraremos con un recorrido parecido al de la temporada pasada cuando solo puntuaba para el campeonato gallego. &nbsp;<\/strong><\/em><br \/>&nbsp; <br \/>La zona de asistencia estar&aacute; situada en el recinto de la Feria Internacional de Galicia &#8211; ABANCA en la localidad de Silleda. El podio de salida estar&aacute; en la calle Principal de Lal&iacute;n mientras que la entrega de trofeos se har&aacute; en plaza Joaquin Loriga de la misma localidad. <br \/>Durante las jornadas del rally, la oficina de carrera estar&aacute; instalada en el edificio del Ayuntamiento de Lal&iacute;n. <\/p>\n<p>En cuanto a horarios de la cita de la Escuder&iacute;a Lal&iacute;n &#8211; Deza, cabe mencionar que la ceremonia de salida se har&aacute;, orden decreciente, a partir de las 18.00 horas del viernes (d&iacute;a 16). El inicio del tramo espect&aacute;culo de Lal&iacute;n est&aacute; previsto a partir de las 21.00 horas del mismo d&iacute;a.<br \/>La jornada del s&aacute;bado (d&iacute;a 17) entre las 7,00 y las 22,00 horas se disputar&aacute;n las cuatro secciones que decidir&aacute;n las clasificaciones del Rali do Cocido en su estreno en el CERA.&nbsp;&nbsp; &nbsp;<\/p>\n<p>&nbsp;<\/p>\n<p style=\"text-align: right;\"><strong><strong><a href=\"http:\/\/www.infoesport.org\/imgNoticia\/2018\/180317JVCocido1c.pdf\"><img loading=\"lazy\" decoding=\"async\" style=\"float: right;\" src=\"http:\/\/www.infoesport.org\/auxiliar\/fot\/logos\/icono_pdf.gif\" alt=\"\" width=\"50\" height=\"50\" \/><\/a><\/strong><\/strong>Servicio de Prensa.<\/p>\n","protected":false},"excerpt":{"rendered":"<p>Despu\u00e9s de disputar con \u00e9xito hace tres semanas el Rali A Coru\u00f1a, Joan Vinyes-Jordi Mercader (Suzuki Swift R+ N5), volver\u00e1n a tierras gallegas, en esta ocasi\u00f3n, con un objetivo m\u00e1s exigente. El 24 Rali do Cocido es el punto de partida del Campeonato de Espa\u00f1a de Rallys de asfalto (CERA) 2018, certamen en el que el equipo Suzuki Motor Ib\u00e9rica espera tener un protagonismo destacado. <\/p>\n","protected":false},"author":1,"featured_media":1635,"comment_status":"closed","ping_status":"closed","sticky":false,"template":"","format":"standard","meta":{"_kadence_starter_templates_imported_post":false,"_kad_post_transparent":"","_kad_post_title":"","_kad_post_layout":"","_kad_post_sidebar_id":"","_kad_post_content_style":"","_kad_post_vertical_padding":"","_kad_post_feature":"","_kad_post_feature_position":"","_kad_post_header":false,"_kad_post_footer":false,"_kad_post_classname":"","footnotes":""},"categories":[46,60],"tags":[],"class_list":["post-2343","post","type-post","status-publish","format-standard","has-post-thumbnail","hentry","category-rallys","category-rallys-asfalto"],"yoast_head":"<!-- This site is optimized with the Yoast SEO plugin v27.4 - https:\/\/yoast.com\/product\/yoast-seo-wordpress\/ -->\n<title>Vinyes-Mercader y Suzuki Motor Ib\u00e9rica volver\u00e1n a Galicia para iniciar el CERA 2018 - Equip vinyes dabad<\/title>\n<meta name=\"robots\" content=\"index, follow, max-snippet:-1, max-image-preview:large, max-video-preview:-1\" \/>\n<link rel=\"canonical\" href=\"https:\/\/equipvinyesdabad.com\/es\/rallys\/vinyes-mercader-y-suzuki-motor-iberica-volveran-a-galicia-para-iniciar-el-cera-2018\/\" \/>\n<meta property=\"og:locale\" content=\"es_ES\" \/>\n<meta property=\"og:type\" content=\"article\" \/>\n<meta property=\"og:title\" content=\"Vinyes-Mercader y Suzuki Motor Ib\u00e9rica volver\u00e1n a Galicia para iniciar el CERA 2018 - Equip vinyes dabad\" \/>\n<meta property=\"og:description\" content=\"Despu\u00e9s de disputar con \u00e9xito hace tres semanas el Rali A Coru\u00f1a, Joan Vinyes-Jordi Mercader (Suzuki Swift R+ N5), volver\u00e1n a tierras gallegas, en esta ocasi\u00f3n, con un objetivo m\u00e1s exigente. El 24 Rali do Cocido es el punto de partida del Campeonato de Espa\u00f1a de Rallys de asfalto (CERA) 2018, certamen en el que el equipo Suzuki Motor Ib\u00e9rica espera tener un protagonismo destacado.\" \/>\n<meta property=\"og:url\" content=\"https:\/\/equipvinyesdabad.com\/es\/rallys\/vinyes-mercader-y-suzuki-motor-iberica-volveran-a-galicia-para-iniciar-el-cera-2018\/\" \/>\n<meta property=\"og:site_name\" content=\"Equip vinyes dabad\" \/>\n<meta property=\"article:published_time\" content=\"2018-03-13T00:00:00+00:00\" \/>\n<meta property=\"article:modified_time\" content=\"2024-10-31T20:10:48+00:00\" \/>\n<meta property=\"og:image\" content=\"https:\/\/equipvinyesdabad.com\/wp-content\/uploads\/2024\/10\/logo_vinyes_dabad.png\" \/>\n\t<meta property=\"og:image:width\" content=\"250\" \/>\n\t<meta property=\"og:image:height\" content=\"130\" \/>\n\t<meta property=\"og:image:type\" content=\"image\/png\" \/>\n<meta name=\"author\" content=\"admin\" \/>\n<meta name=\"twitter:card\" content=\"summary_large_image\" \/>\n<meta name=\"twitter:label1\" content=\"Escrito por\" \/>\n\t<meta name=\"twitter:data1\" content=\"admin\" \/>\n\t<meta name=\"twitter:label2\" content=\"Tiempo de lectura\" \/>\n\t<meta name=\"twitter:data2\" content=\"4 minutos\" \/>\n<script type=\"application\/ld+json\" class=\"yoast-schema-graph\">{\"@context\":\"https:\\\/\\\/schema.org\",\"@graph\":[{\"@type\":\"Article\",\"@id\":\"https:\\\/\\\/equipvinyesdabad.com\\\/es\\\/rallys\\\/vinyes-mercader-y-suzuki-motor-iberica-volveran-a-galicia-para-iniciar-el-cera-2018\\\/#article\",\"isPartOf\":{\"@id\":\"https:\\\/\\\/equipvinyesdabad.com\\\/es\\\/rallys\\\/vinyes-mercader-y-suzuki-motor-iberica-volveran-a-galicia-para-iniciar-el-cera-2018\\\/\"},\"author\":{\"name\":\"admin\",\"@id\":\"https:\\\/\\\/equipvinyesdabad.com\\\/es\\\/#\\\/schema\\\/person\\\/962b4c681d63fd4fbd546ec83b775c1b\"},\"headline\":\"Vinyes-Mercader y Suzuki Motor Ib\u00e9rica volver\u00e1n a Galicia para iniciar el CERA 2018\",\"datePublished\":\"2018-03-13T00:00:00+00:00\",\"dateModified\":\"2024-10-31T20:10:48+00:00\",\"mainEntityOfPage\":{\"@id\":\"https:\\\/\\\/equipvinyesdabad.com\\\/es\\\/rallys\\\/vinyes-mercader-y-suzuki-motor-iberica-volveran-a-galicia-para-iniciar-el-cera-2018\\\/\"},\"wordCount\":836,\"image\":{\"@id\":\"https:\\\/\\\/equipvinyesdabad.com\\\/es\\\/rallys\\\/vinyes-mercader-y-suzuki-motor-iberica-volveran-a-galicia-para-iniciar-el-cera-2018\\\/#primaryimage\"},\"thumbnailUrl\":\"https:\\\/\\\/equipvinyesdabad.com\\\/wp-content\\\/uploads\\\/2018\\\/03\\\/05JVCocido6549.jpg\",\"articleSection\":[\"Rallys\",\"Rallys asfalto\"],\"inLanguage\":\"es\"},{\"@type\":\"WebPage\",\"@id\":\"https:\\\/\\\/equipvinyesdabad.com\\\/es\\\/rallys\\\/vinyes-mercader-y-suzuki-motor-iberica-volveran-a-galicia-para-iniciar-el-cera-2018\\\/\",\"url\":\"https:\\\/\\\/equipvinyesdabad.com\\\/es\\\/rallys\\\/vinyes-mercader-y-suzuki-motor-iberica-volveran-a-galicia-para-iniciar-el-cera-2018\\\/\",\"name\":\"Vinyes-Mercader y Suzuki Motor Ib\u00e9rica volver\u00e1n a Galicia para iniciar el CERA 2018 - Equip vinyes dabad\",\"isPartOf\":{\"@id\":\"https:\\\/\\\/equipvinyesdabad.com\\\/es\\\/#website\"},\"primaryImageOfPage\":{\"@id\":\"https:\\\/\\\/equipvinyesdabad.com\\\/es\\\/rallys\\\/vinyes-mercader-y-suzuki-motor-iberica-volveran-a-galicia-para-iniciar-el-cera-2018\\\/#primaryimage\"},\"image\":{\"@id\":\"https:\\\/\\\/equipvinyesdabad.com\\\/es\\\/rallys\\\/vinyes-mercader-y-suzuki-motor-iberica-volveran-a-galicia-para-iniciar-el-cera-2018\\\/#primaryimage\"},\"thumbnailUrl\":\"https:\\\/\\\/equipvinyesdabad.com\\\/wp-content\\\/uploads\\\/2018\\\/03\\\/05JVCocido6549.jpg\",\"datePublished\":\"2018-03-13T00:00:00+00:00\",\"dateModified\":\"2024-10-31T20:10:48+00:00\",\"author\":{\"@id\":\"https:\\\/\\\/equipvinyesdabad.com\\\/es\\\/#\\\/schema\\\/person\\\/962b4c681d63fd4fbd546ec83b775c1b\"},\"breadcrumb\":{\"@id\":\"https:\\\/\\\/equipvinyesdabad.com\\\/es\\\/rallys\\\/vinyes-mercader-y-suzuki-motor-iberica-volveran-a-galicia-para-iniciar-el-cera-2018\\\/#breadcrumb\"},\"inLanguage\":\"es\",\"potentialAction\":[{\"@type\":\"ReadAction\",\"target\":[\"https:\\\/\\\/equipvinyesdabad.com\\\/es\\\/rallys\\\/vinyes-mercader-y-suzuki-motor-iberica-volveran-a-galicia-para-iniciar-el-cera-2018\\\/\"]}]},{\"@type\":\"ImageObject\",\"inLanguage\":\"es\",\"@id\":\"https:\\\/\\\/equipvinyesdabad.com\\\/es\\\/rallys\\\/vinyes-mercader-y-suzuki-motor-iberica-volveran-a-galicia-para-iniciar-el-cera-2018\\\/#primaryimage\",\"url\":\"https:\\\/\\\/equipvinyesdabad.com\\\/wp-content\\\/uploads\\\/2018\\\/03\\\/05JVCocido6549.jpg\",\"contentUrl\":\"https:\\\/\\\/equipvinyesdabad.com\\\/wp-content\\\/uploads\\\/2018\\\/03\\\/05JVCocido6549.jpg\"},{\"@type\":\"BreadcrumbList\",\"@id\":\"https:\\\/\\\/equipvinyesdabad.com\\\/es\\\/rallys\\\/vinyes-mercader-y-suzuki-motor-iberica-volveran-a-galicia-para-iniciar-el-cera-2018\\\/#breadcrumb\",\"itemListElement\":[{\"@type\":\"ListItem\",\"position\":1,\"name\":\"Inicio\",\"item\":\"https:\\\/\\\/equipvinyesdabad.com\\\/es\\\/\"},{\"@type\":\"ListItem\",\"position\":2,\"name\":\"Vinyes-Mercader y Suzuki Motor Ib\u00e9rica volver\u00e1n a Galicia para iniciar el CERA 2018\"}]},{\"@type\":\"WebSite\",\"@id\":\"https:\\\/\\\/equipvinyesdabad.com\\\/es\\\/#website\",\"url\":\"https:\\\/\\\/equipvinyesdabad.com\\\/es\\\/\",\"name\":\"Equip vinyes dabad\",\"description\":\"\",\"potentialAction\":[{\"@type\":\"SearchAction\",\"target\":{\"@type\":\"EntryPoint\",\"urlTemplate\":\"https:\\\/\\\/equipvinyesdabad.com\\\/es\\\/?s={search_term_string}\"},\"query-input\":{\"@type\":\"PropertyValueSpecification\",\"valueRequired\":true,\"valueName\":\"search_term_string\"}}],\"inLanguage\":\"es\"},{\"@type\":\"Person\",\"@id\":\"https:\\\/\\\/equipvinyesdabad.com\\\/es\\\/#\\\/schema\\\/person\\\/962b4c681d63fd4fbd546ec83b775c1b\",\"name\":\"admin\",\"image\":{\"@type\":\"ImageObject\",\"inLanguage\":\"es\",\"@id\":\"https:\\\/\\\/secure.gravatar.com\\\/avatar\\\/6d1c6cfbf1c3aed75f7a05f946b76867c29d677b49f81545b6b9bc58677b08a0?s=96&d=mm&r=g\",\"url\":\"https:\\\/\\\/secure.gravatar.com\\\/avatar\\\/6d1c6cfbf1c3aed75f7a05f946b76867c29d677b49f81545b6b9bc58677b08a0?s=96&d=mm&r=g\",\"contentUrl\":\"https:\\\/\\\/secure.gravatar.com\\\/avatar\\\/6d1c6cfbf1c3aed75f7a05f946b76867c29d677b49f81545b6b9bc58677b08a0?s=96&d=mm&r=g\",\"caption\":\"admin\"},\"sameAs\":[\"https:\\\/\\\/equipvinyesdabad.com\"],\"url\":\"https:\\\/\\\/equipvinyesdabad.com\\\/es\\\/author\\\/web1\\\/\"}]}<\/script>\n<!-- \/ Yoast SEO plugin. -->","yoast_head_json":{"title":"Vinyes-Mercader y Suzuki Motor Ib\u00e9rica volver\u00e1n a Galicia para iniciar el CERA 2018 - Equip vinyes dabad","robots":{"index":"index","follow":"follow","max-snippet":"max-snippet:-1","max-image-preview":"max-image-preview:large","max-video-preview":"max-video-preview:-1"},"canonical":"https:\/\/equipvinyesdabad.com\/es\/rallys\/vinyes-mercader-y-suzuki-motor-iberica-volveran-a-galicia-para-iniciar-el-cera-2018\/","og_locale":"es_ES","og_type":"article","og_title":"Vinyes-Mercader y Suzuki Motor Ib\u00e9rica volver\u00e1n a Galicia para iniciar el CERA 2018 - Equip vinyes dabad","og_description":"Despu\u00e9s de disputar con \u00e9xito hace tres semanas el Rali A Coru\u00f1a, Joan Vinyes-Jordi Mercader (Suzuki Swift R+ N5), volver\u00e1n a tierras gallegas, en esta ocasi\u00f3n, con un objetivo m\u00e1s exigente. El 24 Rali do Cocido es el punto de partida del Campeonato de Espa\u00f1a de Rallys de asfalto (CERA) 2018, certamen en el que el equipo Suzuki Motor Ib\u00e9rica espera tener un protagonismo destacado.","og_url":"https:\/\/equipvinyesdabad.com\/es\/rallys\/vinyes-mercader-y-suzuki-motor-iberica-volveran-a-galicia-para-iniciar-el-cera-2018\/","og_site_name":"Equip vinyes dabad","article_published_time":"2018-03-13T00:00:00+00:00","article_modified_time":"2024-10-31T20:10:48+00:00","og_image":[{"width":250,"height":130,"url":"https:\/\/equipvinyesdabad.com\/wp-content\/uploads\/2024\/10\/logo_vinyes_dabad.png","type":"image\/png"}],"author":"admin","twitter_card":"summary_large_image","twitter_misc":{"Escrito por":"admin","Tiempo de lectura":"4 minutos"},"schema":{"@context":"https:\/\/schema.org","@graph":[{"@type":"Article","@id":"https:\/\/equipvinyesdabad.com\/es\/rallys\/vinyes-mercader-y-suzuki-motor-iberica-volveran-a-galicia-para-iniciar-el-cera-2018\/#article","isPartOf":{"@id":"https:\/\/equipvinyesdabad.com\/es\/rallys\/vinyes-mercader-y-suzuki-motor-iberica-volveran-a-galicia-para-iniciar-el-cera-2018\/"},"author":{"name":"admin","@id":"https:\/\/equipvinyesdabad.com\/es\/#\/schema\/person\/962b4c681d63fd4fbd546ec83b775c1b"},"headline":"Vinyes-Mercader y Suzuki Motor Ib\u00e9rica volver\u00e1n a Galicia para iniciar el CERA 2018","datePublished":"2018-03-13T00:00:00+00:00","dateModified":"2024-10-31T20:10:48+00:00","mainEntityOfPage":{"@id":"https:\/\/equipvinyesdabad.com\/es\/rallys\/vinyes-mercader-y-suzuki-motor-iberica-volveran-a-galicia-para-iniciar-el-cera-2018\/"},"wordCount":836,"image":{"@id":"https:\/\/equipvinyesdabad.com\/es\/rallys\/vinyes-mercader-y-suzuki-motor-iberica-volveran-a-galicia-para-iniciar-el-cera-2018\/#primaryimage"},"thumbnailUrl":"https:\/\/equipvinyesdabad.com\/wp-content\/uploads\/2018\/03\/05JVCocido6549.jpg","articleSection":["Rallys","Rallys asfalto"],"inLanguage":"es"},{"@type":"WebPage","@id":"https:\/\/equipvinyesdabad.com\/es\/rallys\/vinyes-mercader-y-suzuki-motor-iberica-volveran-a-galicia-para-iniciar-el-cera-2018\/","url":"https:\/\/equipvinyesdabad.com\/es\/rallys\/vinyes-mercader-y-suzuki-motor-iberica-volveran-a-galicia-para-iniciar-el-cera-2018\/","name":"Vinyes-Mercader y Suzuki Motor Ib\u00e9rica volver\u00e1n a Galicia para iniciar el CERA 2018 - Equip vinyes dabad","isPartOf":{"@id":"https:\/\/equipvinyesdabad.com\/es\/#website"},"primaryImageOfPage":{"@id":"https:\/\/equipvinyesdabad.com\/es\/rallys\/vinyes-mercader-y-suzuki-motor-iberica-volveran-a-galicia-para-iniciar-el-cera-2018\/#primaryimage"},"image":{"@id":"https:\/\/equipvinyesdabad.com\/es\/rallys\/vinyes-mercader-y-suzuki-motor-iberica-volveran-a-galicia-para-iniciar-el-cera-2018\/#primaryimage"},"thumbnailUrl":"https:\/\/equipvinyesdabad.com\/wp-content\/uploads\/2018\/03\/05JVCocido6549.jpg","datePublished":"2018-03-13T00:00:00+00:00","dateModified":"2024-10-31T20:10:48+00:00","author":{"@id":"https:\/\/equipvinyesdabad.com\/es\/#\/schema\/person\/962b4c681d63fd4fbd546ec83b775c1b"},"breadcrumb":{"@id":"https:\/\/equipvinyesdabad.com\/es\/rallys\/vinyes-mercader-y-suzuki-motor-iberica-volveran-a-galicia-para-iniciar-el-cera-2018\/#breadcrumb"},"inLanguage":"es","potentialAction":[{"@type":"ReadAction","target":["https:\/\/equipvinyesdabad.com\/es\/rallys\/vinyes-mercader-y-suzuki-motor-iberica-volveran-a-galicia-para-iniciar-el-cera-2018\/"]}]},{"@type":"ImageObject","inLanguage":"es","@id":"https:\/\/equipvinyesdabad.com\/es\/rallys\/vinyes-mercader-y-suzuki-motor-iberica-volveran-a-galicia-para-iniciar-el-cera-2018\/#primaryimage","url":"https:\/\/equipvinyesdabad.com\/wp-content\/uploads\/2018\/03\/05JVCocido6549.jpg","contentUrl":"https:\/\/equipvinyesdabad.com\/wp-content\/uploads\/2018\/03\/05JVCocido6549.jpg"},{"@type":"BreadcrumbList","@id":"https:\/\/equipvinyesdabad.com\/es\/rallys\/vinyes-mercader-y-suzuki-motor-iberica-volveran-a-galicia-para-iniciar-el-cera-2018\/#breadcrumb","itemListElement":[{"@type":"ListItem","position":1,"name":"Inicio","item":"https:\/\/equipvinyesdabad.com\/es\/"},{"@type":"ListItem","position":2,"name":"Vinyes-Mercader y Suzuki Motor Ib\u00e9rica volver\u00e1n a Galicia para iniciar el CERA 2018"}]},{"@type":"WebSite","@id":"https:\/\/equipvinyesdabad.com\/es\/#website","url":"https:\/\/equipvinyesdabad.com\/es\/","name":"Equip vinyes dabad","description":"","potentialAction":[{"@type":"SearchAction","target":{"@type":"EntryPoint","urlTemplate":"https:\/\/equipvinyesdabad.com\/es\/?s={search_term_string}"},"query-input":{"@type":"PropertyValueSpecification","valueRequired":true,"valueName":"search_term_string"}}],"inLanguage":"es"},{"@type":"Person","@id":"https:\/\/equipvinyesdabad.com\/es\/#\/schema\/person\/962b4c681d63fd4fbd546ec83b775c1b","name":"admin","image":{"@type":"ImageObject","inLanguage":"es","@id":"https:\/\/secure.gravatar.com\/avatar\/6d1c6cfbf1c3aed75f7a05f946b76867c29d677b49f81545b6b9bc58677b08a0?s=96&d=mm&r=g","url":"https:\/\/secure.gravatar.com\/avatar\/6d1c6cfbf1c3aed75f7a05f946b76867c29d677b49f81545b6b9bc58677b08a0?s=96&d=mm&r=g","contentUrl":"https:\/\/secure.gravatar.com\/avatar\/6d1c6cfbf1c3aed75f7a05f946b76867c29d677b49f81545b6b9bc58677b08a0?s=96&d=mm&r=g","caption":"admin"},"sameAs":["https:\/\/equipvinyesdabad.com"],"url":"https:\/\/equipvinyesdabad.com\/es\/author\/web1\/"}]}},"_links":{"self":[{"href":"https:\/\/equipvinyesdabad.com\/es\/wp-json\/wp\/v2\/posts\/2343","targetHints":{"allow":["GET"]}}],"collection":[{"href":"https:\/\/equipvinyesdabad.com\/es\/wp-json\/wp\/v2\/posts"}],"about":[{"href":"https:\/\/equipvinyesdabad.com\/es\/wp-json\/wp\/v2\/types\/post"}],"author":[{"embeddable":true,"href":"https:\/\/equipvinyesdabad.com\/es\/wp-json\/wp\/v2\/users\/1"}],"replies":[{"embeddable":true,"href":"https:\/\/equipvinyesdabad.com\/es\/wp-json\/wp\/v2\/comments?post=2343"}],"version-history":[{"count":3,"href":"https:\/\/equipvinyesdabad.com\/es\/wp-json\/wp\/v2\/posts\/2343\/revisions"}],"predecessor-version":[{"id":4379,"href":"https:\/\/equipvinyesdabad.com\/es\/wp-json\/wp\/v2\/posts\/2343\/revisions\/4379"}],"wp:featuredmedia":[{"embeddable":true,"href":"https:\/\/equipvinyesdabad.com\/es\/wp-json\/wp\/v2\/media\/1635"}],"wp:attachment":[{"href":"https:\/\/equipvinyesdabad.com\/es\/wp-json\/wp\/v2\/media?parent=2343"}],"wp:term":[{"taxonomy":"category","embeddable":true,"href":"https:\/\/equipvinyesdabad.com\/es\/wp-json\/wp\/v2\/categories?post=2343"},{"taxonomy":"post_tag","embeddable":true,"href":"https:\/\/equipvinyesdabad.com\/es\/wp-json\/wp\/v2\/tags?post=2343"}],"curies":[{"name":"wp","href":"https:\/\/api.w.org\/{rel}","templated":true}]}}