{"id":2345,"date":"2018-02-25T00:00:00","date_gmt":"2018-02-25T00:00:00","guid":{"rendered":"https:\/\/equipvinyesdabad.com\/?p=2345"},"modified":"2024-10-31T20:10:48","modified_gmt":"2024-10-31T20:10:48","slug":"joan-vinyes-en-a-coruna-test-muy-positivo-pensando-en-el-cera-2018","status":"publish","type":"post","link":"https:\/\/equipvinyesdabad.com\/es\/rallys\/joan-vinyes-en-a-coruna-test-muy-positivo-pensando-en-el-cera-2018\/","title":{"rendered":"Joan Vinyes: En A Coru\u00f1a, test muy positivo pensando en el CERA 2018"},"content":{"rendered":"<p style=\"text-align: justify;\">Joan Vinyes &#8211; Jordi Mercader se situaron, por primera vez esta temporada, al volante del Suzuki Swift R+, consiguiendo acabar el 22 Rallye A Coru&ntilde;a, prueba inicial del campeonato gallego de la especialidad, en la 5a plaza de la clasificaci&oacute;n absoluta (1o de la categor&iacute;a N5). <\/p>\n<p>Un excelente resultado si tenemos en cuenta&nbsp; que, como coment&oacute; Vinyes, en A Coru&ntilde;a el objetivo prioritario era hacer la primera toma de contacto del a&ntilde;o con el Swift R+ y con el equipo Suzuki Motor Ib&eacute;rica en general, pensando en el Campeonato de Espa&ntilde;a de Rallys de asfalto (CERA) 2018 que se iniciar&aacute; dentro de tres semanas en la localidad lucense de Lal&iacute;n.<\/p>\n<p>Cabe destacar adem&aacute;s que, por delante de Vinyes-Mercader solo estuvieron equipos gallegos que luchar&aacute;n al final de temporada por el t&iacute;tulo de su Comunidad, pilotando mec&aacute;nicas con mejores prestaciones que las del Swift R+. <\/p>\n<p>As&iacute; pues, Vinyes-Mercader se situaron desde la primera especial en la 5a plaza de la clasificaci&oacute;n absoluta, aunque, quiz&aacute; perdiendo alg&uacute;n segundo de m&aacute;s de lo esperado, respecto a los rivales que le preced&iacute;an, As&iacute; lo comentaba Joan una vez superada la primera pasada por Coir&oacute;s-Aranga (8,64) y Aranga (11,64 km): <em><strong>Creo que en estas primeras especiales ni el Swift ni yo mismo hemos estado lo suficiente precisos para seguir el ritmo de nuestros rivales. Despu&eacute;s del paso por la asistencia hemos modificado algunos reglajes y todo ha ido mucho mejor. De todas maneras estar al nivel de los R5 que ten&iacute;a por delante era imposible. &nbsp;<\/strong><\/em><\/p>\n<p>Con el cambio de escenario, despu&eacute;s de un reagrupamiento de 90&rsquo;, la prueba de A Coru&ntilde;a se traslad&oacute; a las especiales de Arteixo-Laracha (9,47 km) y Cerceda (9,05 km). La din&aacute;mica positiva iniciada a media ma&ntilde;ana se mantuvo hasta el final: <em><strong>Estoy convencido que hacer este test ha sido un gran acierto. Hemos cambiado cosas de la mec&aacute;nica y a nosotros nos ha servido para reencontrar un buen ritmo de competici&oacute;n, despu&eacute;s de tres meses sin subir al Swift. Seguiremos trabajando para limar diferencias con los veh&iacute;culos que nos preceden aunque, nuestro objetivo ser&aacute; estar en lo m&aacute;s alto del podio de la categor&iacute;a N5.<\/strong><\/em><br \/>&nbsp;<br \/>La hora de la verdad llegar&aacute; los pr&oacute;ximos d&iacute;as 16 y 17 de Marzo, cuando se pondr&aacute;n en juego los primeros puntos de las diversas clasificaciones del CERA 2018. Con la disputa del Rally del Cocido, organizado por la Escuder&iacute;a Lal&iacute;n -Deza, se inician las hostilidades en el mencionado campeonato.<\/p>\n<p style=\"text-align: right;\">&nbsp;<\/p>\n<p style=\"text-align: right;\"><strong><strong><a href=\"http:\/\/www.infoesport.org\/imgNoticia\/2018\/180224JVCoruna2c.pdf\"><img loading=\"lazy\" decoding=\"async\" style=\"float: right;\" src=\"http:\/\/www.infoesport.org\/auxiliar\/fot\/logos\/icono_pdf.gif\" alt=\"\" width=\"50\" height=\"50\" \/><\/a><\/strong><\/strong>Servicio de prensa.<\/p>\n<p style=\"text-align: center;\"><strong><span style=\"font-size: medium;\"><br \/><\/span><\/strong><\/p>\n<p style=\"text-align: center;\"><strong><span style=\"font-size: medium;\">Clasificaci&oacute;n del 22 Rally A Coru&ntilde;a (Campeonato regional de Galicia)<\/span><\/strong><\/p>\n<p style=\"text-align: justify;\">1.-Ivan Ares-Jos&eacute; Pintor (Hyundai i20 R5), 47&rsquo;50&rdquo;814,&nbsp; 2.-Victor M. Senra-David Vazquez (Ford Fiesta R5), a 16&rdquo;767,&nbsp; 3.-Iago Caama&ntilde;o-Antonio Solorzano (Ford Fiesta R5), a 35&rdquo;618,&nbsp; 4.-Alberto Meira-Jos&eacute; Murado (Mitsubishi Evo X R4), a 1&rsquo;24&rdquo;992,&nbsp; <strong>5.-Joan Vinyes-Jordi Mercader (Suzuki Swift R+ N5), a 3&rsquo;11&rdquo;697<\/strong><\/p>\n","protected":false},"excerpt":{"rendered":"<p>Joan Vinyes &#8211; Jordi Mercader se situaron, por primera vez esta temporada, al volante del Suzuki Swift R+, consiguiendo acabar el 22 Rallye A Coru\u00f1a, prueba inicial del campeonato gallego de la especialidad, en la 5a plaza de la clasificaci\u00f3n absoluta (1o de la categor\u00eda N5). <\/p>\n<p>Un excelente resultado si tenemos en cuenta  que, como coment\u00f3 Vinyes, en A Coru\u00f1a el objetivo prioritario era hacer la primera toma de contacto del a\u00f1o con el Swift R+ y con el equipo Suzuki Motor Ib\u00e9rica en general, pensando en el Campeonato de Espa\u00f1a de Rallys de asfalto (CERA) 2018 que se iniciar\u00e1 dentro de tres semanas en la localidad lucense de Lal\u00edn.<\/p>\n","protected":false},"author":1,"featured_media":1636,"comment_status":"closed","ping_status":"closed","sticky":false,"template":"","format":"standard","meta":{"_kadence_starter_templates_imported_post":false,"_kad_post_transparent":"","_kad_post_title":"","_kad_post_layout":"","_kad_post_sidebar_id":"","_kad_post_content_style":"","_kad_post_vertical_padding":"","_kad_post_feature":"","_kad_post_feature_position":"","_kad_post_header":false,"_kad_post_footer":false,"_kad_post_classname":"","footnotes":""},"categories":[46,60],"tags":[],"class_list":["post-2345","post","type-post","status-publish","format-standard","has-post-thumbnail","hentry","category-rallys","category-rallys-asfalto"],"yoast_head":"<!-- This site is optimized with the Yoast SEO plugin v27.4 - https:\/\/yoast.com\/product\/yoast-seo-wordpress\/ -->\n<title>Joan Vinyes: En A Coru\u00f1a, test muy positivo pensando en el CERA 2018 - Equip vinyes dabad<\/title>\n<meta name=\"robots\" content=\"index, follow, max-snippet:-1, max-image-preview:large, max-video-preview:-1\" \/>\n<link rel=\"canonical\" href=\"https:\/\/equipvinyesdabad.com\/es\/rallys\/joan-vinyes-en-a-coruna-test-muy-positivo-pensando-en-el-cera-2018\/\" \/>\n<meta property=\"og:locale\" content=\"es_ES\" \/>\n<meta property=\"og:type\" content=\"article\" \/>\n<meta property=\"og:title\" content=\"Joan Vinyes: En A Coru\u00f1a, test muy positivo pensando en el CERA 2018 - Equip vinyes dabad\" \/>\n<meta property=\"og:description\" content=\"Joan Vinyes - Jordi Mercader se situaron, por primera vez esta temporada, al volante del Suzuki Swift R+, consiguiendo acabar el 22 Rallye A Coru\u00f1a, prueba inicial del campeonato gallego de la especialidad, en la 5a plaza de la clasificaci\u00f3n absoluta (1o de la categor\u00eda N5).   Un excelente resultado si tenemos en cuenta que, como coment\u00f3 Vinyes, en A Coru\u00f1a el objetivo prioritario era hacer la primera toma de contacto del a\u00f1o con el Swift R+ y con el equipo Suzuki Motor Ib\u00e9rica en general, pensando en el Campeonato de Espa\u00f1a de Rallys de asfalto (CERA) 2018 que se iniciar\u00e1 dentro de tres semanas en la localidad lucense de Lal\u00edn.\" \/>\n<meta property=\"og:url\" content=\"https:\/\/equipvinyesdabad.com\/es\/rallys\/joan-vinyes-en-a-coruna-test-muy-positivo-pensando-en-el-cera-2018\/\" \/>\n<meta property=\"og:site_name\" content=\"Equip vinyes dabad\" \/>\n<meta property=\"article:published_time\" content=\"2018-02-25T00:00:00+00:00\" \/>\n<meta property=\"article:modified_time\" content=\"2024-10-31T20:10:48+00:00\" \/>\n<meta property=\"og:image\" content=\"https:\/\/equipvinyesdabad.com\/wp-content\/uploads\/2024\/10\/logo_vinyes_dabad.png\" \/>\n\t<meta property=\"og:image:width\" content=\"250\" \/>\n\t<meta property=\"og:image:height\" content=\"130\" \/>\n\t<meta property=\"og:image:type\" content=\"image\/png\" \/>\n<meta name=\"author\" content=\"admin\" \/>\n<meta name=\"twitter:card\" content=\"summary_large_image\" \/>\n<meta name=\"twitter:label1\" content=\"Escrito por\" \/>\n\t<meta name=\"twitter:data1\" content=\"admin\" \/>\n\t<meta name=\"twitter:label2\" content=\"Tiempo de lectura\" \/>\n\t<meta name=\"twitter:data2\" content=\"3 minutos\" \/>\n<script type=\"application\/ld+json\" class=\"yoast-schema-graph\">{\"@context\":\"https:\\\/\\\/schema.org\",\"@graph\":[{\"@type\":\"Article\",\"@id\":\"https:\\\/\\\/equipvinyesdabad.com\\\/es\\\/rallys\\\/joan-vinyes-en-a-coruna-test-muy-positivo-pensando-en-el-cera-2018\\\/#article\",\"isPartOf\":{\"@id\":\"https:\\\/\\\/equipvinyesdabad.com\\\/es\\\/rallys\\\/joan-vinyes-en-a-coruna-test-muy-positivo-pensando-en-el-cera-2018\\\/\"},\"author\":{\"name\":\"admin\",\"@id\":\"https:\\\/\\\/equipvinyesdabad.com\\\/es\\\/#\\\/schema\\\/person\\\/962b4c681d63fd4fbd546ec83b775c1b\"},\"headline\":\"Joan Vinyes: En A Coru\u00f1a, test muy positivo pensando en el CERA 2018\",\"datePublished\":\"2018-02-25T00:00:00+00:00\",\"dateModified\":\"2024-10-31T20:10:48+00:00\",\"mainEntityOfPage\":{\"@id\":\"https:\\\/\\\/equipvinyesdabad.com\\\/es\\\/rallys\\\/joan-vinyes-en-a-coruna-test-muy-positivo-pensando-en-el-cera-2018\\\/\"},\"wordCount\":558,\"image\":{\"@id\":\"https:\\\/\\\/equipvinyesdabad.com\\\/es\\\/rallys\\\/joan-vinyes-en-a-coruna-test-muy-positivo-pensando-en-el-cera-2018\\\/#primaryimage\"},\"thumbnailUrl\":\"https:\\\/\\\/equipvinyesdabad.com\\\/wp-content\\\/uploads\\\/2018\\\/02\\\/05JVCoruna6524.jpg\",\"articleSection\":[\"Rallys\",\"Rallys asfalto\"],\"inLanguage\":\"es\"},{\"@type\":\"WebPage\",\"@id\":\"https:\\\/\\\/equipvinyesdabad.com\\\/es\\\/rallys\\\/joan-vinyes-en-a-coruna-test-muy-positivo-pensando-en-el-cera-2018\\\/\",\"url\":\"https:\\\/\\\/equipvinyesdabad.com\\\/es\\\/rallys\\\/joan-vinyes-en-a-coruna-test-muy-positivo-pensando-en-el-cera-2018\\\/\",\"name\":\"Joan Vinyes: En A Coru\u00f1a, test muy positivo pensando en el CERA 2018 - Equip vinyes dabad\",\"isPartOf\":{\"@id\":\"https:\\\/\\\/equipvinyesdabad.com\\\/es\\\/#website\"},\"primaryImageOfPage\":{\"@id\":\"https:\\\/\\\/equipvinyesdabad.com\\\/es\\\/rallys\\\/joan-vinyes-en-a-coruna-test-muy-positivo-pensando-en-el-cera-2018\\\/#primaryimage\"},\"image\":{\"@id\":\"https:\\\/\\\/equipvinyesdabad.com\\\/es\\\/rallys\\\/joan-vinyes-en-a-coruna-test-muy-positivo-pensando-en-el-cera-2018\\\/#primaryimage\"},\"thumbnailUrl\":\"https:\\\/\\\/equipvinyesdabad.com\\\/wp-content\\\/uploads\\\/2018\\\/02\\\/05JVCoruna6524.jpg\",\"datePublished\":\"2018-02-25T00:00:00+00:00\",\"dateModified\":\"2024-10-31T20:10:48+00:00\",\"author\":{\"@id\":\"https:\\\/\\\/equipvinyesdabad.com\\\/es\\\/#\\\/schema\\\/person\\\/962b4c681d63fd4fbd546ec83b775c1b\"},\"breadcrumb\":{\"@id\":\"https:\\\/\\\/equipvinyesdabad.com\\\/es\\\/rallys\\\/joan-vinyes-en-a-coruna-test-muy-positivo-pensando-en-el-cera-2018\\\/#breadcrumb\"},\"inLanguage\":\"es\",\"potentialAction\":[{\"@type\":\"ReadAction\",\"target\":[\"https:\\\/\\\/equipvinyesdabad.com\\\/es\\\/rallys\\\/joan-vinyes-en-a-coruna-test-muy-positivo-pensando-en-el-cera-2018\\\/\"]}]},{\"@type\":\"ImageObject\",\"inLanguage\":\"es\",\"@id\":\"https:\\\/\\\/equipvinyesdabad.com\\\/es\\\/rallys\\\/joan-vinyes-en-a-coruna-test-muy-positivo-pensando-en-el-cera-2018\\\/#primaryimage\",\"url\":\"https:\\\/\\\/equipvinyesdabad.com\\\/wp-content\\\/uploads\\\/2018\\\/02\\\/05JVCoruna6524.jpg\",\"contentUrl\":\"https:\\\/\\\/equipvinyesdabad.com\\\/wp-content\\\/uploads\\\/2018\\\/02\\\/05JVCoruna6524.jpg\"},{\"@type\":\"BreadcrumbList\",\"@id\":\"https:\\\/\\\/equipvinyesdabad.com\\\/es\\\/rallys\\\/joan-vinyes-en-a-coruna-test-muy-positivo-pensando-en-el-cera-2018\\\/#breadcrumb\",\"itemListElement\":[{\"@type\":\"ListItem\",\"position\":1,\"name\":\"Inicio\",\"item\":\"https:\\\/\\\/equipvinyesdabad.com\\\/es\\\/\"},{\"@type\":\"ListItem\",\"position\":2,\"name\":\"Joan Vinyes: En A Coru\u00f1a, test muy positivo pensando en el CERA 2018\"}]},{\"@type\":\"WebSite\",\"@id\":\"https:\\\/\\\/equipvinyesdabad.com\\\/es\\\/#website\",\"url\":\"https:\\\/\\\/equipvinyesdabad.com\\\/es\\\/\",\"name\":\"Equip vinyes dabad\",\"description\":\"\",\"potentialAction\":[{\"@type\":\"SearchAction\",\"target\":{\"@type\":\"EntryPoint\",\"urlTemplate\":\"https:\\\/\\\/equipvinyesdabad.com\\\/es\\\/?s={search_term_string}\"},\"query-input\":{\"@type\":\"PropertyValueSpecification\",\"valueRequired\":true,\"valueName\":\"search_term_string\"}}],\"inLanguage\":\"es\"},{\"@type\":\"Person\",\"@id\":\"https:\\\/\\\/equipvinyesdabad.com\\\/es\\\/#\\\/schema\\\/person\\\/962b4c681d63fd4fbd546ec83b775c1b\",\"name\":\"admin\",\"image\":{\"@type\":\"ImageObject\",\"inLanguage\":\"es\",\"@id\":\"https:\\\/\\\/secure.gravatar.com\\\/avatar\\\/6d1c6cfbf1c3aed75f7a05f946b76867c29d677b49f81545b6b9bc58677b08a0?s=96&d=mm&r=g\",\"url\":\"https:\\\/\\\/secure.gravatar.com\\\/avatar\\\/6d1c6cfbf1c3aed75f7a05f946b76867c29d677b49f81545b6b9bc58677b08a0?s=96&d=mm&r=g\",\"contentUrl\":\"https:\\\/\\\/secure.gravatar.com\\\/avatar\\\/6d1c6cfbf1c3aed75f7a05f946b76867c29d677b49f81545b6b9bc58677b08a0?s=96&d=mm&r=g\",\"caption\":\"admin\"},\"sameAs\":[\"https:\\\/\\\/equipvinyesdabad.com\"],\"url\":\"https:\\\/\\\/equipvinyesdabad.com\\\/es\\\/author\\\/web1\\\/\"}]}<\/script>\n<!-- \/ Yoast SEO plugin. -->","yoast_head_json":{"title":"Joan Vinyes: En A Coru\u00f1a, test muy positivo pensando en el CERA 2018 - Equip vinyes dabad","robots":{"index":"index","follow":"follow","max-snippet":"max-snippet:-1","max-image-preview":"max-image-preview:large","max-video-preview":"max-video-preview:-1"},"canonical":"https:\/\/equipvinyesdabad.com\/es\/rallys\/joan-vinyes-en-a-coruna-test-muy-positivo-pensando-en-el-cera-2018\/","og_locale":"es_ES","og_type":"article","og_title":"Joan Vinyes: En A Coru\u00f1a, test muy positivo pensando en el CERA 2018 - Equip vinyes dabad","og_description":"Joan Vinyes - Jordi Mercader se situaron, por primera vez esta temporada, al volante del Suzuki Swift R+, consiguiendo acabar el 22 Rallye A Coru\u00f1a, prueba inicial del campeonato gallego de la especialidad, en la 5a plaza de la clasificaci\u00f3n absoluta (1o de la categor\u00eda N5).   Un excelente resultado si tenemos en cuenta que, como coment\u00f3 Vinyes, en A Coru\u00f1a el objetivo prioritario era hacer la primera toma de contacto del a\u00f1o con el Swift R+ y con el equipo Suzuki Motor Ib\u00e9rica en general, pensando en el Campeonato de Espa\u00f1a de Rallys de asfalto (CERA) 2018 que se iniciar\u00e1 dentro de tres semanas en la localidad lucense de Lal\u00edn.","og_url":"https:\/\/equipvinyesdabad.com\/es\/rallys\/joan-vinyes-en-a-coruna-test-muy-positivo-pensando-en-el-cera-2018\/","og_site_name":"Equip vinyes dabad","article_published_time":"2018-02-25T00:00:00+00:00","article_modified_time":"2024-10-31T20:10:48+00:00","og_image":[{"width":250,"height":130,"url":"https:\/\/equipvinyesdabad.com\/wp-content\/uploads\/2024\/10\/logo_vinyes_dabad.png","type":"image\/png"}],"author":"admin","twitter_card":"summary_large_image","twitter_misc":{"Escrito por":"admin","Tiempo de lectura":"3 minutos"},"schema":{"@context":"https:\/\/schema.org","@graph":[{"@type":"Article","@id":"https:\/\/equipvinyesdabad.com\/es\/rallys\/joan-vinyes-en-a-coruna-test-muy-positivo-pensando-en-el-cera-2018\/#article","isPartOf":{"@id":"https:\/\/equipvinyesdabad.com\/es\/rallys\/joan-vinyes-en-a-coruna-test-muy-positivo-pensando-en-el-cera-2018\/"},"author":{"name":"admin","@id":"https:\/\/equipvinyesdabad.com\/es\/#\/schema\/person\/962b4c681d63fd4fbd546ec83b775c1b"},"headline":"Joan Vinyes: En A Coru\u00f1a, test muy positivo pensando en el CERA 2018","datePublished":"2018-02-25T00:00:00+00:00","dateModified":"2024-10-31T20:10:48+00:00","mainEntityOfPage":{"@id":"https:\/\/equipvinyesdabad.com\/es\/rallys\/joan-vinyes-en-a-coruna-test-muy-positivo-pensando-en-el-cera-2018\/"},"wordCount":558,"image":{"@id":"https:\/\/equipvinyesdabad.com\/es\/rallys\/joan-vinyes-en-a-coruna-test-muy-positivo-pensando-en-el-cera-2018\/#primaryimage"},"thumbnailUrl":"https:\/\/equipvinyesdabad.com\/wp-content\/uploads\/2018\/02\/05JVCoruna6524.jpg","articleSection":["Rallys","Rallys asfalto"],"inLanguage":"es"},{"@type":"WebPage","@id":"https:\/\/equipvinyesdabad.com\/es\/rallys\/joan-vinyes-en-a-coruna-test-muy-positivo-pensando-en-el-cera-2018\/","url":"https:\/\/equipvinyesdabad.com\/es\/rallys\/joan-vinyes-en-a-coruna-test-muy-positivo-pensando-en-el-cera-2018\/","name":"Joan Vinyes: En A Coru\u00f1a, test muy positivo pensando en el CERA 2018 - Equip vinyes dabad","isPartOf":{"@id":"https:\/\/equipvinyesdabad.com\/es\/#website"},"primaryImageOfPage":{"@id":"https:\/\/equipvinyesdabad.com\/es\/rallys\/joan-vinyes-en-a-coruna-test-muy-positivo-pensando-en-el-cera-2018\/#primaryimage"},"image":{"@id":"https:\/\/equipvinyesdabad.com\/es\/rallys\/joan-vinyes-en-a-coruna-test-muy-positivo-pensando-en-el-cera-2018\/#primaryimage"},"thumbnailUrl":"https:\/\/equipvinyesdabad.com\/wp-content\/uploads\/2018\/02\/05JVCoruna6524.jpg","datePublished":"2018-02-25T00:00:00+00:00","dateModified":"2024-10-31T20:10:48+00:00","author":{"@id":"https:\/\/equipvinyesdabad.com\/es\/#\/schema\/person\/962b4c681d63fd4fbd546ec83b775c1b"},"breadcrumb":{"@id":"https:\/\/equipvinyesdabad.com\/es\/rallys\/joan-vinyes-en-a-coruna-test-muy-positivo-pensando-en-el-cera-2018\/#breadcrumb"},"inLanguage":"es","potentialAction":[{"@type":"ReadAction","target":["https:\/\/equipvinyesdabad.com\/es\/rallys\/joan-vinyes-en-a-coruna-test-muy-positivo-pensando-en-el-cera-2018\/"]}]},{"@type":"ImageObject","inLanguage":"es","@id":"https:\/\/equipvinyesdabad.com\/es\/rallys\/joan-vinyes-en-a-coruna-test-muy-positivo-pensando-en-el-cera-2018\/#primaryimage","url":"https:\/\/equipvinyesdabad.com\/wp-content\/uploads\/2018\/02\/05JVCoruna6524.jpg","contentUrl":"https:\/\/equipvinyesdabad.com\/wp-content\/uploads\/2018\/02\/05JVCoruna6524.jpg"},{"@type":"BreadcrumbList","@id":"https:\/\/equipvinyesdabad.com\/es\/rallys\/joan-vinyes-en-a-coruna-test-muy-positivo-pensando-en-el-cera-2018\/#breadcrumb","itemListElement":[{"@type":"ListItem","position":1,"name":"Inicio","item":"https:\/\/equipvinyesdabad.com\/es\/"},{"@type":"ListItem","position":2,"name":"Joan Vinyes: En A Coru\u00f1a, test muy positivo pensando en el CERA 2018"}]},{"@type":"WebSite","@id":"https:\/\/equipvinyesdabad.com\/es\/#website","url":"https:\/\/equipvinyesdabad.com\/es\/","name":"Equip vinyes dabad","description":"","potentialAction":[{"@type":"SearchAction","target":{"@type":"EntryPoint","urlTemplate":"https:\/\/equipvinyesdabad.com\/es\/?s={search_term_string}"},"query-input":{"@type":"PropertyValueSpecification","valueRequired":true,"valueName":"search_term_string"}}],"inLanguage":"es"},{"@type":"Person","@id":"https:\/\/equipvinyesdabad.com\/es\/#\/schema\/person\/962b4c681d63fd4fbd546ec83b775c1b","name":"admin","image":{"@type":"ImageObject","inLanguage":"es","@id":"https:\/\/secure.gravatar.com\/avatar\/6d1c6cfbf1c3aed75f7a05f946b76867c29d677b49f81545b6b9bc58677b08a0?s=96&d=mm&r=g","url":"https:\/\/secure.gravatar.com\/avatar\/6d1c6cfbf1c3aed75f7a05f946b76867c29d677b49f81545b6b9bc58677b08a0?s=96&d=mm&r=g","contentUrl":"https:\/\/secure.gravatar.com\/avatar\/6d1c6cfbf1c3aed75f7a05f946b76867c29d677b49f81545b6b9bc58677b08a0?s=96&d=mm&r=g","caption":"admin"},"sameAs":["https:\/\/equipvinyesdabad.com"],"url":"https:\/\/equipvinyesdabad.com\/es\/author\/web1\/"}]}},"_links":{"self":[{"href":"https:\/\/equipvinyesdabad.com\/es\/wp-json\/wp\/v2\/posts\/2345","targetHints":{"allow":["GET"]}}],"collection":[{"href":"https:\/\/equipvinyesdabad.com\/es\/wp-json\/wp\/v2\/posts"}],"about":[{"href":"https:\/\/equipvinyesdabad.com\/es\/wp-json\/wp\/v2\/types\/post"}],"author":[{"embeddable":true,"href":"https:\/\/equipvinyesdabad.com\/es\/wp-json\/wp\/v2\/users\/1"}],"replies":[{"embeddable":true,"href":"https:\/\/equipvinyesdabad.com\/es\/wp-json\/wp\/v2\/comments?post=2345"}],"version-history":[{"count":3,"href":"https:\/\/equipvinyesdabad.com\/es\/wp-json\/wp\/v2\/posts\/2345\/revisions"}],"predecessor-version":[{"id":4383,"href":"https:\/\/equipvinyesdabad.com\/es\/wp-json\/wp\/v2\/posts\/2345\/revisions\/4383"}],"wp:featuredmedia":[{"embeddable":true,"href":"https:\/\/equipvinyesdabad.com\/es\/wp-json\/wp\/v2\/media\/1636"}],"wp:attachment":[{"href":"https:\/\/equipvinyesdabad.com\/es\/wp-json\/wp\/v2\/media?parent=2345"}],"wp:term":[{"taxonomy":"category","embeddable":true,"href":"https:\/\/equipvinyesdabad.com\/es\/wp-json\/wp\/v2\/categories?post=2345"},{"taxonomy":"post_tag","embeddable":true,"href":"https:\/\/equipvinyesdabad.com\/es\/wp-json\/wp\/v2\/tags?post=2345"}],"curies":[{"name":"wp","href":"https:\/\/api.w.org\/{rel}","templated":true}]}}