{"id":2359,"date":"2017-11-01T00:00:00","date_gmt":"2017-11-01T00:00:00","guid":{"rendered":"https:\/\/equipvinyesdabad.com\/?p=2359"},"modified":"2024-10-31T20:10:49","modified_gmt":"2024-10-31T20:10:49","slug":"el-cera17-se-traslada-al-mediterraneo-vinyes-mercader-esperan-que-nada-cambie","status":"publish","type":"post","link":"https:\/\/equipvinyesdabad.com\/es\/rallys\/el-cera17-se-traslada-al-mediterraneo-vinyes-mercader-esperan-que-nada-cambie\/","title":{"rendered":"El CERA17 se traslada al Mediterr\u00e1neo. Vinyes-Mercader esperan que nada cambie"},"content":{"rendered":"<p style=\"text-align: justify\">La pen&uacute;ltima prueba del Campeonato de Espa&ntilde;a de Rallys de Asfalto 2017, 23 Rallye La Nucia &#8211; Costa Mediterr&aacute;nea, se disputar&aacute; el pr&oacute;ximo fin de semana por las carreteras de la Marina Baixa (Alicante). <br \/>Joan Vinyes &#8211; Jordi Mercader (Suzuki Swift R+), estar&aacute;n en el podio de salida con el objetivo de estar en la lucha por las posiciones delanteras de la prueba y as&iacute;, dar continuidad a la racha de excelentes actuaciones que han protagonizado en esta segunda parte de la temporada.&nbsp;&nbsp; &nbsp;<\/p>\n<p>Los miembros del Autom&oacute;vil Club AIA, para la 23a de su prueba, se han mantenido fieles a unas carreteras que, en diferentes combinaciones, vienen siendo la base del recorrido. As&iacute; pues, localidades como Sella, Relleu, Orxeta, entre otras, ver&aacute;n pasar una temporada m&aacute;s por sus calles, a los participantes del rally.<br \/>Tambi&eacute;n han querido mantener la tradici&oacute;n de tener en su trazado a una de las especiales m&aacute;s largas del CERA. En esta ocasi&oacute;n el tramo cronometrado que cerrar&aacute; el rally La Nucia ser&aacute; el denominado Confrides-Relleu de 35,307 km. &nbsp;<br \/>El recorrido total de la prueba alicantina ser&aacute; de 429,65 km, de los cuales 159,83 km ser&aacute;n de velocidad, repartidos en 7 especiales (5 diferentes).&nbsp; &nbsp;<\/p>\n<p>Dicen que no hay dos sin tres, Vinyes quiere hacer bueno este dicho popular y, en La Nucia, seguir en el podio absoluto al final del rally, as&iacute; lo comentaba: <em><strong>Es evidente que por nosotros no va quedar. El Swift R+ transmite excelentes sensaciones y nosotros parece que aprovechamos el momento. La prueba de La Nucia tiene un trazado en el que hemos competido en diversas ocasiones y las cosas nos han salido bien en general.<\/strong><\/em> Como se puede apreciar, el piloto del equipo Suzuki Ib&eacute;rica es optimista, aunque es consciente que habr&aacute; dificultades a superar: <em><strong>Una competici&oacute;n nunca es f&aacute;cil, siempre hay que contar con que los rivales tambi&eacute;n quieren ganar. Adem&aacute;s en este caso Miguel Fuster, tambi&eacute;n pilotando un N5, ejercer&aacute; de piloto local y esto siempre quiere decir que conoce mucho mejor, que el resto, el trazado por donde se disputa la prueba. Sin duda ser&aacute; un rally muy competido, nos vamos a divertir&#8230;<\/strong><\/em><br \/><em><strong>&nbsp;<\/strong> <\/em><br \/>Las instalaciones de la impresionante ciudad deportiva Camilo Cano de la localidad alicantina ser&aacute;n la base administrativa de la organizaci&oacute;n. La zona de aparcamiento acoger&aacute; la log&iacute;stica de los equipos durante la disputa del rally.<\/p>\n<p>El pr&oacute;ximo viernes (d&iacute;a 3), en la especial de Sella (4 km) entre las 10.00 y las 12.00 horas, se celebrar&aacute; el shakedown, mientras que la ceremonia de salida se llevar&aacute; a cabo a partir de las 20,00 horas del mismo d&iacute;a, en el podio ubicado en el Jard&iacute;n del Palacio de la Diputaci&oacute;n Provincial de Alicante. &nbsp;<\/p>\n<p>El 23 Rally La Nucia &#8211; Costa Mediterr&aacute;nea se iniciar&aacute; a las 7.30 horas de s&aacute;bado (d&iacute;a 4), momento en el que tomar&aacute; la salida el primer participante desde el podio situado en la ciudad deportiva de La Nucia. El final del rally est&aacute; previsto a partir de las 20.33 horas de la misma jornada, en el escenario mencionado.<\/p>\n<p><\/p>\n<p style=\"text-align: right\"><strong><strong><a href=\"http:\/\/www.infoesport.org\/imgNoticia\/2017\/171104JVNucia1c.pdf\"><img loading=\"lazy\" decoding=\"async\" style=\"float: right\" src=\"http:\/\/www.infoesport.org\/auxiliar\/fot\/logos\/icono_pdf.gif\" alt=\"\" width=\"50\" height=\"50\" \/><\/a><\/strong><\/strong>Servicio de Prensa.<\/p>\n<p><\/p>\n<p style=\"text-align: center\"><span style=\"font-size: small\"><strong>Clasificaciones provisionales del Campeonato de Espa&ntilde;a de Rallys de asfalto 2017<\/strong><\/span><\/p>\n<p style=\"text-align: justify\"><strong>Pilotos.<\/strong> 1.-Ivan Ares, 284,8 puntos, 2.-Pedro Burgo, 215,4 p., 3.-Cristian Garc&iacute;a, 176,4 p., 4.-Surhayen Pern&iacute;a, 161,4 p., 5.-Gorka Antxustegi, 129,4 p.,&nbsp; <strong>6.-Joan Vinyes, 121,2 p.<\/strong><\/p>\n<p><strong>Marcas. 1.-Suzuki, 472,2 puntos,<\/strong> 2.-Renault, 297,6 p., 3.-Seat, 105,2 p.<\/p>\n<p><\/p>\n","protected":false},"excerpt":{"rendered":"<p>La pen\u00faltima prueba del Campeonato de Espa\u00f1a de Rallys de Asfalto 2017, 23 Rallye La Nucia &#8211; Costa Mediterr\u00e1nea, se disputar\u00e1 el pr\u00f3ximo fin de semana por las carreteras de la Marina Baixa (Alicante).<br \/>\nJoan Vinyes &#8211; Jordi Mercader (Suzuki Swift R+), estar\u00e1n en el podio de salida con el objetivo de estar en la lucha por las posiciones delanteras de la prueba y as\u00ed, dar continuidad a la racha de excelentes actuaciones que han protagonizado en esta segunda parte de la temporada.  <\/p>\n","protected":false},"author":1,"featured_media":1644,"comment_status":"closed","ping_status":"closed","sticky":false,"template":"","format":"standard","meta":{"_kadence_starter_templates_imported_post":false,"_kad_post_transparent":"","_kad_post_title":"","_kad_post_layout":"","_kad_post_sidebar_id":"","_kad_post_content_style":"","_kad_post_vertical_padding":"","_kad_post_feature":"","_kad_post_feature_position":"","_kad_post_header":false,"_kad_post_footer":false,"_kad_post_classname":"","footnotes":""},"categories":[46,60],"tags":[],"class_list":["post-2359","post","type-post","status-publish","format-standard","has-post-thumbnail","hentry","category-rallys","category-rallys-asfalto"],"yoast_head":"<!-- This site is optimized with the Yoast SEO plugin v27.4 - https:\/\/yoast.com\/product\/yoast-seo-wordpress\/ -->\n<title>El CERA17 se traslada al Mediterr\u00e1neo. Vinyes-Mercader esperan que nada cambie - Equip vinyes dabad<\/title>\n<meta name=\"robots\" content=\"index, follow, max-snippet:-1, max-image-preview:large, max-video-preview:-1\" \/>\n<link rel=\"canonical\" href=\"https:\/\/equipvinyesdabad.com\/es\/rallys\/el-cera17-se-traslada-al-mediterraneo-vinyes-mercader-esperan-que-nada-cambie\/\" \/>\n<meta property=\"og:locale\" content=\"es_ES\" \/>\n<meta property=\"og:type\" content=\"article\" \/>\n<meta property=\"og:title\" content=\"El CERA17 se traslada al Mediterr\u00e1neo. Vinyes-Mercader esperan que nada cambie - Equip vinyes dabad\" \/>\n<meta property=\"og:description\" content=\"La pen\u00faltima prueba del Campeonato de Espa\u00f1a de Rallys de Asfalto 2017, 23 Rallye La Nucia - Costa Mediterr\u00e1nea, se disputar\u00e1 el pr\u00f3ximo fin de semana por las carreteras de la Marina Baixa (Alicante). Joan Vinyes - Jordi Mercader (Suzuki Swift R+), estar\u00e1n en el podio de salida con el objetivo de estar en la lucha por las posiciones delanteras de la prueba y as\u00ed, dar continuidad a la racha de excelentes actuaciones que han protagonizado en esta segunda parte de la temporada.\" \/>\n<meta property=\"og:url\" content=\"https:\/\/equipvinyesdabad.com\/es\/rallys\/el-cera17-se-traslada-al-mediterraneo-vinyes-mercader-esperan-que-nada-cambie\/\" \/>\n<meta property=\"og:site_name\" content=\"Equip vinyes dabad\" \/>\n<meta property=\"article:published_time\" content=\"2017-11-01T00:00:00+00:00\" \/>\n<meta property=\"article:modified_time\" content=\"2024-10-31T20:10:49+00:00\" \/>\n<meta property=\"og:image\" content=\"https:\/\/equipvinyesdabad.com\/wp-content\/uploads\/2024\/10\/logo_vinyes_dabad.png\" \/>\n\t<meta property=\"og:image:width\" content=\"250\" \/>\n\t<meta property=\"og:image:height\" content=\"130\" \/>\n\t<meta property=\"og:image:type\" content=\"image\/png\" \/>\n<meta name=\"author\" content=\"admin\" \/>\n<meta name=\"twitter:card\" content=\"summary_large_image\" \/>\n<meta name=\"twitter:label1\" content=\"Escrito por\" \/>\n\t<meta name=\"twitter:data1\" content=\"admin\" \/>\n\t<meta name=\"twitter:label2\" content=\"Tiempo de lectura\" \/>\n\t<meta name=\"twitter:data2\" content=\"3 minutos\" \/>\n<script type=\"application\/ld+json\" class=\"yoast-schema-graph\">{\"@context\":\"https:\\\/\\\/schema.org\",\"@graph\":[{\"@type\":\"Article\",\"@id\":\"https:\\\/\\\/equipvinyesdabad.com\\\/es\\\/rallys\\\/el-cera17-se-traslada-al-mediterraneo-vinyes-mercader-esperan-que-nada-cambie\\\/#article\",\"isPartOf\":{\"@id\":\"https:\\\/\\\/equipvinyesdabad.com\\\/es\\\/rallys\\\/el-cera17-se-traslada-al-mediterraneo-vinyes-mercader-esperan-que-nada-cambie\\\/\"},\"author\":{\"name\":\"admin\",\"@id\":\"https:\\\/\\\/equipvinyesdabad.com\\\/es\\\/#\\\/schema\\\/person\\\/962b4c681d63fd4fbd546ec83b775c1b\"},\"headline\":\"El CERA17 se traslada al Mediterr\u00e1neo. Vinyes-Mercader esperan que nada cambie\",\"datePublished\":\"2017-11-01T00:00:00+00:00\",\"dateModified\":\"2024-10-31T20:10:49+00:00\",\"mainEntityOfPage\":{\"@id\":\"https:\\\/\\\/equipvinyesdabad.com\\\/es\\\/rallys\\\/el-cera17-se-traslada-al-mediterraneo-vinyes-mercader-esperan-que-nada-cambie\\\/\"},\"wordCount\":632,\"image\":{\"@id\":\"https:\\\/\\\/equipvinyesdabad.com\\\/es\\\/rallys\\\/el-cera17-se-traslada-al-mediterraneo-vinyes-mercader-esperan-que-nada-cambie\\\/#primaryimage\"},\"thumbnailUrl\":\"https:\\\/\\\/equipvinyesdabad.com\\\/wp-content\\\/uploads\\\/2017\\\/11\\\/05JVNucia5623.jpg\",\"articleSection\":[\"Rallys\",\"Rallys asfalto\"],\"inLanguage\":\"es\"},{\"@type\":\"WebPage\",\"@id\":\"https:\\\/\\\/equipvinyesdabad.com\\\/es\\\/rallys\\\/el-cera17-se-traslada-al-mediterraneo-vinyes-mercader-esperan-que-nada-cambie\\\/\",\"url\":\"https:\\\/\\\/equipvinyesdabad.com\\\/es\\\/rallys\\\/el-cera17-se-traslada-al-mediterraneo-vinyes-mercader-esperan-que-nada-cambie\\\/\",\"name\":\"El CERA17 se traslada al Mediterr\u00e1neo. Vinyes-Mercader esperan que nada cambie - Equip vinyes dabad\",\"isPartOf\":{\"@id\":\"https:\\\/\\\/equipvinyesdabad.com\\\/es\\\/#website\"},\"primaryImageOfPage\":{\"@id\":\"https:\\\/\\\/equipvinyesdabad.com\\\/es\\\/rallys\\\/el-cera17-se-traslada-al-mediterraneo-vinyes-mercader-esperan-que-nada-cambie\\\/#primaryimage\"},\"image\":{\"@id\":\"https:\\\/\\\/equipvinyesdabad.com\\\/es\\\/rallys\\\/el-cera17-se-traslada-al-mediterraneo-vinyes-mercader-esperan-que-nada-cambie\\\/#primaryimage\"},\"thumbnailUrl\":\"https:\\\/\\\/equipvinyesdabad.com\\\/wp-content\\\/uploads\\\/2017\\\/11\\\/05JVNucia5623.jpg\",\"datePublished\":\"2017-11-01T00:00:00+00:00\",\"dateModified\":\"2024-10-31T20:10:49+00:00\",\"author\":{\"@id\":\"https:\\\/\\\/equipvinyesdabad.com\\\/es\\\/#\\\/schema\\\/person\\\/962b4c681d63fd4fbd546ec83b775c1b\"},\"breadcrumb\":{\"@id\":\"https:\\\/\\\/equipvinyesdabad.com\\\/es\\\/rallys\\\/el-cera17-se-traslada-al-mediterraneo-vinyes-mercader-esperan-que-nada-cambie\\\/#breadcrumb\"},\"inLanguage\":\"es\",\"potentialAction\":[{\"@type\":\"ReadAction\",\"target\":[\"https:\\\/\\\/equipvinyesdabad.com\\\/es\\\/rallys\\\/el-cera17-se-traslada-al-mediterraneo-vinyes-mercader-esperan-que-nada-cambie\\\/\"]}]},{\"@type\":\"ImageObject\",\"inLanguage\":\"es\",\"@id\":\"https:\\\/\\\/equipvinyesdabad.com\\\/es\\\/rallys\\\/el-cera17-se-traslada-al-mediterraneo-vinyes-mercader-esperan-que-nada-cambie\\\/#primaryimage\",\"url\":\"https:\\\/\\\/equipvinyesdabad.com\\\/wp-content\\\/uploads\\\/2017\\\/11\\\/05JVNucia5623.jpg\",\"contentUrl\":\"https:\\\/\\\/equipvinyesdabad.com\\\/wp-content\\\/uploads\\\/2017\\\/11\\\/05JVNucia5623.jpg\"},{\"@type\":\"BreadcrumbList\",\"@id\":\"https:\\\/\\\/equipvinyesdabad.com\\\/es\\\/rallys\\\/el-cera17-se-traslada-al-mediterraneo-vinyes-mercader-esperan-que-nada-cambie\\\/#breadcrumb\",\"itemListElement\":[{\"@type\":\"ListItem\",\"position\":1,\"name\":\"Inicio\",\"item\":\"https:\\\/\\\/equipvinyesdabad.com\\\/es\\\/\"},{\"@type\":\"ListItem\",\"position\":2,\"name\":\"El CERA17 se traslada al Mediterr\u00e1neo. Vinyes-Mercader esperan que nada cambie\"}]},{\"@type\":\"WebSite\",\"@id\":\"https:\\\/\\\/equipvinyesdabad.com\\\/es\\\/#website\",\"url\":\"https:\\\/\\\/equipvinyesdabad.com\\\/es\\\/\",\"name\":\"Equip vinyes dabad\",\"description\":\"\",\"potentialAction\":[{\"@type\":\"SearchAction\",\"target\":{\"@type\":\"EntryPoint\",\"urlTemplate\":\"https:\\\/\\\/equipvinyesdabad.com\\\/es\\\/?s={search_term_string}\"},\"query-input\":{\"@type\":\"PropertyValueSpecification\",\"valueRequired\":true,\"valueName\":\"search_term_string\"}}],\"inLanguage\":\"es\"},{\"@type\":\"Person\",\"@id\":\"https:\\\/\\\/equipvinyesdabad.com\\\/es\\\/#\\\/schema\\\/person\\\/962b4c681d63fd4fbd546ec83b775c1b\",\"name\":\"admin\",\"image\":{\"@type\":\"ImageObject\",\"inLanguage\":\"es\",\"@id\":\"https:\\\/\\\/secure.gravatar.com\\\/avatar\\\/6d1c6cfbf1c3aed75f7a05f946b76867c29d677b49f81545b6b9bc58677b08a0?s=96&d=mm&r=g\",\"url\":\"https:\\\/\\\/secure.gravatar.com\\\/avatar\\\/6d1c6cfbf1c3aed75f7a05f946b76867c29d677b49f81545b6b9bc58677b08a0?s=96&d=mm&r=g\",\"contentUrl\":\"https:\\\/\\\/secure.gravatar.com\\\/avatar\\\/6d1c6cfbf1c3aed75f7a05f946b76867c29d677b49f81545b6b9bc58677b08a0?s=96&d=mm&r=g\",\"caption\":\"admin\"},\"sameAs\":[\"https:\\\/\\\/equipvinyesdabad.com\"],\"url\":\"https:\\\/\\\/equipvinyesdabad.com\\\/es\\\/author\\\/web1\\\/\"}]}<\/script>\n<!-- \/ Yoast SEO plugin. -->","yoast_head_json":{"title":"El CERA17 se traslada al Mediterr\u00e1neo. Vinyes-Mercader esperan que nada cambie - Equip vinyes dabad","robots":{"index":"index","follow":"follow","max-snippet":"max-snippet:-1","max-image-preview":"max-image-preview:large","max-video-preview":"max-video-preview:-1"},"canonical":"https:\/\/equipvinyesdabad.com\/es\/rallys\/el-cera17-se-traslada-al-mediterraneo-vinyes-mercader-esperan-que-nada-cambie\/","og_locale":"es_ES","og_type":"article","og_title":"El CERA17 se traslada al Mediterr\u00e1neo. Vinyes-Mercader esperan que nada cambie - Equip vinyes dabad","og_description":"La pen\u00faltima prueba del Campeonato de Espa\u00f1a de Rallys de Asfalto 2017, 23 Rallye La Nucia - Costa Mediterr\u00e1nea, se disputar\u00e1 el pr\u00f3ximo fin de semana por las carreteras de la Marina Baixa (Alicante). Joan Vinyes - Jordi Mercader (Suzuki Swift R+), estar\u00e1n en el podio de salida con el objetivo de estar en la lucha por las posiciones delanteras de la prueba y as\u00ed, dar continuidad a la racha de excelentes actuaciones que han protagonizado en esta segunda parte de la temporada.","og_url":"https:\/\/equipvinyesdabad.com\/es\/rallys\/el-cera17-se-traslada-al-mediterraneo-vinyes-mercader-esperan-que-nada-cambie\/","og_site_name":"Equip vinyes dabad","article_published_time":"2017-11-01T00:00:00+00:00","article_modified_time":"2024-10-31T20:10:49+00:00","og_image":[{"width":250,"height":130,"url":"https:\/\/equipvinyesdabad.com\/wp-content\/uploads\/2024\/10\/logo_vinyes_dabad.png","type":"image\/png"}],"author":"admin","twitter_card":"summary_large_image","twitter_misc":{"Escrito por":"admin","Tiempo de lectura":"3 minutos"},"schema":{"@context":"https:\/\/schema.org","@graph":[{"@type":"Article","@id":"https:\/\/equipvinyesdabad.com\/es\/rallys\/el-cera17-se-traslada-al-mediterraneo-vinyes-mercader-esperan-que-nada-cambie\/#article","isPartOf":{"@id":"https:\/\/equipvinyesdabad.com\/es\/rallys\/el-cera17-se-traslada-al-mediterraneo-vinyes-mercader-esperan-que-nada-cambie\/"},"author":{"name":"admin","@id":"https:\/\/equipvinyesdabad.com\/es\/#\/schema\/person\/962b4c681d63fd4fbd546ec83b775c1b"},"headline":"El CERA17 se traslada al Mediterr\u00e1neo. Vinyes-Mercader esperan que nada cambie","datePublished":"2017-11-01T00:00:00+00:00","dateModified":"2024-10-31T20:10:49+00:00","mainEntityOfPage":{"@id":"https:\/\/equipvinyesdabad.com\/es\/rallys\/el-cera17-se-traslada-al-mediterraneo-vinyes-mercader-esperan-que-nada-cambie\/"},"wordCount":632,"image":{"@id":"https:\/\/equipvinyesdabad.com\/es\/rallys\/el-cera17-se-traslada-al-mediterraneo-vinyes-mercader-esperan-que-nada-cambie\/#primaryimage"},"thumbnailUrl":"https:\/\/equipvinyesdabad.com\/wp-content\/uploads\/2017\/11\/05JVNucia5623.jpg","articleSection":["Rallys","Rallys asfalto"],"inLanguage":"es"},{"@type":"WebPage","@id":"https:\/\/equipvinyesdabad.com\/es\/rallys\/el-cera17-se-traslada-al-mediterraneo-vinyes-mercader-esperan-que-nada-cambie\/","url":"https:\/\/equipvinyesdabad.com\/es\/rallys\/el-cera17-se-traslada-al-mediterraneo-vinyes-mercader-esperan-que-nada-cambie\/","name":"El CERA17 se traslada al Mediterr\u00e1neo. Vinyes-Mercader esperan que nada cambie - Equip vinyes dabad","isPartOf":{"@id":"https:\/\/equipvinyesdabad.com\/es\/#website"},"primaryImageOfPage":{"@id":"https:\/\/equipvinyesdabad.com\/es\/rallys\/el-cera17-se-traslada-al-mediterraneo-vinyes-mercader-esperan-que-nada-cambie\/#primaryimage"},"image":{"@id":"https:\/\/equipvinyesdabad.com\/es\/rallys\/el-cera17-se-traslada-al-mediterraneo-vinyes-mercader-esperan-que-nada-cambie\/#primaryimage"},"thumbnailUrl":"https:\/\/equipvinyesdabad.com\/wp-content\/uploads\/2017\/11\/05JVNucia5623.jpg","datePublished":"2017-11-01T00:00:00+00:00","dateModified":"2024-10-31T20:10:49+00:00","author":{"@id":"https:\/\/equipvinyesdabad.com\/es\/#\/schema\/person\/962b4c681d63fd4fbd546ec83b775c1b"},"breadcrumb":{"@id":"https:\/\/equipvinyesdabad.com\/es\/rallys\/el-cera17-se-traslada-al-mediterraneo-vinyes-mercader-esperan-que-nada-cambie\/#breadcrumb"},"inLanguage":"es","potentialAction":[{"@type":"ReadAction","target":["https:\/\/equipvinyesdabad.com\/es\/rallys\/el-cera17-se-traslada-al-mediterraneo-vinyes-mercader-esperan-que-nada-cambie\/"]}]},{"@type":"ImageObject","inLanguage":"es","@id":"https:\/\/equipvinyesdabad.com\/es\/rallys\/el-cera17-se-traslada-al-mediterraneo-vinyes-mercader-esperan-que-nada-cambie\/#primaryimage","url":"https:\/\/equipvinyesdabad.com\/wp-content\/uploads\/2017\/11\/05JVNucia5623.jpg","contentUrl":"https:\/\/equipvinyesdabad.com\/wp-content\/uploads\/2017\/11\/05JVNucia5623.jpg"},{"@type":"BreadcrumbList","@id":"https:\/\/equipvinyesdabad.com\/es\/rallys\/el-cera17-se-traslada-al-mediterraneo-vinyes-mercader-esperan-que-nada-cambie\/#breadcrumb","itemListElement":[{"@type":"ListItem","position":1,"name":"Inicio","item":"https:\/\/equipvinyesdabad.com\/es\/"},{"@type":"ListItem","position":2,"name":"El CERA17 se traslada al Mediterr\u00e1neo. Vinyes-Mercader esperan que nada cambie"}]},{"@type":"WebSite","@id":"https:\/\/equipvinyesdabad.com\/es\/#website","url":"https:\/\/equipvinyesdabad.com\/es\/","name":"Equip vinyes dabad","description":"","potentialAction":[{"@type":"SearchAction","target":{"@type":"EntryPoint","urlTemplate":"https:\/\/equipvinyesdabad.com\/es\/?s={search_term_string}"},"query-input":{"@type":"PropertyValueSpecification","valueRequired":true,"valueName":"search_term_string"}}],"inLanguage":"es"},{"@type":"Person","@id":"https:\/\/equipvinyesdabad.com\/es\/#\/schema\/person\/962b4c681d63fd4fbd546ec83b775c1b","name":"admin","image":{"@type":"ImageObject","inLanguage":"es","@id":"https:\/\/secure.gravatar.com\/avatar\/6d1c6cfbf1c3aed75f7a05f946b76867c29d677b49f81545b6b9bc58677b08a0?s=96&d=mm&r=g","url":"https:\/\/secure.gravatar.com\/avatar\/6d1c6cfbf1c3aed75f7a05f946b76867c29d677b49f81545b6b9bc58677b08a0?s=96&d=mm&r=g","contentUrl":"https:\/\/secure.gravatar.com\/avatar\/6d1c6cfbf1c3aed75f7a05f946b76867c29d677b49f81545b6b9bc58677b08a0?s=96&d=mm&r=g","caption":"admin"},"sameAs":["https:\/\/equipvinyesdabad.com"],"url":"https:\/\/equipvinyesdabad.com\/es\/author\/web1\/"}]}},"_links":{"self":[{"href":"https:\/\/equipvinyesdabad.com\/es\/wp-json\/wp\/v2\/posts\/2359","targetHints":{"allow":["GET"]}}],"collection":[{"href":"https:\/\/equipvinyesdabad.com\/es\/wp-json\/wp\/v2\/posts"}],"about":[{"href":"https:\/\/equipvinyesdabad.com\/es\/wp-json\/wp\/v2\/types\/post"}],"author":[{"embeddable":true,"href":"https:\/\/equipvinyesdabad.com\/es\/wp-json\/wp\/v2\/users\/1"}],"replies":[{"embeddable":true,"href":"https:\/\/equipvinyesdabad.com\/es\/wp-json\/wp\/v2\/comments?post=2359"}],"version-history":[{"count":6,"href":"https:\/\/equipvinyesdabad.com\/es\/wp-json\/wp\/v2\/posts\/2359\/revisions"}],"predecessor-version":[{"id":4737,"href":"https:\/\/equipvinyesdabad.com\/es\/wp-json\/wp\/v2\/posts\/2359\/revisions\/4737"}],"wp:featuredmedia":[{"embeddable":true,"href":"https:\/\/equipvinyesdabad.com\/es\/wp-json\/wp\/v2\/media\/1644"}],"wp:attachment":[{"href":"https:\/\/equipvinyesdabad.com\/es\/wp-json\/wp\/v2\/media?parent=2359"}],"wp:term":[{"taxonomy":"category","embeddable":true,"href":"https:\/\/equipvinyesdabad.com\/es\/wp-json\/wp\/v2\/categories?post=2359"},{"taxonomy":"post_tag","embeddable":true,"href":"https:\/\/equipvinyesdabad.com\/es\/wp-json\/wp\/v2\/tags?post=2359"}],"curies":[{"name":"wp","href":"https:\/\/api.w.org\/{rel}","templated":true}]}}