{"id":2361,"date":"2017-10-22T00:00:00","date_gmt":"2017-10-22T00:00:00","guid":{"rendered":"https:\/\/equipvinyesdabad.com\/?p=2361"},"modified":"2024-10-31T20:10:49","modified_gmt":"2024-10-31T20:10:49","slug":"vinyes-mercader-tambien-en-el-podio-absoluto-del-rallye-santander-cantabria","status":"publish","type":"post","link":"https:\/\/equipvinyesdabad.com\/es\/rallys\/vinyes-mercader-tambien-en-el-podio-absoluto-del-rallye-santander-cantabria\/","title":{"rendered":"Vinyes-Mercader, tambi\u00e9n en el podio absoluto del Rallye Santander Cantabria"},"content":{"rendered":"<p style=\"text-align: justify\">El 38 Rallye Santander Cantabria, antepen&uacute;ltima prueba v&aacute;lida para el Campeonato de Espa&ntilde;a de Rallys de asfalto (CERA) 2017, tuvo un desenlace favorable para Joan Vinyes &#8211; Jordi Mercader (Suzuki Swift R+). Los pilotos de Suzuki Ib&eacute;rica completaron la prueba en la tercera plaza del podio absoluto y como claros vencedores de la categor&iacute;a N5. Adem&aacute;s, cabe destacar que Suzuki consigui&oacute; uno de sus objetivos de la presente temporada, el t&iacute;tulo espa&ntilde;ol de marcas. <br \/>&nbsp;<br \/>En Cantabria, tambi&eacute;n se combinaron elementos climatol&oacute;gicos diversos. Buena parte de los reconocimientos se hicieron con lluvia, el shakedown (viernes d&iacute;a 20) se disput&oacute; con el asfalto seco a pesar de que durante la noche anterior llovi&oacute;. La jornada del rally (s&aacute;bado d&iacute;a 20)&nbsp; se inici&oacute; con lluvia abundante mientras que a medida que avanzaba el d&iacute;a, el sol gan&oacute; protagonismo. Las cronometradas de las secciones finales se hicieron con asfalto seco pero, con zonas h&uacute;medas y la amenaza que la lluvia pod&iacute;a volver en cualquier momento. Es decir, m&aacute;s variedad imposible.<br \/>Vinyes-Mercader, pudieron comprobar muy pronto que la exigencia de las cronometradas c&aacute;ntabras ser&iacute;a muy grande. En seco patinaban mucho y, en consecuencia, con la lluvia y la suciedad acumulada por el paso de los coches hac&iacute;a muy dif&iacute;cil aguantar el veh&iacute;culo sobre el asfalto.<\/p>\n<p>Una vez superadas las fases previas del Cantabr&iacute;a 2017, Vinyes comentaba: <em><strong>En los reconocimientos ya pudimos adivinar algunos de los obst&aacute;culos que tendr&iacute;amos que superar durante la carrera. El shakedown lo hemos disputado en seco y ma&ntilde;ana dicen que llover&aacute;. A pesar de todo hemos hecho diversos test que, si ma&ntilde;ana llueve, nos pueden ser muy &uacute;tiles en un futuro pr&oacute;ximo sobre asfalto seco. El objetivo no es otro que seguir progresando.&nbsp;<\/strong><\/em>&nbsp;&nbsp;&nbsp;&nbsp;&nbsp; &nbsp;<br \/>&nbsp;<br \/><strong>1a y 2a Secci&oacute;n. (San Roque-Villacarriedo, Barcenilla-Vega).<\/strong><br \/>La previsi&oacute;n era de lluvia y se cumpli&oacute;. En el parque de asistencia (El Sardinero) pocas dudas en el momento de escoger las ruedas, a primera hora de la ma&ntilde;ana.<br \/>La lluvia ca&iacute;a con generosidad en el escenario de las cronometradas y las consecuencias no tardaron en producirse. Neutralizaci&oacute;n de la primera especial (San Roque), debido a la salida de carretera de uno de los participantes. Esta situaci&oacute;n se repiti&oacute; en la &uacute;ltima especial de la ma&ntilde;ana (segunda pasada por Barcenilla).<br \/>Con este nivel de dificultad, Vinyes-Mercader volvieron a brillar al volante del Swift R+. En las tres especiales que disputaron se situaron muy cerca de los R5, incluso les superaron en el segundo paso por San Roque, consiguiendo el scratch de este parcial.<\/p>\n<p>Despu&eacute;s de entrar su veh&iacute;culo en el parque cerrado de mitad de carrera, Joan nos comentaba sus impresiones hasta este momento: <em><strong>El recorrido estaba muy complicado, el asfalto patinaba mucho y era imposible mantener un ritmo regular. <\/strong><\/em><br \/><em><strong>De todas maneras las dificultades son para todos igual, no queda otra que improvisar y encontrar la mejor soluci&oacute;n para seguir con opciones de estar entre los mejores al final del rally. Estoy a gusto al volante del Swift R+ , los cronos lo dicen todo.<\/strong><\/em><\/p>\n<p><strong>3a y 4a Secci&oacute;n. (Villanueva-Matienzo, Ramales-Ruesga).<\/strong> <br \/>La disputa de la recta final de la prueba de la C.D. Pe&ntilde;ucas, tambi&eacute;n con especiales complicadas, empez&oacute; con mejor ambiente climatol&oacute;gico. La lluvia reapareci&oacute; en el &uacute;ltimo instante pero no provoc&oacute; cambios a destacar en la clasificaci&oacute;n de la carrera. Vinyes-Mercader siguieron marcando el ritmo de los N5, pero cediendo opciones en la lucha por acercarse a los l&iacute;deres del rally (los R5 de Ares y Burgo). &nbsp;<\/p>\n<p>Al llegar a la asistencia final, Vinyes se mostraba muy satisfecho de haber conseguido su segundo podio absoluto consecutivo en un rally v&aacute;lido para el CERA 2017. Estas eran sus palabras: Ha sido un rally muy dif&iacute;cil. <em><strong>En Cantabria muchas veces coinciden especiales complicadas con una climatolog&iacute;a adversa. Este a&ntilde;o ha sido uno de ellos. Por esta raz&oacute;n estamos contentos con el resultado y sobre todo con el rendimiento del Swift R+, una mec&aacute;nica que mejora su competitividad en cada rally. Queda margen de mejora pero, es evidente, que a medida que ha avanzado la temporada hemos sido m&aacute;s competitivos. Tambi&eacute;n es motivo de especial satisfacci&oacute;n que, en Santander, Suzuki ha conseguido el t&iacute;tulo del Campeonato de Espa&ntilde;a de marcas.<\/strong><\/em><br \/>&nbsp; <br \/>Dentro de escasas dos semanas (d&iacute;as 3 y 4 de noviembre), Joan Vinyes-Jordi Mercader se situar&aacute;n de nuevo al volante del Suzuki Swift R+ para disputar la pen&uacute;ltima prueba del calendario del Campeonato de Espa&ntilde;a de Rallys de asfalto. Ser&aacute; el 23 Rally la Nucia &#8211; Mediterr&aacute;neo que se correr&aacute; por las carreteras de Alicante, organizado por el Autom&oacute;vil Club AIA.<\/p>\n<p><\/p>\n<p style=\"text-align: right\"><strong><strong><a href=\"http:\/\/www.infoesport.org\/imgNoticia\/2017\/171021JVCan2c.pdf\"><img loading=\"lazy\" decoding=\"async\" style=\"float: right\" src=\"http:\/\/www.infoesport.org\/auxiliar\/fot\/logos\/icono_pdf.gif\" alt=\"\" width=\"50\" height=\"50\" \/><\/a><\/strong><\/strong>Servicio de prensa.<\/p>\n<p><\/p>\n<p style=\"text-align: center\"><span style=\"font-size: medium\"><strong>Clasificaci&oacute;n 38 Rallye Santander Cantabria<\/strong><\/span><\/p>\n<p style=\"text-align: justify\"><strong>Absoluta:<\/strong> <br \/>1.-Ivan Ares-Jose A. Pintor (Hyundai i20 R5), 1h43&rsquo;26.9, 2.-Pedro Burgo-Marcos Burgo (Skoda Fabia R5) a 0&rsquo;33.8, <strong>3.-Joan Vinyes-Jordi Mercader (Suzuki Swift R+ N5) a 1&rsquo;21.9<\/strong>, 4.-Gorka Anxustegi-Alberto Iglesias (Suzuki Swift R+ N5) a 2&rsquo;14.1, 5.-Javier Pardo-Adri&aacute;n P&eacute;rez (Peugeot 208 R2) a 7&rsquo;25&rdquo;0.<\/p>\n","protected":false},"excerpt":{"rendered":"<p>El 38 Rallye Santander Cantabria, antepen\u00faltima prueba v\u00e1lida para el Campeonato de Espa\u00f1a de Rallys de asfalto (CERA) 2017, tuvo un desenlace favorable para Joan Vinyes &#8211; Jordi Mercader (Suzuki Swift R+). Los pilotos de Suzuki Ib\u00e9rica completaron la prueba en la tercera plaza del podio absoluto y como claros vencedores de la categor\u00eda N5. Adem\u00e1s, cabe destacar que Suzuki consigui\u00f3 uno de sus objetivos de la presente temporada, el t\u00edtulo espa\u00f1ol de marcas.<\/p>\n","protected":false},"author":1,"featured_media":1645,"comment_status":"closed","ping_status":"closed","sticky":false,"template":"","format":"standard","meta":{"_kadence_starter_templates_imported_post":false,"_kad_post_transparent":"","_kad_post_title":"","_kad_post_layout":"","_kad_post_sidebar_id":"","_kad_post_content_style":"","_kad_post_vertical_padding":"","_kad_post_feature":"","_kad_post_feature_position":"","_kad_post_header":false,"_kad_post_footer":false,"_kad_post_classname":"","footnotes":""},"categories":[46,60],"tags":[],"class_list":["post-2361","post","type-post","status-publish","format-standard","has-post-thumbnail","hentry","category-rallys","category-rallys-asfalto"],"yoast_head":"<!-- This site is optimized with the Yoast SEO plugin v27.4 - https:\/\/yoast.com\/product\/yoast-seo-wordpress\/ -->\n<title>Vinyes-Mercader, tambi\u00e9n en el podio absoluto del Rallye Santander Cantabria - Equip vinyes dabad<\/title>\n<meta name=\"robots\" content=\"index, follow, max-snippet:-1, max-image-preview:large, max-video-preview:-1\" \/>\n<link rel=\"canonical\" href=\"https:\/\/equipvinyesdabad.com\/es\/rallys\/vinyes-mercader-tambien-en-el-podio-absoluto-del-rallye-santander-cantabria\/\" \/>\n<meta property=\"og:locale\" content=\"es_ES\" \/>\n<meta property=\"og:type\" content=\"article\" \/>\n<meta property=\"og:title\" content=\"Vinyes-Mercader, tambi\u00e9n en el podio absoluto del Rallye Santander Cantabria - Equip vinyes dabad\" \/>\n<meta property=\"og:description\" content=\"El 38 Rallye Santander Cantabria, antepen\u00faltima prueba v\u00e1lida para el Campeonato de Espa\u00f1a de Rallys de asfalto (CERA) 2017, tuvo un desenlace favorable para Joan Vinyes - Jordi Mercader (Suzuki Swift R+). Los pilotos de Suzuki Ib\u00e9rica completaron la prueba en la tercera plaza del podio absoluto y como claros vencedores de la categor\u00eda N5. Adem\u00e1s, cabe destacar que Suzuki consigui\u00f3 uno de sus objetivos de la presente temporada, el t\u00edtulo espa\u00f1ol de marcas.\" \/>\n<meta property=\"og:url\" content=\"https:\/\/equipvinyesdabad.com\/es\/rallys\/vinyes-mercader-tambien-en-el-podio-absoluto-del-rallye-santander-cantabria\/\" \/>\n<meta property=\"og:site_name\" content=\"Equip vinyes dabad\" \/>\n<meta property=\"article:published_time\" content=\"2017-10-22T00:00:00+00:00\" \/>\n<meta property=\"article:modified_time\" content=\"2024-10-31T20:10:49+00:00\" \/>\n<meta property=\"og:image\" content=\"https:\/\/equipvinyesdabad.com\/wp-content\/uploads\/2024\/10\/logo_vinyes_dabad.png\" \/>\n\t<meta property=\"og:image:width\" content=\"250\" \/>\n\t<meta property=\"og:image:height\" content=\"130\" \/>\n\t<meta property=\"og:image:type\" content=\"image\/png\" \/>\n<meta name=\"author\" content=\"admin\" \/>\n<meta name=\"twitter:card\" content=\"summary_large_image\" \/>\n<meta name=\"twitter:label1\" content=\"Escrito por\" \/>\n\t<meta name=\"twitter:data1\" content=\"admin\" \/>\n\t<meta name=\"twitter:label2\" content=\"Tiempo de lectura\" \/>\n\t<meta name=\"twitter:data2\" content=\"5 minutos\" \/>\n<script type=\"application\/ld+json\" class=\"yoast-schema-graph\">{\"@context\":\"https:\\\/\\\/schema.org\",\"@graph\":[{\"@type\":\"Article\",\"@id\":\"https:\\\/\\\/equipvinyesdabad.com\\\/es\\\/rallys\\\/vinyes-mercader-tambien-en-el-podio-absoluto-del-rallye-santander-cantabria\\\/#article\",\"isPartOf\":{\"@id\":\"https:\\\/\\\/equipvinyesdabad.com\\\/es\\\/rallys\\\/vinyes-mercader-tambien-en-el-podio-absoluto-del-rallye-santander-cantabria\\\/\"},\"author\":{\"name\":\"admin\",\"@id\":\"https:\\\/\\\/equipvinyesdabad.com\\\/es\\\/#\\\/schema\\\/person\\\/962b4c681d63fd4fbd546ec83b775c1b\"},\"headline\":\"Vinyes-Mercader, tambi\u00e9n en el podio absoluto del Rallye Santander Cantabria\",\"datePublished\":\"2017-10-22T00:00:00+00:00\",\"dateModified\":\"2024-10-31T20:10:49+00:00\",\"mainEntityOfPage\":{\"@id\":\"https:\\\/\\\/equipvinyesdabad.com\\\/es\\\/rallys\\\/vinyes-mercader-tambien-en-el-podio-absoluto-del-rallye-santander-cantabria\\\/\"},\"wordCount\":960,\"image\":{\"@id\":\"https:\\\/\\\/equipvinyesdabad.com\\\/es\\\/rallys\\\/vinyes-mercader-tambien-en-el-podio-absoluto-del-rallye-santander-cantabria\\\/#primaryimage\"},\"thumbnailUrl\":\"https:\\\/\\\/equipvinyesdabad.com\\\/wp-content\\\/uploads\\\/2017\\\/10\\\/05JVCant8050.jpg\",\"articleSection\":[\"Rallys\",\"Rallys asfalto\"],\"inLanguage\":\"es\"},{\"@type\":\"WebPage\",\"@id\":\"https:\\\/\\\/equipvinyesdabad.com\\\/es\\\/rallys\\\/vinyes-mercader-tambien-en-el-podio-absoluto-del-rallye-santander-cantabria\\\/\",\"url\":\"https:\\\/\\\/equipvinyesdabad.com\\\/es\\\/rallys\\\/vinyes-mercader-tambien-en-el-podio-absoluto-del-rallye-santander-cantabria\\\/\",\"name\":\"Vinyes-Mercader, tambi\u00e9n en el podio absoluto del Rallye Santander Cantabria - Equip vinyes dabad\",\"isPartOf\":{\"@id\":\"https:\\\/\\\/equipvinyesdabad.com\\\/es\\\/#website\"},\"primaryImageOfPage\":{\"@id\":\"https:\\\/\\\/equipvinyesdabad.com\\\/es\\\/rallys\\\/vinyes-mercader-tambien-en-el-podio-absoluto-del-rallye-santander-cantabria\\\/#primaryimage\"},\"image\":{\"@id\":\"https:\\\/\\\/equipvinyesdabad.com\\\/es\\\/rallys\\\/vinyes-mercader-tambien-en-el-podio-absoluto-del-rallye-santander-cantabria\\\/#primaryimage\"},\"thumbnailUrl\":\"https:\\\/\\\/equipvinyesdabad.com\\\/wp-content\\\/uploads\\\/2017\\\/10\\\/05JVCant8050.jpg\",\"datePublished\":\"2017-10-22T00:00:00+00:00\",\"dateModified\":\"2024-10-31T20:10:49+00:00\",\"author\":{\"@id\":\"https:\\\/\\\/equipvinyesdabad.com\\\/es\\\/#\\\/schema\\\/person\\\/962b4c681d63fd4fbd546ec83b775c1b\"},\"breadcrumb\":{\"@id\":\"https:\\\/\\\/equipvinyesdabad.com\\\/es\\\/rallys\\\/vinyes-mercader-tambien-en-el-podio-absoluto-del-rallye-santander-cantabria\\\/#breadcrumb\"},\"inLanguage\":\"es\",\"potentialAction\":[{\"@type\":\"ReadAction\",\"target\":[\"https:\\\/\\\/equipvinyesdabad.com\\\/es\\\/rallys\\\/vinyes-mercader-tambien-en-el-podio-absoluto-del-rallye-santander-cantabria\\\/\"]}]},{\"@type\":\"ImageObject\",\"inLanguage\":\"es\",\"@id\":\"https:\\\/\\\/equipvinyesdabad.com\\\/es\\\/rallys\\\/vinyes-mercader-tambien-en-el-podio-absoluto-del-rallye-santander-cantabria\\\/#primaryimage\",\"url\":\"https:\\\/\\\/equipvinyesdabad.com\\\/wp-content\\\/uploads\\\/2017\\\/10\\\/05JVCant8050.jpg\",\"contentUrl\":\"https:\\\/\\\/equipvinyesdabad.com\\\/wp-content\\\/uploads\\\/2017\\\/10\\\/05JVCant8050.jpg\"},{\"@type\":\"BreadcrumbList\",\"@id\":\"https:\\\/\\\/equipvinyesdabad.com\\\/es\\\/rallys\\\/vinyes-mercader-tambien-en-el-podio-absoluto-del-rallye-santander-cantabria\\\/#breadcrumb\",\"itemListElement\":[{\"@type\":\"ListItem\",\"position\":1,\"name\":\"Inicio\",\"item\":\"https:\\\/\\\/equipvinyesdabad.com\\\/es\\\/\"},{\"@type\":\"ListItem\",\"position\":2,\"name\":\"Vinyes-Mercader, tambi\u00e9n en el podio absoluto del Rallye Santander Cantabria\"}]},{\"@type\":\"WebSite\",\"@id\":\"https:\\\/\\\/equipvinyesdabad.com\\\/es\\\/#website\",\"url\":\"https:\\\/\\\/equipvinyesdabad.com\\\/es\\\/\",\"name\":\"Equip vinyes dabad\",\"description\":\"\",\"potentialAction\":[{\"@type\":\"SearchAction\",\"target\":{\"@type\":\"EntryPoint\",\"urlTemplate\":\"https:\\\/\\\/equipvinyesdabad.com\\\/es\\\/?s={search_term_string}\"},\"query-input\":{\"@type\":\"PropertyValueSpecification\",\"valueRequired\":true,\"valueName\":\"search_term_string\"}}],\"inLanguage\":\"es\"},{\"@type\":\"Person\",\"@id\":\"https:\\\/\\\/equipvinyesdabad.com\\\/es\\\/#\\\/schema\\\/person\\\/962b4c681d63fd4fbd546ec83b775c1b\",\"name\":\"admin\",\"image\":{\"@type\":\"ImageObject\",\"inLanguage\":\"es\",\"@id\":\"https:\\\/\\\/secure.gravatar.com\\\/avatar\\\/6d1c6cfbf1c3aed75f7a05f946b76867c29d677b49f81545b6b9bc58677b08a0?s=96&d=mm&r=g\",\"url\":\"https:\\\/\\\/secure.gravatar.com\\\/avatar\\\/6d1c6cfbf1c3aed75f7a05f946b76867c29d677b49f81545b6b9bc58677b08a0?s=96&d=mm&r=g\",\"contentUrl\":\"https:\\\/\\\/secure.gravatar.com\\\/avatar\\\/6d1c6cfbf1c3aed75f7a05f946b76867c29d677b49f81545b6b9bc58677b08a0?s=96&d=mm&r=g\",\"caption\":\"admin\"},\"sameAs\":[\"https:\\\/\\\/equipvinyesdabad.com\"],\"url\":\"https:\\\/\\\/equipvinyesdabad.com\\\/es\\\/author\\\/web1\\\/\"}]}<\/script>\n<!-- \/ Yoast SEO plugin. -->","yoast_head_json":{"title":"Vinyes-Mercader, tambi\u00e9n en el podio absoluto del Rallye Santander Cantabria - Equip vinyes dabad","robots":{"index":"index","follow":"follow","max-snippet":"max-snippet:-1","max-image-preview":"max-image-preview:large","max-video-preview":"max-video-preview:-1"},"canonical":"https:\/\/equipvinyesdabad.com\/es\/rallys\/vinyes-mercader-tambien-en-el-podio-absoluto-del-rallye-santander-cantabria\/","og_locale":"es_ES","og_type":"article","og_title":"Vinyes-Mercader, tambi\u00e9n en el podio absoluto del Rallye Santander Cantabria - Equip vinyes dabad","og_description":"El 38 Rallye Santander Cantabria, antepen\u00faltima prueba v\u00e1lida para el Campeonato de Espa\u00f1a de Rallys de asfalto (CERA) 2017, tuvo un desenlace favorable para Joan Vinyes - Jordi Mercader (Suzuki Swift R+). Los pilotos de Suzuki Ib\u00e9rica completaron la prueba en la tercera plaza del podio absoluto y como claros vencedores de la categor\u00eda N5. Adem\u00e1s, cabe destacar que Suzuki consigui\u00f3 uno de sus objetivos de la presente temporada, el t\u00edtulo espa\u00f1ol de marcas.","og_url":"https:\/\/equipvinyesdabad.com\/es\/rallys\/vinyes-mercader-tambien-en-el-podio-absoluto-del-rallye-santander-cantabria\/","og_site_name":"Equip vinyes dabad","article_published_time":"2017-10-22T00:00:00+00:00","article_modified_time":"2024-10-31T20:10:49+00:00","og_image":[{"width":250,"height":130,"url":"https:\/\/equipvinyesdabad.com\/wp-content\/uploads\/2024\/10\/logo_vinyes_dabad.png","type":"image\/png"}],"author":"admin","twitter_card":"summary_large_image","twitter_misc":{"Escrito por":"admin","Tiempo de lectura":"5 minutos"},"schema":{"@context":"https:\/\/schema.org","@graph":[{"@type":"Article","@id":"https:\/\/equipvinyesdabad.com\/es\/rallys\/vinyes-mercader-tambien-en-el-podio-absoluto-del-rallye-santander-cantabria\/#article","isPartOf":{"@id":"https:\/\/equipvinyesdabad.com\/es\/rallys\/vinyes-mercader-tambien-en-el-podio-absoluto-del-rallye-santander-cantabria\/"},"author":{"name":"admin","@id":"https:\/\/equipvinyesdabad.com\/es\/#\/schema\/person\/962b4c681d63fd4fbd546ec83b775c1b"},"headline":"Vinyes-Mercader, tambi\u00e9n en el podio absoluto del Rallye Santander Cantabria","datePublished":"2017-10-22T00:00:00+00:00","dateModified":"2024-10-31T20:10:49+00:00","mainEntityOfPage":{"@id":"https:\/\/equipvinyesdabad.com\/es\/rallys\/vinyes-mercader-tambien-en-el-podio-absoluto-del-rallye-santander-cantabria\/"},"wordCount":960,"image":{"@id":"https:\/\/equipvinyesdabad.com\/es\/rallys\/vinyes-mercader-tambien-en-el-podio-absoluto-del-rallye-santander-cantabria\/#primaryimage"},"thumbnailUrl":"https:\/\/equipvinyesdabad.com\/wp-content\/uploads\/2017\/10\/05JVCant8050.jpg","articleSection":["Rallys","Rallys asfalto"],"inLanguage":"es"},{"@type":"WebPage","@id":"https:\/\/equipvinyesdabad.com\/es\/rallys\/vinyes-mercader-tambien-en-el-podio-absoluto-del-rallye-santander-cantabria\/","url":"https:\/\/equipvinyesdabad.com\/es\/rallys\/vinyes-mercader-tambien-en-el-podio-absoluto-del-rallye-santander-cantabria\/","name":"Vinyes-Mercader, tambi\u00e9n en el podio absoluto del Rallye Santander Cantabria - Equip vinyes dabad","isPartOf":{"@id":"https:\/\/equipvinyesdabad.com\/es\/#website"},"primaryImageOfPage":{"@id":"https:\/\/equipvinyesdabad.com\/es\/rallys\/vinyes-mercader-tambien-en-el-podio-absoluto-del-rallye-santander-cantabria\/#primaryimage"},"image":{"@id":"https:\/\/equipvinyesdabad.com\/es\/rallys\/vinyes-mercader-tambien-en-el-podio-absoluto-del-rallye-santander-cantabria\/#primaryimage"},"thumbnailUrl":"https:\/\/equipvinyesdabad.com\/wp-content\/uploads\/2017\/10\/05JVCant8050.jpg","datePublished":"2017-10-22T00:00:00+00:00","dateModified":"2024-10-31T20:10:49+00:00","author":{"@id":"https:\/\/equipvinyesdabad.com\/es\/#\/schema\/person\/962b4c681d63fd4fbd546ec83b775c1b"},"breadcrumb":{"@id":"https:\/\/equipvinyesdabad.com\/es\/rallys\/vinyes-mercader-tambien-en-el-podio-absoluto-del-rallye-santander-cantabria\/#breadcrumb"},"inLanguage":"es","potentialAction":[{"@type":"ReadAction","target":["https:\/\/equipvinyesdabad.com\/es\/rallys\/vinyes-mercader-tambien-en-el-podio-absoluto-del-rallye-santander-cantabria\/"]}]},{"@type":"ImageObject","inLanguage":"es","@id":"https:\/\/equipvinyesdabad.com\/es\/rallys\/vinyes-mercader-tambien-en-el-podio-absoluto-del-rallye-santander-cantabria\/#primaryimage","url":"https:\/\/equipvinyesdabad.com\/wp-content\/uploads\/2017\/10\/05JVCant8050.jpg","contentUrl":"https:\/\/equipvinyesdabad.com\/wp-content\/uploads\/2017\/10\/05JVCant8050.jpg"},{"@type":"BreadcrumbList","@id":"https:\/\/equipvinyesdabad.com\/es\/rallys\/vinyes-mercader-tambien-en-el-podio-absoluto-del-rallye-santander-cantabria\/#breadcrumb","itemListElement":[{"@type":"ListItem","position":1,"name":"Inicio","item":"https:\/\/equipvinyesdabad.com\/es\/"},{"@type":"ListItem","position":2,"name":"Vinyes-Mercader, tambi\u00e9n en el podio absoluto del Rallye Santander Cantabria"}]},{"@type":"WebSite","@id":"https:\/\/equipvinyesdabad.com\/es\/#website","url":"https:\/\/equipvinyesdabad.com\/es\/","name":"Equip vinyes dabad","description":"","potentialAction":[{"@type":"SearchAction","target":{"@type":"EntryPoint","urlTemplate":"https:\/\/equipvinyesdabad.com\/es\/?s={search_term_string}"},"query-input":{"@type":"PropertyValueSpecification","valueRequired":true,"valueName":"search_term_string"}}],"inLanguage":"es"},{"@type":"Person","@id":"https:\/\/equipvinyesdabad.com\/es\/#\/schema\/person\/962b4c681d63fd4fbd546ec83b775c1b","name":"admin","image":{"@type":"ImageObject","inLanguage":"es","@id":"https:\/\/secure.gravatar.com\/avatar\/6d1c6cfbf1c3aed75f7a05f946b76867c29d677b49f81545b6b9bc58677b08a0?s=96&d=mm&r=g","url":"https:\/\/secure.gravatar.com\/avatar\/6d1c6cfbf1c3aed75f7a05f946b76867c29d677b49f81545b6b9bc58677b08a0?s=96&d=mm&r=g","contentUrl":"https:\/\/secure.gravatar.com\/avatar\/6d1c6cfbf1c3aed75f7a05f946b76867c29d677b49f81545b6b9bc58677b08a0?s=96&d=mm&r=g","caption":"admin"},"sameAs":["https:\/\/equipvinyesdabad.com"],"url":"https:\/\/equipvinyesdabad.com\/es\/author\/web1\/"}]}},"_links":{"self":[{"href":"https:\/\/equipvinyesdabad.com\/es\/wp-json\/wp\/v2\/posts\/2361","targetHints":{"allow":["GET"]}}],"collection":[{"href":"https:\/\/equipvinyesdabad.com\/es\/wp-json\/wp\/v2\/posts"}],"about":[{"href":"https:\/\/equipvinyesdabad.com\/es\/wp-json\/wp\/v2\/types\/post"}],"author":[{"embeddable":true,"href":"https:\/\/equipvinyesdabad.com\/es\/wp-json\/wp\/v2\/users\/1"}],"replies":[{"embeddable":true,"href":"https:\/\/equipvinyesdabad.com\/es\/wp-json\/wp\/v2\/comments?post=2361"}],"version-history":[{"count":6,"href":"https:\/\/equipvinyesdabad.com\/es\/wp-json\/wp\/v2\/posts\/2361\/revisions"}],"predecessor-version":[{"id":4739,"href":"https:\/\/equipvinyesdabad.com\/es\/wp-json\/wp\/v2\/posts\/2361\/revisions\/4739"}],"wp:featuredmedia":[{"embeddable":true,"href":"https:\/\/equipvinyesdabad.com\/es\/wp-json\/wp\/v2\/media\/1645"}],"wp:attachment":[{"href":"https:\/\/equipvinyesdabad.com\/es\/wp-json\/wp\/v2\/media?parent=2361"}],"wp:term":[{"taxonomy":"category","embeddable":true,"href":"https:\/\/equipvinyesdabad.com\/es\/wp-json\/wp\/v2\/categories?post=2361"},{"taxonomy":"post_tag","embeddable":true,"href":"https:\/\/equipvinyesdabad.com\/es\/wp-json\/wp\/v2\/tags?post=2361"}],"curies":[{"name":"wp","href":"https:\/\/api.w.org\/{rel}","templated":true}]}}