{"id":2363,"date":"2017-10-17T00:00:00","date_gmt":"2017-10-17T00:00:00","guid":{"rendered":"https:\/\/equipvinyesdabad.com\/?p=2363"},"modified":"2024-10-31T20:10:49","modified_gmt":"2024-10-31T20:10:49","slug":"santander-cantabria-proximo-reto-para-joan-vinyes-jordi-mercader-en-el-cera-2017","status":"publish","type":"post","link":"https:\/\/equipvinyesdabad.com\/es\/rallys\/santander-cantabria-proximo-reto-para-joan-vinyes-jordi-mercader-en-el-cera-2017\/","title":{"rendered":"Santander-Cantabria pr\u00f3ximo reto para Joan Vinyes-Jordi Mercader en el CERA 2017"},"content":{"rendered":"<p style=\"text-align: justify\">El pr&oacute;ximo s&aacute;bado (d&iacute;a 21), el Campeonato de Espa&ntilde;a de Rallys de asfalto (CERA) 2017 se despedir&aacute; de la cornisa cant&aacute;brica con la disputa del 38 Rallye Santander Cantabria, antepen&uacute;ltima cita del calendario del certamen mencionado. <br \/>Joan Vinyes-Jordi Mercader (Suzuki Swift R+), estar&aacute;n en el podio de salida, en esta ocasi&oacute;n situado en la plaza Alfonso XIII de la capital c&aacute;ntabra, para iniciar su participaci&oacute;n en una prueba en la que esperan estar entre los mejores, a pesar de que son conscientes de las dificultades que esconde un recorrido en el que, los cambios constantes de asfalto acostumbran a ser el principal elemento a batir.&nbsp;&nbsp; &nbsp;<\/p>\n<p>La prueba del Club Deportivo Pe&ntilde;ucas tendr&aacute; en la 38a edici&oacute;n de su prueba, un recorrido de 578,02 km, de los cuales el 27,66% (159,88 km) se disputar&aacute;n contra el cron&oacute;metro.<br \/>En este trazado de velocidad, los equipos deber&aacute;n superar 8 especiales (4 de diferentes). Ser&aacute;n dos bucles, el inicial con los tramos cronometrados San Roque-Villacarriedo (27,51 km) y Barcenilla-Vega (15,48 km), mientras que en el segundo Villanueva-Matienzo (20,51 km) y Ramales-Ruesga (16,44 km) ser&aacute;n los obst&aacute;culos que marcar&aacute;n las diferencias en la recta final del rally.&nbsp; &nbsp;<\/p>\n<p>Los pilotos del equipo Suzuki Motor Sport, iniciaron el desplazamiento hacia Santander con la intenci&oacute;n de despedirse, por esta temporada, de la zona norte espa&ntilde;ola con una buena actuaci&oacute;n. Este era el comentario de Vinyes: <em><strong>Como siempre, procuraremos estar en la lucha entre los mejores aprovechando al l&iacute;mite las prestaciones de un Swift R+ cada vez m&aacute;s entonado. Repetir la actuaci&oacute;n de Llanes es un objetivo muy exigente pero por intentarlo que no quede, hay que ver en que condiciones ambientales se plantea la prueba.<\/strong> <\/em>Seguimos en la zona del Cant&aacute;brico y la lluvia, seg&uacute;n la previsi&oacute;n, no faltar&aacute; a la cita: <em><strong>Parece que s&iacute;, de todas maneras nos tendremos que adaptar a lo que haya y disputar el rally con el asfalto que encontremos en cada momento. Los tramos de Cantabria, normalmente, patinan en seco o sea que s&iacute; el asfalto est&aacute; mojado&#8230; Habr&aacute; que acertar tanto en la asistencia (ruedas) como en el pilotaje.<\/strong><\/em>&nbsp;&nbsp; &nbsp;<br \/>&nbsp; <br \/>A partir de las 15.00 horas del pr&oacute;ximo jueves (d&iacute;a 19), buena parte del aparcamiento del Estadio del Sardinero estar&aacute; reservado para que se instalen los equipos inscritos en el rally c&aacute;ntabro.<\/p>\n<p>La jornada del viernes (d&iacute;a 20) se iniciar&aacute; con los tr&aacute;mites administrativos y t&eacute;cnicos previos a la prueba.<br \/>La especial de Revilla de Camargo (4 km) ser&aacute; el escenario del shakedown que disputar&aacute;n, entre las 12.30 horas y 14.00 horas del mismo viernes, los equipos que se hayan inscrito al referido test.<br \/>La ceremonia de salida se llevar&aacute; a cabo a partir de las 20,30 horas del mismo d&iacute;a, en el podio ubicado en la plaza Alfonso XIII de Santander. &nbsp;<\/p>\n<p>El 38 Rallye Santader-Cantabria se iniciar&aacute; a las 7.00 horas (s&aacute;bado d&iacute;a 21), desde el Parque de Asistencia. Despu&eacute;s de 14 horas de intensa competici&oacute;n (a las 21.00 horas), se esperar&aacute; a los participantes que hayan completado el recorrido en el parque cerrado de la mencionada plaza Alfonso XIII. A continuaci&oacute;n y en el podio ubicado en la misma plaza se llevar&aacute; a cabo la entrega de trofeos.<\/p>\n<p><\/p>\n<p style=\"text-align: right\"><strong><strong><a href=\"http:\/\/www.infoesport.org\/imgNoticia\/2017\/171021JVCan1c.pdf\"><img loading=\"lazy\" decoding=\"async\" style=\"float: right\" src=\"http:\/\/www.infoesport.org\/auxiliar\/fot\/logos\/icono_pdf.gif\" alt=\"\" width=\"50\" height=\"50\" \/><\/a><\/strong><\/strong>Servicio de Prensa.<\/p>\n<p><\/p>\n<p style=\"text-align: center\"><strong><span style=\"font-size: small\">Clasificaciones provisionales del Campeonato de Espa&ntilde;a de Rallys de asfalto 2017<\/span><\/strong><\/p>\n<p><strong>Pilotos.<\/strong> 1.-Ivan Ares, 249,8 puntos, 2.-Pedro Burgo, 185,4 p., 3.-Cristian Garc&iacute;a, 176,4 p., 4.-Surhayen Pern&iacute;a, 161,4 p., 5.-Gorka Antxustegi, 104,4 p.,&nbsp; <strong>6.-Joan Vinyes, 104,2 p.<\/strong><\/p>\n<p><strong>&nbsp;Marcas. 1.-Suzuki, 415,2 puntos,<\/strong> 2.-Renault, 297,6 p., 3.-Seat, 81,2 p.<\/p>\n<p><\/p>\n","protected":false},"excerpt":{"rendered":"<p>El pr\u00f3ximo s\u00e1bado (d\u00eda 21), el Campeonato de Espa\u00f1a de Rallys de asfalto (CERA) 2017 se despedir\u00e1 de la cornisa cant\u00e1brica con la disputa del 38 Rallye Santander Cantabria, antepen\u00faltima cita del calendario del certamen mencionado.<br \/>\nJoan Vinyes-Jordi Mercader (Suzuki Swift R+), estar\u00e1n en el podio de salida, en esta ocasi\u00f3n situado en la plaza Alfonso XIII de la capital c\u00e1ntabra, para iniciar su participaci\u00f3n en una prueba en la que esperan estar entre los mejores, a pesar de que son conscientes de las dificultades que esconde un recorrido en el que, los cambios constantes de asfalto acostumbran a ser el principal elemento a batir.<\/p>\n","protected":false},"author":1,"featured_media":1646,"comment_status":"closed","ping_status":"closed","sticky":false,"template":"","format":"standard","meta":{"_kadence_starter_templates_imported_post":false,"_kad_post_transparent":"","_kad_post_title":"","_kad_post_layout":"","_kad_post_sidebar_id":"","_kad_post_content_style":"","_kad_post_vertical_padding":"","_kad_post_feature":"","_kad_post_feature_position":"","_kad_post_header":false,"_kad_post_footer":false,"_kad_post_classname":"","footnotes":""},"categories":[46,60],"tags":[],"class_list":["post-2363","post","type-post","status-publish","format-standard","has-post-thumbnail","hentry","category-rallys","category-rallys-asfalto"],"yoast_head":"<!-- This site is optimized with the Yoast SEO plugin v27.4 - https:\/\/yoast.com\/product\/yoast-seo-wordpress\/ -->\n<title>Santander-Cantabria pr\u00f3ximo reto para Joan Vinyes-Jordi Mercader en el CERA 2017 - Equip vinyes dabad<\/title>\n<meta name=\"robots\" content=\"index, follow, max-snippet:-1, max-image-preview:large, max-video-preview:-1\" \/>\n<link rel=\"canonical\" href=\"https:\/\/equipvinyesdabad.com\/es\/rallys\/santander-cantabria-proximo-reto-para-joan-vinyes-jordi-mercader-en-el-cera-2017\/\" \/>\n<meta property=\"og:locale\" content=\"es_ES\" \/>\n<meta property=\"og:type\" content=\"article\" \/>\n<meta property=\"og:title\" content=\"Santander-Cantabria pr\u00f3ximo reto para Joan Vinyes-Jordi Mercader en el CERA 2017 - Equip vinyes dabad\" \/>\n<meta property=\"og:description\" content=\"El pr\u00f3ximo s\u00e1bado (d\u00eda 21), el Campeonato de Espa\u00f1a de Rallys de asfalto (CERA) 2017 se despedir\u00e1 de la cornisa cant\u00e1brica con la disputa del 38 Rallye Santander Cantabria, antepen\u00faltima cita del calendario del certamen mencionado.  Joan Vinyes-Jordi Mercader (Suzuki Swift R+), estar\u00e1n en el podio de salida, en esta ocasi\u00f3n situado en la plaza Alfonso XIII de la capital c\u00e1ntabra, para iniciar su participaci\u00f3n en una prueba en la que esperan estar entre los mejores, a pesar de que son conscientes de las dificultades que esconde un recorrido en el que, los cambios constantes de asfalto acostumbran a ser el principal elemento a batir.\" \/>\n<meta property=\"og:url\" content=\"https:\/\/equipvinyesdabad.com\/es\/rallys\/santander-cantabria-proximo-reto-para-joan-vinyes-jordi-mercader-en-el-cera-2017\/\" \/>\n<meta property=\"og:site_name\" content=\"Equip vinyes dabad\" \/>\n<meta property=\"article:published_time\" content=\"2017-10-17T00:00:00+00:00\" \/>\n<meta property=\"article:modified_time\" content=\"2024-10-31T20:10:49+00:00\" \/>\n<meta property=\"og:image\" content=\"https:\/\/equipvinyesdabad.com\/wp-content\/uploads\/2024\/10\/logo_vinyes_dabad.png\" \/>\n\t<meta property=\"og:image:width\" content=\"250\" \/>\n\t<meta property=\"og:image:height\" content=\"130\" \/>\n\t<meta property=\"og:image:type\" content=\"image\/png\" \/>\n<meta name=\"author\" content=\"admin\" \/>\n<meta name=\"twitter:card\" content=\"summary_large_image\" \/>\n<meta name=\"twitter:label1\" content=\"Escrito por\" \/>\n\t<meta name=\"twitter:data1\" content=\"admin\" \/>\n\t<meta name=\"twitter:label2\" content=\"Tiempo de lectura\" \/>\n\t<meta name=\"twitter:data2\" content=\"3 minutos\" \/>\n<script type=\"application\/ld+json\" class=\"yoast-schema-graph\">{\"@context\":\"https:\\\/\\\/schema.org\",\"@graph\":[{\"@type\":\"Article\",\"@id\":\"https:\\\/\\\/equipvinyesdabad.com\\\/es\\\/rallys\\\/santander-cantabria-proximo-reto-para-joan-vinyes-jordi-mercader-en-el-cera-2017\\\/#article\",\"isPartOf\":{\"@id\":\"https:\\\/\\\/equipvinyesdabad.com\\\/es\\\/rallys\\\/santander-cantabria-proximo-reto-para-joan-vinyes-jordi-mercader-en-el-cera-2017\\\/\"},\"author\":{\"name\":\"admin\",\"@id\":\"https:\\\/\\\/equipvinyesdabad.com\\\/es\\\/#\\\/schema\\\/person\\\/962b4c681d63fd4fbd546ec83b775c1b\"},\"headline\":\"Santander-Cantabria pr\u00f3ximo reto para Joan Vinyes-Jordi Mercader en el CERA 2017\",\"datePublished\":\"2017-10-17T00:00:00+00:00\",\"dateModified\":\"2024-10-31T20:10:49+00:00\",\"mainEntityOfPage\":{\"@id\":\"https:\\\/\\\/equipvinyesdabad.com\\\/es\\\/rallys\\\/santander-cantabria-proximo-reto-para-joan-vinyes-jordi-mercader-en-el-cera-2017\\\/\"},\"wordCount\":668,\"image\":{\"@id\":\"https:\\\/\\\/equipvinyesdabad.com\\\/es\\\/rallys\\\/santander-cantabria-proximo-reto-para-joan-vinyes-jordi-mercader-en-el-cera-2017\\\/#primaryimage\"},\"thumbnailUrl\":\"https:\\\/\\\/equipvinyesdabad.com\\\/wp-content\\\/uploads\\\/2017\\\/10\\\/05JVCan1119.jpg\",\"articleSection\":[\"Rallys\",\"Rallys asfalto\"],\"inLanguage\":\"es\"},{\"@type\":\"WebPage\",\"@id\":\"https:\\\/\\\/equipvinyesdabad.com\\\/es\\\/rallys\\\/santander-cantabria-proximo-reto-para-joan-vinyes-jordi-mercader-en-el-cera-2017\\\/\",\"url\":\"https:\\\/\\\/equipvinyesdabad.com\\\/es\\\/rallys\\\/santander-cantabria-proximo-reto-para-joan-vinyes-jordi-mercader-en-el-cera-2017\\\/\",\"name\":\"Santander-Cantabria pr\u00f3ximo reto para Joan Vinyes-Jordi Mercader en el CERA 2017 - Equip vinyes dabad\",\"isPartOf\":{\"@id\":\"https:\\\/\\\/equipvinyesdabad.com\\\/es\\\/#website\"},\"primaryImageOfPage\":{\"@id\":\"https:\\\/\\\/equipvinyesdabad.com\\\/es\\\/rallys\\\/santander-cantabria-proximo-reto-para-joan-vinyes-jordi-mercader-en-el-cera-2017\\\/#primaryimage\"},\"image\":{\"@id\":\"https:\\\/\\\/equipvinyesdabad.com\\\/es\\\/rallys\\\/santander-cantabria-proximo-reto-para-joan-vinyes-jordi-mercader-en-el-cera-2017\\\/#primaryimage\"},\"thumbnailUrl\":\"https:\\\/\\\/equipvinyesdabad.com\\\/wp-content\\\/uploads\\\/2017\\\/10\\\/05JVCan1119.jpg\",\"datePublished\":\"2017-10-17T00:00:00+00:00\",\"dateModified\":\"2024-10-31T20:10:49+00:00\",\"author\":{\"@id\":\"https:\\\/\\\/equipvinyesdabad.com\\\/es\\\/#\\\/schema\\\/person\\\/962b4c681d63fd4fbd546ec83b775c1b\"},\"breadcrumb\":{\"@id\":\"https:\\\/\\\/equipvinyesdabad.com\\\/es\\\/rallys\\\/santander-cantabria-proximo-reto-para-joan-vinyes-jordi-mercader-en-el-cera-2017\\\/#breadcrumb\"},\"inLanguage\":\"es\",\"potentialAction\":[{\"@type\":\"ReadAction\",\"target\":[\"https:\\\/\\\/equipvinyesdabad.com\\\/es\\\/rallys\\\/santander-cantabria-proximo-reto-para-joan-vinyes-jordi-mercader-en-el-cera-2017\\\/\"]}]},{\"@type\":\"ImageObject\",\"inLanguage\":\"es\",\"@id\":\"https:\\\/\\\/equipvinyesdabad.com\\\/es\\\/rallys\\\/santander-cantabria-proximo-reto-para-joan-vinyes-jordi-mercader-en-el-cera-2017\\\/#primaryimage\",\"url\":\"https:\\\/\\\/equipvinyesdabad.com\\\/wp-content\\\/uploads\\\/2017\\\/10\\\/05JVCan1119.jpg\",\"contentUrl\":\"https:\\\/\\\/equipvinyesdabad.com\\\/wp-content\\\/uploads\\\/2017\\\/10\\\/05JVCan1119.jpg\"},{\"@type\":\"BreadcrumbList\",\"@id\":\"https:\\\/\\\/equipvinyesdabad.com\\\/es\\\/rallys\\\/santander-cantabria-proximo-reto-para-joan-vinyes-jordi-mercader-en-el-cera-2017\\\/#breadcrumb\",\"itemListElement\":[{\"@type\":\"ListItem\",\"position\":1,\"name\":\"Inicio\",\"item\":\"https:\\\/\\\/equipvinyesdabad.com\\\/es\\\/\"},{\"@type\":\"ListItem\",\"position\":2,\"name\":\"Santander-Cantabria pr\u00f3ximo reto para Joan Vinyes-Jordi Mercader en el CERA 2017\"}]},{\"@type\":\"WebSite\",\"@id\":\"https:\\\/\\\/equipvinyesdabad.com\\\/es\\\/#website\",\"url\":\"https:\\\/\\\/equipvinyesdabad.com\\\/es\\\/\",\"name\":\"Equip vinyes dabad\",\"description\":\"\",\"potentialAction\":[{\"@type\":\"SearchAction\",\"target\":{\"@type\":\"EntryPoint\",\"urlTemplate\":\"https:\\\/\\\/equipvinyesdabad.com\\\/es\\\/?s={search_term_string}\"},\"query-input\":{\"@type\":\"PropertyValueSpecification\",\"valueRequired\":true,\"valueName\":\"search_term_string\"}}],\"inLanguage\":\"es\"},{\"@type\":\"Person\",\"@id\":\"https:\\\/\\\/equipvinyesdabad.com\\\/es\\\/#\\\/schema\\\/person\\\/962b4c681d63fd4fbd546ec83b775c1b\",\"name\":\"admin\",\"image\":{\"@type\":\"ImageObject\",\"inLanguage\":\"es\",\"@id\":\"https:\\\/\\\/secure.gravatar.com\\\/avatar\\\/6d1c6cfbf1c3aed75f7a05f946b76867c29d677b49f81545b6b9bc58677b08a0?s=96&d=mm&r=g\",\"url\":\"https:\\\/\\\/secure.gravatar.com\\\/avatar\\\/6d1c6cfbf1c3aed75f7a05f946b76867c29d677b49f81545b6b9bc58677b08a0?s=96&d=mm&r=g\",\"contentUrl\":\"https:\\\/\\\/secure.gravatar.com\\\/avatar\\\/6d1c6cfbf1c3aed75f7a05f946b76867c29d677b49f81545b6b9bc58677b08a0?s=96&d=mm&r=g\",\"caption\":\"admin\"},\"sameAs\":[\"https:\\\/\\\/equipvinyesdabad.com\"],\"url\":\"https:\\\/\\\/equipvinyesdabad.com\\\/es\\\/author\\\/web1\\\/\"}]}<\/script>\n<!-- \/ Yoast SEO plugin. -->","yoast_head_json":{"title":"Santander-Cantabria pr\u00f3ximo reto para Joan Vinyes-Jordi Mercader en el CERA 2017 - Equip vinyes dabad","robots":{"index":"index","follow":"follow","max-snippet":"max-snippet:-1","max-image-preview":"max-image-preview:large","max-video-preview":"max-video-preview:-1"},"canonical":"https:\/\/equipvinyesdabad.com\/es\/rallys\/santander-cantabria-proximo-reto-para-joan-vinyes-jordi-mercader-en-el-cera-2017\/","og_locale":"es_ES","og_type":"article","og_title":"Santander-Cantabria pr\u00f3ximo reto para Joan Vinyes-Jordi Mercader en el CERA 2017 - Equip vinyes dabad","og_description":"El pr\u00f3ximo s\u00e1bado (d\u00eda 21), el Campeonato de Espa\u00f1a de Rallys de asfalto (CERA) 2017 se despedir\u00e1 de la cornisa cant\u00e1brica con la disputa del 38 Rallye Santander Cantabria, antepen\u00faltima cita del calendario del certamen mencionado.  Joan Vinyes-Jordi Mercader (Suzuki Swift R+), estar\u00e1n en el podio de salida, en esta ocasi\u00f3n situado en la plaza Alfonso XIII de la capital c\u00e1ntabra, para iniciar su participaci\u00f3n en una prueba en la que esperan estar entre los mejores, a pesar de que son conscientes de las dificultades que esconde un recorrido en el que, los cambios constantes de asfalto acostumbran a ser el principal elemento a batir.","og_url":"https:\/\/equipvinyesdabad.com\/es\/rallys\/santander-cantabria-proximo-reto-para-joan-vinyes-jordi-mercader-en-el-cera-2017\/","og_site_name":"Equip vinyes dabad","article_published_time":"2017-10-17T00:00:00+00:00","article_modified_time":"2024-10-31T20:10:49+00:00","og_image":[{"width":250,"height":130,"url":"https:\/\/equipvinyesdabad.com\/wp-content\/uploads\/2024\/10\/logo_vinyes_dabad.png","type":"image\/png"}],"author":"admin","twitter_card":"summary_large_image","twitter_misc":{"Escrito por":"admin","Tiempo de lectura":"3 minutos"},"schema":{"@context":"https:\/\/schema.org","@graph":[{"@type":"Article","@id":"https:\/\/equipvinyesdabad.com\/es\/rallys\/santander-cantabria-proximo-reto-para-joan-vinyes-jordi-mercader-en-el-cera-2017\/#article","isPartOf":{"@id":"https:\/\/equipvinyesdabad.com\/es\/rallys\/santander-cantabria-proximo-reto-para-joan-vinyes-jordi-mercader-en-el-cera-2017\/"},"author":{"name":"admin","@id":"https:\/\/equipvinyesdabad.com\/es\/#\/schema\/person\/962b4c681d63fd4fbd546ec83b775c1b"},"headline":"Santander-Cantabria pr\u00f3ximo reto para Joan Vinyes-Jordi Mercader en el CERA 2017","datePublished":"2017-10-17T00:00:00+00:00","dateModified":"2024-10-31T20:10:49+00:00","mainEntityOfPage":{"@id":"https:\/\/equipvinyesdabad.com\/es\/rallys\/santander-cantabria-proximo-reto-para-joan-vinyes-jordi-mercader-en-el-cera-2017\/"},"wordCount":668,"image":{"@id":"https:\/\/equipvinyesdabad.com\/es\/rallys\/santander-cantabria-proximo-reto-para-joan-vinyes-jordi-mercader-en-el-cera-2017\/#primaryimage"},"thumbnailUrl":"https:\/\/equipvinyesdabad.com\/wp-content\/uploads\/2017\/10\/05JVCan1119.jpg","articleSection":["Rallys","Rallys asfalto"],"inLanguage":"es"},{"@type":"WebPage","@id":"https:\/\/equipvinyesdabad.com\/es\/rallys\/santander-cantabria-proximo-reto-para-joan-vinyes-jordi-mercader-en-el-cera-2017\/","url":"https:\/\/equipvinyesdabad.com\/es\/rallys\/santander-cantabria-proximo-reto-para-joan-vinyes-jordi-mercader-en-el-cera-2017\/","name":"Santander-Cantabria pr\u00f3ximo reto para Joan Vinyes-Jordi Mercader en el CERA 2017 - Equip vinyes dabad","isPartOf":{"@id":"https:\/\/equipvinyesdabad.com\/es\/#website"},"primaryImageOfPage":{"@id":"https:\/\/equipvinyesdabad.com\/es\/rallys\/santander-cantabria-proximo-reto-para-joan-vinyes-jordi-mercader-en-el-cera-2017\/#primaryimage"},"image":{"@id":"https:\/\/equipvinyesdabad.com\/es\/rallys\/santander-cantabria-proximo-reto-para-joan-vinyes-jordi-mercader-en-el-cera-2017\/#primaryimage"},"thumbnailUrl":"https:\/\/equipvinyesdabad.com\/wp-content\/uploads\/2017\/10\/05JVCan1119.jpg","datePublished":"2017-10-17T00:00:00+00:00","dateModified":"2024-10-31T20:10:49+00:00","author":{"@id":"https:\/\/equipvinyesdabad.com\/es\/#\/schema\/person\/962b4c681d63fd4fbd546ec83b775c1b"},"breadcrumb":{"@id":"https:\/\/equipvinyesdabad.com\/es\/rallys\/santander-cantabria-proximo-reto-para-joan-vinyes-jordi-mercader-en-el-cera-2017\/#breadcrumb"},"inLanguage":"es","potentialAction":[{"@type":"ReadAction","target":["https:\/\/equipvinyesdabad.com\/es\/rallys\/santander-cantabria-proximo-reto-para-joan-vinyes-jordi-mercader-en-el-cera-2017\/"]}]},{"@type":"ImageObject","inLanguage":"es","@id":"https:\/\/equipvinyesdabad.com\/es\/rallys\/santander-cantabria-proximo-reto-para-joan-vinyes-jordi-mercader-en-el-cera-2017\/#primaryimage","url":"https:\/\/equipvinyesdabad.com\/wp-content\/uploads\/2017\/10\/05JVCan1119.jpg","contentUrl":"https:\/\/equipvinyesdabad.com\/wp-content\/uploads\/2017\/10\/05JVCan1119.jpg"},{"@type":"BreadcrumbList","@id":"https:\/\/equipvinyesdabad.com\/es\/rallys\/santander-cantabria-proximo-reto-para-joan-vinyes-jordi-mercader-en-el-cera-2017\/#breadcrumb","itemListElement":[{"@type":"ListItem","position":1,"name":"Inicio","item":"https:\/\/equipvinyesdabad.com\/es\/"},{"@type":"ListItem","position":2,"name":"Santander-Cantabria pr\u00f3ximo reto para Joan Vinyes-Jordi Mercader en el CERA 2017"}]},{"@type":"WebSite","@id":"https:\/\/equipvinyesdabad.com\/es\/#website","url":"https:\/\/equipvinyesdabad.com\/es\/","name":"Equip vinyes dabad","description":"","potentialAction":[{"@type":"SearchAction","target":{"@type":"EntryPoint","urlTemplate":"https:\/\/equipvinyesdabad.com\/es\/?s={search_term_string}"},"query-input":{"@type":"PropertyValueSpecification","valueRequired":true,"valueName":"search_term_string"}}],"inLanguage":"es"},{"@type":"Person","@id":"https:\/\/equipvinyesdabad.com\/es\/#\/schema\/person\/962b4c681d63fd4fbd546ec83b775c1b","name":"admin","image":{"@type":"ImageObject","inLanguage":"es","@id":"https:\/\/secure.gravatar.com\/avatar\/6d1c6cfbf1c3aed75f7a05f946b76867c29d677b49f81545b6b9bc58677b08a0?s=96&d=mm&r=g","url":"https:\/\/secure.gravatar.com\/avatar\/6d1c6cfbf1c3aed75f7a05f946b76867c29d677b49f81545b6b9bc58677b08a0?s=96&d=mm&r=g","contentUrl":"https:\/\/secure.gravatar.com\/avatar\/6d1c6cfbf1c3aed75f7a05f946b76867c29d677b49f81545b6b9bc58677b08a0?s=96&d=mm&r=g","caption":"admin"},"sameAs":["https:\/\/equipvinyesdabad.com"],"url":"https:\/\/equipvinyesdabad.com\/es\/author\/web1\/"}]}},"_links":{"self":[{"href":"https:\/\/equipvinyesdabad.com\/es\/wp-json\/wp\/v2\/posts\/2363","targetHints":{"allow":["GET"]}}],"collection":[{"href":"https:\/\/equipvinyesdabad.com\/es\/wp-json\/wp\/v2\/posts"}],"about":[{"href":"https:\/\/equipvinyesdabad.com\/es\/wp-json\/wp\/v2\/types\/post"}],"author":[{"embeddable":true,"href":"https:\/\/equipvinyesdabad.com\/es\/wp-json\/wp\/v2\/users\/1"}],"replies":[{"embeddable":true,"href":"https:\/\/equipvinyesdabad.com\/es\/wp-json\/wp\/v2\/comments?post=2363"}],"version-history":[{"count":6,"href":"https:\/\/equipvinyesdabad.com\/es\/wp-json\/wp\/v2\/posts\/2363\/revisions"}],"predecessor-version":[{"id":4741,"href":"https:\/\/equipvinyesdabad.com\/es\/wp-json\/wp\/v2\/posts\/2363\/revisions\/4741"}],"wp:featuredmedia":[{"embeddable":true,"href":"https:\/\/equipvinyesdabad.com\/es\/wp-json\/wp\/v2\/media\/1646"}],"wp:attachment":[{"href":"https:\/\/equipvinyesdabad.com\/es\/wp-json\/wp\/v2\/media?parent=2363"}],"wp:term":[{"taxonomy":"category","embeddable":true,"href":"https:\/\/equipvinyesdabad.com\/es\/wp-json\/wp\/v2\/categories?post=2363"},{"taxonomy":"post_tag","embeddable":true,"href":"https:\/\/equipvinyesdabad.com\/es\/wp-json\/wp\/v2\/tags?post=2363"}],"curies":[{"name":"wp","href":"https:\/\/api.w.org\/{rel}","templated":true}]}}