{"id":2373,"date":"2017-09-18T00:00:00","date_gmt":"2017-09-18T00:00:00","guid":{"rendered":"https:\/\/equipvinyesdabad.com\/?p=2373"},"modified":"2024-10-31T20:22:37","modified_gmt":"2024-10-31T20:22:37","slug":"joan-vinyes-jaume-font-se-jugaran-el-titulo-en-el-circuito-de-navarra","status":"publish","type":"post","link":"https:\/\/equipvinyesdabad.com\/es\/circuitos\/joan-vinyes-jaume-font-se-jugaran-el-titulo-en-el-circuito-de-navarra\/","title":{"rendered":"Joan Vinyes &#8211; Jaume Font se jugar\u00e1n el t\u00edtulo en el Circuito de Navarra"},"content":{"rendered":"<p style=\"text-align: justify\">Joan Vinyes-Jaume Font (Seat Le&oacute;n Racer CUP &#8211; Baporo Motorsport) lograron la 4a plaza en la prueba de 2 horas + 1 vuelta de Resistencia disputada en el Circuit de Barcelona Catalunya. Con este resultado, en la pen&uacute;ltima cita del CER 2017, lograron su objetivo de recuperar el liderato en la clasificaci&oacute;n provisional de la divisi&oacute;n 1 (D1) pero, las diferencias respecto a sus rivales son m&iacute;nimas. El &uacute;ltimo <em>meeting<\/em> de la temporada a disputar en el Circuito de Navarra decidir&aacute; el campe&oacute;n o campeones de la mencionada D1.&nbsp;&nbsp; &nbsp;<\/p>\n<p>El piloto andorrano lleg&oacute; al trazado barcelon&eacute;s con el tiempo justo para disputar los <strong>entrenamientos cronometrados<\/strong> y cabe mencionar que la competici&oacute;n no pod&iacute;a empezar mejor. Vinyes-Font, con un tiempo de 1&rsquo;57&rdquo;753, consiguieron el mejor crono de esta series y en consecuencia ocupar&iacute;an una posici&oacute;n privilegiada, justo detr&aacute;s de los GT m&aacute;s r&aacute;pidos, en la parrilla de salida. Joan comentaba de esta manera su manga de oficiales: No me ha salido como quer&iacute;a en la primera vuelta. Pero en la segunda he podido hacer una vuelta limpia, el crono lo dice todo. Mejor no podr&iacute;amos empezar, ahora la idea es salir bien detr&aacute;s de los GT e intentar escaparme, aprovechando su estela, de nuestros rivales de la D1.<\/p>\n<p>La <strong>carrera (2 h + 1 v)<\/strong> empez&oacute; como hab&iacute;a planeado Vinyes, es decir se situ&oacute; detr&aacute;s de los GT y parec&iacute;a que su cabalgada en solitario estaba en marcha, no obstante un problema con los neum&aacute;ticos, que se gastaron en exceso y de manera irregular, puso en peligro el objetivo del equipo.<br \/>Despu&eacute;s del cambio de ruedas previsto a mitad de carrera y con Jaume Font al volante, se pudo salvar m&iacute;nimamente la situaci&oacute;n y llegar hasta una cuarta plaza que les da la oportunidad de llegar a la &uacute;ltima cita del a&ntilde;o con opciones al t&iacute;tulo y con un handicap limpio.&nbsp; &nbsp;<br \/>&nbsp;<br \/>Ni Vinyes ni su equipo encontraban explicaci&oacute;n al desgaste tan r&aacute;pido de algunos de los neum&aacute;ticos que calzaba el Seat Le&oacute;n. Este era el comentario del piloto andorrano: <em><strong>Ha sido una situaci&oacute;n anormal, en ning&uacute;n instante de mi relevo he rodado al l&iacute;mite. El ritmo era, m&aacute;s o menos, el de las 24 horas. Los neum&aacute;ticos ten&iacute;an que haber aguantado sin problema los 60&rsquo; de mi relevo. Los t&eacute;cnicos de Baporo intentar&aacute;n encontrar una respuesta a las inc&oacute;gnitas que ahora mismo est&aacute;n abiertas sobre este tema.<\/strong><\/em><\/p>\n<p>A pesar de que en algunos momentos todo parec&iacute;a perdido, Vinyes destacaba que: <em><strong>Todo se ha reconducido muy bien y al final la cuarta posici&oacute;n nos deja abiertas todas las puertas a conseguir el t&iacute;tulo. Los n&uacute;meros que he hecho de manera r&aacute;pida me dicen que estaremos en el inicio cuatro veh&iacute;culos separados por cuatro puntos, o sea que el m&aacute;s m&iacute;nimo despiste ser&aacute; muy dif&iacute;cil de reparar. Estoy convencido de que ser&aacute; un meeting muy divertido y en el que las calculadoras sacar&aacute;n humo. &nbsp;<\/strong><\/em><\/p>\n<p>Como queda mencionado, la &uacute;ltima cita del CER 2017 se disputar&aacute; en las instalaciones del circuito de Navarra los d&iacute;as 14 y 15 de Octubre. O sea que de la pista cercana a la localidad navarra de Los Arcos saldr&aacute;n los campeones de la resistencia espa&ntilde;ola de la presente temporada.<br \/>&nbsp; <\/p>\n<p style=\"text-align: right\"><strong><strong><a href=\"http:\/\/www.infoesport.org\/imgNoticia\/2017\/170917JVBCN2c.pdf\"><img loading=\"lazy\" decoding=\"async\" style=\"float: right\" src=\"http:\/\/www.infoesport.org\/auxiliar\/fot\/logos\/icono_pdf.gif\" alt=\"\" width=\"50\" height=\"50\" \/><\/a><\/strong><\/strong>Servicio de Prensa.<\/p>\n<p><\/p>\n<p style=\"text-align: center\"><strong><span style=\"font-size: medium\">Clasificaci&oacute;n CER 2017 (D1) &#8211; Circuito de Barcelona &#8211; Catalunya<\/span><\/strong><\/p>\n<p><strong>Carrera.<\/strong> 1.-Llobet-Garc&iacute;a (Seat Le&oacute;n Cup Racer) 2h04&rsquo;22&rdquo;278, 2.-Pareras-Castillo (Seat Le&oacute;n Cup Racer) a 1 vuelta, 3.-Vicinanza-Cosin (Seat Le&oacute;n Cup Racer) a 1 vuelta, <strong>4.-Vinyes-Font (Seat Le&oacute;n Cup Racer) a 1 vuelta,<\/strong> 5.-Guillermo Aso (Seat Le&oacute;n Cup Racer) a 1 vuelta.<\/p>\n","protected":false},"excerpt":{"rendered":"<p>Joan Vinyes-Jaume Font (Seat Le\u00f3n Racer CUP &#8211; Baporo Motorsport) lograron la 4a plaza en la prueba de 2 horas + 1 vuelta de Resistencia disputada en el Circuit de Barcelona Catalunya. Con este resultado, en la pen\u00faltima cita del CER 2017, lograron su objetivo de recuperar el liderato en la clasificaci\u00f3n provisional de la divisi\u00f3n 1 (D1) pero, las diferencias respecto a sus rivales son m\u00ednimas. El \u00faltimo meeting de la temporada a disputar en el Circuito de Navarra decidir\u00e1 el campe\u00f3n o campeones de la mencionada D1.  <\/p>\n","protected":false},"author":1,"featured_media":1651,"comment_status":"closed","ping_status":"closed","sticky":false,"template":"","format":"standard","meta":{"_kadence_starter_templates_imported_post":false,"_kad_post_transparent":"","_kad_post_title":"","_kad_post_layout":"","_kad_post_sidebar_id":"","_kad_post_content_style":"","_kad_post_vertical_padding":"","_kad_post_feature":"","_kad_post_feature_position":"","_kad_post_header":false,"_kad_post_footer":false,"_kad_post_classname":"","footnotes":""},"categories":[52,92],"tags":[],"class_list":["post-2373","post","type-post","status-publish","format-standard","has-post-thumbnail","hentry","category-circuitos","category-circuitos-espana"],"yoast_head":"<!-- This site is optimized with the Yoast SEO plugin v27.4 - https:\/\/yoast.com\/product\/yoast-seo-wordpress\/ -->\n<title>Joan Vinyes - Jaume Font se jugar\u00e1n el t\u00edtulo en el Circuito de Navarra - Equip vinyes dabad<\/title>\n<meta name=\"robots\" content=\"index, follow, max-snippet:-1, max-image-preview:large, max-video-preview:-1\" \/>\n<link rel=\"canonical\" href=\"https:\/\/equipvinyesdabad.com\/es\/circuitos\/joan-vinyes-jaume-font-se-jugaran-el-titulo-en-el-circuito-de-navarra\/\" \/>\n<meta property=\"og:locale\" content=\"es_ES\" \/>\n<meta property=\"og:type\" content=\"article\" \/>\n<meta property=\"og:title\" content=\"Joan Vinyes - Jaume Font se jugar\u00e1n el t\u00edtulo en el Circuito de Navarra - Equip vinyes dabad\" \/>\n<meta property=\"og:description\" content=\"Joan Vinyes-Jaume Font (Seat Le\u00f3n Racer CUP - Baporo Motorsport) lograron la 4a plaza en la prueba de 2 horas + 1 vuelta de Resistencia disputada en el Circuit de Barcelona Catalunya. Con este resultado, en la pen\u00faltima cita del CER 2017, lograron su objetivo de recuperar el liderato en la clasificaci\u00f3n provisional de la divisi\u00f3n 1 (D1) pero, las diferencias respecto a sus rivales son m\u00ednimas. El \u00faltimo meeting de la temporada a disputar en el Circuito de Navarra decidir\u00e1 el campe\u00f3n o campeones de la mencionada D1.\" \/>\n<meta property=\"og:url\" content=\"https:\/\/equipvinyesdabad.com\/es\/circuitos\/joan-vinyes-jaume-font-se-jugaran-el-titulo-en-el-circuito-de-navarra\/\" \/>\n<meta property=\"og:site_name\" content=\"Equip vinyes dabad\" \/>\n<meta property=\"article:published_time\" content=\"2017-09-18T00:00:00+00:00\" \/>\n<meta property=\"article:modified_time\" content=\"2024-10-31T20:22:37+00:00\" \/>\n<meta property=\"og:image\" content=\"https:\/\/equipvinyesdabad.com\/wp-content\/uploads\/2024\/10\/logo_vinyes_dabad.png\" \/>\n\t<meta property=\"og:image:width\" content=\"250\" \/>\n\t<meta property=\"og:image:height\" content=\"130\" \/>\n\t<meta property=\"og:image:type\" content=\"image\/png\" \/>\n<meta name=\"author\" content=\"admin\" \/>\n<meta name=\"twitter:card\" content=\"summary_large_image\" \/>\n<meta name=\"twitter:label1\" content=\"Escrito por\" \/>\n\t<meta name=\"twitter:data1\" content=\"admin\" \/>\n\t<meta name=\"twitter:label2\" content=\"Tiempo de lectura\" \/>\n\t<meta name=\"twitter:data2\" content=\"4 minutos\" \/>\n<script type=\"application\/ld+json\" class=\"yoast-schema-graph\">{\"@context\":\"https:\\\/\\\/schema.org\",\"@graph\":[{\"@type\":\"Article\",\"@id\":\"https:\\\/\\\/equipvinyesdabad.com\\\/es\\\/circuitos\\\/joan-vinyes-jaume-font-se-jugaran-el-titulo-en-el-circuito-de-navarra\\\/#article\",\"isPartOf\":{\"@id\":\"https:\\\/\\\/equipvinyesdabad.com\\\/es\\\/circuitos\\\/joan-vinyes-jaume-font-se-jugaran-el-titulo-en-el-circuito-de-navarra\\\/\"},\"author\":{\"name\":\"admin\",\"@id\":\"https:\\\/\\\/equipvinyesdabad.com\\\/es\\\/#\\\/schema\\\/person\\\/962b4c681d63fd4fbd546ec83b775c1b\"},\"headline\":\"Joan Vinyes &#8211; Jaume Font se jugar\u00e1n el t\u00edtulo en el Circuito de Navarra\",\"datePublished\":\"2017-09-18T00:00:00+00:00\",\"dateModified\":\"2024-10-31T20:22:37+00:00\",\"mainEntityOfPage\":{\"@id\":\"https:\\\/\\\/equipvinyesdabad.com\\\/es\\\/circuitos\\\/joan-vinyes-jaume-font-se-jugaran-el-titulo-en-el-circuito-de-navarra\\\/\"},\"wordCount\":724,\"image\":{\"@id\":\"https:\\\/\\\/equipvinyesdabad.com\\\/es\\\/circuitos\\\/joan-vinyes-jaume-font-se-jugaran-el-titulo-en-el-circuito-de-navarra\\\/#primaryimage\"},\"thumbnailUrl\":\"https:\\\/\\\/equipvinyesdabad.com\\\/wp-content\\\/uploads\\\/2017\\\/09\\\/93JVBCN5818.jpg\",\"articleSection\":[\"Circuitos\",\"Circuitos Espa\u00f1a\"],\"inLanguage\":\"es\"},{\"@type\":\"WebPage\",\"@id\":\"https:\\\/\\\/equipvinyesdabad.com\\\/es\\\/circuitos\\\/joan-vinyes-jaume-font-se-jugaran-el-titulo-en-el-circuito-de-navarra\\\/\",\"url\":\"https:\\\/\\\/equipvinyesdabad.com\\\/es\\\/circuitos\\\/joan-vinyes-jaume-font-se-jugaran-el-titulo-en-el-circuito-de-navarra\\\/\",\"name\":\"Joan Vinyes - Jaume Font se jugar\u00e1n el t\u00edtulo en el Circuito de Navarra - Equip vinyes dabad\",\"isPartOf\":{\"@id\":\"https:\\\/\\\/equipvinyesdabad.com\\\/es\\\/#website\"},\"primaryImageOfPage\":{\"@id\":\"https:\\\/\\\/equipvinyesdabad.com\\\/es\\\/circuitos\\\/joan-vinyes-jaume-font-se-jugaran-el-titulo-en-el-circuito-de-navarra\\\/#primaryimage\"},\"image\":{\"@id\":\"https:\\\/\\\/equipvinyesdabad.com\\\/es\\\/circuitos\\\/joan-vinyes-jaume-font-se-jugaran-el-titulo-en-el-circuito-de-navarra\\\/#primaryimage\"},\"thumbnailUrl\":\"https:\\\/\\\/equipvinyesdabad.com\\\/wp-content\\\/uploads\\\/2017\\\/09\\\/93JVBCN5818.jpg\",\"datePublished\":\"2017-09-18T00:00:00+00:00\",\"dateModified\":\"2024-10-31T20:22:37+00:00\",\"author\":{\"@id\":\"https:\\\/\\\/equipvinyesdabad.com\\\/es\\\/#\\\/schema\\\/person\\\/962b4c681d63fd4fbd546ec83b775c1b\"},\"breadcrumb\":{\"@id\":\"https:\\\/\\\/equipvinyesdabad.com\\\/es\\\/circuitos\\\/joan-vinyes-jaume-font-se-jugaran-el-titulo-en-el-circuito-de-navarra\\\/#breadcrumb\"},\"inLanguage\":\"es\",\"potentialAction\":[{\"@type\":\"ReadAction\",\"target\":[\"https:\\\/\\\/equipvinyesdabad.com\\\/es\\\/circuitos\\\/joan-vinyes-jaume-font-se-jugaran-el-titulo-en-el-circuito-de-navarra\\\/\"]}]},{\"@type\":\"ImageObject\",\"inLanguage\":\"es\",\"@id\":\"https:\\\/\\\/equipvinyesdabad.com\\\/es\\\/circuitos\\\/joan-vinyes-jaume-font-se-jugaran-el-titulo-en-el-circuito-de-navarra\\\/#primaryimage\",\"url\":\"https:\\\/\\\/equipvinyesdabad.com\\\/wp-content\\\/uploads\\\/2017\\\/09\\\/93JVBCN5818.jpg\",\"contentUrl\":\"https:\\\/\\\/equipvinyesdabad.com\\\/wp-content\\\/uploads\\\/2017\\\/09\\\/93JVBCN5818.jpg\"},{\"@type\":\"BreadcrumbList\",\"@id\":\"https:\\\/\\\/equipvinyesdabad.com\\\/es\\\/circuitos\\\/joan-vinyes-jaume-font-se-jugaran-el-titulo-en-el-circuito-de-navarra\\\/#breadcrumb\",\"itemListElement\":[{\"@type\":\"ListItem\",\"position\":1,\"name\":\"Inicio\",\"item\":\"https:\\\/\\\/equipvinyesdabad.com\\\/es\\\/\"},{\"@type\":\"ListItem\",\"position\":2,\"name\":\"Joan Vinyes &#8211; Jaume Font se jugar\u00e1n el t\u00edtulo en el Circuito de Navarra\"}]},{\"@type\":\"WebSite\",\"@id\":\"https:\\\/\\\/equipvinyesdabad.com\\\/es\\\/#website\",\"url\":\"https:\\\/\\\/equipvinyesdabad.com\\\/es\\\/\",\"name\":\"Equip vinyes dabad\",\"description\":\"\",\"potentialAction\":[{\"@type\":\"SearchAction\",\"target\":{\"@type\":\"EntryPoint\",\"urlTemplate\":\"https:\\\/\\\/equipvinyesdabad.com\\\/es\\\/?s={search_term_string}\"},\"query-input\":{\"@type\":\"PropertyValueSpecification\",\"valueRequired\":true,\"valueName\":\"search_term_string\"}}],\"inLanguage\":\"es\"},{\"@type\":\"Person\",\"@id\":\"https:\\\/\\\/equipvinyesdabad.com\\\/es\\\/#\\\/schema\\\/person\\\/962b4c681d63fd4fbd546ec83b775c1b\",\"name\":\"admin\",\"image\":{\"@type\":\"ImageObject\",\"inLanguage\":\"es\",\"@id\":\"https:\\\/\\\/secure.gravatar.com\\\/avatar\\\/6d1c6cfbf1c3aed75f7a05f946b76867c29d677b49f81545b6b9bc58677b08a0?s=96&d=mm&r=g\",\"url\":\"https:\\\/\\\/secure.gravatar.com\\\/avatar\\\/6d1c6cfbf1c3aed75f7a05f946b76867c29d677b49f81545b6b9bc58677b08a0?s=96&d=mm&r=g\",\"contentUrl\":\"https:\\\/\\\/secure.gravatar.com\\\/avatar\\\/6d1c6cfbf1c3aed75f7a05f946b76867c29d677b49f81545b6b9bc58677b08a0?s=96&d=mm&r=g\",\"caption\":\"admin\"},\"sameAs\":[\"https:\\\/\\\/equipvinyesdabad.com\"],\"url\":\"https:\\\/\\\/equipvinyesdabad.com\\\/es\\\/author\\\/web1\\\/\"}]}<\/script>\n<!-- \/ Yoast SEO plugin. -->","yoast_head_json":{"title":"Joan Vinyes - Jaume Font se jugar\u00e1n el t\u00edtulo en el Circuito de Navarra - Equip vinyes dabad","robots":{"index":"index","follow":"follow","max-snippet":"max-snippet:-1","max-image-preview":"max-image-preview:large","max-video-preview":"max-video-preview:-1"},"canonical":"https:\/\/equipvinyesdabad.com\/es\/circuitos\/joan-vinyes-jaume-font-se-jugaran-el-titulo-en-el-circuito-de-navarra\/","og_locale":"es_ES","og_type":"article","og_title":"Joan Vinyes - Jaume Font se jugar\u00e1n el t\u00edtulo en el Circuito de Navarra - Equip vinyes dabad","og_description":"Joan Vinyes-Jaume Font (Seat Le\u00f3n Racer CUP - Baporo Motorsport) lograron la 4a plaza en la prueba de 2 horas + 1 vuelta de Resistencia disputada en el Circuit de Barcelona Catalunya. Con este resultado, en la pen\u00faltima cita del CER 2017, lograron su objetivo de recuperar el liderato en la clasificaci\u00f3n provisional de la divisi\u00f3n 1 (D1) pero, las diferencias respecto a sus rivales son m\u00ednimas. El \u00faltimo meeting de la temporada a disputar en el Circuito de Navarra decidir\u00e1 el campe\u00f3n o campeones de la mencionada D1.","og_url":"https:\/\/equipvinyesdabad.com\/es\/circuitos\/joan-vinyes-jaume-font-se-jugaran-el-titulo-en-el-circuito-de-navarra\/","og_site_name":"Equip vinyes dabad","article_published_time":"2017-09-18T00:00:00+00:00","article_modified_time":"2024-10-31T20:22:37+00:00","og_image":[{"width":250,"height":130,"url":"https:\/\/equipvinyesdabad.com\/wp-content\/uploads\/2024\/10\/logo_vinyes_dabad.png","type":"image\/png"}],"author":"admin","twitter_card":"summary_large_image","twitter_misc":{"Escrito por":"admin","Tiempo de lectura":"4 minutos"},"schema":{"@context":"https:\/\/schema.org","@graph":[{"@type":"Article","@id":"https:\/\/equipvinyesdabad.com\/es\/circuitos\/joan-vinyes-jaume-font-se-jugaran-el-titulo-en-el-circuito-de-navarra\/#article","isPartOf":{"@id":"https:\/\/equipvinyesdabad.com\/es\/circuitos\/joan-vinyes-jaume-font-se-jugaran-el-titulo-en-el-circuito-de-navarra\/"},"author":{"name":"admin","@id":"https:\/\/equipvinyesdabad.com\/es\/#\/schema\/person\/962b4c681d63fd4fbd546ec83b775c1b"},"headline":"Joan Vinyes &#8211; Jaume Font se jugar\u00e1n el t\u00edtulo en el Circuito de Navarra","datePublished":"2017-09-18T00:00:00+00:00","dateModified":"2024-10-31T20:22:37+00:00","mainEntityOfPage":{"@id":"https:\/\/equipvinyesdabad.com\/es\/circuitos\/joan-vinyes-jaume-font-se-jugaran-el-titulo-en-el-circuito-de-navarra\/"},"wordCount":724,"image":{"@id":"https:\/\/equipvinyesdabad.com\/es\/circuitos\/joan-vinyes-jaume-font-se-jugaran-el-titulo-en-el-circuito-de-navarra\/#primaryimage"},"thumbnailUrl":"https:\/\/equipvinyesdabad.com\/wp-content\/uploads\/2017\/09\/93JVBCN5818.jpg","articleSection":["Circuitos","Circuitos Espa\u00f1a"],"inLanguage":"es"},{"@type":"WebPage","@id":"https:\/\/equipvinyesdabad.com\/es\/circuitos\/joan-vinyes-jaume-font-se-jugaran-el-titulo-en-el-circuito-de-navarra\/","url":"https:\/\/equipvinyesdabad.com\/es\/circuitos\/joan-vinyes-jaume-font-se-jugaran-el-titulo-en-el-circuito-de-navarra\/","name":"Joan Vinyes - Jaume Font se jugar\u00e1n el t\u00edtulo en el Circuito de Navarra - Equip vinyes dabad","isPartOf":{"@id":"https:\/\/equipvinyesdabad.com\/es\/#website"},"primaryImageOfPage":{"@id":"https:\/\/equipvinyesdabad.com\/es\/circuitos\/joan-vinyes-jaume-font-se-jugaran-el-titulo-en-el-circuito-de-navarra\/#primaryimage"},"image":{"@id":"https:\/\/equipvinyesdabad.com\/es\/circuitos\/joan-vinyes-jaume-font-se-jugaran-el-titulo-en-el-circuito-de-navarra\/#primaryimage"},"thumbnailUrl":"https:\/\/equipvinyesdabad.com\/wp-content\/uploads\/2017\/09\/93JVBCN5818.jpg","datePublished":"2017-09-18T00:00:00+00:00","dateModified":"2024-10-31T20:22:37+00:00","author":{"@id":"https:\/\/equipvinyesdabad.com\/es\/#\/schema\/person\/962b4c681d63fd4fbd546ec83b775c1b"},"breadcrumb":{"@id":"https:\/\/equipvinyesdabad.com\/es\/circuitos\/joan-vinyes-jaume-font-se-jugaran-el-titulo-en-el-circuito-de-navarra\/#breadcrumb"},"inLanguage":"es","potentialAction":[{"@type":"ReadAction","target":["https:\/\/equipvinyesdabad.com\/es\/circuitos\/joan-vinyes-jaume-font-se-jugaran-el-titulo-en-el-circuito-de-navarra\/"]}]},{"@type":"ImageObject","inLanguage":"es","@id":"https:\/\/equipvinyesdabad.com\/es\/circuitos\/joan-vinyes-jaume-font-se-jugaran-el-titulo-en-el-circuito-de-navarra\/#primaryimage","url":"https:\/\/equipvinyesdabad.com\/wp-content\/uploads\/2017\/09\/93JVBCN5818.jpg","contentUrl":"https:\/\/equipvinyesdabad.com\/wp-content\/uploads\/2017\/09\/93JVBCN5818.jpg"},{"@type":"BreadcrumbList","@id":"https:\/\/equipvinyesdabad.com\/es\/circuitos\/joan-vinyes-jaume-font-se-jugaran-el-titulo-en-el-circuito-de-navarra\/#breadcrumb","itemListElement":[{"@type":"ListItem","position":1,"name":"Inicio","item":"https:\/\/equipvinyesdabad.com\/es\/"},{"@type":"ListItem","position":2,"name":"Joan Vinyes &#8211; Jaume Font se jugar\u00e1n el t\u00edtulo en el Circuito de Navarra"}]},{"@type":"WebSite","@id":"https:\/\/equipvinyesdabad.com\/es\/#website","url":"https:\/\/equipvinyesdabad.com\/es\/","name":"Equip vinyes dabad","description":"","potentialAction":[{"@type":"SearchAction","target":{"@type":"EntryPoint","urlTemplate":"https:\/\/equipvinyesdabad.com\/es\/?s={search_term_string}"},"query-input":{"@type":"PropertyValueSpecification","valueRequired":true,"valueName":"search_term_string"}}],"inLanguage":"es"},{"@type":"Person","@id":"https:\/\/equipvinyesdabad.com\/es\/#\/schema\/person\/962b4c681d63fd4fbd546ec83b775c1b","name":"admin","image":{"@type":"ImageObject","inLanguage":"es","@id":"https:\/\/secure.gravatar.com\/avatar\/6d1c6cfbf1c3aed75f7a05f946b76867c29d677b49f81545b6b9bc58677b08a0?s=96&d=mm&r=g","url":"https:\/\/secure.gravatar.com\/avatar\/6d1c6cfbf1c3aed75f7a05f946b76867c29d677b49f81545b6b9bc58677b08a0?s=96&d=mm&r=g","contentUrl":"https:\/\/secure.gravatar.com\/avatar\/6d1c6cfbf1c3aed75f7a05f946b76867c29d677b49f81545b6b9bc58677b08a0?s=96&d=mm&r=g","caption":"admin"},"sameAs":["https:\/\/equipvinyesdabad.com"],"url":"https:\/\/equipvinyesdabad.com\/es\/author\/web1\/"}]}},"_links":{"self":[{"href":"https:\/\/equipvinyesdabad.com\/es\/wp-json\/wp\/v2\/posts\/2373","targetHints":{"allow":["GET"]}}],"collection":[{"href":"https:\/\/equipvinyesdabad.com\/es\/wp-json\/wp\/v2\/posts"}],"about":[{"href":"https:\/\/equipvinyesdabad.com\/es\/wp-json\/wp\/v2\/types\/post"}],"author":[{"embeddable":true,"href":"https:\/\/equipvinyesdabad.com\/es\/wp-json\/wp\/v2\/users\/1"}],"replies":[{"embeddable":true,"href":"https:\/\/equipvinyesdabad.com\/es\/wp-json\/wp\/v2\/comments?post=2373"}],"version-history":[{"count":6,"href":"https:\/\/equipvinyesdabad.com\/es\/wp-json\/wp\/v2\/posts\/2373\/revisions"}],"predecessor-version":[{"id":4751,"href":"https:\/\/equipvinyesdabad.com\/es\/wp-json\/wp\/v2\/posts\/2373\/revisions\/4751"}],"wp:featuredmedia":[{"embeddable":true,"href":"https:\/\/equipvinyesdabad.com\/es\/wp-json\/wp\/v2\/media\/1651"}],"wp:attachment":[{"href":"https:\/\/equipvinyesdabad.com\/es\/wp-json\/wp\/v2\/media?parent=2373"}],"wp:term":[{"taxonomy":"category","embeddable":true,"href":"https:\/\/equipvinyesdabad.com\/es\/wp-json\/wp\/v2\/categories?post=2373"},{"taxonomy":"post_tag","embeddable":true,"href":"https:\/\/equipvinyesdabad.com\/es\/wp-json\/wp\/v2\/tags?post=2373"}],"curies":[{"name":"wp","href":"https:\/\/api.w.org\/{rel}","templated":true}]}}