{"id":2375,"date":"2017-09-17T00:00:00","date_gmt":"2017-09-17T00:00:00","guid":{"rendered":"https:\/\/equipvinyesdabad.com\/?p=2375"},"modified":"2024-10-31T20:10:49","modified_gmt":"2024-10-31T20:10:49","slug":"a-joan-vinyes-jordi-mercader-el-rally-princesa-de-asturias-se-les-atraveso","status":"publish","type":"post","link":"https:\/\/equipvinyesdabad.com\/es\/rallys\/a-joan-vinyes-jordi-mercader-el-rally-princesa-de-asturias-se-les-atraveso\/","title":{"rendered":"A Joan Vinyes-Jordi Mercader el Rally Princesa de Asturias se les atraves\u00f3"},"content":{"rendered":"<p style=\"text-align: justify\">Un problema mec&aacute;nico acab&oacute; con la participaci&oacute;n&nbsp; de Joan Vinyes-Jordi Mercader (Suzuki Swift R+) en el 54 Rallye Princesa de Asturias. En el instante en que se produjo el incidente, primer paso por la especial Colunga-Pilo&ntilde;a, los pilotos del equipo Suzuki Motor Ib&eacute;rica ocupaban la 6a plaza de la clasificaci&oacute;n absoluta del Campeonato de Espa&ntilde;a de la especialidad, mientras que en la de la categor&iacute;a N5, estaban situados en la 2a posici&oacute;n.<br \/>&nbsp; <br \/>La prueba, organizada por el Autom&oacute;vil Club del Principado de Asturias(ACPA), estuvo marcada por una climatolog&iacute;a muy variable. En poco margen de tiempo, se pasaba de un chubasco muy intenso a que el sol brillara aunque con timidez.&nbsp;&nbsp; &nbsp;<br \/>Las especiales cronometradas, que en condiciones normales ya patinaban mucho, con la lluvia y el paso de los coches se ensuciaron mucho. Mantener el veh&iacute;culo en el poco asfalto, que en ocasiones quedaba visible, no era f&aacute;cil. &nbsp;<br \/>&nbsp;<br \/><strong>1a etapa.<\/strong> A Vinyes-Mercader el rally se les complic&oacute; justo al empezar. Un trompo en la primera especial, Morc&iacute;n, tuvo como consecuencia directa la perdida de 30&rdquo; en el crono de la especial. A pesar de todo pudieron continuar la prueba sin problemas aparentes. Durante esta primera jornada (viernes del 15) mantuvieron un buen ritmo, que les permiti&oacute; estar cerca de los R5 pero insuficiente para liderar la categor&iacute;a N5. <br \/>Despu&eacute;s de disputadas la seis primeras especiales cronometradas, sus compa&ntilde;eros de equipo, Anxustegi-Iglesias, eran los m&aacute;s r&aacute;pidos entre los N5, con 19&rdquo; de ventaja sobre Vinyes-Mercader.&nbsp;&nbsp;&nbsp;&nbsp;&nbsp;&nbsp;&nbsp;&nbsp;&nbsp; &nbsp;<\/p>\n<p>Una vez superada una primera etapa &eacute;pica, en cuanto a la climatolog&iacute;a sobre todo, Joan comentaba: <em><strong>Creo que, a parte del trompo inicial, el ritmo ha sido el habitual. Nos ha permitido estar entre los mejores sin tomar demasiados riesgos debido al estado de las especiales. No hay duda que en esta primera competici&oacute;n en Asturias de la temporada, Gorka est&aacute; yendo muy r&aacute;pido.&nbsp; &nbsp;<\/strong><\/em><\/p>\n<p>La <strong>2a etapa<\/strong>&nbsp; tambi&eacute;n empez&oacute; con un trompo. en este&nbsp; caso en Siero. A partir de este instante parec&iacute;a que la situaci&oacute;n mejoraba. Vinyes-Mercader consiguieron el mejor crono en Villaviciosa empezando lo que hubiera podido ser una remontada hacia las primeras posiciones. Todo qued&oacute; intento, en la siguiente especial (Colunga-Pilo&ntilde;a), la mec&aacute;nica dijo basta y Vinyes-Mercader no tuvieron otra opci&oacute;n que dejar el rally.<\/p>\n<p style=\"text-align: justify\">As&iacute; lo comentaba el piloto de Suzuki:<em><strong> No hab&iacute;a transcurrido el primer kil&oacute;metro de la tercera especial de la jornada cuando el Swift se par&oacute;. Todos los intentos de ponerlo en marcha resultaron infructuosos. Sin duda, fue una l&aacute;stima creo que a&uacute;n hubi&eacute;ramos podido recuperar alguna posici&oacute;n en las diversas clasificaciones.<\/strong> <\/em><\/p>\n<p>Dentro de 15 d&iacute;as la cita vuelve a ser en Asturias, concretamente en Llanes. La 41a edici&oacute;n del Rally villa de Llanes, con novedades importantes en el trazado habitual de las &uacute;ltimas ediciones, ser&aacute; el reto que afrontar&aacute;n Vinyes-Mercader al volante de un Swift R+ &#8211; N5, del equipo Suzuki Motor Ib&eacute;rica.&nbsp;&nbsp; &nbsp;<\/p>\n<p style=\"text-align: right\"><strong><strong><a href=\"http:\/\/www.infoesport.org\/imgNoticia\/2017\/170916JVPA2c.pdf\"><img loading=\"lazy\" decoding=\"async\" style=\"float: right\" src=\"http:\/\/www.infoesport.org\/auxiliar\/fot\/logos\/icono_pdf.gif\" alt=\"\" width=\"50\" height=\"50\" \/><\/a><\/strong><\/strong>Servicio de Prensa.<\/p>\n","protected":false},"excerpt":{"rendered":"<p>Un problema mec\u00e1nico acab\u00f3 con la participaci\u00f3n  de Joan Vinyes-Jordi Mercader (Suzuki Swift R+) en el 54 Rallye Princesa de Asturias. En el instante en que se produjo el incidente, primer paso por la especial Colunga-Pilo\u00f1a, los pilotos del equipo Suzuki Motor Ib\u00e9rica ocupaban la 6a plaza de la clasificaci\u00f3n absoluta del Campeonato de Espa\u00f1a de la especialidad, mientras que en la de la categor\u00eda N5, estaban situados en la 2a posici\u00f3n.<\/p>\n","protected":false},"author":1,"featured_media":1652,"comment_status":"closed","ping_status":"closed","sticky":false,"template":"","format":"standard","meta":{"_kadence_starter_templates_imported_post":false,"_kad_post_transparent":"","_kad_post_title":"","_kad_post_layout":"","_kad_post_sidebar_id":"","_kad_post_content_style":"","_kad_post_vertical_padding":"","_kad_post_feature":"","_kad_post_feature_position":"","_kad_post_header":false,"_kad_post_footer":false,"_kad_post_classname":"","footnotes":""},"categories":[46,60],"tags":[],"class_list":["post-2375","post","type-post","status-publish","format-standard","has-post-thumbnail","hentry","category-rallys","category-rallys-asfalto"],"yoast_head":"<!-- This site is optimized with the Yoast SEO plugin v27.4 - https:\/\/yoast.com\/product\/yoast-seo-wordpress\/ -->\n<title>A Joan Vinyes-Jordi Mercader el Rally Princesa de Asturias se les atraves\u00f3 - Equip vinyes dabad<\/title>\n<meta name=\"robots\" content=\"index, follow, max-snippet:-1, max-image-preview:large, max-video-preview:-1\" \/>\n<link rel=\"canonical\" href=\"https:\/\/equipvinyesdabad.com\/es\/rallys\/a-joan-vinyes-jordi-mercader-el-rally-princesa-de-asturias-se-les-atraveso\/\" \/>\n<meta property=\"og:locale\" content=\"es_ES\" \/>\n<meta property=\"og:type\" content=\"article\" \/>\n<meta property=\"og:title\" content=\"A Joan Vinyes-Jordi Mercader el Rally Princesa de Asturias se les atraves\u00f3 - Equip vinyes dabad\" \/>\n<meta property=\"og:description\" content=\"Un problema mec\u00e1nico acab\u00f3 con la participaci\u00f3n de Joan Vinyes-Jordi Mercader (Suzuki Swift R+) en el 54 Rallye Princesa de Asturias. En el instante en que se produjo el incidente, primer paso por la especial Colunga-Pilo\u00f1a, los pilotos del equipo Suzuki Motor Ib\u00e9rica ocupaban la 6a plaza de la clasificaci\u00f3n absoluta del Campeonato de Espa\u00f1a de la especialidad, mientras que en la de la categor\u00eda N5, estaban situados en la 2a posici\u00f3n.\" \/>\n<meta property=\"og:url\" content=\"https:\/\/equipvinyesdabad.com\/es\/rallys\/a-joan-vinyes-jordi-mercader-el-rally-princesa-de-asturias-se-les-atraveso\/\" \/>\n<meta property=\"og:site_name\" content=\"Equip vinyes dabad\" \/>\n<meta property=\"article:published_time\" content=\"2017-09-17T00:00:00+00:00\" \/>\n<meta property=\"article:modified_time\" content=\"2024-10-31T20:10:49+00:00\" \/>\n<meta property=\"og:image\" content=\"https:\/\/equipvinyesdabad.com\/wp-content\/uploads\/2024\/10\/logo_vinyes_dabad.png\" \/>\n\t<meta property=\"og:image:width\" content=\"250\" \/>\n\t<meta property=\"og:image:height\" content=\"130\" \/>\n\t<meta property=\"og:image:type\" content=\"image\/png\" \/>\n<meta name=\"author\" content=\"admin\" \/>\n<meta name=\"twitter:card\" content=\"summary_large_image\" \/>\n<meta name=\"twitter:label1\" content=\"Escrito por\" \/>\n\t<meta name=\"twitter:data1\" content=\"admin\" \/>\n\t<meta name=\"twitter:label2\" content=\"Tiempo de lectura\" \/>\n\t<meta name=\"twitter:data2\" content=\"3 minutos\" \/>\n<script type=\"application\/ld+json\" class=\"yoast-schema-graph\">{\"@context\":\"https:\\\/\\\/schema.org\",\"@graph\":[{\"@type\":\"Article\",\"@id\":\"https:\\\/\\\/equipvinyesdabad.com\\\/es\\\/rallys\\\/a-joan-vinyes-jordi-mercader-el-rally-princesa-de-asturias-se-les-atraveso\\\/#article\",\"isPartOf\":{\"@id\":\"https:\\\/\\\/equipvinyesdabad.com\\\/es\\\/rallys\\\/a-joan-vinyes-jordi-mercader-el-rally-princesa-de-asturias-se-les-atraveso\\\/\"},\"author\":{\"name\":\"admin\",\"@id\":\"https:\\\/\\\/equipvinyesdabad.com\\\/es\\\/#\\\/schema\\\/person\\\/962b4c681d63fd4fbd546ec83b775c1b\"},\"headline\":\"A Joan Vinyes-Jordi Mercader el Rally Princesa de Asturias se les atraves\u00f3\",\"datePublished\":\"2017-09-17T00:00:00+00:00\",\"dateModified\":\"2024-10-31T20:10:49+00:00\",\"mainEntityOfPage\":{\"@id\":\"https:\\\/\\\/equipvinyesdabad.com\\\/es\\\/rallys\\\/a-joan-vinyes-jordi-mercader-el-rally-princesa-de-asturias-se-les-atraveso\\\/\"},\"wordCount\":596,\"image\":{\"@id\":\"https:\\\/\\\/equipvinyesdabad.com\\\/es\\\/rallys\\\/a-joan-vinyes-jordi-mercader-el-rally-princesa-de-asturias-se-les-atraveso\\\/#primaryimage\"},\"thumbnailUrl\":\"https:\\\/\\\/equipvinyesdabad.com\\\/wp-content\\\/uploads\\\/2017\\\/09\\\/05JVPpe5683.jpg\",\"articleSection\":[\"Rallys\",\"Rallys asfalto\"],\"inLanguage\":\"es\"},{\"@type\":\"WebPage\",\"@id\":\"https:\\\/\\\/equipvinyesdabad.com\\\/es\\\/rallys\\\/a-joan-vinyes-jordi-mercader-el-rally-princesa-de-asturias-se-les-atraveso\\\/\",\"url\":\"https:\\\/\\\/equipvinyesdabad.com\\\/es\\\/rallys\\\/a-joan-vinyes-jordi-mercader-el-rally-princesa-de-asturias-se-les-atraveso\\\/\",\"name\":\"A Joan Vinyes-Jordi Mercader el Rally Princesa de Asturias se les atraves\u00f3 - Equip vinyes dabad\",\"isPartOf\":{\"@id\":\"https:\\\/\\\/equipvinyesdabad.com\\\/es\\\/#website\"},\"primaryImageOfPage\":{\"@id\":\"https:\\\/\\\/equipvinyesdabad.com\\\/es\\\/rallys\\\/a-joan-vinyes-jordi-mercader-el-rally-princesa-de-asturias-se-les-atraveso\\\/#primaryimage\"},\"image\":{\"@id\":\"https:\\\/\\\/equipvinyesdabad.com\\\/es\\\/rallys\\\/a-joan-vinyes-jordi-mercader-el-rally-princesa-de-asturias-se-les-atraveso\\\/#primaryimage\"},\"thumbnailUrl\":\"https:\\\/\\\/equipvinyesdabad.com\\\/wp-content\\\/uploads\\\/2017\\\/09\\\/05JVPpe5683.jpg\",\"datePublished\":\"2017-09-17T00:00:00+00:00\",\"dateModified\":\"2024-10-31T20:10:49+00:00\",\"author\":{\"@id\":\"https:\\\/\\\/equipvinyesdabad.com\\\/es\\\/#\\\/schema\\\/person\\\/962b4c681d63fd4fbd546ec83b775c1b\"},\"breadcrumb\":{\"@id\":\"https:\\\/\\\/equipvinyesdabad.com\\\/es\\\/rallys\\\/a-joan-vinyes-jordi-mercader-el-rally-princesa-de-asturias-se-les-atraveso\\\/#breadcrumb\"},\"inLanguage\":\"es\",\"potentialAction\":[{\"@type\":\"ReadAction\",\"target\":[\"https:\\\/\\\/equipvinyesdabad.com\\\/es\\\/rallys\\\/a-joan-vinyes-jordi-mercader-el-rally-princesa-de-asturias-se-les-atraveso\\\/\"]}]},{\"@type\":\"ImageObject\",\"inLanguage\":\"es\",\"@id\":\"https:\\\/\\\/equipvinyesdabad.com\\\/es\\\/rallys\\\/a-joan-vinyes-jordi-mercader-el-rally-princesa-de-asturias-se-les-atraveso\\\/#primaryimage\",\"url\":\"https:\\\/\\\/equipvinyesdabad.com\\\/wp-content\\\/uploads\\\/2017\\\/09\\\/05JVPpe5683.jpg\",\"contentUrl\":\"https:\\\/\\\/equipvinyesdabad.com\\\/wp-content\\\/uploads\\\/2017\\\/09\\\/05JVPpe5683.jpg\"},{\"@type\":\"BreadcrumbList\",\"@id\":\"https:\\\/\\\/equipvinyesdabad.com\\\/es\\\/rallys\\\/a-joan-vinyes-jordi-mercader-el-rally-princesa-de-asturias-se-les-atraveso\\\/#breadcrumb\",\"itemListElement\":[{\"@type\":\"ListItem\",\"position\":1,\"name\":\"Inicio\",\"item\":\"https:\\\/\\\/equipvinyesdabad.com\\\/es\\\/\"},{\"@type\":\"ListItem\",\"position\":2,\"name\":\"A Joan Vinyes-Jordi Mercader el Rally Princesa de Asturias se les atraves\u00f3\"}]},{\"@type\":\"WebSite\",\"@id\":\"https:\\\/\\\/equipvinyesdabad.com\\\/es\\\/#website\",\"url\":\"https:\\\/\\\/equipvinyesdabad.com\\\/es\\\/\",\"name\":\"Equip vinyes dabad\",\"description\":\"\",\"potentialAction\":[{\"@type\":\"SearchAction\",\"target\":{\"@type\":\"EntryPoint\",\"urlTemplate\":\"https:\\\/\\\/equipvinyesdabad.com\\\/es\\\/?s={search_term_string}\"},\"query-input\":{\"@type\":\"PropertyValueSpecification\",\"valueRequired\":true,\"valueName\":\"search_term_string\"}}],\"inLanguage\":\"es\"},{\"@type\":\"Person\",\"@id\":\"https:\\\/\\\/equipvinyesdabad.com\\\/es\\\/#\\\/schema\\\/person\\\/962b4c681d63fd4fbd546ec83b775c1b\",\"name\":\"admin\",\"image\":{\"@type\":\"ImageObject\",\"inLanguage\":\"es\",\"@id\":\"https:\\\/\\\/secure.gravatar.com\\\/avatar\\\/6d1c6cfbf1c3aed75f7a05f946b76867c29d677b49f81545b6b9bc58677b08a0?s=96&d=mm&r=g\",\"url\":\"https:\\\/\\\/secure.gravatar.com\\\/avatar\\\/6d1c6cfbf1c3aed75f7a05f946b76867c29d677b49f81545b6b9bc58677b08a0?s=96&d=mm&r=g\",\"contentUrl\":\"https:\\\/\\\/secure.gravatar.com\\\/avatar\\\/6d1c6cfbf1c3aed75f7a05f946b76867c29d677b49f81545b6b9bc58677b08a0?s=96&d=mm&r=g\",\"caption\":\"admin\"},\"sameAs\":[\"https:\\\/\\\/equipvinyesdabad.com\"],\"url\":\"https:\\\/\\\/equipvinyesdabad.com\\\/es\\\/author\\\/web1\\\/\"}]}<\/script>\n<!-- \/ Yoast SEO plugin. -->","yoast_head_json":{"title":"A Joan Vinyes-Jordi Mercader el Rally Princesa de Asturias se les atraves\u00f3 - Equip vinyes dabad","robots":{"index":"index","follow":"follow","max-snippet":"max-snippet:-1","max-image-preview":"max-image-preview:large","max-video-preview":"max-video-preview:-1"},"canonical":"https:\/\/equipvinyesdabad.com\/es\/rallys\/a-joan-vinyes-jordi-mercader-el-rally-princesa-de-asturias-se-les-atraveso\/","og_locale":"es_ES","og_type":"article","og_title":"A Joan Vinyes-Jordi Mercader el Rally Princesa de Asturias se les atraves\u00f3 - Equip vinyes dabad","og_description":"Un problema mec\u00e1nico acab\u00f3 con la participaci\u00f3n de Joan Vinyes-Jordi Mercader (Suzuki Swift R+) en el 54 Rallye Princesa de Asturias. En el instante en que se produjo el incidente, primer paso por la especial Colunga-Pilo\u00f1a, los pilotos del equipo Suzuki Motor Ib\u00e9rica ocupaban la 6a plaza de la clasificaci\u00f3n absoluta del Campeonato de Espa\u00f1a de la especialidad, mientras que en la de la categor\u00eda N5, estaban situados en la 2a posici\u00f3n.","og_url":"https:\/\/equipvinyesdabad.com\/es\/rallys\/a-joan-vinyes-jordi-mercader-el-rally-princesa-de-asturias-se-les-atraveso\/","og_site_name":"Equip vinyes dabad","article_published_time":"2017-09-17T00:00:00+00:00","article_modified_time":"2024-10-31T20:10:49+00:00","og_image":[{"width":250,"height":130,"url":"https:\/\/equipvinyesdabad.com\/wp-content\/uploads\/2024\/10\/logo_vinyes_dabad.png","type":"image\/png"}],"author":"admin","twitter_card":"summary_large_image","twitter_misc":{"Escrito por":"admin","Tiempo de lectura":"3 minutos"},"schema":{"@context":"https:\/\/schema.org","@graph":[{"@type":"Article","@id":"https:\/\/equipvinyesdabad.com\/es\/rallys\/a-joan-vinyes-jordi-mercader-el-rally-princesa-de-asturias-se-les-atraveso\/#article","isPartOf":{"@id":"https:\/\/equipvinyesdabad.com\/es\/rallys\/a-joan-vinyes-jordi-mercader-el-rally-princesa-de-asturias-se-les-atraveso\/"},"author":{"name":"admin","@id":"https:\/\/equipvinyesdabad.com\/es\/#\/schema\/person\/962b4c681d63fd4fbd546ec83b775c1b"},"headline":"A Joan Vinyes-Jordi Mercader el Rally Princesa de Asturias se les atraves\u00f3","datePublished":"2017-09-17T00:00:00+00:00","dateModified":"2024-10-31T20:10:49+00:00","mainEntityOfPage":{"@id":"https:\/\/equipvinyesdabad.com\/es\/rallys\/a-joan-vinyes-jordi-mercader-el-rally-princesa-de-asturias-se-les-atraveso\/"},"wordCount":596,"image":{"@id":"https:\/\/equipvinyesdabad.com\/es\/rallys\/a-joan-vinyes-jordi-mercader-el-rally-princesa-de-asturias-se-les-atraveso\/#primaryimage"},"thumbnailUrl":"https:\/\/equipvinyesdabad.com\/wp-content\/uploads\/2017\/09\/05JVPpe5683.jpg","articleSection":["Rallys","Rallys asfalto"],"inLanguage":"es"},{"@type":"WebPage","@id":"https:\/\/equipvinyesdabad.com\/es\/rallys\/a-joan-vinyes-jordi-mercader-el-rally-princesa-de-asturias-se-les-atraveso\/","url":"https:\/\/equipvinyesdabad.com\/es\/rallys\/a-joan-vinyes-jordi-mercader-el-rally-princesa-de-asturias-se-les-atraveso\/","name":"A Joan Vinyes-Jordi Mercader el Rally Princesa de Asturias se les atraves\u00f3 - Equip vinyes dabad","isPartOf":{"@id":"https:\/\/equipvinyesdabad.com\/es\/#website"},"primaryImageOfPage":{"@id":"https:\/\/equipvinyesdabad.com\/es\/rallys\/a-joan-vinyes-jordi-mercader-el-rally-princesa-de-asturias-se-les-atraveso\/#primaryimage"},"image":{"@id":"https:\/\/equipvinyesdabad.com\/es\/rallys\/a-joan-vinyes-jordi-mercader-el-rally-princesa-de-asturias-se-les-atraveso\/#primaryimage"},"thumbnailUrl":"https:\/\/equipvinyesdabad.com\/wp-content\/uploads\/2017\/09\/05JVPpe5683.jpg","datePublished":"2017-09-17T00:00:00+00:00","dateModified":"2024-10-31T20:10:49+00:00","author":{"@id":"https:\/\/equipvinyesdabad.com\/es\/#\/schema\/person\/962b4c681d63fd4fbd546ec83b775c1b"},"breadcrumb":{"@id":"https:\/\/equipvinyesdabad.com\/es\/rallys\/a-joan-vinyes-jordi-mercader-el-rally-princesa-de-asturias-se-les-atraveso\/#breadcrumb"},"inLanguage":"es","potentialAction":[{"@type":"ReadAction","target":["https:\/\/equipvinyesdabad.com\/es\/rallys\/a-joan-vinyes-jordi-mercader-el-rally-princesa-de-asturias-se-les-atraveso\/"]}]},{"@type":"ImageObject","inLanguage":"es","@id":"https:\/\/equipvinyesdabad.com\/es\/rallys\/a-joan-vinyes-jordi-mercader-el-rally-princesa-de-asturias-se-les-atraveso\/#primaryimage","url":"https:\/\/equipvinyesdabad.com\/wp-content\/uploads\/2017\/09\/05JVPpe5683.jpg","contentUrl":"https:\/\/equipvinyesdabad.com\/wp-content\/uploads\/2017\/09\/05JVPpe5683.jpg"},{"@type":"BreadcrumbList","@id":"https:\/\/equipvinyesdabad.com\/es\/rallys\/a-joan-vinyes-jordi-mercader-el-rally-princesa-de-asturias-se-les-atraveso\/#breadcrumb","itemListElement":[{"@type":"ListItem","position":1,"name":"Inicio","item":"https:\/\/equipvinyesdabad.com\/es\/"},{"@type":"ListItem","position":2,"name":"A Joan Vinyes-Jordi Mercader el Rally Princesa de Asturias se les atraves\u00f3"}]},{"@type":"WebSite","@id":"https:\/\/equipvinyesdabad.com\/es\/#website","url":"https:\/\/equipvinyesdabad.com\/es\/","name":"Equip vinyes dabad","description":"","potentialAction":[{"@type":"SearchAction","target":{"@type":"EntryPoint","urlTemplate":"https:\/\/equipvinyesdabad.com\/es\/?s={search_term_string}"},"query-input":{"@type":"PropertyValueSpecification","valueRequired":true,"valueName":"search_term_string"}}],"inLanguage":"es"},{"@type":"Person","@id":"https:\/\/equipvinyesdabad.com\/es\/#\/schema\/person\/962b4c681d63fd4fbd546ec83b775c1b","name":"admin","image":{"@type":"ImageObject","inLanguage":"es","@id":"https:\/\/secure.gravatar.com\/avatar\/6d1c6cfbf1c3aed75f7a05f946b76867c29d677b49f81545b6b9bc58677b08a0?s=96&d=mm&r=g","url":"https:\/\/secure.gravatar.com\/avatar\/6d1c6cfbf1c3aed75f7a05f946b76867c29d677b49f81545b6b9bc58677b08a0?s=96&d=mm&r=g","contentUrl":"https:\/\/secure.gravatar.com\/avatar\/6d1c6cfbf1c3aed75f7a05f946b76867c29d677b49f81545b6b9bc58677b08a0?s=96&d=mm&r=g","caption":"admin"},"sameAs":["https:\/\/equipvinyesdabad.com"],"url":"https:\/\/equipvinyesdabad.com\/es\/author\/web1\/"}]}},"_links":{"self":[{"href":"https:\/\/equipvinyesdabad.com\/es\/wp-json\/wp\/v2\/posts\/2375","targetHints":{"allow":["GET"]}}],"collection":[{"href":"https:\/\/equipvinyesdabad.com\/es\/wp-json\/wp\/v2\/posts"}],"about":[{"href":"https:\/\/equipvinyesdabad.com\/es\/wp-json\/wp\/v2\/types\/post"}],"author":[{"embeddable":true,"href":"https:\/\/equipvinyesdabad.com\/es\/wp-json\/wp\/v2\/users\/1"}],"replies":[{"embeddable":true,"href":"https:\/\/equipvinyesdabad.com\/es\/wp-json\/wp\/v2\/comments?post=2375"}],"version-history":[{"count":6,"href":"https:\/\/equipvinyesdabad.com\/es\/wp-json\/wp\/v2\/posts\/2375\/revisions"}],"predecessor-version":[{"id":4753,"href":"https:\/\/equipvinyesdabad.com\/es\/wp-json\/wp\/v2\/posts\/2375\/revisions\/4753"}],"wp:featuredmedia":[{"embeddable":true,"href":"https:\/\/equipvinyesdabad.com\/es\/wp-json\/wp\/v2\/media\/1652"}],"wp:attachment":[{"href":"https:\/\/equipvinyesdabad.com\/es\/wp-json\/wp\/v2\/media?parent=2375"}],"wp:term":[{"taxonomy":"category","embeddable":true,"href":"https:\/\/equipvinyesdabad.com\/es\/wp-json\/wp\/v2\/categories?post=2375"},{"taxonomy":"post_tag","embeddable":true,"href":"https:\/\/equipvinyesdabad.com\/es\/wp-json\/wp\/v2\/tags?post=2375"}],"curies":[{"name":"wp","href":"https:\/\/api.w.org\/{rel}","templated":true}]}}