{"id":2377,"date":"2017-09-12T00:00:00","date_gmt":"2017-09-12T00:00:00","guid":{"rendered":"https:\/\/equipvinyesdabad.com\/?p=2377"},"modified":"2024-10-31T20:10:49","modified_gmt":"2024-10-31T20:10:49","slug":"vinyes-mercader-se-encontraran-un-rally-princesa-de-asturias-diferente","status":"publish","type":"post","link":"https:\/\/equipvinyesdabad.com\/es\/rallys\/vinyes-mercader-se-encontraran-un-rally-princesa-de-asturias-diferente\/","title":{"rendered":"Vinyes-Mercader se encontrar\u00e1n un Rally Princesa de Asturias, diferente"},"content":{"rendered":"<p style=\"text-align: justify\">En el retorno posvacacional al Campeonato de Espa&ntilde;a de Rallys de asfalto (CERA), Joan Vinyes-Jordi Mercader tendr&aacute;n que afrontar un Rally Princesa de Asturias muy cambiado. En las dos temporadas que Vinyes no ha disputado la cita asturiana, se han producido variaciones importantes tanto en el trazado como en la localizaci&oacute;n del n&uacute;cleo administrativo de un rally que, no obstante, sigue siendo v&aacute;lido para el Trofeo de Europa de Rallys adem&aacute;s de CERA, Copas monomarca y campeonato regional asturiano.&nbsp;&nbsp;&nbsp; &nbsp;<\/p>\n<p>El trazado preparado por el Autom&oacute;vil Club Principado de Asturias (ACPA) tiene en total 663,04 km, de los cuales 186,65 km, son de velocidad. El recorrido estar&aacute; dividido en 2 etapas y 12 especiales cronometradas (7 de diferentes). <br \/>En la primera etapa (viernes d&iacute;a 15) se disputar&aacute;, dos veces, un bucle de tres tramos cronometrados: Morc&iacute;n (14,16 km), Candamo (15,82 km) y&nbsp; Llanera (15,60 km).<br \/>La segunda etapa (s&aacute;bado d&iacute;a 16) tendr&aacute; escenarios m&aacute;s variados, Se iniciar&aacute; con el Siero (15,41 km), tramo que dar&aacute; puntos adicionales para el campeonato. En la continuaci&oacute;n se deber&aacute;n superar, dos veces, Villaviciosa (23,13 km) y Colunga-Pilo&ntilde;a (15,75 km). <br \/>El rally se cerrar&aacute; en Oviedo, con la disputa de una super especial de 2,32 km. <\/p>\n<p>Al analizar el trazado, los pilotos del equipo Suzuki Motor Ib&eacute;rica apreciaron que hab&iacute;a alguna zona conocida pero, seg&uacute;n Vinyes: <em><strong>En algunos casos era alg&uacute;n tramo que parcialmente hab&iacute;amos corrido, tanto en un sentido como en el inverso. Podemos decir que el escenario en general seguir&aacute; siendo el mismo pero, en concreto, las especiales de velocidad las conoceremos en los reconocimientos.<\/strong> <\/em><\/p>\n<p>Despu&eacute;s de un par de meses sin competir con el Swift R+, Vinyes se muestra confiado en continuar la l&iacute;nea que siguieron en Ferrol, &uacute;ltima cita antes de vacaciones: <em><strong>Como siempre, el objetivo seguir&aacute; siendo sumar la m&aacute;xima puntuaci&oacute;n para que el equipo Suzuki mantenga opciones al t&iacute;tulo de marcas. El shakedown del viernes nos ir&aacute; muy bien para iniciar el rally habiendo hecho una primera toma de contacto con el Swift.&nbsp;<\/strong><\/em>&nbsp; &nbsp;<br \/>&nbsp; <br \/>Los equipos tendr&aacute;n la zona de asistencia instalada en La Manjoya. La ceremonia de salida se celebrar&aacute; a las 20,00 horas del jueves (d&iacute;a 14) en el podio de la Plaza de los Ferroviarios de Oviedo.<br \/>Como bien comenta Joan, el viernes (d&iacute;a 15) a partir de las 8.00 horas se iniciar&aacute; el &uacute;ltimo test con el veh&iacute;culo de competici&oacute;n para los equipos que hayan decidido participar. El test se llevar&aacute; a cabo en la especial Ribera de Arriba (3,65 km). <br \/>&nbsp;<br \/>La primera etapa se iniciar&aacute; a las 13,00 horas del viernes, desde la zona de asistencia y finalizar&aacute; a partir de las 22,15 horas del mismo viernes en el parque cerrado ubicado justo a lado del podio.<br \/>La segunda etapa con inicio y llegada en el podio de la mencionada Plaza de los Ferroviarios (Oviedo), se disputar&aacute; entre las 7,45 horas y las 18,15 horas del s&aacute;bado d&iacute;a 16. La entrega de premios est&aacute; prevista a las 19,00 horas del mismo s&aacute;bado. &nbsp;<\/p>\n<p style=\"text-align: right\"><strong><strong><a href=\"http:\/\/www.infoesport.org\/imgNoticia\/2017\/170916JVPA1c.pdf\"><img loading=\"lazy\" decoding=\"async\" style=\"float: right\" src=\"http:\/\/www.infoesport.org\/auxiliar\/fot\/logos\/icono_pdf.gif\" alt=\"\" width=\"50\" height=\"50\" \/><\/a><\/strong><\/strong>Servicio de Prensa.<\/p>\n","protected":false},"excerpt":{"rendered":"<p>En el retorno posvacacional al Campeonato de Espa\u00f1a de Rallys de asfalto (CERA), Joan Vinyes-Jordi Mercader tendr\u00e1n que afrontar un Rally Princesa de Asturias muy cambiado. En las dos temporadas que Vinyes no ha disputado la cita asturiana, se han producido variaciones importantes tanto en el trazado como en la localizaci\u00f3n del n\u00facleo administrativo de un rally que, no obstante, sigue siendo v\u00e1lido para el Trofeo de Europa de Rallys adem\u00e1s de CERA, Copas monomarca y campeonato regional asturiano.     <\/p>\n","protected":false},"author":1,"featured_media":1653,"comment_status":"closed","ping_status":"closed","sticky":false,"template":"","format":"standard","meta":{"_kadence_starter_templates_imported_post":false,"_kad_post_transparent":"","_kad_post_title":"","_kad_post_layout":"","_kad_post_sidebar_id":"","_kad_post_content_style":"","_kad_post_vertical_padding":"","_kad_post_feature":"","_kad_post_feature_position":"","_kad_post_header":false,"_kad_post_footer":false,"_kad_post_classname":"","footnotes":""},"categories":[46,60],"tags":[],"class_list":["post-2377","post","type-post","status-publish","format-standard","has-post-thumbnail","hentry","category-rallys","category-rallys-asfalto"],"yoast_head":"<!-- This site is optimized with the Yoast SEO plugin v27.4 - https:\/\/yoast.com\/product\/yoast-seo-wordpress\/ -->\n<title>Vinyes-Mercader se encontrar\u00e1n un Rally Princesa de Asturias, diferente - Equip vinyes dabad<\/title>\n<meta name=\"robots\" content=\"index, follow, max-snippet:-1, max-image-preview:large, max-video-preview:-1\" \/>\n<link rel=\"canonical\" href=\"https:\/\/equipvinyesdabad.com\/es\/rallys\/vinyes-mercader-se-encontraran-un-rally-princesa-de-asturias-diferente\/\" \/>\n<meta property=\"og:locale\" content=\"es_ES\" \/>\n<meta property=\"og:type\" content=\"article\" \/>\n<meta property=\"og:title\" content=\"Vinyes-Mercader se encontrar\u00e1n un Rally Princesa de Asturias, diferente - Equip vinyes dabad\" \/>\n<meta property=\"og:description\" content=\"En el retorno posvacacional al Campeonato de Espa\u00f1a de Rallys de asfalto (CERA), Joan Vinyes-Jordi Mercader tendr\u00e1n que afrontar un Rally Princesa de Asturias muy cambiado. En las dos temporadas que Vinyes no ha disputado la cita asturiana, se han producido variaciones importantes tanto en el trazado como en la localizaci\u00f3n del n\u00facleo administrativo de un rally que, no obstante, sigue siendo v\u00e1lido para el Trofeo de Europa de Rallys adem\u00e1s de CERA, Copas monomarca y campeonato regional asturiano.\" \/>\n<meta property=\"og:url\" content=\"https:\/\/equipvinyesdabad.com\/es\/rallys\/vinyes-mercader-se-encontraran-un-rally-princesa-de-asturias-diferente\/\" \/>\n<meta property=\"og:site_name\" content=\"Equip vinyes dabad\" \/>\n<meta property=\"article:published_time\" content=\"2017-09-12T00:00:00+00:00\" \/>\n<meta property=\"article:modified_time\" content=\"2024-10-31T20:10:49+00:00\" \/>\n<meta property=\"og:image\" content=\"https:\/\/equipvinyesdabad.com\/wp-content\/uploads\/2024\/10\/logo_vinyes_dabad.png\" \/>\n\t<meta property=\"og:image:width\" content=\"250\" \/>\n\t<meta property=\"og:image:height\" content=\"130\" \/>\n\t<meta property=\"og:image:type\" content=\"image\/png\" \/>\n<meta name=\"author\" content=\"admin\" \/>\n<meta name=\"twitter:card\" content=\"summary_large_image\" \/>\n<meta name=\"twitter:label1\" content=\"Escrito por\" \/>\n\t<meta name=\"twitter:data1\" content=\"admin\" \/>\n\t<meta name=\"twitter:label2\" content=\"Tiempo de lectura\" \/>\n\t<meta name=\"twitter:data2\" content=\"3 minutos\" \/>\n<script type=\"application\/ld+json\" class=\"yoast-schema-graph\">{\"@context\":\"https:\\\/\\\/schema.org\",\"@graph\":[{\"@type\":\"Article\",\"@id\":\"https:\\\/\\\/equipvinyesdabad.com\\\/es\\\/rallys\\\/vinyes-mercader-se-encontraran-un-rally-princesa-de-asturias-diferente\\\/#article\",\"isPartOf\":{\"@id\":\"https:\\\/\\\/equipvinyesdabad.com\\\/es\\\/rallys\\\/vinyes-mercader-se-encontraran-un-rally-princesa-de-asturias-diferente\\\/\"},\"author\":{\"name\":\"admin\",\"@id\":\"https:\\\/\\\/equipvinyesdabad.com\\\/es\\\/#\\\/schema\\\/person\\\/962b4c681d63fd4fbd546ec83b775c1b\"},\"headline\":\"Vinyes-Mercader se encontrar\u00e1n un Rally Princesa de Asturias, diferente\",\"datePublished\":\"2017-09-12T00:00:00+00:00\",\"dateModified\":\"2024-10-31T20:10:49+00:00\",\"mainEntityOfPage\":{\"@id\":\"https:\\\/\\\/equipvinyesdabad.com\\\/es\\\/rallys\\\/vinyes-mercader-se-encontraran-un-rally-princesa-de-asturias-diferente\\\/\"},\"wordCount\":579,\"image\":{\"@id\":\"https:\\\/\\\/equipvinyesdabad.com\\\/es\\\/rallys\\\/vinyes-mercader-se-encontraran-un-rally-princesa-de-asturias-diferente\\\/#primaryimage\"},\"thumbnailUrl\":\"https:\\\/\\\/equipvinyesdabad.com\\\/wp-content\\\/uploads\\\/2017\\\/09\\\/05JVPPA1153.jpg\",\"articleSection\":[\"Rallys\",\"Rallys asfalto\"],\"inLanguage\":\"es\"},{\"@type\":\"WebPage\",\"@id\":\"https:\\\/\\\/equipvinyesdabad.com\\\/es\\\/rallys\\\/vinyes-mercader-se-encontraran-un-rally-princesa-de-asturias-diferente\\\/\",\"url\":\"https:\\\/\\\/equipvinyesdabad.com\\\/es\\\/rallys\\\/vinyes-mercader-se-encontraran-un-rally-princesa-de-asturias-diferente\\\/\",\"name\":\"Vinyes-Mercader se encontrar\u00e1n un Rally Princesa de Asturias, diferente - Equip vinyes dabad\",\"isPartOf\":{\"@id\":\"https:\\\/\\\/equipvinyesdabad.com\\\/es\\\/#website\"},\"primaryImageOfPage\":{\"@id\":\"https:\\\/\\\/equipvinyesdabad.com\\\/es\\\/rallys\\\/vinyes-mercader-se-encontraran-un-rally-princesa-de-asturias-diferente\\\/#primaryimage\"},\"image\":{\"@id\":\"https:\\\/\\\/equipvinyesdabad.com\\\/es\\\/rallys\\\/vinyes-mercader-se-encontraran-un-rally-princesa-de-asturias-diferente\\\/#primaryimage\"},\"thumbnailUrl\":\"https:\\\/\\\/equipvinyesdabad.com\\\/wp-content\\\/uploads\\\/2017\\\/09\\\/05JVPPA1153.jpg\",\"datePublished\":\"2017-09-12T00:00:00+00:00\",\"dateModified\":\"2024-10-31T20:10:49+00:00\",\"author\":{\"@id\":\"https:\\\/\\\/equipvinyesdabad.com\\\/es\\\/#\\\/schema\\\/person\\\/962b4c681d63fd4fbd546ec83b775c1b\"},\"breadcrumb\":{\"@id\":\"https:\\\/\\\/equipvinyesdabad.com\\\/es\\\/rallys\\\/vinyes-mercader-se-encontraran-un-rally-princesa-de-asturias-diferente\\\/#breadcrumb\"},\"inLanguage\":\"es\",\"potentialAction\":[{\"@type\":\"ReadAction\",\"target\":[\"https:\\\/\\\/equipvinyesdabad.com\\\/es\\\/rallys\\\/vinyes-mercader-se-encontraran-un-rally-princesa-de-asturias-diferente\\\/\"]}]},{\"@type\":\"ImageObject\",\"inLanguage\":\"es\",\"@id\":\"https:\\\/\\\/equipvinyesdabad.com\\\/es\\\/rallys\\\/vinyes-mercader-se-encontraran-un-rally-princesa-de-asturias-diferente\\\/#primaryimage\",\"url\":\"https:\\\/\\\/equipvinyesdabad.com\\\/wp-content\\\/uploads\\\/2017\\\/09\\\/05JVPPA1153.jpg\",\"contentUrl\":\"https:\\\/\\\/equipvinyesdabad.com\\\/wp-content\\\/uploads\\\/2017\\\/09\\\/05JVPPA1153.jpg\"},{\"@type\":\"BreadcrumbList\",\"@id\":\"https:\\\/\\\/equipvinyesdabad.com\\\/es\\\/rallys\\\/vinyes-mercader-se-encontraran-un-rally-princesa-de-asturias-diferente\\\/#breadcrumb\",\"itemListElement\":[{\"@type\":\"ListItem\",\"position\":1,\"name\":\"Inicio\",\"item\":\"https:\\\/\\\/equipvinyesdabad.com\\\/es\\\/\"},{\"@type\":\"ListItem\",\"position\":2,\"name\":\"Vinyes-Mercader se encontrar\u00e1n un Rally Princesa de Asturias, diferente\"}]},{\"@type\":\"WebSite\",\"@id\":\"https:\\\/\\\/equipvinyesdabad.com\\\/es\\\/#website\",\"url\":\"https:\\\/\\\/equipvinyesdabad.com\\\/es\\\/\",\"name\":\"Equip vinyes dabad\",\"description\":\"\",\"potentialAction\":[{\"@type\":\"SearchAction\",\"target\":{\"@type\":\"EntryPoint\",\"urlTemplate\":\"https:\\\/\\\/equipvinyesdabad.com\\\/es\\\/?s={search_term_string}\"},\"query-input\":{\"@type\":\"PropertyValueSpecification\",\"valueRequired\":true,\"valueName\":\"search_term_string\"}}],\"inLanguage\":\"es\"},{\"@type\":\"Person\",\"@id\":\"https:\\\/\\\/equipvinyesdabad.com\\\/es\\\/#\\\/schema\\\/person\\\/962b4c681d63fd4fbd546ec83b775c1b\",\"name\":\"admin\",\"image\":{\"@type\":\"ImageObject\",\"inLanguage\":\"es\",\"@id\":\"https:\\\/\\\/secure.gravatar.com\\\/avatar\\\/6d1c6cfbf1c3aed75f7a05f946b76867c29d677b49f81545b6b9bc58677b08a0?s=96&d=mm&r=g\",\"url\":\"https:\\\/\\\/secure.gravatar.com\\\/avatar\\\/6d1c6cfbf1c3aed75f7a05f946b76867c29d677b49f81545b6b9bc58677b08a0?s=96&d=mm&r=g\",\"contentUrl\":\"https:\\\/\\\/secure.gravatar.com\\\/avatar\\\/6d1c6cfbf1c3aed75f7a05f946b76867c29d677b49f81545b6b9bc58677b08a0?s=96&d=mm&r=g\",\"caption\":\"admin\"},\"sameAs\":[\"https:\\\/\\\/equipvinyesdabad.com\"],\"url\":\"https:\\\/\\\/equipvinyesdabad.com\\\/es\\\/author\\\/web1\\\/\"}]}<\/script>\n<!-- \/ Yoast SEO plugin. -->","yoast_head_json":{"title":"Vinyes-Mercader se encontrar\u00e1n un Rally Princesa de Asturias, diferente - Equip vinyes dabad","robots":{"index":"index","follow":"follow","max-snippet":"max-snippet:-1","max-image-preview":"max-image-preview:large","max-video-preview":"max-video-preview:-1"},"canonical":"https:\/\/equipvinyesdabad.com\/es\/rallys\/vinyes-mercader-se-encontraran-un-rally-princesa-de-asturias-diferente\/","og_locale":"es_ES","og_type":"article","og_title":"Vinyes-Mercader se encontrar\u00e1n un Rally Princesa de Asturias, diferente - Equip vinyes dabad","og_description":"En el retorno posvacacional al Campeonato de Espa\u00f1a de Rallys de asfalto (CERA), Joan Vinyes-Jordi Mercader tendr\u00e1n que afrontar un Rally Princesa de Asturias muy cambiado. En las dos temporadas que Vinyes no ha disputado la cita asturiana, se han producido variaciones importantes tanto en el trazado como en la localizaci\u00f3n del n\u00facleo administrativo de un rally que, no obstante, sigue siendo v\u00e1lido para el Trofeo de Europa de Rallys adem\u00e1s de CERA, Copas monomarca y campeonato regional asturiano.","og_url":"https:\/\/equipvinyesdabad.com\/es\/rallys\/vinyes-mercader-se-encontraran-un-rally-princesa-de-asturias-diferente\/","og_site_name":"Equip vinyes dabad","article_published_time":"2017-09-12T00:00:00+00:00","article_modified_time":"2024-10-31T20:10:49+00:00","og_image":[{"width":250,"height":130,"url":"https:\/\/equipvinyesdabad.com\/wp-content\/uploads\/2024\/10\/logo_vinyes_dabad.png","type":"image\/png"}],"author":"admin","twitter_card":"summary_large_image","twitter_misc":{"Escrito por":"admin","Tiempo de lectura":"3 minutos"},"schema":{"@context":"https:\/\/schema.org","@graph":[{"@type":"Article","@id":"https:\/\/equipvinyesdabad.com\/es\/rallys\/vinyes-mercader-se-encontraran-un-rally-princesa-de-asturias-diferente\/#article","isPartOf":{"@id":"https:\/\/equipvinyesdabad.com\/es\/rallys\/vinyes-mercader-se-encontraran-un-rally-princesa-de-asturias-diferente\/"},"author":{"name":"admin","@id":"https:\/\/equipvinyesdabad.com\/es\/#\/schema\/person\/962b4c681d63fd4fbd546ec83b775c1b"},"headline":"Vinyes-Mercader se encontrar\u00e1n un Rally Princesa de Asturias, diferente","datePublished":"2017-09-12T00:00:00+00:00","dateModified":"2024-10-31T20:10:49+00:00","mainEntityOfPage":{"@id":"https:\/\/equipvinyesdabad.com\/es\/rallys\/vinyes-mercader-se-encontraran-un-rally-princesa-de-asturias-diferente\/"},"wordCount":579,"image":{"@id":"https:\/\/equipvinyesdabad.com\/es\/rallys\/vinyes-mercader-se-encontraran-un-rally-princesa-de-asturias-diferente\/#primaryimage"},"thumbnailUrl":"https:\/\/equipvinyesdabad.com\/wp-content\/uploads\/2017\/09\/05JVPPA1153.jpg","articleSection":["Rallys","Rallys asfalto"],"inLanguage":"es"},{"@type":"WebPage","@id":"https:\/\/equipvinyesdabad.com\/es\/rallys\/vinyes-mercader-se-encontraran-un-rally-princesa-de-asturias-diferente\/","url":"https:\/\/equipvinyesdabad.com\/es\/rallys\/vinyes-mercader-se-encontraran-un-rally-princesa-de-asturias-diferente\/","name":"Vinyes-Mercader se encontrar\u00e1n un Rally Princesa de Asturias, diferente - Equip vinyes dabad","isPartOf":{"@id":"https:\/\/equipvinyesdabad.com\/es\/#website"},"primaryImageOfPage":{"@id":"https:\/\/equipvinyesdabad.com\/es\/rallys\/vinyes-mercader-se-encontraran-un-rally-princesa-de-asturias-diferente\/#primaryimage"},"image":{"@id":"https:\/\/equipvinyesdabad.com\/es\/rallys\/vinyes-mercader-se-encontraran-un-rally-princesa-de-asturias-diferente\/#primaryimage"},"thumbnailUrl":"https:\/\/equipvinyesdabad.com\/wp-content\/uploads\/2017\/09\/05JVPPA1153.jpg","datePublished":"2017-09-12T00:00:00+00:00","dateModified":"2024-10-31T20:10:49+00:00","author":{"@id":"https:\/\/equipvinyesdabad.com\/es\/#\/schema\/person\/962b4c681d63fd4fbd546ec83b775c1b"},"breadcrumb":{"@id":"https:\/\/equipvinyesdabad.com\/es\/rallys\/vinyes-mercader-se-encontraran-un-rally-princesa-de-asturias-diferente\/#breadcrumb"},"inLanguage":"es","potentialAction":[{"@type":"ReadAction","target":["https:\/\/equipvinyesdabad.com\/es\/rallys\/vinyes-mercader-se-encontraran-un-rally-princesa-de-asturias-diferente\/"]}]},{"@type":"ImageObject","inLanguage":"es","@id":"https:\/\/equipvinyesdabad.com\/es\/rallys\/vinyes-mercader-se-encontraran-un-rally-princesa-de-asturias-diferente\/#primaryimage","url":"https:\/\/equipvinyesdabad.com\/wp-content\/uploads\/2017\/09\/05JVPPA1153.jpg","contentUrl":"https:\/\/equipvinyesdabad.com\/wp-content\/uploads\/2017\/09\/05JVPPA1153.jpg"},{"@type":"BreadcrumbList","@id":"https:\/\/equipvinyesdabad.com\/es\/rallys\/vinyes-mercader-se-encontraran-un-rally-princesa-de-asturias-diferente\/#breadcrumb","itemListElement":[{"@type":"ListItem","position":1,"name":"Inicio","item":"https:\/\/equipvinyesdabad.com\/es\/"},{"@type":"ListItem","position":2,"name":"Vinyes-Mercader se encontrar\u00e1n un Rally Princesa de Asturias, diferente"}]},{"@type":"WebSite","@id":"https:\/\/equipvinyesdabad.com\/es\/#website","url":"https:\/\/equipvinyesdabad.com\/es\/","name":"Equip vinyes dabad","description":"","potentialAction":[{"@type":"SearchAction","target":{"@type":"EntryPoint","urlTemplate":"https:\/\/equipvinyesdabad.com\/es\/?s={search_term_string}"},"query-input":{"@type":"PropertyValueSpecification","valueRequired":true,"valueName":"search_term_string"}}],"inLanguage":"es"},{"@type":"Person","@id":"https:\/\/equipvinyesdabad.com\/es\/#\/schema\/person\/962b4c681d63fd4fbd546ec83b775c1b","name":"admin","image":{"@type":"ImageObject","inLanguage":"es","@id":"https:\/\/secure.gravatar.com\/avatar\/6d1c6cfbf1c3aed75f7a05f946b76867c29d677b49f81545b6b9bc58677b08a0?s=96&d=mm&r=g","url":"https:\/\/secure.gravatar.com\/avatar\/6d1c6cfbf1c3aed75f7a05f946b76867c29d677b49f81545b6b9bc58677b08a0?s=96&d=mm&r=g","contentUrl":"https:\/\/secure.gravatar.com\/avatar\/6d1c6cfbf1c3aed75f7a05f946b76867c29d677b49f81545b6b9bc58677b08a0?s=96&d=mm&r=g","caption":"admin"},"sameAs":["https:\/\/equipvinyesdabad.com"],"url":"https:\/\/equipvinyesdabad.com\/es\/author\/web1\/"}]}},"_links":{"self":[{"href":"https:\/\/equipvinyesdabad.com\/es\/wp-json\/wp\/v2\/posts\/2377","targetHints":{"allow":["GET"]}}],"collection":[{"href":"https:\/\/equipvinyesdabad.com\/es\/wp-json\/wp\/v2\/posts"}],"about":[{"href":"https:\/\/equipvinyesdabad.com\/es\/wp-json\/wp\/v2\/types\/post"}],"author":[{"embeddable":true,"href":"https:\/\/equipvinyesdabad.com\/es\/wp-json\/wp\/v2\/users\/1"}],"replies":[{"embeddable":true,"href":"https:\/\/equipvinyesdabad.com\/es\/wp-json\/wp\/v2\/comments?post=2377"}],"version-history":[{"count":6,"href":"https:\/\/equipvinyesdabad.com\/es\/wp-json\/wp\/v2\/posts\/2377\/revisions"}],"predecessor-version":[{"id":4755,"href":"https:\/\/equipvinyesdabad.com\/es\/wp-json\/wp\/v2\/posts\/2377\/revisions\/4755"}],"wp:featuredmedia":[{"embeddable":true,"href":"https:\/\/equipvinyesdabad.com\/es\/wp-json\/wp\/v2\/media\/1653"}],"wp:attachment":[{"href":"https:\/\/equipvinyesdabad.com\/es\/wp-json\/wp\/v2\/media?parent=2377"}],"wp:term":[{"taxonomy":"category","embeddable":true,"href":"https:\/\/equipvinyesdabad.com\/es\/wp-json\/wp\/v2\/categories?post=2377"},{"taxonomy":"post_tag","embeddable":true,"href":"https:\/\/equipvinyesdabad.com\/es\/wp-json\/wp\/v2\/tags?post=2377"}],"curies":[{"name":"wp","href":"https:\/\/api.w.org\/{rel}","templated":true}]}}