{"id":2383,"date":"2017-08-28T00:00:00","date_gmt":"2017-08-28T00:00:00","guid":{"rendered":"https:\/\/equipvinyesdabad.com\/?p=2383"},"modified":"2024-10-22T08:51:16","modified_gmt":"2024-10-22T08:51:16","slug":"joan-vinyes-disputara-las-24-h-de-barcelona-de-automovilismo-2017","status":"publish","type":"post","link":"https:\/\/equipvinyesdabad.com\/es\/circuits\/joan-vinyes-disputara-las-24-h-de-barcelona-de-automovilismo-2017\/","title":{"rendered":"Joan Vinyes disputar\u00e1 las 24 h de Barcelona de Automovilismo 2017"},"content":{"rendered":"<p style=\"text-align: justify\">Despu&eacute;s de cuatro a&ntilde;os ausente, en concreto desde el 2012, en la m&iacute;tica cita del Circuit de Barcelona Catalunya, Joan Vinyes tom&oacute; la decisi&oacute;n de volver a competir en una prueba en la que, en su &uacute;ltima participaci&oacute;n, consigui&oacute; una plaza en el top10 absoluto (6a posici&oacute;n) adem&aacute;s de ganar la categor&iacute;a (A3T).<br \/>En la edici&oacute;n 2017 de las 24 h, Vinyes compartir&aacute; volante con su compa&ntilde;ero habitual en el Campeonato de Espa&ntilde;a de Resistencia (CER), Jaume Font, adem&aacute;s de Francesc Gutierrez y Laia Sanz. <br \/>El equipo de t&eacute;cnicos de Baporo Motorsport ser&aacute;n los responsables de la preparaci&oacute;n y mantenimiento durante la carrera, de la mec&aacute;nica, un Seat LCR TCR, con el que los cuatro pilotos mencionados luchar&aacute;n por el triunfo.<\/p>\n<p>La presente edici&oacute;n de la 24 horas de Barcelona, organizadas por la entidad holandesa Creventic, ser&aacute; v&aacute;lida para el campeonato internacional del resistencia reservado a los turismos (24h TCE Series). Ser&aacute; la cuarta cita de un calendario que ya ha visitado escenarios de tanto renombre como Silverstone (GB), Magny-Cours (FR) y Misano (ITA). La &uacute;ltima cita la tienen prevista en Spa-Francorchamps (BEL) el primer fin de semana del pr&oacute;ximo mes de Octubre.&nbsp;&nbsp;&nbsp; &nbsp;<\/p>\n<p>Vinyes y su equipo aprovechar&aacute;n la proximidad y el buen conocimiento del escenario para competir, de manera ocasional, en este prestigioso campeonato internacional. Este era su comentario al respecto: <em><strong>Volver a las 24 horas siempre es algo que motiva, es una carrera dura pero en la que me gusta mucho competir. No se trata solo de ir r&aacute;pido, las estrategias a seguir a veces resultan determinantes en la clasificaci&oacute;n final. Dicen que las pruebas de resistencia no las ganan los que m&aacute;s corren sino los que menos paran en el box.<\/strong><\/em><br \/><em><strong>Adem&aacute;s en esta ocasi&oacute;n, hay el plus de que ser&aacute; una prueba reservada a los turismos, por tanto habr&aacute; la posibilidad de luchar por el triunfo absoluto en la prueba.&nbsp; &nbsp;<\/strong><\/em><br \/>El piloto andorrano es consciente de que el reto no ser&aacute; f&aacute;cil, la inscripci&oacute;n es numerosa: <em><strong>Adem&aacute;s, la mayor&iacute;a son equipos extranjeros de los que no tenemos referencias. A pesar de todo estoy convencido que tenemos nuestras opciones, tenemos experiencia en la prueba conocemos bien el circuito. Cierto que en una carrera de estas caracter&iacute;sticas pueden pasar muchas cosas pero la afrontamos con excelentes sensaciones. <\/strong><\/em><\/p>\n<p>No hay duda, que la actividad ser&aacute; fren&eacute;tica durante el primer fin de semana de setiembre (d&iacute;as 1, 2 y 3), en las instalaciones del Circuit Barcelona &#8211; Catalunya. <br \/>A lo largo del viernes (d&iacute;a 1), se celebrar&aacute;n las diferentes mangas de entrenamientos, privados, libres, oficiales y nocturnos. La parrilla de salida se confeccionar&aacute; seg&uacute;n los cronos de los oficiales. <\/p>\n<p>El s&aacute;bado (d&iacute;a 2) a mediod&iacute;a se lanzar&aacute; la carrera que, como no puede ser de otra forma al ser de 24 horas non-stop, finalizar&aacute; a las 12 horas del domingo (d&iacute;a 3).<\/p>\n<p style=\"text-align: right\"><strong><strong><a href=\"http:\/\/www.infoesport.org\/imgNoticia\/2017\/170903JV24hB1c.pdf\"><img loading=\"lazy\" decoding=\"async\" style=\"float: right\" src=\"http:\/\/www.infoesport.org\/auxiliar\/fot\/logos\/icono_pdf.gif\" alt=\"\" width=\"50\" height=\"50\" \/><\/a><\/strong><\/strong>Servicio de Prensa.<\/p>\n","protected":false},"excerpt":{"rendered":"<p>Despu\u00e9s de cuatro a\u00f1os ausente, en concreto desde el 2012, en la m\u00edtica cita del Circuit de Barcelona Catalunya, Joan Vinyes tom\u00f3 la decisi\u00f3n de volver a competir en una prueba en la que, en su \u00faltima participaci\u00f3n, consigui\u00f3 una plaza en el top10 absoluto (6a posici\u00f3n) adem\u00e1s de ganar la categor\u00eda (A3T).<br \/>\nEn la edici\u00f3n 2017 de las 24 h, Vinyes compartir\u00e1 volante con su compa\u00f1ero habitual en el Campeonato de Espa\u00f1a de Resistencia (CER), Jaume Font, adem\u00e1s de Francesc Gutierrez y Laia Sanz.<br \/>\nEl equipo de t\u00e9cnicos de Baporo Motorsport ser\u00e1n los responsables de la preparaci\u00f3n y mantenimiento durante la carrera, de la mec\u00e1nica, un Seat LCR TCR, con el que los cuatro pilotos mencionados luchar\u00e1n por el triunfo.<\/p>\n","protected":false},"author":1,"featured_media":1656,"comment_status":"closed","ping_status":"closed","sticky":false,"template":"","format":"standard","meta":{"_kadence_starter_templates_imported_post":false,"_kad_post_transparent":"","_kad_post_title":"","_kad_post_layout":"","_kad_post_sidebar_id":"","_kad_post_content_style":"","_kad_post_vertical_padding":"","_kad_post_feature":"","_kad_post_feature_position":"","_kad_post_header":false,"_kad_post_footer":false,"_kad_post_classname":"","footnotes":""},"categories":[52,50],"tags":[],"class_list":["post-2383","post","type-post","status-publish","format-standard","has-post-thumbnail","hentry","category-circuitos","category-circuits"],"yoast_head":"<!-- This site is optimized with the Yoast SEO plugin v27.4 - https:\/\/yoast.com\/product\/yoast-seo-wordpress\/ -->\n<title>Joan Vinyes disputar\u00e1 las 24 h de Barcelona de Automovilismo 2017 - Equip vinyes dabad<\/title>\n<meta name=\"robots\" content=\"index, follow, max-snippet:-1, max-image-preview:large, max-video-preview:-1\" \/>\n<link rel=\"canonical\" href=\"https:\/\/equipvinyesdabad.com\/es\/circuits\/joan-vinyes-disputara-las-24-h-de-barcelona-de-automovilismo-2017\/\" \/>\n<meta property=\"og:locale\" content=\"es_ES\" \/>\n<meta property=\"og:type\" content=\"article\" \/>\n<meta property=\"og:title\" content=\"Joan Vinyes disputar\u00e1 las 24 h de Barcelona de Automovilismo 2017 - Equip vinyes dabad\" \/>\n<meta property=\"og:description\" content=\"Despu\u00e9s de cuatro a\u00f1os ausente, en concreto desde el 2012, en la m\u00edtica cita del Circuit de Barcelona Catalunya, Joan Vinyes tom\u00f3 la decisi\u00f3n de volver a competir en una prueba en la que, en su \u00faltima participaci\u00f3n, consigui\u00f3 una plaza en el top10 absoluto (6a posici\u00f3n) adem\u00e1s de ganar la categor\u00eda (A3T). En la edici\u00f3n 2017 de las 24 h, Vinyes compartir\u00e1 volante con su compa\u00f1ero habitual en el Campeonato de Espa\u00f1a de Resistencia (CER), Jaume Font, adem\u00e1s de Francesc Gutierrez y Laia Sanz.  El equipo de t\u00e9cnicos de Baporo Motorsport ser\u00e1n los responsables de la preparaci\u00f3n y mantenimiento durante la carrera, de la mec\u00e1nica, un Seat LCR TCR, con el que los cuatro pilotos mencionados luchar\u00e1n por el triunfo.\" \/>\n<meta property=\"og:url\" content=\"https:\/\/equipvinyesdabad.com\/es\/circuits\/joan-vinyes-disputara-las-24-h-de-barcelona-de-automovilismo-2017\/\" \/>\n<meta property=\"og:site_name\" content=\"Equip vinyes dabad\" \/>\n<meta property=\"article:published_time\" content=\"2017-08-28T00:00:00+00:00\" \/>\n<meta property=\"article:modified_time\" content=\"2024-10-22T08:51:16+00:00\" \/>\n<meta property=\"og:image\" content=\"https:\/\/equipvinyesdabad.com\/wp-content\/uploads\/2024\/10\/logo_vinyes_dabad.png\" \/>\n\t<meta property=\"og:image:width\" content=\"250\" \/>\n\t<meta property=\"og:image:height\" content=\"130\" \/>\n\t<meta property=\"og:image:type\" content=\"image\/png\" \/>\n<meta name=\"author\" content=\"admin\" \/>\n<meta name=\"twitter:card\" content=\"summary_large_image\" \/>\n<meta name=\"twitter:label1\" content=\"Escrito por\" \/>\n\t<meta name=\"twitter:data1\" content=\"admin\" \/>\n\t<meta name=\"twitter:label2\" content=\"Tiempo de lectura\" \/>\n\t<meta name=\"twitter:data2\" content=\"3 minutos\" \/>\n<script type=\"application\/ld+json\" class=\"yoast-schema-graph\">{\"@context\":\"https:\\\/\\\/schema.org\",\"@graph\":[{\"@type\":\"Article\",\"@id\":\"https:\\\/\\\/equipvinyesdabad.com\\\/es\\\/circuits\\\/joan-vinyes-disputara-las-24-h-de-barcelona-de-automovilismo-2017\\\/#article\",\"isPartOf\":{\"@id\":\"https:\\\/\\\/equipvinyesdabad.com\\\/es\\\/circuits\\\/joan-vinyes-disputara-las-24-h-de-barcelona-de-automovilismo-2017\\\/\"},\"author\":{\"name\":\"admin\",\"@id\":\"https:\\\/\\\/equipvinyesdabad.com\\\/es\\\/#\\\/schema\\\/person\\\/962b4c681d63fd4fbd546ec83b775c1b\"},\"headline\":\"Joan Vinyes disputar\u00e1 las 24 h de Barcelona de Automovilismo 2017\",\"datePublished\":\"2017-08-28T00:00:00+00:00\",\"dateModified\":\"2024-10-22T08:51:16+00:00\",\"mainEntityOfPage\":{\"@id\":\"https:\\\/\\\/equipvinyesdabad.com\\\/es\\\/circuits\\\/joan-vinyes-disputara-las-24-h-de-barcelona-de-automovilismo-2017\\\/\"},\"wordCount\":572,\"image\":{\"@id\":\"https:\\\/\\\/equipvinyesdabad.com\\\/es\\\/circuits\\\/joan-vinyes-disputara-las-24-h-de-barcelona-de-automovilismo-2017\\\/#primaryimage\"},\"thumbnailUrl\":\"https:\\\/\\\/equipvinyesdabad.com\\\/wp-content\\\/uploads\\\/2017\\\/08\\\/93JV24h0135.jpg\",\"articleSection\":[\"Circuitos\",\"Circuits\"],\"inLanguage\":\"es\"},{\"@type\":\"WebPage\",\"@id\":\"https:\\\/\\\/equipvinyesdabad.com\\\/es\\\/circuits\\\/joan-vinyes-disputara-las-24-h-de-barcelona-de-automovilismo-2017\\\/\",\"url\":\"https:\\\/\\\/equipvinyesdabad.com\\\/es\\\/circuits\\\/joan-vinyes-disputara-las-24-h-de-barcelona-de-automovilismo-2017\\\/\",\"name\":\"Joan Vinyes disputar\u00e1 las 24 h de Barcelona de Automovilismo 2017 - Equip vinyes dabad\",\"isPartOf\":{\"@id\":\"https:\\\/\\\/equipvinyesdabad.com\\\/es\\\/#website\"},\"primaryImageOfPage\":{\"@id\":\"https:\\\/\\\/equipvinyesdabad.com\\\/es\\\/circuits\\\/joan-vinyes-disputara-las-24-h-de-barcelona-de-automovilismo-2017\\\/#primaryimage\"},\"image\":{\"@id\":\"https:\\\/\\\/equipvinyesdabad.com\\\/es\\\/circuits\\\/joan-vinyes-disputara-las-24-h-de-barcelona-de-automovilismo-2017\\\/#primaryimage\"},\"thumbnailUrl\":\"https:\\\/\\\/equipvinyesdabad.com\\\/wp-content\\\/uploads\\\/2017\\\/08\\\/93JV24h0135.jpg\",\"datePublished\":\"2017-08-28T00:00:00+00:00\",\"dateModified\":\"2024-10-22T08:51:16+00:00\",\"author\":{\"@id\":\"https:\\\/\\\/equipvinyesdabad.com\\\/es\\\/#\\\/schema\\\/person\\\/962b4c681d63fd4fbd546ec83b775c1b\"},\"breadcrumb\":{\"@id\":\"https:\\\/\\\/equipvinyesdabad.com\\\/es\\\/circuits\\\/joan-vinyes-disputara-las-24-h-de-barcelona-de-automovilismo-2017\\\/#breadcrumb\"},\"inLanguage\":\"es\",\"potentialAction\":[{\"@type\":\"ReadAction\",\"target\":[\"https:\\\/\\\/equipvinyesdabad.com\\\/es\\\/circuits\\\/joan-vinyes-disputara-las-24-h-de-barcelona-de-automovilismo-2017\\\/\"]}]},{\"@type\":\"ImageObject\",\"inLanguage\":\"es\",\"@id\":\"https:\\\/\\\/equipvinyesdabad.com\\\/es\\\/circuits\\\/joan-vinyes-disputara-las-24-h-de-barcelona-de-automovilismo-2017\\\/#primaryimage\",\"url\":\"https:\\\/\\\/equipvinyesdabad.com\\\/wp-content\\\/uploads\\\/2017\\\/08\\\/93JV24h0135.jpg\",\"contentUrl\":\"https:\\\/\\\/equipvinyesdabad.com\\\/wp-content\\\/uploads\\\/2017\\\/08\\\/93JV24h0135.jpg\"},{\"@type\":\"BreadcrumbList\",\"@id\":\"https:\\\/\\\/equipvinyesdabad.com\\\/es\\\/circuits\\\/joan-vinyes-disputara-las-24-h-de-barcelona-de-automovilismo-2017\\\/#breadcrumb\",\"itemListElement\":[{\"@type\":\"ListItem\",\"position\":1,\"name\":\"Inicio\",\"item\":\"https:\\\/\\\/equipvinyesdabad.com\\\/es\\\/\"},{\"@type\":\"ListItem\",\"position\":2,\"name\":\"Joan Vinyes disputar\u00e1 las 24 h de Barcelona de Automovilismo 2017\"}]},{\"@type\":\"WebSite\",\"@id\":\"https:\\\/\\\/equipvinyesdabad.com\\\/es\\\/#website\",\"url\":\"https:\\\/\\\/equipvinyesdabad.com\\\/es\\\/\",\"name\":\"Equip vinyes dabad\",\"description\":\"\",\"potentialAction\":[{\"@type\":\"SearchAction\",\"target\":{\"@type\":\"EntryPoint\",\"urlTemplate\":\"https:\\\/\\\/equipvinyesdabad.com\\\/es\\\/?s={search_term_string}\"},\"query-input\":{\"@type\":\"PropertyValueSpecification\",\"valueRequired\":true,\"valueName\":\"search_term_string\"}}],\"inLanguage\":\"es\"},{\"@type\":\"Person\",\"@id\":\"https:\\\/\\\/equipvinyesdabad.com\\\/es\\\/#\\\/schema\\\/person\\\/962b4c681d63fd4fbd546ec83b775c1b\",\"name\":\"admin\",\"image\":{\"@type\":\"ImageObject\",\"inLanguage\":\"es\",\"@id\":\"https:\\\/\\\/secure.gravatar.com\\\/avatar\\\/6d1c6cfbf1c3aed75f7a05f946b76867c29d677b49f81545b6b9bc58677b08a0?s=96&d=mm&r=g\",\"url\":\"https:\\\/\\\/secure.gravatar.com\\\/avatar\\\/6d1c6cfbf1c3aed75f7a05f946b76867c29d677b49f81545b6b9bc58677b08a0?s=96&d=mm&r=g\",\"contentUrl\":\"https:\\\/\\\/secure.gravatar.com\\\/avatar\\\/6d1c6cfbf1c3aed75f7a05f946b76867c29d677b49f81545b6b9bc58677b08a0?s=96&d=mm&r=g\",\"caption\":\"admin\"},\"sameAs\":[\"https:\\\/\\\/equipvinyesdabad.com\"],\"url\":\"https:\\\/\\\/equipvinyesdabad.com\\\/es\\\/author\\\/web1\\\/\"}]}<\/script>\n<!-- \/ Yoast SEO plugin. -->","yoast_head_json":{"title":"Joan Vinyes disputar\u00e1 las 24 h de Barcelona de Automovilismo 2017 - Equip vinyes dabad","robots":{"index":"index","follow":"follow","max-snippet":"max-snippet:-1","max-image-preview":"max-image-preview:large","max-video-preview":"max-video-preview:-1"},"canonical":"https:\/\/equipvinyesdabad.com\/es\/circuits\/joan-vinyes-disputara-las-24-h-de-barcelona-de-automovilismo-2017\/","og_locale":"es_ES","og_type":"article","og_title":"Joan Vinyes disputar\u00e1 las 24 h de Barcelona de Automovilismo 2017 - Equip vinyes dabad","og_description":"Despu\u00e9s de cuatro a\u00f1os ausente, en concreto desde el 2012, en la m\u00edtica cita del Circuit de Barcelona Catalunya, Joan Vinyes tom\u00f3 la decisi\u00f3n de volver a competir en una prueba en la que, en su \u00faltima participaci\u00f3n, consigui\u00f3 una plaza en el top10 absoluto (6a posici\u00f3n) adem\u00e1s de ganar la categor\u00eda (A3T). En la edici\u00f3n 2017 de las 24 h, Vinyes compartir\u00e1 volante con su compa\u00f1ero habitual en el Campeonato de Espa\u00f1a de Resistencia (CER), Jaume Font, adem\u00e1s de Francesc Gutierrez y Laia Sanz.  El equipo de t\u00e9cnicos de Baporo Motorsport ser\u00e1n los responsables de la preparaci\u00f3n y mantenimiento durante la carrera, de la mec\u00e1nica, un Seat LCR TCR, con el que los cuatro pilotos mencionados luchar\u00e1n por el triunfo.","og_url":"https:\/\/equipvinyesdabad.com\/es\/circuits\/joan-vinyes-disputara-las-24-h-de-barcelona-de-automovilismo-2017\/","og_site_name":"Equip vinyes dabad","article_published_time":"2017-08-28T00:00:00+00:00","article_modified_time":"2024-10-22T08:51:16+00:00","og_image":[{"width":250,"height":130,"url":"https:\/\/equipvinyesdabad.com\/wp-content\/uploads\/2024\/10\/logo_vinyes_dabad.png","type":"image\/png"}],"author":"admin","twitter_card":"summary_large_image","twitter_misc":{"Escrito por":"admin","Tiempo de lectura":"3 minutos"},"schema":{"@context":"https:\/\/schema.org","@graph":[{"@type":"Article","@id":"https:\/\/equipvinyesdabad.com\/es\/circuits\/joan-vinyes-disputara-las-24-h-de-barcelona-de-automovilismo-2017\/#article","isPartOf":{"@id":"https:\/\/equipvinyesdabad.com\/es\/circuits\/joan-vinyes-disputara-las-24-h-de-barcelona-de-automovilismo-2017\/"},"author":{"name":"admin","@id":"https:\/\/equipvinyesdabad.com\/es\/#\/schema\/person\/962b4c681d63fd4fbd546ec83b775c1b"},"headline":"Joan Vinyes disputar\u00e1 las 24 h de Barcelona de Automovilismo 2017","datePublished":"2017-08-28T00:00:00+00:00","dateModified":"2024-10-22T08:51:16+00:00","mainEntityOfPage":{"@id":"https:\/\/equipvinyesdabad.com\/es\/circuits\/joan-vinyes-disputara-las-24-h-de-barcelona-de-automovilismo-2017\/"},"wordCount":572,"image":{"@id":"https:\/\/equipvinyesdabad.com\/es\/circuits\/joan-vinyes-disputara-las-24-h-de-barcelona-de-automovilismo-2017\/#primaryimage"},"thumbnailUrl":"https:\/\/equipvinyesdabad.com\/wp-content\/uploads\/2017\/08\/93JV24h0135.jpg","articleSection":["Circuitos","Circuits"],"inLanguage":"es"},{"@type":"WebPage","@id":"https:\/\/equipvinyesdabad.com\/es\/circuits\/joan-vinyes-disputara-las-24-h-de-barcelona-de-automovilismo-2017\/","url":"https:\/\/equipvinyesdabad.com\/es\/circuits\/joan-vinyes-disputara-las-24-h-de-barcelona-de-automovilismo-2017\/","name":"Joan Vinyes disputar\u00e1 las 24 h de Barcelona de Automovilismo 2017 - Equip vinyes dabad","isPartOf":{"@id":"https:\/\/equipvinyesdabad.com\/es\/#website"},"primaryImageOfPage":{"@id":"https:\/\/equipvinyesdabad.com\/es\/circuits\/joan-vinyes-disputara-las-24-h-de-barcelona-de-automovilismo-2017\/#primaryimage"},"image":{"@id":"https:\/\/equipvinyesdabad.com\/es\/circuits\/joan-vinyes-disputara-las-24-h-de-barcelona-de-automovilismo-2017\/#primaryimage"},"thumbnailUrl":"https:\/\/equipvinyesdabad.com\/wp-content\/uploads\/2017\/08\/93JV24h0135.jpg","datePublished":"2017-08-28T00:00:00+00:00","dateModified":"2024-10-22T08:51:16+00:00","author":{"@id":"https:\/\/equipvinyesdabad.com\/es\/#\/schema\/person\/962b4c681d63fd4fbd546ec83b775c1b"},"breadcrumb":{"@id":"https:\/\/equipvinyesdabad.com\/es\/circuits\/joan-vinyes-disputara-las-24-h-de-barcelona-de-automovilismo-2017\/#breadcrumb"},"inLanguage":"es","potentialAction":[{"@type":"ReadAction","target":["https:\/\/equipvinyesdabad.com\/es\/circuits\/joan-vinyes-disputara-las-24-h-de-barcelona-de-automovilismo-2017\/"]}]},{"@type":"ImageObject","inLanguage":"es","@id":"https:\/\/equipvinyesdabad.com\/es\/circuits\/joan-vinyes-disputara-las-24-h-de-barcelona-de-automovilismo-2017\/#primaryimage","url":"https:\/\/equipvinyesdabad.com\/wp-content\/uploads\/2017\/08\/93JV24h0135.jpg","contentUrl":"https:\/\/equipvinyesdabad.com\/wp-content\/uploads\/2017\/08\/93JV24h0135.jpg"},{"@type":"BreadcrumbList","@id":"https:\/\/equipvinyesdabad.com\/es\/circuits\/joan-vinyes-disputara-las-24-h-de-barcelona-de-automovilismo-2017\/#breadcrumb","itemListElement":[{"@type":"ListItem","position":1,"name":"Inicio","item":"https:\/\/equipvinyesdabad.com\/es\/"},{"@type":"ListItem","position":2,"name":"Joan Vinyes disputar\u00e1 las 24 h de Barcelona de Automovilismo 2017"}]},{"@type":"WebSite","@id":"https:\/\/equipvinyesdabad.com\/es\/#website","url":"https:\/\/equipvinyesdabad.com\/es\/","name":"Equip vinyes dabad","description":"","potentialAction":[{"@type":"SearchAction","target":{"@type":"EntryPoint","urlTemplate":"https:\/\/equipvinyesdabad.com\/es\/?s={search_term_string}"},"query-input":{"@type":"PropertyValueSpecification","valueRequired":true,"valueName":"search_term_string"}}],"inLanguage":"es"},{"@type":"Person","@id":"https:\/\/equipvinyesdabad.com\/es\/#\/schema\/person\/962b4c681d63fd4fbd546ec83b775c1b","name":"admin","image":{"@type":"ImageObject","inLanguage":"es","@id":"https:\/\/secure.gravatar.com\/avatar\/6d1c6cfbf1c3aed75f7a05f946b76867c29d677b49f81545b6b9bc58677b08a0?s=96&d=mm&r=g","url":"https:\/\/secure.gravatar.com\/avatar\/6d1c6cfbf1c3aed75f7a05f946b76867c29d677b49f81545b6b9bc58677b08a0?s=96&d=mm&r=g","contentUrl":"https:\/\/secure.gravatar.com\/avatar\/6d1c6cfbf1c3aed75f7a05f946b76867c29d677b49f81545b6b9bc58677b08a0?s=96&d=mm&r=g","caption":"admin"},"sameAs":["https:\/\/equipvinyesdabad.com"],"url":"https:\/\/equipvinyesdabad.com\/es\/author\/web1\/"}]}},"_links":{"self":[{"href":"https:\/\/equipvinyesdabad.com\/es\/wp-json\/wp\/v2\/posts\/2383","targetHints":{"allow":["GET"]}}],"collection":[{"href":"https:\/\/equipvinyesdabad.com\/es\/wp-json\/wp\/v2\/posts"}],"about":[{"href":"https:\/\/equipvinyesdabad.com\/es\/wp-json\/wp\/v2\/types\/post"}],"author":[{"embeddable":true,"href":"https:\/\/equipvinyesdabad.com\/es\/wp-json\/wp\/v2\/users\/1"}],"replies":[{"embeddable":true,"href":"https:\/\/equipvinyesdabad.com\/es\/wp-json\/wp\/v2\/comments?post=2383"}],"version-history":[{"count":6,"href":"https:\/\/equipvinyesdabad.com\/es\/wp-json\/wp\/v2\/posts\/2383\/revisions"}],"predecessor-version":[{"id":4761,"href":"https:\/\/equipvinyesdabad.com\/es\/wp-json\/wp\/v2\/posts\/2383\/revisions\/4761"}],"wp:featuredmedia":[{"embeddable":true,"href":"https:\/\/equipvinyesdabad.com\/es\/wp-json\/wp\/v2\/media\/1656"}],"wp:attachment":[{"href":"https:\/\/equipvinyesdabad.com\/es\/wp-json\/wp\/v2\/media?parent=2383"}],"wp:term":[{"taxonomy":"category","embeddable":true,"href":"https:\/\/equipvinyesdabad.com\/es\/wp-json\/wp\/v2\/categories?post=2383"},{"taxonomy":"post_tag","embeddable":true,"href":"https:\/\/equipvinyesdabad.com\/es\/wp-json\/wp\/v2\/tags?post=2383"}],"curies":[{"name":"wp","href":"https:\/\/api.w.org\/{rel}","templated":true}]}}