{"id":2385,"date":"2017-07-08T00:00:00","date_gmt":"2017-07-08T00:00:00","guid":{"rendered":"https:\/\/equipvinyesdabad.com\/?p=2385"},"modified":"2024-10-31T20:10:49","modified_gmt":"2024-10-31T20:10:49","slug":"joan-vinyes-jordi-mercader-y-suzuki-en-lo-mas-alto-del-podio-de-la-n5-en-ferrol","status":"publish","type":"post","link":"https:\/\/equipvinyesdabad.com\/es\/rallys\/joan-vinyes-jordi-mercader-y-suzuki-en-lo-mas-alto-del-podio-de-la-n5-en-ferrol\/","title":{"rendered":"Joan Vinyes-Jordi Mercader y Suzuki en lo m\u00e1s alto del podio de la N5, en Ferrol"},"content":{"rendered":"<p style=\"text-align: justify\">Joan Vinyes-Jordi Mercader (Suzuki Swift R+), se reencontraron con el triunfo, de la categor&iacute;a N5, en la 48a edici&oacute;n del Rally de Ferrol. Adem&aacute;s, los pilotos del equipo Suzuki Motor Ib&eacute;rica, redondearon su segunda visita a tierras gallegas de la temporada, con una excelente cuarta plaza en la clasificaci&oacute;n absoluta.&nbsp;&nbsp;&nbsp; &nbsp;<\/p>\n<p>Despu&eacute;s de dos a&ntilde;os de ausencia del rally organizado por la Escuder&iacute;a Ferrol, Vinyes-Mercader tuvieron que emplearse a fondo en unos reconocimientos en los que encontraron muchas variaciones.<br \/>Una vez completado el primer compromiso en Ferrol, Joan no dudaba en afirmar: <em><strong>Es un rally muy bonito, aunque a la vez ser&aacute; muy complicado. Se disputa en una sola jornada con un recorrido que ser&aacute; muy exigente tanto para los pilotos como para las mec&aacute;nicas. Con el a&ntilde;adido de la climatolog&iacute;a, que, por esta zona siempre es un factor que puede resultar determinante.<\/strong><\/em><br \/>&nbsp;<br \/>En la jornada previa a la disputa del rally (viernes d&iacute;a 7). Vinyes-Mercader tuvieron la oportunidad de comprobar, durante el shakedown, la efectividad de su Swift R+. En las cuatro pasadas que completaron por el tramo del test, pudieron confirmar que los problemas en la mec&aacute;nica eran algo del pasado. Este era el comentario de Vinyes: <em><strong>Las sensaciones son muy buenas, el Swift ha respondido de manera impecable. Creo que todo est&aacute; preparado para volver a protagonizar un buen rally. De todas maneras, a medida que se acerca la hora de la verdad, aumenta la impresi&oacute;n de que este Ferrol ser&aacute; un rally muy dif&iacute;cil.<\/strong><\/em>&nbsp;&nbsp;&nbsp;&nbsp;&nbsp;&nbsp;&nbsp;&nbsp; &nbsp;<\/p>\n<p>Vinyes no se equivoc&oacute;. La jornada del rally, se inici&oacute; con una fina lluvia que provoc&oacute; los primeros sobresaltos del d&iacute;a. en forma de acertar que ruedas montar. Una vez resuelta esta duda, Vinyes-Mercader impusieron un ritmo, que result&oacute; ser muy competitivo, desde las primeras especiales y que les llev&oacute;, adem&aacute;s de liderar la categor&iacute;a N5, a conseguir la tercera posici&oacute;n scratch en el primer paso por As Somozas-As Pontes. De esta manera, completaron la primera parte del rally en una c&oacute;moda quinta posici&oacute;n, por detr&aacute;s de los R5 m&aacute;s r&aacute;pidos, y con m&aacute;s de 1&rsquo; de diferencia respecto a sus perseguidores m&aacute;s pr&oacute;ximos. <em><strong>El Swift R+ funciona muy bien y nosotros estamos a gusto con el ritmo que llevamos. La idea es continuar as&iacute; hasta el final.<\/strong> <\/em><\/p>\n<p>En la continuaci&oacute;n, el rally sigui&oacute; en la misma l&iacute;nea. Despu&eacute;s de asegurar la quinta plaza en el primer paso por Valdovi&ntilde;o-Cerdido. Vinyes-Mercader, tuvieron como objetivo completar una jornada excelente en el podio de la Av. Esteiro. Lo consiguieron mejorando un lugar en la clasificaci&oacute;n absoluta: <em><strong>Con el asfalto seco y la climatolog&iacute;a favorable estos tramos son una pasada.<\/strong><\/em> <em><strong>El Swift R+ ha respondido de manera espectacular y hemos disfrutado mucho en esta recta final de la prueba. Muy contento, sin duda una gran recompensa por el gran trabajo de todo el equipo.<\/strong><\/em><\/p>\n<p>La actividad para los equipos habituales en el Campeonato de Espa&ntilde;a de Rallys de asfalto continuar&aacute; el pr&oacute;ximo mes de septiembre, d&iacute;as 15 y 16, con la disputa del Rally Princesa de Asturias, sexta prueba del calendario CERA 2017, que tendr&aacute; su centro neur&aacute;lgico en Oviedo (Asturias).&nbsp; &nbsp;<\/p>\n<p>&nbsp;<\/p>\n<p style=\"text-align: right\"><strong><strong><\/strong><\/strong><strong><strong><a href=\"http:\/\/www.infoesport.org\/imgNoticia\/2017\/170708JVFe2c.pdf\"><img loading=\"lazy\" decoding=\"async\" style=\"float: right\" src=\"http:\/\/www.infoesport.org\/auxiliar\/fot\/logos\/icono_pdf.gif\" alt=\"\" width=\"50\" height=\"50\" \/><\/a><\/strong><\/strong>Servicio de Prensa<\/p>\n<p style=\"text-align: right\">&nbsp;<\/p>\n<p style=\"text-align: center\"><strong><span style=\"font-size: medium\">Clasificaciones 48 Rally de Ferrol<\/span><\/strong><\/p>\n<p style=\"text-align: justify\"><strong>Absoluta:<\/strong> 1.-Ivan Ares-Jose A. Pintor (Hyundai i20 R5), 1h32&rsquo;48.5, 2.-Victor Senra-David Vazques (Citro&euml;n DS3 R5) a 1&rsquo;34&rdquo;3, 3.-Pedro Burgo-Marcos Burgo (Skoda Fabia R5) a 2&rsquo;54.7, <strong>4.-Joan Vinyes-Jordi Mercader (Suzuki Swift R+ N5) a 4&rsquo;03.9,<\/strong> 5.-Gorka Anxustegi-Alberto Iglesias (Suzuki Swift R+ N5) a 5&rsquo;28&rdquo;1.<\/p>\n<p><strong>N5:<\/strong> <strong>1.-Joan Vinyes-Jordi Mercader (Suzuki Swift R+ N5), 1h36&rsquo;52&rdquo;4,<\/strong> 2.-Gorka Anxustegi-Alberto Iglesias (Suzuki Swift R+ N5),a 1&rsquo;24&rdquo;2,&nbsp; 3.-Miguel Fuster-Nacho Avi&ntilde;&oacute; (Renault Clio N5), a 4&rsquo;34&rdquo;4.<\/p>\n","protected":false},"excerpt":{"rendered":"<p>Joan Vinyes-Jordi Mercader (Suzuki Swift R+), se reencontraron con el triunfo, de la categor\u00eda N5, en la 48a edici\u00f3n del Rally de Ferrol. Adem\u00e1s, los pilotos del equipo Suzuki Motor Ib\u00e9rica, redondearon su segunda visita a tierras gallegas de la temporada, con una excelente cuarta plaza en la clasificaci\u00f3n absoluta.  <\/p>\n","protected":false},"author":1,"featured_media":1657,"comment_status":"closed","ping_status":"closed","sticky":false,"template":"","format":"standard","meta":{"_kadence_starter_templates_imported_post":false,"_kad_post_transparent":"","_kad_post_title":"","_kad_post_layout":"","_kad_post_sidebar_id":"","_kad_post_content_style":"","_kad_post_vertical_padding":"","_kad_post_feature":"","_kad_post_feature_position":"","_kad_post_header":false,"_kad_post_footer":false,"_kad_post_classname":"","footnotes":""},"categories":[46,60],"tags":[],"class_list":["post-2385","post","type-post","status-publish","format-standard","has-post-thumbnail","hentry","category-rallys","category-rallys-asfalto"],"yoast_head":"<!-- This site is optimized with the Yoast SEO plugin v27.4 - https:\/\/yoast.com\/product\/yoast-seo-wordpress\/ -->\n<title>Joan Vinyes-Jordi Mercader y Suzuki en lo m\u00e1s alto del podio de la N5, en Ferrol - Equip vinyes dabad<\/title>\n<meta name=\"robots\" content=\"index, follow, max-snippet:-1, max-image-preview:large, max-video-preview:-1\" \/>\n<link rel=\"canonical\" href=\"https:\/\/equipvinyesdabad.com\/es\/rallys\/joan-vinyes-jordi-mercader-y-suzuki-en-lo-mas-alto-del-podio-de-la-n5-en-ferrol\/\" \/>\n<meta property=\"og:locale\" content=\"es_ES\" \/>\n<meta property=\"og:type\" content=\"article\" \/>\n<meta property=\"og:title\" content=\"Joan Vinyes-Jordi Mercader y Suzuki en lo m\u00e1s alto del podio de la N5, en Ferrol - Equip vinyes dabad\" \/>\n<meta property=\"og:description\" content=\"Joan Vinyes-Jordi Mercader (Suzuki Swift R+), se reencontraron con el triunfo, de la categor\u00eda N5, en la 48a edici\u00f3n del Rally de Ferrol. Adem\u00e1s, los pilotos del equipo Suzuki Motor Ib\u00e9rica, redondearon su segunda visita a tierras gallegas de la temporada, con una excelente cuarta plaza en la clasificaci\u00f3n absoluta.\" \/>\n<meta property=\"og:url\" content=\"https:\/\/equipvinyesdabad.com\/es\/rallys\/joan-vinyes-jordi-mercader-y-suzuki-en-lo-mas-alto-del-podio-de-la-n5-en-ferrol\/\" \/>\n<meta property=\"og:site_name\" content=\"Equip vinyes dabad\" \/>\n<meta property=\"article:published_time\" content=\"2017-07-08T00:00:00+00:00\" \/>\n<meta property=\"article:modified_time\" content=\"2024-10-31T20:10:49+00:00\" \/>\n<meta property=\"og:image\" content=\"https:\/\/equipvinyesdabad.com\/wp-content\/uploads\/2024\/10\/logo_vinyes_dabad.png\" \/>\n\t<meta property=\"og:image:width\" content=\"250\" \/>\n\t<meta property=\"og:image:height\" content=\"130\" \/>\n\t<meta property=\"og:image:type\" content=\"image\/png\" \/>\n<meta name=\"author\" content=\"admin\" \/>\n<meta name=\"twitter:card\" content=\"summary_large_image\" \/>\n<meta name=\"twitter:label1\" content=\"Escrito por\" \/>\n\t<meta name=\"twitter:data1\" content=\"admin\" \/>\n\t<meta name=\"twitter:label2\" content=\"Tiempo de lectura\" \/>\n\t<meta name=\"twitter:data2\" content=\"4 minutos\" \/>\n<script type=\"application\/ld+json\" class=\"yoast-schema-graph\">{\"@context\":\"https:\\\/\\\/schema.org\",\"@graph\":[{\"@type\":\"Article\",\"@id\":\"https:\\\/\\\/equipvinyesdabad.com\\\/es\\\/rallys\\\/joan-vinyes-jordi-mercader-y-suzuki-en-lo-mas-alto-del-podio-de-la-n5-en-ferrol\\\/#article\",\"isPartOf\":{\"@id\":\"https:\\\/\\\/equipvinyesdabad.com\\\/es\\\/rallys\\\/joan-vinyes-jordi-mercader-y-suzuki-en-lo-mas-alto-del-podio-de-la-n5-en-ferrol\\\/\"},\"author\":{\"name\":\"admin\",\"@id\":\"https:\\\/\\\/equipvinyesdabad.com\\\/es\\\/#\\\/schema\\\/person\\\/962b4c681d63fd4fbd546ec83b775c1b\"},\"headline\":\"Joan Vinyes-Jordi Mercader y Suzuki en lo m\u00e1s alto del podio de la N5, en Ferrol\",\"datePublished\":\"2017-07-08T00:00:00+00:00\",\"dateModified\":\"2024-10-31T20:10:49+00:00\",\"mainEntityOfPage\":{\"@id\":\"https:\\\/\\\/equipvinyesdabad.com\\\/es\\\/rallys\\\/joan-vinyes-jordi-mercader-y-suzuki-en-lo-mas-alto-del-podio-de-la-n5-en-ferrol\\\/\"},\"wordCount\":721,\"image\":{\"@id\":\"https:\\\/\\\/equipvinyesdabad.com\\\/es\\\/rallys\\\/joan-vinyes-jordi-mercader-y-suzuki-en-lo-mas-alto-del-podio-de-la-n5-en-ferrol\\\/#primaryimage\"},\"thumbnailUrl\":\"https:\\\/\\\/equipvinyesdabad.com\\\/wp-content\\\/uploads\\\/2017\\\/07\\\/05JVFe1020.jpg\",\"articleSection\":[\"Rallys\",\"Rallys asfalto\"],\"inLanguage\":\"es\"},{\"@type\":\"WebPage\",\"@id\":\"https:\\\/\\\/equipvinyesdabad.com\\\/es\\\/rallys\\\/joan-vinyes-jordi-mercader-y-suzuki-en-lo-mas-alto-del-podio-de-la-n5-en-ferrol\\\/\",\"url\":\"https:\\\/\\\/equipvinyesdabad.com\\\/es\\\/rallys\\\/joan-vinyes-jordi-mercader-y-suzuki-en-lo-mas-alto-del-podio-de-la-n5-en-ferrol\\\/\",\"name\":\"Joan Vinyes-Jordi Mercader y Suzuki en lo m\u00e1s alto del podio de la N5, en Ferrol - Equip vinyes dabad\",\"isPartOf\":{\"@id\":\"https:\\\/\\\/equipvinyesdabad.com\\\/es\\\/#website\"},\"primaryImageOfPage\":{\"@id\":\"https:\\\/\\\/equipvinyesdabad.com\\\/es\\\/rallys\\\/joan-vinyes-jordi-mercader-y-suzuki-en-lo-mas-alto-del-podio-de-la-n5-en-ferrol\\\/#primaryimage\"},\"image\":{\"@id\":\"https:\\\/\\\/equipvinyesdabad.com\\\/es\\\/rallys\\\/joan-vinyes-jordi-mercader-y-suzuki-en-lo-mas-alto-del-podio-de-la-n5-en-ferrol\\\/#primaryimage\"},\"thumbnailUrl\":\"https:\\\/\\\/equipvinyesdabad.com\\\/wp-content\\\/uploads\\\/2017\\\/07\\\/05JVFe1020.jpg\",\"datePublished\":\"2017-07-08T00:00:00+00:00\",\"dateModified\":\"2024-10-31T20:10:49+00:00\",\"author\":{\"@id\":\"https:\\\/\\\/equipvinyesdabad.com\\\/es\\\/#\\\/schema\\\/person\\\/962b4c681d63fd4fbd546ec83b775c1b\"},\"breadcrumb\":{\"@id\":\"https:\\\/\\\/equipvinyesdabad.com\\\/es\\\/rallys\\\/joan-vinyes-jordi-mercader-y-suzuki-en-lo-mas-alto-del-podio-de-la-n5-en-ferrol\\\/#breadcrumb\"},\"inLanguage\":\"es\",\"potentialAction\":[{\"@type\":\"ReadAction\",\"target\":[\"https:\\\/\\\/equipvinyesdabad.com\\\/es\\\/rallys\\\/joan-vinyes-jordi-mercader-y-suzuki-en-lo-mas-alto-del-podio-de-la-n5-en-ferrol\\\/\"]}]},{\"@type\":\"ImageObject\",\"inLanguage\":\"es\",\"@id\":\"https:\\\/\\\/equipvinyesdabad.com\\\/es\\\/rallys\\\/joan-vinyes-jordi-mercader-y-suzuki-en-lo-mas-alto-del-podio-de-la-n5-en-ferrol\\\/#primaryimage\",\"url\":\"https:\\\/\\\/equipvinyesdabad.com\\\/wp-content\\\/uploads\\\/2017\\\/07\\\/05JVFe1020.jpg\",\"contentUrl\":\"https:\\\/\\\/equipvinyesdabad.com\\\/wp-content\\\/uploads\\\/2017\\\/07\\\/05JVFe1020.jpg\"},{\"@type\":\"BreadcrumbList\",\"@id\":\"https:\\\/\\\/equipvinyesdabad.com\\\/es\\\/rallys\\\/joan-vinyes-jordi-mercader-y-suzuki-en-lo-mas-alto-del-podio-de-la-n5-en-ferrol\\\/#breadcrumb\",\"itemListElement\":[{\"@type\":\"ListItem\",\"position\":1,\"name\":\"Inicio\",\"item\":\"https:\\\/\\\/equipvinyesdabad.com\\\/es\\\/\"},{\"@type\":\"ListItem\",\"position\":2,\"name\":\"Joan Vinyes-Jordi Mercader y Suzuki en lo m\u00e1s alto del podio de la N5, en Ferrol\"}]},{\"@type\":\"WebSite\",\"@id\":\"https:\\\/\\\/equipvinyesdabad.com\\\/es\\\/#website\",\"url\":\"https:\\\/\\\/equipvinyesdabad.com\\\/es\\\/\",\"name\":\"Equip vinyes dabad\",\"description\":\"\",\"potentialAction\":[{\"@type\":\"SearchAction\",\"target\":{\"@type\":\"EntryPoint\",\"urlTemplate\":\"https:\\\/\\\/equipvinyesdabad.com\\\/es\\\/?s={search_term_string}\"},\"query-input\":{\"@type\":\"PropertyValueSpecification\",\"valueRequired\":true,\"valueName\":\"search_term_string\"}}],\"inLanguage\":\"es\"},{\"@type\":\"Person\",\"@id\":\"https:\\\/\\\/equipvinyesdabad.com\\\/es\\\/#\\\/schema\\\/person\\\/962b4c681d63fd4fbd546ec83b775c1b\",\"name\":\"admin\",\"image\":{\"@type\":\"ImageObject\",\"inLanguage\":\"es\",\"@id\":\"https:\\\/\\\/secure.gravatar.com\\\/avatar\\\/6d1c6cfbf1c3aed75f7a05f946b76867c29d677b49f81545b6b9bc58677b08a0?s=96&d=mm&r=g\",\"url\":\"https:\\\/\\\/secure.gravatar.com\\\/avatar\\\/6d1c6cfbf1c3aed75f7a05f946b76867c29d677b49f81545b6b9bc58677b08a0?s=96&d=mm&r=g\",\"contentUrl\":\"https:\\\/\\\/secure.gravatar.com\\\/avatar\\\/6d1c6cfbf1c3aed75f7a05f946b76867c29d677b49f81545b6b9bc58677b08a0?s=96&d=mm&r=g\",\"caption\":\"admin\"},\"sameAs\":[\"https:\\\/\\\/equipvinyesdabad.com\"],\"url\":\"https:\\\/\\\/equipvinyesdabad.com\\\/es\\\/author\\\/web1\\\/\"}]}<\/script>\n<!-- \/ Yoast SEO plugin. -->","yoast_head_json":{"title":"Joan Vinyes-Jordi Mercader y Suzuki en lo m\u00e1s alto del podio de la N5, en Ferrol - Equip vinyes dabad","robots":{"index":"index","follow":"follow","max-snippet":"max-snippet:-1","max-image-preview":"max-image-preview:large","max-video-preview":"max-video-preview:-1"},"canonical":"https:\/\/equipvinyesdabad.com\/es\/rallys\/joan-vinyes-jordi-mercader-y-suzuki-en-lo-mas-alto-del-podio-de-la-n5-en-ferrol\/","og_locale":"es_ES","og_type":"article","og_title":"Joan Vinyes-Jordi Mercader y Suzuki en lo m\u00e1s alto del podio de la N5, en Ferrol - Equip vinyes dabad","og_description":"Joan Vinyes-Jordi Mercader (Suzuki Swift R+), se reencontraron con el triunfo, de la categor\u00eda N5, en la 48a edici\u00f3n del Rally de Ferrol. Adem\u00e1s, los pilotos del equipo Suzuki Motor Ib\u00e9rica, redondearon su segunda visita a tierras gallegas de la temporada, con una excelente cuarta plaza en la clasificaci\u00f3n absoluta.","og_url":"https:\/\/equipvinyesdabad.com\/es\/rallys\/joan-vinyes-jordi-mercader-y-suzuki-en-lo-mas-alto-del-podio-de-la-n5-en-ferrol\/","og_site_name":"Equip vinyes dabad","article_published_time":"2017-07-08T00:00:00+00:00","article_modified_time":"2024-10-31T20:10:49+00:00","og_image":[{"width":250,"height":130,"url":"https:\/\/equipvinyesdabad.com\/wp-content\/uploads\/2024\/10\/logo_vinyes_dabad.png","type":"image\/png"}],"author":"admin","twitter_card":"summary_large_image","twitter_misc":{"Escrito por":"admin","Tiempo de lectura":"4 minutos"},"schema":{"@context":"https:\/\/schema.org","@graph":[{"@type":"Article","@id":"https:\/\/equipvinyesdabad.com\/es\/rallys\/joan-vinyes-jordi-mercader-y-suzuki-en-lo-mas-alto-del-podio-de-la-n5-en-ferrol\/#article","isPartOf":{"@id":"https:\/\/equipvinyesdabad.com\/es\/rallys\/joan-vinyes-jordi-mercader-y-suzuki-en-lo-mas-alto-del-podio-de-la-n5-en-ferrol\/"},"author":{"name":"admin","@id":"https:\/\/equipvinyesdabad.com\/es\/#\/schema\/person\/962b4c681d63fd4fbd546ec83b775c1b"},"headline":"Joan Vinyes-Jordi Mercader y Suzuki en lo m\u00e1s alto del podio de la N5, en Ferrol","datePublished":"2017-07-08T00:00:00+00:00","dateModified":"2024-10-31T20:10:49+00:00","mainEntityOfPage":{"@id":"https:\/\/equipvinyesdabad.com\/es\/rallys\/joan-vinyes-jordi-mercader-y-suzuki-en-lo-mas-alto-del-podio-de-la-n5-en-ferrol\/"},"wordCount":721,"image":{"@id":"https:\/\/equipvinyesdabad.com\/es\/rallys\/joan-vinyes-jordi-mercader-y-suzuki-en-lo-mas-alto-del-podio-de-la-n5-en-ferrol\/#primaryimage"},"thumbnailUrl":"https:\/\/equipvinyesdabad.com\/wp-content\/uploads\/2017\/07\/05JVFe1020.jpg","articleSection":["Rallys","Rallys asfalto"],"inLanguage":"es"},{"@type":"WebPage","@id":"https:\/\/equipvinyesdabad.com\/es\/rallys\/joan-vinyes-jordi-mercader-y-suzuki-en-lo-mas-alto-del-podio-de-la-n5-en-ferrol\/","url":"https:\/\/equipvinyesdabad.com\/es\/rallys\/joan-vinyes-jordi-mercader-y-suzuki-en-lo-mas-alto-del-podio-de-la-n5-en-ferrol\/","name":"Joan Vinyes-Jordi Mercader y Suzuki en lo m\u00e1s alto del podio de la N5, en Ferrol - Equip vinyes dabad","isPartOf":{"@id":"https:\/\/equipvinyesdabad.com\/es\/#website"},"primaryImageOfPage":{"@id":"https:\/\/equipvinyesdabad.com\/es\/rallys\/joan-vinyes-jordi-mercader-y-suzuki-en-lo-mas-alto-del-podio-de-la-n5-en-ferrol\/#primaryimage"},"image":{"@id":"https:\/\/equipvinyesdabad.com\/es\/rallys\/joan-vinyes-jordi-mercader-y-suzuki-en-lo-mas-alto-del-podio-de-la-n5-en-ferrol\/#primaryimage"},"thumbnailUrl":"https:\/\/equipvinyesdabad.com\/wp-content\/uploads\/2017\/07\/05JVFe1020.jpg","datePublished":"2017-07-08T00:00:00+00:00","dateModified":"2024-10-31T20:10:49+00:00","author":{"@id":"https:\/\/equipvinyesdabad.com\/es\/#\/schema\/person\/962b4c681d63fd4fbd546ec83b775c1b"},"breadcrumb":{"@id":"https:\/\/equipvinyesdabad.com\/es\/rallys\/joan-vinyes-jordi-mercader-y-suzuki-en-lo-mas-alto-del-podio-de-la-n5-en-ferrol\/#breadcrumb"},"inLanguage":"es","potentialAction":[{"@type":"ReadAction","target":["https:\/\/equipvinyesdabad.com\/es\/rallys\/joan-vinyes-jordi-mercader-y-suzuki-en-lo-mas-alto-del-podio-de-la-n5-en-ferrol\/"]}]},{"@type":"ImageObject","inLanguage":"es","@id":"https:\/\/equipvinyesdabad.com\/es\/rallys\/joan-vinyes-jordi-mercader-y-suzuki-en-lo-mas-alto-del-podio-de-la-n5-en-ferrol\/#primaryimage","url":"https:\/\/equipvinyesdabad.com\/wp-content\/uploads\/2017\/07\/05JVFe1020.jpg","contentUrl":"https:\/\/equipvinyesdabad.com\/wp-content\/uploads\/2017\/07\/05JVFe1020.jpg"},{"@type":"BreadcrumbList","@id":"https:\/\/equipvinyesdabad.com\/es\/rallys\/joan-vinyes-jordi-mercader-y-suzuki-en-lo-mas-alto-del-podio-de-la-n5-en-ferrol\/#breadcrumb","itemListElement":[{"@type":"ListItem","position":1,"name":"Inicio","item":"https:\/\/equipvinyesdabad.com\/es\/"},{"@type":"ListItem","position":2,"name":"Joan Vinyes-Jordi Mercader y Suzuki en lo m\u00e1s alto del podio de la N5, en Ferrol"}]},{"@type":"WebSite","@id":"https:\/\/equipvinyesdabad.com\/es\/#website","url":"https:\/\/equipvinyesdabad.com\/es\/","name":"Equip vinyes dabad","description":"","potentialAction":[{"@type":"SearchAction","target":{"@type":"EntryPoint","urlTemplate":"https:\/\/equipvinyesdabad.com\/es\/?s={search_term_string}"},"query-input":{"@type":"PropertyValueSpecification","valueRequired":true,"valueName":"search_term_string"}}],"inLanguage":"es"},{"@type":"Person","@id":"https:\/\/equipvinyesdabad.com\/es\/#\/schema\/person\/962b4c681d63fd4fbd546ec83b775c1b","name":"admin","image":{"@type":"ImageObject","inLanguage":"es","@id":"https:\/\/secure.gravatar.com\/avatar\/6d1c6cfbf1c3aed75f7a05f946b76867c29d677b49f81545b6b9bc58677b08a0?s=96&d=mm&r=g","url":"https:\/\/secure.gravatar.com\/avatar\/6d1c6cfbf1c3aed75f7a05f946b76867c29d677b49f81545b6b9bc58677b08a0?s=96&d=mm&r=g","contentUrl":"https:\/\/secure.gravatar.com\/avatar\/6d1c6cfbf1c3aed75f7a05f946b76867c29d677b49f81545b6b9bc58677b08a0?s=96&d=mm&r=g","caption":"admin"},"sameAs":["https:\/\/equipvinyesdabad.com"],"url":"https:\/\/equipvinyesdabad.com\/es\/author\/web1\/"}]}},"_links":{"self":[{"href":"https:\/\/equipvinyesdabad.com\/es\/wp-json\/wp\/v2\/posts\/2385","targetHints":{"allow":["GET"]}}],"collection":[{"href":"https:\/\/equipvinyesdabad.com\/es\/wp-json\/wp\/v2\/posts"}],"about":[{"href":"https:\/\/equipvinyesdabad.com\/es\/wp-json\/wp\/v2\/types\/post"}],"author":[{"embeddable":true,"href":"https:\/\/equipvinyesdabad.com\/es\/wp-json\/wp\/v2\/users\/1"}],"replies":[{"embeddable":true,"href":"https:\/\/equipvinyesdabad.com\/es\/wp-json\/wp\/v2\/comments?post=2385"}],"version-history":[{"count":6,"href":"https:\/\/equipvinyesdabad.com\/es\/wp-json\/wp\/v2\/posts\/2385\/revisions"}],"predecessor-version":[{"id":4763,"href":"https:\/\/equipvinyesdabad.com\/es\/wp-json\/wp\/v2\/posts\/2385\/revisions\/4763"}],"wp:featuredmedia":[{"embeddable":true,"href":"https:\/\/equipvinyesdabad.com\/es\/wp-json\/wp\/v2\/media\/1657"}],"wp:attachment":[{"href":"https:\/\/equipvinyesdabad.com\/es\/wp-json\/wp\/v2\/media?parent=2385"}],"wp:term":[{"taxonomy":"category","embeddable":true,"href":"https:\/\/equipvinyesdabad.com\/es\/wp-json\/wp\/v2\/categories?post=2385"},{"taxonomy":"post_tag","embeddable":true,"href":"https:\/\/equipvinyesdabad.com\/es\/wp-json\/wp\/v2\/tags?post=2385"}],"curies":[{"name":"wp","href":"https:\/\/api.w.org\/{rel}","templated":true}]}}