{"id":2387,"date":"2017-07-03T00:00:00","date_gmt":"2017-07-03T00:00:00","guid":{"rendered":"https:\/\/equipvinyesdabad.com\/?p=2387"},"modified":"2024-10-31T20:10:49","modified_gmt":"2024-10-31T20:10:49","slug":"vinyes-mercader-afrontan-con-la-motivacion-de-siempre-un-rallye-de-ferrol-con-cambios","status":"publish","type":"post","link":"https:\/\/equipvinyesdabad.com\/es\/rallys\/vinyes-mercader-afrontan-con-la-motivacion-de-siempre-un-rallye-de-ferrol-con-cambios\/","title":{"rendered":"Vinyes-Mercader afrontan con la motivaci\u00f3n de siempre, un Rallye de Ferrol con cambios"},"content":{"rendered":"<p style=\"text-align: justify\">Joan Vinyes-Jordi Mercader (Suzuki Swift R+ &#8211; Suzuki Motor Ib&eacute;rica), retornar&aacute;n a Galicia para disputar el 48 Rallye de Ferrol, quinta prueba del Campeonato de Espa&ntilde;a de Rallys de asfalto (CERA) 2017 y segunda del calendario que se disputa en esta comunidad. El objetivo del equipo Suzuki Motor Ib&eacute;rica ser&aacute; el de seguir sumando puntos para una clasificaci&oacute;n por marcas que, despu&eacute;s del Rallye de Ourense, encabezan con autoridad.&nbsp;&nbsp;&nbsp;&nbsp; &nbsp;<\/p>\n<p>Los miembros de la Escuder&iacute;a Ferrol han preparado un recorrido con novedades importantes respecto al de anteriores ediciones. Cabe destacar, en primer lugar, que el rally se disputar&aacute;, en su totalidad, durante la jornada del s&aacute;bado (d&iacute;a 8), es decir, que tendr&aacute; una &uacute;nica etapa. <br \/>El trazado total a superar por los participantes ser&aacute; de 465,16 km, de los cuales 153,32 km ser&aacute;n de velocidad, repartidos en 8 especiales (4 de diferentes). <br \/>Las especiales del bucle inicial ser&aacute;n: S. Sadurni&ntilde;o-As Somozas (17,45 km) y As Somozas-As Pontes (24,97 km) mientras que despu&eacute;s del reagrupamiento de mitad de rally, los escenarios pasar&aacute;n a ser: Valdovi&ntilde;o-Cerdi&ntilde;o (25,00 km) y Ferrol-Ferrol (9,24 km). Precisamente el primer paso por Ferrol-Ferrol ser&aacute; el denominado TC-Plus. <\/p>\n<p>La cita de Ferrol acostumbra a ser de las complicadas del calendario, seg&uacute;n Vinyes, esta ocasi&oacute;n no ser&aacute; una excepci&oacute;n: <em><strong>Habr&aacute; que esforzarse en los reconocimientos. Encontrar referencias en este rally no es f&aacute;cil, parece ser, que las especiales de esta edici&oacute;n se han disputado otras veces pero formando parte de especiales diferentes.<\/strong> <\/em><\/p>\n<p>En cuanto al cambio del <em>timing,<\/em> el piloto de Suzuki opinaba que: <em><strong>Tiene sus pros y sus contras. En principio, pienso que el viernes iremos un poco m&aacute;s tranquilos, con el shakedown como principal objetivo, mientras que el s&aacute;bado ser&aacute; una jornada densa (13 horas) en la que, mantener la concentraci&oacute;n en todo momento ser&aacute; decisivo.<\/strong><\/em><\/p>\n<p>Como bien comenta Vinyes, el <em>shakedown<\/em> (viernes d&iacute;a 7) siempre es una de las partes importantes de lo que se puede considerar la fase previa de la competici&oacute;n. En esta ocasi&oacute;n, los equipos podr&aacute;n los &uacute;ltimos ajustes en sus mec&aacute;nicas en la zona de Esmelle, un escenario que se ha recuperado despu&eacute;s de varias temporadas.<br \/>Durante esta misma jornada, antes del <em>shakedown<\/em>, se llevar&aacute;n a cabo las verificaciones t&eacute;cnicas y a partir de 20.00 horas se iniciar&aacute; la ceremonia de salida en la Avenida de Esteiro.&nbsp; &nbsp;<br \/>&nbsp; <br \/>El Recinto Ferial FIMO, ubicado en La Malata, acoger&aacute; una temporada m&aacute;s a las asistencias de los equipos siendo adem&aacute;s, el punto de partida del rally a las 8.00 horas del pr&oacute;ximo s&aacute;bado. Esta misma jornada, a partir de las 21.00 horas, los equipos empezar&aacute;n a llegar a la misma ubicaci&oacute;n en donde tuvo lugar la ceremonia de salida (Avenida de Esteiro), para llevara a cabo la entrega de trofeos a los vencedores.<\/p>\n<p><\/p>\n<p><strong><strong><a href=\"http:\/\/www.infoesport.org\/imgNoticia\/2017\/170708JVFe1c.pdf\"><img loading=\"lazy\" decoding=\"async\" style=\"float: right\" src=\"http:\/\/www.infoesport.org\/auxiliar\/fot\/logos\/icono_pdf.gif\" alt=\"\" width=\"50\" height=\"50\" \/><\/a><\/strong><\/strong><\/p>\n<p style=\"text-align: right\">Servicio de Prensa.<\/p>\n<p>&nbsp;<\/p>\n","protected":false},"excerpt":{"rendered":"<p>Joan Vinyes-Jordi Mercader (Suzuki Swift R+ &#8211; Suzuki Motor Ib\u00e9rica), retornar\u00e1n a Galicia para disputar el 48 Rallye de Ferrol, quinta prueba del Campeonato de Espa\u00f1a de Rallys de asfalto (CERA) 2017 y segunda del calendario que se disputa en esta comunidad. El objetivo del equipo Suzuki Motor Ib\u00e9rica ser\u00e1 el de seguir sumando puntos para una clasificaci\u00f3n por marcas que, despu\u00e9s del Rallye de Ourense, encabezan con autoridad. <\/p>\n","protected":false},"author":1,"featured_media":1658,"comment_status":"closed","ping_status":"closed","sticky":false,"template":"","format":"standard","meta":{"_kadence_starter_templates_imported_post":false,"_kad_post_transparent":"","_kad_post_title":"","_kad_post_layout":"","_kad_post_sidebar_id":"","_kad_post_content_style":"","_kad_post_vertical_padding":"","_kad_post_feature":"","_kad_post_feature_position":"","_kad_post_header":false,"_kad_post_footer":false,"_kad_post_classname":"","footnotes":""},"categories":[46,60],"tags":[],"class_list":["post-2387","post","type-post","status-publish","format-standard","has-post-thumbnail","hentry","category-rallys","category-rallys-asfalto"],"yoast_head":"<!-- This site is optimized with the Yoast SEO plugin v27.4 - https:\/\/yoast.com\/product\/yoast-seo-wordpress\/ -->\n<title>Vinyes-Mercader afrontan con la motivaci\u00f3n de siempre, un Rallye de Ferrol con cambios - Equip vinyes dabad<\/title>\n<meta name=\"robots\" content=\"index, follow, max-snippet:-1, max-image-preview:large, max-video-preview:-1\" \/>\n<link rel=\"canonical\" href=\"https:\/\/equipvinyesdabad.com\/es\/rallys\/vinyes-mercader-afrontan-con-la-motivacion-de-siempre-un-rallye-de-ferrol-con-cambios\/\" \/>\n<meta property=\"og:locale\" content=\"es_ES\" \/>\n<meta property=\"og:type\" content=\"article\" \/>\n<meta property=\"og:title\" content=\"Vinyes-Mercader afrontan con la motivaci\u00f3n de siempre, un Rallye de Ferrol con cambios - Equip vinyes dabad\" \/>\n<meta property=\"og:description\" content=\"Joan Vinyes-Jordi Mercader (Suzuki Swift R+ - Suzuki Motor Ib\u00e9rica), retornar\u00e1n a Galicia para disputar el 48 Rallye de Ferrol, quinta prueba del Campeonato de Espa\u00f1a de Rallys de asfalto (CERA) 2017 y segunda del calendario que se disputa en esta comunidad. El objetivo del equipo Suzuki Motor Ib\u00e9rica ser\u00e1 el de seguir sumando puntos para una clasificaci\u00f3n por marcas que, despu\u00e9s del Rallye de Ourense, encabezan con autoridad.\" \/>\n<meta property=\"og:url\" content=\"https:\/\/equipvinyesdabad.com\/es\/rallys\/vinyes-mercader-afrontan-con-la-motivacion-de-siempre-un-rallye-de-ferrol-con-cambios\/\" \/>\n<meta property=\"og:site_name\" content=\"Equip vinyes dabad\" \/>\n<meta property=\"article:published_time\" content=\"2017-07-03T00:00:00+00:00\" \/>\n<meta property=\"article:modified_time\" content=\"2024-10-31T20:10:49+00:00\" \/>\n<meta property=\"og:image\" content=\"https:\/\/equipvinyesdabad.com\/wp-content\/uploads\/2024\/10\/logo_vinyes_dabad.png\" \/>\n\t<meta property=\"og:image:width\" content=\"250\" \/>\n\t<meta property=\"og:image:height\" content=\"130\" \/>\n\t<meta property=\"og:image:type\" content=\"image\/png\" \/>\n<meta name=\"author\" content=\"admin\" \/>\n<meta name=\"twitter:card\" content=\"summary_large_image\" \/>\n<meta name=\"twitter:label1\" content=\"Escrito por\" \/>\n\t<meta name=\"twitter:data1\" content=\"admin\" \/>\n\t<meta name=\"twitter:label2\" content=\"Tiempo de lectura\" \/>\n\t<meta name=\"twitter:data2\" content=\"3 minutos\" \/>\n<script type=\"application\/ld+json\" class=\"yoast-schema-graph\">{\"@context\":\"https:\\\/\\\/schema.org\",\"@graph\":[{\"@type\":\"Article\",\"@id\":\"https:\\\/\\\/equipvinyesdabad.com\\\/es\\\/rallys\\\/vinyes-mercader-afrontan-con-la-motivacion-de-siempre-un-rallye-de-ferrol-con-cambios\\\/#article\",\"isPartOf\":{\"@id\":\"https:\\\/\\\/equipvinyesdabad.com\\\/es\\\/rallys\\\/vinyes-mercader-afrontan-con-la-motivacion-de-siempre-un-rallye-de-ferrol-con-cambios\\\/\"},\"author\":{\"name\":\"admin\",\"@id\":\"https:\\\/\\\/equipvinyesdabad.com\\\/es\\\/#\\\/schema\\\/person\\\/962b4c681d63fd4fbd546ec83b775c1b\"},\"headline\":\"Vinyes-Mercader afrontan con la motivaci\u00f3n de siempre, un Rallye de Ferrol con cambios\",\"datePublished\":\"2017-07-03T00:00:00+00:00\",\"dateModified\":\"2024-10-31T20:10:49+00:00\",\"mainEntityOfPage\":{\"@id\":\"https:\\\/\\\/equipvinyesdabad.com\\\/es\\\/rallys\\\/vinyes-mercader-afrontan-con-la-motivacion-de-siempre-un-rallye-de-ferrol-con-cambios\\\/\"},\"wordCount\":556,\"image\":{\"@id\":\"https:\\\/\\\/equipvinyesdabad.com\\\/es\\\/rallys\\\/vinyes-mercader-afrontan-con-la-motivacion-de-siempre-un-rallye-de-ferrol-con-cambios\\\/#primaryimage\"},\"thumbnailUrl\":\"https:\\\/\\\/equipvinyesdabad.com\\\/wp-content\\\/uploads\\\/2017\\\/07\\\/06JVFe2504.jpg\",\"articleSection\":[\"Rallys\",\"Rallys asfalto\"],\"inLanguage\":\"es\"},{\"@type\":\"WebPage\",\"@id\":\"https:\\\/\\\/equipvinyesdabad.com\\\/es\\\/rallys\\\/vinyes-mercader-afrontan-con-la-motivacion-de-siempre-un-rallye-de-ferrol-con-cambios\\\/\",\"url\":\"https:\\\/\\\/equipvinyesdabad.com\\\/es\\\/rallys\\\/vinyes-mercader-afrontan-con-la-motivacion-de-siempre-un-rallye-de-ferrol-con-cambios\\\/\",\"name\":\"Vinyes-Mercader afrontan con la motivaci\u00f3n de siempre, un Rallye de Ferrol con cambios - Equip vinyes dabad\",\"isPartOf\":{\"@id\":\"https:\\\/\\\/equipvinyesdabad.com\\\/es\\\/#website\"},\"primaryImageOfPage\":{\"@id\":\"https:\\\/\\\/equipvinyesdabad.com\\\/es\\\/rallys\\\/vinyes-mercader-afrontan-con-la-motivacion-de-siempre-un-rallye-de-ferrol-con-cambios\\\/#primaryimage\"},\"image\":{\"@id\":\"https:\\\/\\\/equipvinyesdabad.com\\\/es\\\/rallys\\\/vinyes-mercader-afrontan-con-la-motivacion-de-siempre-un-rallye-de-ferrol-con-cambios\\\/#primaryimage\"},\"thumbnailUrl\":\"https:\\\/\\\/equipvinyesdabad.com\\\/wp-content\\\/uploads\\\/2017\\\/07\\\/06JVFe2504.jpg\",\"datePublished\":\"2017-07-03T00:00:00+00:00\",\"dateModified\":\"2024-10-31T20:10:49+00:00\",\"author\":{\"@id\":\"https:\\\/\\\/equipvinyesdabad.com\\\/es\\\/#\\\/schema\\\/person\\\/962b4c681d63fd4fbd546ec83b775c1b\"},\"breadcrumb\":{\"@id\":\"https:\\\/\\\/equipvinyesdabad.com\\\/es\\\/rallys\\\/vinyes-mercader-afrontan-con-la-motivacion-de-siempre-un-rallye-de-ferrol-con-cambios\\\/#breadcrumb\"},\"inLanguage\":\"es\",\"potentialAction\":[{\"@type\":\"ReadAction\",\"target\":[\"https:\\\/\\\/equipvinyesdabad.com\\\/es\\\/rallys\\\/vinyes-mercader-afrontan-con-la-motivacion-de-siempre-un-rallye-de-ferrol-con-cambios\\\/\"]}]},{\"@type\":\"ImageObject\",\"inLanguage\":\"es\",\"@id\":\"https:\\\/\\\/equipvinyesdabad.com\\\/es\\\/rallys\\\/vinyes-mercader-afrontan-con-la-motivacion-de-siempre-un-rallye-de-ferrol-con-cambios\\\/#primaryimage\",\"url\":\"https:\\\/\\\/equipvinyesdabad.com\\\/wp-content\\\/uploads\\\/2017\\\/07\\\/06JVFe2504.jpg\",\"contentUrl\":\"https:\\\/\\\/equipvinyesdabad.com\\\/wp-content\\\/uploads\\\/2017\\\/07\\\/06JVFe2504.jpg\"},{\"@type\":\"BreadcrumbList\",\"@id\":\"https:\\\/\\\/equipvinyesdabad.com\\\/es\\\/rallys\\\/vinyes-mercader-afrontan-con-la-motivacion-de-siempre-un-rallye-de-ferrol-con-cambios\\\/#breadcrumb\",\"itemListElement\":[{\"@type\":\"ListItem\",\"position\":1,\"name\":\"Inicio\",\"item\":\"https:\\\/\\\/equipvinyesdabad.com\\\/es\\\/\"},{\"@type\":\"ListItem\",\"position\":2,\"name\":\"Vinyes-Mercader afrontan con la motivaci\u00f3n de siempre, un Rallye de Ferrol con cambios\"}]},{\"@type\":\"WebSite\",\"@id\":\"https:\\\/\\\/equipvinyesdabad.com\\\/es\\\/#website\",\"url\":\"https:\\\/\\\/equipvinyesdabad.com\\\/es\\\/\",\"name\":\"Equip vinyes dabad\",\"description\":\"\",\"potentialAction\":[{\"@type\":\"SearchAction\",\"target\":{\"@type\":\"EntryPoint\",\"urlTemplate\":\"https:\\\/\\\/equipvinyesdabad.com\\\/es\\\/?s={search_term_string}\"},\"query-input\":{\"@type\":\"PropertyValueSpecification\",\"valueRequired\":true,\"valueName\":\"search_term_string\"}}],\"inLanguage\":\"es\"},{\"@type\":\"Person\",\"@id\":\"https:\\\/\\\/equipvinyesdabad.com\\\/es\\\/#\\\/schema\\\/person\\\/962b4c681d63fd4fbd546ec83b775c1b\",\"name\":\"admin\",\"image\":{\"@type\":\"ImageObject\",\"inLanguage\":\"es\",\"@id\":\"https:\\\/\\\/secure.gravatar.com\\\/avatar\\\/6d1c6cfbf1c3aed75f7a05f946b76867c29d677b49f81545b6b9bc58677b08a0?s=96&d=mm&r=g\",\"url\":\"https:\\\/\\\/secure.gravatar.com\\\/avatar\\\/6d1c6cfbf1c3aed75f7a05f946b76867c29d677b49f81545b6b9bc58677b08a0?s=96&d=mm&r=g\",\"contentUrl\":\"https:\\\/\\\/secure.gravatar.com\\\/avatar\\\/6d1c6cfbf1c3aed75f7a05f946b76867c29d677b49f81545b6b9bc58677b08a0?s=96&d=mm&r=g\",\"caption\":\"admin\"},\"sameAs\":[\"https:\\\/\\\/equipvinyesdabad.com\"],\"url\":\"https:\\\/\\\/equipvinyesdabad.com\\\/es\\\/author\\\/web1\\\/\"}]}<\/script>\n<!-- \/ Yoast SEO plugin. -->","yoast_head_json":{"title":"Vinyes-Mercader afrontan con la motivaci\u00f3n de siempre, un Rallye de Ferrol con cambios - Equip vinyes dabad","robots":{"index":"index","follow":"follow","max-snippet":"max-snippet:-1","max-image-preview":"max-image-preview:large","max-video-preview":"max-video-preview:-1"},"canonical":"https:\/\/equipvinyesdabad.com\/es\/rallys\/vinyes-mercader-afrontan-con-la-motivacion-de-siempre-un-rallye-de-ferrol-con-cambios\/","og_locale":"es_ES","og_type":"article","og_title":"Vinyes-Mercader afrontan con la motivaci\u00f3n de siempre, un Rallye de Ferrol con cambios - Equip vinyes dabad","og_description":"Joan Vinyes-Jordi Mercader (Suzuki Swift R+ - Suzuki Motor Ib\u00e9rica), retornar\u00e1n a Galicia para disputar el 48 Rallye de Ferrol, quinta prueba del Campeonato de Espa\u00f1a de Rallys de asfalto (CERA) 2017 y segunda del calendario que se disputa en esta comunidad. El objetivo del equipo Suzuki Motor Ib\u00e9rica ser\u00e1 el de seguir sumando puntos para una clasificaci\u00f3n por marcas que, despu\u00e9s del Rallye de Ourense, encabezan con autoridad.","og_url":"https:\/\/equipvinyesdabad.com\/es\/rallys\/vinyes-mercader-afrontan-con-la-motivacion-de-siempre-un-rallye-de-ferrol-con-cambios\/","og_site_name":"Equip vinyes dabad","article_published_time":"2017-07-03T00:00:00+00:00","article_modified_time":"2024-10-31T20:10:49+00:00","og_image":[{"width":250,"height":130,"url":"https:\/\/equipvinyesdabad.com\/wp-content\/uploads\/2024\/10\/logo_vinyes_dabad.png","type":"image\/png"}],"author":"admin","twitter_card":"summary_large_image","twitter_misc":{"Escrito por":"admin","Tiempo de lectura":"3 minutos"},"schema":{"@context":"https:\/\/schema.org","@graph":[{"@type":"Article","@id":"https:\/\/equipvinyesdabad.com\/es\/rallys\/vinyes-mercader-afrontan-con-la-motivacion-de-siempre-un-rallye-de-ferrol-con-cambios\/#article","isPartOf":{"@id":"https:\/\/equipvinyesdabad.com\/es\/rallys\/vinyes-mercader-afrontan-con-la-motivacion-de-siempre-un-rallye-de-ferrol-con-cambios\/"},"author":{"name":"admin","@id":"https:\/\/equipvinyesdabad.com\/es\/#\/schema\/person\/962b4c681d63fd4fbd546ec83b775c1b"},"headline":"Vinyes-Mercader afrontan con la motivaci\u00f3n de siempre, un Rallye de Ferrol con cambios","datePublished":"2017-07-03T00:00:00+00:00","dateModified":"2024-10-31T20:10:49+00:00","mainEntityOfPage":{"@id":"https:\/\/equipvinyesdabad.com\/es\/rallys\/vinyes-mercader-afrontan-con-la-motivacion-de-siempre-un-rallye-de-ferrol-con-cambios\/"},"wordCount":556,"image":{"@id":"https:\/\/equipvinyesdabad.com\/es\/rallys\/vinyes-mercader-afrontan-con-la-motivacion-de-siempre-un-rallye-de-ferrol-con-cambios\/#primaryimage"},"thumbnailUrl":"https:\/\/equipvinyesdabad.com\/wp-content\/uploads\/2017\/07\/06JVFe2504.jpg","articleSection":["Rallys","Rallys asfalto"],"inLanguage":"es"},{"@type":"WebPage","@id":"https:\/\/equipvinyesdabad.com\/es\/rallys\/vinyes-mercader-afrontan-con-la-motivacion-de-siempre-un-rallye-de-ferrol-con-cambios\/","url":"https:\/\/equipvinyesdabad.com\/es\/rallys\/vinyes-mercader-afrontan-con-la-motivacion-de-siempre-un-rallye-de-ferrol-con-cambios\/","name":"Vinyes-Mercader afrontan con la motivaci\u00f3n de siempre, un Rallye de Ferrol con cambios - Equip vinyes dabad","isPartOf":{"@id":"https:\/\/equipvinyesdabad.com\/es\/#website"},"primaryImageOfPage":{"@id":"https:\/\/equipvinyesdabad.com\/es\/rallys\/vinyes-mercader-afrontan-con-la-motivacion-de-siempre-un-rallye-de-ferrol-con-cambios\/#primaryimage"},"image":{"@id":"https:\/\/equipvinyesdabad.com\/es\/rallys\/vinyes-mercader-afrontan-con-la-motivacion-de-siempre-un-rallye-de-ferrol-con-cambios\/#primaryimage"},"thumbnailUrl":"https:\/\/equipvinyesdabad.com\/wp-content\/uploads\/2017\/07\/06JVFe2504.jpg","datePublished":"2017-07-03T00:00:00+00:00","dateModified":"2024-10-31T20:10:49+00:00","author":{"@id":"https:\/\/equipvinyesdabad.com\/es\/#\/schema\/person\/962b4c681d63fd4fbd546ec83b775c1b"},"breadcrumb":{"@id":"https:\/\/equipvinyesdabad.com\/es\/rallys\/vinyes-mercader-afrontan-con-la-motivacion-de-siempre-un-rallye-de-ferrol-con-cambios\/#breadcrumb"},"inLanguage":"es","potentialAction":[{"@type":"ReadAction","target":["https:\/\/equipvinyesdabad.com\/es\/rallys\/vinyes-mercader-afrontan-con-la-motivacion-de-siempre-un-rallye-de-ferrol-con-cambios\/"]}]},{"@type":"ImageObject","inLanguage":"es","@id":"https:\/\/equipvinyesdabad.com\/es\/rallys\/vinyes-mercader-afrontan-con-la-motivacion-de-siempre-un-rallye-de-ferrol-con-cambios\/#primaryimage","url":"https:\/\/equipvinyesdabad.com\/wp-content\/uploads\/2017\/07\/06JVFe2504.jpg","contentUrl":"https:\/\/equipvinyesdabad.com\/wp-content\/uploads\/2017\/07\/06JVFe2504.jpg"},{"@type":"BreadcrumbList","@id":"https:\/\/equipvinyesdabad.com\/es\/rallys\/vinyes-mercader-afrontan-con-la-motivacion-de-siempre-un-rallye-de-ferrol-con-cambios\/#breadcrumb","itemListElement":[{"@type":"ListItem","position":1,"name":"Inicio","item":"https:\/\/equipvinyesdabad.com\/es\/"},{"@type":"ListItem","position":2,"name":"Vinyes-Mercader afrontan con la motivaci\u00f3n de siempre, un Rallye de Ferrol con cambios"}]},{"@type":"WebSite","@id":"https:\/\/equipvinyesdabad.com\/es\/#website","url":"https:\/\/equipvinyesdabad.com\/es\/","name":"Equip vinyes dabad","description":"","potentialAction":[{"@type":"SearchAction","target":{"@type":"EntryPoint","urlTemplate":"https:\/\/equipvinyesdabad.com\/es\/?s={search_term_string}"},"query-input":{"@type":"PropertyValueSpecification","valueRequired":true,"valueName":"search_term_string"}}],"inLanguage":"es"},{"@type":"Person","@id":"https:\/\/equipvinyesdabad.com\/es\/#\/schema\/person\/962b4c681d63fd4fbd546ec83b775c1b","name":"admin","image":{"@type":"ImageObject","inLanguage":"es","@id":"https:\/\/secure.gravatar.com\/avatar\/6d1c6cfbf1c3aed75f7a05f946b76867c29d677b49f81545b6b9bc58677b08a0?s=96&d=mm&r=g","url":"https:\/\/secure.gravatar.com\/avatar\/6d1c6cfbf1c3aed75f7a05f946b76867c29d677b49f81545b6b9bc58677b08a0?s=96&d=mm&r=g","contentUrl":"https:\/\/secure.gravatar.com\/avatar\/6d1c6cfbf1c3aed75f7a05f946b76867c29d677b49f81545b6b9bc58677b08a0?s=96&d=mm&r=g","caption":"admin"},"sameAs":["https:\/\/equipvinyesdabad.com"],"url":"https:\/\/equipvinyesdabad.com\/es\/author\/web1\/"}]}},"_links":{"self":[{"href":"https:\/\/equipvinyesdabad.com\/es\/wp-json\/wp\/v2\/posts\/2387","targetHints":{"allow":["GET"]}}],"collection":[{"href":"https:\/\/equipvinyesdabad.com\/es\/wp-json\/wp\/v2\/posts"}],"about":[{"href":"https:\/\/equipvinyesdabad.com\/es\/wp-json\/wp\/v2\/types\/post"}],"author":[{"embeddable":true,"href":"https:\/\/equipvinyesdabad.com\/es\/wp-json\/wp\/v2\/users\/1"}],"replies":[{"embeddable":true,"href":"https:\/\/equipvinyesdabad.com\/es\/wp-json\/wp\/v2\/comments?post=2387"}],"version-history":[{"count":6,"href":"https:\/\/equipvinyesdabad.com\/es\/wp-json\/wp\/v2\/posts\/2387\/revisions"}],"predecessor-version":[{"id":4765,"href":"https:\/\/equipvinyesdabad.com\/es\/wp-json\/wp\/v2\/posts\/2387\/revisions\/4765"}],"wp:featuredmedia":[{"embeddable":true,"href":"https:\/\/equipvinyesdabad.com\/es\/wp-json\/wp\/v2\/media\/1658"}],"wp:attachment":[{"href":"https:\/\/equipvinyesdabad.com\/es\/wp-json\/wp\/v2\/media?parent=2387"}],"wp:term":[{"taxonomy":"category","embeddable":true,"href":"https:\/\/equipvinyesdabad.com\/es\/wp-json\/wp\/v2\/categories?post=2387"},{"taxonomy":"post_tag","embeddable":true,"href":"https:\/\/equipvinyesdabad.com\/es\/wp-json\/wp\/v2\/tags?post=2387"}],"curies":[{"name":"wp","href":"https:\/\/api.w.org\/{rel}","templated":true}]}}