{"id":2401,"date":"2017-05-13T00:00:00","date_gmt":"2017-05-13T00:00:00","guid":{"rendered":"https:\/\/equipvinyesdabad.com\/?p=2401"},"modified":"2024-10-31T20:10:49","modified_gmt":"2024-10-31T20:10:49","slug":"la-categoria-n5-del-cera-2017-sigue-dominada-por-vinyes-mercader-y-suzuki","status":"publish","type":"post","link":"https:\/\/equipvinyesdabad.com\/es\/rallys\/la-categoria-n5-del-cera-2017-sigue-dominada-por-vinyes-mercader-y-suzuki\/","title":{"rendered":"La categor\u00eda N5 del CERA 2017 sigue dominada por Vinyes-Mercader y Suzuki"},"content":{"rendered":"<p style=\"text-align: justify\">Joan Vinyes-Jordi Mercader (Suzuki Swift R+)&nbsp; han cerrado su periplo por las Isla Canarias con un segundo triunfo en la categor&iacute;a N5, en el XXVII Rally villa de Adeje (Tenerife), tercera cita del Campeonato de Espa&ntilde;a de Rallys de asfalto (CERA) 2017.<br \/>Adem&aacute;s de conseguir un pleno de triunfos en su categor&iacute;a, el t&aacute;ndem de Suzuki Motor Ib&eacute;rica tambi&eacute;n va se deja ver en las posiciones de cabeza de la clasificaci&oacute;n absoluta, aprovechando las oportunidades que se presentan en forma de problemas en veh&iacute;culos superiores al Suzuki Swift R+.<br \/>En Adeje, Vinyes-Mercader han acabado en la 9a posici&oacute;n absoluta, superados solo por veh&iacute;culos de la categor&iacute;a R5 y los Porsche de los pilotos canarios Enrique Cruz y Armide Martin.<br \/>&nbsp; &nbsp;<br \/>La climatolog&iacute;a hizo sufrir durante los dos d&iacute;as de competici&oacute;n a los equipos que montaron sus asistencias en la Av. Aayo de la localidad tinerfe&ntilde;a. Durante las dos jornadas en las que se disput&oacute; el rally, en menos de 1 hora el cielo cambiaba completamente su imagen. De sol intenso a cielo nublado incluso con niebla y viceversa. Al final toda la prueba se pudo disputar con el asfalto seco a pesar de que en algunos instantes, sobre todo al inicio de la segunda secci&oacute;n, la lluvia apareci&oacute; aunque de manera t&iacute;mida. &nbsp;<br \/>&nbsp;<br \/>Respecto a las especiales cronometradas, Vinyes las defini&oacute; como: <em><strong>Raras en general<\/strong><\/em> y en concreto la de Atogo, considerada como la catedral del automovilismo en Tenerife, coment&oacute;: <em><strong>Que a pesar de ser la m&aacute;s corta era la que m&aacute;s trampas escond&iacute;a.<\/strong><\/em><br \/>La calificaci&oacute;n de raras es debida a la gran diversidad, tanto de asfalto, de ritmo, anchura de carreteras, entornos, etc., que se pueden encontrar. Sin duda, verdaderos laberintos en los que ir muy deprisa no es f&aacute;cil, sobre todo cuando compites por primera vez en un escenario de estas caracter&iacute;sticas.<br \/>&nbsp;&nbsp;&nbsp;&nbsp;&nbsp;&nbsp;&nbsp; &nbsp;<br \/>En el aspecto deportivo se preve&iacute;a , en la categor&iacute;a N5, una repetici&oacute;n del duelo que se vivi&oacute; una semana antes en Las Palmas. Los protagonistas volver&iacute;an a ser Antxustegi-Iglesias y Vinyes-Mercader del equipo Suzuki Motor Ib&eacute;rica y el equipo local Avella-Mart&iacute;n (Ford Fiesta N5)<br \/>En Adeje las cosas se sucedieron de manera sensiblemente diferente. En la <strong>primera etapa<\/strong>, hubo igualdad entre los pilotos de Suzuki mientras que el canario quedaba fuera de carrera. En el bucle disputado sin luz natural, fueron Vinyes-Mercader los que cobraron ventaja respecto a sus compa&ntilde;eros de marca.<br \/>Antes de entrar su Swift R+ en el parque cerrado, bien entrada la madrugada, Vinyes nos daba sus impresiones de este inicio de carrera: <em><strong>Durante el primer bucle he tenido algunos problemas de temperatura. de aceite y agua. No me he podido centrar en el pilotaje y esto se ha notado en los cronos. Por la noche los cambios realizados en la asistencia se han notado y los tiempos tambi&eacute;n han mejorado. Ma&ntilde;ana esperamos seguir progresando con las mejoraras que realizaremos en esta &uacute;ltima asistencia.<\/strong><\/em><\/p>\n<p>Las premoniciones de Vinyes se cumplieron. En la <strong>segunda etapa<\/strong> fue el m&aacute;s r&aacute;pido de su categor&iacute;a en todas las especiales disputadas y se acerc&oacute; mucho a veh&iacute;culos con mejores prestaciones que el Swift R+. Al final del rally se mostraba optimista y con confianza despu&eacute;s de haber conseguido su tercer triunfo consecutivo (3 de 3) en el CERA 2017: <em><strong>Estoy muy contento de como se ha desarrollado esta segunda jornada del Adeje. Hemos conseguido buenos cronos y hemos defendido hasta el final una plaza en el top10 de la clasificaci&oacute;n absoluta. <\/strong><\/em><br \/><em><strong>Como he comentado en diversas ocasiones en este inicio de temporada, hay que seguir trabajando para poder disponer de todo el potencial que seguro tiene el Swift R+<\/strong><\/em>. <\/p>\n<p>Despu&eacute;s de las dos pruebas disputadas en las Islas Canarias, la actividad de los equipos que disputan de manera habitual el Campeonato de Espa&ntilde;a de rallys de asfalto viajar&aacute;n a Galicia para disputar, los d&iacute;as 9 y 10 del pr&oacute;ximo mes de junio, el 50 Rallye Termal Ourense, cuarta prueba del calendario del CERA 2017 y primera de las habituales que se disputan cada temporada en las regiones del norte de la geograf&iacute;a espa&ntilde;ola.&nbsp;&nbsp; &nbsp;<\/p>\n<p style=\"text-align: right\"><strong><strong><a href=\"http:\/\/www.infoesport.org\/imgNoticia\/2017\/170513JVAde2c.pdf\"><img loading=\"lazy\" decoding=\"async\" style=\"float: right\" src=\"http:\/\/www.infoesport.org\/auxiliar\/fot\/logos\/icono_pdf.gif\" alt=\"\" width=\"50\" height=\"50\" \/><\/a><\/strong><\/strong>Servicio de Prensa.<\/p>\n<p style=\"text-align: center\"><span style=\"font-size: medium\"><strong>Clasificaci&oacute;n XXVII Rally villa de Adeje (CERA)<\/strong><\/span><\/p>\n<p style=\"text-align: justify\"><strong>1.-<\/strong>Cristian Garcia-Eduardo Gonz&aacute;lez (Ford Fiesta R5), 2h01&rsquo;07, <strong>2.-<\/strong> Ivan Ares-Jose A. Pintor (Hyundai i20 R5) a 32&rdquo;7,<strong> 3.-<\/strong>Enrique Cruz-Yeray M&uacute;jica (Porsche 997 GT3) a 1&rsquo;10&rdquo;8, <strong>4.-<\/strong>Pedro Burgo-Marcos Burgo (Skoda Fabia R5) 2&rsquo;53&rdquo;0, <strong>5.-<\/strong>Sulhayen Pernia-Carlos del Barrio (Hyundai i20 R5), a 2&rsquo;53&rdquo;4,&#8230; <br \/><strong>9.-Joan Vinyes-Jordi Mercader (Suzuki Swift R+ N5) a 5&rsquo;50&rdquo;7.<\/strong><\/p>\n","protected":false},"excerpt":{"rendered":"<p>Joan Vinyes-Jordi Mercader (Suzuki Swift R+)  han cerrado su periplo por las Isla Canarias con un segundo triunfo en la categor\u00eda N5, en el XXVII Rally villa de Adeje (Tenerife), tercera cita del Campeonato de Espa\u00f1a de Rallys de asfalto (CERA) 2017.<br \/>\nAdem\u00e1s de conseguir un pleno de triunfos en su categor\u00eda, el t\u00e1ndem de Suzuki Motor Ib\u00e9rica tambi\u00e9n va se deja ver en las posiciones de cabeza de la clasificaci\u00f3n absoluta, aprovechando las oportunidades que se presentan en forma de problemas en veh\u00edculos superiores al Suzuki Swift R+.<br \/>\nEn Adeje, Vinyes-Mercader han acabado en la 9a posici\u00f3n absoluta, superados solo por veh\u00edculos de la categor\u00eda R5 y los Porsche de los pilotos canarios Enrique Cruz y Armide Martin.<\/p>\n","protected":false},"author":1,"featured_media":1665,"comment_status":"closed","ping_status":"closed","sticky":false,"template":"","format":"standard","meta":{"_kadence_starter_templates_imported_post":false,"_kad_post_transparent":"","_kad_post_title":"","_kad_post_layout":"","_kad_post_sidebar_id":"","_kad_post_content_style":"","_kad_post_vertical_padding":"","_kad_post_feature":"","_kad_post_feature_position":"","_kad_post_header":false,"_kad_post_footer":false,"_kad_post_classname":"","footnotes":""},"categories":[46,60],"tags":[],"class_list":["post-2401","post","type-post","status-publish","format-standard","has-post-thumbnail","hentry","category-rallys","category-rallys-asfalto"],"yoast_head":"<!-- This site is optimized with the Yoast SEO plugin v27.4 - https:\/\/yoast.com\/product\/yoast-seo-wordpress\/ -->\n<title>La categor\u00eda N5 del CERA 2017 sigue dominada por Vinyes-Mercader y Suzuki - Equip vinyes dabad<\/title>\n<meta name=\"robots\" content=\"index, follow, max-snippet:-1, max-image-preview:large, max-video-preview:-1\" \/>\n<link rel=\"canonical\" href=\"https:\/\/equipvinyesdabad.com\/es\/rallys\/la-categoria-n5-del-cera-2017-sigue-dominada-por-vinyes-mercader-y-suzuki\/\" \/>\n<meta property=\"og:locale\" content=\"es_ES\" \/>\n<meta property=\"og:type\" content=\"article\" \/>\n<meta property=\"og:title\" content=\"La categor\u00eda N5 del CERA 2017 sigue dominada por Vinyes-Mercader y Suzuki - Equip vinyes dabad\" \/>\n<meta property=\"og:description\" content=\"Joan Vinyes-Jordi Mercader (Suzuki Swift R+) han cerrado su periplo por las Isla Canarias con un segundo triunfo en la categor\u00eda N5, en el XXVII Rally villa de Adeje (Tenerife), tercera cita del Campeonato de Espa\u00f1a de Rallys de asfalto (CERA) 2017. Adem\u00e1s de conseguir un pleno de triunfos en su categor\u00eda, el t\u00e1ndem de Suzuki Motor Ib\u00e9rica tambi\u00e9n va se deja ver en las posiciones de cabeza de la clasificaci\u00f3n absoluta, aprovechando las oportunidades que se presentan en forma de problemas en veh\u00edculos superiores al Suzuki Swift R+. En Adeje, Vinyes-Mercader han acabado en la 9a posici\u00f3n absoluta, superados solo por veh\u00edculos de la categor\u00eda R5 y los Porsche de los pilotos canarios Enrique Cruz y Armide Martin.\" \/>\n<meta property=\"og:url\" content=\"https:\/\/equipvinyesdabad.com\/es\/rallys\/la-categoria-n5-del-cera-2017-sigue-dominada-por-vinyes-mercader-y-suzuki\/\" \/>\n<meta property=\"og:site_name\" content=\"Equip vinyes dabad\" \/>\n<meta property=\"article:published_time\" content=\"2017-05-13T00:00:00+00:00\" \/>\n<meta property=\"article:modified_time\" content=\"2024-10-31T20:10:49+00:00\" \/>\n<meta property=\"og:image\" content=\"https:\/\/equipvinyesdabad.com\/wp-content\/uploads\/2024\/10\/logo_vinyes_dabad.png\" \/>\n\t<meta property=\"og:image:width\" content=\"250\" \/>\n\t<meta property=\"og:image:height\" content=\"130\" \/>\n\t<meta property=\"og:image:type\" content=\"image\/png\" \/>\n<meta name=\"author\" content=\"admin\" \/>\n<meta name=\"twitter:card\" content=\"summary_large_image\" \/>\n<meta name=\"twitter:label1\" content=\"Escrito por\" \/>\n\t<meta name=\"twitter:data1\" content=\"admin\" \/>\n\t<meta name=\"twitter:label2\" content=\"Tiempo de lectura\" \/>\n\t<meta name=\"twitter:data2\" content=\"4 minutos\" \/>\n<script type=\"application\/ld+json\" class=\"yoast-schema-graph\">{\"@context\":\"https:\\\/\\\/schema.org\",\"@graph\":[{\"@type\":\"Article\",\"@id\":\"https:\\\/\\\/equipvinyesdabad.com\\\/es\\\/rallys\\\/la-categoria-n5-del-cera-2017-sigue-dominada-por-vinyes-mercader-y-suzuki\\\/#article\",\"isPartOf\":{\"@id\":\"https:\\\/\\\/equipvinyesdabad.com\\\/es\\\/rallys\\\/la-categoria-n5-del-cera-2017-sigue-dominada-por-vinyes-mercader-y-suzuki\\\/\"},\"author\":{\"name\":\"admin\",\"@id\":\"https:\\\/\\\/equipvinyesdabad.com\\\/es\\\/#\\\/schema\\\/person\\\/962b4c681d63fd4fbd546ec83b775c1b\"},\"headline\":\"La categor\u00eda N5 del CERA 2017 sigue dominada por Vinyes-Mercader y Suzuki\",\"datePublished\":\"2017-05-13T00:00:00+00:00\",\"dateModified\":\"2024-10-31T20:10:49+00:00\",\"mainEntityOfPage\":{\"@id\":\"https:\\\/\\\/equipvinyesdabad.com\\\/es\\\/rallys\\\/la-categoria-n5-del-cera-2017-sigue-dominada-por-vinyes-mercader-y-suzuki\\\/\"},\"wordCount\":861,\"image\":{\"@id\":\"https:\\\/\\\/equipvinyesdabad.com\\\/es\\\/rallys\\\/la-categoria-n5-del-cera-2017-sigue-dominada-por-vinyes-mercader-y-suzuki\\\/#primaryimage\"},\"thumbnailUrl\":\"https:\\\/\\\/equipvinyesdabad.com\\\/wp-content\\\/uploads\\\/2017\\\/05\\\/06JVAde8021.jpg\",\"articleSection\":[\"Rallys\",\"Rallys asfalto\"],\"inLanguage\":\"es\"},{\"@type\":\"WebPage\",\"@id\":\"https:\\\/\\\/equipvinyesdabad.com\\\/es\\\/rallys\\\/la-categoria-n5-del-cera-2017-sigue-dominada-por-vinyes-mercader-y-suzuki\\\/\",\"url\":\"https:\\\/\\\/equipvinyesdabad.com\\\/es\\\/rallys\\\/la-categoria-n5-del-cera-2017-sigue-dominada-por-vinyes-mercader-y-suzuki\\\/\",\"name\":\"La categor\u00eda N5 del CERA 2017 sigue dominada por Vinyes-Mercader y Suzuki - Equip vinyes dabad\",\"isPartOf\":{\"@id\":\"https:\\\/\\\/equipvinyesdabad.com\\\/es\\\/#website\"},\"primaryImageOfPage\":{\"@id\":\"https:\\\/\\\/equipvinyesdabad.com\\\/es\\\/rallys\\\/la-categoria-n5-del-cera-2017-sigue-dominada-por-vinyes-mercader-y-suzuki\\\/#primaryimage\"},\"image\":{\"@id\":\"https:\\\/\\\/equipvinyesdabad.com\\\/es\\\/rallys\\\/la-categoria-n5-del-cera-2017-sigue-dominada-por-vinyes-mercader-y-suzuki\\\/#primaryimage\"},\"thumbnailUrl\":\"https:\\\/\\\/equipvinyesdabad.com\\\/wp-content\\\/uploads\\\/2017\\\/05\\\/06JVAde8021.jpg\",\"datePublished\":\"2017-05-13T00:00:00+00:00\",\"dateModified\":\"2024-10-31T20:10:49+00:00\",\"author\":{\"@id\":\"https:\\\/\\\/equipvinyesdabad.com\\\/es\\\/#\\\/schema\\\/person\\\/962b4c681d63fd4fbd546ec83b775c1b\"},\"breadcrumb\":{\"@id\":\"https:\\\/\\\/equipvinyesdabad.com\\\/es\\\/rallys\\\/la-categoria-n5-del-cera-2017-sigue-dominada-por-vinyes-mercader-y-suzuki\\\/#breadcrumb\"},\"inLanguage\":\"es\",\"potentialAction\":[{\"@type\":\"ReadAction\",\"target\":[\"https:\\\/\\\/equipvinyesdabad.com\\\/es\\\/rallys\\\/la-categoria-n5-del-cera-2017-sigue-dominada-por-vinyes-mercader-y-suzuki\\\/\"]}]},{\"@type\":\"ImageObject\",\"inLanguage\":\"es\",\"@id\":\"https:\\\/\\\/equipvinyesdabad.com\\\/es\\\/rallys\\\/la-categoria-n5-del-cera-2017-sigue-dominada-por-vinyes-mercader-y-suzuki\\\/#primaryimage\",\"url\":\"https:\\\/\\\/equipvinyesdabad.com\\\/wp-content\\\/uploads\\\/2017\\\/05\\\/06JVAde8021.jpg\",\"contentUrl\":\"https:\\\/\\\/equipvinyesdabad.com\\\/wp-content\\\/uploads\\\/2017\\\/05\\\/06JVAde8021.jpg\"},{\"@type\":\"BreadcrumbList\",\"@id\":\"https:\\\/\\\/equipvinyesdabad.com\\\/es\\\/rallys\\\/la-categoria-n5-del-cera-2017-sigue-dominada-por-vinyes-mercader-y-suzuki\\\/#breadcrumb\",\"itemListElement\":[{\"@type\":\"ListItem\",\"position\":1,\"name\":\"Inicio\",\"item\":\"https:\\\/\\\/equipvinyesdabad.com\\\/es\\\/\"},{\"@type\":\"ListItem\",\"position\":2,\"name\":\"La categor\u00eda N5 del CERA 2017 sigue dominada por Vinyes-Mercader y Suzuki\"}]},{\"@type\":\"WebSite\",\"@id\":\"https:\\\/\\\/equipvinyesdabad.com\\\/es\\\/#website\",\"url\":\"https:\\\/\\\/equipvinyesdabad.com\\\/es\\\/\",\"name\":\"Equip vinyes dabad\",\"description\":\"\",\"potentialAction\":[{\"@type\":\"SearchAction\",\"target\":{\"@type\":\"EntryPoint\",\"urlTemplate\":\"https:\\\/\\\/equipvinyesdabad.com\\\/es\\\/?s={search_term_string}\"},\"query-input\":{\"@type\":\"PropertyValueSpecification\",\"valueRequired\":true,\"valueName\":\"search_term_string\"}}],\"inLanguage\":\"es\"},{\"@type\":\"Person\",\"@id\":\"https:\\\/\\\/equipvinyesdabad.com\\\/es\\\/#\\\/schema\\\/person\\\/962b4c681d63fd4fbd546ec83b775c1b\",\"name\":\"admin\",\"image\":{\"@type\":\"ImageObject\",\"inLanguage\":\"es\",\"@id\":\"https:\\\/\\\/secure.gravatar.com\\\/avatar\\\/6d1c6cfbf1c3aed75f7a05f946b76867c29d677b49f81545b6b9bc58677b08a0?s=96&d=mm&r=g\",\"url\":\"https:\\\/\\\/secure.gravatar.com\\\/avatar\\\/6d1c6cfbf1c3aed75f7a05f946b76867c29d677b49f81545b6b9bc58677b08a0?s=96&d=mm&r=g\",\"contentUrl\":\"https:\\\/\\\/secure.gravatar.com\\\/avatar\\\/6d1c6cfbf1c3aed75f7a05f946b76867c29d677b49f81545b6b9bc58677b08a0?s=96&d=mm&r=g\",\"caption\":\"admin\"},\"sameAs\":[\"https:\\\/\\\/equipvinyesdabad.com\"],\"url\":\"https:\\\/\\\/equipvinyesdabad.com\\\/es\\\/author\\\/web1\\\/\"}]}<\/script>\n<!-- \/ Yoast SEO plugin. -->","yoast_head_json":{"title":"La categor\u00eda N5 del CERA 2017 sigue dominada por Vinyes-Mercader y Suzuki - Equip vinyes dabad","robots":{"index":"index","follow":"follow","max-snippet":"max-snippet:-1","max-image-preview":"max-image-preview:large","max-video-preview":"max-video-preview:-1"},"canonical":"https:\/\/equipvinyesdabad.com\/es\/rallys\/la-categoria-n5-del-cera-2017-sigue-dominada-por-vinyes-mercader-y-suzuki\/","og_locale":"es_ES","og_type":"article","og_title":"La categor\u00eda N5 del CERA 2017 sigue dominada por Vinyes-Mercader y Suzuki - Equip vinyes dabad","og_description":"Joan Vinyes-Jordi Mercader (Suzuki Swift R+) han cerrado su periplo por las Isla Canarias con un segundo triunfo en la categor\u00eda N5, en el XXVII Rally villa de Adeje (Tenerife), tercera cita del Campeonato de Espa\u00f1a de Rallys de asfalto (CERA) 2017. Adem\u00e1s de conseguir un pleno de triunfos en su categor\u00eda, el t\u00e1ndem de Suzuki Motor Ib\u00e9rica tambi\u00e9n va se deja ver en las posiciones de cabeza de la clasificaci\u00f3n absoluta, aprovechando las oportunidades que se presentan en forma de problemas en veh\u00edculos superiores al Suzuki Swift R+. En Adeje, Vinyes-Mercader han acabado en la 9a posici\u00f3n absoluta, superados solo por veh\u00edculos de la categor\u00eda R5 y los Porsche de los pilotos canarios Enrique Cruz y Armide Martin.","og_url":"https:\/\/equipvinyesdabad.com\/es\/rallys\/la-categoria-n5-del-cera-2017-sigue-dominada-por-vinyes-mercader-y-suzuki\/","og_site_name":"Equip vinyes dabad","article_published_time":"2017-05-13T00:00:00+00:00","article_modified_time":"2024-10-31T20:10:49+00:00","og_image":[{"width":250,"height":130,"url":"https:\/\/equipvinyesdabad.com\/wp-content\/uploads\/2024\/10\/logo_vinyes_dabad.png","type":"image\/png"}],"author":"admin","twitter_card":"summary_large_image","twitter_misc":{"Escrito por":"admin","Tiempo de lectura":"4 minutos"},"schema":{"@context":"https:\/\/schema.org","@graph":[{"@type":"Article","@id":"https:\/\/equipvinyesdabad.com\/es\/rallys\/la-categoria-n5-del-cera-2017-sigue-dominada-por-vinyes-mercader-y-suzuki\/#article","isPartOf":{"@id":"https:\/\/equipvinyesdabad.com\/es\/rallys\/la-categoria-n5-del-cera-2017-sigue-dominada-por-vinyes-mercader-y-suzuki\/"},"author":{"name":"admin","@id":"https:\/\/equipvinyesdabad.com\/es\/#\/schema\/person\/962b4c681d63fd4fbd546ec83b775c1b"},"headline":"La categor\u00eda N5 del CERA 2017 sigue dominada por Vinyes-Mercader y Suzuki","datePublished":"2017-05-13T00:00:00+00:00","dateModified":"2024-10-31T20:10:49+00:00","mainEntityOfPage":{"@id":"https:\/\/equipvinyesdabad.com\/es\/rallys\/la-categoria-n5-del-cera-2017-sigue-dominada-por-vinyes-mercader-y-suzuki\/"},"wordCount":861,"image":{"@id":"https:\/\/equipvinyesdabad.com\/es\/rallys\/la-categoria-n5-del-cera-2017-sigue-dominada-por-vinyes-mercader-y-suzuki\/#primaryimage"},"thumbnailUrl":"https:\/\/equipvinyesdabad.com\/wp-content\/uploads\/2017\/05\/06JVAde8021.jpg","articleSection":["Rallys","Rallys asfalto"],"inLanguage":"es"},{"@type":"WebPage","@id":"https:\/\/equipvinyesdabad.com\/es\/rallys\/la-categoria-n5-del-cera-2017-sigue-dominada-por-vinyes-mercader-y-suzuki\/","url":"https:\/\/equipvinyesdabad.com\/es\/rallys\/la-categoria-n5-del-cera-2017-sigue-dominada-por-vinyes-mercader-y-suzuki\/","name":"La categor\u00eda N5 del CERA 2017 sigue dominada por Vinyes-Mercader y Suzuki - Equip vinyes dabad","isPartOf":{"@id":"https:\/\/equipvinyesdabad.com\/es\/#website"},"primaryImageOfPage":{"@id":"https:\/\/equipvinyesdabad.com\/es\/rallys\/la-categoria-n5-del-cera-2017-sigue-dominada-por-vinyes-mercader-y-suzuki\/#primaryimage"},"image":{"@id":"https:\/\/equipvinyesdabad.com\/es\/rallys\/la-categoria-n5-del-cera-2017-sigue-dominada-por-vinyes-mercader-y-suzuki\/#primaryimage"},"thumbnailUrl":"https:\/\/equipvinyesdabad.com\/wp-content\/uploads\/2017\/05\/06JVAde8021.jpg","datePublished":"2017-05-13T00:00:00+00:00","dateModified":"2024-10-31T20:10:49+00:00","author":{"@id":"https:\/\/equipvinyesdabad.com\/es\/#\/schema\/person\/962b4c681d63fd4fbd546ec83b775c1b"},"breadcrumb":{"@id":"https:\/\/equipvinyesdabad.com\/es\/rallys\/la-categoria-n5-del-cera-2017-sigue-dominada-por-vinyes-mercader-y-suzuki\/#breadcrumb"},"inLanguage":"es","potentialAction":[{"@type":"ReadAction","target":["https:\/\/equipvinyesdabad.com\/es\/rallys\/la-categoria-n5-del-cera-2017-sigue-dominada-por-vinyes-mercader-y-suzuki\/"]}]},{"@type":"ImageObject","inLanguage":"es","@id":"https:\/\/equipvinyesdabad.com\/es\/rallys\/la-categoria-n5-del-cera-2017-sigue-dominada-por-vinyes-mercader-y-suzuki\/#primaryimage","url":"https:\/\/equipvinyesdabad.com\/wp-content\/uploads\/2017\/05\/06JVAde8021.jpg","contentUrl":"https:\/\/equipvinyesdabad.com\/wp-content\/uploads\/2017\/05\/06JVAde8021.jpg"},{"@type":"BreadcrumbList","@id":"https:\/\/equipvinyesdabad.com\/es\/rallys\/la-categoria-n5-del-cera-2017-sigue-dominada-por-vinyes-mercader-y-suzuki\/#breadcrumb","itemListElement":[{"@type":"ListItem","position":1,"name":"Inicio","item":"https:\/\/equipvinyesdabad.com\/es\/"},{"@type":"ListItem","position":2,"name":"La categor\u00eda N5 del CERA 2017 sigue dominada por Vinyes-Mercader y Suzuki"}]},{"@type":"WebSite","@id":"https:\/\/equipvinyesdabad.com\/es\/#website","url":"https:\/\/equipvinyesdabad.com\/es\/","name":"Equip vinyes dabad","description":"","potentialAction":[{"@type":"SearchAction","target":{"@type":"EntryPoint","urlTemplate":"https:\/\/equipvinyesdabad.com\/es\/?s={search_term_string}"},"query-input":{"@type":"PropertyValueSpecification","valueRequired":true,"valueName":"search_term_string"}}],"inLanguage":"es"},{"@type":"Person","@id":"https:\/\/equipvinyesdabad.com\/es\/#\/schema\/person\/962b4c681d63fd4fbd546ec83b775c1b","name":"admin","image":{"@type":"ImageObject","inLanguage":"es","@id":"https:\/\/secure.gravatar.com\/avatar\/6d1c6cfbf1c3aed75f7a05f946b76867c29d677b49f81545b6b9bc58677b08a0?s=96&d=mm&r=g","url":"https:\/\/secure.gravatar.com\/avatar\/6d1c6cfbf1c3aed75f7a05f946b76867c29d677b49f81545b6b9bc58677b08a0?s=96&d=mm&r=g","contentUrl":"https:\/\/secure.gravatar.com\/avatar\/6d1c6cfbf1c3aed75f7a05f946b76867c29d677b49f81545b6b9bc58677b08a0?s=96&d=mm&r=g","caption":"admin"},"sameAs":["https:\/\/equipvinyesdabad.com"],"url":"https:\/\/equipvinyesdabad.com\/es\/author\/web1\/"}]}},"_links":{"self":[{"href":"https:\/\/equipvinyesdabad.com\/es\/wp-json\/wp\/v2\/posts\/2401","targetHints":{"allow":["GET"]}}],"collection":[{"href":"https:\/\/equipvinyesdabad.com\/es\/wp-json\/wp\/v2\/posts"}],"about":[{"href":"https:\/\/equipvinyesdabad.com\/es\/wp-json\/wp\/v2\/types\/post"}],"author":[{"embeddable":true,"href":"https:\/\/equipvinyesdabad.com\/es\/wp-json\/wp\/v2\/users\/1"}],"replies":[{"embeddable":true,"href":"https:\/\/equipvinyesdabad.com\/es\/wp-json\/wp\/v2\/comments?post=2401"}],"version-history":[{"count":6,"href":"https:\/\/equipvinyesdabad.com\/es\/wp-json\/wp\/v2\/posts\/2401\/revisions"}],"predecessor-version":[{"id":4779,"href":"https:\/\/equipvinyesdabad.com\/es\/wp-json\/wp\/v2\/posts\/2401\/revisions\/4779"}],"wp:featuredmedia":[{"embeddable":true,"href":"https:\/\/equipvinyesdabad.com\/es\/wp-json\/wp\/v2\/media\/1665"}],"wp:attachment":[{"href":"https:\/\/equipvinyesdabad.com\/es\/wp-json\/wp\/v2\/media?parent=2401"}],"wp:term":[{"taxonomy":"category","embeddable":true,"href":"https:\/\/equipvinyesdabad.com\/es\/wp-json\/wp\/v2\/categories?post=2401"},{"taxonomy":"post_tag","embeddable":true,"href":"https:\/\/equipvinyesdabad.com\/es\/wp-json\/wp\/v2\/tags?post=2401"}],"curies":[{"name":"wp","href":"https:\/\/api.w.org\/{rel}","templated":true}]}}