{"id":2405,"date":"2017-05-06T00:00:00","date_gmt":"2017-05-06T00:00:00","guid":{"rendered":"https:\/\/equipvinyesdabad.com\/?p=2405"},"modified":"2024-10-31T20:10:49","modified_gmt":"2024-10-31T20:10:49","slug":"vinyes-mercader-situan-su-swift-r-en-la-primera-posicion-de-la-categoria-n5","status":"publish","type":"post","link":"https:\/\/equipvinyesdabad.com\/es\/rallys\/vinyes-mercader-situan-su-swift-r-en-la-primera-posicion-de-la-categoria-n5\/","title":{"rendered":"Vinyes-Mercader sit\u00faan su Swift R+ en la primera posici\u00f3n de la categor\u00eda N5"},"content":{"rendered":"<p style=\"text-align: justify\">Joan Vinyes-Jordi Mercader (Suzuki Swift R+) volvieron a estar en el caj&oacute;n m&aacute;s alto del podio de la categor&iacute;a N5, en esta ocasi&oacute;n, del 41 Rallye Islas Canarias, segunda cita de la temporada v&aacute;lida para el Campeonato de Espa&ntilde;a de rallys de asfalto.<br \/>Aparte de vencer entre los veh&iacute;culos N5, el equipo de Suzuki Motor Ib&eacute;rica tambi&eacute;n vieron premiado su excelente trabajo con la 11a plaza en la clasificaci&oacute;n absoluta de la prueba. Cabe catalogar de muy meritoria este und&eacute;cimo puesto debido a la espectacular inscripci&oacute;n que registr&oacute; la primera cita canaria del CERA 2017.&nbsp;&nbsp;&nbsp; &nbsp;<\/p>\n<p>La climatolog&iacute;a volvi&oacute; a ser la dificultad at&iacute;pica que tuvieron que superar los equipos. La actividad con el veh&iacute;culo de competici&oacute;n (shakedown) la iniciaron con mucha calor, en la continuaci&oacute;n hubo m&aacute;s variedad, en seg&uacute;n que zonas, sol y ambiente veraniego, y a poca distancia niebla muy espesa y chispeante, incluso en la recta final de la primera etapa (mientras se disputaba la super especial de Las Palmas) hubo instantes de lluvia que encendieron todas las alarmas.&nbsp;&nbsp;&nbsp; &nbsp;<br \/>&nbsp;<br \/>Vinyes-Mercader aprovecharon hasta el &uacute;ltimo segundo del <strong>shakedown<\/strong> para dejar su Swift R+ con la mejor puesta a punto. Empezaron con algunas dudas pero a medida que pusieron en pr&aacute;ctica los cambios oportunos dieron con un set-up que les permiti&oacute; lograr el mejor crono entre los N5, un detalle anecd&oacute;tico pero, que les sirvi&oacute; para convencerse que trabajaban en la l&iacute;nea correcta.<br \/>Al final de las 2 horas de test, Vinyes se mostraba optimista: <em><strong>Hemos mejorado mucho con los cambios que hemos hecho, hay que seguir trabajando, los rivales no lo pondr&aacute;n nada f&aacute;cil.<\/strong><\/em><\/p>\n<p>Las palabras de Vinyes tuvieron confirmaci&oacute;n en el inicio de la <strong>primera etapa<\/strong>. En el primer paso por San Mateo los tres primeros clasificados de la categor&iacute;a N5 estuvieron separados por 3&rdquo;, siendo el m&aacute;s r&aacute;pido el piloto local Benjam&iacute;n Avella a los mandos de un Ford Fiesta N5. Vinyes cedi&oacute; 2&rdquo;2. El rally acababa de empezar.<br \/>En las siguientes especiales de la jornada, el piloto del Swift R+, se situ&oacute; l&iacute;der de la categor&iacute;a llegando a la primera asistencia del d&iacute;a con 1&rdquo;8 de ventaja respecto al piloto canario.<br \/>Continuaron la disputa de esta etapa inicial ampliando diferencias a cada tramo, llegaron al final de la etapa con 16&rdquo; de ventaja respecto a Avella, mientras que su compa&ntilde;ero de equipo, Gorka Antxustegui, acumulaba 35&rdquo; de desventaja.<\/p>\n<p>Al concluir la jornada, Vinyes no estaba del todo conforme de como se hab&iacute;a desarrollado: <em><strong>Hemos cambiado cosas, pero tenemos que continuar trabajando para mejorar, de momento el Swift R+ no acaba de ir como a m&iacute; me gustar&iacute;a. A pesar de todo debo reconocer que los cronos son competitivos. Estamos al frente de nuestra categor&iacute;a (N5) y podemos entrar en el top10 si alguno de los R5 tiene problemas.<\/strong><\/em> Y acababa con un: <em><strong>Ma&ntilde;ana m&aacute;s y mejor<\/strong><\/em>, dando ha entender que queda mucho rally por delante y todo es posible. <\/p>\n<p>En la <strong>segunda etapa<\/strong>, Vinyes-Mercader se mostraron muy efectivos desde el inicio y dominaron la jornada de principio a fin. En la primera pasada por Moya ya ampliaron su ventaja en 16&rdquo; respecto a su inmediato perseguidor. Acabando esta primera secci&oacute;n de la segunda etapa con 1&rsquo; de ventaja respecto a Anxustegi. Todo sigui&oacute; igual en la fase final de la prueba canaria y Vinyes-Mercader consiguieron sus objetivos en uno de los rallys m&aacute;s complicados de la temporada-<\/p>\n<p>El piloto del Suzuki Swift R+ se mostr&oacute; m&aacute;s satisfecho al finalizar el rally y comentaba: <em><strong>Hoy el comportamiento del Swift R+ y mi pilotaje han tenido un mejor feeling. Ha sido una etapa final muy positiva para nosotros. Al final del rally hemos estado donde debemos estar, es decir, detr&aacute;s de los veh&iacute;culos R5 y, en Canarias, de los Impresionantes Porsche que habitualmente disputan el certamen regional.<\/strong><\/em>&nbsp; &nbsp;<\/p>\n<p>Sin demasiado tiempo para recuperarse, Vinyes-Mercader cambiar&aacute;n la isla, la de Gran Canaria por la de Tenerife, en donde a partir del pr&oacute;ximo mi&eacute;rcoles (d&iacute;a 10) iniciar&aacute;n los reconocimientos del Rally de Adeje. La prueba se disputar&aacute;, dividida en dos etapas, los d&iacute;as 12 y 13 del presente mes de mayo y ser&aacute; la tercera del calendario del CERA 2017.&nbsp;&nbsp;&nbsp; &nbsp;<\/p>\n<p style=\"text-align: right\"><strong><strong><a href=\"http:\/\/www.infoesport.org\/imgNoticia\/2017\/170506JVCan2c.pdf\"><img loading=\"lazy\" decoding=\"async\" style=\"float: right\" src=\"http:\/\/www.infoesport.org\/auxiliar\/fot\/logos\/icono_pdf.gif\" alt=\"\" width=\"50\" height=\"50\" \/><\/a><\/strong><\/strong>Servicio de Prensa.<\/p>\n<p style=\"text-align: center\"><span style=\"font-size: medium\"><strong><br \/><\/strong><\/span><\/p>\n<p style=\"text-align: center\"><span style=\"font-size: medium\"><strong>Clasificaci&oacute;n, 41a Rally Islas Canarias (CERA)<\/strong><\/span><\/p>\n<p style=\"text-align: center\">&nbsp;<\/p>\n<p style=\"text-align: justify\"><strong>1.-<\/strong> Bruno Magalhaes-Magalhaes (Skoda Fabia R5), 2h07&rsquo;05.4,<strong> 2.-<\/strong> Ivan Ares-Jose A. Pintor (Hyundai i20 R5), 11.8. <strong>3.-<\/strong> Luis Monz&oacute;n-Jos&eacute; Carlos D&eacute; (Ford Fiesta R5) a 25&rdquo;1, <strong>4.-<\/strong> Jos&eacute; L&oacute;pez-Borja Hernandez (Peugeot 208 R5) a 30&rdquo;2, <strong>5.-<\/strong> Cristian Garc&iacute;a-Eduardo Gonz&aacute;lez (Ford Fiesta R5) a 37&rdquo;.8, &#8230;<br \/><strong>11.- Joan Vinyes-Jordi Mercader (Suzuki Swift R+ N5) a 5&rsquo;54.6.<\/strong><\/p>\n<p style=\"text-align: center\"><span style=\"font-size: medium\"><strong><br \/><\/strong><\/span><\/p>\n","protected":false},"excerpt":{"rendered":"<p>Joan Vinyes-Jordi Mercader (Suzuki Swift R+) volvieron a estar en el caj\u00f3n m\u00e1s alto del podio de la categor\u00eda N5, en esta ocasi\u00f3n, del 41 Rallye Islas Canarias, segunda cita de la temporada v\u00e1lida para el Campeonato de Espa\u00f1a de rallys de asfalto.<br \/>\nAparte de vencer entre los veh\u00edculos N5, el equipo de Suzuki Motor Ib\u00e9rica tambi\u00e9n vieron premiado su excelente trabajo con la 11a plaza en la clasificaci\u00f3n absoluta de la prueba. Cabe catalogar de muy meritoria este und\u00e9cimo puesto debido a la espectacular inscripci\u00f3n que registr\u00f3 la primera cita canaria del CERA 2017. <\/p>\n","protected":false},"author":1,"featured_media":1668,"comment_status":"closed","ping_status":"closed","sticky":false,"template":"","format":"standard","meta":{"_kadence_starter_templates_imported_post":false,"_kad_post_transparent":"","_kad_post_title":"","_kad_post_layout":"","_kad_post_sidebar_id":"","_kad_post_content_style":"","_kad_post_vertical_padding":"","_kad_post_feature":"","_kad_post_feature_position":"","_kad_post_header":false,"_kad_post_footer":false,"_kad_post_classname":"","footnotes":""},"categories":[46,60],"tags":[],"class_list":["post-2405","post","type-post","status-publish","format-standard","has-post-thumbnail","hentry","category-rallys","category-rallys-asfalto"],"yoast_head":"<!-- This site is optimized with the Yoast SEO plugin v27.4 - https:\/\/yoast.com\/product\/yoast-seo-wordpress\/ -->\n<title>Vinyes-Mercader sit\u00faan su Swift R+ en la primera posici\u00f3n de la categor\u00eda N5 - Equip vinyes dabad<\/title>\n<meta name=\"robots\" content=\"index, follow, max-snippet:-1, max-image-preview:large, max-video-preview:-1\" \/>\n<link rel=\"canonical\" href=\"https:\/\/equipvinyesdabad.com\/es\/rallys\/vinyes-mercader-situan-su-swift-r-en-la-primera-posicion-de-la-categoria-n5\/\" \/>\n<meta property=\"og:locale\" content=\"es_ES\" \/>\n<meta property=\"og:type\" content=\"article\" \/>\n<meta property=\"og:title\" content=\"Vinyes-Mercader sit\u00faan su Swift R+ en la primera posici\u00f3n de la categor\u00eda N5 - Equip vinyes dabad\" \/>\n<meta property=\"og:description\" content=\"Joan Vinyes-Jordi Mercader (Suzuki Swift R+) volvieron a estar en el caj\u00f3n m\u00e1s alto del podio de la categor\u00eda N5, en esta ocasi\u00f3n, del 41 Rallye Islas Canarias, segunda cita de la temporada v\u00e1lida para el Campeonato de Espa\u00f1a de rallys de asfalto. Aparte de vencer entre los veh\u00edculos N5, el equipo de Suzuki Motor Ib\u00e9rica tambi\u00e9n vieron premiado su excelente trabajo con la 11a plaza en la clasificaci\u00f3n absoluta de la prueba. Cabe catalogar de muy meritoria este und\u00e9cimo puesto debido a la espectacular inscripci\u00f3n que registr\u00f3 la primera cita canaria del CERA 2017.\" \/>\n<meta property=\"og:url\" content=\"https:\/\/equipvinyesdabad.com\/es\/rallys\/vinyes-mercader-situan-su-swift-r-en-la-primera-posicion-de-la-categoria-n5\/\" \/>\n<meta property=\"og:site_name\" content=\"Equip vinyes dabad\" \/>\n<meta property=\"article:published_time\" content=\"2017-05-06T00:00:00+00:00\" \/>\n<meta property=\"article:modified_time\" content=\"2024-10-31T20:10:49+00:00\" \/>\n<meta property=\"og:image\" content=\"https:\/\/equipvinyesdabad.com\/wp-content\/uploads\/2024\/10\/logo_vinyes_dabad.png\" \/>\n\t<meta property=\"og:image:width\" content=\"250\" \/>\n\t<meta property=\"og:image:height\" content=\"130\" \/>\n\t<meta property=\"og:image:type\" content=\"image\/png\" \/>\n<meta name=\"author\" content=\"admin\" \/>\n<meta name=\"twitter:card\" content=\"summary_large_image\" \/>\n<meta name=\"twitter:label1\" content=\"Escrito por\" \/>\n\t<meta name=\"twitter:data1\" content=\"admin\" \/>\n\t<meta name=\"twitter:label2\" content=\"Tiempo de lectura\" \/>\n\t<meta name=\"twitter:data2\" content=\"4 minutos\" \/>\n<script type=\"application\/ld+json\" class=\"yoast-schema-graph\">{\"@context\":\"https:\\\/\\\/schema.org\",\"@graph\":[{\"@type\":\"Article\",\"@id\":\"https:\\\/\\\/equipvinyesdabad.com\\\/es\\\/rallys\\\/vinyes-mercader-situan-su-swift-r-en-la-primera-posicion-de-la-categoria-n5\\\/#article\",\"isPartOf\":{\"@id\":\"https:\\\/\\\/equipvinyesdabad.com\\\/es\\\/rallys\\\/vinyes-mercader-situan-su-swift-r-en-la-primera-posicion-de-la-categoria-n5\\\/\"},\"author\":{\"name\":\"admin\",\"@id\":\"https:\\\/\\\/equipvinyesdabad.com\\\/es\\\/#\\\/schema\\\/person\\\/962b4c681d63fd4fbd546ec83b775c1b\"},\"headline\":\"Vinyes-Mercader sit\u00faan su Swift R+ en la primera posici\u00f3n de la categor\u00eda N5\",\"datePublished\":\"2017-05-06T00:00:00+00:00\",\"dateModified\":\"2024-10-31T20:10:49+00:00\",\"mainEntityOfPage\":{\"@id\":\"https:\\\/\\\/equipvinyesdabad.com\\\/es\\\/rallys\\\/vinyes-mercader-situan-su-swift-r-en-la-primera-posicion-de-la-categoria-n5\\\/\"},\"wordCount\":900,\"image\":{\"@id\":\"https:\\\/\\\/equipvinyesdabad.com\\\/es\\\/rallys\\\/vinyes-mercader-situan-su-swift-r-en-la-primera-posicion-de-la-categoria-n5\\\/#primaryimage\"},\"thumbnailUrl\":\"https:\\\/\\\/equipvinyesdabad.com\\\/wp-content\\\/uploads\\\/2017\\\/05\\\/71JVCan7280.jpg\",\"articleSection\":[\"Rallys\",\"Rallys asfalto\"],\"inLanguage\":\"es\"},{\"@type\":\"WebPage\",\"@id\":\"https:\\\/\\\/equipvinyesdabad.com\\\/es\\\/rallys\\\/vinyes-mercader-situan-su-swift-r-en-la-primera-posicion-de-la-categoria-n5\\\/\",\"url\":\"https:\\\/\\\/equipvinyesdabad.com\\\/es\\\/rallys\\\/vinyes-mercader-situan-su-swift-r-en-la-primera-posicion-de-la-categoria-n5\\\/\",\"name\":\"Vinyes-Mercader sit\u00faan su Swift R+ en la primera posici\u00f3n de la categor\u00eda N5 - Equip vinyes dabad\",\"isPartOf\":{\"@id\":\"https:\\\/\\\/equipvinyesdabad.com\\\/es\\\/#website\"},\"primaryImageOfPage\":{\"@id\":\"https:\\\/\\\/equipvinyesdabad.com\\\/es\\\/rallys\\\/vinyes-mercader-situan-su-swift-r-en-la-primera-posicion-de-la-categoria-n5\\\/#primaryimage\"},\"image\":{\"@id\":\"https:\\\/\\\/equipvinyesdabad.com\\\/es\\\/rallys\\\/vinyes-mercader-situan-su-swift-r-en-la-primera-posicion-de-la-categoria-n5\\\/#primaryimage\"},\"thumbnailUrl\":\"https:\\\/\\\/equipvinyesdabad.com\\\/wp-content\\\/uploads\\\/2017\\\/05\\\/71JVCan7280.jpg\",\"datePublished\":\"2017-05-06T00:00:00+00:00\",\"dateModified\":\"2024-10-31T20:10:49+00:00\",\"author\":{\"@id\":\"https:\\\/\\\/equipvinyesdabad.com\\\/es\\\/#\\\/schema\\\/person\\\/962b4c681d63fd4fbd546ec83b775c1b\"},\"breadcrumb\":{\"@id\":\"https:\\\/\\\/equipvinyesdabad.com\\\/es\\\/rallys\\\/vinyes-mercader-situan-su-swift-r-en-la-primera-posicion-de-la-categoria-n5\\\/#breadcrumb\"},\"inLanguage\":\"es\",\"potentialAction\":[{\"@type\":\"ReadAction\",\"target\":[\"https:\\\/\\\/equipvinyesdabad.com\\\/es\\\/rallys\\\/vinyes-mercader-situan-su-swift-r-en-la-primera-posicion-de-la-categoria-n5\\\/\"]}]},{\"@type\":\"ImageObject\",\"inLanguage\":\"es\",\"@id\":\"https:\\\/\\\/equipvinyesdabad.com\\\/es\\\/rallys\\\/vinyes-mercader-situan-su-swift-r-en-la-primera-posicion-de-la-categoria-n5\\\/#primaryimage\",\"url\":\"https:\\\/\\\/equipvinyesdabad.com\\\/wp-content\\\/uploads\\\/2017\\\/05\\\/71JVCan7280.jpg\",\"contentUrl\":\"https:\\\/\\\/equipvinyesdabad.com\\\/wp-content\\\/uploads\\\/2017\\\/05\\\/71JVCan7280.jpg\"},{\"@type\":\"BreadcrumbList\",\"@id\":\"https:\\\/\\\/equipvinyesdabad.com\\\/es\\\/rallys\\\/vinyes-mercader-situan-su-swift-r-en-la-primera-posicion-de-la-categoria-n5\\\/#breadcrumb\",\"itemListElement\":[{\"@type\":\"ListItem\",\"position\":1,\"name\":\"Inicio\",\"item\":\"https:\\\/\\\/equipvinyesdabad.com\\\/es\\\/\"},{\"@type\":\"ListItem\",\"position\":2,\"name\":\"Vinyes-Mercader sit\u00faan su Swift R+ en la primera posici\u00f3n de la categor\u00eda N5\"}]},{\"@type\":\"WebSite\",\"@id\":\"https:\\\/\\\/equipvinyesdabad.com\\\/es\\\/#website\",\"url\":\"https:\\\/\\\/equipvinyesdabad.com\\\/es\\\/\",\"name\":\"Equip vinyes dabad\",\"description\":\"\",\"potentialAction\":[{\"@type\":\"SearchAction\",\"target\":{\"@type\":\"EntryPoint\",\"urlTemplate\":\"https:\\\/\\\/equipvinyesdabad.com\\\/es\\\/?s={search_term_string}\"},\"query-input\":{\"@type\":\"PropertyValueSpecification\",\"valueRequired\":true,\"valueName\":\"search_term_string\"}}],\"inLanguage\":\"es\"},{\"@type\":\"Person\",\"@id\":\"https:\\\/\\\/equipvinyesdabad.com\\\/es\\\/#\\\/schema\\\/person\\\/962b4c681d63fd4fbd546ec83b775c1b\",\"name\":\"admin\",\"image\":{\"@type\":\"ImageObject\",\"inLanguage\":\"es\",\"@id\":\"https:\\\/\\\/secure.gravatar.com\\\/avatar\\\/6d1c6cfbf1c3aed75f7a05f946b76867c29d677b49f81545b6b9bc58677b08a0?s=96&d=mm&r=g\",\"url\":\"https:\\\/\\\/secure.gravatar.com\\\/avatar\\\/6d1c6cfbf1c3aed75f7a05f946b76867c29d677b49f81545b6b9bc58677b08a0?s=96&d=mm&r=g\",\"contentUrl\":\"https:\\\/\\\/secure.gravatar.com\\\/avatar\\\/6d1c6cfbf1c3aed75f7a05f946b76867c29d677b49f81545b6b9bc58677b08a0?s=96&d=mm&r=g\",\"caption\":\"admin\"},\"sameAs\":[\"https:\\\/\\\/equipvinyesdabad.com\"],\"url\":\"https:\\\/\\\/equipvinyesdabad.com\\\/es\\\/author\\\/web1\\\/\"}]}<\/script>\n<!-- \/ Yoast SEO plugin. -->","yoast_head_json":{"title":"Vinyes-Mercader sit\u00faan su Swift R+ en la primera posici\u00f3n de la categor\u00eda N5 - Equip vinyes dabad","robots":{"index":"index","follow":"follow","max-snippet":"max-snippet:-1","max-image-preview":"max-image-preview:large","max-video-preview":"max-video-preview:-1"},"canonical":"https:\/\/equipvinyesdabad.com\/es\/rallys\/vinyes-mercader-situan-su-swift-r-en-la-primera-posicion-de-la-categoria-n5\/","og_locale":"es_ES","og_type":"article","og_title":"Vinyes-Mercader sit\u00faan su Swift R+ en la primera posici\u00f3n de la categor\u00eda N5 - Equip vinyes dabad","og_description":"Joan Vinyes-Jordi Mercader (Suzuki Swift R+) volvieron a estar en el caj\u00f3n m\u00e1s alto del podio de la categor\u00eda N5, en esta ocasi\u00f3n, del 41 Rallye Islas Canarias, segunda cita de la temporada v\u00e1lida para el Campeonato de Espa\u00f1a de rallys de asfalto. Aparte de vencer entre los veh\u00edculos N5, el equipo de Suzuki Motor Ib\u00e9rica tambi\u00e9n vieron premiado su excelente trabajo con la 11a plaza en la clasificaci\u00f3n absoluta de la prueba. Cabe catalogar de muy meritoria este und\u00e9cimo puesto debido a la espectacular inscripci\u00f3n que registr\u00f3 la primera cita canaria del CERA 2017.","og_url":"https:\/\/equipvinyesdabad.com\/es\/rallys\/vinyes-mercader-situan-su-swift-r-en-la-primera-posicion-de-la-categoria-n5\/","og_site_name":"Equip vinyes dabad","article_published_time":"2017-05-06T00:00:00+00:00","article_modified_time":"2024-10-31T20:10:49+00:00","og_image":[{"width":250,"height":130,"url":"https:\/\/equipvinyesdabad.com\/wp-content\/uploads\/2024\/10\/logo_vinyes_dabad.png","type":"image\/png"}],"author":"admin","twitter_card":"summary_large_image","twitter_misc":{"Escrito por":"admin","Tiempo de lectura":"4 minutos"},"schema":{"@context":"https:\/\/schema.org","@graph":[{"@type":"Article","@id":"https:\/\/equipvinyesdabad.com\/es\/rallys\/vinyes-mercader-situan-su-swift-r-en-la-primera-posicion-de-la-categoria-n5\/#article","isPartOf":{"@id":"https:\/\/equipvinyesdabad.com\/es\/rallys\/vinyes-mercader-situan-su-swift-r-en-la-primera-posicion-de-la-categoria-n5\/"},"author":{"name":"admin","@id":"https:\/\/equipvinyesdabad.com\/es\/#\/schema\/person\/962b4c681d63fd4fbd546ec83b775c1b"},"headline":"Vinyes-Mercader sit\u00faan su Swift R+ en la primera posici\u00f3n de la categor\u00eda N5","datePublished":"2017-05-06T00:00:00+00:00","dateModified":"2024-10-31T20:10:49+00:00","mainEntityOfPage":{"@id":"https:\/\/equipvinyesdabad.com\/es\/rallys\/vinyes-mercader-situan-su-swift-r-en-la-primera-posicion-de-la-categoria-n5\/"},"wordCount":900,"image":{"@id":"https:\/\/equipvinyesdabad.com\/es\/rallys\/vinyes-mercader-situan-su-swift-r-en-la-primera-posicion-de-la-categoria-n5\/#primaryimage"},"thumbnailUrl":"https:\/\/equipvinyesdabad.com\/wp-content\/uploads\/2017\/05\/71JVCan7280.jpg","articleSection":["Rallys","Rallys asfalto"],"inLanguage":"es"},{"@type":"WebPage","@id":"https:\/\/equipvinyesdabad.com\/es\/rallys\/vinyes-mercader-situan-su-swift-r-en-la-primera-posicion-de-la-categoria-n5\/","url":"https:\/\/equipvinyesdabad.com\/es\/rallys\/vinyes-mercader-situan-su-swift-r-en-la-primera-posicion-de-la-categoria-n5\/","name":"Vinyes-Mercader sit\u00faan su Swift R+ en la primera posici\u00f3n de la categor\u00eda N5 - Equip vinyes dabad","isPartOf":{"@id":"https:\/\/equipvinyesdabad.com\/es\/#website"},"primaryImageOfPage":{"@id":"https:\/\/equipvinyesdabad.com\/es\/rallys\/vinyes-mercader-situan-su-swift-r-en-la-primera-posicion-de-la-categoria-n5\/#primaryimage"},"image":{"@id":"https:\/\/equipvinyesdabad.com\/es\/rallys\/vinyes-mercader-situan-su-swift-r-en-la-primera-posicion-de-la-categoria-n5\/#primaryimage"},"thumbnailUrl":"https:\/\/equipvinyesdabad.com\/wp-content\/uploads\/2017\/05\/71JVCan7280.jpg","datePublished":"2017-05-06T00:00:00+00:00","dateModified":"2024-10-31T20:10:49+00:00","author":{"@id":"https:\/\/equipvinyesdabad.com\/es\/#\/schema\/person\/962b4c681d63fd4fbd546ec83b775c1b"},"breadcrumb":{"@id":"https:\/\/equipvinyesdabad.com\/es\/rallys\/vinyes-mercader-situan-su-swift-r-en-la-primera-posicion-de-la-categoria-n5\/#breadcrumb"},"inLanguage":"es","potentialAction":[{"@type":"ReadAction","target":["https:\/\/equipvinyesdabad.com\/es\/rallys\/vinyes-mercader-situan-su-swift-r-en-la-primera-posicion-de-la-categoria-n5\/"]}]},{"@type":"ImageObject","inLanguage":"es","@id":"https:\/\/equipvinyesdabad.com\/es\/rallys\/vinyes-mercader-situan-su-swift-r-en-la-primera-posicion-de-la-categoria-n5\/#primaryimage","url":"https:\/\/equipvinyesdabad.com\/wp-content\/uploads\/2017\/05\/71JVCan7280.jpg","contentUrl":"https:\/\/equipvinyesdabad.com\/wp-content\/uploads\/2017\/05\/71JVCan7280.jpg"},{"@type":"BreadcrumbList","@id":"https:\/\/equipvinyesdabad.com\/es\/rallys\/vinyes-mercader-situan-su-swift-r-en-la-primera-posicion-de-la-categoria-n5\/#breadcrumb","itemListElement":[{"@type":"ListItem","position":1,"name":"Inicio","item":"https:\/\/equipvinyesdabad.com\/es\/"},{"@type":"ListItem","position":2,"name":"Vinyes-Mercader sit\u00faan su Swift R+ en la primera posici\u00f3n de la categor\u00eda N5"}]},{"@type":"WebSite","@id":"https:\/\/equipvinyesdabad.com\/es\/#website","url":"https:\/\/equipvinyesdabad.com\/es\/","name":"Equip vinyes dabad","description":"","potentialAction":[{"@type":"SearchAction","target":{"@type":"EntryPoint","urlTemplate":"https:\/\/equipvinyesdabad.com\/es\/?s={search_term_string}"},"query-input":{"@type":"PropertyValueSpecification","valueRequired":true,"valueName":"search_term_string"}}],"inLanguage":"es"},{"@type":"Person","@id":"https:\/\/equipvinyesdabad.com\/es\/#\/schema\/person\/962b4c681d63fd4fbd546ec83b775c1b","name":"admin","image":{"@type":"ImageObject","inLanguage":"es","@id":"https:\/\/secure.gravatar.com\/avatar\/6d1c6cfbf1c3aed75f7a05f946b76867c29d677b49f81545b6b9bc58677b08a0?s=96&d=mm&r=g","url":"https:\/\/secure.gravatar.com\/avatar\/6d1c6cfbf1c3aed75f7a05f946b76867c29d677b49f81545b6b9bc58677b08a0?s=96&d=mm&r=g","contentUrl":"https:\/\/secure.gravatar.com\/avatar\/6d1c6cfbf1c3aed75f7a05f946b76867c29d677b49f81545b6b9bc58677b08a0?s=96&d=mm&r=g","caption":"admin"},"sameAs":["https:\/\/equipvinyesdabad.com"],"url":"https:\/\/equipvinyesdabad.com\/es\/author\/web1\/"}]}},"_links":{"self":[{"href":"https:\/\/equipvinyesdabad.com\/es\/wp-json\/wp\/v2\/posts\/2405","targetHints":{"allow":["GET"]}}],"collection":[{"href":"https:\/\/equipvinyesdabad.com\/es\/wp-json\/wp\/v2\/posts"}],"about":[{"href":"https:\/\/equipvinyesdabad.com\/es\/wp-json\/wp\/v2\/types\/post"}],"author":[{"embeddable":true,"href":"https:\/\/equipvinyesdabad.com\/es\/wp-json\/wp\/v2\/users\/1"}],"replies":[{"embeddable":true,"href":"https:\/\/equipvinyesdabad.com\/es\/wp-json\/wp\/v2\/comments?post=2405"}],"version-history":[{"count":6,"href":"https:\/\/equipvinyesdabad.com\/es\/wp-json\/wp\/v2\/posts\/2405\/revisions"}],"predecessor-version":[{"id":4783,"href":"https:\/\/equipvinyesdabad.com\/es\/wp-json\/wp\/v2\/posts\/2405\/revisions\/4783"}],"wp:featuredmedia":[{"embeddable":true,"href":"https:\/\/equipvinyesdabad.com\/es\/wp-json\/wp\/v2\/media\/1668"}],"wp:attachment":[{"href":"https:\/\/equipvinyesdabad.com\/es\/wp-json\/wp\/v2\/media?parent=2405"}],"wp:term":[{"taxonomy":"category","embeddable":true,"href":"https:\/\/equipvinyesdabad.com\/es\/wp-json\/wp\/v2\/categories?post=2405"},{"taxonomy":"post_tag","embeddable":true,"href":"https:\/\/equipvinyesdabad.com\/es\/wp-json\/wp\/v2\/tags?post=2405"}],"curies":[{"name":"wp","href":"https:\/\/api.w.org\/{rel}","templated":true}]}}