{"id":2421,"date":"2016-11-19T00:00:00","date_gmt":"2016-11-19T00:00:00","guid":{"rendered":"https:\/\/equipvinyesdabad.com\/?p=2421"},"modified":"2024-10-31T20:10:49","modified_gmt":"2024-10-31T20:10:49","slug":"joan-vinyes-fueron-4-km-pero-me-disiparon-muchas-dudas","status":"publish","type":"post","link":"https:\/\/equipvinyesdabad.com\/es\/rallys\/joan-vinyes-fueron-4-km-pero-me-disiparon-muchas-dudas\/","title":{"rendered":"Joan Vinyes: Fueron 4 km, pero me disiparon muchas dudas"},"content":{"rendered":"<p style=\"text-align: justify;\">En el VII Rally Comunidad de Madrid &#8211; RACE, Joan Vinyes afront&oacute; un test decisivo para valorar su estado f&iacute;sico y recuperar las sensaciones del 2014 al volante de un Suzuki S1600. El piloto andorrano afront&oacute; la primera etapa del rally con dudas, en Madrid los organizadores no programaron shakedown, y sali&oacute; en la primera especial con el objetivo de probarse e ir valorando sobre la marcha sus opciones.<br \/>A pesar de haber completado solo los 4 primeros kil&oacute;metros de la especial, Puebla de la Sierra, Vinyes estaba muy feliz con el resultado y se mostraba optimista de cara al futuro, estas eran sus palabras: <em><strong>He disipado muchas dudas y estoy convencido que puedo pilotar el S1600 a buen nivel.<\/strong> <\/em>&nbsp;<\/p>\n<p>Como queda dicho, Vinyes-Mercader tuvieron que abandonar la prueba del RACE en los primeros compases de la primera especial, por un problema mec&aacute;nico (posiblemente de motor) en su veh&iacute;culo. La preparaci&oacute;n de la prueba hab&iacute;a sido muy dura, con m&aacute;s de 13 horas de reconocimientos, y estaban convencidos que ten&iacute;an muchas posibilidades de protagonizar un buen retorno a los rallys con el S1600.&nbsp;&nbsp; &nbsp;<\/p>\n<p>A pesar de lo acaecido en Madrid, Joan valoraba de manera muy positiva su retorno al mundo de los rallys despu&eacute;s de a&ntilde;o y medio de ausencia obligada, as&iacute; se expresaba: <em><strong>En las dos pruebas que realic&eacute; al volante del Swift de la Copa, creo que la progresi&oacute;n fue muy buen y a medida que fui ganando confianza en mis posibilidades los cronos fueron mejorando. En La Nucia el nivel fue muy bueno.<\/strong><\/em><br \/><em><strong>Antes de subirme al S1600, las sensaciones de falta de confianza fueron las mismas que el primer d&iacute;a con el Swift peque&ntilde;o. En Madrid nos hubiera venido muy bien un shakedown para romper un poco el hielo. <\/strong><\/em><br \/><em><strong>A pesar de todo creo que los solucionamos r&aacute;pido y despu&eacute;s del primer kil&oacute;metro de competici&oacute;n ya me encontraba con la mente limpia de dudas y muy concentrado y contento de lo que estaba pasando. Dur&oacute; poco pero, como he dicho antes, suficiente para sentirme capaz de volver a pilotar el S1600.<\/strong><\/em><\/p>\n<p>La pregunta para el piloto andorrano sigue siendo la misma de las &uacute;ltimos meses, &iquest;A partir de ahora que? la respuesta de Joan tampoco ha variado, <em><strong>seguir trabajando para conseguir el 100% en mi estado f&iacute;sico.<\/strong><\/em><\/p>\n<p style=\"text-align: right;\"><strong><a href=\"http:\/\/www.infoesport.org\/imgNoticia\/2016\/161119JVMad2c.pdf\"><img loading=\"lazy\" decoding=\"async\" style=\"float: right;\" src=\"http:\/\/www.infoesport.org\/auxiliar\/fot\/logos\/icono_pdf.gif\" alt=\"\" width=\"50\" height=\"50\" \/><\/a><\/strong>Servicio de Prensa.<\/p>\n","protected":false},"excerpt":{"rendered":"<p>En el VII Rally Comunidad de Madrid &#8211; RACE, Joan Vinyes afront\u00f3 un test decisivo para valorar su estado f\u00edsico y recuperar las sensaciones del 2014 al volante de un Suzuki S1600. El piloto andorrano afront\u00f3 la primera etapa del rally con dudas, en Madrid los organizadores no programaron shakedown, y sali\u00f3 en la primera especial con el objetivo de probarse e ir valorando sobre la marcha sus opciones.<br \/>\nA pesar de haber completado solo los 4 primeros kil\u00f3metros de la especial, Puebla de la Sierra, Vinyes estaba muy feliz con el resultado y se mostraba optimista de cara al futuro, estas eran sus palabras: He disipado muchas dudas y estoy convencido que puedo pilotar el S1600 a buen nivel.  <\/p>\n","protected":false},"author":1,"featured_media":1676,"comment_status":"closed","ping_status":"closed","sticky":false,"template":"","format":"standard","meta":{"_kadence_starter_templates_imported_post":false,"_kad_post_transparent":"","_kad_post_title":"","_kad_post_layout":"","_kad_post_sidebar_id":"","_kad_post_content_style":"","_kad_post_vertical_padding":"","_kad_post_feature":"","_kad_post_feature_position":"","_kad_post_header":false,"_kad_post_footer":false,"_kad_post_classname":"","footnotes":""},"categories":[46,60],"tags":[],"class_list":["post-2421","post","type-post","status-publish","format-standard","has-post-thumbnail","hentry","category-rallys","category-rallys-asfalto"],"yoast_head":"<!-- This site is optimized with the Yoast SEO plugin v27.4 - https:\/\/yoast.com\/product\/yoast-seo-wordpress\/ -->\n<title>Joan Vinyes: Fueron 4 km, pero me disiparon muchas dudas - Equip vinyes dabad<\/title>\n<meta name=\"robots\" content=\"index, follow, max-snippet:-1, max-image-preview:large, max-video-preview:-1\" \/>\n<link rel=\"canonical\" href=\"https:\/\/equipvinyesdabad.com\/es\/rallys\/joan-vinyes-fueron-4-km-pero-me-disiparon-muchas-dudas\/\" \/>\n<meta property=\"og:locale\" content=\"es_ES\" \/>\n<meta property=\"og:type\" content=\"article\" \/>\n<meta property=\"og:title\" content=\"Joan Vinyes: Fueron 4 km, pero me disiparon muchas dudas - Equip vinyes dabad\" \/>\n<meta property=\"og:description\" content=\"En el VII Rally Comunidad de Madrid - RACE, Joan Vinyes afront\u00f3 un test decisivo para valorar su estado f\u00edsico y recuperar las sensaciones del 2014 al volante de un Suzuki S1600. El piloto andorrano afront\u00f3 la primera etapa del rally con dudas, en Madrid los organizadores no programaron shakedown, y sali\u00f3 en la primera especial con el objetivo de probarse e ir valorando sobre la marcha sus opciones. A pesar de haber completado solo los 4 primeros kil\u00f3metros de la especial, Puebla de la Sierra, Vinyes estaba muy feliz con el resultado y se mostraba optimista de cara al futuro, estas eran sus palabras: He disipado muchas dudas y estoy convencido que puedo pilotar el S1600 a buen nivel.\" \/>\n<meta property=\"og:url\" content=\"https:\/\/equipvinyesdabad.com\/es\/rallys\/joan-vinyes-fueron-4-km-pero-me-disiparon-muchas-dudas\/\" \/>\n<meta property=\"og:site_name\" content=\"Equip vinyes dabad\" \/>\n<meta property=\"article:published_time\" content=\"2016-11-19T00:00:00+00:00\" \/>\n<meta property=\"article:modified_time\" content=\"2024-10-31T20:10:49+00:00\" \/>\n<meta property=\"og:image\" content=\"https:\/\/equipvinyesdabad.com\/wp-content\/uploads\/2024\/10\/logo_vinyes_dabad.png\" \/>\n\t<meta property=\"og:image:width\" content=\"250\" \/>\n\t<meta property=\"og:image:height\" content=\"130\" \/>\n\t<meta property=\"og:image:type\" content=\"image\/png\" \/>\n<meta name=\"author\" content=\"admin\" \/>\n<meta name=\"twitter:card\" content=\"summary_large_image\" \/>\n<meta name=\"twitter:label1\" content=\"Escrito por\" \/>\n\t<meta name=\"twitter:data1\" content=\"admin\" \/>\n\t<meta name=\"twitter:label2\" content=\"Tiempo de lectura\" \/>\n\t<meta name=\"twitter:data2\" content=\"2 minutos\" \/>\n<script type=\"application\/ld+json\" class=\"yoast-schema-graph\">{\"@context\":\"https:\\\/\\\/schema.org\",\"@graph\":[{\"@type\":\"Article\",\"@id\":\"https:\\\/\\\/equipvinyesdabad.com\\\/es\\\/rallys\\\/joan-vinyes-fueron-4-km-pero-me-disiparon-muchas-dudas\\\/#article\",\"isPartOf\":{\"@id\":\"https:\\\/\\\/equipvinyesdabad.com\\\/es\\\/rallys\\\/joan-vinyes-fueron-4-km-pero-me-disiparon-muchas-dudas\\\/\"},\"author\":{\"name\":\"admin\",\"@id\":\"https:\\\/\\\/equipvinyesdabad.com\\\/es\\\/#\\\/schema\\\/person\\\/962b4c681d63fd4fbd546ec83b775c1b\"},\"headline\":\"Joan Vinyes: Fueron 4 km, pero me disiparon muchas dudas\",\"datePublished\":\"2016-11-19T00:00:00+00:00\",\"dateModified\":\"2024-10-31T20:10:49+00:00\",\"mainEntityOfPage\":{\"@id\":\"https:\\\/\\\/equipvinyesdabad.com\\\/es\\\/rallys\\\/joan-vinyes-fueron-4-km-pero-me-disiparon-muchas-dudas\\\/\"},\"wordCount\":437,\"image\":{\"@id\":\"https:\\\/\\\/equipvinyesdabad.com\\\/es\\\/rallys\\\/joan-vinyes-fueron-4-km-pero-me-disiparon-muchas-dudas\\\/#primaryimage\"},\"thumbnailUrl\":\"https:\\\/\\\/equipvinyesdabad.com\\\/wp-content\\\/uploads\\\/2016\\\/11\\\/07JVCAM3291.jpg\",\"articleSection\":[\"Rallys\",\"Rallys asfalto\"],\"inLanguage\":\"es\"},{\"@type\":\"WebPage\",\"@id\":\"https:\\\/\\\/equipvinyesdabad.com\\\/es\\\/rallys\\\/joan-vinyes-fueron-4-km-pero-me-disiparon-muchas-dudas\\\/\",\"url\":\"https:\\\/\\\/equipvinyesdabad.com\\\/es\\\/rallys\\\/joan-vinyes-fueron-4-km-pero-me-disiparon-muchas-dudas\\\/\",\"name\":\"Joan Vinyes: Fueron 4 km, pero me disiparon muchas dudas - Equip vinyes dabad\",\"isPartOf\":{\"@id\":\"https:\\\/\\\/equipvinyesdabad.com\\\/es\\\/#website\"},\"primaryImageOfPage\":{\"@id\":\"https:\\\/\\\/equipvinyesdabad.com\\\/es\\\/rallys\\\/joan-vinyes-fueron-4-km-pero-me-disiparon-muchas-dudas\\\/#primaryimage\"},\"image\":{\"@id\":\"https:\\\/\\\/equipvinyesdabad.com\\\/es\\\/rallys\\\/joan-vinyes-fueron-4-km-pero-me-disiparon-muchas-dudas\\\/#primaryimage\"},\"thumbnailUrl\":\"https:\\\/\\\/equipvinyesdabad.com\\\/wp-content\\\/uploads\\\/2016\\\/11\\\/07JVCAM3291.jpg\",\"datePublished\":\"2016-11-19T00:00:00+00:00\",\"dateModified\":\"2024-10-31T20:10:49+00:00\",\"author\":{\"@id\":\"https:\\\/\\\/equipvinyesdabad.com\\\/es\\\/#\\\/schema\\\/person\\\/962b4c681d63fd4fbd546ec83b775c1b\"},\"breadcrumb\":{\"@id\":\"https:\\\/\\\/equipvinyesdabad.com\\\/es\\\/rallys\\\/joan-vinyes-fueron-4-km-pero-me-disiparon-muchas-dudas\\\/#breadcrumb\"},\"inLanguage\":\"es\",\"potentialAction\":[{\"@type\":\"ReadAction\",\"target\":[\"https:\\\/\\\/equipvinyesdabad.com\\\/es\\\/rallys\\\/joan-vinyes-fueron-4-km-pero-me-disiparon-muchas-dudas\\\/\"]}]},{\"@type\":\"ImageObject\",\"inLanguage\":\"es\",\"@id\":\"https:\\\/\\\/equipvinyesdabad.com\\\/es\\\/rallys\\\/joan-vinyes-fueron-4-km-pero-me-disiparon-muchas-dudas\\\/#primaryimage\",\"url\":\"https:\\\/\\\/equipvinyesdabad.com\\\/wp-content\\\/uploads\\\/2016\\\/11\\\/07JVCAM3291.jpg\",\"contentUrl\":\"https:\\\/\\\/equipvinyesdabad.com\\\/wp-content\\\/uploads\\\/2016\\\/11\\\/07JVCAM3291.jpg\"},{\"@type\":\"BreadcrumbList\",\"@id\":\"https:\\\/\\\/equipvinyesdabad.com\\\/es\\\/rallys\\\/joan-vinyes-fueron-4-km-pero-me-disiparon-muchas-dudas\\\/#breadcrumb\",\"itemListElement\":[{\"@type\":\"ListItem\",\"position\":1,\"name\":\"Inicio\",\"item\":\"https:\\\/\\\/equipvinyesdabad.com\\\/es\\\/\"},{\"@type\":\"ListItem\",\"position\":2,\"name\":\"Joan Vinyes: Fueron 4 km, pero me disiparon muchas dudas\"}]},{\"@type\":\"WebSite\",\"@id\":\"https:\\\/\\\/equipvinyesdabad.com\\\/es\\\/#website\",\"url\":\"https:\\\/\\\/equipvinyesdabad.com\\\/es\\\/\",\"name\":\"Equip vinyes dabad\",\"description\":\"\",\"potentialAction\":[{\"@type\":\"SearchAction\",\"target\":{\"@type\":\"EntryPoint\",\"urlTemplate\":\"https:\\\/\\\/equipvinyesdabad.com\\\/es\\\/?s={search_term_string}\"},\"query-input\":{\"@type\":\"PropertyValueSpecification\",\"valueRequired\":true,\"valueName\":\"search_term_string\"}}],\"inLanguage\":\"es\"},{\"@type\":\"Person\",\"@id\":\"https:\\\/\\\/equipvinyesdabad.com\\\/es\\\/#\\\/schema\\\/person\\\/962b4c681d63fd4fbd546ec83b775c1b\",\"name\":\"admin\",\"image\":{\"@type\":\"ImageObject\",\"inLanguage\":\"es\",\"@id\":\"https:\\\/\\\/secure.gravatar.com\\\/avatar\\\/6d1c6cfbf1c3aed75f7a05f946b76867c29d677b49f81545b6b9bc58677b08a0?s=96&d=mm&r=g\",\"url\":\"https:\\\/\\\/secure.gravatar.com\\\/avatar\\\/6d1c6cfbf1c3aed75f7a05f946b76867c29d677b49f81545b6b9bc58677b08a0?s=96&d=mm&r=g\",\"contentUrl\":\"https:\\\/\\\/secure.gravatar.com\\\/avatar\\\/6d1c6cfbf1c3aed75f7a05f946b76867c29d677b49f81545b6b9bc58677b08a0?s=96&d=mm&r=g\",\"caption\":\"admin\"},\"sameAs\":[\"https:\\\/\\\/equipvinyesdabad.com\"],\"url\":\"https:\\\/\\\/equipvinyesdabad.com\\\/es\\\/author\\\/web1\\\/\"}]}<\/script>\n<!-- \/ Yoast SEO plugin. -->","yoast_head_json":{"title":"Joan Vinyes: Fueron 4 km, pero me disiparon muchas dudas - Equip vinyes dabad","robots":{"index":"index","follow":"follow","max-snippet":"max-snippet:-1","max-image-preview":"max-image-preview:large","max-video-preview":"max-video-preview:-1"},"canonical":"https:\/\/equipvinyesdabad.com\/es\/rallys\/joan-vinyes-fueron-4-km-pero-me-disiparon-muchas-dudas\/","og_locale":"es_ES","og_type":"article","og_title":"Joan Vinyes: Fueron 4 km, pero me disiparon muchas dudas - Equip vinyes dabad","og_description":"En el VII Rally Comunidad de Madrid - RACE, Joan Vinyes afront\u00f3 un test decisivo para valorar su estado f\u00edsico y recuperar las sensaciones del 2014 al volante de un Suzuki S1600. El piloto andorrano afront\u00f3 la primera etapa del rally con dudas, en Madrid los organizadores no programaron shakedown, y sali\u00f3 en la primera especial con el objetivo de probarse e ir valorando sobre la marcha sus opciones. A pesar de haber completado solo los 4 primeros kil\u00f3metros de la especial, Puebla de la Sierra, Vinyes estaba muy feliz con el resultado y se mostraba optimista de cara al futuro, estas eran sus palabras: He disipado muchas dudas y estoy convencido que puedo pilotar el S1600 a buen nivel.","og_url":"https:\/\/equipvinyesdabad.com\/es\/rallys\/joan-vinyes-fueron-4-km-pero-me-disiparon-muchas-dudas\/","og_site_name":"Equip vinyes dabad","article_published_time":"2016-11-19T00:00:00+00:00","article_modified_time":"2024-10-31T20:10:49+00:00","og_image":[{"width":250,"height":130,"url":"https:\/\/equipvinyesdabad.com\/wp-content\/uploads\/2024\/10\/logo_vinyes_dabad.png","type":"image\/png"}],"author":"admin","twitter_card":"summary_large_image","twitter_misc":{"Escrito por":"admin","Tiempo de lectura":"2 minutos"},"schema":{"@context":"https:\/\/schema.org","@graph":[{"@type":"Article","@id":"https:\/\/equipvinyesdabad.com\/es\/rallys\/joan-vinyes-fueron-4-km-pero-me-disiparon-muchas-dudas\/#article","isPartOf":{"@id":"https:\/\/equipvinyesdabad.com\/es\/rallys\/joan-vinyes-fueron-4-km-pero-me-disiparon-muchas-dudas\/"},"author":{"name":"admin","@id":"https:\/\/equipvinyesdabad.com\/es\/#\/schema\/person\/962b4c681d63fd4fbd546ec83b775c1b"},"headline":"Joan Vinyes: Fueron 4 km, pero me disiparon muchas dudas","datePublished":"2016-11-19T00:00:00+00:00","dateModified":"2024-10-31T20:10:49+00:00","mainEntityOfPage":{"@id":"https:\/\/equipvinyesdabad.com\/es\/rallys\/joan-vinyes-fueron-4-km-pero-me-disiparon-muchas-dudas\/"},"wordCount":437,"image":{"@id":"https:\/\/equipvinyesdabad.com\/es\/rallys\/joan-vinyes-fueron-4-km-pero-me-disiparon-muchas-dudas\/#primaryimage"},"thumbnailUrl":"https:\/\/equipvinyesdabad.com\/wp-content\/uploads\/2016\/11\/07JVCAM3291.jpg","articleSection":["Rallys","Rallys asfalto"],"inLanguage":"es"},{"@type":"WebPage","@id":"https:\/\/equipvinyesdabad.com\/es\/rallys\/joan-vinyes-fueron-4-km-pero-me-disiparon-muchas-dudas\/","url":"https:\/\/equipvinyesdabad.com\/es\/rallys\/joan-vinyes-fueron-4-km-pero-me-disiparon-muchas-dudas\/","name":"Joan Vinyes: Fueron 4 km, pero me disiparon muchas dudas - Equip vinyes dabad","isPartOf":{"@id":"https:\/\/equipvinyesdabad.com\/es\/#website"},"primaryImageOfPage":{"@id":"https:\/\/equipvinyesdabad.com\/es\/rallys\/joan-vinyes-fueron-4-km-pero-me-disiparon-muchas-dudas\/#primaryimage"},"image":{"@id":"https:\/\/equipvinyesdabad.com\/es\/rallys\/joan-vinyes-fueron-4-km-pero-me-disiparon-muchas-dudas\/#primaryimage"},"thumbnailUrl":"https:\/\/equipvinyesdabad.com\/wp-content\/uploads\/2016\/11\/07JVCAM3291.jpg","datePublished":"2016-11-19T00:00:00+00:00","dateModified":"2024-10-31T20:10:49+00:00","author":{"@id":"https:\/\/equipvinyesdabad.com\/es\/#\/schema\/person\/962b4c681d63fd4fbd546ec83b775c1b"},"breadcrumb":{"@id":"https:\/\/equipvinyesdabad.com\/es\/rallys\/joan-vinyes-fueron-4-km-pero-me-disiparon-muchas-dudas\/#breadcrumb"},"inLanguage":"es","potentialAction":[{"@type":"ReadAction","target":["https:\/\/equipvinyesdabad.com\/es\/rallys\/joan-vinyes-fueron-4-km-pero-me-disiparon-muchas-dudas\/"]}]},{"@type":"ImageObject","inLanguage":"es","@id":"https:\/\/equipvinyesdabad.com\/es\/rallys\/joan-vinyes-fueron-4-km-pero-me-disiparon-muchas-dudas\/#primaryimage","url":"https:\/\/equipvinyesdabad.com\/wp-content\/uploads\/2016\/11\/07JVCAM3291.jpg","contentUrl":"https:\/\/equipvinyesdabad.com\/wp-content\/uploads\/2016\/11\/07JVCAM3291.jpg"},{"@type":"BreadcrumbList","@id":"https:\/\/equipvinyesdabad.com\/es\/rallys\/joan-vinyes-fueron-4-km-pero-me-disiparon-muchas-dudas\/#breadcrumb","itemListElement":[{"@type":"ListItem","position":1,"name":"Inicio","item":"https:\/\/equipvinyesdabad.com\/es\/"},{"@type":"ListItem","position":2,"name":"Joan Vinyes: Fueron 4 km, pero me disiparon muchas dudas"}]},{"@type":"WebSite","@id":"https:\/\/equipvinyesdabad.com\/es\/#website","url":"https:\/\/equipvinyesdabad.com\/es\/","name":"Equip vinyes dabad","description":"","potentialAction":[{"@type":"SearchAction","target":{"@type":"EntryPoint","urlTemplate":"https:\/\/equipvinyesdabad.com\/es\/?s={search_term_string}"},"query-input":{"@type":"PropertyValueSpecification","valueRequired":true,"valueName":"search_term_string"}}],"inLanguage":"es"},{"@type":"Person","@id":"https:\/\/equipvinyesdabad.com\/es\/#\/schema\/person\/962b4c681d63fd4fbd546ec83b775c1b","name":"admin","image":{"@type":"ImageObject","inLanguage":"es","@id":"https:\/\/secure.gravatar.com\/avatar\/6d1c6cfbf1c3aed75f7a05f946b76867c29d677b49f81545b6b9bc58677b08a0?s=96&d=mm&r=g","url":"https:\/\/secure.gravatar.com\/avatar\/6d1c6cfbf1c3aed75f7a05f946b76867c29d677b49f81545b6b9bc58677b08a0?s=96&d=mm&r=g","contentUrl":"https:\/\/secure.gravatar.com\/avatar\/6d1c6cfbf1c3aed75f7a05f946b76867c29d677b49f81545b6b9bc58677b08a0?s=96&d=mm&r=g","caption":"admin"},"sameAs":["https:\/\/equipvinyesdabad.com"],"url":"https:\/\/equipvinyesdabad.com\/es\/author\/web1\/"}]}},"_links":{"self":[{"href":"https:\/\/equipvinyesdabad.com\/es\/wp-json\/wp\/v2\/posts\/2421","targetHints":{"allow":["GET"]}}],"collection":[{"href":"https:\/\/equipvinyesdabad.com\/es\/wp-json\/wp\/v2\/posts"}],"about":[{"href":"https:\/\/equipvinyesdabad.com\/es\/wp-json\/wp\/v2\/types\/post"}],"author":[{"embeddable":true,"href":"https:\/\/equipvinyesdabad.com\/es\/wp-json\/wp\/v2\/users\/1"}],"replies":[{"embeddable":true,"href":"https:\/\/equipvinyesdabad.com\/es\/wp-json\/wp\/v2\/comments?post=2421"}],"version-history":[{"count":3,"href":"https:\/\/equipvinyesdabad.com\/es\/wp-json\/wp\/v2\/posts\/2421\/revisions"}],"predecessor-version":[{"id":4529,"href":"https:\/\/equipvinyesdabad.com\/es\/wp-json\/wp\/v2\/posts\/2421\/revisions\/4529"}],"wp:featuredmedia":[{"embeddable":true,"href":"https:\/\/equipvinyesdabad.com\/es\/wp-json\/wp\/v2\/media\/1676"}],"wp:attachment":[{"href":"https:\/\/equipvinyesdabad.com\/es\/wp-json\/wp\/v2\/media?parent=2421"}],"wp:term":[{"taxonomy":"category","embeddable":true,"href":"https:\/\/equipvinyesdabad.com\/es\/wp-json\/wp\/v2\/categories?post=2421"},{"taxonomy":"post_tag","embeddable":true,"href":"https:\/\/equipvinyesdabad.com\/es\/wp-json\/wp\/v2\/tags?post=2421"}],"curies":[{"name":"wp","href":"https:\/\/api.w.org\/{rel}","templated":true}]}}