{"id":2423,"date":"2016-11-14T00:00:00","date_gmt":"2016-11-14T00:00:00","guid":{"rendered":"https:\/\/equipvinyesdabad.com\/?p=2423"},"modified":"2024-10-31T20:10:49","modified_gmt":"2024-10-31T20:10:49","slug":"joan-vinyes-al-volante-de-un-s1600-de-suzuki-motor-sport-en-madrid","status":"publish","type":"post","link":"https:\/\/equipvinyesdabad.com\/es\/rallys\/joan-vinyes-al-volante-de-un-s1600-de-suzuki-motor-sport-en-madrid\/","title":{"rendered":"Joan Vinyes al volante de un S1600 de Suzuki Motor Sport en Madrid"},"content":{"rendered":"<p style=\"text-align: justify;\">En el VII Rally Comunidad de Madrid, ultima cita del CERA 2016, Joan Vinyes &#8211; Jordi Mercader cambiaran el Swift de la Copa por un S1600 del equipo Suzuki Motor Sport. De esta manera el piloto andorrano sigue progresando en la b&uacute;squeda de su mejor condici&oacute;n f&iacute;sica. <br \/>El objetivo en este final del Campeonato e Espa&ntilde;a de Rallys de asfalto (CERA) no ser&aacute; otro que probarse al volante del que era su veh&iacute;culo habitual, una vez completadas con excelentes sensaciones las pruebas disputadas pilotando el Suzuki Swift de la Copa. <br \/>&nbsp; <br \/>El rally, organizado por el RACE, consta de dos etapas bien diferenciadas. En la primera (viernes d&iacute;a 18) ser&aacute;n las especiales de la sierra madrile&ntilde;a las que centren la atenci&oacute;n de participantes y aficionados. La Puebla (15,48 km) y Canencia Norte (13,20 km), dos veces cada una, y una pasada intermedia por el Jarama (14,67 km), ser&aacute;n los obst&aacute;culos a superar.<br \/>A partir de las 7.00 horas de la jornada siguiente (d&iacute;a 19), los participantes se dirigir&aacute;n hac&iacute;a Avila para hacer dos pasadas por un bucle de tres especiales (La Lancha, 10,71), Arrebatacapas (15,60 km) y El Herrad&oacute;n (15,20 km). Un &uacute;ltimo paso por la La Lancha, de regreso al Jarama, y por el Circuito podr&aacute;n el punto final a una prueba que tiene en total 806,20 km, de los cuales 180,43 ser&aacute;n de velocidad.<\/p>\n<p>Para Vinyes, estar en la prueba de la Comunidad de Madrid al volante del S1600 supone una motivaci&oacute;n extra en su recuperaci&oacute;n, este era su comentario: <em><strong>He repetido en diversas ocasiones estos d&iacute;as que, queda mucho trabajo por hacer pero tambi&eacute;n es cierto que estoy muy satisfecho de como est&aacute; evolucionando mi vuelta a la competici&oacute;n. Tener la ocasi&oacute;n de volver a pilotar el S1600 es una gran noticia, no s&eacute; como saldr&aacute; el rally pero al menos podr&eacute; probarlo y resolver alguna duda que a&uacute;n tengo.<\/strong><\/em> &nbsp;<\/p>\n<p>La prueba que cierra el calendario del CERA no es precisamente de las sencillas para hacer pruebas de este tipo, as&iacute; lo ve el piloto de Suzuki: <em><strong>No hay duda que es un rally muy exigente, con 6 especiales, la mitad en Avila&nbsp; en las que no he competido. Especiales nocturnas en la sierra de Madrid y muchos kil&oacute;metros de enlace. Sin duda un reto importante en el que la &uacute;nica ventaja que tengo es que no tendr&eacute; que forzar para conseguir un buen resultado. De todas maneras una vez metido en materia intentar&eacute; ser competitivo y, sobre todo, llegar al parque cerrado del Jarama.<\/strong><\/em><\/p>\n<p>Debido a la distancia que hay entre las especiales de las dos etapas, los organizadores han previsto dos parques de asistencia. Las instalaciones del Circuito del Jarama dar&aacute;n cabida a la log&iacute;stica de los equipos a partir del jueves (d&iacute;a 17) a las 15.30 horas hasta que finalice el rally. Durante la segunda etapa, los pilotos tendr&aacute;n que acudir al Parking del Recinto Ferial de Avila para realizar la asistencia de sus veh&iacute;culos.<\/p>\n<p>La ceremonia de salida tambi&eacute;n se har&aacute; en el Circuito del Jarama el viernes (d&iacute;a 18) a las 16.00 horas, los participantes una vez hayan pasado por el podio se dirigir&aacute;n hac&iacute;a el Puerto de la Puebla para disputar la primera especial.<\/p>\n<p>El final del VII CAM-RACE est&aacute; previsto a partir de las 16.34 horas del s&aacute;bado (d&iacute;a 19)<\/p>\n<p>&nbsp;<\/p>\n<p style=\"text-align: right;\"><strong><a href=\"http:\/\/www.infoesport.org\/imgNoticia\/2016\/161119JVMad1c.pdf\"><img loading=\"lazy\" decoding=\"async\" style=\"float: right;\" src=\"http:\/\/www.infoesport.org\/auxiliar\/fot\/logos\/icono_pdf.gif\" alt=\"\" width=\"50\" height=\"50\" \/><\/a><\/strong>Servicio de Prensa.<\/p>\n","protected":false},"excerpt":{"rendered":"<p>En el VII Rally Comunidad de Madrid, ultima cita del CERA 2016, Joan Vinyes &#8211; Jordi Mercader cambiaran el Swift de la Copa por un S1600 del equipo Suzuki Motor Sport. De esta manera el piloto andorrano sigue progresando en la b\u00fasqueda de su mejor condici\u00f3n f\u00edsica.<br \/>\nEl objetivo en este final del Campeonato e Espa\u00f1a de Rallys de asfalto (CERA) no ser\u00e1 otro que probarse al volante del que era su veh\u00edculo habitual, una vez completadas con excelentes sensaciones las pruebas disputadas pilotando el Suzuki Swift de la Copa. <\/p>\n","protected":false},"author":1,"featured_media":1677,"comment_status":"closed","ping_status":"closed","sticky":false,"template":"","format":"standard","meta":{"_kadence_starter_templates_imported_post":false,"_kad_post_transparent":"","_kad_post_title":"","_kad_post_layout":"","_kad_post_sidebar_id":"","_kad_post_content_style":"","_kad_post_vertical_padding":"","_kad_post_feature":"","_kad_post_feature_position":"","_kad_post_header":false,"_kad_post_footer":false,"_kad_post_classname":"","footnotes":""},"categories":[46,60],"tags":[],"class_list":["post-2423","post","type-post","status-publish","format-standard","has-post-thumbnail","hentry","category-rallys","category-rallys-asfalto"],"yoast_head":"<!-- This site is optimized with the Yoast SEO plugin v27.4 - https:\/\/yoast.com\/product\/yoast-seo-wordpress\/ -->\n<title>Joan Vinyes al volante de un S1600 de Suzuki Motor Sport en Madrid - Equip vinyes dabad<\/title>\n<meta name=\"robots\" content=\"index, follow, max-snippet:-1, max-image-preview:large, max-video-preview:-1\" \/>\n<link rel=\"canonical\" href=\"https:\/\/equipvinyesdabad.com\/es\/rallys\/joan-vinyes-al-volante-de-un-s1600-de-suzuki-motor-sport-en-madrid\/\" \/>\n<meta property=\"og:locale\" content=\"es_ES\" \/>\n<meta property=\"og:type\" content=\"article\" \/>\n<meta property=\"og:title\" content=\"Joan Vinyes al volante de un S1600 de Suzuki Motor Sport en Madrid - Equip vinyes dabad\" \/>\n<meta property=\"og:description\" content=\"En el VII Rally Comunidad de Madrid, ultima cita del CERA 2016, Joan Vinyes - Jordi Mercader cambiaran el Swift de la Copa por un S1600 del equipo Suzuki Motor Sport. De esta manera el piloto andorrano sigue progresando en la b\u00fasqueda de su mejor condici\u00f3n f\u00edsica.  El objetivo en este final del Campeonato e Espa\u00f1a de Rallys de asfalto (CERA) no ser\u00e1 otro que probarse al volante del que era su veh\u00edculo habitual, una vez completadas con excelentes sensaciones las pruebas disputadas pilotando el Suzuki Swift de la Copa.\" \/>\n<meta property=\"og:url\" content=\"https:\/\/equipvinyesdabad.com\/es\/rallys\/joan-vinyes-al-volante-de-un-s1600-de-suzuki-motor-sport-en-madrid\/\" \/>\n<meta property=\"og:site_name\" content=\"Equip vinyes dabad\" \/>\n<meta property=\"article:published_time\" content=\"2016-11-14T00:00:00+00:00\" \/>\n<meta property=\"article:modified_time\" content=\"2024-10-31T20:10:49+00:00\" \/>\n<meta property=\"og:image\" content=\"https:\/\/equipvinyesdabad.com\/wp-content\/uploads\/2024\/10\/logo_vinyes_dabad.png\" \/>\n\t<meta property=\"og:image:width\" content=\"250\" \/>\n\t<meta property=\"og:image:height\" content=\"130\" \/>\n\t<meta property=\"og:image:type\" content=\"image\/png\" \/>\n<meta name=\"author\" content=\"admin\" \/>\n<meta name=\"twitter:card\" content=\"summary_large_image\" \/>\n<meta name=\"twitter:label1\" content=\"Escrito por\" \/>\n\t<meta name=\"twitter:data1\" content=\"admin\" \/>\n\t<meta name=\"twitter:label2\" content=\"Tiempo de lectura\" \/>\n\t<meta name=\"twitter:data2\" content=\"3 minutos\" \/>\n<script type=\"application\/ld+json\" class=\"yoast-schema-graph\">{\"@context\":\"https:\\\/\\\/schema.org\",\"@graph\":[{\"@type\":\"Article\",\"@id\":\"https:\\\/\\\/equipvinyesdabad.com\\\/es\\\/rallys\\\/joan-vinyes-al-volante-de-un-s1600-de-suzuki-motor-sport-en-madrid\\\/#article\",\"isPartOf\":{\"@id\":\"https:\\\/\\\/equipvinyesdabad.com\\\/es\\\/rallys\\\/joan-vinyes-al-volante-de-un-s1600-de-suzuki-motor-sport-en-madrid\\\/\"},\"author\":{\"name\":\"admin\",\"@id\":\"https:\\\/\\\/equipvinyesdabad.com\\\/es\\\/#\\\/schema\\\/person\\\/962b4c681d63fd4fbd546ec83b775c1b\"},\"headline\":\"Joan Vinyes al volante de un S1600 de Suzuki Motor Sport en Madrid\",\"datePublished\":\"2016-11-14T00:00:00+00:00\",\"dateModified\":\"2024-10-31T20:10:49+00:00\",\"mainEntityOfPage\":{\"@id\":\"https:\\\/\\\/equipvinyesdabad.com\\\/es\\\/rallys\\\/joan-vinyes-al-volante-de-un-s1600-de-suzuki-motor-sport-en-madrid\\\/\"},\"wordCount\":634,\"image\":{\"@id\":\"https:\\\/\\\/equipvinyesdabad.com\\\/es\\\/rallys\\\/joan-vinyes-al-volante-de-un-s1600-de-suzuki-motor-sport-en-madrid\\\/#primaryimage\"},\"thumbnailUrl\":\"https:\\\/\\\/equipvinyesdabad.com\\\/wp-content\\\/uploads\\\/2016\\\/11\\\/28JVCAM3202.jpg\",\"articleSection\":[\"Rallys\",\"Rallys asfalto\"],\"inLanguage\":\"es\"},{\"@type\":\"WebPage\",\"@id\":\"https:\\\/\\\/equipvinyesdabad.com\\\/es\\\/rallys\\\/joan-vinyes-al-volante-de-un-s1600-de-suzuki-motor-sport-en-madrid\\\/\",\"url\":\"https:\\\/\\\/equipvinyesdabad.com\\\/es\\\/rallys\\\/joan-vinyes-al-volante-de-un-s1600-de-suzuki-motor-sport-en-madrid\\\/\",\"name\":\"Joan Vinyes al volante de un S1600 de Suzuki Motor Sport en Madrid - Equip vinyes dabad\",\"isPartOf\":{\"@id\":\"https:\\\/\\\/equipvinyesdabad.com\\\/es\\\/#website\"},\"primaryImageOfPage\":{\"@id\":\"https:\\\/\\\/equipvinyesdabad.com\\\/es\\\/rallys\\\/joan-vinyes-al-volante-de-un-s1600-de-suzuki-motor-sport-en-madrid\\\/#primaryimage\"},\"image\":{\"@id\":\"https:\\\/\\\/equipvinyesdabad.com\\\/es\\\/rallys\\\/joan-vinyes-al-volante-de-un-s1600-de-suzuki-motor-sport-en-madrid\\\/#primaryimage\"},\"thumbnailUrl\":\"https:\\\/\\\/equipvinyesdabad.com\\\/wp-content\\\/uploads\\\/2016\\\/11\\\/28JVCAM3202.jpg\",\"datePublished\":\"2016-11-14T00:00:00+00:00\",\"dateModified\":\"2024-10-31T20:10:49+00:00\",\"author\":{\"@id\":\"https:\\\/\\\/equipvinyesdabad.com\\\/es\\\/#\\\/schema\\\/person\\\/962b4c681d63fd4fbd546ec83b775c1b\"},\"breadcrumb\":{\"@id\":\"https:\\\/\\\/equipvinyesdabad.com\\\/es\\\/rallys\\\/joan-vinyes-al-volante-de-un-s1600-de-suzuki-motor-sport-en-madrid\\\/#breadcrumb\"},\"inLanguage\":\"es\",\"potentialAction\":[{\"@type\":\"ReadAction\",\"target\":[\"https:\\\/\\\/equipvinyesdabad.com\\\/es\\\/rallys\\\/joan-vinyes-al-volante-de-un-s1600-de-suzuki-motor-sport-en-madrid\\\/\"]}]},{\"@type\":\"ImageObject\",\"inLanguage\":\"es\",\"@id\":\"https:\\\/\\\/equipvinyesdabad.com\\\/es\\\/rallys\\\/joan-vinyes-al-volante-de-un-s1600-de-suzuki-motor-sport-en-madrid\\\/#primaryimage\",\"url\":\"https:\\\/\\\/equipvinyesdabad.com\\\/wp-content\\\/uploads\\\/2016\\\/11\\\/28JVCAM3202.jpg\",\"contentUrl\":\"https:\\\/\\\/equipvinyesdabad.com\\\/wp-content\\\/uploads\\\/2016\\\/11\\\/28JVCAM3202.jpg\"},{\"@type\":\"BreadcrumbList\",\"@id\":\"https:\\\/\\\/equipvinyesdabad.com\\\/es\\\/rallys\\\/joan-vinyes-al-volante-de-un-s1600-de-suzuki-motor-sport-en-madrid\\\/#breadcrumb\",\"itemListElement\":[{\"@type\":\"ListItem\",\"position\":1,\"name\":\"Inicio\",\"item\":\"https:\\\/\\\/equipvinyesdabad.com\\\/es\\\/\"},{\"@type\":\"ListItem\",\"position\":2,\"name\":\"Joan Vinyes al volante de un S1600 de Suzuki Motor Sport en Madrid\"}]},{\"@type\":\"WebSite\",\"@id\":\"https:\\\/\\\/equipvinyesdabad.com\\\/es\\\/#website\",\"url\":\"https:\\\/\\\/equipvinyesdabad.com\\\/es\\\/\",\"name\":\"Equip vinyes dabad\",\"description\":\"\",\"potentialAction\":[{\"@type\":\"SearchAction\",\"target\":{\"@type\":\"EntryPoint\",\"urlTemplate\":\"https:\\\/\\\/equipvinyesdabad.com\\\/es\\\/?s={search_term_string}\"},\"query-input\":{\"@type\":\"PropertyValueSpecification\",\"valueRequired\":true,\"valueName\":\"search_term_string\"}}],\"inLanguage\":\"es\"},{\"@type\":\"Person\",\"@id\":\"https:\\\/\\\/equipvinyesdabad.com\\\/es\\\/#\\\/schema\\\/person\\\/962b4c681d63fd4fbd546ec83b775c1b\",\"name\":\"admin\",\"image\":{\"@type\":\"ImageObject\",\"inLanguage\":\"es\",\"@id\":\"https:\\\/\\\/secure.gravatar.com\\\/avatar\\\/6d1c6cfbf1c3aed75f7a05f946b76867c29d677b49f81545b6b9bc58677b08a0?s=96&d=mm&r=g\",\"url\":\"https:\\\/\\\/secure.gravatar.com\\\/avatar\\\/6d1c6cfbf1c3aed75f7a05f946b76867c29d677b49f81545b6b9bc58677b08a0?s=96&d=mm&r=g\",\"contentUrl\":\"https:\\\/\\\/secure.gravatar.com\\\/avatar\\\/6d1c6cfbf1c3aed75f7a05f946b76867c29d677b49f81545b6b9bc58677b08a0?s=96&d=mm&r=g\",\"caption\":\"admin\"},\"sameAs\":[\"https:\\\/\\\/equipvinyesdabad.com\"],\"url\":\"https:\\\/\\\/equipvinyesdabad.com\\\/es\\\/author\\\/web1\\\/\"}]}<\/script>\n<!-- \/ Yoast SEO plugin. -->","yoast_head_json":{"title":"Joan Vinyes al volante de un S1600 de Suzuki Motor Sport en Madrid - Equip vinyes dabad","robots":{"index":"index","follow":"follow","max-snippet":"max-snippet:-1","max-image-preview":"max-image-preview:large","max-video-preview":"max-video-preview:-1"},"canonical":"https:\/\/equipvinyesdabad.com\/es\/rallys\/joan-vinyes-al-volante-de-un-s1600-de-suzuki-motor-sport-en-madrid\/","og_locale":"es_ES","og_type":"article","og_title":"Joan Vinyes al volante de un S1600 de Suzuki Motor Sport en Madrid - Equip vinyes dabad","og_description":"En el VII Rally Comunidad de Madrid, ultima cita del CERA 2016, Joan Vinyes - Jordi Mercader cambiaran el Swift de la Copa por un S1600 del equipo Suzuki Motor Sport. De esta manera el piloto andorrano sigue progresando en la b\u00fasqueda de su mejor condici\u00f3n f\u00edsica.  El objetivo en este final del Campeonato e Espa\u00f1a de Rallys de asfalto (CERA) no ser\u00e1 otro que probarse al volante del que era su veh\u00edculo habitual, una vez completadas con excelentes sensaciones las pruebas disputadas pilotando el Suzuki Swift de la Copa.","og_url":"https:\/\/equipvinyesdabad.com\/es\/rallys\/joan-vinyes-al-volante-de-un-s1600-de-suzuki-motor-sport-en-madrid\/","og_site_name":"Equip vinyes dabad","article_published_time":"2016-11-14T00:00:00+00:00","article_modified_time":"2024-10-31T20:10:49+00:00","og_image":[{"width":250,"height":130,"url":"https:\/\/equipvinyesdabad.com\/wp-content\/uploads\/2024\/10\/logo_vinyes_dabad.png","type":"image\/png"}],"author":"admin","twitter_card":"summary_large_image","twitter_misc":{"Escrito por":"admin","Tiempo de lectura":"3 minutos"},"schema":{"@context":"https:\/\/schema.org","@graph":[{"@type":"Article","@id":"https:\/\/equipvinyesdabad.com\/es\/rallys\/joan-vinyes-al-volante-de-un-s1600-de-suzuki-motor-sport-en-madrid\/#article","isPartOf":{"@id":"https:\/\/equipvinyesdabad.com\/es\/rallys\/joan-vinyes-al-volante-de-un-s1600-de-suzuki-motor-sport-en-madrid\/"},"author":{"name":"admin","@id":"https:\/\/equipvinyesdabad.com\/es\/#\/schema\/person\/962b4c681d63fd4fbd546ec83b775c1b"},"headline":"Joan Vinyes al volante de un S1600 de Suzuki Motor Sport en Madrid","datePublished":"2016-11-14T00:00:00+00:00","dateModified":"2024-10-31T20:10:49+00:00","mainEntityOfPage":{"@id":"https:\/\/equipvinyesdabad.com\/es\/rallys\/joan-vinyes-al-volante-de-un-s1600-de-suzuki-motor-sport-en-madrid\/"},"wordCount":634,"image":{"@id":"https:\/\/equipvinyesdabad.com\/es\/rallys\/joan-vinyes-al-volante-de-un-s1600-de-suzuki-motor-sport-en-madrid\/#primaryimage"},"thumbnailUrl":"https:\/\/equipvinyesdabad.com\/wp-content\/uploads\/2016\/11\/28JVCAM3202.jpg","articleSection":["Rallys","Rallys asfalto"],"inLanguage":"es"},{"@type":"WebPage","@id":"https:\/\/equipvinyesdabad.com\/es\/rallys\/joan-vinyes-al-volante-de-un-s1600-de-suzuki-motor-sport-en-madrid\/","url":"https:\/\/equipvinyesdabad.com\/es\/rallys\/joan-vinyes-al-volante-de-un-s1600-de-suzuki-motor-sport-en-madrid\/","name":"Joan Vinyes al volante de un S1600 de Suzuki Motor Sport en Madrid - Equip vinyes dabad","isPartOf":{"@id":"https:\/\/equipvinyesdabad.com\/es\/#website"},"primaryImageOfPage":{"@id":"https:\/\/equipvinyesdabad.com\/es\/rallys\/joan-vinyes-al-volante-de-un-s1600-de-suzuki-motor-sport-en-madrid\/#primaryimage"},"image":{"@id":"https:\/\/equipvinyesdabad.com\/es\/rallys\/joan-vinyes-al-volante-de-un-s1600-de-suzuki-motor-sport-en-madrid\/#primaryimage"},"thumbnailUrl":"https:\/\/equipvinyesdabad.com\/wp-content\/uploads\/2016\/11\/28JVCAM3202.jpg","datePublished":"2016-11-14T00:00:00+00:00","dateModified":"2024-10-31T20:10:49+00:00","author":{"@id":"https:\/\/equipvinyesdabad.com\/es\/#\/schema\/person\/962b4c681d63fd4fbd546ec83b775c1b"},"breadcrumb":{"@id":"https:\/\/equipvinyesdabad.com\/es\/rallys\/joan-vinyes-al-volante-de-un-s1600-de-suzuki-motor-sport-en-madrid\/#breadcrumb"},"inLanguage":"es","potentialAction":[{"@type":"ReadAction","target":["https:\/\/equipvinyesdabad.com\/es\/rallys\/joan-vinyes-al-volante-de-un-s1600-de-suzuki-motor-sport-en-madrid\/"]}]},{"@type":"ImageObject","inLanguage":"es","@id":"https:\/\/equipvinyesdabad.com\/es\/rallys\/joan-vinyes-al-volante-de-un-s1600-de-suzuki-motor-sport-en-madrid\/#primaryimage","url":"https:\/\/equipvinyesdabad.com\/wp-content\/uploads\/2016\/11\/28JVCAM3202.jpg","contentUrl":"https:\/\/equipvinyesdabad.com\/wp-content\/uploads\/2016\/11\/28JVCAM3202.jpg"},{"@type":"BreadcrumbList","@id":"https:\/\/equipvinyesdabad.com\/es\/rallys\/joan-vinyes-al-volante-de-un-s1600-de-suzuki-motor-sport-en-madrid\/#breadcrumb","itemListElement":[{"@type":"ListItem","position":1,"name":"Inicio","item":"https:\/\/equipvinyesdabad.com\/es\/"},{"@type":"ListItem","position":2,"name":"Joan Vinyes al volante de un S1600 de Suzuki Motor Sport en Madrid"}]},{"@type":"WebSite","@id":"https:\/\/equipvinyesdabad.com\/es\/#website","url":"https:\/\/equipvinyesdabad.com\/es\/","name":"Equip vinyes dabad","description":"","potentialAction":[{"@type":"SearchAction","target":{"@type":"EntryPoint","urlTemplate":"https:\/\/equipvinyesdabad.com\/es\/?s={search_term_string}"},"query-input":{"@type":"PropertyValueSpecification","valueRequired":true,"valueName":"search_term_string"}}],"inLanguage":"es"},{"@type":"Person","@id":"https:\/\/equipvinyesdabad.com\/es\/#\/schema\/person\/962b4c681d63fd4fbd546ec83b775c1b","name":"admin","image":{"@type":"ImageObject","inLanguage":"es","@id":"https:\/\/secure.gravatar.com\/avatar\/6d1c6cfbf1c3aed75f7a05f946b76867c29d677b49f81545b6b9bc58677b08a0?s=96&d=mm&r=g","url":"https:\/\/secure.gravatar.com\/avatar\/6d1c6cfbf1c3aed75f7a05f946b76867c29d677b49f81545b6b9bc58677b08a0?s=96&d=mm&r=g","contentUrl":"https:\/\/secure.gravatar.com\/avatar\/6d1c6cfbf1c3aed75f7a05f946b76867c29d677b49f81545b6b9bc58677b08a0?s=96&d=mm&r=g","caption":"admin"},"sameAs":["https:\/\/equipvinyesdabad.com"],"url":"https:\/\/equipvinyesdabad.com\/es\/author\/web1\/"}]}},"_links":{"self":[{"href":"https:\/\/equipvinyesdabad.com\/es\/wp-json\/wp\/v2\/posts\/2423","targetHints":{"allow":["GET"]}}],"collection":[{"href":"https:\/\/equipvinyesdabad.com\/es\/wp-json\/wp\/v2\/posts"}],"about":[{"href":"https:\/\/equipvinyesdabad.com\/es\/wp-json\/wp\/v2\/types\/post"}],"author":[{"embeddable":true,"href":"https:\/\/equipvinyesdabad.com\/es\/wp-json\/wp\/v2\/users\/1"}],"replies":[{"embeddable":true,"href":"https:\/\/equipvinyesdabad.com\/es\/wp-json\/wp\/v2\/comments?post=2423"}],"version-history":[{"count":3,"href":"https:\/\/equipvinyesdabad.com\/es\/wp-json\/wp\/v2\/posts\/2423\/revisions"}],"predecessor-version":[{"id":4534,"href":"https:\/\/equipvinyesdabad.com\/es\/wp-json\/wp\/v2\/posts\/2423\/revisions\/4534"}],"wp:featuredmedia":[{"embeddable":true,"href":"https:\/\/equipvinyesdabad.com\/es\/wp-json\/wp\/v2\/media\/1677"}],"wp:attachment":[{"href":"https:\/\/equipvinyesdabad.com\/es\/wp-json\/wp\/v2\/media?parent=2423"}],"wp:term":[{"taxonomy":"category","embeddable":true,"href":"https:\/\/equipvinyesdabad.com\/es\/wp-json\/wp\/v2\/categories?post=2423"},{"taxonomy":"post_tag","embeddable":true,"href":"https:\/\/equipvinyesdabad.com\/es\/wp-json\/wp\/v2\/tags?post=2423"}],"curies":[{"name":"wp","href":"https:\/\/api.w.org\/{rel}","templated":true}]}}