{"id":2429,"date":"2016-10-16T00:00:00","date_gmt":"2016-10-16T00:00:00","guid":{"rendered":"https:\/\/equipvinyesdabad.com\/?p=2429"},"modified":"2024-10-31T20:22:38","modified_gmt":"2024-10-31T20:22:38","slug":"podio-para-joan-vinyes-en-su-retorno-al-circuito-del-jarama","status":"publish","type":"post","link":"https:\/\/equipvinyesdabad.com\/es\/circuitos\/podio-para-joan-vinyes-en-su-retorno-al-circuito-del-jarama\/","title":{"rendered":"Podio para Joan Vinyes en su retorno al circuito del Jarama"},"content":{"rendered":"<p style=\"text-align: justify;\">Joan Vinyes (Seat Le&oacute;n Cup) volvi&oacute; a estar a un gran nivel en el circuito del Jarama, en la disputa de la &uacute;ltima cita del Campeonato de Espa&ntilde;a de Resistencia de la presente temporada. Despu&eacute;s de ser muy regular durante las mangas previas del meeting, consigui&oacute; finalizar la carrera&nbsp; (2 horas + 1 vuelta) en la tercera posici&oacute;n de la clase TCR.<\/p>\n<p>Las dos jornadas de competici&oacute;n en la pista madrile&ntilde;a, se disputaron con una climatolog&iacute;a muy diferente. Los entrenamientos libres se corrieron con el cielo muy nublado amenazando lluvia en todo momento. Durante el s&aacute;bado (d&iacute;a 15) brill&oacute; el sol pero, sobre todo durante la disputa de los entrenamientos cronometrados, el ambiente era fresco y en consecuencia calentar ruedas tuvo cierta dificultad.<\/p>\n<p>Durante los entrenamientos libres (50&rsquo; cada serie), Joan pudo comprobar que su ritmo de competici&oacute;n era muy bueno y como prueba solo cabe mencionar que fue el m&aacute;s r&aacute;pido en las dos series disputadas. Al final de este primer d&iacute;a de actividad en la pista del Jarama el piloto andorrano se mostraba muy satisfecho con el trabajo realizado: <em><strong>Estoy muy contento de como han ido estos entrenamientos libres. Me han servido para coger confianza y, en general, me he olvidado de los problemas de la mano. En puntos complicados del trazado me he tirado a por todas y tanto el Le&oacute;n como yo mismo hemos reaccionado sin problemas. Sin duda muy satisfecho de este inicio de meeting despu&eacute;s de tanto tiempo sin pisar la pista del Jarama.<\/strong><\/em><\/p>\n<p>Entrenamientos oficiales (15&rsquo; cada serie): Se desarrollaron siguiendo la misma l&iacute;nea de la jornada anterior. En esta ocasi&oacute;n, en la primera serie Joan ocup&oacute; la segunda plaza, a 2 d&eacute;cimas de la pole-position marcada por su compa&ntilde;ero de equipo Faust Salom. <br \/>En la continuaci&oacute;n volvi&oacute; a ser el m&aacute;s r&aacute;pido y en el computo de las dos series tambi&eacute;n ocup&oacute; la segunda plaza entre los TCR. Este era el comentario de Joan al bajar del coche: <em><strong>En la recta final de estos oficiales, me han comentado desde el muro que ocupaba la segunda plaza a 2 d&eacute;cimas de la pole de los TCR. Quiz&aacute; hubiera conseguido rebajar un poco mi crono pero he pensado que no val&iacute;a la pena arriesgar. Salimos entre los mejores y esto en una carrera de 2 horas es suficiente. Hay que tener en cuenta que hay cambios de ruedas,&nbsp; repostar, SC &#8230; En fin que hay factores at&iacute;picos que pueden ser determinantes.<\/strong><\/em><\/p>\n<p>Carrera de 2 horas + 1 v: Como es habitual en el piloto andorrano, protagoniz&oacute; una excelente salida y se situ&oacute; justo detr&aacute;s del l&iacute;der de la clase TCR (Faust Salom). En las diferentes paradas en el pit-lane i salidas del SC (safety car) Joan no tuvo la suerte de cara y en la recta final se vio obligado a remontar para subir al tercer caj&oacute;n del ultimo podio del CER 2016: As&iacute; se expresaba Joan: <em><strong>Estoy muy satisfecho, he competido dos horas a un nivel muy bueno, es decir al ritmo de los m&aacute;s r&aacute;pidos y he aguantado sin problemas. La carrera ha sido dura con muchas salidas del SC y esto siempre corta el ritmo. De todas maneras este problema en el Jarama es habitual, pero es el mismo para todos. Como dec&iacute;a al principio muy satisfecho de como me he encontrado y de como he competido.<\/strong> <\/em><\/p>\n<p>Quiz&aacute; uno de los momentos complicados de la carrera fue cuando su ingeniero le comunic&oacute; por radio a Joan que, debido a la salida en el momento m&aacute;s inoportuno del SC hab&iacute;a perdido una vuelta, este era su comentario: <em><strong>Adem&aacute;s hab&iacute;a ca&iacute;do a la septima posici&oacute;n. No quedaba otra opci&oacute;n que seguir peleando e intentar recuperar posiciones. Al final llegamos al podio.<\/strong><\/em><\/p>\n<p>Despu&eacute;s de superar un obst&aacute;culo m&aacute;s hacia su recuperaci&oacute;n total, Joan no descarta seguir compitiendo esta temporada aunque de momento sin un calendario confirmado.<\/p>\n<p style=\"text-align: right;\"><strong><a href=\"http:\/\/www.infoesport.org\/imgNoticia\/2016\/161015JVJar2c.pdf\"><img loading=\"lazy\" decoding=\"async\" style=\"float: right;\" src=\"http:\/\/www.infoesport.org\/auxiliar\/fot\/logos\/icono_pdf.gif\" alt=\"\" width=\"50\" height=\"50\" \/><\/a><\/strong>Servicio de prensa.<\/p>\n<p style=\"text-align: center;\"><span style=\"font-size: medium;\"><strong>Clasificaciones CER \/ Circuito del Jarama<\/strong><\/span><br \/><span style=\"font-size: medium;\"><strong>Clase TCR.<\/strong><\/span><\/p>\n<p style=\"text-align: justify;\"><strong>Oficiales 1:<\/strong> 1-Font-Salom (Seat Le&oacute;n Cup) a 1&rsquo;39&rdquo;258, <strong>2.-Joan Vinyes (Seat Leon Cup), 1&rsquo;39&rdquo;607,<\/strong> 3.-Am&agrave;lia Vinyes (Seat Le&oacute;n Cup), 1&rsquo;41&rdquo;291, 4.-MIchel Lepoudre (Seat Le&oacute;n Cup), 1&rsquo;41&rdquo;355, 5.-H.Arruabarrena-Aristi-Masdeu (Seat Le&oacute;n Cup), a 22&rdquo;314.<\/p>\n<p><strong>Oficiales 2:<\/strong> <strong>1.-Joan Vinyes (Seat Leon Cup), 1&rsquo;39&rdquo;681<\/strong>, 1-Font-Salom (Seat Le&oacute;n Cup) a 1&rsquo;39&rdquo;856, 5.-H.Arruabarrena-Aristi-Masdeu (Seat Le&oacute;n Cup), a 1&rsquo;40&rdquo;164, 4.-Am&agrave;lia Vinyes (Seat Le&oacute;n Cup), 1&rsquo;40&rdquo;377, 5.-MIchel Lepoudre (Seat Le&oacute;n Cup), 1&rsquo;41&rdquo;834, .<\/p>\n<p><strong>Carrera 2 hores:<\/strong> 1.-Font-Salom (Seat Le&oacute;n Cup) a 2h02&rsquo;19&rdquo;423, 2.-Am&agrave;lia Vinyes (Seat Le&oacute;n Cup), 17&rdquo;501, <strong>3.-Joan Vinyes (Seat Le&oacute;n Cup) a 1 v.<\/strong>, 4.-E.Makushin-Z.Makushin (Seat Le&oacute;n Cup) a 1 v., 5.-Carb&oacute;-Sicart (Seat Le&oacute;n Cup) a 1 v.<\/p>\n","protected":false},"excerpt":{"rendered":"<p>Joan Vinyes (Seat Le\u00f3n Cup) volvi\u00f3 a estar a un gran nivel en el circuito del Jarama, en la disputa de la \u00faltima cita del Campeonato de Espa\u00f1a de Resistencia de la presente temporada. Despu\u00e9s de ser muy regular durante las mangas previas del meeting, consigui\u00f3 finalizar la carrera  (2 horas + 1 vuelta) en la tercera posici\u00f3n de la clase TCR.<\/p>\n","protected":false},"author":1,"featured_media":1680,"comment_status":"closed","ping_status":"closed","sticky":false,"template":"","format":"standard","meta":{"_kadence_starter_templates_imported_post":false,"_kad_post_transparent":"","_kad_post_title":"","_kad_post_layout":"","_kad_post_sidebar_id":"","_kad_post_content_style":"","_kad_post_vertical_padding":"","_kad_post_feature":"","_kad_post_feature_position":"","_kad_post_header":false,"_kad_post_footer":false,"_kad_post_classname":"","footnotes":""},"categories":[52,92],"tags":[],"class_list":["post-2429","post","type-post","status-publish","format-standard","has-post-thumbnail","hentry","category-circuitos","category-circuitos-espana"],"yoast_head":"<!-- This site is optimized with the Yoast SEO plugin v27.4 - https:\/\/yoast.com\/product\/yoast-seo-wordpress\/ -->\n<title>Podio para Joan Vinyes en su retorno al circuito del Jarama - Equip vinyes dabad<\/title>\n<meta name=\"robots\" content=\"index, follow, max-snippet:-1, max-image-preview:large, max-video-preview:-1\" \/>\n<link rel=\"canonical\" href=\"https:\/\/equipvinyesdabad.com\/es\/circuitos\/podio-para-joan-vinyes-en-su-retorno-al-circuito-del-jarama\/\" \/>\n<meta property=\"og:locale\" content=\"es_ES\" \/>\n<meta property=\"og:type\" content=\"article\" \/>\n<meta property=\"og:title\" content=\"Podio para Joan Vinyes en su retorno al circuito del Jarama - Equip vinyes dabad\" \/>\n<meta property=\"og:description\" content=\"Joan Vinyes (Seat Le\u00f3n Cup) volvi\u00f3 a estar a un gran nivel en el circuito del Jarama, en la disputa de la \u00faltima cita del Campeonato de Espa\u00f1a de Resistencia de la presente temporada. Despu\u00e9s de ser muy regular durante las mangas previas del meeting, consigui\u00f3 finalizar la carrera (2 horas + 1 vuelta) en la tercera posici\u00f3n de la clase TCR.\" \/>\n<meta property=\"og:url\" content=\"https:\/\/equipvinyesdabad.com\/es\/circuitos\/podio-para-joan-vinyes-en-su-retorno-al-circuito-del-jarama\/\" \/>\n<meta property=\"og:site_name\" content=\"Equip vinyes dabad\" \/>\n<meta property=\"article:published_time\" content=\"2016-10-16T00:00:00+00:00\" \/>\n<meta property=\"article:modified_time\" content=\"2024-10-31T20:22:38+00:00\" \/>\n<meta property=\"og:image\" content=\"https:\/\/equipvinyesdabad.com\/wp-content\/uploads\/2024\/10\/logo_vinyes_dabad.png\" \/>\n\t<meta property=\"og:image:width\" content=\"250\" \/>\n\t<meta property=\"og:image:height\" content=\"130\" \/>\n\t<meta property=\"og:image:type\" content=\"image\/png\" \/>\n<meta name=\"author\" content=\"admin\" \/>\n<meta name=\"twitter:card\" content=\"summary_large_image\" \/>\n<meta name=\"twitter:label1\" content=\"Escrito por\" \/>\n\t<meta name=\"twitter:data1\" content=\"admin\" \/>\n\t<meta name=\"twitter:label2\" content=\"Tiempo de lectura\" \/>\n\t<meta name=\"twitter:data2\" content=\"4 minutos\" \/>\n<script type=\"application\/ld+json\" class=\"yoast-schema-graph\">{\"@context\":\"https:\\\/\\\/schema.org\",\"@graph\":[{\"@type\":\"Article\",\"@id\":\"https:\\\/\\\/equipvinyesdabad.com\\\/es\\\/circuitos\\\/podio-para-joan-vinyes-en-su-retorno-al-circuito-del-jarama\\\/#article\",\"isPartOf\":{\"@id\":\"https:\\\/\\\/equipvinyesdabad.com\\\/es\\\/circuitos\\\/podio-para-joan-vinyes-en-su-retorno-al-circuito-del-jarama\\\/\"},\"author\":{\"name\":\"admin\",\"@id\":\"https:\\\/\\\/equipvinyesdabad.com\\\/es\\\/#\\\/schema\\\/person\\\/962b4c681d63fd4fbd546ec83b775c1b\"},\"headline\":\"Podio para Joan Vinyes en su retorno al circuito del Jarama\",\"datePublished\":\"2016-10-16T00:00:00+00:00\",\"dateModified\":\"2024-10-31T20:22:38+00:00\",\"mainEntityOfPage\":{\"@id\":\"https:\\\/\\\/equipvinyesdabad.com\\\/es\\\/circuitos\\\/podio-para-joan-vinyes-en-su-retorno-al-circuito-del-jarama\\\/\"},\"wordCount\":896,\"image\":{\"@id\":\"https:\\\/\\\/equipvinyesdabad.com\\\/es\\\/circuitos\\\/podio-para-joan-vinyes-en-su-retorno-al-circuito-del-jarama\\\/#primaryimage\"},\"thumbnailUrl\":\"https:\\\/\\\/equipvinyesdabad.com\\\/wp-content\\\/uploads\\\/2016\\\/10\\\/13JVJar2091.jpg\",\"articleSection\":[\"Circuitos\",\"Circuitos Espa\u00f1a\"],\"inLanguage\":\"es\"},{\"@type\":\"WebPage\",\"@id\":\"https:\\\/\\\/equipvinyesdabad.com\\\/es\\\/circuitos\\\/podio-para-joan-vinyes-en-su-retorno-al-circuito-del-jarama\\\/\",\"url\":\"https:\\\/\\\/equipvinyesdabad.com\\\/es\\\/circuitos\\\/podio-para-joan-vinyes-en-su-retorno-al-circuito-del-jarama\\\/\",\"name\":\"Podio para Joan Vinyes en su retorno al circuito del Jarama - Equip vinyes dabad\",\"isPartOf\":{\"@id\":\"https:\\\/\\\/equipvinyesdabad.com\\\/es\\\/#website\"},\"primaryImageOfPage\":{\"@id\":\"https:\\\/\\\/equipvinyesdabad.com\\\/es\\\/circuitos\\\/podio-para-joan-vinyes-en-su-retorno-al-circuito-del-jarama\\\/#primaryimage\"},\"image\":{\"@id\":\"https:\\\/\\\/equipvinyesdabad.com\\\/es\\\/circuitos\\\/podio-para-joan-vinyes-en-su-retorno-al-circuito-del-jarama\\\/#primaryimage\"},\"thumbnailUrl\":\"https:\\\/\\\/equipvinyesdabad.com\\\/wp-content\\\/uploads\\\/2016\\\/10\\\/13JVJar2091.jpg\",\"datePublished\":\"2016-10-16T00:00:00+00:00\",\"dateModified\":\"2024-10-31T20:22:38+00:00\",\"author\":{\"@id\":\"https:\\\/\\\/equipvinyesdabad.com\\\/es\\\/#\\\/schema\\\/person\\\/962b4c681d63fd4fbd546ec83b775c1b\"},\"breadcrumb\":{\"@id\":\"https:\\\/\\\/equipvinyesdabad.com\\\/es\\\/circuitos\\\/podio-para-joan-vinyes-en-su-retorno-al-circuito-del-jarama\\\/#breadcrumb\"},\"inLanguage\":\"es\",\"potentialAction\":[{\"@type\":\"ReadAction\",\"target\":[\"https:\\\/\\\/equipvinyesdabad.com\\\/es\\\/circuitos\\\/podio-para-joan-vinyes-en-su-retorno-al-circuito-del-jarama\\\/\"]}]},{\"@type\":\"ImageObject\",\"inLanguage\":\"es\",\"@id\":\"https:\\\/\\\/equipvinyesdabad.com\\\/es\\\/circuitos\\\/podio-para-joan-vinyes-en-su-retorno-al-circuito-del-jarama\\\/#primaryimage\",\"url\":\"https:\\\/\\\/equipvinyesdabad.com\\\/wp-content\\\/uploads\\\/2016\\\/10\\\/13JVJar2091.jpg\",\"contentUrl\":\"https:\\\/\\\/equipvinyesdabad.com\\\/wp-content\\\/uploads\\\/2016\\\/10\\\/13JVJar2091.jpg\"},{\"@type\":\"BreadcrumbList\",\"@id\":\"https:\\\/\\\/equipvinyesdabad.com\\\/es\\\/circuitos\\\/podio-para-joan-vinyes-en-su-retorno-al-circuito-del-jarama\\\/#breadcrumb\",\"itemListElement\":[{\"@type\":\"ListItem\",\"position\":1,\"name\":\"Inicio\",\"item\":\"https:\\\/\\\/equipvinyesdabad.com\\\/es\\\/\"},{\"@type\":\"ListItem\",\"position\":2,\"name\":\"Podio para Joan Vinyes en su retorno al circuito del Jarama\"}]},{\"@type\":\"WebSite\",\"@id\":\"https:\\\/\\\/equipvinyesdabad.com\\\/es\\\/#website\",\"url\":\"https:\\\/\\\/equipvinyesdabad.com\\\/es\\\/\",\"name\":\"Equip vinyes dabad\",\"description\":\"\",\"potentialAction\":[{\"@type\":\"SearchAction\",\"target\":{\"@type\":\"EntryPoint\",\"urlTemplate\":\"https:\\\/\\\/equipvinyesdabad.com\\\/es\\\/?s={search_term_string}\"},\"query-input\":{\"@type\":\"PropertyValueSpecification\",\"valueRequired\":true,\"valueName\":\"search_term_string\"}}],\"inLanguage\":\"es\"},{\"@type\":\"Person\",\"@id\":\"https:\\\/\\\/equipvinyesdabad.com\\\/es\\\/#\\\/schema\\\/person\\\/962b4c681d63fd4fbd546ec83b775c1b\",\"name\":\"admin\",\"image\":{\"@type\":\"ImageObject\",\"inLanguage\":\"es\",\"@id\":\"https:\\\/\\\/secure.gravatar.com\\\/avatar\\\/6d1c6cfbf1c3aed75f7a05f946b76867c29d677b49f81545b6b9bc58677b08a0?s=96&d=mm&r=g\",\"url\":\"https:\\\/\\\/secure.gravatar.com\\\/avatar\\\/6d1c6cfbf1c3aed75f7a05f946b76867c29d677b49f81545b6b9bc58677b08a0?s=96&d=mm&r=g\",\"contentUrl\":\"https:\\\/\\\/secure.gravatar.com\\\/avatar\\\/6d1c6cfbf1c3aed75f7a05f946b76867c29d677b49f81545b6b9bc58677b08a0?s=96&d=mm&r=g\",\"caption\":\"admin\"},\"sameAs\":[\"https:\\\/\\\/equipvinyesdabad.com\"],\"url\":\"https:\\\/\\\/equipvinyesdabad.com\\\/es\\\/author\\\/web1\\\/\"}]}<\/script>\n<!-- \/ Yoast SEO plugin. -->","yoast_head_json":{"title":"Podio para Joan Vinyes en su retorno al circuito del Jarama - Equip vinyes dabad","robots":{"index":"index","follow":"follow","max-snippet":"max-snippet:-1","max-image-preview":"max-image-preview:large","max-video-preview":"max-video-preview:-1"},"canonical":"https:\/\/equipvinyesdabad.com\/es\/circuitos\/podio-para-joan-vinyes-en-su-retorno-al-circuito-del-jarama\/","og_locale":"es_ES","og_type":"article","og_title":"Podio para Joan Vinyes en su retorno al circuito del Jarama - Equip vinyes dabad","og_description":"Joan Vinyes (Seat Le\u00f3n Cup) volvi\u00f3 a estar a un gran nivel en el circuito del Jarama, en la disputa de la \u00faltima cita del Campeonato de Espa\u00f1a de Resistencia de la presente temporada. Despu\u00e9s de ser muy regular durante las mangas previas del meeting, consigui\u00f3 finalizar la carrera (2 horas + 1 vuelta) en la tercera posici\u00f3n de la clase TCR.","og_url":"https:\/\/equipvinyesdabad.com\/es\/circuitos\/podio-para-joan-vinyes-en-su-retorno-al-circuito-del-jarama\/","og_site_name":"Equip vinyes dabad","article_published_time":"2016-10-16T00:00:00+00:00","article_modified_time":"2024-10-31T20:22:38+00:00","og_image":[{"width":250,"height":130,"url":"https:\/\/equipvinyesdabad.com\/wp-content\/uploads\/2024\/10\/logo_vinyes_dabad.png","type":"image\/png"}],"author":"admin","twitter_card":"summary_large_image","twitter_misc":{"Escrito por":"admin","Tiempo de lectura":"4 minutos"},"schema":{"@context":"https:\/\/schema.org","@graph":[{"@type":"Article","@id":"https:\/\/equipvinyesdabad.com\/es\/circuitos\/podio-para-joan-vinyes-en-su-retorno-al-circuito-del-jarama\/#article","isPartOf":{"@id":"https:\/\/equipvinyesdabad.com\/es\/circuitos\/podio-para-joan-vinyes-en-su-retorno-al-circuito-del-jarama\/"},"author":{"name":"admin","@id":"https:\/\/equipvinyesdabad.com\/es\/#\/schema\/person\/962b4c681d63fd4fbd546ec83b775c1b"},"headline":"Podio para Joan Vinyes en su retorno al circuito del Jarama","datePublished":"2016-10-16T00:00:00+00:00","dateModified":"2024-10-31T20:22:38+00:00","mainEntityOfPage":{"@id":"https:\/\/equipvinyesdabad.com\/es\/circuitos\/podio-para-joan-vinyes-en-su-retorno-al-circuito-del-jarama\/"},"wordCount":896,"image":{"@id":"https:\/\/equipvinyesdabad.com\/es\/circuitos\/podio-para-joan-vinyes-en-su-retorno-al-circuito-del-jarama\/#primaryimage"},"thumbnailUrl":"https:\/\/equipvinyesdabad.com\/wp-content\/uploads\/2016\/10\/13JVJar2091.jpg","articleSection":["Circuitos","Circuitos Espa\u00f1a"],"inLanguage":"es"},{"@type":"WebPage","@id":"https:\/\/equipvinyesdabad.com\/es\/circuitos\/podio-para-joan-vinyes-en-su-retorno-al-circuito-del-jarama\/","url":"https:\/\/equipvinyesdabad.com\/es\/circuitos\/podio-para-joan-vinyes-en-su-retorno-al-circuito-del-jarama\/","name":"Podio para Joan Vinyes en su retorno al circuito del Jarama - Equip vinyes dabad","isPartOf":{"@id":"https:\/\/equipvinyesdabad.com\/es\/#website"},"primaryImageOfPage":{"@id":"https:\/\/equipvinyesdabad.com\/es\/circuitos\/podio-para-joan-vinyes-en-su-retorno-al-circuito-del-jarama\/#primaryimage"},"image":{"@id":"https:\/\/equipvinyesdabad.com\/es\/circuitos\/podio-para-joan-vinyes-en-su-retorno-al-circuito-del-jarama\/#primaryimage"},"thumbnailUrl":"https:\/\/equipvinyesdabad.com\/wp-content\/uploads\/2016\/10\/13JVJar2091.jpg","datePublished":"2016-10-16T00:00:00+00:00","dateModified":"2024-10-31T20:22:38+00:00","author":{"@id":"https:\/\/equipvinyesdabad.com\/es\/#\/schema\/person\/962b4c681d63fd4fbd546ec83b775c1b"},"breadcrumb":{"@id":"https:\/\/equipvinyesdabad.com\/es\/circuitos\/podio-para-joan-vinyes-en-su-retorno-al-circuito-del-jarama\/#breadcrumb"},"inLanguage":"es","potentialAction":[{"@type":"ReadAction","target":["https:\/\/equipvinyesdabad.com\/es\/circuitos\/podio-para-joan-vinyes-en-su-retorno-al-circuito-del-jarama\/"]}]},{"@type":"ImageObject","inLanguage":"es","@id":"https:\/\/equipvinyesdabad.com\/es\/circuitos\/podio-para-joan-vinyes-en-su-retorno-al-circuito-del-jarama\/#primaryimage","url":"https:\/\/equipvinyesdabad.com\/wp-content\/uploads\/2016\/10\/13JVJar2091.jpg","contentUrl":"https:\/\/equipvinyesdabad.com\/wp-content\/uploads\/2016\/10\/13JVJar2091.jpg"},{"@type":"BreadcrumbList","@id":"https:\/\/equipvinyesdabad.com\/es\/circuitos\/podio-para-joan-vinyes-en-su-retorno-al-circuito-del-jarama\/#breadcrumb","itemListElement":[{"@type":"ListItem","position":1,"name":"Inicio","item":"https:\/\/equipvinyesdabad.com\/es\/"},{"@type":"ListItem","position":2,"name":"Podio para Joan Vinyes en su retorno al circuito del Jarama"}]},{"@type":"WebSite","@id":"https:\/\/equipvinyesdabad.com\/es\/#website","url":"https:\/\/equipvinyesdabad.com\/es\/","name":"Equip vinyes dabad","description":"","potentialAction":[{"@type":"SearchAction","target":{"@type":"EntryPoint","urlTemplate":"https:\/\/equipvinyesdabad.com\/es\/?s={search_term_string}"},"query-input":{"@type":"PropertyValueSpecification","valueRequired":true,"valueName":"search_term_string"}}],"inLanguage":"es"},{"@type":"Person","@id":"https:\/\/equipvinyesdabad.com\/es\/#\/schema\/person\/962b4c681d63fd4fbd546ec83b775c1b","name":"admin","image":{"@type":"ImageObject","inLanguage":"es","@id":"https:\/\/secure.gravatar.com\/avatar\/6d1c6cfbf1c3aed75f7a05f946b76867c29d677b49f81545b6b9bc58677b08a0?s=96&d=mm&r=g","url":"https:\/\/secure.gravatar.com\/avatar\/6d1c6cfbf1c3aed75f7a05f946b76867c29d677b49f81545b6b9bc58677b08a0?s=96&d=mm&r=g","contentUrl":"https:\/\/secure.gravatar.com\/avatar\/6d1c6cfbf1c3aed75f7a05f946b76867c29d677b49f81545b6b9bc58677b08a0?s=96&d=mm&r=g","caption":"admin"},"sameAs":["https:\/\/equipvinyesdabad.com"],"url":"https:\/\/equipvinyesdabad.com\/es\/author\/web1\/"}]}},"_links":{"self":[{"href":"https:\/\/equipvinyesdabad.com\/es\/wp-json\/wp\/v2\/posts\/2429","targetHints":{"allow":["GET"]}}],"collection":[{"href":"https:\/\/equipvinyesdabad.com\/es\/wp-json\/wp\/v2\/posts"}],"about":[{"href":"https:\/\/equipvinyesdabad.com\/es\/wp-json\/wp\/v2\/types\/post"}],"author":[{"embeddable":true,"href":"https:\/\/equipvinyesdabad.com\/es\/wp-json\/wp\/v2\/users\/1"}],"replies":[{"embeddable":true,"href":"https:\/\/equipvinyesdabad.com\/es\/wp-json\/wp\/v2\/comments?post=2429"}],"version-history":[{"count":3,"href":"https:\/\/equipvinyesdabad.com\/es\/wp-json\/wp\/v2\/posts\/2429\/revisions"}],"predecessor-version":[{"id":4546,"href":"https:\/\/equipvinyesdabad.com\/es\/wp-json\/wp\/v2\/posts\/2429\/revisions\/4546"}],"wp:featuredmedia":[{"embeddable":true,"href":"https:\/\/equipvinyesdabad.com\/es\/wp-json\/wp\/v2\/media\/1680"}],"wp:attachment":[{"href":"https:\/\/equipvinyesdabad.com\/es\/wp-json\/wp\/v2\/media?parent=2429"}],"wp:term":[{"taxonomy":"category","embeddable":true,"href":"https:\/\/equipvinyesdabad.com\/es\/wp-json\/wp\/v2\/categories?post=2429"},{"taxonomy":"post_tag","embeddable":true,"href":"https:\/\/equipvinyesdabad.com\/es\/wp-json\/wp\/v2\/tags?post=2429"}],"curies":[{"name":"wp","href":"https:\/\/api.w.org\/{rel}","templated":true}]}}