{"id":2432,"date":"2016-09-25T00:00:00","date_gmt":"2016-09-25T00:00:00","guid":{"rendered":"https:\/\/equipvinyesdabad.com\/?p=2432"},"modified":"2024-10-31T20:10:49","modified_gmt":"2024-10-31T20:10:49","slug":"joan-vinyesestoy-muy-contento-de-haber-llegado-hasta-aqui","status":"publish","type":"post","link":"https:\/\/equipvinyesdabad.com\/es\/rallys\/joan-vinyesestoy-muy-contento-de-haber-llegado-hasta-aqui\/","title":{"rendered":"Joan Vinyes:\u00a1Estoy muy contento de haber llegado hasta aqu\u00ed!"},"content":{"rendered":"<p style=\"text-align: justify;\">Con estas palabras defin&iacute;a Joan Vinyes su estado de &aacute;nimo una vez situado el Suzuki Swift de la copa en el parque cerrado final del 40 Rally villa de Llanes, en el parking de la playa del Sabl&oacute;n. Joan Vinyes hab&iacute;a cumplido el objetivo prioritario en su retorno al mundo de los rallys.<br \/>Joan Vinyes &#8211; Jordi Mercader volvieron a competir en un rally v&aacute;lido para el Campeonato de Espa&ntilde;a de Rallys de asfalto (CERA) despu&eacute;s de m&aacute;s de un a&ntilde;o y medio de inactividad forzada. Como queda dicho, el mencionado t&aacute;ndem compiti&oacute; al volante de un Suzuki Swift de la copa y al final ocuparon la s&eacute;tima plaza del Grupo N3, un hecho del todo anecd&oacute;tico teniendo en cuenta que en esta ocasi&oacute;n el principal rival de Joan Vinyes era &eacute;l mismo. <\/p>\n<p>El villa de Llanes 2016, volvi&oacute; a ser el rally complicado de siempre en cuanto a la climatolog&iacute;a. La niebla y las zonas h&uacute;medas en la parte m&aacute;s alta de algunas de las especiales obligaron a los equipos a no confiarse en la fase inicial de la prueba. Despu&eacute;s luci&oacute; el sol y la sensaci&oacute;n de bochorno acompa&ntilde;&oacute; a todos los presentes en la segunda cita asturiana del CERA de la presente temporada.&nbsp;&nbsp;&nbsp; &nbsp;<\/p>\n<p>Vinyes-Mercader volvieron a la rutina de las pruebas del CERA el pasado jueves (d&iacute;a 22), a partir de las 10.00 horas, en este momento empezaron los reconocimientos de las ocho especiales a superar durante la competici&oacute;n. A continuaci&oacute;n, a partir de las 20.00 horas tuvieron el primer contacto con el Swift, aprovecharon para ajustar backets, cinturones de seguridad, &#8230; y hacer los primeros retoques en cuanto a reglajes, para Vinyes este primer d&iacute;a fue denso y exigente f&iacute;sicamente: <em><strong>Se ha notado un poco la falta de ritmo en esta jornada previa al rally. Para m&iacute; lo m&aacute;s importante es que me he encontrado bien y sigo con ganas de competir otra vez.<\/strong><\/em><br \/>&nbsp;<br \/>La jornada siguiente fue algo m&aacute;s relajada: <em><strong>En el shakedown seguimos trabajando en la puesta a punto del Swift, m&aacute;s que nada para que pudi&eacute;ramos pilotar con comodidad. Es un veh&iacute;culo de prestaciones inferiores, respecto a los que estamos acostumbrados, pero tambi&eacute;n se puede ir muy r&aacute;pido sobre todo en zonas de bajada. &nbsp;<\/strong><\/em><\/p>\n<p>Por fin lleg&oacute; el momento anhelado de empezar el rally y ver hasta donde era capaz Vinyes de pilotar el Suzuki. Muy pronto se disiparon las dudas: <strong><em>Me encuentro bien, c&oacute;modo al volante y hay momentos en que ni pienso en la lesi&oacute;n de la mano. Si que hay alg&uacute;n detalle que antes hac&iacute;amos y que deberemos esperar para repetirlos pero, en general, estoy muy contento y satisfecho de la prueba que, gracias a Suzuki Motorsport, he podido hacer en Llanes.<\/em><\/strong><br \/><strong><em>De lo que tambi&eacute;n me siento muy feliz es de la cantidad de muestras de afecto que he recibido durante todo el fin de semana. Las agradezco sinceramente y, sin lugar a dudas, son un punto de apoyo importante para seguir trabajando para recuperar mi mejor forma f&iacute;sica.<\/em><\/strong><\/p>\n<p>&iquest;A partir de ahora que?, Como bien comentaba Vinyes, solo hay un hecho del todo cierto, y es que seguir&aacute; con su recuperaci&oacute;n para alcanzar el 100% en su estado f&iacute;sico. A nivel deportivo no tiene nada decidido. &nbsp;<\/p>\n<p><\/p>\n<p style=\"text-align: right;\"><strong><a href=\"http:\/\/www.infoesport.org\/imgNoticia\/2016\/160924EVLla2c.pdf\"><img loading=\"lazy\" decoding=\"async\" style=\"float: right;\" src=\"http:\/\/www.infoesport.org\/auxiliar\/fot\/logos\/icono_pdf.gif\" alt=\"\" width=\"50\" height=\"50\" \/><\/a><\/strong>Servicio de Prensa.<\/p>\n","protected":false},"excerpt":{"rendered":"<p>Con estas palabras defin\u00eda Joan Vinyes su estado de \u00e1nimo una vez situado el Suzuki Swift de la copa en el parque cerrado final del 40 Rally villa de Llanes, en el parking de la playa del Sabl\u00f3n. Joan Vinyes hab\u00eda cumplido el objetivo prioritario en su retorno al mundo de los rallys.<br \/>\nJoan Vinyes &#8211; Jordi Mercader volvieron a competir en un rally v\u00e1lido para el Campeonato de Espa\u00f1a de Rallys de asfalto (CERA) despu\u00e9s de m\u00e1s de un a\u00f1o y medio de inactividad forzada. Como queda dicho, el mencionado t\u00e1ndem compiti\u00f3 al volante de un Suzuki Swift de la copa y al final ocuparon la s\u00e9tima plaza del Grupo N3, un hecho del todo anecd\u00f3tico teniendo en cuenta que en esta ocasi\u00f3n el principal rival de Joan Vinyes era \u00e9l mismo.<\/p>\n","protected":false},"author":1,"featured_media":1682,"comment_status":"closed","ping_status":"closed","sticky":false,"template":"","format":"standard","meta":{"_kadence_starter_templates_imported_post":false,"_kad_post_transparent":"","_kad_post_title":"","_kad_post_layout":"","_kad_post_sidebar_id":"","_kad_post_content_style":"","_kad_post_vertical_padding":"","_kad_post_feature":"","_kad_post_feature_position":"","_kad_post_header":false,"_kad_post_footer":false,"_kad_post_classname":"","footnotes":""},"categories":[46,60],"tags":[],"class_list":["post-2432","post","type-post","status-publish","format-standard","has-post-thumbnail","hentry","category-rallys","category-rallys-asfalto"],"yoast_head":"<!-- This site is optimized with the Yoast SEO plugin v27.4 - https:\/\/yoast.com\/product\/yoast-seo-wordpress\/ -->\n<title>Joan Vinyes:\u00a1Estoy muy contento de haber llegado hasta aqu\u00ed! - Equip vinyes dabad<\/title>\n<meta name=\"robots\" content=\"index, follow, max-snippet:-1, max-image-preview:large, max-video-preview:-1\" \/>\n<link rel=\"canonical\" href=\"https:\/\/equipvinyesdabad.com\/es\/rallys\/joan-vinyesestoy-muy-contento-de-haber-llegado-hasta-aqui\/\" \/>\n<meta property=\"og:locale\" content=\"es_ES\" \/>\n<meta property=\"og:type\" content=\"article\" \/>\n<meta property=\"og:title\" content=\"Joan Vinyes:\u00a1Estoy muy contento de haber llegado hasta aqu\u00ed! - Equip vinyes dabad\" \/>\n<meta property=\"og:description\" content=\"Con estas palabras defin\u00eda Joan Vinyes su estado de \u00e1nimo una vez situado el Suzuki Swift de la copa en el parque cerrado final del 40 Rally villa de Llanes, en el parking de la playa del Sabl\u00f3n. Joan Vinyes hab\u00eda cumplido el objetivo prioritario en su retorno al mundo de los rallys. Joan Vinyes - Jordi Mercader volvieron a competir en un rally v\u00e1lido para el Campeonato de Espa\u00f1a de Rallys de asfalto (CERA) despu\u00e9s de m\u00e1s de un a\u00f1o y medio de inactividad forzada. Como queda dicho, el mencionado t\u00e1ndem compiti\u00f3 al volante de un Suzuki Swift de la copa y al final ocuparon la s\u00e9tima plaza del Grupo N3, un hecho del todo anecd\u00f3tico teniendo en cuenta que en esta ocasi\u00f3n el principal rival de Joan Vinyes era \u00e9l mismo.\" \/>\n<meta property=\"og:url\" content=\"https:\/\/equipvinyesdabad.com\/es\/rallys\/joan-vinyesestoy-muy-contento-de-haber-llegado-hasta-aqui\/\" \/>\n<meta property=\"og:site_name\" content=\"Equip vinyes dabad\" \/>\n<meta property=\"article:published_time\" content=\"2016-09-25T00:00:00+00:00\" \/>\n<meta property=\"article:modified_time\" content=\"2024-10-31T20:10:49+00:00\" \/>\n<meta property=\"og:image\" content=\"https:\/\/equipvinyesdabad.com\/wp-content\/uploads\/2024\/10\/logo_vinyes_dabad.png\" \/>\n\t<meta property=\"og:image:width\" content=\"250\" \/>\n\t<meta property=\"og:image:height\" content=\"130\" \/>\n\t<meta property=\"og:image:type\" content=\"image\/png\" \/>\n<meta name=\"author\" content=\"admin\" \/>\n<meta name=\"twitter:card\" content=\"summary_large_image\" \/>\n<meta name=\"twitter:label1\" content=\"Escrito por\" \/>\n\t<meta name=\"twitter:data1\" content=\"admin\" \/>\n\t<meta name=\"twitter:label2\" content=\"Tiempo de lectura\" \/>\n\t<meta name=\"twitter:data2\" content=\"3 minutos\" \/>\n<script type=\"application\/ld+json\" class=\"yoast-schema-graph\">{\"@context\":\"https:\\\/\\\/schema.org\",\"@graph\":[{\"@type\":\"Article\",\"@id\":\"https:\\\/\\\/equipvinyesdabad.com\\\/es\\\/rallys\\\/joan-vinyesestoy-muy-contento-de-haber-llegado-hasta-aqui\\\/#article\",\"isPartOf\":{\"@id\":\"https:\\\/\\\/equipvinyesdabad.com\\\/es\\\/rallys\\\/joan-vinyesestoy-muy-contento-de-haber-llegado-hasta-aqui\\\/\"},\"author\":{\"name\":\"admin\",\"@id\":\"https:\\\/\\\/equipvinyesdabad.com\\\/es\\\/#\\\/schema\\\/person\\\/962b4c681d63fd4fbd546ec83b775c1b\"},\"headline\":\"Joan Vinyes:\u00a1Estoy muy contento de haber llegado hasta aqu\u00ed!\",\"datePublished\":\"2016-09-25T00:00:00+00:00\",\"dateModified\":\"2024-10-31T20:10:49+00:00\",\"mainEntityOfPage\":{\"@id\":\"https:\\\/\\\/equipvinyesdabad.com\\\/es\\\/rallys\\\/joan-vinyesestoy-muy-contento-de-haber-llegado-hasta-aqui\\\/\"},\"wordCount\":636,\"image\":{\"@id\":\"https:\\\/\\\/equipvinyesdabad.com\\\/es\\\/rallys\\\/joan-vinyesestoy-muy-contento-de-haber-llegado-hasta-aqui\\\/#primaryimage\"},\"thumbnailUrl\":\"https:\\\/\\\/equipvinyesdabad.com\\\/wp-content\\\/uploads\\\/2016\\\/09\\\/29JVLla0662.jpg\",\"articleSection\":[\"Rallys\",\"Rallys asfalto\"],\"inLanguage\":\"es\"},{\"@type\":\"WebPage\",\"@id\":\"https:\\\/\\\/equipvinyesdabad.com\\\/es\\\/rallys\\\/joan-vinyesestoy-muy-contento-de-haber-llegado-hasta-aqui\\\/\",\"url\":\"https:\\\/\\\/equipvinyesdabad.com\\\/es\\\/rallys\\\/joan-vinyesestoy-muy-contento-de-haber-llegado-hasta-aqui\\\/\",\"name\":\"Joan Vinyes:\u00a1Estoy muy contento de haber llegado hasta aqu\u00ed! - Equip vinyes dabad\",\"isPartOf\":{\"@id\":\"https:\\\/\\\/equipvinyesdabad.com\\\/es\\\/#website\"},\"primaryImageOfPage\":{\"@id\":\"https:\\\/\\\/equipvinyesdabad.com\\\/es\\\/rallys\\\/joan-vinyesestoy-muy-contento-de-haber-llegado-hasta-aqui\\\/#primaryimage\"},\"image\":{\"@id\":\"https:\\\/\\\/equipvinyesdabad.com\\\/es\\\/rallys\\\/joan-vinyesestoy-muy-contento-de-haber-llegado-hasta-aqui\\\/#primaryimage\"},\"thumbnailUrl\":\"https:\\\/\\\/equipvinyesdabad.com\\\/wp-content\\\/uploads\\\/2016\\\/09\\\/29JVLla0662.jpg\",\"datePublished\":\"2016-09-25T00:00:00+00:00\",\"dateModified\":\"2024-10-31T20:10:49+00:00\",\"author\":{\"@id\":\"https:\\\/\\\/equipvinyesdabad.com\\\/es\\\/#\\\/schema\\\/person\\\/962b4c681d63fd4fbd546ec83b775c1b\"},\"breadcrumb\":{\"@id\":\"https:\\\/\\\/equipvinyesdabad.com\\\/es\\\/rallys\\\/joan-vinyesestoy-muy-contento-de-haber-llegado-hasta-aqui\\\/#breadcrumb\"},\"inLanguage\":\"es\",\"potentialAction\":[{\"@type\":\"ReadAction\",\"target\":[\"https:\\\/\\\/equipvinyesdabad.com\\\/es\\\/rallys\\\/joan-vinyesestoy-muy-contento-de-haber-llegado-hasta-aqui\\\/\"]}]},{\"@type\":\"ImageObject\",\"inLanguage\":\"es\",\"@id\":\"https:\\\/\\\/equipvinyesdabad.com\\\/es\\\/rallys\\\/joan-vinyesestoy-muy-contento-de-haber-llegado-hasta-aqui\\\/#primaryimage\",\"url\":\"https:\\\/\\\/equipvinyesdabad.com\\\/wp-content\\\/uploads\\\/2016\\\/09\\\/29JVLla0662.jpg\",\"contentUrl\":\"https:\\\/\\\/equipvinyesdabad.com\\\/wp-content\\\/uploads\\\/2016\\\/09\\\/29JVLla0662.jpg\"},{\"@type\":\"BreadcrumbList\",\"@id\":\"https:\\\/\\\/equipvinyesdabad.com\\\/es\\\/rallys\\\/joan-vinyesestoy-muy-contento-de-haber-llegado-hasta-aqui\\\/#breadcrumb\",\"itemListElement\":[{\"@type\":\"ListItem\",\"position\":1,\"name\":\"Inicio\",\"item\":\"https:\\\/\\\/equipvinyesdabad.com\\\/es\\\/\"},{\"@type\":\"ListItem\",\"position\":2,\"name\":\"Joan Vinyes:\u00a1Estoy muy contento de haber llegado hasta aqu\u00ed!\"}]},{\"@type\":\"WebSite\",\"@id\":\"https:\\\/\\\/equipvinyesdabad.com\\\/es\\\/#website\",\"url\":\"https:\\\/\\\/equipvinyesdabad.com\\\/es\\\/\",\"name\":\"Equip vinyes dabad\",\"description\":\"\",\"potentialAction\":[{\"@type\":\"SearchAction\",\"target\":{\"@type\":\"EntryPoint\",\"urlTemplate\":\"https:\\\/\\\/equipvinyesdabad.com\\\/es\\\/?s={search_term_string}\"},\"query-input\":{\"@type\":\"PropertyValueSpecification\",\"valueRequired\":true,\"valueName\":\"search_term_string\"}}],\"inLanguage\":\"es\"},{\"@type\":\"Person\",\"@id\":\"https:\\\/\\\/equipvinyesdabad.com\\\/es\\\/#\\\/schema\\\/person\\\/962b4c681d63fd4fbd546ec83b775c1b\",\"name\":\"admin\",\"image\":{\"@type\":\"ImageObject\",\"inLanguage\":\"es\",\"@id\":\"https:\\\/\\\/secure.gravatar.com\\\/avatar\\\/6d1c6cfbf1c3aed75f7a05f946b76867c29d677b49f81545b6b9bc58677b08a0?s=96&d=mm&r=g\",\"url\":\"https:\\\/\\\/secure.gravatar.com\\\/avatar\\\/6d1c6cfbf1c3aed75f7a05f946b76867c29d677b49f81545b6b9bc58677b08a0?s=96&d=mm&r=g\",\"contentUrl\":\"https:\\\/\\\/secure.gravatar.com\\\/avatar\\\/6d1c6cfbf1c3aed75f7a05f946b76867c29d677b49f81545b6b9bc58677b08a0?s=96&d=mm&r=g\",\"caption\":\"admin\"},\"sameAs\":[\"https:\\\/\\\/equipvinyesdabad.com\"],\"url\":\"https:\\\/\\\/equipvinyesdabad.com\\\/es\\\/author\\\/web1\\\/\"}]}<\/script>\n<!-- \/ Yoast SEO plugin. -->","yoast_head_json":{"title":"Joan Vinyes:\u00a1Estoy muy contento de haber llegado hasta aqu\u00ed! - Equip vinyes dabad","robots":{"index":"index","follow":"follow","max-snippet":"max-snippet:-1","max-image-preview":"max-image-preview:large","max-video-preview":"max-video-preview:-1"},"canonical":"https:\/\/equipvinyesdabad.com\/es\/rallys\/joan-vinyesestoy-muy-contento-de-haber-llegado-hasta-aqui\/","og_locale":"es_ES","og_type":"article","og_title":"Joan Vinyes:\u00a1Estoy muy contento de haber llegado hasta aqu\u00ed! - Equip vinyes dabad","og_description":"Con estas palabras defin\u00eda Joan Vinyes su estado de \u00e1nimo una vez situado el Suzuki Swift de la copa en el parque cerrado final del 40 Rally villa de Llanes, en el parking de la playa del Sabl\u00f3n. Joan Vinyes hab\u00eda cumplido el objetivo prioritario en su retorno al mundo de los rallys. Joan Vinyes - Jordi Mercader volvieron a competir en un rally v\u00e1lido para el Campeonato de Espa\u00f1a de Rallys de asfalto (CERA) despu\u00e9s de m\u00e1s de un a\u00f1o y medio de inactividad forzada. Como queda dicho, el mencionado t\u00e1ndem compiti\u00f3 al volante de un Suzuki Swift de la copa y al final ocuparon la s\u00e9tima plaza del Grupo N3, un hecho del todo anecd\u00f3tico teniendo en cuenta que en esta ocasi\u00f3n el principal rival de Joan Vinyes era \u00e9l mismo.","og_url":"https:\/\/equipvinyesdabad.com\/es\/rallys\/joan-vinyesestoy-muy-contento-de-haber-llegado-hasta-aqui\/","og_site_name":"Equip vinyes dabad","article_published_time":"2016-09-25T00:00:00+00:00","article_modified_time":"2024-10-31T20:10:49+00:00","og_image":[{"width":250,"height":130,"url":"https:\/\/equipvinyesdabad.com\/wp-content\/uploads\/2024\/10\/logo_vinyes_dabad.png","type":"image\/png"}],"author":"admin","twitter_card":"summary_large_image","twitter_misc":{"Escrito por":"admin","Tiempo de lectura":"3 minutos"},"schema":{"@context":"https:\/\/schema.org","@graph":[{"@type":"Article","@id":"https:\/\/equipvinyesdabad.com\/es\/rallys\/joan-vinyesestoy-muy-contento-de-haber-llegado-hasta-aqui\/#article","isPartOf":{"@id":"https:\/\/equipvinyesdabad.com\/es\/rallys\/joan-vinyesestoy-muy-contento-de-haber-llegado-hasta-aqui\/"},"author":{"name":"admin","@id":"https:\/\/equipvinyesdabad.com\/es\/#\/schema\/person\/962b4c681d63fd4fbd546ec83b775c1b"},"headline":"Joan Vinyes:\u00a1Estoy muy contento de haber llegado hasta aqu\u00ed!","datePublished":"2016-09-25T00:00:00+00:00","dateModified":"2024-10-31T20:10:49+00:00","mainEntityOfPage":{"@id":"https:\/\/equipvinyesdabad.com\/es\/rallys\/joan-vinyesestoy-muy-contento-de-haber-llegado-hasta-aqui\/"},"wordCount":636,"image":{"@id":"https:\/\/equipvinyesdabad.com\/es\/rallys\/joan-vinyesestoy-muy-contento-de-haber-llegado-hasta-aqui\/#primaryimage"},"thumbnailUrl":"https:\/\/equipvinyesdabad.com\/wp-content\/uploads\/2016\/09\/29JVLla0662.jpg","articleSection":["Rallys","Rallys asfalto"],"inLanguage":"es"},{"@type":"WebPage","@id":"https:\/\/equipvinyesdabad.com\/es\/rallys\/joan-vinyesestoy-muy-contento-de-haber-llegado-hasta-aqui\/","url":"https:\/\/equipvinyesdabad.com\/es\/rallys\/joan-vinyesestoy-muy-contento-de-haber-llegado-hasta-aqui\/","name":"Joan Vinyes:\u00a1Estoy muy contento de haber llegado hasta aqu\u00ed! - Equip vinyes dabad","isPartOf":{"@id":"https:\/\/equipvinyesdabad.com\/es\/#website"},"primaryImageOfPage":{"@id":"https:\/\/equipvinyesdabad.com\/es\/rallys\/joan-vinyesestoy-muy-contento-de-haber-llegado-hasta-aqui\/#primaryimage"},"image":{"@id":"https:\/\/equipvinyesdabad.com\/es\/rallys\/joan-vinyesestoy-muy-contento-de-haber-llegado-hasta-aqui\/#primaryimage"},"thumbnailUrl":"https:\/\/equipvinyesdabad.com\/wp-content\/uploads\/2016\/09\/29JVLla0662.jpg","datePublished":"2016-09-25T00:00:00+00:00","dateModified":"2024-10-31T20:10:49+00:00","author":{"@id":"https:\/\/equipvinyesdabad.com\/es\/#\/schema\/person\/962b4c681d63fd4fbd546ec83b775c1b"},"breadcrumb":{"@id":"https:\/\/equipvinyesdabad.com\/es\/rallys\/joan-vinyesestoy-muy-contento-de-haber-llegado-hasta-aqui\/#breadcrumb"},"inLanguage":"es","potentialAction":[{"@type":"ReadAction","target":["https:\/\/equipvinyesdabad.com\/es\/rallys\/joan-vinyesestoy-muy-contento-de-haber-llegado-hasta-aqui\/"]}]},{"@type":"ImageObject","inLanguage":"es","@id":"https:\/\/equipvinyesdabad.com\/es\/rallys\/joan-vinyesestoy-muy-contento-de-haber-llegado-hasta-aqui\/#primaryimage","url":"https:\/\/equipvinyesdabad.com\/wp-content\/uploads\/2016\/09\/29JVLla0662.jpg","contentUrl":"https:\/\/equipvinyesdabad.com\/wp-content\/uploads\/2016\/09\/29JVLla0662.jpg"},{"@type":"BreadcrumbList","@id":"https:\/\/equipvinyesdabad.com\/es\/rallys\/joan-vinyesestoy-muy-contento-de-haber-llegado-hasta-aqui\/#breadcrumb","itemListElement":[{"@type":"ListItem","position":1,"name":"Inicio","item":"https:\/\/equipvinyesdabad.com\/es\/"},{"@type":"ListItem","position":2,"name":"Joan Vinyes:\u00a1Estoy muy contento de haber llegado hasta aqu\u00ed!"}]},{"@type":"WebSite","@id":"https:\/\/equipvinyesdabad.com\/es\/#website","url":"https:\/\/equipvinyesdabad.com\/es\/","name":"Equip vinyes dabad","description":"","potentialAction":[{"@type":"SearchAction","target":{"@type":"EntryPoint","urlTemplate":"https:\/\/equipvinyesdabad.com\/es\/?s={search_term_string}"},"query-input":{"@type":"PropertyValueSpecification","valueRequired":true,"valueName":"search_term_string"}}],"inLanguage":"es"},{"@type":"Person","@id":"https:\/\/equipvinyesdabad.com\/es\/#\/schema\/person\/962b4c681d63fd4fbd546ec83b775c1b","name":"admin","image":{"@type":"ImageObject","inLanguage":"es","@id":"https:\/\/secure.gravatar.com\/avatar\/6d1c6cfbf1c3aed75f7a05f946b76867c29d677b49f81545b6b9bc58677b08a0?s=96&d=mm&r=g","url":"https:\/\/secure.gravatar.com\/avatar\/6d1c6cfbf1c3aed75f7a05f946b76867c29d677b49f81545b6b9bc58677b08a0?s=96&d=mm&r=g","contentUrl":"https:\/\/secure.gravatar.com\/avatar\/6d1c6cfbf1c3aed75f7a05f946b76867c29d677b49f81545b6b9bc58677b08a0?s=96&d=mm&r=g","caption":"admin"},"sameAs":["https:\/\/equipvinyesdabad.com"],"url":"https:\/\/equipvinyesdabad.com\/es\/author\/web1\/"}]}},"_links":{"self":[{"href":"https:\/\/equipvinyesdabad.com\/es\/wp-json\/wp\/v2\/posts\/2432","targetHints":{"allow":["GET"]}}],"collection":[{"href":"https:\/\/equipvinyesdabad.com\/es\/wp-json\/wp\/v2\/posts"}],"about":[{"href":"https:\/\/equipvinyesdabad.com\/es\/wp-json\/wp\/v2\/types\/post"}],"author":[{"embeddable":true,"href":"https:\/\/equipvinyesdabad.com\/es\/wp-json\/wp\/v2\/users\/1"}],"replies":[{"embeddable":true,"href":"https:\/\/equipvinyesdabad.com\/es\/wp-json\/wp\/v2\/comments?post=2432"}],"version-history":[{"count":3,"href":"https:\/\/equipvinyesdabad.com\/es\/wp-json\/wp\/v2\/posts\/2432\/revisions"}],"predecessor-version":[{"id":4554,"href":"https:\/\/equipvinyesdabad.com\/es\/wp-json\/wp\/v2\/posts\/2432\/revisions\/4554"}],"wp:featuredmedia":[{"embeddable":true,"href":"https:\/\/equipvinyesdabad.com\/es\/wp-json\/wp\/v2\/media\/1682"}],"wp:attachment":[{"href":"https:\/\/equipvinyesdabad.com\/es\/wp-json\/wp\/v2\/media?parent=2432"}],"wp:term":[{"taxonomy":"category","embeddable":true,"href":"https:\/\/equipvinyesdabad.com\/es\/wp-json\/wp\/v2\/categories?post=2432"},{"taxonomy":"post_tag","embeddable":true,"href":"https:\/\/equipvinyesdabad.com\/es\/wp-json\/wp\/v2\/tags?post=2432"}],"curies":[{"name":"wp","href":"https:\/\/api.w.org\/{rel}","templated":true}]}}