{"id":2442,"date":"2016-04-03T00:00:00","date_gmt":"2016-04-03T00:00:00","guid":{"rendered":"https:\/\/equipvinyesdabad.com\/?p=2442"},"modified":"2024-10-31T20:22:38","modified_gmt":"2024-10-31T20:22:38","slug":"retorno-esperanzador-de-amalia-y-joan-vinyes-al-campeonato-de-espana-de-resistencia","status":"publish","type":"post","link":"https:\/\/equipvinyesdabad.com\/es\/circuitos\/retorno-esperanzador-de-amalia-y-joan-vinyes-al-campeonato-de-espana-de-resistencia\/","title":{"rendered":"Retorno esperanzador de Am\u00e0lia y Joan Vinyes al Campeonato de Espa\u00f1a de Resistencia"},"content":{"rendered":"<p style=\"text-align: justify;\">Am&agrave;lia y Joan Vinyes&nbsp; (Seat Le&oacute;n &#8211; Baporo Motorsport) completaron el primer <em>meeting<\/em> de la Copa de Espa&ntilde;a de Resistencia (la carrera de su retorno al mundo de la competici&oacute;n) en el podio del Circuito Barcelona &#8211; Catalu&ntilde;a.<br \/>Consiguieron una trabajada tercera posici&oacute;n despu&eacute;s de protagonizar una prueba con un ritmo muy regular y evitando en todo momento las situaciones que pudieran representar un riesgo tanto para su integridad como para su mec&aacute;nica. El objetivo era hacer kil&oacute;metros y coger confianza despu&eacute;s de tantos meses de inactividad. Sin duda superaron el reto con nota.<\/p>\n<p>Al inicio del <em>meeting<\/em>,&nbsp; un cielo muy nublado amenazaba con complicar el trabajo de los equipos. Durante la primera tanda de entrenamientos libres lleg&oacute; a chispear en alg&uacute;n momento y m&aacute;s de uno prepar&oacute; las ruedas de agua por si acaso. Al final todo acab&oacute; en un susto y a partir del mediod&iacute;a apareci&oacute; el sol y las temperaturas primaverales.<\/p>\n<p>En los <strong>entrenamientos libres<\/strong> tanto Am&agrave;lia como Joan se dedicaron a rodar con la intenci&oacute;n de recuperar el feeling cuanto antes en un trazado que, a pesar de conocerlo bien hac&iacute;a muchas semanas que no compet&iacute;an. Los pilotos andorranos aprovecharon ruedas viejas para completar las dos tandas, de una hora cada una, olvid&aacute;ndose en todo momento de estar entre los m&aacute;s r&aacute;pidos de la jornada.<br \/><strong>Am&agrave;lia<\/strong> resum&iacute;a de esta manera esta primera jornada de la primera cita del CER 2016: He cumplido con el objetivo que me hab&iacute;a marcado de recuperar las buenas sensaciones al volante del Le&oacute;n. <em><strong>Ha sido una pena que durante la segunda tanda he estado mucho tiempo parada en el pit lane por problemas que ha habido en la pista. Veremos como van las cosas ma&ntilde;ana, el crono volver&aacute; a ser el enemigo a batir en los entrenos oficiales.<\/strong><\/em>&nbsp; &nbsp;<br \/>Por su parte <strong>Joan<\/strong> tambi&eacute;n se mostraba muy satisfecho de como hab&iacute;a transcurrido esta primera parte del <em>meeting<\/em>: <em><strong>Todo ha ido como,m&aacute;s o menos&nbsp; me esperaba. Puedo competir, aunque no sea al 100%, pero con esto me doy por satisfecho. Ma&ntilde;ana veremos donde estoy en la lucha contra el crono y en la disputa en grupo de la prueba.<\/strong> <\/em><\/p>\n<p>Con los <strong>entrenamientos oficiales<\/strong> lleg&oacute; el momento de la verdad y no fue f&aacute;cil para los hermanos Vinyes. <strong>Am&agrave;lia<\/strong> marc&oacute; un crono de 1&rsquo;57&rdquo;259 estuvo lejos de lo que ella esperaba, estas eran sus palabras: <em><strong>Tuve problemas para controlar los derrapes del Le&oacute;n. Ha sido una serie complicada.<\/strong><\/em><br \/><strong>Joan<\/strong>, por su parte, par&oacute; el crono en 1&rsquo;54&rdquo;718. Al final de los 20&rsquo; se mostraba muy satisfecho por la manera como se desarroll&oacute; la manga: <em><strong>No he forzado y me he encontrado c&oacute;modo en la pista. F&iacute;sicamente me encuentro bien a ver que pasa en la carrera rodando en grupo&nbsp;<\/strong><\/em>&nbsp;&nbsp; &nbsp;<\/p>\n<p>La <strong>carrera (2 horas non-stop)<\/strong> se desarrollo sin problemas para los pilotos andorranos del equipo Baporo Motorsport. Joan tom&oacute; la salida, hizo los primeros 35&rsquo; de carrera, su hermana cogi&oacute; el relevo (pr&aacute;cticamente 1 hora) y volvi&oacute; a coger el volante del Le&oacute;n Joan, que completo la prueba<br \/>Desde el inicio, los hermanos Vinyes estuvieron de manera regular en posiciones de podio de la clase TCR. Al final cruzaron la meta en la tercera posici&oacute;n. Un lugar en el podio que sabe a triunfo despu&eacute;s de todos los obst&aacute;culos que han tenido que superar durante estos &uacute;ltimos meses. <br \/>&nbsp;<br \/>La pr&oacute;xima cita del Campeonato de Espa&ntilde;a de Resistencia se disputar&aacute; en el circuito franc&eacute;s de Ledenon, pr&oacute;ximo a la localidad de Nimes. El meeting se disputar&aacute; los d&iacute;as 7 y 8 de Mayo.<\/p>\n<p><\/p>\n<p style=\"text-align: right;\"><strong><a href=\"http:\/\/www.infoesport.org\/imgNoticia\/2016\/160403EVBar2c.pdf\"><img loading=\"lazy\" decoding=\"async\" style=\"float: right;\" src=\"http:\/\/www.infoesport.org\/auxiliar\/fot\/logos\/icono_pdf.gif\" alt=\"\" width=\"50\" height=\"50\" \/><\/a><\/strong>Servicio de prensa.<\/p>\n<p><\/p>\n<p style=\"text-align: center;\"><span style=\"font-size: medium;\"><strong>Clasificaciones CER \/ Circuit de Barcelona &#8211; Catalunya.<\/strong><\/span><br \/><span style=\"font-size: medium;\"><strong>Clase TCR.<\/strong><\/span><\/p>\n<p>1.-Font\/Salom (Seat Le&oacute;n Cup) 58 vueltas, 2.-H.Arruabarrena-Aristi-Masdeu (Seat Le&oacute;n Cup), a 20&rdquo;437, <strong>3.-Vinyes-Vinyes (Seat Le&oacute;n Cup), a 29&rdquo;484,<\/strong> 4.-U.Arruabarrena-Fernandez-Vigiola (Seat Le&oacute;n Cup) a 33&rdquo;979, 5.-Dasi-Parera (Seat Le&oacute;n Cup) a 2 vueltas.<\/p>\n","protected":false},"excerpt":{"rendered":"<p>Am\u00e0lia y Joan Vinyes  (Seat Le\u00f3n &#8211; Baporo Motorsport) completaron el primer meeting de la Copa de Espa\u00f1a de Resistencia (la carrera de su retorno al mundo de la competici\u00f3n) en el podio del Circuito Barcelona &#8211; Catalu\u00f1a.<br \/>\nConsiguieron una trabajada tercera posici\u00f3n despu\u00e9s de protagonizar una prueba con un ritmo muy regular y evitando en todo momento las situaciones que pudieran representar un riesgo tanto para su integridad como para su mec\u00e1nica. El objetivo era hacer kil\u00f3metros y coger confianza despu\u00e9s de tantos meses de inactividad. Sin duda superaron el reto con nota.<\/p>\n","protected":false},"author":1,"featured_media":1687,"comment_status":"closed","ping_status":"closed","sticky":false,"template":"","format":"standard","meta":{"_kadence_starter_templates_imported_post":false,"_kad_post_transparent":"","_kad_post_title":"","_kad_post_layout":"","_kad_post_sidebar_id":"","_kad_post_content_style":"","_kad_post_vertical_padding":"","_kad_post_feature":"","_kad_post_feature_position":"","_kad_post_header":false,"_kad_post_footer":false,"_kad_post_classname":"","footnotes":""},"categories":[52,92],"tags":[],"class_list":["post-2442","post","type-post","status-publish","format-standard","has-post-thumbnail","hentry","category-circuitos","category-circuitos-espana"],"yoast_head":"<!-- This site is optimized with the Yoast SEO plugin v27.4 - https:\/\/yoast.com\/product\/yoast-seo-wordpress\/ -->\n<title>Retorno esperanzador de Am\u00e0lia y Joan Vinyes al Campeonato de Espa\u00f1a de Resistencia - Equip vinyes dabad<\/title>\n<meta name=\"robots\" content=\"index, follow, max-snippet:-1, max-image-preview:large, max-video-preview:-1\" \/>\n<link rel=\"canonical\" href=\"https:\/\/equipvinyesdabad.com\/es\/circuitos\/retorno-esperanzador-de-amalia-y-joan-vinyes-al-campeonato-de-espana-de-resistencia\/\" \/>\n<meta property=\"og:locale\" content=\"es_ES\" \/>\n<meta property=\"og:type\" content=\"article\" \/>\n<meta property=\"og:title\" content=\"Retorno esperanzador de Am\u00e0lia y Joan Vinyes al Campeonato de Espa\u00f1a de Resistencia - Equip vinyes dabad\" \/>\n<meta property=\"og:description\" content=\"Am\u00e0lia y Joan Vinyes (Seat Le\u00f3n - Baporo Motorsport) completaron el primer meeting de la Copa de Espa\u00f1a de Resistencia (la carrera de su retorno al mundo de la competici\u00f3n) en el podio del Circuito Barcelona - Catalu\u00f1a. Consiguieron una trabajada tercera posici\u00f3n despu\u00e9s de protagonizar una prueba con un ritmo muy regular y evitando en todo momento las situaciones que pudieran representar un riesgo tanto para su integridad como para su mec\u00e1nica. El objetivo era hacer kil\u00f3metros y coger confianza despu\u00e9s de tantos meses de inactividad. Sin duda superaron el reto con nota.\" \/>\n<meta property=\"og:url\" content=\"https:\/\/equipvinyesdabad.com\/es\/circuitos\/retorno-esperanzador-de-amalia-y-joan-vinyes-al-campeonato-de-espana-de-resistencia\/\" \/>\n<meta property=\"og:site_name\" content=\"Equip vinyes dabad\" \/>\n<meta property=\"article:published_time\" content=\"2016-04-03T00:00:00+00:00\" \/>\n<meta property=\"article:modified_time\" content=\"2024-10-31T20:22:38+00:00\" \/>\n<meta property=\"og:image\" content=\"https:\/\/equipvinyesdabad.com\/wp-content\/uploads\/2024\/10\/logo_vinyes_dabad.png\" \/>\n\t<meta property=\"og:image:width\" content=\"250\" \/>\n\t<meta property=\"og:image:height\" content=\"130\" \/>\n\t<meta property=\"og:image:type\" content=\"image\/png\" \/>\n<meta name=\"author\" content=\"admin\" \/>\n<meta name=\"twitter:card\" content=\"summary_large_image\" \/>\n<meta name=\"twitter:label1\" content=\"Escrito por\" \/>\n\t<meta name=\"twitter:data1\" content=\"admin\" \/>\n\t<meta name=\"twitter:label2\" content=\"Tiempo de lectura\" \/>\n\t<meta name=\"twitter:data2\" content=\"4 minutos\" \/>\n<script type=\"application\/ld+json\" class=\"yoast-schema-graph\">{\"@context\":\"https:\\\/\\\/schema.org\",\"@graph\":[{\"@type\":\"Article\",\"@id\":\"https:\\\/\\\/equipvinyesdabad.com\\\/es\\\/circuitos\\\/retorno-esperanzador-de-amalia-y-joan-vinyes-al-campeonato-de-espana-de-resistencia\\\/#article\",\"isPartOf\":{\"@id\":\"https:\\\/\\\/equipvinyesdabad.com\\\/es\\\/circuitos\\\/retorno-esperanzador-de-amalia-y-joan-vinyes-al-campeonato-de-espana-de-resistencia\\\/\"},\"author\":{\"name\":\"admin\",\"@id\":\"https:\\\/\\\/equipvinyesdabad.com\\\/es\\\/#\\\/schema\\\/person\\\/962b4c681d63fd4fbd546ec83b775c1b\"},\"headline\":\"Retorno esperanzador de Am\u00e0lia y Joan Vinyes al Campeonato de Espa\u00f1a de Resistencia\",\"datePublished\":\"2016-04-03T00:00:00+00:00\",\"dateModified\":\"2024-10-31T20:22:38+00:00\",\"mainEntityOfPage\":{\"@id\":\"https:\\\/\\\/equipvinyesdabad.com\\\/es\\\/circuitos\\\/retorno-esperanzador-de-amalia-y-joan-vinyes-al-campeonato-de-espana-de-resistencia\\\/\"},\"wordCount\":765,\"image\":{\"@id\":\"https:\\\/\\\/equipvinyesdabad.com\\\/es\\\/circuitos\\\/retorno-esperanzador-de-amalia-y-joan-vinyes-al-campeonato-de-espana-de-resistencia\\\/#primaryimage\"},\"thumbnailUrl\":\"https:\\\/\\\/equipvinyesdabad.com\\\/wp-content\\\/uploads\\\/2016\\\/04\\\/13JVBcn0094.jpg\",\"articleSection\":[\"Circuitos\",\"Circuitos Espa\u00f1a\"],\"inLanguage\":\"es\"},{\"@type\":\"WebPage\",\"@id\":\"https:\\\/\\\/equipvinyesdabad.com\\\/es\\\/circuitos\\\/retorno-esperanzador-de-amalia-y-joan-vinyes-al-campeonato-de-espana-de-resistencia\\\/\",\"url\":\"https:\\\/\\\/equipvinyesdabad.com\\\/es\\\/circuitos\\\/retorno-esperanzador-de-amalia-y-joan-vinyes-al-campeonato-de-espana-de-resistencia\\\/\",\"name\":\"Retorno esperanzador de Am\u00e0lia y Joan Vinyes al Campeonato de Espa\u00f1a de Resistencia - Equip vinyes dabad\",\"isPartOf\":{\"@id\":\"https:\\\/\\\/equipvinyesdabad.com\\\/es\\\/#website\"},\"primaryImageOfPage\":{\"@id\":\"https:\\\/\\\/equipvinyesdabad.com\\\/es\\\/circuitos\\\/retorno-esperanzador-de-amalia-y-joan-vinyes-al-campeonato-de-espana-de-resistencia\\\/#primaryimage\"},\"image\":{\"@id\":\"https:\\\/\\\/equipvinyesdabad.com\\\/es\\\/circuitos\\\/retorno-esperanzador-de-amalia-y-joan-vinyes-al-campeonato-de-espana-de-resistencia\\\/#primaryimage\"},\"thumbnailUrl\":\"https:\\\/\\\/equipvinyesdabad.com\\\/wp-content\\\/uploads\\\/2016\\\/04\\\/13JVBcn0094.jpg\",\"datePublished\":\"2016-04-03T00:00:00+00:00\",\"dateModified\":\"2024-10-31T20:22:38+00:00\",\"author\":{\"@id\":\"https:\\\/\\\/equipvinyesdabad.com\\\/es\\\/#\\\/schema\\\/person\\\/962b4c681d63fd4fbd546ec83b775c1b\"},\"breadcrumb\":{\"@id\":\"https:\\\/\\\/equipvinyesdabad.com\\\/es\\\/circuitos\\\/retorno-esperanzador-de-amalia-y-joan-vinyes-al-campeonato-de-espana-de-resistencia\\\/#breadcrumb\"},\"inLanguage\":\"es\",\"potentialAction\":[{\"@type\":\"ReadAction\",\"target\":[\"https:\\\/\\\/equipvinyesdabad.com\\\/es\\\/circuitos\\\/retorno-esperanzador-de-amalia-y-joan-vinyes-al-campeonato-de-espana-de-resistencia\\\/\"]}]},{\"@type\":\"ImageObject\",\"inLanguage\":\"es\",\"@id\":\"https:\\\/\\\/equipvinyesdabad.com\\\/es\\\/circuitos\\\/retorno-esperanzador-de-amalia-y-joan-vinyes-al-campeonato-de-espana-de-resistencia\\\/#primaryimage\",\"url\":\"https:\\\/\\\/equipvinyesdabad.com\\\/wp-content\\\/uploads\\\/2016\\\/04\\\/13JVBcn0094.jpg\",\"contentUrl\":\"https:\\\/\\\/equipvinyesdabad.com\\\/wp-content\\\/uploads\\\/2016\\\/04\\\/13JVBcn0094.jpg\"},{\"@type\":\"BreadcrumbList\",\"@id\":\"https:\\\/\\\/equipvinyesdabad.com\\\/es\\\/circuitos\\\/retorno-esperanzador-de-amalia-y-joan-vinyes-al-campeonato-de-espana-de-resistencia\\\/#breadcrumb\",\"itemListElement\":[{\"@type\":\"ListItem\",\"position\":1,\"name\":\"Inicio\",\"item\":\"https:\\\/\\\/equipvinyesdabad.com\\\/es\\\/\"},{\"@type\":\"ListItem\",\"position\":2,\"name\":\"Retorno esperanzador de Am\u00e0lia y Joan Vinyes al Campeonato de Espa\u00f1a de Resistencia\"}]},{\"@type\":\"WebSite\",\"@id\":\"https:\\\/\\\/equipvinyesdabad.com\\\/es\\\/#website\",\"url\":\"https:\\\/\\\/equipvinyesdabad.com\\\/es\\\/\",\"name\":\"Equip vinyes dabad\",\"description\":\"\",\"potentialAction\":[{\"@type\":\"SearchAction\",\"target\":{\"@type\":\"EntryPoint\",\"urlTemplate\":\"https:\\\/\\\/equipvinyesdabad.com\\\/es\\\/?s={search_term_string}\"},\"query-input\":{\"@type\":\"PropertyValueSpecification\",\"valueRequired\":true,\"valueName\":\"search_term_string\"}}],\"inLanguage\":\"es\"},{\"@type\":\"Person\",\"@id\":\"https:\\\/\\\/equipvinyesdabad.com\\\/es\\\/#\\\/schema\\\/person\\\/962b4c681d63fd4fbd546ec83b775c1b\",\"name\":\"admin\",\"image\":{\"@type\":\"ImageObject\",\"inLanguage\":\"es\",\"@id\":\"https:\\\/\\\/secure.gravatar.com\\\/avatar\\\/6d1c6cfbf1c3aed75f7a05f946b76867c29d677b49f81545b6b9bc58677b08a0?s=96&d=mm&r=g\",\"url\":\"https:\\\/\\\/secure.gravatar.com\\\/avatar\\\/6d1c6cfbf1c3aed75f7a05f946b76867c29d677b49f81545b6b9bc58677b08a0?s=96&d=mm&r=g\",\"contentUrl\":\"https:\\\/\\\/secure.gravatar.com\\\/avatar\\\/6d1c6cfbf1c3aed75f7a05f946b76867c29d677b49f81545b6b9bc58677b08a0?s=96&d=mm&r=g\",\"caption\":\"admin\"},\"sameAs\":[\"https:\\\/\\\/equipvinyesdabad.com\"],\"url\":\"https:\\\/\\\/equipvinyesdabad.com\\\/es\\\/author\\\/web1\\\/\"}]}<\/script>\n<!-- \/ Yoast SEO plugin. -->","yoast_head_json":{"title":"Retorno esperanzador de Am\u00e0lia y Joan Vinyes al Campeonato de Espa\u00f1a de Resistencia - Equip vinyes dabad","robots":{"index":"index","follow":"follow","max-snippet":"max-snippet:-1","max-image-preview":"max-image-preview:large","max-video-preview":"max-video-preview:-1"},"canonical":"https:\/\/equipvinyesdabad.com\/es\/circuitos\/retorno-esperanzador-de-amalia-y-joan-vinyes-al-campeonato-de-espana-de-resistencia\/","og_locale":"es_ES","og_type":"article","og_title":"Retorno esperanzador de Am\u00e0lia y Joan Vinyes al Campeonato de Espa\u00f1a de Resistencia - Equip vinyes dabad","og_description":"Am\u00e0lia y Joan Vinyes (Seat Le\u00f3n - Baporo Motorsport) completaron el primer meeting de la Copa de Espa\u00f1a de Resistencia (la carrera de su retorno al mundo de la competici\u00f3n) en el podio del Circuito Barcelona - Catalu\u00f1a. Consiguieron una trabajada tercera posici\u00f3n despu\u00e9s de protagonizar una prueba con un ritmo muy regular y evitando en todo momento las situaciones que pudieran representar un riesgo tanto para su integridad como para su mec\u00e1nica. El objetivo era hacer kil\u00f3metros y coger confianza despu\u00e9s de tantos meses de inactividad. Sin duda superaron el reto con nota.","og_url":"https:\/\/equipvinyesdabad.com\/es\/circuitos\/retorno-esperanzador-de-amalia-y-joan-vinyes-al-campeonato-de-espana-de-resistencia\/","og_site_name":"Equip vinyes dabad","article_published_time":"2016-04-03T00:00:00+00:00","article_modified_time":"2024-10-31T20:22:38+00:00","og_image":[{"width":250,"height":130,"url":"https:\/\/equipvinyesdabad.com\/wp-content\/uploads\/2024\/10\/logo_vinyes_dabad.png","type":"image\/png"}],"author":"admin","twitter_card":"summary_large_image","twitter_misc":{"Escrito por":"admin","Tiempo de lectura":"4 minutos"},"schema":{"@context":"https:\/\/schema.org","@graph":[{"@type":"Article","@id":"https:\/\/equipvinyesdabad.com\/es\/circuitos\/retorno-esperanzador-de-amalia-y-joan-vinyes-al-campeonato-de-espana-de-resistencia\/#article","isPartOf":{"@id":"https:\/\/equipvinyesdabad.com\/es\/circuitos\/retorno-esperanzador-de-amalia-y-joan-vinyes-al-campeonato-de-espana-de-resistencia\/"},"author":{"name":"admin","@id":"https:\/\/equipvinyesdabad.com\/es\/#\/schema\/person\/962b4c681d63fd4fbd546ec83b775c1b"},"headline":"Retorno esperanzador de Am\u00e0lia y Joan Vinyes al Campeonato de Espa\u00f1a de Resistencia","datePublished":"2016-04-03T00:00:00+00:00","dateModified":"2024-10-31T20:22:38+00:00","mainEntityOfPage":{"@id":"https:\/\/equipvinyesdabad.com\/es\/circuitos\/retorno-esperanzador-de-amalia-y-joan-vinyes-al-campeonato-de-espana-de-resistencia\/"},"wordCount":765,"image":{"@id":"https:\/\/equipvinyesdabad.com\/es\/circuitos\/retorno-esperanzador-de-amalia-y-joan-vinyes-al-campeonato-de-espana-de-resistencia\/#primaryimage"},"thumbnailUrl":"https:\/\/equipvinyesdabad.com\/wp-content\/uploads\/2016\/04\/13JVBcn0094.jpg","articleSection":["Circuitos","Circuitos Espa\u00f1a"],"inLanguage":"es"},{"@type":"WebPage","@id":"https:\/\/equipvinyesdabad.com\/es\/circuitos\/retorno-esperanzador-de-amalia-y-joan-vinyes-al-campeonato-de-espana-de-resistencia\/","url":"https:\/\/equipvinyesdabad.com\/es\/circuitos\/retorno-esperanzador-de-amalia-y-joan-vinyes-al-campeonato-de-espana-de-resistencia\/","name":"Retorno esperanzador de Am\u00e0lia y Joan Vinyes al Campeonato de Espa\u00f1a de Resistencia - Equip vinyes dabad","isPartOf":{"@id":"https:\/\/equipvinyesdabad.com\/es\/#website"},"primaryImageOfPage":{"@id":"https:\/\/equipvinyesdabad.com\/es\/circuitos\/retorno-esperanzador-de-amalia-y-joan-vinyes-al-campeonato-de-espana-de-resistencia\/#primaryimage"},"image":{"@id":"https:\/\/equipvinyesdabad.com\/es\/circuitos\/retorno-esperanzador-de-amalia-y-joan-vinyes-al-campeonato-de-espana-de-resistencia\/#primaryimage"},"thumbnailUrl":"https:\/\/equipvinyesdabad.com\/wp-content\/uploads\/2016\/04\/13JVBcn0094.jpg","datePublished":"2016-04-03T00:00:00+00:00","dateModified":"2024-10-31T20:22:38+00:00","author":{"@id":"https:\/\/equipvinyesdabad.com\/es\/#\/schema\/person\/962b4c681d63fd4fbd546ec83b775c1b"},"breadcrumb":{"@id":"https:\/\/equipvinyesdabad.com\/es\/circuitos\/retorno-esperanzador-de-amalia-y-joan-vinyes-al-campeonato-de-espana-de-resistencia\/#breadcrumb"},"inLanguage":"es","potentialAction":[{"@type":"ReadAction","target":["https:\/\/equipvinyesdabad.com\/es\/circuitos\/retorno-esperanzador-de-amalia-y-joan-vinyes-al-campeonato-de-espana-de-resistencia\/"]}]},{"@type":"ImageObject","inLanguage":"es","@id":"https:\/\/equipvinyesdabad.com\/es\/circuitos\/retorno-esperanzador-de-amalia-y-joan-vinyes-al-campeonato-de-espana-de-resistencia\/#primaryimage","url":"https:\/\/equipvinyesdabad.com\/wp-content\/uploads\/2016\/04\/13JVBcn0094.jpg","contentUrl":"https:\/\/equipvinyesdabad.com\/wp-content\/uploads\/2016\/04\/13JVBcn0094.jpg"},{"@type":"BreadcrumbList","@id":"https:\/\/equipvinyesdabad.com\/es\/circuitos\/retorno-esperanzador-de-amalia-y-joan-vinyes-al-campeonato-de-espana-de-resistencia\/#breadcrumb","itemListElement":[{"@type":"ListItem","position":1,"name":"Inicio","item":"https:\/\/equipvinyesdabad.com\/es\/"},{"@type":"ListItem","position":2,"name":"Retorno esperanzador de Am\u00e0lia y Joan Vinyes al Campeonato de Espa\u00f1a de Resistencia"}]},{"@type":"WebSite","@id":"https:\/\/equipvinyesdabad.com\/es\/#website","url":"https:\/\/equipvinyesdabad.com\/es\/","name":"Equip vinyes dabad","description":"","potentialAction":[{"@type":"SearchAction","target":{"@type":"EntryPoint","urlTemplate":"https:\/\/equipvinyesdabad.com\/es\/?s={search_term_string}"},"query-input":{"@type":"PropertyValueSpecification","valueRequired":true,"valueName":"search_term_string"}}],"inLanguage":"es"},{"@type":"Person","@id":"https:\/\/equipvinyesdabad.com\/es\/#\/schema\/person\/962b4c681d63fd4fbd546ec83b775c1b","name":"admin","image":{"@type":"ImageObject","inLanguage":"es","@id":"https:\/\/secure.gravatar.com\/avatar\/6d1c6cfbf1c3aed75f7a05f946b76867c29d677b49f81545b6b9bc58677b08a0?s=96&d=mm&r=g","url":"https:\/\/secure.gravatar.com\/avatar\/6d1c6cfbf1c3aed75f7a05f946b76867c29d677b49f81545b6b9bc58677b08a0?s=96&d=mm&r=g","contentUrl":"https:\/\/secure.gravatar.com\/avatar\/6d1c6cfbf1c3aed75f7a05f946b76867c29d677b49f81545b6b9bc58677b08a0?s=96&d=mm&r=g","caption":"admin"},"sameAs":["https:\/\/equipvinyesdabad.com"],"url":"https:\/\/equipvinyesdabad.com\/es\/author\/web1\/"}]}},"_links":{"self":[{"href":"https:\/\/equipvinyesdabad.com\/es\/wp-json\/wp\/v2\/posts\/2442","targetHints":{"allow":["GET"]}}],"collection":[{"href":"https:\/\/equipvinyesdabad.com\/es\/wp-json\/wp\/v2\/posts"}],"about":[{"href":"https:\/\/equipvinyesdabad.com\/es\/wp-json\/wp\/v2\/types\/post"}],"author":[{"embeddable":true,"href":"https:\/\/equipvinyesdabad.com\/es\/wp-json\/wp\/v2\/users\/1"}],"replies":[{"embeddable":true,"href":"https:\/\/equipvinyesdabad.com\/es\/wp-json\/wp\/v2\/comments?post=2442"}],"version-history":[{"count":3,"href":"https:\/\/equipvinyesdabad.com\/es\/wp-json\/wp\/v2\/posts\/2442\/revisions"}],"predecessor-version":[{"id":4569,"href":"https:\/\/equipvinyesdabad.com\/es\/wp-json\/wp\/v2\/posts\/2442\/revisions\/4569"}],"wp:featuredmedia":[{"embeddable":true,"href":"https:\/\/equipvinyesdabad.com\/es\/wp-json\/wp\/v2\/media\/1687"}],"wp:attachment":[{"href":"https:\/\/equipvinyesdabad.com\/es\/wp-json\/wp\/v2\/media?parent=2442"}],"wp:term":[{"taxonomy":"category","embeddable":true,"href":"https:\/\/equipvinyesdabad.com\/es\/wp-json\/wp\/v2\/categories?post=2442"},{"taxonomy":"post_tag","embeddable":true,"href":"https:\/\/equipvinyesdabad.com\/es\/wp-json\/wp\/v2\/tags?post=2442"}],"curies":[{"name":"wp","href":"https:\/\/api.w.org\/{rel}","templated":true}]}}