{"id":2452,"date":"2014-11-18T00:00:00","date_gmt":"2014-11-18T00:00:00","guid":{"rendered":"https:\/\/equipvinyesdabad.com\/?p=2452"},"modified":"2024-10-31T20:10:49","modified_gmt":"2024-10-31T20:10:49","slug":"joan-vinyes-jordi-mercader-despiden-la-temporada-en-el-rally-cam-race","status":"publish","type":"post","link":"https:\/\/equipvinyesdabad.com\/es\/rallys\/joan-vinyes-jordi-mercader-despiden-la-temporada-en-el-rally-cam-race\/","title":{"rendered":"Joan Vinyes-Jordi Mercader despiden la temporada en el Rally CAM &#8211; RACE"},"content":{"rendered":"<p style=\"text-align: justify;\">Joan Vinyes-Jordi Mercader (Suzuki Swift S1600) disputar&aacute;n el V Rally Comunidad de Madrid &#8211; RACE con la &uacute;nica presi&oacute;n de luchar por un buen resultado en esta prueba que, cierra el Campeonato de Espa&ntilde;a de Rallys de asfalto 2014. Para el equipo Suzuki Motorsport no es la mejor manera de afrontar una carrera, esta es la opini&oacute;n de Vinyes: Es una l&aacute;stima no tener la opci&oacute;n de luchar por un t&iacute;tulo, pero esta temporada las cosas han ido as&iacute;&nbsp; y solo nos queda la opci&oacute;n de salir a darlo todo para cerrar el a&ntilde;o con buen sabor de boca. Esto es lo que intentaremos hacer en el Rally Madrid despu&eacute;s de tomar la salida en el podio del Jarama. &nbsp;<br \/>&nbsp;&nbsp; &nbsp;<br \/>El circuito del Jarama y la Sierra de Madrid ser&aacute;n, un a&ntilde;o m&aacute;s, los escenarios en donde se disputar&aacute;n las especiales que configuran el Rally CAM &#8211; RACE. El trazado de la prueba del RACE tendr&aacute; un total de 747,87 km, de los que el 20% (150,35 km) ser&aacute;n de velocidad repartidas en 13 especiales cronometradas (5 de diferentes).<br \/>El bucle inicial, formado por la Cabrera (5,23 km) y el Puerto de Canencia Norte(13,20 km) se disputar&aacute;n el viernes (d&iacute;a 21), a destacar que entre las dos pasadas por este bucle se disputar&aacute; el primer paso por el Circuito del Jarama (14,67 km).<br \/>Durante la jornada siguiente (s&aacute;bado d&iacute;a 22). las cronometradas a superar, en tres ocasiones cada una, ser&aacute;n: Robledillo (17,41 km) y Madarquillos (5,75 km). Al final del segundo y tercer paso por las especiales mencionadas, las secciones se completar&aacute;n con la disputa de la cronometrada del Jarama.&nbsp; &nbsp;<\/p>\n<p>Para el equipo Suzuki Motorsport el escenario de la &uacute;ltima prueba de la temporada no es que m&aacute;s favorece a las prestaciones del Suzuki Swift S1600. A pesar de todo Vinyes siempre ha intentado jugar sus bazas en este trazado desfavorable: <em><strong>Este a&ntilde;o intentaremos repetir. Algunas de las especiales de la sierra de Madrid tienen un asfalto en excelentes condiciones y adem&aacute;s con carreteras anchas y siempre en subida. No hay duda que en estos casos poco podemos hacer. Es imposible luchar contra la potencia de las mec&aacute;nicas superiores. Adem&aacute;s este a&ntilde;o hay una gran inscripci&oacute;n tanto en cantidad como en calidad de los equipos presentes.<\/strong><\/em> Un aspecto que parece ser&aacute; muy diferente al de anteriores ediciones ser&aacute; la climatolog&iacute;a: <em><strong>Al menos las previsiones anuncian temperaturas altas en zonas donde en otras ocasiones hemos corrido con la nieve en las cunetas y temperaturas bajo cero. Incluso hay posibilidad de lluvia para el s&aacute;bado. Si las cosas se complican a lo mejor tendremos alguna opci&oacute;n de estar entre los mejores.&nbsp; &nbsp;<\/strong><\/em><\/p>\n<p>Una vez m&aacute;s, los equipos que despedir&aacute;n en Madrid el Campeonato de Espa&ntilde;a de rallys de asfalto 2014 se instalar&aacute;n en el <em>paddock<\/em> del Circuito del Jarama. As&iacute; mismo, las instalaciones administrativas del mencionado circuito acoger&aacute;n las reuniones de los comisarios del rally as&iacute; como la sala de prensa.&nbsp; &nbsp;<br \/>La salida de la primera etapa est&aacute; prevista a las 17h00 desde el podio ubicado en referido <em>paddock<\/em> del trazado madrile&ntilde;o. Esta primera etapa acabar&aacute; a partir de las 22h49 del mismo viernes.<br \/>Entre las 8h00 y las 18h50 del s&aacute;bado (d&iacute;a 22h00) se correr&aacute; la segunda y definitiva etapa del V Rally Comunidad de Madrid &#8211; RACE.<\/p>\n<p>&nbsp;<\/p>\n<p><strong><a href=\"http:\/\/www.infoesport.org\/imgNoticia\/2014\/141122EVMad1c.pdf\"><img loading=\"lazy\" decoding=\"async\" style=\"float: right;\" src=\"http:\/\/www.infoesport.org\/auxiliar\/fot\/logos\/icono_pdf.gif\" alt=\"\" width=\"50\" height=\"50\" \/><\/a><\/strong><\/p>\n<p style=\"text-align: right;\">Servicio de Prensa.<\/p>\n<p style=\"text-align: right;\">&nbsp;<\/p>\n<p style=\"text-align: right;\">&nbsp;<\/p>\n<p style=\"text-align: center;\"><strong><span style=\"font-size: small;\">Clasificaciones &#8211; Campeonato de Espa&ntilde;a de Rallys asfalto 2014.<\/span><\/strong><\/p>\n<p style=\"text-align: center;\"><strong><span style=\"font-size: small;\"><img loading=\"lazy\" decoding=\"async\" src=\"http:\/\/www.infoesport.org\/auxiliar\/Resultats\/2014\/141122EVMadCc.jpg\" alt=\"\" width=\"443\" height=\"108\" \/><\/span><\/strong><\/p>\n<p>&nbsp;<\/p>\n","protected":false},"excerpt":{"rendered":"<p>Joan Vinyes-Jordi Mercader (Suzuki Swift S1600) disputar\u00e1n el V Rally Comunidad de Madrid &#8211; RACE con la \u00fanica presi\u00f3n de luchar por un buen resultado en esta prueba que, cierra el Campeonato de Espa\u00f1a de Rallys de asfalto 2014. Para el equipo Suzuki Motorsport no es la mejor manera de afrontar una carrera, esta es la opini\u00f3n de Vinyes: Es una l\u00e1stima no tener la opci\u00f3n de luchar por un t\u00edtulo, pero esta temporada las cosas han ido as\u00ed  y solo nos queda la opci\u00f3n de salir a darlo todo para cerrar el a\u00f1o con buen sabor de boca. Esto es lo que intentaremos hacer en el Rally Madrid despu\u00e9s de tomar la salida en el podio del Jarama.  <\/p>\n","protected":false},"author":1,"featured_media":1693,"comment_status":"closed","ping_status":"closed","sticky":false,"template":"","format":"standard","meta":{"_kadence_starter_templates_imported_post":false,"_kad_post_transparent":"","_kad_post_title":"","_kad_post_layout":"","_kad_post_sidebar_id":"","_kad_post_content_style":"","_kad_post_vertical_padding":"","_kad_post_feature":"","_kad_post_feature_position":"","_kad_post_header":false,"_kad_post_footer":false,"_kad_post_classname":"","footnotes":""},"categories":[46,60],"tags":[],"class_list":["post-2452","post","type-post","status-publish","format-standard","has-post-thumbnail","hentry","category-rallys","category-rallys-asfalto"],"yoast_head":"<!-- This site is optimized with the Yoast SEO plugin v27.4 - https:\/\/yoast.com\/product\/yoast-seo-wordpress\/ -->\n<title>Joan Vinyes-Jordi Mercader despiden la temporada en el Rally CAM - RACE - Equip vinyes dabad<\/title>\n<meta name=\"robots\" content=\"index, follow, max-snippet:-1, max-image-preview:large, max-video-preview:-1\" \/>\n<link rel=\"canonical\" href=\"https:\/\/equipvinyesdabad.com\/es\/rallys\/joan-vinyes-jordi-mercader-despiden-la-temporada-en-el-rally-cam-race\/\" \/>\n<meta property=\"og:locale\" content=\"es_ES\" \/>\n<meta property=\"og:type\" content=\"article\" \/>\n<meta property=\"og:title\" content=\"Joan Vinyes-Jordi Mercader despiden la temporada en el Rally CAM - RACE - Equip vinyes dabad\" \/>\n<meta property=\"og:description\" content=\"Joan Vinyes-Jordi Mercader (Suzuki Swift S1600) disputar\u00e1n el V Rally Comunidad de Madrid - RACE con la \u00fanica presi\u00f3n de luchar por un buen resultado en esta prueba que, cierra el Campeonato de Espa\u00f1a de Rallys de asfalto 2014. Para el equipo Suzuki Motorsport no es la mejor manera de afrontar una carrera, esta es la opini\u00f3n de Vinyes: Es una l\u00e1stima no tener la opci\u00f3n de luchar por un t\u00edtulo, pero esta temporada las cosas han ido as\u00ed y solo nos queda la opci\u00f3n de salir a darlo todo para cerrar el a\u00f1o con buen sabor de boca. Esto es lo que intentaremos hacer en el Rally Madrid despu\u00e9s de tomar la salida en el podio del Jarama.\" \/>\n<meta property=\"og:url\" content=\"https:\/\/equipvinyesdabad.com\/es\/rallys\/joan-vinyes-jordi-mercader-despiden-la-temporada-en-el-rally-cam-race\/\" \/>\n<meta property=\"og:site_name\" content=\"Equip vinyes dabad\" \/>\n<meta property=\"article:published_time\" content=\"2014-11-18T00:00:00+00:00\" \/>\n<meta property=\"article:modified_time\" content=\"2024-10-31T20:10:49+00:00\" \/>\n<meta property=\"og:image\" content=\"https:\/\/equipvinyesdabad.com\/wp-content\/uploads\/2024\/10\/logo_vinyes_dabad.png\" \/>\n\t<meta property=\"og:image:width\" content=\"250\" \/>\n\t<meta property=\"og:image:height\" content=\"130\" \/>\n\t<meta property=\"og:image:type\" content=\"image\/png\" \/>\n<meta name=\"author\" content=\"admin\" \/>\n<meta name=\"twitter:card\" content=\"summary_large_image\" \/>\n<meta name=\"twitter:label1\" content=\"Escrito por\" \/>\n\t<meta name=\"twitter:data1\" content=\"admin\" \/>\n\t<meta name=\"twitter:label2\" content=\"Tiempo de lectura\" \/>\n\t<meta name=\"twitter:data2\" content=\"3 minutos\" \/>\n<script type=\"application\/ld+json\" class=\"yoast-schema-graph\">{\"@context\":\"https:\\\/\\\/schema.org\",\"@graph\":[{\"@type\":\"Article\",\"@id\":\"https:\\\/\\\/equipvinyesdabad.com\\\/es\\\/rallys\\\/joan-vinyes-jordi-mercader-despiden-la-temporada-en-el-rally-cam-race\\\/#article\",\"isPartOf\":{\"@id\":\"https:\\\/\\\/equipvinyesdabad.com\\\/es\\\/rallys\\\/joan-vinyes-jordi-mercader-despiden-la-temporada-en-el-rally-cam-race\\\/\"},\"author\":{\"name\":\"admin\",\"@id\":\"https:\\\/\\\/equipvinyesdabad.com\\\/es\\\/#\\\/schema\\\/person\\\/962b4c681d63fd4fbd546ec83b775c1b\"},\"headline\":\"Joan Vinyes-Jordi Mercader despiden la temporada en el Rally CAM &#8211; RACE\",\"datePublished\":\"2014-11-18T00:00:00+00:00\",\"dateModified\":\"2024-10-31T20:10:49+00:00\",\"mainEntityOfPage\":{\"@id\":\"https:\\\/\\\/equipvinyesdabad.com\\\/es\\\/rallys\\\/joan-vinyes-jordi-mercader-despiden-la-temporada-en-el-rally-cam-race\\\/\"},\"wordCount\":662,\"image\":{\"@id\":\"https:\\\/\\\/equipvinyesdabad.com\\\/es\\\/rallys\\\/joan-vinyes-jordi-mercader-despiden-la-temporada-en-el-rally-cam-race\\\/#primaryimage\"},\"thumbnailUrl\":\"https:\\\/\\\/equipvinyesdabad.com\\\/wp-content\\\/uploads\\\/2014\\\/11\\\/05ViFer.jpg\",\"articleSection\":[\"Rallys\",\"Rallys asfalto\"],\"inLanguage\":\"es\"},{\"@type\":\"WebPage\",\"@id\":\"https:\\\/\\\/equipvinyesdabad.com\\\/es\\\/rallys\\\/joan-vinyes-jordi-mercader-despiden-la-temporada-en-el-rally-cam-race\\\/\",\"url\":\"https:\\\/\\\/equipvinyesdabad.com\\\/es\\\/rallys\\\/joan-vinyes-jordi-mercader-despiden-la-temporada-en-el-rally-cam-race\\\/\",\"name\":\"Joan Vinyes-Jordi Mercader despiden la temporada en el Rally CAM - RACE - Equip vinyes dabad\",\"isPartOf\":{\"@id\":\"https:\\\/\\\/equipvinyesdabad.com\\\/es\\\/#website\"},\"primaryImageOfPage\":{\"@id\":\"https:\\\/\\\/equipvinyesdabad.com\\\/es\\\/rallys\\\/joan-vinyes-jordi-mercader-despiden-la-temporada-en-el-rally-cam-race\\\/#primaryimage\"},\"image\":{\"@id\":\"https:\\\/\\\/equipvinyesdabad.com\\\/es\\\/rallys\\\/joan-vinyes-jordi-mercader-despiden-la-temporada-en-el-rally-cam-race\\\/#primaryimage\"},\"thumbnailUrl\":\"https:\\\/\\\/equipvinyesdabad.com\\\/wp-content\\\/uploads\\\/2014\\\/11\\\/05ViFer.jpg\",\"datePublished\":\"2014-11-18T00:00:00+00:00\",\"dateModified\":\"2024-10-31T20:10:49+00:00\",\"author\":{\"@id\":\"https:\\\/\\\/equipvinyesdabad.com\\\/es\\\/#\\\/schema\\\/person\\\/962b4c681d63fd4fbd546ec83b775c1b\"},\"breadcrumb\":{\"@id\":\"https:\\\/\\\/equipvinyesdabad.com\\\/es\\\/rallys\\\/joan-vinyes-jordi-mercader-despiden-la-temporada-en-el-rally-cam-race\\\/#breadcrumb\"},\"inLanguage\":\"es\",\"potentialAction\":[{\"@type\":\"ReadAction\",\"target\":[\"https:\\\/\\\/equipvinyesdabad.com\\\/es\\\/rallys\\\/joan-vinyes-jordi-mercader-despiden-la-temporada-en-el-rally-cam-race\\\/\"]}]},{\"@type\":\"ImageObject\",\"inLanguage\":\"es\",\"@id\":\"https:\\\/\\\/equipvinyesdabad.com\\\/es\\\/rallys\\\/joan-vinyes-jordi-mercader-despiden-la-temporada-en-el-rally-cam-race\\\/#primaryimage\",\"url\":\"https:\\\/\\\/equipvinyesdabad.com\\\/wp-content\\\/uploads\\\/2014\\\/11\\\/05ViFer.jpg\",\"contentUrl\":\"https:\\\/\\\/equipvinyesdabad.com\\\/wp-content\\\/uploads\\\/2014\\\/11\\\/05ViFer.jpg\"},{\"@type\":\"BreadcrumbList\",\"@id\":\"https:\\\/\\\/equipvinyesdabad.com\\\/es\\\/rallys\\\/joan-vinyes-jordi-mercader-despiden-la-temporada-en-el-rally-cam-race\\\/#breadcrumb\",\"itemListElement\":[{\"@type\":\"ListItem\",\"position\":1,\"name\":\"Inicio\",\"item\":\"https:\\\/\\\/equipvinyesdabad.com\\\/es\\\/\"},{\"@type\":\"ListItem\",\"position\":2,\"name\":\"Joan Vinyes-Jordi Mercader despiden la temporada en el Rally CAM &#8211; RACE\"}]},{\"@type\":\"WebSite\",\"@id\":\"https:\\\/\\\/equipvinyesdabad.com\\\/es\\\/#website\",\"url\":\"https:\\\/\\\/equipvinyesdabad.com\\\/es\\\/\",\"name\":\"Equip vinyes dabad\",\"description\":\"\",\"potentialAction\":[{\"@type\":\"SearchAction\",\"target\":{\"@type\":\"EntryPoint\",\"urlTemplate\":\"https:\\\/\\\/equipvinyesdabad.com\\\/es\\\/?s={search_term_string}\"},\"query-input\":{\"@type\":\"PropertyValueSpecification\",\"valueRequired\":true,\"valueName\":\"search_term_string\"}}],\"inLanguage\":\"es\"},{\"@type\":\"Person\",\"@id\":\"https:\\\/\\\/equipvinyesdabad.com\\\/es\\\/#\\\/schema\\\/person\\\/962b4c681d63fd4fbd546ec83b775c1b\",\"name\":\"admin\",\"image\":{\"@type\":\"ImageObject\",\"inLanguage\":\"es\",\"@id\":\"https:\\\/\\\/secure.gravatar.com\\\/avatar\\\/6d1c6cfbf1c3aed75f7a05f946b76867c29d677b49f81545b6b9bc58677b08a0?s=96&d=mm&r=g\",\"url\":\"https:\\\/\\\/secure.gravatar.com\\\/avatar\\\/6d1c6cfbf1c3aed75f7a05f946b76867c29d677b49f81545b6b9bc58677b08a0?s=96&d=mm&r=g\",\"contentUrl\":\"https:\\\/\\\/secure.gravatar.com\\\/avatar\\\/6d1c6cfbf1c3aed75f7a05f946b76867c29d677b49f81545b6b9bc58677b08a0?s=96&d=mm&r=g\",\"caption\":\"admin\"},\"sameAs\":[\"https:\\\/\\\/equipvinyesdabad.com\"],\"url\":\"https:\\\/\\\/equipvinyesdabad.com\\\/es\\\/author\\\/web1\\\/\"}]}<\/script>\n<!-- \/ Yoast SEO plugin. -->","yoast_head_json":{"title":"Joan Vinyes-Jordi Mercader despiden la temporada en el Rally CAM - RACE - Equip vinyes dabad","robots":{"index":"index","follow":"follow","max-snippet":"max-snippet:-1","max-image-preview":"max-image-preview:large","max-video-preview":"max-video-preview:-1"},"canonical":"https:\/\/equipvinyesdabad.com\/es\/rallys\/joan-vinyes-jordi-mercader-despiden-la-temporada-en-el-rally-cam-race\/","og_locale":"es_ES","og_type":"article","og_title":"Joan Vinyes-Jordi Mercader despiden la temporada en el Rally CAM - RACE - Equip vinyes dabad","og_description":"Joan Vinyes-Jordi Mercader (Suzuki Swift S1600) disputar\u00e1n el V Rally Comunidad de Madrid - RACE con la \u00fanica presi\u00f3n de luchar por un buen resultado en esta prueba que, cierra el Campeonato de Espa\u00f1a de Rallys de asfalto 2014. Para el equipo Suzuki Motorsport no es la mejor manera de afrontar una carrera, esta es la opini\u00f3n de Vinyes: Es una l\u00e1stima no tener la opci\u00f3n de luchar por un t\u00edtulo, pero esta temporada las cosas han ido as\u00ed y solo nos queda la opci\u00f3n de salir a darlo todo para cerrar el a\u00f1o con buen sabor de boca. Esto es lo que intentaremos hacer en el Rally Madrid despu\u00e9s de tomar la salida en el podio del Jarama.","og_url":"https:\/\/equipvinyesdabad.com\/es\/rallys\/joan-vinyes-jordi-mercader-despiden-la-temporada-en-el-rally-cam-race\/","og_site_name":"Equip vinyes dabad","article_published_time":"2014-11-18T00:00:00+00:00","article_modified_time":"2024-10-31T20:10:49+00:00","og_image":[{"width":250,"height":130,"url":"https:\/\/equipvinyesdabad.com\/wp-content\/uploads\/2024\/10\/logo_vinyes_dabad.png","type":"image\/png"}],"author":"admin","twitter_card":"summary_large_image","twitter_misc":{"Escrito por":"admin","Tiempo de lectura":"3 minutos"},"schema":{"@context":"https:\/\/schema.org","@graph":[{"@type":"Article","@id":"https:\/\/equipvinyesdabad.com\/es\/rallys\/joan-vinyes-jordi-mercader-despiden-la-temporada-en-el-rally-cam-race\/#article","isPartOf":{"@id":"https:\/\/equipvinyesdabad.com\/es\/rallys\/joan-vinyes-jordi-mercader-despiden-la-temporada-en-el-rally-cam-race\/"},"author":{"name":"admin","@id":"https:\/\/equipvinyesdabad.com\/es\/#\/schema\/person\/962b4c681d63fd4fbd546ec83b775c1b"},"headline":"Joan Vinyes-Jordi Mercader despiden la temporada en el Rally CAM &#8211; RACE","datePublished":"2014-11-18T00:00:00+00:00","dateModified":"2024-10-31T20:10:49+00:00","mainEntityOfPage":{"@id":"https:\/\/equipvinyesdabad.com\/es\/rallys\/joan-vinyes-jordi-mercader-despiden-la-temporada-en-el-rally-cam-race\/"},"wordCount":662,"image":{"@id":"https:\/\/equipvinyesdabad.com\/es\/rallys\/joan-vinyes-jordi-mercader-despiden-la-temporada-en-el-rally-cam-race\/#primaryimage"},"thumbnailUrl":"https:\/\/equipvinyesdabad.com\/wp-content\/uploads\/2014\/11\/05ViFer.jpg","articleSection":["Rallys","Rallys asfalto"],"inLanguage":"es"},{"@type":"WebPage","@id":"https:\/\/equipvinyesdabad.com\/es\/rallys\/joan-vinyes-jordi-mercader-despiden-la-temporada-en-el-rally-cam-race\/","url":"https:\/\/equipvinyesdabad.com\/es\/rallys\/joan-vinyes-jordi-mercader-despiden-la-temporada-en-el-rally-cam-race\/","name":"Joan Vinyes-Jordi Mercader despiden la temporada en el Rally CAM - RACE - Equip vinyes dabad","isPartOf":{"@id":"https:\/\/equipvinyesdabad.com\/es\/#website"},"primaryImageOfPage":{"@id":"https:\/\/equipvinyesdabad.com\/es\/rallys\/joan-vinyes-jordi-mercader-despiden-la-temporada-en-el-rally-cam-race\/#primaryimage"},"image":{"@id":"https:\/\/equipvinyesdabad.com\/es\/rallys\/joan-vinyes-jordi-mercader-despiden-la-temporada-en-el-rally-cam-race\/#primaryimage"},"thumbnailUrl":"https:\/\/equipvinyesdabad.com\/wp-content\/uploads\/2014\/11\/05ViFer.jpg","datePublished":"2014-11-18T00:00:00+00:00","dateModified":"2024-10-31T20:10:49+00:00","author":{"@id":"https:\/\/equipvinyesdabad.com\/es\/#\/schema\/person\/962b4c681d63fd4fbd546ec83b775c1b"},"breadcrumb":{"@id":"https:\/\/equipvinyesdabad.com\/es\/rallys\/joan-vinyes-jordi-mercader-despiden-la-temporada-en-el-rally-cam-race\/#breadcrumb"},"inLanguage":"es","potentialAction":[{"@type":"ReadAction","target":["https:\/\/equipvinyesdabad.com\/es\/rallys\/joan-vinyes-jordi-mercader-despiden-la-temporada-en-el-rally-cam-race\/"]}]},{"@type":"ImageObject","inLanguage":"es","@id":"https:\/\/equipvinyesdabad.com\/es\/rallys\/joan-vinyes-jordi-mercader-despiden-la-temporada-en-el-rally-cam-race\/#primaryimage","url":"https:\/\/equipvinyesdabad.com\/wp-content\/uploads\/2014\/11\/05ViFer.jpg","contentUrl":"https:\/\/equipvinyesdabad.com\/wp-content\/uploads\/2014\/11\/05ViFer.jpg"},{"@type":"BreadcrumbList","@id":"https:\/\/equipvinyesdabad.com\/es\/rallys\/joan-vinyes-jordi-mercader-despiden-la-temporada-en-el-rally-cam-race\/#breadcrumb","itemListElement":[{"@type":"ListItem","position":1,"name":"Inicio","item":"https:\/\/equipvinyesdabad.com\/es\/"},{"@type":"ListItem","position":2,"name":"Joan Vinyes-Jordi Mercader despiden la temporada en el Rally CAM &#8211; RACE"}]},{"@type":"WebSite","@id":"https:\/\/equipvinyesdabad.com\/es\/#website","url":"https:\/\/equipvinyesdabad.com\/es\/","name":"Equip vinyes dabad","description":"","potentialAction":[{"@type":"SearchAction","target":{"@type":"EntryPoint","urlTemplate":"https:\/\/equipvinyesdabad.com\/es\/?s={search_term_string}"},"query-input":{"@type":"PropertyValueSpecification","valueRequired":true,"valueName":"search_term_string"}}],"inLanguage":"es"},{"@type":"Person","@id":"https:\/\/equipvinyesdabad.com\/es\/#\/schema\/person\/962b4c681d63fd4fbd546ec83b775c1b","name":"admin","image":{"@type":"ImageObject","inLanguage":"es","@id":"https:\/\/secure.gravatar.com\/avatar\/6d1c6cfbf1c3aed75f7a05f946b76867c29d677b49f81545b6b9bc58677b08a0?s=96&d=mm&r=g","url":"https:\/\/secure.gravatar.com\/avatar\/6d1c6cfbf1c3aed75f7a05f946b76867c29d677b49f81545b6b9bc58677b08a0?s=96&d=mm&r=g","contentUrl":"https:\/\/secure.gravatar.com\/avatar\/6d1c6cfbf1c3aed75f7a05f946b76867c29d677b49f81545b6b9bc58677b08a0?s=96&d=mm&r=g","caption":"admin"},"sameAs":["https:\/\/equipvinyesdabad.com"],"url":"https:\/\/equipvinyesdabad.com\/es\/author\/web1\/"}]}},"_links":{"self":[{"href":"https:\/\/equipvinyesdabad.com\/es\/wp-json\/wp\/v2\/posts\/2452","targetHints":{"allow":["GET"]}}],"collection":[{"href":"https:\/\/equipvinyesdabad.com\/es\/wp-json\/wp\/v2\/posts"}],"about":[{"href":"https:\/\/equipvinyesdabad.com\/es\/wp-json\/wp\/v2\/types\/post"}],"author":[{"embeddable":true,"href":"https:\/\/equipvinyesdabad.com\/es\/wp-json\/wp\/v2\/users\/1"}],"replies":[{"embeddable":true,"href":"https:\/\/equipvinyesdabad.com\/es\/wp-json\/wp\/v2\/comments?post=2452"}],"version-history":[{"count":3,"href":"https:\/\/equipvinyesdabad.com\/es\/wp-json\/wp\/v2\/posts\/2452\/revisions"}],"predecessor-version":[{"id":4577,"href":"https:\/\/equipvinyesdabad.com\/es\/wp-json\/wp\/v2\/posts\/2452\/revisions\/4577"}],"wp:featuredmedia":[{"embeddable":true,"href":"https:\/\/equipvinyesdabad.com\/es\/wp-json\/wp\/v2\/media\/1693"}],"wp:attachment":[{"href":"https:\/\/equipvinyesdabad.com\/es\/wp-json\/wp\/v2\/media?parent=2452"}],"wp:term":[{"taxonomy":"category","embeddable":true,"href":"https:\/\/equipvinyesdabad.com\/es\/wp-json\/wp\/v2\/categories?post=2452"},{"taxonomy":"post_tag","embeddable":true,"href":"https:\/\/equipvinyesdabad.com\/es\/wp-json\/wp\/v2\/tags?post=2452"}],"curies":[{"name":"wp","href":"https:\/\/api.w.org\/{rel}","templated":true}]}}