{"id":2455,"date":"2014-11-02T00:00:00","date_gmt":"2014-11-02T00:00:00","guid":{"rendered":"https:\/\/equipvinyesdabad.com\/?p=2455"},"modified":"2024-11-01T07:57:56","modified_gmt":"2024-11-01T07:57:56","slug":"amalia-vinyes-acaba-satisfecha-su-primera-temporada-en-la-eurocup-seat-leon","status":"publish","type":"post","link":"https:\/\/equipvinyesdabad.com\/es\/circuitos\/amalia-vinyes-acaba-satisfecha-su-primera-temporada-en-la-eurocup-seat-leon\/","title":{"rendered":"Am\u00e0lia Vinyes acaba satisfecha su primera temporada en la EUROCUP Seat Le\u00f3n."},"content":{"rendered":"<p style=\"text-align: justify;\">Am&agrave;lia Vnyes cerr&oacute; su participaci&oacute;n en la primera edici&oacute;n de la EUROCUP Seat Le&oacute;n clasific&aacute;ndose entre los diez mejores en la dos carreras disputadas en el Circuito de Barcelona-Catalunya. El objetivo de la piloto de Baporo Motorsport era m&aacute;s ambicioso sobre todo despu&eacute;s de demostrar en los entrenamientos libres que estaba entre los mejores. Pero unas d&eacute;cimas perdidas en su intento de vuelta r&aacute;pida en los ensayos oficiales, marcaron las carreras de Am&agrave;lia.<br \/>Durante todo el fin de semana, el calor fue la nota dominante en el trazado de Montmel&oacute; a pesar de que en algunos instantes un cielo totalmente nublado parec&iacute;a que pod&iacute;a dar trabajo extra a los equipos. &nbsp;<\/p>\n<p>Los <strong>entrenamientos libres (30&rsquo; + 30&rsquo;)<\/strong>, Empezaron con dudas en la primera tanda, con ruedas gastadas parec&iacute;a que las reacciones del Leon eran dif&iacute;ciles de controlar pero, en la que se disput&oacute; por la tarde las dudas iniciales quedaron disipadas y Am&agrave;lia, con ruedas nuevas, dej&oacute; claro que pod&iacute;a estar entre los m&aacute;s r&aacute;pidos. Con un crono de 1&rsquo;58&rdquo;102, se situ&oacute; en la tercera posici&oacute;n de la clasificaci&oacute;n de esta segunda parte del ensayo libre. As&iacute; pues, Am&agrave;lia se mostraba muy satisfecha de como se hab&iacute;a desarrollado esta segunda tanda de libres, as&iacute; se expresaba: <em><strong>Me ha salido una excelente vuelta, no se lo que puede pasar ma&ntilde;ana pero, me he demostrado que puedo estar entre los m&aacute;s r&aacute;pidos de un campeonato en el que la igualdad es la nota predominante.<\/strong><\/em><br \/>En esta segunda tanda de entrenamientos libres, Amalia solo fue superada por sus compa&ntilde;eros en el equipo Baporo Motorsport, Manuel Giao y Pol Rosell, que fueron los &uacute;nicos en rodar por debajo del 1&rsquo;58&rdquo;.<\/p>\n<p>La piloto andorrana inici&oacute; los <em><strong>entrenamientos oficiales (30&rsquo;)<\/strong><\/em> con la esperanza de repetir la actuaci&oacute;n de la jornada anterior y lograr una plaza en la primeras l&iacute;neas de la parrilla de salida. Se puede decir que lo logr&oacute; a medias, consigui&oacute; rebajar en unas cent&eacute;simas el tiempo del d&iacute;a anterior pero sus rivales estuvieron m&aacute;s entonados y se tuvo que conformar con la 11&ordf; posici&oacute;n. Am&agrave;lia al bajar de su Seat Le&oacute;n Racer coment&oacute;: <em><strong>Despu&eacute;s de colocar mi segundo juego de ruedas, el intento de conseguir mejorar mi registro qued&oacute; frustrado al entrar un poco pasada en una de las curvas del circuito. All&iacute; dej&eacute; unas d&eacute;cimas que al final me retrasaron hasta la 6&ordf; l&iacute;nea de la parrilla de salida, despu&eacute;s de ocupar durante buena parte de la recta final de estos entrenamientos el 8&ordm; puesto. Salir de la parte media de la parrilla no es la mejor opci&oacute;n, pero &#8230;<\/strong><\/em><br \/>&nbsp;<br \/>Am&agrave;lia super&oacute; sin dificultades la salida de la <strong>primera carrera (14 vueltas)<\/strong>, pudo mantener la posici&oacute;n de salida y desde la primera vuelta intent&oacute; superar a alguno de los rivales que la preced&iacute;an (Ficza, Weber). En apariencia su ritmo era mejor pero encontrar el hueco para adelantar era m&aacute;s complicado, consigui&oacute; superar al piloto h&uacute;ngaro superada la mitad de la carrera pero no pudo seguir con la progresi&oacute;n, cruzando la l&iacute;nea de llegada entre los top10 de esta carrera. Al llegar al box hizo el siguiente comentario: <em><strong>Saliendo desde atr&aacute;s siempre es complicado y m&aacute;s en este circuito en el que adelantar no es f&aacute;cil. Me he pegado a los rivales que ten&iacute;a por delante esperado el momento propicio para adelantarlos. He podido adelantar a Ficza pero los de delante se me hab&iacute;an escapado unos metros. Ma&ntilde;ana creo que la situaci&oacute;n se repetir&aacute; aunque en las carreras nunca se sabe.<\/strong><\/em><\/p>\n<p>La <strong>segunda carrera (14 vueltas)<\/strong>, aunque tuvo un inicio parecido, pronto se pudo adivinar que ser&iacute;a mucho m&aacute;s dura que la disputada en la jornada anterior. Hubo toques constantes desde las primeras vueltas y hasta 6 abandonos por diversos motivos. Am&agrave;lia se situ&oacute; en la s&eacute;ptima plaza en la tercera vuelta&nbsp; y en apariencia parec&iacute;a que pod&iacute;a llegar hasta los que la preced&iacute;an. La situaci&oacute;n se complic&oacute; para ella cuando le recortaron distancias los que la persegu&iacute;an y tuvo que soportar un final de carrera muy duro. As&iacute; contaba esta fase final de la prueba: <em><strong>Fue muy complicado defender la posici&oacute;n, el coche no respond&iacute;a como al inicio de la carrera. Sin duda algunas toques en adelantamientos a mitad de carrera marcaron la continuaci&oacute;n en la que perd&iacute; alguna posici&oacute;n. De todas maneras otra vez entre los diez primeros y la satisfacci&oacute;n de haber luchado de tu a tu con los rivales que han aparecido durante la carrera a pesar de no tener la mec&aacute;nica al 100%.<\/strong><\/em><\/p>\n<p>El pr&oacute;ximo fin de semana (d&iacute;as 8 y 9) se jugar&aacute;, junto a su hermano Joan, el t&iacute;tulo de campeona del Campeonato de Espa&ntilde;a de Resistencia (CER), de clase 1 (Cl1) y Divisi&oacute;n 3 (D3), en el circuito del Jarama (Madrid). &nbsp;<\/p>\n<p style=\"text-align: right;\"><strong><a href=\"http:\/\/www.infoesport.org\/imgNoticia\/2014\/141102EVBCN2c.pdf\"><img loading=\"lazy\" decoding=\"async\" style=\"float: right;\" src=\"http:\/\/www.infoesport.org\/auxiliar\/fot\/logos\/icono_pdf.gif\" alt=\"\" width=\"50\" height=\"50\" \/><\/a><\/strong>Servicio de prensa.<\/p>\n<p style=\"text-align: center;\"><span style=\"font-size: small;\"><strong>Clasificaciones EUROCUP Seat Le&oacute;n &#8211; Barcelona-Catalu&ntilde;a.<\/strong><\/span><\/p>\n<p style=\"text-align: justify;\"><strong>Entrenamientos oficiales.<\/strong><br \/>1.-Pol Rosell, 1&rsquo;56&rdquo;788, 2.-Julien Brich&eacute;, a 0&rdquo;122, 3.-Stefano Comini, a 0&rdquo;343, 4.-Manuel Giao, a 0&rdquo;479, 5.-,Fran Rueda 0&rsquo;791, &#8230; <strong>11.-Am&agrave;lia Vinyes, a 1&rdquo;278.<\/strong><br \/><strong>1&ordf;Carrera.<\/strong><br \/>1.-Stefano Comini, 27&rsquo;56&rdquo;537, 2.-Pol Rosell, a 3&rdquo;336, 3.-Stian Paulsen, a 7&rdquo;599, 4.-Julien Brich&eacute;, a 12&rdquo;734, 5.-Fran Rueda , a 16&rdquo;392, &#8230; <strong>10.-Am&agrave;lia Vinyes, a 29&rdquo;753.<\/strong><br \/><strong>2&ordf;Carrera.<\/strong><br \/>1.-Manuel Giao Julien Brich&eacute;, 28&rsquo;10&rdquo;434, 2.-Stefano Comini, a 10&rdquo;813, 3.-Julien Brich&eacute;, a 14&rdquo;459, 4.-Pol Rosell, a 17&rdquo;007, 5.-Marcos de Diego, a 19&rdquo;007,&#8230; <strong>9.-Am&agrave;lia VInyes, a 23&rdquo;453.<\/strong><\/p>\n","protected":false},"excerpt":{"rendered":"<p>Am\u00e0lia Vnyes cerr\u00f3 su participaci\u00f3n en la primera edici\u00f3n de la EUROCUP Seat Le\u00f3n clasific\u00e1ndose entre los diez mejores en la dos carreras disputadas en el Circuito de Barcelona-Catalunya. El objetivo de la piloto de Baporo Motorsport era m\u00e1s ambicioso sobre todo despu\u00e9s de demostrar en los entrenamientos libres que estaba entre los mejores. Pero unas d\u00e9cimas perdidas en su intento de vuelta r\u00e1pida en los ensayos oficiales, marcaron las carreras de Am\u00e0lia.<br \/>\nDurante todo el fin de semana, el calor fue la nota dominante en el trazado de Montmel\u00f3 a pesar de que en algunos instantes un cielo totalmente nublado parec\u00eda que pod\u00eda dar trabajo extra a los equipos.<\/p>\n","protected":false},"author":1,"featured_media":1695,"comment_status":"closed","ping_status":"closed","sticky":false,"template":"","format":"standard","meta":{"_kadence_starter_templates_imported_post":false,"_kad_post_transparent":"","_kad_post_title":"","_kad_post_layout":"","_kad_post_sidebar_id":"","_kad_post_content_style":"","_kad_post_vertical_padding":"","_kad_post_feature":"","_kad_post_feature_position":"","_kad_post_header":false,"_kad_post_footer":false,"_kad_post_classname":"","footnotes":""},"categories":[52,131],"tags":[],"class_list":["post-2455","post","type-post","status-publish","format-standard","has-post-thumbnail","hentry","category-circuitos","category-circuitos-europa"],"yoast_head":"<!-- This site is optimized with the Yoast SEO plugin v27.4 - https:\/\/yoast.com\/product\/yoast-seo-wordpress\/ -->\n<title>Am\u00e0lia Vinyes acaba satisfecha su primera temporada en la EUROCUP Seat Le\u00f3n. - Equip vinyes dabad<\/title>\n<meta name=\"robots\" content=\"index, follow, max-snippet:-1, max-image-preview:large, max-video-preview:-1\" \/>\n<link rel=\"canonical\" href=\"https:\/\/equipvinyesdabad.com\/es\/circuitos\/amalia-vinyes-acaba-satisfecha-su-primera-temporada-en-la-eurocup-seat-leon\/\" \/>\n<meta property=\"og:locale\" content=\"es_ES\" \/>\n<meta property=\"og:type\" content=\"article\" \/>\n<meta property=\"og:title\" content=\"Am\u00e0lia Vinyes acaba satisfecha su primera temporada en la EUROCUP Seat Le\u00f3n. - Equip vinyes dabad\" \/>\n<meta property=\"og:description\" content=\"Am\u00e0lia Vnyes cerr\u00f3 su participaci\u00f3n en la primera edici\u00f3n de la EUROCUP Seat Le\u00f3n clasific\u00e1ndose entre los diez mejores en la dos carreras disputadas en el Circuito de Barcelona-Catalunya. El objetivo de la piloto de Baporo Motorsport era m\u00e1s ambicioso sobre todo despu\u00e9s de demostrar en los entrenamientos libres que estaba entre los mejores. Pero unas d\u00e9cimas perdidas en su intento de vuelta r\u00e1pida en los ensayos oficiales, marcaron las carreras de Am\u00e0lia. Durante todo el fin de semana, el calor fue la nota dominante en el trazado de Montmel\u00f3 a pesar de que en algunos instantes un cielo totalmente nublado parec\u00eda que pod\u00eda dar trabajo extra a los equipos.\" \/>\n<meta property=\"og:url\" content=\"https:\/\/equipvinyesdabad.com\/es\/circuitos\/amalia-vinyes-acaba-satisfecha-su-primera-temporada-en-la-eurocup-seat-leon\/\" \/>\n<meta property=\"og:site_name\" content=\"Equip vinyes dabad\" \/>\n<meta property=\"article:published_time\" content=\"2014-11-02T00:00:00+00:00\" \/>\n<meta property=\"article:modified_time\" content=\"2024-11-01T07:57:56+00:00\" \/>\n<meta property=\"og:image\" content=\"https:\/\/equipvinyesdabad.com\/wp-content\/uploads\/2024\/10\/logo_vinyes_dabad.png\" \/>\n\t<meta property=\"og:image:width\" content=\"250\" \/>\n\t<meta property=\"og:image:height\" content=\"130\" \/>\n\t<meta property=\"og:image:type\" content=\"image\/png\" \/>\n<meta name=\"author\" content=\"admin\" \/>\n<meta name=\"twitter:card\" content=\"summary_large_image\" \/>\n<meta name=\"twitter:label1\" content=\"Escrito por\" \/>\n\t<meta name=\"twitter:data1\" content=\"admin\" \/>\n\t<meta name=\"twitter:label2\" content=\"Tiempo de lectura\" \/>\n\t<meta name=\"twitter:data2\" content=\"5 minutos\" \/>\n<script type=\"application\/ld+json\" class=\"yoast-schema-graph\">{\"@context\":\"https:\\\/\\\/schema.org\",\"@graph\":[{\"@type\":\"Article\",\"@id\":\"https:\\\/\\\/equipvinyesdabad.com\\\/es\\\/circuitos\\\/amalia-vinyes-acaba-satisfecha-su-primera-temporada-en-la-eurocup-seat-leon\\\/#article\",\"isPartOf\":{\"@id\":\"https:\\\/\\\/equipvinyesdabad.com\\\/es\\\/circuitos\\\/amalia-vinyes-acaba-satisfecha-su-primera-temporada-en-la-eurocup-seat-leon\\\/\"},\"author\":{\"name\":\"admin\",\"@id\":\"https:\\\/\\\/equipvinyesdabad.com\\\/es\\\/#\\\/schema\\\/person\\\/962b4c681d63fd4fbd546ec83b775c1b\"},\"headline\":\"Am\u00e0lia Vinyes acaba satisfecha su primera temporada en la EUROCUP Seat Le\u00f3n.\",\"datePublished\":\"2014-11-02T00:00:00+00:00\",\"dateModified\":\"2024-11-01T07:57:56+00:00\",\"mainEntityOfPage\":{\"@id\":\"https:\\\/\\\/equipvinyesdabad.com\\\/es\\\/circuitos\\\/amalia-vinyes-acaba-satisfecha-su-primera-temporada-en-la-eurocup-seat-leon\\\/\"},\"wordCount\":1069,\"image\":{\"@id\":\"https:\\\/\\\/equipvinyesdabad.com\\\/es\\\/circuitos\\\/amalia-vinyes-acaba-satisfecha-su-primera-temporada-en-la-eurocup-seat-leon\\\/#primaryimage\"},\"thumbnailUrl\":\"https:\\\/\\\/equipvinyesdabad.com\\\/wp-content\\\/uploads\\\/2014\\\/11\\\/13AVCat1195.jpg\",\"articleSection\":[\"Circuitos\",\"Circuitos Europa\"],\"inLanguage\":\"es\"},{\"@type\":\"WebPage\",\"@id\":\"https:\\\/\\\/equipvinyesdabad.com\\\/es\\\/circuitos\\\/amalia-vinyes-acaba-satisfecha-su-primera-temporada-en-la-eurocup-seat-leon\\\/\",\"url\":\"https:\\\/\\\/equipvinyesdabad.com\\\/es\\\/circuitos\\\/amalia-vinyes-acaba-satisfecha-su-primera-temporada-en-la-eurocup-seat-leon\\\/\",\"name\":\"Am\u00e0lia Vinyes acaba satisfecha su primera temporada en la EUROCUP Seat Le\u00f3n. - Equip vinyes dabad\",\"isPartOf\":{\"@id\":\"https:\\\/\\\/equipvinyesdabad.com\\\/es\\\/#website\"},\"primaryImageOfPage\":{\"@id\":\"https:\\\/\\\/equipvinyesdabad.com\\\/es\\\/circuitos\\\/amalia-vinyes-acaba-satisfecha-su-primera-temporada-en-la-eurocup-seat-leon\\\/#primaryimage\"},\"image\":{\"@id\":\"https:\\\/\\\/equipvinyesdabad.com\\\/es\\\/circuitos\\\/amalia-vinyes-acaba-satisfecha-su-primera-temporada-en-la-eurocup-seat-leon\\\/#primaryimage\"},\"thumbnailUrl\":\"https:\\\/\\\/equipvinyesdabad.com\\\/wp-content\\\/uploads\\\/2014\\\/11\\\/13AVCat1195.jpg\",\"datePublished\":\"2014-11-02T00:00:00+00:00\",\"dateModified\":\"2024-11-01T07:57:56+00:00\",\"author\":{\"@id\":\"https:\\\/\\\/equipvinyesdabad.com\\\/es\\\/#\\\/schema\\\/person\\\/962b4c681d63fd4fbd546ec83b775c1b\"},\"breadcrumb\":{\"@id\":\"https:\\\/\\\/equipvinyesdabad.com\\\/es\\\/circuitos\\\/amalia-vinyes-acaba-satisfecha-su-primera-temporada-en-la-eurocup-seat-leon\\\/#breadcrumb\"},\"inLanguage\":\"es\",\"potentialAction\":[{\"@type\":\"ReadAction\",\"target\":[\"https:\\\/\\\/equipvinyesdabad.com\\\/es\\\/circuitos\\\/amalia-vinyes-acaba-satisfecha-su-primera-temporada-en-la-eurocup-seat-leon\\\/\"]}]},{\"@type\":\"ImageObject\",\"inLanguage\":\"es\",\"@id\":\"https:\\\/\\\/equipvinyesdabad.com\\\/es\\\/circuitos\\\/amalia-vinyes-acaba-satisfecha-su-primera-temporada-en-la-eurocup-seat-leon\\\/#primaryimage\",\"url\":\"https:\\\/\\\/equipvinyesdabad.com\\\/wp-content\\\/uploads\\\/2014\\\/11\\\/13AVCat1195.jpg\",\"contentUrl\":\"https:\\\/\\\/equipvinyesdabad.com\\\/wp-content\\\/uploads\\\/2014\\\/11\\\/13AVCat1195.jpg\"},{\"@type\":\"BreadcrumbList\",\"@id\":\"https:\\\/\\\/equipvinyesdabad.com\\\/es\\\/circuitos\\\/amalia-vinyes-acaba-satisfecha-su-primera-temporada-en-la-eurocup-seat-leon\\\/#breadcrumb\",\"itemListElement\":[{\"@type\":\"ListItem\",\"position\":1,\"name\":\"Inicio\",\"item\":\"https:\\\/\\\/equipvinyesdabad.com\\\/es\\\/\"},{\"@type\":\"ListItem\",\"position\":2,\"name\":\"Am\u00e0lia Vinyes acaba satisfecha su primera temporada en la EUROCUP Seat Le\u00f3n.\"}]},{\"@type\":\"WebSite\",\"@id\":\"https:\\\/\\\/equipvinyesdabad.com\\\/es\\\/#website\",\"url\":\"https:\\\/\\\/equipvinyesdabad.com\\\/es\\\/\",\"name\":\"Equip vinyes dabad\",\"description\":\"\",\"potentialAction\":[{\"@type\":\"SearchAction\",\"target\":{\"@type\":\"EntryPoint\",\"urlTemplate\":\"https:\\\/\\\/equipvinyesdabad.com\\\/es\\\/?s={search_term_string}\"},\"query-input\":{\"@type\":\"PropertyValueSpecification\",\"valueRequired\":true,\"valueName\":\"search_term_string\"}}],\"inLanguage\":\"es\"},{\"@type\":\"Person\",\"@id\":\"https:\\\/\\\/equipvinyesdabad.com\\\/es\\\/#\\\/schema\\\/person\\\/962b4c681d63fd4fbd546ec83b775c1b\",\"name\":\"admin\",\"image\":{\"@type\":\"ImageObject\",\"inLanguage\":\"es\",\"@id\":\"https:\\\/\\\/secure.gravatar.com\\\/avatar\\\/6d1c6cfbf1c3aed75f7a05f946b76867c29d677b49f81545b6b9bc58677b08a0?s=96&d=mm&r=g\",\"url\":\"https:\\\/\\\/secure.gravatar.com\\\/avatar\\\/6d1c6cfbf1c3aed75f7a05f946b76867c29d677b49f81545b6b9bc58677b08a0?s=96&d=mm&r=g\",\"contentUrl\":\"https:\\\/\\\/secure.gravatar.com\\\/avatar\\\/6d1c6cfbf1c3aed75f7a05f946b76867c29d677b49f81545b6b9bc58677b08a0?s=96&d=mm&r=g\",\"caption\":\"admin\"},\"sameAs\":[\"https:\\\/\\\/equipvinyesdabad.com\"],\"url\":\"https:\\\/\\\/equipvinyesdabad.com\\\/es\\\/author\\\/web1\\\/\"}]}<\/script>\n<!-- \/ Yoast SEO plugin. -->","yoast_head_json":{"title":"Am\u00e0lia Vinyes acaba satisfecha su primera temporada en la EUROCUP Seat Le\u00f3n. - Equip vinyes dabad","robots":{"index":"index","follow":"follow","max-snippet":"max-snippet:-1","max-image-preview":"max-image-preview:large","max-video-preview":"max-video-preview:-1"},"canonical":"https:\/\/equipvinyesdabad.com\/es\/circuitos\/amalia-vinyes-acaba-satisfecha-su-primera-temporada-en-la-eurocup-seat-leon\/","og_locale":"es_ES","og_type":"article","og_title":"Am\u00e0lia Vinyes acaba satisfecha su primera temporada en la EUROCUP Seat Le\u00f3n. - Equip vinyes dabad","og_description":"Am\u00e0lia Vnyes cerr\u00f3 su participaci\u00f3n en la primera edici\u00f3n de la EUROCUP Seat Le\u00f3n clasific\u00e1ndose entre los diez mejores en la dos carreras disputadas en el Circuito de Barcelona-Catalunya. El objetivo de la piloto de Baporo Motorsport era m\u00e1s ambicioso sobre todo despu\u00e9s de demostrar en los entrenamientos libres que estaba entre los mejores. Pero unas d\u00e9cimas perdidas en su intento de vuelta r\u00e1pida en los ensayos oficiales, marcaron las carreras de Am\u00e0lia. Durante todo el fin de semana, el calor fue la nota dominante en el trazado de Montmel\u00f3 a pesar de que en algunos instantes un cielo totalmente nublado parec\u00eda que pod\u00eda dar trabajo extra a los equipos.","og_url":"https:\/\/equipvinyesdabad.com\/es\/circuitos\/amalia-vinyes-acaba-satisfecha-su-primera-temporada-en-la-eurocup-seat-leon\/","og_site_name":"Equip vinyes dabad","article_published_time":"2014-11-02T00:00:00+00:00","article_modified_time":"2024-11-01T07:57:56+00:00","og_image":[{"width":250,"height":130,"url":"https:\/\/equipvinyesdabad.com\/wp-content\/uploads\/2024\/10\/logo_vinyes_dabad.png","type":"image\/png"}],"author":"admin","twitter_card":"summary_large_image","twitter_misc":{"Escrito por":"admin","Tiempo de lectura":"5 minutos"},"schema":{"@context":"https:\/\/schema.org","@graph":[{"@type":"Article","@id":"https:\/\/equipvinyesdabad.com\/es\/circuitos\/amalia-vinyes-acaba-satisfecha-su-primera-temporada-en-la-eurocup-seat-leon\/#article","isPartOf":{"@id":"https:\/\/equipvinyesdabad.com\/es\/circuitos\/amalia-vinyes-acaba-satisfecha-su-primera-temporada-en-la-eurocup-seat-leon\/"},"author":{"name":"admin","@id":"https:\/\/equipvinyesdabad.com\/es\/#\/schema\/person\/962b4c681d63fd4fbd546ec83b775c1b"},"headline":"Am\u00e0lia Vinyes acaba satisfecha su primera temporada en la EUROCUP Seat Le\u00f3n.","datePublished":"2014-11-02T00:00:00+00:00","dateModified":"2024-11-01T07:57:56+00:00","mainEntityOfPage":{"@id":"https:\/\/equipvinyesdabad.com\/es\/circuitos\/amalia-vinyes-acaba-satisfecha-su-primera-temporada-en-la-eurocup-seat-leon\/"},"wordCount":1069,"image":{"@id":"https:\/\/equipvinyesdabad.com\/es\/circuitos\/amalia-vinyes-acaba-satisfecha-su-primera-temporada-en-la-eurocup-seat-leon\/#primaryimage"},"thumbnailUrl":"https:\/\/equipvinyesdabad.com\/wp-content\/uploads\/2014\/11\/13AVCat1195.jpg","articleSection":["Circuitos","Circuitos Europa"],"inLanguage":"es"},{"@type":"WebPage","@id":"https:\/\/equipvinyesdabad.com\/es\/circuitos\/amalia-vinyes-acaba-satisfecha-su-primera-temporada-en-la-eurocup-seat-leon\/","url":"https:\/\/equipvinyesdabad.com\/es\/circuitos\/amalia-vinyes-acaba-satisfecha-su-primera-temporada-en-la-eurocup-seat-leon\/","name":"Am\u00e0lia Vinyes acaba satisfecha su primera temporada en la EUROCUP Seat Le\u00f3n. - Equip vinyes dabad","isPartOf":{"@id":"https:\/\/equipvinyesdabad.com\/es\/#website"},"primaryImageOfPage":{"@id":"https:\/\/equipvinyesdabad.com\/es\/circuitos\/amalia-vinyes-acaba-satisfecha-su-primera-temporada-en-la-eurocup-seat-leon\/#primaryimage"},"image":{"@id":"https:\/\/equipvinyesdabad.com\/es\/circuitos\/amalia-vinyes-acaba-satisfecha-su-primera-temporada-en-la-eurocup-seat-leon\/#primaryimage"},"thumbnailUrl":"https:\/\/equipvinyesdabad.com\/wp-content\/uploads\/2014\/11\/13AVCat1195.jpg","datePublished":"2014-11-02T00:00:00+00:00","dateModified":"2024-11-01T07:57:56+00:00","author":{"@id":"https:\/\/equipvinyesdabad.com\/es\/#\/schema\/person\/962b4c681d63fd4fbd546ec83b775c1b"},"breadcrumb":{"@id":"https:\/\/equipvinyesdabad.com\/es\/circuitos\/amalia-vinyes-acaba-satisfecha-su-primera-temporada-en-la-eurocup-seat-leon\/#breadcrumb"},"inLanguage":"es","potentialAction":[{"@type":"ReadAction","target":["https:\/\/equipvinyesdabad.com\/es\/circuitos\/amalia-vinyes-acaba-satisfecha-su-primera-temporada-en-la-eurocup-seat-leon\/"]}]},{"@type":"ImageObject","inLanguage":"es","@id":"https:\/\/equipvinyesdabad.com\/es\/circuitos\/amalia-vinyes-acaba-satisfecha-su-primera-temporada-en-la-eurocup-seat-leon\/#primaryimage","url":"https:\/\/equipvinyesdabad.com\/wp-content\/uploads\/2014\/11\/13AVCat1195.jpg","contentUrl":"https:\/\/equipvinyesdabad.com\/wp-content\/uploads\/2014\/11\/13AVCat1195.jpg"},{"@type":"BreadcrumbList","@id":"https:\/\/equipvinyesdabad.com\/es\/circuitos\/amalia-vinyes-acaba-satisfecha-su-primera-temporada-en-la-eurocup-seat-leon\/#breadcrumb","itemListElement":[{"@type":"ListItem","position":1,"name":"Inicio","item":"https:\/\/equipvinyesdabad.com\/es\/"},{"@type":"ListItem","position":2,"name":"Am\u00e0lia Vinyes acaba satisfecha su primera temporada en la EUROCUP Seat Le\u00f3n."}]},{"@type":"WebSite","@id":"https:\/\/equipvinyesdabad.com\/es\/#website","url":"https:\/\/equipvinyesdabad.com\/es\/","name":"Equip vinyes dabad","description":"","potentialAction":[{"@type":"SearchAction","target":{"@type":"EntryPoint","urlTemplate":"https:\/\/equipvinyesdabad.com\/es\/?s={search_term_string}"},"query-input":{"@type":"PropertyValueSpecification","valueRequired":true,"valueName":"search_term_string"}}],"inLanguage":"es"},{"@type":"Person","@id":"https:\/\/equipvinyesdabad.com\/es\/#\/schema\/person\/962b4c681d63fd4fbd546ec83b775c1b","name":"admin","image":{"@type":"ImageObject","inLanguage":"es","@id":"https:\/\/secure.gravatar.com\/avatar\/6d1c6cfbf1c3aed75f7a05f946b76867c29d677b49f81545b6b9bc58677b08a0?s=96&d=mm&r=g","url":"https:\/\/secure.gravatar.com\/avatar\/6d1c6cfbf1c3aed75f7a05f946b76867c29d677b49f81545b6b9bc58677b08a0?s=96&d=mm&r=g","contentUrl":"https:\/\/secure.gravatar.com\/avatar\/6d1c6cfbf1c3aed75f7a05f946b76867c29d677b49f81545b6b9bc58677b08a0?s=96&d=mm&r=g","caption":"admin"},"sameAs":["https:\/\/equipvinyesdabad.com"],"url":"https:\/\/equipvinyesdabad.com\/es\/author\/web1\/"}]}},"_links":{"self":[{"href":"https:\/\/equipvinyesdabad.com\/es\/wp-json\/wp\/v2\/posts\/2455","targetHints":{"allow":["GET"]}}],"collection":[{"href":"https:\/\/equipvinyesdabad.com\/es\/wp-json\/wp\/v2\/posts"}],"about":[{"href":"https:\/\/equipvinyesdabad.com\/es\/wp-json\/wp\/v2\/types\/post"}],"author":[{"embeddable":true,"href":"https:\/\/equipvinyesdabad.com\/es\/wp-json\/wp\/v2\/users\/1"}],"replies":[{"embeddable":true,"href":"https:\/\/equipvinyesdabad.com\/es\/wp-json\/wp\/v2\/comments?post=2455"}],"version-history":[{"count":3,"href":"https:\/\/equipvinyesdabad.com\/es\/wp-json\/wp\/v2\/posts\/2455\/revisions"}],"predecessor-version":[{"id":4581,"href":"https:\/\/equipvinyesdabad.com\/es\/wp-json\/wp\/v2\/posts\/2455\/revisions\/4581"}],"wp:featuredmedia":[{"embeddable":true,"href":"https:\/\/equipvinyesdabad.com\/es\/wp-json\/wp\/v2\/media\/1695"}],"wp:attachment":[{"href":"https:\/\/equipvinyesdabad.com\/es\/wp-json\/wp\/v2\/media?parent=2455"}],"wp:term":[{"taxonomy":"category","embeddable":true,"href":"https:\/\/equipvinyesdabad.com\/es\/wp-json\/wp\/v2\/categories?post=2455"},{"taxonomy":"post_tag","embeddable":true,"href":"https:\/\/equipvinyesdabad.com\/es\/wp-json\/wp\/v2\/tags?post=2455"}],"curies":[{"name":"wp","href":"https:\/\/api.w.org\/{rel}","templated":true}]}}