{"id":2469,"date":"2014-09-28T00:00:00","date_gmt":"2014-09-28T00:00:00","guid":{"rendered":"https:\/\/equipvinyesdabad.com\/?p=2469"},"modified":"2024-10-31T20:10:50","modified_gmt":"2024-10-31T20:10:50","slug":"vinyes-mercader-suzuki-swift-s1600-en-el-podio-absoluto-del-38-rally-de-llanes","status":"publish","type":"post","link":"https:\/\/equipvinyesdabad.com\/es\/rallys\/vinyes-mercader-suzuki-swift-s1600-en-el-podio-absoluto-del-38-rally-de-llanes\/","title":{"rendered":"Vinyes-Mercader (Suzuki Swift S1600) en el podio absoluto del 38 Rally de Llanes."},"content":{"rendered":"<p style=\"text-align: justify;\">&iexcl;Esta vez s&iacute;!, Joan Vinyes-Jordi Mercader, al volante de un Swift S1600 del equipo Suzuki MotorSport, redondearon una excelente actuaci&oacute;n en las especiales del 38 Rally villa de Llanes que les situ&oacute; al final de la prueba en la segunda plaza de la clasificaci&oacute;n absoluta y como ganadores en las clasificaciones de Clase 2 y de 2 Ruedas Motrices (2RM).<\/p>\n<p>La climatolog&iacute;a cumpli&oacute; con la previsi&oacute;n prevista, la lluvia respet&oacute; a los presentes pero los participantes si que tuvieron que luchar con la niebla sobre todo en la especial de la Sierra del Sueve (Arriondas-Carmen).<br \/>En otro orden de cosas cabe mencionar, la desagradable noticia que se encontraron los equipos a la salida de Gamoneu. La especial hab&iacute;a sido saboteada y no se pod&iacute;a disputar. Alguien lanz&oacute; clavos, tornillos, &#8230; al asfalto con el consecuente peligro para la integridad f&iacute;sica de los participantes, la caravana de seguridad de la prueba se percat&oacute; de la acci&oacute;n y se neutraliz&oacute; la primera pasada por la mencionada especial antes de que saliera el primer participante.&nbsp;&nbsp;&nbsp;&nbsp; <\/p>\n<p>Vinyes-Mercader iniciaron la prueba de Llanes marcando los mejores registros entre los veh&iacute;culos de 2 Ruedas Motrices (2RM) en las dos pasadas por las especiales, Nueva-Labra (19,90 km) y Arriondas-Carmen (22,20 km), que configuraban las secciones iniciales de la prueba asturiana. El equipo SuzukiMotorSport eran l&iacute;deres de las clasificaciones de Clase 2 y 2 RM con 25&rdquo; de ventaja respecto a sus compa&ntilde;eros de equipo, Anxustegi-Iglesias, que en aquellos instantes eran sus rivales directos. <br \/>Adem&aacute;s el buen ritmo de Vinyes-Mercader, y los problemas de algunos de veh&iacute;culos m&aacute;s potentes de la prueba, les situaron en la segunda plaza de la clasificaci&oacute;n absoluta a 1&rsquo;18&rdquo; del Ford Fiesta R5 de Fuster-Avi&ntilde;&oacute;.<br \/>En la asistencia intermedia de la prueba Vinyes se mostraba muy complacido de como se estaba desarrollando el rally. En aquel momento su preocupaci&oacute;n era: <em><strong>Vamos a intentar administrar las diferencias respecto a los Mitsubishi Lancer Evo X de Jonathan (P&eacute;rez) y Pern&iacute;a, a priori, los rivales que nos pueden dejar fuera del podio absoluto. Veremos como se desarrolla esta fase definitiva del rally.<\/strong><\/em><br \/><em><strong>&nbsp;<\/strong><\/em><br \/>Para confirmar su segundo podio absoluto de la temporada, Vinyes-Mercader, estaban obligados a defender sus opciones en dos pasadas a un bucle formado por La Torneria (11,37 km), Gamoneu (9,94 km) y Siejo-Puertas (24,35 km). <br \/>El primer paso por estas especiales se llev&oacute; a cabo de manera positiva para las expectativas de podio de Vinyes-Mercader. Sus rivales directos le limaron diferencias pero de cara a la recta final de la prueba el piloto de Suzuki manten&iacute;a 57&rdquo; respecto a Jonathan Perez, que sin duda, era el rival a controlar por Vinyes.<br \/>En esta parte final del rally todo se desarroll&oacute; sin sorpresas, incluso se disput&oacute; el paso por Gamoneu, y Vinyes-Mercader pudieron subir al podio absoluto del parking de El Sablon. <br \/>Una segunda plaza muy trabajada y que no hemos podido celebrar hasta el final. Las pruebas asturianas siempre son complicadas y el rally de Llanes no es una excepci&oacute;n.<em><strong> Esta vez todo ha funcionado sin contratiempos dignos de menci&oacute;n y hemos podido finalizar la jornada en el podio absoluto del Llanes 2014. Sin duda una importante inyecci&oacute;n de moral para afrontar la parte decisiva de la temporada.<\/strong><\/em><br \/>Cabe mencionar que este a&ntilde;o se cumple el d&eacute;cimo aniversario del triunfo de Joan Vinyes en la prueba organizada por la Escuder&iacute;a de Llanes.<\/p>\n<p>El norte de Espa&ntilde;a seguir&aacute; recibiendo a los equipos del Campeonato de Espa&ntilde;a de Rallys de asfalto, aunque en este caso ser&aacute;n las carreteras de la Comunidad de Cantabria el escenario de la pen&uacute;ltima prueba del calendario de mencionado certamen. El Rally Santander Cantabria, organizado por el Club Deportivo Pe&ntilde;ucas, vivir&aacute; su 36&ordf; edici&oacute;n el pr&oacute;ximo d&iacute;a 11 de Octubre&nbsp;&nbsp; <\/p>\n<p><strong><a href=\"http:\/\/www.infoesport.org\/imgNoticia\/2014\/140927EVLla2c.pdf\"><img loading=\"lazy\" decoding=\"async\" style=\"float: right;\" src=\"http:\/\/www.infoesport.org\/auxiliar\/fot\/logos\/icono_pdf.gif\" alt=\"\" width=\"50\" height=\"50\" \/><\/a><\/strong><\/p>\n<p style=\"text-align: right;\">Servicio de Prensa.<\/p>\n<p style=\"text-align: left;\"><strong>Clasificaciones del 38 Rally villa de Llanes &#8211; Campeonato de Espa&ntilde;a de Rallys de asfalto.<\/strong><\/p>\n<p><strong>Clasificaci&oacute;n Scratch:<\/strong><br \/>1.-Fuster-Avi&ntilde;o (Ford Fiesta R5) 1h44&rsquo;38&rdquo;5, <strong>2.-Vinyes-Mercader (Suzuki Swift S1600), a 1&rsquo;55&rdquo;3,<\/strong> 3.-Anxustegi-Iglesias (Suzuki Swift S1600), a 2&rsquo;29&rdquo;2, 4.- P&eacute;rez-Rua (Mitsubishi Lancer Evo X), a 2&rsquo;41&rdquo;7, 5.-Pern&iacute;a-Del Barrio (Mitsubishi Lancer Evo X) a 3&rsquo;21&rdquo;8.<\/p>\n<p><strong>Clasificaci&oacute;n 2 Ruedas Motrices (2RM).<\/strong><br \/><strong>1.-Vinyes-Mercader (Szuzki Swift S1600) 1h46&rsquo;33&rdquo;0,<\/strong> 2.-Anxustegi-Iglesias (Suzuki Swift S1600), a 0&rsquo;33&rdquo;9, 3.-Pe&ntilde;a-Celis (Citro&euml;n DS3 R3T) a 5&rsquo;13&rdquo;3, 4.-P&eacute;rez-Iglesias (Peugeot 208 R2) a 5&rsquo;30&rdquo;7, 5.-Gracia-Liso (Ford Fiesta R2) a 5&rsquo;57&rdquo;1.<\/p>\n","protected":false},"excerpt":{"rendered":"<p>\u00a1Esta vez s\u00ed!, Joan Vinyes-Jordi Mercader, al volante de un Swift S1600 del equipo Suzuki MotorSport, redondearon una excelente actuaci\u00f3n en las especiales del 38 Rally villa de Llanes que les situ\u00f3 al final de la prueba en la segunda plaza de la clasificaci\u00f3n absoluta y como ganadores en las clasificaciones de Clase 2 y de 2 Ruedas Motrices (2RM).<\/p>\n","protected":false},"author":1,"featured_media":1703,"comment_status":"closed","ping_status":"closed","sticky":false,"template":"","format":"standard","meta":{"_kadence_starter_templates_imported_post":false,"_kad_post_transparent":"","_kad_post_title":"","_kad_post_layout":"","_kad_post_sidebar_id":"","_kad_post_content_style":"","_kad_post_vertical_padding":"","_kad_post_feature":"","_kad_post_feature_position":"","_kad_post_header":false,"_kad_post_footer":false,"_kad_post_classname":"","footnotes":""},"categories":[46,60],"tags":[],"class_list":["post-2469","post","type-post","status-publish","format-standard","has-post-thumbnail","hentry","category-rallys","category-rallys-asfalto"],"yoast_head":"<!-- This site is optimized with the Yoast SEO plugin v27.4 - https:\/\/yoast.com\/product\/yoast-seo-wordpress\/ -->\n<title>Vinyes-Mercader (Suzuki Swift S1600) en el podio absoluto del 38 Rally de Llanes. - Equip vinyes dabad<\/title>\n<meta name=\"robots\" content=\"index, follow, max-snippet:-1, max-image-preview:large, max-video-preview:-1\" \/>\n<link rel=\"canonical\" href=\"https:\/\/equipvinyesdabad.com\/es\/rallys\/vinyes-mercader-suzuki-swift-s1600-en-el-podio-absoluto-del-38-rally-de-llanes\/\" \/>\n<meta property=\"og:locale\" content=\"es_ES\" \/>\n<meta property=\"og:type\" content=\"article\" \/>\n<meta property=\"og:title\" content=\"Vinyes-Mercader (Suzuki Swift S1600) en el podio absoluto del 38 Rally de Llanes. - Equip vinyes dabad\" \/>\n<meta property=\"og:description\" content=\"\u00a1Esta vez s\u00ed!, Joan Vinyes-Jordi Mercader, al volante de un Swift S1600 del equipo Suzuki MotorSport, redondearon una excelente actuaci\u00f3n en las especiales del 38 Rally villa de Llanes que les situ\u00f3 al final de la prueba en la segunda plaza de la clasificaci\u00f3n absoluta y como ganadores en las clasificaciones de Clase 2 y de 2 Ruedas Motrices (2RM).\" \/>\n<meta property=\"og:url\" content=\"https:\/\/equipvinyesdabad.com\/es\/rallys\/vinyes-mercader-suzuki-swift-s1600-en-el-podio-absoluto-del-38-rally-de-llanes\/\" \/>\n<meta property=\"og:site_name\" content=\"Equip vinyes dabad\" \/>\n<meta property=\"article:published_time\" content=\"2014-09-28T00:00:00+00:00\" \/>\n<meta property=\"article:modified_time\" content=\"2024-10-31T20:10:50+00:00\" \/>\n<meta property=\"og:image\" content=\"https:\/\/equipvinyesdabad.com\/wp-content\/uploads\/2024\/10\/logo_vinyes_dabad.png\" \/>\n\t<meta property=\"og:image:width\" content=\"250\" \/>\n\t<meta property=\"og:image:height\" content=\"130\" \/>\n\t<meta property=\"og:image:type\" content=\"image\/png\" \/>\n<meta name=\"author\" content=\"admin\" \/>\n<meta name=\"twitter:card\" content=\"summary_large_image\" \/>\n<meta name=\"twitter:label1\" content=\"Escrito por\" \/>\n\t<meta name=\"twitter:data1\" content=\"admin\" \/>\n\t<meta name=\"twitter:label2\" content=\"Tiempo de lectura\" \/>\n\t<meta name=\"twitter:data2\" content=\"4 minutos\" \/>\n<script type=\"application\/ld+json\" class=\"yoast-schema-graph\">{\"@context\":\"https:\\\/\\\/schema.org\",\"@graph\":[{\"@type\":\"Article\",\"@id\":\"https:\\\/\\\/equipvinyesdabad.com\\\/es\\\/rallys\\\/vinyes-mercader-suzuki-swift-s1600-en-el-podio-absoluto-del-38-rally-de-llanes\\\/#article\",\"isPartOf\":{\"@id\":\"https:\\\/\\\/equipvinyesdabad.com\\\/es\\\/rallys\\\/vinyes-mercader-suzuki-swift-s1600-en-el-podio-absoluto-del-38-rally-de-llanes\\\/\"},\"author\":{\"name\":\"admin\",\"@id\":\"https:\\\/\\\/equipvinyesdabad.com\\\/es\\\/#\\\/schema\\\/person\\\/962b4c681d63fd4fbd546ec83b775c1b\"},\"headline\":\"Vinyes-Mercader (Suzuki Swift S1600) en el podio absoluto del 38 Rally de Llanes.\",\"datePublished\":\"2014-09-28T00:00:00+00:00\",\"dateModified\":\"2024-10-31T20:10:50+00:00\",\"mainEntityOfPage\":{\"@id\":\"https:\\\/\\\/equipvinyesdabad.com\\\/es\\\/rallys\\\/vinyes-mercader-suzuki-swift-s1600-en-el-podio-absoluto-del-38-rally-de-llanes\\\/\"},\"wordCount\":820,\"image\":{\"@id\":\"https:\\\/\\\/equipvinyesdabad.com\\\/es\\\/rallys\\\/vinyes-mercader-suzuki-swift-s1600-en-el-podio-absoluto-del-38-rally-de-llanes\\\/#primaryimage\"},\"thumbnailUrl\":\"https:\\\/\\\/equipvinyesdabad.com\\\/wp-content\\\/uploads\\\/2014\\\/09\\\/07ViLla9025.jpg\",\"articleSection\":[\"Rallys\",\"Rallys asfalto\"],\"inLanguage\":\"es\"},{\"@type\":\"WebPage\",\"@id\":\"https:\\\/\\\/equipvinyesdabad.com\\\/es\\\/rallys\\\/vinyes-mercader-suzuki-swift-s1600-en-el-podio-absoluto-del-38-rally-de-llanes\\\/\",\"url\":\"https:\\\/\\\/equipvinyesdabad.com\\\/es\\\/rallys\\\/vinyes-mercader-suzuki-swift-s1600-en-el-podio-absoluto-del-38-rally-de-llanes\\\/\",\"name\":\"Vinyes-Mercader (Suzuki Swift S1600) en el podio absoluto del 38 Rally de Llanes. - Equip vinyes dabad\",\"isPartOf\":{\"@id\":\"https:\\\/\\\/equipvinyesdabad.com\\\/es\\\/#website\"},\"primaryImageOfPage\":{\"@id\":\"https:\\\/\\\/equipvinyesdabad.com\\\/es\\\/rallys\\\/vinyes-mercader-suzuki-swift-s1600-en-el-podio-absoluto-del-38-rally-de-llanes\\\/#primaryimage\"},\"image\":{\"@id\":\"https:\\\/\\\/equipvinyesdabad.com\\\/es\\\/rallys\\\/vinyes-mercader-suzuki-swift-s1600-en-el-podio-absoluto-del-38-rally-de-llanes\\\/#primaryimage\"},\"thumbnailUrl\":\"https:\\\/\\\/equipvinyesdabad.com\\\/wp-content\\\/uploads\\\/2014\\\/09\\\/07ViLla9025.jpg\",\"datePublished\":\"2014-09-28T00:00:00+00:00\",\"dateModified\":\"2024-10-31T20:10:50+00:00\",\"author\":{\"@id\":\"https:\\\/\\\/equipvinyesdabad.com\\\/es\\\/#\\\/schema\\\/person\\\/962b4c681d63fd4fbd546ec83b775c1b\"},\"breadcrumb\":{\"@id\":\"https:\\\/\\\/equipvinyesdabad.com\\\/es\\\/rallys\\\/vinyes-mercader-suzuki-swift-s1600-en-el-podio-absoluto-del-38-rally-de-llanes\\\/#breadcrumb\"},\"inLanguage\":\"es\",\"potentialAction\":[{\"@type\":\"ReadAction\",\"target\":[\"https:\\\/\\\/equipvinyesdabad.com\\\/es\\\/rallys\\\/vinyes-mercader-suzuki-swift-s1600-en-el-podio-absoluto-del-38-rally-de-llanes\\\/\"]}]},{\"@type\":\"ImageObject\",\"inLanguage\":\"es\",\"@id\":\"https:\\\/\\\/equipvinyesdabad.com\\\/es\\\/rallys\\\/vinyes-mercader-suzuki-swift-s1600-en-el-podio-absoluto-del-38-rally-de-llanes\\\/#primaryimage\",\"url\":\"https:\\\/\\\/equipvinyesdabad.com\\\/wp-content\\\/uploads\\\/2014\\\/09\\\/07ViLla9025.jpg\",\"contentUrl\":\"https:\\\/\\\/equipvinyesdabad.com\\\/wp-content\\\/uploads\\\/2014\\\/09\\\/07ViLla9025.jpg\"},{\"@type\":\"BreadcrumbList\",\"@id\":\"https:\\\/\\\/equipvinyesdabad.com\\\/es\\\/rallys\\\/vinyes-mercader-suzuki-swift-s1600-en-el-podio-absoluto-del-38-rally-de-llanes\\\/#breadcrumb\",\"itemListElement\":[{\"@type\":\"ListItem\",\"position\":1,\"name\":\"Inicio\",\"item\":\"https:\\\/\\\/equipvinyesdabad.com\\\/es\\\/\"},{\"@type\":\"ListItem\",\"position\":2,\"name\":\"Vinyes-Mercader (Suzuki Swift S1600) en el podio absoluto del 38 Rally de Llanes.\"}]},{\"@type\":\"WebSite\",\"@id\":\"https:\\\/\\\/equipvinyesdabad.com\\\/es\\\/#website\",\"url\":\"https:\\\/\\\/equipvinyesdabad.com\\\/es\\\/\",\"name\":\"Equip vinyes dabad\",\"description\":\"\",\"potentialAction\":[{\"@type\":\"SearchAction\",\"target\":{\"@type\":\"EntryPoint\",\"urlTemplate\":\"https:\\\/\\\/equipvinyesdabad.com\\\/es\\\/?s={search_term_string}\"},\"query-input\":{\"@type\":\"PropertyValueSpecification\",\"valueRequired\":true,\"valueName\":\"search_term_string\"}}],\"inLanguage\":\"es\"},{\"@type\":\"Person\",\"@id\":\"https:\\\/\\\/equipvinyesdabad.com\\\/es\\\/#\\\/schema\\\/person\\\/962b4c681d63fd4fbd546ec83b775c1b\",\"name\":\"admin\",\"image\":{\"@type\":\"ImageObject\",\"inLanguage\":\"es\",\"@id\":\"https:\\\/\\\/secure.gravatar.com\\\/avatar\\\/6d1c6cfbf1c3aed75f7a05f946b76867c29d677b49f81545b6b9bc58677b08a0?s=96&d=mm&r=g\",\"url\":\"https:\\\/\\\/secure.gravatar.com\\\/avatar\\\/6d1c6cfbf1c3aed75f7a05f946b76867c29d677b49f81545b6b9bc58677b08a0?s=96&d=mm&r=g\",\"contentUrl\":\"https:\\\/\\\/secure.gravatar.com\\\/avatar\\\/6d1c6cfbf1c3aed75f7a05f946b76867c29d677b49f81545b6b9bc58677b08a0?s=96&d=mm&r=g\",\"caption\":\"admin\"},\"sameAs\":[\"https:\\\/\\\/equipvinyesdabad.com\"],\"url\":\"https:\\\/\\\/equipvinyesdabad.com\\\/es\\\/author\\\/web1\\\/\"}]}<\/script>\n<!-- \/ Yoast SEO plugin. -->","yoast_head_json":{"title":"Vinyes-Mercader (Suzuki Swift S1600) en el podio absoluto del 38 Rally de Llanes. - Equip vinyes dabad","robots":{"index":"index","follow":"follow","max-snippet":"max-snippet:-1","max-image-preview":"max-image-preview:large","max-video-preview":"max-video-preview:-1"},"canonical":"https:\/\/equipvinyesdabad.com\/es\/rallys\/vinyes-mercader-suzuki-swift-s1600-en-el-podio-absoluto-del-38-rally-de-llanes\/","og_locale":"es_ES","og_type":"article","og_title":"Vinyes-Mercader (Suzuki Swift S1600) en el podio absoluto del 38 Rally de Llanes. - Equip vinyes dabad","og_description":"\u00a1Esta vez s\u00ed!, Joan Vinyes-Jordi Mercader, al volante de un Swift S1600 del equipo Suzuki MotorSport, redondearon una excelente actuaci\u00f3n en las especiales del 38 Rally villa de Llanes que les situ\u00f3 al final de la prueba en la segunda plaza de la clasificaci\u00f3n absoluta y como ganadores en las clasificaciones de Clase 2 y de 2 Ruedas Motrices (2RM).","og_url":"https:\/\/equipvinyesdabad.com\/es\/rallys\/vinyes-mercader-suzuki-swift-s1600-en-el-podio-absoluto-del-38-rally-de-llanes\/","og_site_name":"Equip vinyes dabad","article_published_time":"2014-09-28T00:00:00+00:00","article_modified_time":"2024-10-31T20:10:50+00:00","og_image":[{"width":250,"height":130,"url":"https:\/\/equipvinyesdabad.com\/wp-content\/uploads\/2024\/10\/logo_vinyes_dabad.png","type":"image\/png"}],"author":"admin","twitter_card":"summary_large_image","twitter_misc":{"Escrito por":"admin","Tiempo de lectura":"4 minutos"},"schema":{"@context":"https:\/\/schema.org","@graph":[{"@type":"Article","@id":"https:\/\/equipvinyesdabad.com\/es\/rallys\/vinyes-mercader-suzuki-swift-s1600-en-el-podio-absoluto-del-38-rally-de-llanes\/#article","isPartOf":{"@id":"https:\/\/equipvinyesdabad.com\/es\/rallys\/vinyes-mercader-suzuki-swift-s1600-en-el-podio-absoluto-del-38-rally-de-llanes\/"},"author":{"name":"admin","@id":"https:\/\/equipvinyesdabad.com\/es\/#\/schema\/person\/962b4c681d63fd4fbd546ec83b775c1b"},"headline":"Vinyes-Mercader (Suzuki Swift S1600) en el podio absoluto del 38 Rally de Llanes.","datePublished":"2014-09-28T00:00:00+00:00","dateModified":"2024-10-31T20:10:50+00:00","mainEntityOfPage":{"@id":"https:\/\/equipvinyesdabad.com\/es\/rallys\/vinyes-mercader-suzuki-swift-s1600-en-el-podio-absoluto-del-38-rally-de-llanes\/"},"wordCount":820,"image":{"@id":"https:\/\/equipvinyesdabad.com\/es\/rallys\/vinyes-mercader-suzuki-swift-s1600-en-el-podio-absoluto-del-38-rally-de-llanes\/#primaryimage"},"thumbnailUrl":"https:\/\/equipvinyesdabad.com\/wp-content\/uploads\/2014\/09\/07ViLla9025.jpg","articleSection":["Rallys","Rallys asfalto"],"inLanguage":"es"},{"@type":"WebPage","@id":"https:\/\/equipvinyesdabad.com\/es\/rallys\/vinyes-mercader-suzuki-swift-s1600-en-el-podio-absoluto-del-38-rally-de-llanes\/","url":"https:\/\/equipvinyesdabad.com\/es\/rallys\/vinyes-mercader-suzuki-swift-s1600-en-el-podio-absoluto-del-38-rally-de-llanes\/","name":"Vinyes-Mercader (Suzuki Swift S1600) en el podio absoluto del 38 Rally de Llanes. - Equip vinyes dabad","isPartOf":{"@id":"https:\/\/equipvinyesdabad.com\/es\/#website"},"primaryImageOfPage":{"@id":"https:\/\/equipvinyesdabad.com\/es\/rallys\/vinyes-mercader-suzuki-swift-s1600-en-el-podio-absoluto-del-38-rally-de-llanes\/#primaryimage"},"image":{"@id":"https:\/\/equipvinyesdabad.com\/es\/rallys\/vinyes-mercader-suzuki-swift-s1600-en-el-podio-absoluto-del-38-rally-de-llanes\/#primaryimage"},"thumbnailUrl":"https:\/\/equipvinyesdabad.com\/wp-content\/uploads\/2014\/09\/07ViLla9025.jpg","datePublished":"2014-09-28T00:00:00+00:00","dateModified":"2024-10-31T20:10:50+00:00","author":{"@id":"https:\/\/equipvinyesdabad.com\/es\/#\/schema\/person\/962b4c681d63fd4fbd546ec83b775c1b"},"breadcrumb":{"@id":"https:\/\/equipvinyesdabad.com\/es\/rallys\/vinyes-mercader-suzuki-swift-s1600-en-el-podio-absoluto-del-38-rally-de-llanes\/#breadcrumb"},"inLanguage":"es","potentialAction":[{"@type":"ReadAction","target":["https:\/\/equipvinyesdabad.com\/es\/rallys\/vinyes-mercader-suzuki-swift-s1600-en-el-podio-absoluto-del-38-rally-de-llanes\/"]}]},{"@type":"ImageObject","inLanguage":"es","@id":"https:\/\/equipvinyesdabad.com\/es\/rallys\/vinyes-mercader-suzuki-swift-s1600-en-el-podio-absoluto-del-38-rally-de-llanes\/#primaryimage","url":"https:\/\/equipvinyesdabad.com\/wp-content\/uploads\/2014\/09\/07ViLla9025.jpg","contentUrl":"https:\/\/equipvinyesdabad.com\/wp-content\/uploads\/2014\/09\/07ViLla9025.jpg"},{"@type":"BreadcrumbList","@id":"https:\/\/equipvinyesdabad.com\/es\/rallys\/vinyes-mercader-suzuki-swift-s1600-en-el-podio-absoluto-del-38-rally-de-llanes\/#breadcrumb","itemListElement":[{"@type":"ListItem","position":1,"name":"Inicio","item":"https:\/\/equipvinyesdabad.com\/es\/"},{"@type":"ListItem","position":2,"name":"Vinyes-Mercader (Suzuki Swift S1600) en el podio absoluto del 38 Rally de Llanes."}]},{"@type":"WebSite","@id":"https:\/\/equipvinyesdabad.com\/es\/#website","url":"https:\/\/equipvinyesdabad.com\/es\/","name":"Equip vinyes dabad","description":"","potentialAction":[{"@type":"SearchAction","target":{"@type":"EntryPoint","urlTemplate":"https:\/\/equipvinyesdabad.com\/es\/?s={search_term_string}"},"query-input":{"@type":"PropertyValueSpecification","valueRequired":true,"valueName":"search_term_string"}}],"inLanguage":"es"},{"@type":"Person","@id":"https:\/\/equipvinyesdabad.com\/es\/#\/schema\/person\/962b4c681d63fd4fbd546ec83b775c1b","name":"admin","image":{"@type":"ImageObject","inLanguage":"es","@id":"https:\/\/secure.gravatar.com\/avatar\/6d1c6cfbf1c3aed75f7a05f946b76867c29d677b49f81545b6b9bc58677b08a0?s=96&d=mm&r=g","url":"https:\/\/secure.gravatar.com\/avatar\/6d1c6cfbf1c3aed75f7a05f946b76867c29d677b49f81545b6b9bc58677b08a0?s=96&d=mm&r=g","contentUrl":"https:\/\/secure.gravatar.com\/avatar\/6d1c6cfbf1c3aed75f7a05f946b76867c29d677b49f81545b6b9bc58677b08a0?s=96&d=mm&r=g","caption":"admin"},"sameAs":["https:\/\/equipvinyesdabad.com"],"url":"https:\/\/equipvinyesdabad.com\/es\/author\/web1\/"}]}},"_links":{"self":[{"href":"https:\/\/equipvinyesdabad.com\/es\/wp-json\/wp\/v2\/posts\/2469","targetHints":{"allow":["GET"]}}],"collection":[{"href":"https:\/\/equipvinyesdabad.com\/es\/wp-json\/wp\/v2\/posts"}],"about":[{"href":"https:\/\/equipvinyesdabad.com\/es\/wp-json\/wp\/v2\/types\/post"}],"author":[{"embeddable":true,"href":"https:\/\/equipvinyesdabad.com\/es\/wp-json\/wp\/v2\/users\/1"}],"replies":[{"embeddable":true,"href":"https:\/\/equipvinyesdabad.com\/es\/wp-json\/wp\/v2\/comments?post=2469"}],"version-history":[{"count":3,"href":"https:\/\/equipvinyesdabad.com\/es\/wp-json\/wp\/v2\/posts\/2469\/revisions"}],"predecessor-version":[{"id":4594,"href":"https:\/\/equipvinyesdabad.com\/es\/wp-json\/wp\/v2\/posts\/2469\/revisions\/4594"}],"wp:featuredmedia":[{"embeddable":true,"href":"https:\/\/equipvinyesdabad.com\/es\/wp-json\/wp\/v2\/media\/1703"}],"wp:attachment":[{"href":"https:\/\/equipvinyesdabad.com\/es\/wp-json\/wp\/v2\/media?parent=2469"}],"wp:term":[{"taxonomy":"category","embeddable":true,"href":"https:\/\/equipvinyesdabad.com\/es\/wp-json\/wp\/v2\/categories?post=2469"},{"taxonomy":"post_tag","embeddable":true,"href":"https:\/\/equipvinyesdabad.com\/es\/wp-json\/wp\/v2\/tags?post=2469"}],"curies":[{"name":"wp","href":"https:\/\/api.w.org\/{rel}","templated":true}]}}