{"id":2470,"date":"2014-09-24T00:00:00","date_gmt":"2014-09-24T00:00:00","guid":{"rendered":"https:\/\/equipvinyesdabad.com\/?p=2470"},"modified":"2024-10-31T20:10:50","modified_gmt":"2024-10-31T20:10:50","slug":"vinyes-mercader-seguiran-compitiendo-en-llanes-para-mejorar-posiciones","status":"publish","type":"post","link":"https:\/\/equipvinyesdabad.com\/es\/rallys\/vinyes-mercader-seguiran-compitiendo-en-llanes-para-mejorar-posiciones\/","title":{"rendered":"Vinyes-Mercader seguir\u00e1n compitiendo en Llanes, para mejorar posiciones."},"content":{"rendered":"<p style=\"text-align: justify;\">En la segunda visita a Asturias, en 15 d&iacute;as, Joan Vinyes-Jordi Mercader (Suzuki Swift S1600) seguir&aacute;n empe&ntilde;ados en cambiar el rumbo que ha cogido la temporada despu&eacute;s del per&iacute;odo de vacaciones.<br \/>En el 38 Rally villa de Llanes, el equipo de Suzuki Motorsport volver&aacute; a poner todo de su parte para conseguir el cuarto triunfo de la temporada entre los veh&iacute;culos de 2 Ruedas motrices.<br \/>La localidad asturiana acoger&aacute; a los participantes de una nueva edici&oacute;n de su fiesta automovil&iacute;stica despu&eacute;s de una semana muy dura en la que sus habitantes han visto impotentes como buena parte de sus calles quedaban inundadas por la lluvia que, en esta ocasi&oacute;n, cay&oacute; de forma torrencial. <br \/>&nbsp;&nbsp; &nbsp;<br \/>La Escuder&iacute;a Llanes, organizador del evento,&nbsp; ha decidido hacer algunos cambios en el recorrido, para la edici&oacute;n del 2014. Habr&aacute; una especial in&eacute;dita, la denominada Gamoneu, y se recupera otra, Seijo-Puertas, despu&eacute;s de algunas ediciones en las que no se ha disputado.<br \/>En total los equipos tendr&aacute;n que superar un total de 10 especiales (5 de diferentes) que suman 175,52 km de velocidad. En total el recorrido del Llanes 2014 tendr&aacute; cerca de 500 km.<\/p>\n<p>Vinyes-Mercader vuelven a Asturias este mes de septiembre con el deseo de olvidarse de manera definitiva de la racha de problemas que les acompa&ntilde;a desde que se inici&oacute; la segunda parte del campeonato, seg&uacute;n Vinyes:<em><strong> Intentaremos recuperar el feeling de los primeros rallys de a&ntilde;o. Nuestra intenci&oacute;n es seguir trabajando para estar entre los mejores de nuestra categor&iacute;a y acabar la prueba en el podio final.<\/strong><\/em> Vinyes conoce bien las especiales del Llanes y es consciente de que no ser&aacute; f&aacute;cil cumplir con el objetivo que se han marcado: <em><strong>Este a&ntilde;o tenemos la dificultad a&ntilde;adida de las lluvias que han ca&iacute;do en buena parte de la zona por donde se disputa el rally. En los reconocimientos veremos como ha afectado esta lluvia al asfalto de las cronometradas. Otro aspecto es la climatolog&iacute;a, parece ser que el rally se disputar&aacute; con sol pero las zonas h&uacute;medas de las primeras especiales siempre son un riesgo.<\/strong><\/em><\/p>\n<p>En el Villa de Llanes se recupera el timing habitual de las pruebas de campeonato de Espa&ntilde;a. A primera hora del pr&oacute;ximo viernes (d&iacute;a 26 entre las 9h00 y las 11h00) se celebrar&aacute; el shakedown en el mismo trazado en el que se viene disputando en las &uacute;ltimas ediciones del rally (Ctra LlN2 Andr&iacute;n-Cu&eacute;).<br \/>Una vez finalizada la test con el veh&iacute;culo de competici&oacute;n la actividad se centrar&aacute; en la zona de asistencia (La Tal&aacute;), en donde se llevar&aacute;n a cabo las verificaciones. Se cerrar&aacute; la jornada con la ceremonia de salida, a partir de las 20h30, que se llevar&aacute; a cabo en el aparcamiento de la playa de El Sabl&oacute;n.<br \/>La competici&oacute;n se iniciar&aacute; desde el parque de asistencia, el s&aacute;bado (d&iacute;a 27) a partir de la 8h00.<br \/>El final del 38 Rally villa de Llanes est&aacute; previsto a partir de las 21h40 del mismo s&aacute;bado en el podio ubicado en El Sablon, en donde se har&aacute; la ceremonia de entrega de premios a partir de las 22h00.<\/p>\n<p>&nbsp;<\/p>\n<p style=\"text-align: right;\"><strong><a href=\"http:\/\/www.infoesport.org\/imgNoticia\/2014\/140927EVLla1c.pdf\"><img loading=\"lazy\" decoding=\"async\" style=\"float: right;\" src=\"http:\/\/www.infoesport.org\/auxiliar\/fot\/logos\/icono_pdf.gif\" alt=\"\" width=\"50\" height=\"50\" \/><\/a><\/strong>Servicio de Prensa.<\/p>\n<p style=\"text-align: right;\">&nbsp;<\/p>\n<p style=\"text-align: center;\"><strong>&nbsp;&nbsp;&nbsp;&nbsp;&nbsp;&nbsp;&nbsp;&nbsp;&nbsp;&nbsp;&nbsp;&nbsp;&nbsp;&nbsp; Clasificaciones &#8211; Campeonato de Espa&ntilde;a de Rallys asfalto 2014.<\/strong><\/p>\n<p style=\"text-align: center;\"><a href=\"http:\/\/www.infoesport.org\/auxiliar\/Resultats\/2014\/140927EVLlaCc.jpg\"><strong><img loading=\"lazy\" decoding=\"async\" src=\"http:\/\/www.infoesport.org\/auxiliar\/Resultats\/2014\/140927EVLlaCc.jpg\" alt=\"\" width=\"392\" height=\"96\" \/><\/strong><\/a><\/p>\n","protected":false},"excerpt":{"rendered":"<p>En la segunda visita a Asturias, en 15 d\u00edas, Joan Vinyes-Jordi Mercader (Suzuki Swift S1600) seguir\u00e1n empe\u00f1ados en cambiar el rumbo que ha cogido la temporada despu\u00e9s del per\u00edodo de vacaciones.<br \/>\nEn el 38 Rally villa de Llanes, el equipo de Suzuki Motorsport volver\u00e1 a poner todo de su parte para conseguir el cuarto triunfo de la temporada entre los veh\u00edculos de 2 Ruedas motrices.<br \/>\nLa localidad asturiana acoger\u00e1 a los participantes de una nueva edici\u00f3n de su fiesta automovil\u00edstica despu\u00e9s de una semana muy dura en la que sus habitantes han visto impotentes como buena parte de sus calles quedaban inundadas por la lluvia que, en esta ocasi\u00f3n, cay\u00f3 de forma torrencial. <\/p>\n","protected":false},"author":1,"featured_media":1704,"comment_status":"closed","ping_status":"closed","sticky":false,"template":"","format":"standard","meta":{"_kadence_starter_templates_imported_post":false,"_kad_post_transparent":"","_kad_post_title":"","_kad_post_layout":"","_kad_post_sidebar_id":"","_kad_post_content_style":"","_kad_post_vertical_padding":"","_kad_post_feature":"","_kad_post_feature_position":"","_kad_post_header":false,"_kad_post_footer":false,"_kad_post_classname":"","footnotes":""},"categories":[46,60],"tags":[],"class_list":["post-2470","post","type-post","status-publish","format-standard","has-post-thumbnail","hentry","category-rallys","category-rallys-asfalto"],"yoast_head":"<!-- This site is optimized with the Yoast SEO plugin v27.4 - https:\/\/yoast.com\/product\/yoast-seo-wordpress\/ -->\n<title>Vinyes-Mercader seguir\u00e1n compitiendo en Llanes, para mejorar posiciones. - Equip vinyes dabad<\/title>\n<meta name=\"robots\" content=\"index, follow, max-snippet:-1, max-image-preview:large, max-video-preview:-1\" \/>\n<link rel=\"canonical\" href=\"https:\/\/equipvinyesdabad.com\/es\/rallys\/vinyes-mercader-seguiran-compitiendo-en-llanes-para-mejorar-posiciones\/\" \/>\n<meta property=\"og:locale\" content=\"es_ES\" \/>\n<meta property=\"og:type\" content=\"article\" \/>\n<meta property=\"og:title\" content=\"Vinyes-Mercader seguir\u00e1n compitiendo en Llanes, para mejorar posiciones. - Equip vinyes dabad\" \/>\n<meta property=\"og:description\" content=\"En la segunda visita a Asturias, en 15 d\u00edas, Joan Vinyes-Jordi Mercader (Suzuki Swift S1600) seguir\u00e1n empe\u00f1ados en cambiar el rumbo que ha cogido la temporada despu\u00e9s del per\u00edodo de vacaciones. En el 38 Rally villa de Llanes, el equipo de Suzuki Motorsport volver\u00e1 a poner todo de su parte para conseguir el cuarto triunfo de la temporada entre los veh\u00edculos de 2 Ruedas motrices. La localidad asturiana acoger\u00e1 a los participantes de una nueva edici\u00f3n de su fiesta automovil\u00edstica despu\u00e9s de una semana muy dura en la que sus habitantes han visto impotentes como buena parte de sus calles quedaban inundadas por la lluvia que, en esta ocasi\u00f3n, cay\u00f3 de forma torrencial.\" \/>\n<meta property=\"og:url\" content=\"https:\/\/equipvinyesdabad.com\/es\/rallys\/vinyes-mercader-seguiran-compitiendo-en-llanes-para-mejorar-posiciones\/\" \/>\n<meta property=\"og:site_name\" content=\"Equip vinyes dabad\" \/>\n<meta property=\"article:published_time\" content=\"2014-09-24T00:00:00+00:00\" \/>\n<meta property=\"article:modified_time\" content=\"2024-10-31T20:10:50+00:00\" \/>\n<meta property=\"og:image\" content=\"https:\/\/equipvinyesdabad.com\/wp-content\/uploads\/2024\/10\/logo_vinyes_dabad.png\" \/>\n\t<meta property=\"og:image:width\" content=\"250\" \/>\n\t<meta property=\"og:image:height\" content=\"130\" \/>\n\t<meta property=\"og:image:type\" content=\"image\/png\" \/>\n<meta name=\"author\" content=\"admin\" \/>\n<meta name=\"twitter:card\" content=\"summary_large_image\" \/>\n<meta name=\"twitter:label1\" content=\"Escrito por\" \/>\n\t<meta name=\"twitter:data1\" content=\"admin\" \/>\n\t<meta name=\"twitter:label2\" content=\"Tiempo de lectura\" \/>\n\t<meta name=\"twitter:data2\" content=\"3 minutos\" \/>\n<script type=\"application\/ld+json\" class=\"yoast-schema-graph\">{\"@context\":\"https:\\\/\\\/schema.org\",\"@graph\":[{\"@type\":\"Article\",\"@id\":\"https:\\\/\\\/equipvinyesdabad.com\\\/es\\\/rallys\\\/vinyes-mercader-seguiran-compitiendo-en-llanes-para-mejorar-posiciones\\\/#article\",\"isPartOf\":{\"@id\":\"https:\\\/\\\/equipvinyesdabad.com\\\/es\\\/rallys\\\/vinyes-mercader-seguiran-compitiendo-en-llanes-para-mejorar-posiciones\\\/\"},\"author\":{\"name\":\"admin\",\"@id\":\"https:\\\/\\\/equipvinyesdabad.com\\\/es\\\/#\\\/schema\\\/person\\\/962b4c681d63fd4fbd546ec83b775c1b\"},\"headline\":\"Vinyes-Mercader seguir\u00e1n compitiendo en Llanes, para mejorar posiciones.\",\"datePublished\":\"2014-09-24T00:00:00+00:00\",\"dateModified\":\"2024-10-31T20:10:50+00:00\",\"mainEntityOfPage\":{\"@id\":\"https:\\\/\\\/equipvinyesdabad.com\\\/es\\\/rallys\\\/vinyes-mercader-seguiran-compitiendo-en-llanes-para-mejorar-posiciones\\\/\"},\"wordCount\":634,\"image\":{\"@id\":\"https:\\\/\\\/equipvinyesdabad.com\\\/es\\\/rallys\\\/vinyes-mercader-seguiran-compitiendo-en-llanes-para-mejorar-posiciones\\\/#primaryimage\"},\"thumbnailUrl\":\"https:\\\/\\\/equipvinyesdabad.com\\\/wp-content\\\/uploads\\\/2014\\\/09\\\/xxViLla4151.jpg\",\"articleSection\":[\"Rallys\",\"Rallys asfalto\"],\"inLanguage\":\"es\"},{\"@type\":\"WebPage\",\"@id\":\"https:\\\/\\\/equipvinyesdabad.com\\\/es\\\/rallys\\\/vinyes-mercader-seguiran-compitiendo-en-llanes-para-mejorar-posiciones\\\/\",\"url\":\"https:\\\/\\\/equipvinyesdabad.com\\\/es\\\/rallys\\\/vinyes-mercader-seguiran-compitiendo-en-llanes-para-mejorar-posiciones\\\/\",\"name\":\"Vinyes-Mercader seguir\u00e1n compitiendo en Llanes, para mejorar posiciones. - Equip vinyes dabad\",\"isPartOf\":{\"@id\":\"https:\\\/\\\/equipvinyesdabad.com\\\/es\\\/#website\"},\"primaryImageOfPage\":{\"@id\":\"https:\\\/\\\/equipvinyesdabad.com\\\/es\\\/rallys\\\/vinyes-mercader-seguiran-compitiendo-en-llanes-para-mejorar-posiciones\\\/#primaryimage\"},\"image\":{\"@id\":\"https:\\\/\\\/equipvinyesdabad.com\\\/es\\\/rallys\\\/vinyes-mercader-seguiran-compitiendo-en-llanes-para-mejorar-posiciones\\\/#primaryimage\"},\"thumbnailUrl\":\"https:\\\/\\\/equipvinyesdabad.com\\\/wp-content\\\/uploads\\\/2014\\\/09\\\/xxViLla4151.jpg\",\"datePublished\":\"2014-09-24T00:00:00+00:00\",\"dateModified\":\"2024-10-31T20:10:50+00:00\",\"author\":{\"@id\":\"https:\\\/\\\/equipvinyesdabad.com\\\/es\\\/#\\\/schema\\\/person\\\/962b4c681d63fd4fbd546ec83b775c1b\"},\"breadcrumb\":{\"@id\":\"https:\\\/\\\/equipvinyesdabad.com\\\/es\\\/rallys\\\/vinyes-mercader-seguiran-compitiendo-en-llanes-para-mejorar-posiciones\\\/#breadcrumb\"},\"inLanguage\":\"es\",\"potentialAction\":[{\"@type\":\"ReadAction\",\"target\":[\"https:\\\/\\\/equipvinyesdabad.com\\\/es\\\/rallys\\\/vinyes-mercader-seguiran-compitiendo-en-llanes-para-mejorar-posiciones\\\/\"]}]},{\"@type\":\"ImageObject\",\"inLanguage\":\"es\",\"@id\":\"https:\\\/\\\/equipvinyesdabad.com\\\/es\\\/rallys\\\/vinyes-mercader-seguiran-compitiendo-en-llanes-para-mejorar-posiciones\\\/#primaryimage\",\"url\":\"https:\\\/\\\/equipvinyesdabad.com\\\/wp-content\\\/uploads\\\/2014\\\/09\\\/xxViLla4151.jpg\",\"contentUrl\":\"https:\\\/\\\/equipvinyesdabad.com\\\/wp-content\\\/uploads\\\/2014\\\/09\\\/xxViLla4151.jpg\"},{\"@type\":\"BreadcrumbList\",\"@id\":\"https:\\\/\\\/equipvinyesdabad.com\\\/es\\\/rallys\\\/vinyes-mercader-seguiran-compitiendo-en-llanes-para-mejorar-posiciones\\\/#breadcrumb\",\"itemListElement\":[{\"@type\":\"ListItem\",\"position\":1,\"name\":\"Inicio\",\"item\":\"https:\\\/\\\/equipvinyesdabad.com\\\/es\\\/\"},{\"@type\":\"ListItem\",\"position\":2,\"name\":\"Vinyes-Mercader seguir\u00e1n compitiendo en Llanes, para mejorar posiciones.\"}]},{\"@type\":\"WebSite\",\"@id\":\"https:\\\/\\\/equipvinyesdabad.com\\\/es\\\/#website\",\"url\":\"https:\\\/\\\/equipvinyesdabad.com\\\/es\\\/\",\"name\":\"Equip vinyes dabad\",\"description\":\"\",\"potentialAction\":[{\"@type\":\"SearchAction\",\"target\":{\"@type\":\"EntryPoint\",\"urlTemplate\":\"https:\\\/\\\/equipvinyesdabad.com\\\/es\\\/?s={search_term_string}\"},\"query-input\":{\"@type\":\"PropertyValueSpecification\",\"valueRequired\":true,\"valueName\":\"search_term_string\"}}],\"inLanguage\":\"es\"},{\"@type\":\"Person\",\"@id\":\"https:\\\/\\\/equipvinyesdabad.com\\\/es\\\/#\\\/schema\\\/person\\\/962b4c681d63fd4fbd546ec83b775c1b\",\"name\":\"admin\",\"image\":{\"@type\":\"ImageObject\",\"inLanguage\":\"es\",\"@id\":\"https:\\\/\\\/secure.gravatar.com\\\/avatar\\\/6d1c6cfbf1c3aed75f7a05f946b76867c29d677b49f81545b6b9bc58677b08a0?s=96&d=mm&r=g\",\"url\":\"https:\\\/\\\/secure.gravatar.com\\\/avatar\\\/6d1c6cfbf1c3aed75f7a05f946b76867c29d677b49f81545b6b9bc58677b08a0?s=96&d=mm&r=g\",\"contentUrl\":\"https:\\\/\\\/secure.gravatar.com\\\/avatar\\\/6d1c6cfbf1c3aed75f7a05f946b76867c29d677b49f81545b6b9bc58677b08a0?s=96&d=mm&r=g\",\"caption\":\"admin\"},\"sameAs\":[\"https:\\\/\\\/equipvinyesdabad.com\"],\"url\":\"https:\\\/\\\/equipvinyesdabad.com\\\/es\\\/author\\\/web1\\\/\"}]}<\/script>\n<!-- \/ Yoast SEO plugin. -->","yoast_head_json":{"title":"Vinyes-Mercader seguir\u00e1n compitiendo en Llanes, para mejorar posiciones. - Equip vinyes dabad","robots":{"index":"index","follow":"follow","max-snippet":"max-snippet:-1","max-image-preview":"max-image-preview:large","max-video-preview":"max-video-preview:-1"},"canonical":"https:\/\/equipvinyesdabad.com\/es\/rallys\/vinyes-mercader-seguiran-compitiendo-en-llanes-para-mejorar-posiciones\/","og_locale":"es_ES","og_type":"article","og_title":"Vinyes-Mercader seguir\u00e1n compitiendo en Llanes, para mejorar posiciones. - Equip vinyes dabad","og_description":"En la segunda visita a Asturias, en 15 d\u00edas, Joan Vinyes-Jordi Mercader (Suzuki Swift S1600) seguir\u00e1n empe\u00f1ados en cambiar el rumbo que ha cogido la temporada despu\u00e9s del per\u00edodo de vacaciones. En el 38 Rally villa de Llanes, el equipo de Suzuki Motorsport volver\u00e1 a poner todo de su parte para conseguir el cuarto triunfo de la temporada entre los veh\u00edculos de 2 Ruedas motrices. La localidad asturiana acoger\u00e1 a los participantes de una nueva edici\u00f3n de su fiesta automovil\u00edstica despu\u00e9s de una semana muy dura en la que sus habitantes han visto impotentes como buena parte de sus calles quedaban inundadas por la lluvia que, en esta ocasi\u00f3n, cay\u00f3 de forma torrencial.","og_url":"https:\/\/equipvinyesdabad.com\/es\/rallys\/vinyes-mercader-seguiran-compitiendo-en-llanes-para-mejorar-posiciones\/","og_site_name":"Equip vinyes dabad","article_published_time":"2014-09-24T00:00:00+00:00","article_modified_time":"2024-10-31T20:10:50+00:00","og_image":[{"width":250,"height":130,"url":"https:\/\/equipvinyesdabad.com\/wp-content\/uploads\/2024\/10\/logo_vinyes_dabad.png","type":"image\/png"}],"author":"admin","twitter_card":"summary_large_image","twitter_misc":{"Escrito por":"admin","Tiempo de lectura":"3 minutos"},"schema":{"@context":"https:\/\/schema.org","@graph":[{"@type":"Article","@id":"https:\/\/equipvinyesdabad.com\/es\/rallys\/vinyes-mercader-seguiran-compitiendo-en-llanes-para-mejorar-posiciones\/#article","isPartOf":{"@id":"https:\/\/equipvinyesdabad.com\/es\/rallys\/vinyes-mercader-seguiran-compitiendo-en-llanes-para-mejorar-posiciones\/"},"author":{"name":"admin","@id":"https:\/\/equipvinyesdabad.com\/es\/#\/schema\/person\/962b4c681d63fd4fbd546ec83b775c1b"},"headline":"Vinyes-Mercader seguir\u00e1n compitiendo en Llanes, para mejorar posiciones.","datePublished":"2014-09-24T00:00:00+00:00","dateModified":"2024-10-31T20:10:50+00:00","mainEntityOfPage":{"@id":"https:\/\/equipvinyesdabad.com\/es\/rallys\/vinyes-mercader-seguiran-compitiendo-en-llanes-para-mejorar-posiciones\/"},"wordCount":634,"image":{"@id":"https:\/\/equipvinyesdabad.com\/es\/rallys\/vinyes-mercader-seguiran-compitiendo-en-llanes-para-mejorar-posiciones\/#primaryimage"},"thumbnailUrl":"https:\/\/equipvinyesdabad.com\/wp-content\/uploads\/2014\/09\/xxViLla4151.jpg","articleSection":["Rallys","Rallys asfalto"],"inLanguage":"es"},{"@type":"WebPage","@id":"https:\/\/equipvinyesdabad.com\/es\/rallys\/vinyes-mercader-seguiran-compitiendo-en-llanes-para-mejorar-posiciones\/","url":"https:\/\/equipvinyesdabad.com\/es\/rallys\/vinyes-mercader-seguiran-compitiendo-en-llanes-para-mejorar-posiciones\/","name":"Vinyes-Mercader seguir\u00e1n compitiendo en Llanes, para mejorar posiciones. - Equip vinyes dabad","isPartOf":{"@id":"https:\/\/equipvinyesdabad.com\/es\/#website"},"primaryImageOfPage":{"@id":"https:\/\/equipvinyesdabad.com\/es\/rallys\/vinyes-mercader-seguiran-compitiendo-en-llanes-para-mejorar-posiciones\/#primaryimage"},"image":{"@id":"https:\/\/equipvinyesdabad.com\/es\/rallys\/vinyes-mercader-seguiran-compitiendo-en-llanes-para-mejorar-posiciones\/#primaryimage"},"thumbnailUrl":"https:\/\/equipvinyesdabad.com\/wp-content\/uploads\/2014\/09\/xxViLla4151.jpg","datePublished":"2014-09-24T00:00:00+00:00","dateModified":"2024-10-31T20:10:50+00:00","author":{"@id":"https:\/\/equipvinyesdabad.com\/es\/#\/schema\/person\/962b4c681d63fd4fbd546ec83b775c1b"},"breadcrumb":{"@id":"https:\/\/equipvinyesdabad.com\/es\/rallys\/vinyes-mercader-seguiran-compitiendo-en-llanes-para-mejorar-posiciones\/#breadcrumb"},"inLanguage":"es","potentialAction":[{"@type":"ReadAction","target":["https:\/\/equipvinyesdabad.com\/es\/rallys\/vinyes-mercader-seguiran-compitiendo-en-llanes-para-mejorar-posiciones\/"]}]},{"@type":"ImageObject","inLanguage":"es","@id":"https:\/\/equipvinyesdabad.com\/es\/rallys\/vinyes-mercader-seguiran-compitiendo-en-llanes-para-mejorar-posiciones\/#primaryimage","url":"https:\/\/equipvinyesdabad.com\/wp-content\/uploads\/2014\/09\/xxViLla4151.jpg","contentUrl":"https:\/\/equipvinyesdabad.com\/wp-content\/uploads\/2014\/09\/xxViLla4151.jpg"},{"@type":"BreadcrumbList","@id":"https:\/\/equipvinyesdabad.com\/es\/rallys\/vinyes-mercader-seguiran-compitiendo-en-llanes-para-mejorar-posiciones\/#breadcrumb","itemListElement":[{"@type":"ListItem","position":1,"name":"Inicio","item":"https:\/\/equipvinyesdabad.com\/es\/"},{"@type":"ListItem","position":2,"name":"Vinyes-Mercader seguir\u00e1n compitiendo en Llanes, para mejorar posiciones."}]},{"@type":"WebSite","@id":"https:\/\/equipvinyesdabad.com\/es\/#website","url":"https:\/\/equipvinyesdabad.com\/es\/","name":"Equip vinyes dabad","description":"","potentialAction":[{"@type":"SearchAction","target":{"@type":"EntryPoint","urlTemplate":"https:\/\/equipvinyesdabad.com\/es\/?s={search_term_string}"},"query-input":{"@type":"PropertyValueSpecification","valueRequired":true,"valueName":"search_term_string"}}],"inLanguage":"es"},{"@type":"Person","@id":"https:\/\/equipvinyesdabad.com\/es\/#\/schema\/person\/962b4c681d63fd4fbd546ec83b775c1b","name":"admin","image":{"@type":"ImageObject","inLanguage":"es","@id":"https:\/\/secure.gravatar.com\/avatar\/6d1c6cfbf1c3aed75f7a05f946b76867c29d677b49f81545b6b9bc58677b08a0?s=96&d=mm&r=g","url":"https:\/\/secure.gravatar.com\/avatar\/6d1c6cfbf1c3aed75f7a05f946b76867c29d677b49f81545b6b9bc58677b08a0?s=96&d=mm&r=g","contentUrl":"https:\/\/secure.gravatar.com\/avatar\/6d1c6cfbf1c3aed75f7a05f946b76867c29d677b49f81545b6b9bc58677b08a0?s=96&d=mm&r=g","caption":"admin"},"sameAs":["https:\/\/equipvinyesdabad.com"],"url":"https:\/\/equipvinyesdabad.com\/es\/author\/web1\/"}]}},"_links":{"self":[{"href":"https:\/\/equipvinyesdabad.com\/es\/wp-json\/wp\/v2\/posts\/2470","targetHints":{"allow":["GET"]}}],"collection":[{"href":"https:\/\/equipvinyesdabad.com\/es\/wp-json\/wp\/v2\/posts"}],"about":[{"href":"https:\/\/equipvinyesdabad.com\/es\/wp-json\/wp\/v2\/types\/post"}],"author":[{"embeddable":true,"href":"https:\/\/equipvinyesdabad.com\/es\/wp-json\/wp\/v2\/users\/1"}],"replies":[{"embeddable":true,"href":"https:\/\/equipvinyesdabad.com\/es\/wp-json\/wp\/v2\/comments?post=2470"}],"version-history":[{"count":3,"href":"https:\/\/equipvinyesdabad.com\/es\/wp-json\/wp\/v2\/posts\/2470\/revisions"}],"predecessor-version":[{"id":4597,"href":"https:\/\/equipvinyesdabad.com\/es\/wp-json\/wp\/v2\/posts\/2470\/revisions\/4597"}],"wp:featuredmedia":[{"embeddable":true,"href":"https:\/\/equipvinyesdabad.com\/es\/wp-json\/wp\/v2\/media\/1704"}],"wp:attachment":[{"href":"https:\/\/equipvinyesdabad.com\/es\/wp-json\/wp\/v2\/media?parent=2470"}],"wp:term":[{"taxonomy":"category","embeddable":true,"href":"https:\/\/equipvinyesdabad.com\/es\/wp-json\/wp\/v2\/categories?post=2470"},{"taxonomy":"post_tag","embeddable":true,"href":"https:\/\/equipvinyesdabad.com\/es\/wp-json\/wp\/v2\/tags?post=2470"}],"curies":[{"name":"wp","href":"https:\/\/api.w.org\/{rel}","templated":true}]}}