{"id":2481,"date":"2014-09-01T00:00:00","date_gmt":"2014-09-01T00:00:00","guid":{"rendered":"https:\/\/equipvinyesdabad.com\/?p=2481"},"modified":"2024-11-01T07:57:56","modified_gmt":"2024-11-01T07:57:56","slug":"amalia-y-joan-vinyes-rivales-en-la-parrilla-de-la-eurocup-seat-leon-de-spa","status":"publish","type":"post","link":"https:\/\/equipvinyesdabad.com\/es\/circuitos\/amalia-y-joan-vinyes-rivales-en-la-parrilla-de-la-eurocup-seat-leon-de-spa\/","title":{"rendered":"Am\u00e0lia y Joan Vinyes rivales en la parrilla de la EUROCUP Seat Le\u00f3n de Spa."},"content":{"rendered":"<p style=\"text-align: justify;\">El pr&oacute;ximo fin de semana (d&iacute;a 6 y 7 de setiembre) los hermanos Vinyes ser&aacute;n rivales directos en la pista del m&iacute;tico circuito belga (Spa-Francorchamps), concretamente en la cita de la EUROCUP Seat Le&oacute;n 2014 que se disputar&aacute; en el escenario situado a 50 km al sur de Lieja. Ser&aacute; el cuarto meeting del certamen mencionado.<br \/>Hasta este momento, la rivalidad de Am&agrave;lia y Joan hab&iacute;a sido compartida con otros pilotos debido a que hab&iacute;an coincidido en pruebas de resistencia formando parte de equipos diferentes.<\/p>\n<p>Am&agrave;lia ha progresado de manera evidente a medida que ha ido superando etapas en la EUROCUP Seat Le&oacute;n, el objetivo inicial se est&aacute; cumpliendo y la piloto andorrana espera continuar en la misma l&iacute;nea en Spa, as&iacute; se expresaba: E<em><strong>s cierto, ha sido una primera mitad de temporada complicada pero muy positiva para enriquecer mi experiencia como&nbsp; piloto. Mec&aacute;nica y escenarios nuevos han sido las principales dificultados. En Silverstone ya pude estar en los diez mejores de un campeonato en que, tal como se esperaba, hay mucha igualdad. En los tres meeting que faltan supongo que la tendencia ser&aacute; la misma<\/strong><\/em>. La cita de Spa-Francorchamps se presenta sin cambios importantes, Am&agrave;lia tendr&aacute; que superar otro fin de semana en un circuito que no conoce: <strong><em>A principios de temporada dije que esto seria una constante durante todo el a&ntilde;o. Pero, en este caso, la diferencia es que mi hermano estar&aacute; en la pista. Con toda seguridad ser&aacute; de gran ayuda para poder encontrar las mejores trazadas en un circuito que habitualmente se califica de complicado. &nbsp;<\/em><\/strong><\/p>\n<p>Para Joan, ahora mismo la satisfacci&oacute;n es estar en la linea de salida de las carreras de Spa, no obstante hay que recordar que es un piloto muy competitivo y no esconde sus intenciones de aprovechar la ocasi&oacute;n de estar entre los mejores si se plantea la posibilidad. Estas eran sus palabras antes de partir hacia Spa: <em><strong>Como ya coment&eacute; en el momento en que se confirm&oacute; mi presencia en la cita belga de la Le&oacute;n, mi objetivo est&aacute; cumplido con poder competir en Spa, aunque una vez situado en el backet del Le&oacute;n y con el casco puesto intentar&eacute; estar entre los mejores y si puedo estar en las posiciones de podio mucho mejor. Hay que tener en cuenta que no descuento puntos a los que disputan el mencionado certamen y esto me da cierta libertad ya que no es mi intenci&oacute;n perjudicar a los pilotos que luchan por el t&iacute;tulo durante todo el a&ntilde;o.<\/strong><\/em><\/p>\n<p>As&iacute; pues, Am&agrave;lia y Joan Vinyes llegar&aacute;n a Spa con planteamientos diferentes pero con ganas de estar entre los mejores al final de tres jornadas en las que, su presencia en la pista volver&aacute; a ser fugaz, como mucho 30&rsquo; en cada serie, y por tanto sin opci&oacute;n a la duda ni al error, esto en un trazado como el de Spa-Francorchamps es todo un reto. &nbsp;<\/p>\n<p style=\"text-align: justify;\">&nbsp;<\/p>\n<p style=\"text-align: right;\">Servicio de prensa.<strong><a href=\"http:\/\/www.infoesport.org\/imgNoticia\/2014\/140907EVSp2c.pdf\"><img loading=\"lazy\" decoding=\"async\" style=\"float: right;\" src=\"http:\/\/www.infoesport.org\/auxiliar\/fot\/logos\/icono_pdf.gif\" alt=\"\" width=\"50\" height=\"50\" \/><\/a><\/strong><\/p>\n<p style=\"text-align: right;\">&nbsp;<\/p>\n<p style=\"text-align: right;\">&nbsp;<\/p>\n<p style=\"text-align: center;\"><strong><span style=\"font-size: small;\">Horarios EUROCUP Seat Le&oacute;n &#8211; Circuito de Spa-Francorchamps (B&eacute;lgica).<\/span><\/strong><\/p>\n<p style=\"text-align: center;\"><strong><span style=\"font-size: small;\"><img loading=\"lazy\" decoding=\"async\" src=\"http:\/\/www.infoesport.org\/auxiliar\/Horaris\/2014\/140907EVSpHc.jpg\" alt=\"\" width=\"354\" height=\"132\" \/><\/span><\/strong><\/p>\n<p style=\"text-align: center;\"><strong><span style=\"font-size: small;\"><br \/><\/span><\/strong><\/p>\n","protected":false},"excerpt":{"rendered":"<p>El pr\u00f3ximo fin de semana (d\u00eda 6 y 7 de setiembre) los hermanos Vinyes ser\u00e1n rivales directos en la pista del m\u00edtico circuito belga (Spa-Francorchamps), concretamente en la cita de la EUROCUP Seat Le\u00f3n 2014 que se disputar\u00e1 en el escenario situado a 50 km al sur de Lieja. Ser\u00e1 el cuarto meeting del certamen mencionado.<br \/>\nHasta este momento, la rivalidad de Am\u00e0lia y Joan hab\u00eda sido compartida con otros pilotos debido a que hab\u00edan coincidido en pruebas de resistencia formando parte de equipos diferentes.<\/p>\n","protected":false},"author":1,"featured_media":1709,"comment_status":"closed","ping_status":"closed","sticky":false,"template":"","format":"standard","meta":{"_kadence_starter_templates_imported_post":false,"_kad_post_transparent":"","_kad_post_title":"","_kad_post_layout":"","_kad_post_sidebar_id":"","_kad_post_content_style":"","_kad_post_vertical_padding":"","_kad_post_feature":"","_kad_post_feature_position":"","_kad_post_header":false,"_kad_post_footer":false,"_kad_post_classname":"","footnotes":""},"categories":[52,131],"tags":[],"class_list":["post-2481","post","type-post","status-publish","format-standard","has-post-thumbnail","hentry","category-circuitos","category-circuitos-europa"],"yoast_head":"<!-- This site is optimized with the Yoast SEO plugin v27.4 - https:\/\/yoast.com\/product\/yoast-seo-wordpress\/ -->\n<title>Am\u00e0lia y Joan Vinyes rivales en la parrilla de la EUROCUP Seat Le\u00f3n de Spa. - Equip vinyes dabad<\/title>\n<meta name=\"robots\" content=\"index, follow, max-snippet:-1, max-image-preview:large, max-video-preview:-1\" \/>\n<link rel=\"canonical\" href=\"https:\/\/equipvinyesdabad.com\/es\/circuitos\/amalia-y-joan-vinyes-rivales-en-la-parrilla-de-la-eurocup-seat-leon-de-spa\/\" \/>\n<meta property=\"og:locale\" content=\"es_ES\" \/>\n<meta property=\"og:type\" content=\"article\" \/>\n<meta property=\"og:title\" content=\"Am\u00e0lia y Joan Vinyes rivales en la parrilla de la EUROCUP Seat Le\u00f3n de Spa. - Equip vinyes dabad\" \/>\n<meta property=\"og:description\" content=\"El pr\u00f3ximo fin de semana (d\u00eda 6 y 7 de setiembre) los hermanos Vinyes ser\u00e1n rivales directos en la pista del m\u00edtico circuito belga (Spa-Francorchamps), concretamente en la cita de la EUROCUP Seat Le\u00f3n 2014 que se disputar\u00e1 en el escenario situado a 50 km al sur de Lieja. Ser\u00e1 el cuarto meeting del certamen mencionado. Hasta este momento, la rivalidad de Am\u00e0lia y Joan hab\u00eda sido compartida con otros pilotos debido a que hab\u00edan coincidido en pruebas de resistencia formando parte de equipos diferentes.\" \/>\n<meta property=\"og:url\" content=\"https:\/\/equipvinyesdabad.com\/es\/circuitos\/amalia-y-joan-vinyes-rivales-en-la-parrilla-de-la-eurocup-seat-leon-de-spa\/\" \/>\n<meta property=\"og:site_name\" content=\"Equip vinyes dabad\" \/>\n<meta property=\"article:published_time\" content=\"2014-09-01T00:00:00+00:00\" \/>\n<meta property=\"article:modified_time\" content=\"2024-11-01T07:57:56+00:00\" \/>\n<meta property=\"og:image\" content=\"https:\/\/equipvinyesdabad.com\/wp-content\/uploads\/2024\/10\/logo_vinyes_dabad.png\" \/>\n\t<meta property=\"og:image:width\" content=\"250\" \/>\n\t<meta property=\"og:image:height\" content=\"130\" \/>\n\t<meta property=\"og:image:type\" content=\"image\/png\" \/>\n<meta name=\"author\" content=\"admin\" \/>\n<meta name=\"twitter:card\" content=\"summary_large_image\" \/>\n<meta name=\"twitter:label1\" content=\"Escrito por\" \/>\n\t<meta name=\"twitter:data1\" content=\"admin\" \/>\n\t<meta name=\"twitter:label2\" content=\"Tiempo de lectura\" \/>\n\t<meta name=\"twitter:data2\" content=\"3 minutos\" \/>\n<script type=\"application\/ld+json\" class=\"yoast-schema-graph\">{\"@context\":\"https:\\\/\\\/schema.org\",\"@graph\":[{\"@type\":\"Article\",\"@id\":\"https:\\\/\\\/equipvinyesdabad.com\\\/es\\\/circuitos\\\/amalia-y-joan-vinyes-rivales-en-la-parrilla-de-la-eurocup-seat-leon-de-spa\\\/#article\",\"isPartOf\":{\"@id\":\"https:\\\/\\\/equipvinyesdabad.com\\\/es\\\/circuitos\\\/amalia-y-joan-vinyes-rivales-en-la-parrilla-de-la-eurocup-seat-leon-de-spa\\\/\"},\"author\":{\"name\":\"admin\",\"@id\":\"https:\\\/\\\/equipvinyesdabad.com\\\/es\\\/#\\\/schema\\\/person\\\/962b4c681d63fd4fbd546ec83b775c1b\"},\"headline\":\"Am\u00e0lia y Joan Vinyes rivales en la parrilla de la EUROCUP Seat Le\u00f3n de Spa.\",\"datePublished\":\"2014-09-01T00:00:00+00:00\",\"dateModified\":\"2024-11-01T07:57:56+00:00\",\"mainEntityOfPage\":{\"@id\":\"https:\\\/\\\/equipvinyesdabad.com\\\/es\\\/circuitos\\\/amalia-y-joan-vinyes-rivales-en-la-parrilla-de-la-eurocup-seat-leon-de-spa\\\/\"},\"wordCount\":579,\"image\":{\"@id\":\"https:\\\/\\\/equipvinyesdabad.com\\\/es\\\/circuitos\\\/amalia-y-joan-vinyes-rivales-en-la-parrilla-de-la-eurocup-seat-leon-de-spa\\\/#primaryimage\"},\"thumbnailUrl\":\"https:\\\/\\\/equipvinyesdabad.com\\\/wp-content\\\/uploads\\\/2014\\\/09\\\/xxAVSil5571.jpg\",\"articleSection\":[\"Circuitos\",\"Circuitos Europa\"],\"inLanguage\":\"es\"},{\"@type\":\"WebPage\",\"@id\":\"https:\\\/\\\/equipvinyesdabad.com\\\/es\\\/circuitos\\\/amalia-y-joan-vinyes-rivales-en-la-parrilla-de-la-eurocup-seat-leon-de-spa\\\/\",\"url\":\"https:\\\/\\\/equipvinyesdabad.com\\\/es\\\/circuitos\\\/amalia-y-joan-vinyes-rivales-en-la-parrilla-de-la-eurocup-seat-leon-de-spa\\\/\",\"name\":\"Am\u00e0lia y Joan Vinyes rivales en la parrilla de la EUROCUP Seat Le\u00f3n de Spa. - Equip vinyes dabad\",\"isPartOf\":{\"@id\":\"https:\\\/\\\/equipvinyesdabad.com\\\/es\\\/#website\"},\"primaryImageOfPage\":{\"@id\":\"https:\\\/\\\/equipvinyesdabad.com\\\/es\\\/circuitos\\\/amalia-y-joan-vinyes-rivales-en-la-parrilla-de-la-eurocup-seat-leon-de-spa\\\/#primaryimage\"},\"image\":{\"@id\":\"https:\\\/\\\/equipvinyesdabad.com\\\/es\\\/circuitos\\\/amalia-y-joan-vinyes-rivales-en-la-parrilla-de-la-eurocup-seat-leon-de-spa\\\/#primaryimage\"},\"thumbnailUrl\":\"https:\\\/\\\/equipvinyesdabad.com\\\/wp-content\\\/uploads\\\/2014\\\/09\\\/xxAVSil5571.jpg\",\"datePublished\":\"2014-09-01T00:00:00+00:00\",\"dateModified\":\"2024-11-01T07:57:56+00:00\",\"author\":{\"@id\":\"https:\\\/\\\/equipvinyesdabad.com\\\/es\\\/#\\\/schema\\\/person\\\/962b4c681d63fd4fbd546ec83b775c1b\"},\"breadcrumb\":{\"@id\":\"https:\\\/\\\/equipvinyesdabad.com\\\/es\\\/circuitos\\\/amalia-y-joan-vinyes-rivales-en-la-parrilla-de-la-eurocup-seat-leon-de-spa\\\/#breadcrumb\"},\"inLanguage\":\"es\",\"potentialAction\":[{\"@type\":\"ReadAction\",\"target\":[\"https:\\\/\\\/equipvinyesdabad.com\\\/es\\\/circuitos\\\/amalia-y-joan-vinyes-rivales-en-la-parrilla-de-la-eurocup-seat-leon-de-spa\\\/\"]}]},{\"@type\":\"ImageObject\",\"inLanguage\":\"es\",\"@id\":\"https:\\\/\\\/equipvinyesdabad.com\\\/es\\\/circuitos\\\/amalia-y-joan-vinyes-rivales-en-la-parrilla-de-la-eurocup-seat-leon-de-spa\\\/#primaryimage\",\"url\":\"https:\\\/\\\/equipvinyesdabad.com\\\/wp-content\\\/uploads\\\/2014\\\/09\\\/xxAVSil5571.jpg\",\"contentUrl\":\"https:\\\/\\\/equipvinyesdabad.com\\\/wp-content\\\/uploads\\\/2014\\\/09\\\/xxAVSil5571.jpg\"},{\"@type\":\"BreadcrumbList\",\"@id\":\"https:\\\/\\\/equipvinyesdabad.com\\\/es\\\/circuitos\\\/amalia-y-joan-vinyes-rivales-en-la-parrilla-de-la-eurocup-seat-leon-de-spa\\\/#breadcrumb\",\"itemListElement\":[{\"@type\":\"ListItem\",\"position\":1,\"name\":\"Inicio\",\"item\":\"https:\\\/\\\/equipvinyesdabad.com\\\/es\\\/\"},{\"@type\":\"ListItem\",\"position\":2,\"name\":\"Am\u00e0lia y Joan Vinyes rivales en la parrilla de la EUROCUP Seat Le\u00f3n de Spa.\"}]},{\"@type\":\"WebSite\",\"@id\":\"https:\\\/\\\/equipvinyesdabad.com\\\/es\\\/#website\",\"url\":\"https:\\\/\\\/equipvinyesdabad.com\\\/es\\\/\",\"name\":\"Equip vinyes dabad\",\"description\":\"\",\"potentialAction\":[{\"@type\":\"SearchAction\",\"target\":{\"@type\":\"EntryPoint\",\"urlTemplate\":\"https:\\\/\\\/equipvinyesdabad.com\\\/es\\\/?s={search_term_string}\"},\"query-input\":{\"@type\":\"PropertyValueSpecification\",\"valueRequired\":true,\"valueName\":\"search_term_string\"}}],\"inLanguage\":\"es\"},{\"@type\":\"Person\",\"@id\":\"https:\\\/\\\/equipvinyesdabad.com\\\/es\\\/#\\\/schema\\\/person\\\/962b4c681d63fd4fbd546ec83b775c1b\",\"name\":\"admin\",\"image\":{\"@type\":\"ImageObject\",\"inLanguage\":\"es\",\"@id\":\"https:\\\/\\\/secure.gravatar.com\\\/avatar\\\/6d1c6cfbf1c3aed75f7a05f946b76867c29d677b49f81545b6b9bc58677b08a0?s=96&d=mm&r=g\",\"url\":\"https:\\\/\\\/secure.gravatar.com\\\/avatar\\\/6d1c6cfbf1c3aed75f7a05f946b76867c29d677b49f81545b6b9bc58677b08a0?s=96&d=mm&r=g\",\"contentUrl\":\"https:\\\/\\\/secure.gravatar.com\\\/avatar\\\/6d1c6cfbf1c3aed75f7a05f946b76867c29d677b49f81545b6b9bc58677b08a0?s=96&d=mm&r=g\",\"caption\":\"admin\"},\"sameAs\":[\"https:\\\/\\\/equipvinyesdabad.com\"],\"url\":\"https:\\\/\\\/equipvinyesdabad.com\\\/es\\\/author\\\/web1\\\/\"}]}<\/script>\n<!-- \/ Yoast SEO plugin. -->","yoast_head_json":{"title":"Am\u00e0lia y Joan Vinyes rivales en la parrilla de la EUROCUP Seat Le\u00f3n de Spa. - Equip vinyes dabad","robots":{"index":"index","follow":"follow","max-snippet":"max-snippet:-1","max-image-preview":"max-image-preview:large","max-video-preview":"max-video-preview:-1"},"canonical":"https:\/\/equipvinyesdabad.com\/es\/circuitos\/amalia-y-joan-vinyes-rivales-en-la-parrilla-de-la-eurocup-seat-leon-de-spa\/","og_locale":"es_ES","og_type":"article","og_title":"Am\u00e0lia y Joan Vinyes rivales en la parrilla de la EUROCUP Seat Le\u00f3n de Spa. - Equip vinyes dabad","og_description":"El pr\u00f3ximo fin de semana (d\u00eda 6 y 7 de setiembre) los hermanos Vinyes ser\u00e1n rivales directos en la pista del m\u00edtico circuito belga (Spa-Francorchamps), concretamente en la cita de la EUROCUP Seat Le\u00f3n 2014 que se disputar\u00e1 en el escenario situado a 50 km al sur de Lieja. Ser\u00e1 el cuarto meeting del certamen mencionado. Hasta este momento, la rivalidad de Am\u00e0lia y Joan hab\u00eda sido compartida con otros pilotos debido a que hab\u00edan coincidido en pruebas de resistencia formando parte de equipos diferentes.","og_url":"https:\/\/equipvinyesdabad.com\/es\/circuitos\/amalia-y-joan-vinyes-rivales-en-la-parrilla-de-la-eurocup-seat-leon-de-spa\/","og_site_name":"Equip vinyes dabad","article_published_time":"2014-09-01T00:00:00+00:00","article_modified_time":"2024-11-01T07:57:56+00:00","og_image":[{"width":250,"height":130,"url":"https:\/\/equipvinyesdabad.com\/wp-content\/uploads\/2024\/10\/logo_vinyes_dabad.png","type":"image\/png"}],"author":"admin","twitter_card":"summary_large_image","twitter_misc":{"Escrito por":"admin","Tiempo de lectura":"3 minutos"},"schema":{"@context":"https:\/\/schema.org","@graph":[{"@type":"Article","@id":"https:\/\/equipvinyesdabad.com\/es\/circuitos\/amalia-y-joan-vinyes-rivales-en-la-parrilla-de-la-eurocup-seat-leon-de-spa\/#article","isPartOf":{"@id":"https:\/\/equipvinyesdabad.com\/es\/circuitos\/amalia-y-joan-vinyes-rivales-en-la-parrilla-de-la-eurocup-seat-leon-de-spa\/"},"author":{"name":"admin","@id":"https:\/\/equipvinyesdabad.com\/es\/#\/schema\/person\/962b4c681d63fd4fbd546ec83b775c1b"},"headline":"Am\u00e0lia y Joan Vinyes rivales en la parrilla de la EUROCUP Seat Le\u00f3n de Spa.","datePublished":"2014-09-01T00:00:00+00:00","dateModified":"2024-11-01T07:57:56+00:00","mainEntityOfPage":{"@id":"https:\/\/equipvinyesdabad.com\/es\/circuitos\/amalia-y-joan-vinyes-rivales-en-la-parrilla-de-la-eurocup-seat-leon-de-spa\/"},"wordCount":579,"image":{"@id":"https:\/\/equipvinyesdabad.com\/es\/circuitos\/amalia-y-joan-vinyes-rivales-en-la-parrilla-de-la-eurocup-seat-leon-de-spa\/#primaryimage"},"thumbnailUrl":"https:\/\/equipvinyesdabad.com\/wp-content\/uploads\/2014\/09\/xxAVSil5571.jpg","articleSection":["Circuitos","Circuitos Europa"],"inLanguage":"es"},{"@type":"WebPage","@id":"https:\/\/equipvinyesdabad.com\/es\/circuitos\/amalia-y-joan-vinyes-rivales-en-la-parrilla-de-la-eurocup-seat-leon-de-spa\/","url":"https:\/\/equipvinyesdabad.com\/es\/circuitos\/amalia-y-joan-vinyes-rivales-en-la-parrilla-de-la-eurocup-seat-leon-de-spa\/","name":"Am\u00e0lia y Joan Vinyes rivales en la parrilla de la EUROCUP Seat Le\u00f3n de Spa. - Equip vinyes dabad","isPartOf":{"@id":"https:\/\/equipvinyesdabad.com\/es\/#website"},"primaryImageOfPage":{"@id":"https:\/\/equipvinyesdabad.com\/es\/circuitos\/amalia-y-joan-vinyes-rivales-en-la-parrilla-de-la-eurocup-seat-leon-de-spa\/#primaryimage"},"image":{"@id":"https:\/\/equipvinyesdabad.com\/es\/circuitos\/amalia-y-joan-vinyes-rivales-en-la-parrilla-de-la-eurocup-seat-leon-de-spa\/#primaryimage"},"thumbnailUrl":"https:\/\/equipvinyesdabad.com\/wp-content\/uploads\/2014\/09\/xxAVSil5571.jpg","datePublished":"2014-09-01T00:00:00+00:00","dateModified":"2024-11-01T07:57:56+00:00","author":{"@id":"https:\/\/equipvinyesdabad.com\/es\/#\/schema\/person\/962b4c681d63fd4fbd546ec83b775c1b"},"breadcrumb":{"@id":"https:\/\/equipvinyesdabad.com\/es\/circuitos\/amalia-y-joan-vinyes-rivales-en-la-parrilla-de-la-eurocup-seat-leon-de-spa\/#breadcrumb"},"inLanguage":"es","potentialAction":[{"@type":"ReadAction","target":["https:\/\/equipvinyesdabad.com\/es\/circuitos\/amalia-y-joan-vinyes-rivales-en-la-parrilla-de-la-eurocup-seat-leon-de-spa\/"]}]},{"@type":"ImageObject","inLanguage":"es","@id":"https:\/\/equipvinyesdabad.com\/es\/circuitos\/amalia-y-joan-vinyes-rivales-en-la-parrilla-de-la-eurocup-seat-leon-de-spa\/#primaryimage","url":"https:\/\/equipvinyesdabad.com\/wp-content\/uploads\/2014\/09\/xxAVSil5571.jpg","contentUrl":"https:\/\/equipvinyesdabad.com\/wp-content\/uploads\/2014\/09\/xxAVSil5571.jpg"},{"@type":"BreadcrumbList","@id":"https:\/\/equipvinyesdabad.com\/es\/circuitos\/amalia-y-joan-vinyes-rivales-en-la-parrilla-de-la-eurocup-seat-leon-de-spa\/#breadcrumb","itemListElement":[{"@type":"ListItem","position":1,"name":"Inicio","item":"https:\/\/equipvinyesdabad.com\/es\/"},{"@type":"ListItem","position":2,"name":"Am\u00e0lia y Joan Vinyes rivales en la parrilla de la EUROCUP Seat Le\u00f3n de Spa."}]},{"@type":"WebSite","@id":"https:\/\/equipvinyesdabad.com\/es\/#website","url":"https:\/\/equipvinyesdabad.com\/es\/","name":"Equip vinyes dabad","description":"","potentialAction":[{"@type":"SearchAction","target":{"@type":"EntryPoint","urlTemplate":"https:\/\/equipvinyesdabad.com\/es\/?s={search_term_string}"},"query-input":{"@type":"PropertyValueSpecification","valueRequired":true,"valueName":"search_term_string"}}],"inLanguage":"es"},{"@type":"Person","@id":"https:\/\/equipvinyesdabad.com\/es\/#\/schema\/person\/962b4c681d63fd4fbd546ec83b775c1b","name":"admin","image":{"@type":"ImageObject","inLanguage":"es","@id":"https:\/\/secure.gravatar.com\/avatar\/6d1c6cfbf1c3aed75f7a05f946b76867c29d677b49f81545b6b9bc58677b08a0?s=96&d=mm&r=g","url":"https:\/\/secure.gravatar.com\/avatar\/6d1c6cfbf1c3aed75f7a05f946b76867c29d677b49f81545b6b9bc58677b08a0?s=96&d=mm&r=g","contentUrl":"https:\/\/secure.gravatar.com\/avatar\/6d1c6cfbf1c3aed75f7a05f946b76867c29d677b49f81545b6b9bc58677b08a0?s=96&d=mm&r=g","caption":"admin"},"sameAs":["https:\/\/equipvinyesdabad.com"],"url":"https:\/\/equipvinyesdabad.com\/es\/author\/web1\/"}]}},"_links":{"self":[{"href":"https:\/\/equipvinyesdabad.com\/es\/wp-json\/wp\/v2\/posts\/2481","targetHints":{"allow":["GET"]}}],"collection":[{"href":"https:\/\/equipvinyesdabad.com\/es\/wp-json\/wp\/v2\/posts"}],"about":[{"href":"https:\/\/equipvinyesdabad.com\/es\/wp-json\/wp\/v2\/types\/post"}],"author":[{"embeddable":true,"href":"https:\/\/equipvinyesdabad.com\/es\/wp-json\/wp\/v2\/users\/1"}],"replies":[{"embeddable":true,"href":"https:\/\/equipvinyesdabad.com\/es\/wp-json\/wp\/v2\/comments?post=2481"}],"version-history":[{"count":3,"href":"https:\/\/equipvinyesdabad.com\/es\/wp-json\/wp\/v2\/posts\/2481\/revisions"}],"predecessor-version":[{"id":4606,"href":"https:\/\/equipvinyesdabad.com\/es\/wp-json\/wp\/v2\/posts\/2481\/revisions\/4606"}],"wp:featuredmedia":[{"embeddable":true,"href":"https:\/\/equipvinyesdabad.com\/es\/wp-json\/wp\/v2\/media\/1709"}],"wp:attachment":[{"href":"https:\/\/equipvinyesdabad.com\/es\/wp-json\/wp\/v2\/media?parent=2481"}],"wp:term":[{"taxonomy":"category","embeddable":true,"href":"https:\/\/equipvinyesdabad.com\/es\/wp-json\/wp\/v2\/categories?post=2481"},{"taxonomy":"post_tag","embeddable":true,"href":"https:\/\/equipvinyesdabad.com\/es\/wp-json\/wp\/v2\/tags?post=2481"}],"curies":[{"name":"wp","href":"https:\/\/api.w.org\/{rel}","templated":true}]}}