{"id":2497,"date":"2014-06-14T00:00:00","date_gmt":"2014-06-14T00:00:00","guid":{"rendered":"https:\/\/equipvinyesdabad.com\/?p=2497"},"modified":"2024-10-31T20:11:12","modified_gmt":"2024-10-31T20:11:12","slug":"vinyes-mercader-suzuki-swift-s1600-protagonistas-en-el-rally-ourense-2014","status":"publish","type":"post","link":"https:\/\/equipvinyesdabad.com\/es\/rallys\/vinyes-mercader-suzuki-swift-s1600-protagonistas-en-el-rally-ourense-2014\/","title":{"rendered":"Vinyes-Mercader (Suzuki Swift S1600) protagonistas en el Rally Ourense 2014."},"content":{"rendered":"<p>oan Vinyes-Jordi Mercader, pilotando el Suzuki Swift S1600 n\u00famero 5 del equipo Suzuki Motorsport, volvieron a ser el centro de atenci\u00f3n de todos aficionados que se agruparon en gran n\u00famero en las cunetas de las especiales cronometradas del 47 Rally Ourense &#8211; Ourense Termal. Durante buena parte de la jornada Vinyes-Mercader ocuparon la tercera posici\u00f3n de la clasificaci\u00f3n provisional absoluta, controlando las envestidas de los Porsche de los hermanos Burgo y del piloto local Jos\u00e9 A. Gonzalez (Rantur). Al final Vinyes tuvo que ceder, San Pedro de Rocas decidi\u00f3, y tuvo que conformarse con una trabajada cuarta posici\u00f3n que supo a poco, adem\u00e1s de un amplio triunfo en la Divisi\u00f3n II. <\/p>\n","protected":false},"excerpt":{"rendered":"<p>oan Vinyes-Jordi Mercader, pilotando el Suzuki Swift S1600 n\u00famero 5 del equipo Suzuki Motorsport, volvieron a ser el centro de atenci\u00f3n de todos aficionados que se agruparon en gran n\u00famero en las cunetas de las especiales cronometradas del 47 Rally Ourense &#8211; Ourense Termal. Durante buena parte de la jornada Vinyes-Mercader ocuparon la tercera posici\u00f3n de la clasificaci\u00f3n provisional absoluta, controlando las envestidas de los Porsche de los hermanos Burgo y del piloto local Jos\u00e9 A. Gonzalez (Rantur). Al final Vinyes tuvo que ceder, San Pedro de Rocas decidi\u00f3, y tuvo que conformarse con una trabajada cuarta posici\u00f3n que supo a poco, adem\u00e1s de un amplio triunfo en la Divisi\u00f3n II. <\/p>\n","protected":false},"author":1,"featured_media":1722,"comment_status":"closed","ping_status":"closed","sticky":false,"template":"","format":"standard","meta":{"_kadence_starter_templates_imported_post":false,"_kad_post_transparent":"","_kad_post_title":"","_kad_post_layout":"","_kad_post_sidebar_id":"","_kad_post_content_style":"","_kad_post_vertical_padding":"","_kad_post_feature":"","_kad_post_feature_position":"","_kad_post_header":false,"_kad_post_footer":false,"_kad_post_classname":"","footnotes":""},"categories":[46,60],"tags":[],"class_list":["post-2497","post","type-post","status-publish","format-standard","has-post-thumbnail","hentry","category-rallys","category-rallys-asfalto"],"yoast_head":"<!-- This site is optimized with the Yoast SEO plugin v27.4 - https:\/\/yoast.com\/product\/yoast-seo-wordpress\/ -->\n<title>Vinyes-Mercader (Suzuki Swift S1600) protagonistas en el Rally Ourense 2014. - Equip vinyes dabad<\/title>\n<meta name=\"robots\" content=\"index, follow, max-snippet:-1, max-image-preview:large, max-video-preview:-1\" \/>\n<link rel=\"canonical\" href=\"https:\/\/equipvinyesdabad.com\/es\/rallys\/vinyes-mercader-suzuki-swift-s1600-protagonistas-en-el-rally-ourense-2014\/\" \/>\n<meta property=\"og:locale\" content=\"es_ES\" \/>\n<meta property=\"og:type\" content=\"article\" \/>\n<meta property=\"og:title\" content=\"Vinyes-Mercader (Suzuki Swift S1600) protagonistas en el Rally Ourense 2014. - Equip vinyes dabad\" \/>\n<meta property=\"og:description\" content=\"oan Vinyes-Jordi Mercader, pilotando el Suzuki Swift S1600 n\u00famero 5 del equipo Suzuki Motorsport, volvieron a ser el centro de atenci\u00f3n de todos aficionados que se agruparon en gran n\u00famero en las cunetas de las especiales cronometradas del 47 Rally Ourense - Ourense Termal. Durante buena parte de la jornada Vinyes-Mercader ocuparon la tercera posici\u00f3n de la clasificaci\u00f3n provisional absoluta, controlando las envestidas de los Porsche de los hermanos Burgo y del piloto local Jos\u00e9 A. Gonzalez (Rantur). Al final Vinyes tuvo que ceder, San Pedro de Rocas decidi\u00f3, y tuvo que conformarse con una trabajada cuarta posici\u00f3n que supo a poco, adem\u00e1s de un amplio triunfo en la Divisi\u00f3n II.\" \/>\n<meta property=\"og:url\" content=\"https:\/\/equipvinyesdabad.com\/es\/rallys\/vinyes-mercader-suzuki-swift-s1600-protagonistas-en-el-rally-ourense-2014\/\" \/>\n<meta property=\"og:site_name\" content=\"Equip vinyes dabad\" \/>\n<meta property=\"article:published_time\" content=\"2014-06-14T00:00:00+00:00\" \/>\n<meta property=\"article:modified_time\" content=\"2024-10-31T20:11:12+00:00\" \/>\n<meta property=\"og:image\" content=\"https:\/\/equipvinyesdabad.com\/wp-content\/uploads\/2024\/10\/logo_vinyes_dabad.png\" \/>\n\t<meta property=\"og:image:width\" content=\"250\" \/>\n\t<meta property=\"og:image:height\" content=\"130\" \/>\n\t<meta property=\"og:image:type\" content=\"image\/png\" \/>\n<meta name=\"author\" content=\"admin\" \/>\n<meta name=\"twitter:card\" content=\"summary_large_image\" \/>\n<meta name=\"twitter:label1\" content=\"Escrito por\" \/>\n\t<meta name=\"twitter:data1\" content=\"admin\" \/>\n\t<meta name=\"twitter:label2\" content=\"Tiempo de lectura\" \/>\n\t<meta name=\"twitter:data2\" content=\"1 minuto\" \/>\n<script type=\"application\/ld+json\" class=\"yoast-schema-graph\">{\"@context\":\"https:\\\/\\\/schema.org\",\"@graph\":[{\"@type\":\"Article\",\"@id\":\"https:\\\/\\\/equipvinyesdabad.com\\\/es\\\/rallys\\\/vinyes-mercader-suzuki-swift-s1600-protagonistas-en-el-rally-ourense-2014\\\/#article\",\"isPartOf\":{\"@id\":\"https:\\\/\\\/equipvinyesdabad.com\\\/es\\\/rallys\\\/vinyes-mercader-suzuki-swift-s1600-protagonistas-en-el-rally-ourense-2014\\\/\"},\"author\":{\"name\":\"admin\",\"@id\":\"https:\\\/\\\/equipvinyesdabad.com\\\/es\\\/#\\\/schema\\\/person\\\/962b4c681d63fd4fbd546ec83b775c1b\"},\"headline\":\"Vinyes-Mercader (Suzuki Swift S1600) protagonistas en el Rally Ourense 2014.\",\"datePublished\":\"2014-06-14T00:00:00+00:00\",\"dateModified\":\"2024-10-31T20:11:12+00:00\",\"mainEntityOfPage\":{\"@id\":\"https:\\\/\\\/equipvinyesdabad.com\\\/es\\\/rallys\\\/vinyes-mercader-suzuki-swift-s1600-protagonistas-en-el-rally-ourense-2014\\\/\"},\"wordCount\":126,\"image\":{\"@id\":\"https:\\\/\\\/equipvinyesdabad.com\\\/es\\\/rallys\\\/vinyes-mercader-suzuki-swift-s1600-protagonistas-en-el-rally-ourense-2014\\\/#primaryimage\"},\"thumbnailUrl\":\"https:\\\/\\\/equipvinyesdabad.com\\\/wp-content\\\/uploads\\\/2014\\\/06\\\/05ViOu4105.jpg\",\"articleSection\":[\"Rallys\",\"Rallys asfalto\"],\"inLanguage\":\"es\"},{\"@type\":\"WebPage\",\"@id\":\"https:\\\/\\\/equipvinyesdabad.com\\\/es\\\/rallys\\\/vinyes-mercader-suzuki-swift-s1600-protagonistas-en-el-rally-ourense-2014\\\/\",\"url\":\"https:\\\/\\\/equipvinyesdabad.com\\\/es\\\/rallys\\\/vinyes-mercader-suzuki-swift-s1600-protagonistas-en-el-rally-ourense-2014\\\/\",\"name\":\"Vinyes-Mercader (Suzuki Swift S1600) protagonistas en el Rally Ourense 2014. - Equip vinyes dabad\",\"isPartOf\":{\"@id\":\"https:\\\/\\\/equipvinyesdabad.com\\\/es\\\/#website\"},\"primaryImageOfPage\":{\"@id\":\"https:\\\/\\\/equipvinyesdabad.com\\\/es\\\/rallys\\\/vinyes-mercader-suzuki-swift-s1600-protagonistas-en-el-rally-ourense-2014\\\/#primaryimage\"},\"image\":{\"@id\":\"https:\\\/\\\/equipvinyesdabad.com\\\/es\\\/rallys\\\/vinyes-mercader-suzuki-swift-s1600-protagonistas-en-el-rally-ourense-2014\\\/#primaryimage\"},\"thumbnailUrl\":\"https:\\\/\\\/equipvinyesdabad.com\\\/wp-content\\\/uploads\\\/2014\\\/06\\\/05ViOu4105.jpg\",\"datePublished\":\"2014-06-14T00:00:00+00:00\",\"dateModified\":\"2024-10-31T20:11:12+00:00\",\"author\":{\"@id\":\"https:\\\/\\\/equipvinyesdabad.com\\\/es\\\/#\\\/schema\\\/person\\\/962b4c681d63fd4fbd546ec83b775c1b\"},\"breadcrumb\":{\"@id\":\"https:\\\/\\\/equipvinyesdabad.com\\\/es\\\/rallys\\\/vinyes-mercader-suzuki-swift-s1600-protagonistas-en-el-rally-ourense-2014\\\/#breadcrumb\"},\"inLanguage\":\"es\",\"potentialAction\":[{\"@type\":\"ReadAction\",\"target\":[\"https:\\\/\\\/equipvinyesdabad.com\\\/es\\\/rallys\\\/vinyes-mercader-suzuki-swift-s1600-protagonistas-en-el-rally-ourense-2014\\\/\"]}]},{\"@type\":\"ImageObject\",\"inLanguage\":\"es\",\"@id\":\"https:\\\/\\\/equipvinyesdabad.com\\\/es\\\/rallys\\\/vinyes-mercader-suzuki-swift-s1600-protagonistas-en-el-rally-ourense-2014\\\/#primaryimage\",\"url\":\"https:\\\/\\\/equipvinyesdabad.com\\\/wp-content\\\/uploads\\\/2014\\\/06\\\/05ViOu4105.jpg\",\"contentUrl\":\"https:\\\/\\\/equipvinyesdabad.com\\\/wp-content\\\/uploads\\\/2014\\\/06\\\/05ViOu4105.jpg\"},{\"@type\":\"BreadcrumbList\",\"@id\":\"https:\\\/\\\/equipvinyesdabad.com\\\/es\\\/rallys\\\/vinyes-mercader-suzuki-swift-s1600-protagonistas-en-el-rally-ourense-2014\\\/#breadcrumb\",\"itemListElement\":[{\"@type\":\"ListItem\",\"position\":1,\"name\":\"Inicio\",\"item\":\"https:\\\/\\\/equipvinyesdabad.com\\\/es\\\/\"},{\"@type\":\"ListItem\",\"position\":2,\"name\":\"Vinyes-Mercader (Suzuki Swift S1600) protagonistas en el Rally Ourense 2014.\"}]},{\"@type\":\"WebSite\",\"@id\":\"https:\\\/\\\/equipvinyesdabad.com\\\/es\\\/#website\",\"url\":\"https:\\\/\\\/equipvinyesdabad.com\\\/es\\\/\",\"name\":\"Equip vinyes dabad\",\"description\":\"\",\"potentialAction\":[{\"@type\":\"SearchAction\",\"target\":{\"@type\":\"EntryPoint\",\"urlTemplate\":\"https:\\\/\\\/equipvinyesdabad.com\\\/es\\\/?s={search_term_string}\"},\"query-input\":{\"@type\":\"PropertyValueSpecification\",\"valueRequired\":true,\"valueName\":\"search_term_string\"}}],\"inLanguage\":\"es\"},{\"@type\":\"Person\",\"@id\":\"https:\\\/\\\/equipvinyesdabad.com\\\/es\\\/#\\\/schema\\\/person\\\/962b4c681d63fd4fbd546ec83b775c1b\",\"name\":\"admin\",\"image\":{\"@type\":\"ImageObject\",\"inLanguage\":\"es\",\"@id\":\"https:\\\/\\\/secure.gravatar.com\\\/avatar\\\/6d1c6cfbf1c3aed75f7a05f946b76867c29d677b49f81545b6b9bc58677b08a0?s=96&d=mm&r=g\",\"url\":\"https:\\\/\\\/secure.gravatar.com\\\/avatar\\\/6d1c6cfbf1c3aed75f7a05f946b76867c29d677b49f81545b6b9bc58677b08a0?s=96&d=mm&r=g\",\"contentUrl\":\"https:\\\/\\\/secure.gravatar.com\\\/avatar\\\/6d1c6cfbf1c3aed75f7a05f946b76867c29d677b49f81545b6b9bc58677b08a0?s=96&d=mm&r=g\",\"caption\":\"admin\"},\"sameAs\":[\"https:\\\/\\\/equipvinyesdabad.com\"],\"url\":\"https:\\\/\\\/equipvinyesdabad.com\\\/es\\\/author\\\/web1\\\/\"}]}<\/script>\n<!-- \/ Yoast SEO plugin. -->","yoast_head_json":{"title":"Vinyes-Mercader (Suzuki Swift S1600) protagonistas en el Rally Ourense 2014. - Equip vinyes dabad","robots":{"index":"index","follow":"follow","max-snippet":"max-snippet:-1","max-image-preview":"max-image-preview:large","max-video-preview":"max-video-preview:-1"},"canonical":"https:\/\/equipvinyesdabad.com\/es\/rallys\/vinyes-mercader-suzuki-swift-s1600-protagonistas-en-el-rally-ourense-2014\/","og_locale":"es_ES","og_type":"article","og_title":"Vinyes-Mercader (Suzuki Swift S1600) protagonistas en el Rally Ourense 2014. - Equip vinyes dabad","og_description":"oan Vinyes-Jordi Mercader, pilotando el Suzuki Swift S1600 n\u00famero 5 del equipo Suzuki Motorsport, volvieron a ser el centro de atenci\u00f3n de todos aficionados que se agruparon en gran n\u00famero en las cunetas de las especiales cronometradas del 47 Rally Ourense - Ourense Termal. Durante buena parte de la jornada Vinyes-Mercader ocuparon la tercera posici\u00f3n de la clasificaci\u00f3n provisional absoluta, controlando las envestidas de los Porsche de los hermanos Burgo y del piloto local Jos\u00e9 A. Gonzalez (Rantur). Al final Vinyes tuvo que ceder, San Pedro de Rocas decidi\u00f3, y tuvo que conformarse con una trabajada cuarta posici\u00f3n que supo a poco, adem\u00e1s de un amplio triunfo en la Divisi\u00f3n II.","og_url":"https:\/\/equipvinyesdabad.com\/es\/rallys\/vinyes-mercader-suzuki-swift-s1600-protagonistas-en-el-rally-ourense-2014\/","og_site_name":"Equip vinyes dabad","article_published_time":"2014-06-14T00:00:00+00:00","article_modified_time":"2024-10-31T20:11:12+00:00","og_image":[{"width":250,"height":130,"url":"https:\/\/equipvinyesdabad.com\/wp-content\/uploads\/2024\/10\/logo_vinyes_dabad.png","type":"image\/png"}],"author":"admin","twitter_card":"summary_large_image","twitter_misc":{"Escrito por":"admin","Tiempo de lectura":"1 minuto"},"schema":{"@context":"https:\/\/schema.org","@graph":[{"@type":"Article","@id":"https:\/\/equipvinyesdabad.com\/es\/rallys\/vinyes-mercader-suzuki-swift-s1600-protagonistas-en-el-rally-ourense-2014\/#article","isPartOf":{"@id":"https:\/\/equipvinyesdabad.com\/es\/rallys\/vinyes-mercader-suzuki-swift-s1600-protagonistas-en-el-rally-ourense-2014\/"},"author":{"name":"admin","@id":"https:\/\/equipvinyesdabad.com\/es\/#\/schema\/person\/962b4c681d63fd4fbd546ec83b775c1b"},"headline":"Vinyes-Mercader (Suzuki Swift S1600) protagonistas en el Rally Ourense 2014.","datePublished":"2014-06-14T00:00:00+00:00","dateModified":"2024-10-31T20:11:12+00:00","mainEntityOfPage":{"@id":"https:\/\/equipvinyesdabad.com\/es\/rallys\/vinyes-mercader-suzuki-swift-s1600-protagonistas-en-el-rally-ourense-2014\/"},"wordCount":126,"image":{"@id":"https:\/\/equipvinyesdabad.com\/es\/rallys\/vinyes-mercader-suzuki-swift-s1600-protagonistas-en-el-rally-ourense-2014\/#primaryimage"},"thumbnailUrl":"https:\/\/equipvinyesdabad.com\/wp-content\/uploads\/2014\/06\/05ViOu4105.jpg","articleSection":["Rallys","Rallys asfalto"],"inLanguage":"es"},{"@type":"WebPage","@id":"https:\/\/equipvinyesdabad.com\/es\/rallys\/vinyes-mercader-suzuki-swift-s1600-protagonistas-en-el-rally-ourense-2014\/","url":"https:\/\/equipvinyesdabad.com\/es\/rallys\/vinyes-mercader-suzuki-swift-s1600-protagonistas-en-el-rally-ourense-2014\/","name":"Vinyes-Mercader (Suzuki Swift S1600) protagonistas en el Rally Ourense 2014. - Equip vinyes dabad","isPartOf":{"@id":"https:\/\/equipvinyesdabad.com\/es\/#website"},"primaryImageOfPage":{"@id":"https:\/\/equipvinyesdabad.com\/es\/rallys\/vinyes-mercader-suzuki-swift-s1600-protagonistas-en-el-rally-ourense-2014\/#primaryimage"},"image":{"@id":"https:\/\/equipvinyesdabad.com\/es\/rallys\/vinyes-mercader-suzuki-swift-s1600-protagonistas-en-el-rally-ourense-2014\/#primaryimage"},"thumbnailUrl":"https:\/\/equipvinyesdabad.com\/wp-content\/uploads\/2014\/06\/05ViOu4105.jpg","datePublished":"2014-06-14T00:00:00+00:00","dateModified":"2024-10-31T20:11:12+00:00","author":{"@id":"https:\/\/equipvinyesdabad.com\/es\/#\/schema\/person\/962b4c681d63fd4fbd546ec83b775c1b"},"breadcrumb":{"@id":"https:\/\/equipvinyesdabad.com\/es\/rallys\/vinyes-mercader-suzuki-swift-s1600-protagonistas-en-el-rally-ourense-2014\/#breadcrumb"},"inLanguage":"es","potentialAction":[{"@type":"ReadAction","target":["https:\/\/equipvinyesdabad.com\/es\/rallys\/vinyes-mercader-suzuki-swift-s1600-protagonistas-en-el-rally-ourense-2014\/"]}]},{"@type":"ImageObject","inLanguage":"es","@id":"https:\/\/equipvinyesdabad.com\/es\/rallys\/vinyes-mercader-suzuki-swift-s1600-protagonistas-en-el-rally-ourense-2014\/#primaryimage","url":"https:\/\/equipvinyesdabad.com\/wp-content\/uploads\/2014\/06\/05ViOu4105.jpg","contentUrl":"https:\/\/equipvinyesdabad.com\/wp-content\/uploads\/2014\/06\/05ViOu4105.jpg"},{"@type":"BreadcrumbList","@id":"https:\/\/equipvinyesdabad.com\/es\/rallys\/vinyes-mercader-suzuki-swift-s1600-protagonistas-en-el-rally-ourense-2014\/#breadcrumb","itemListElement":[{"@type":"ListItem","position":1,"name":"Inicio","item":"https:\/\/equipvinyesdabad.com\/es\/"},{"@type":"ListItem","position":2,"name":"Vinyes-Mercader (Suzuki Swift S1600) protagonistas en el Rally Ourense 2014."}]},{"@type":"WebSite","@id":"https:\/\/equipvinyesdabad.com\/es\/#website","url":"https:\/\/equipvinyesdabad.com\/es\/","name":"Equip vinyes dabad","description":"","potentialAction":[{"@type":"SearchAction","target":{"@type":"EntryPoint","urlTemplate":"https:\/\/equipvinyesdabad.com\/es\/?s={search_term_string}"},"query-input":{"@type":"PropertyValueSpecification","valueRequired":true,"valueName":"search_term_string"}}],"inLanguage":"es"},{"@type":"Person","@id":"https:\/\/equipvinyesdabad.com\/es\/#\/schema\/person\/962b4c681d63fd4fbd546ec83b775c1b","name":"admin","image":{"@type":"ImageObject","inLanguage":"es","@id":"https:\/\/secure.gravatar.com\/avatar\/6d1c6cfbf1c3aed75f7a05f946b76867c29d677b49f81545b6b9bc58677b08a0?s=96&d=mm&r=g","url":"https:\/\/secure.gravatar.com\/avatar\/6d1c6cfbf1c3aed75f7a05f946b76867c29d677b49f81545b6b9bc58677b08a0?s=96&d=mm&r=g","contentUrl":"https:\/\/secure.gravatar.com\/avatar\/6d1c6cfbf1c3aed75f7a05f946b76867c29d677b49f81545b6b9bc58677b08a0?s=96&d=mm&r=g","caption":"admin"},"sameAs":["https:\/\/equipvinyesdabad.com"],"url":"https:\/\/equipvinyesdabad.com\/es\/author\/web1\/"}]}},"_links":{"self":[{"href":"https:\/\/equipvinyesdabad.com\/es\/wp-json\/wp\/v2\/posts\/2497","targetHints":{"allow":["GET"]}}],"collection":[{"href":"https:\/\/equipvinyesdabad.com\/es\/wp-json\/wp\/v2\/posts"}],"about":[{"href":"https:\/\/equipvinyesdabad.com\/es\/wp-json\/wp\/v2\/types\/post"}],"author":[{"embeddable":true,"href":"https:\/\/equipvinyesdabad.com\/es\/wp-json\/wp\/v2\/users\/1"}],"replies":[{"embeddable":true,"href":"https:\/\/equipvinyesdabad.com\/es\/wp-json\/wp\/v2\/comments?post=2497"}],"version-history":[{"count":1,"href":"https:\/\/equipvinyesdabad.com\/es\/wp-json\/wp\/v2\/posts\/2497\/revisions"}],"predecessor-version":[{"id":3322,"href":"https:\/\/equipvinyesdabad.com\/es\/wp-json\/wp\/v2\/posts\/2497\/revisions\/3322"}],"wp:featuredmedia":[{"embeddable":true,"href":"https:\/\/equipvinyesdabad.com\/es\/wp-json\/wp\/v2\/media\/1722"}],"wp:attachment":[{"href":"https:\/\/equipvinyesdabad.com\/es\/wp-json\/wp\/v2\/media?parent=2497"}],"wp:term":[{"taxonomy":"category","embeddable":true,"href":"https:\/\/equipvinyesdabad.com\/es\/wp-json\/wp\/v2\/categories?post=2497"},{"taxonomy":"post_tag","embeddable":true,"href":"https:\/\/equipvinyesdabad.com\/es\/wp-json\/wp\/v2\/tags?post=2497"}],"curies":[{"name":"wp","href":"https:\/\/api.w.org\/{rel}","templated":true}]}}