{"id":2535,"date":"2013-11-23T00:00:00","date_gmt":"2013-11-23T00:00:00","guid":{"rendered":"https:\/\/equipvinyesdabad.com\/?p=2535"},"modified":"2024-10-31T20:16:52","modified_gmt":"2024-10-31T20:16:52","slug":"joan-vinyes-excelente-final-para-una-temporada-muy-complicada","status":"publish","type":"post","link":"https:\/\/equipvinyesdabad.com\/es\/rallys\/joan-vinyes-excelente-final-para-una-temporada-muy-complicada\/","title":{"rendered":"Joan Vinyes: Excelente final para una temporada muy complicada."},"content":{"rendered":"<p>Joan Vinyes-Jordi Mercader (Suzuki Swift S1600) se situaron en la primera posici\u00f3n de la categor\u00eda de dos ruedas motrices (2RM) y en la 6\u00aa de la clasificaci\u00f3n absoluta al finalizar el IV Rally de la Comunidad de Madrid &#8211; RACE, \u00faltima prueba del calendario del Campeonato de Espa\u00f1a de Rallys de asfalto 2013.<br \/>\nA pesar del excelente resultado de Madrid, las posiciones en los diferentes campeonatos no tendr\u00e1n grandes cambios para Vinyes, se mantendr\u00e1 entre los 10 mejores pilotos de la clasificaci\u00f3n absoluta mientras que, despu\u00e9s de tres a\u00f1os consecutivos consiguiendo el t\u00edtulo de 2RM, en esta ocasi\u00f3n ocupar\u00e1 el subcampeonato de la clasificaci\u00f3n final de esta categor\u00eda.<\/p>\n","protected":false},"excerpt":{"rendered":"<p>Joan Vinyes-Jordi Mercader (Suzuki Swift S1600) se situaron en la primera posici\u00f3n de la categor\u00eda de dos ruedas motrices (2RM) y en la 6\u00aa de la clasificaci\u00f3n absoluta al finalizar el IV Rally de la Comunidad de Madrid &#8211; RACE, \u00faltima prueba del calendario del Campeonato de Espa\u00f1a de Rallys de asfalto 2013.<br \/>\nA pesar del excelente resultado de Madrid, las posiciones en los diferentes campeonatos no tendr\u00e1n grandes cambios para Vinyes, se mantendr\u00e1 entre los 10 mejores pilotos de la clasificaci\u00f3n absoluta mientras que, despu\u00e9s de tres a\u00f1os consecutivos consiguiendo el t\u00edtulo de 2RM, en esta ocasi\u00f3n ocupar\u00e1 el subcampeonato de la clasificaci\u00f3n final de esta categor\u00eda.<\/p>\n","protected":false},"author":1,"featured_media":1759,"comment_status":"closed","ping_status":"closed","sticky":false,"template":"","format":"standard","meta":{"_kadence_starter_templates_imported_post":false,"_kad_post_transparent":"","_kad_post_title":"","_kad_post_layout":"","_kad_post_sidebar_id":"","_kad_post_content_style":"","_kad_post_vertical_padding":"","_kad_post_feature":"","_kad_post_feature_position":"","_kad_post_header":false,"_kad_post_footer":false,"_kad_post_classname":"","footnotes":""},"categories":[46,60],"tags":[],"class_list":["post-2535","post","type-post","status-publish","format-standard","has-post-thumbnail","hentry","category-rallys","category-rallys-asfalto"],"yoast_head":"<!-- This site is optimized with the Yoast SEO plugin v27.4 - https:\/\/yoast.com\/product\/yoast-seo-wordpress\/ -->\n<title>Joan Vinyes: Excelente final para una temporada muy complicada. - Equip vinyes dabad<\/title>\n<meta name=\"robots\" content=\"index, follow, max-snippet:-1, max-image-preview:large, max-video-preview:-1\" \/>\n<link rel=\"canonical\" href=\"https:\/\/equipvinyesdabad.com\/es\/rallys\/joan-vinyes-excelente-final-para-una-temporada-muy-complicada\/\" \/>\n<meta property=\"og:locale\" content=\"es_ES\" \/>\n<meta property=\"og:type\" content=\"article\" \/>\n<meta property=\"og:title\" content=\"Joan Vinyes: Excelente final para una temporada muy complicada. - Equip vinyes dabad\" \/>\n<meta property=\"og:description\" content=\"Joan Vinyes-Jordi Mercader (Suzuki Swift S1600) se situaron en la primera posici\u00f3n de la categor\u00eda de dos ruedas motrices (2RM) y en la 6\u00aa de la clasificaci\u00f3n absoluta al finalizar el IV Rally de la Comunidad de Madrid - RACE, \u00faltima prueba del calendario del Campeonato de Espa\u00f1a de Rallys de asfalto 2013. A pesar del excelente resultado de Madrid, las posiciones en los diferentes campeonatos no tendr\u00e1n grandes cambios para Vinyes, se mantendr\u00e1 entre los 10 mejores pilotos de la clasificaci\u00f3n absoluta mientras que, despu\u00e9s de tres a\u00f1os consecutivos consiguiendo el t\u00edtulo de 2RM, en esta ocasi\u00f3n ocupar\u00e1 el subcampeonato de la clasificaci\u00f3n final de esta categor\u00eda.\" \/>\n<meta property=\"og:url\" content=\"https:\/\/equipvinyesdabad.com\/es\/rallys\/joan-vinyes-excelente-final-para-una-temporada-muy-complicada\/\" \/>\n<meta property=\"og:site_name\" content=\"Equip vinyes dabad\" \/>\n<meta property=\"article:published_time\" content=\"2013-11-23T00:00:00+00:00\" \/>\n<meta property=\"article:modified_time\" content=\"2024-10-31T20:16:52+00:00\" \/>\n<meta property=\"og:image\" content=\"https:\/\/equipvinyesdabad.com\/wp-content\/uploads\/2024\/10\/logo_vinyes_dabad.png\" \/>\n\t<meta property=\"og:image:width\" content=\"250\" \/>\n\t<meta property=\"og:image:height\" content=\"130\" \/>\n\t<meta property=\"og:image:type\" content=\"image\/png\" \/>\n<meta name=\"author\" content=\"admin\" \/>\n<meta name=\"twitter:card\" content=\"summary_large_image\" \/>\n<meta name=\"twitter:label1\" content=\"Escrito por\" \/>\n\t<meta name=\"twitter:data1\" content=\"admin\" \/>\n\t<meta name=\"twitter:label2\" content=\"Tiempo de lectura\" \/>\n\t<meta name=\"twitter:data2\" content=\"1 minuto\" \/>\n<script type=\"application\/ld+json\" class=\"yoast-schema-graph\">{\"@context\":\"https:\\\/\\\/schema.org\",\"@graph\":[{\"@type\":\"Article\",\"@id\":\"https:\\\/\\\/equipvinyesdabad.com\\\/es\\\/rallys\\\/joan-vinyes-excelente-final-para-una-temporada-muy-complicada\\\/#article\",\"isPartOf\":{\"@id\":\"https:\\\/\\\/equipvinyesdabad.com\\\/es\\\/rallys\\\/joan-vinyes-excelente-final-para-una-temporada-muy-complicada\\\/\"},\"author\":{\"name\":\"admin\",\"@id\":\"https:\\\/\\\/equipvinyesdabad.com\\\/es\\\/#\\\/schema\\\/person\\\/962b4c681d63fd4fbd546ec83b775c1b\"},\"headline\":\"Joan Vinyes: Excelente final para una temporada muy complicada.\",\"datePublished\":\"2013-11-23T00:00:00+00:00\",\"dateModified\":\"2024-10-31T20:16:52+00:00\",\"mainEntityOfPage\":{\"@id\":\"https:\\\/\\\/equipvinyesdabad.com\\\/es\\\/rallys\\\/joan-vinyes-excelente-final-para-una-temporada-muy-complicada\\\/\"},\"wordCount\":126,\"image\":{\"@id\":\"https:\\\/\\\/equipvinyesdabad.com\\\/es\\\/rallys\\\/joan-vinyes-excelente-final-para-una-temporada-muy-complicada\\\/#primaryimage\"},\"thumbnailUrl\":\"https:\\\/\\\/equipvinyesdabad.com\\\/wp-content\\\/uploads\\\/2013\\\/11\\\/06ViRMa4049.jpg\",\"articleSection\":[\"Rallys\",\"Rallys asfalto\"],\"inLanguage\":\"es\"},{\"@type\":\"WebPage\",\"@id\":\"https:\\\/\\\/equipvinyesdabad.com\\\/es\\\/rallys\\\/joan-vinyes-excelente-final-para-una-temporada-muy-complicada\\\/\",\"url\":\"https:\\\/\\\/equipvinyesdabad.com\\\/es\\\/rallys\\\/joan-vinyes-excelente-final-para-una-temporada-muy-complicada\\\/\",\"name\":\"Joan Vinyes: Excelente final para una temporada muy complicada. - Equip vinyes dabad\",\"isPartOf\":{\"@id\":\"https:\\\/\\\/equipvinyesdabad.com\\\/es\\\/#website\"},\"primaryImageOfPage\":{\"@id\":\"https:\\\/\\\/equipvinyesdabad.com\\\/es\\\/rallys\\\/joan-vinyes-excelente-final-para-una-temporada-muy-complicada\\\/#primaryimage\"},\"image\":{\"@id\":\"https:\\\/\\\/equipvinyesdabad.com\\\/es\\\/rallys\\\/joan-vinyes-excelente-final-para-una-temporada-muy-complicada\\\/#primaryimage\"},\"thumbnailUrl\":\"https:\\\/\\\/equipvinyesdabad.com\\\/wp-content\\\/uploads\\\/2013\\\/11\\\/06ViRMa4049.jpg\",\"datePublished\":\"2013-11-23T00:00:00+00:00\",\"dateModified\":\"2024-10-31T20:16:52+00:00\",\"author\":{\"@id\":\"https:\\\/\\\/equipvinyesdabad.com\\\/es\\\/#\\\/schema\\\/person\\\/962b4c681d63fd4fbd546ec83b775c1b\"},\"breadcrumb\":{\"@id\":\"https:\\\/\\\/equipvinyesdabad.com\\\/es\\\/rallys\\\/joan-vinyes-excelente-final-para-una-temporada-muy-complicada\\\/#breadcrumb\"},\"inLanguage\":\"es\",\"potentialAction\":[{\"@type\":\"ReadAction\",\"target\":[\"https:\\\/\\\/equipvinyesdabad.com\\\/es\\\/rallys\\\/joan-vinyes-excelente-final-para-una-temporada-muy-complicada\\\/\"]}]},{\"@type\":\"ImageObject\",\"inLanguage\":\"es\",\"@id\":\"https:\\\/\\\/equipvinyesdabad.com\\\/es\\\/rallys\\\/joan-vinyes-excelente-final-para-una-temporada-muy-complicada\\\/#primaryimage\",\"url\":\"https:\\\/\\\/equipvinyesdabad.com\\\/wp-content\\\/uploads\\\/2013\\\/11\\\/06ViRMa4049.jpg\",\"contentUrl\":\"https:\\\/\\\/equipvinyesdabad.com\\\/wp-content\\\/uploads\\\/2013\\\/11\\\/06ViRMa4049.jpg\"},{\"@type\":\"BreadcrumbList\",\"@id\":\"https:\\\/\\\/equipvinyesdabad.com\\\/es\\\/rallys\\\/joan-vinyes-excelente-final-para-una-temporada-muy-complicada\\\/#breadcrumb\",\"itemListElement\":[{\"@type\":\"ListItem\",\"position\":1,\"name\":\"Inicio\",\"item\":\"https:\\\/\\\/equipvinyesdabad.com\\\/es\\\/\"},{\"@type\":\"ListItem\",\"position\":2,\"name\":\"Joan Vinyes: Excelente final para una temporada muy complicada.\"}]},{\"@type\":\"WebSite\",\"@id\":\"https:\\\/\\\/equipvinyesdabad.com\\\/es\\\/#website\",\"url\":\"https:\\\/\\\/equipvinyesdabad.com\\\/es\\\/\",\"name\":\"Equip vinyes dabad\",\"description\":\"\",\"potentialAction\":[{\"@type\":\"SearchAction\",\"target\":{\"@type\":\"EntryPoint\",\"urlTemplate\":\"https:\\\/\\\/equipvinyesdabad.com\\\/es\\\/?s={search_term_string}\"},\"query-input\":{\"@type\":\"PropertyValueSpecification\",\"valueRequired\":true,\"valueName\":\"search_term_string\"}}],\"inLanguage\":\"es\"},{\"@type\":\"Person\",\"@id\":\"https:\\\/\\\/equipvinyesdabad.com\\\/es\\\/#\\\/schema\\\/person\\\/962b4c681d63fd4fbd546ec83b775c1b\",\"name\":\"admin\",\"image\":{\"@type\":\"ImageObject\",\"inLanguage\":\"es\",\"@id\":\"https:\\\/\\\/secure.gravatar.com\\\/avatar\\\/6d1c6cfbf1c3aed75f7a05f946b76867c29d677b49f81545b6b9bc58677b08a0?s=96&d=mm&r=g\",\"url\":\"https:\\\/\\\/secure.gravatar.com\\\/avatar\\\/6d1c6cfbf1c3aed75f7a05f946b76867c29d677b49f81545b6b9bc58677b08a0?s=96&d=mm&r=g\",\"contentUrl\":\"https:\\\/\\\/secure.gravatar.com\\\/avatar\\\/6d1c6cfbf1c3aed75f7a05f946b76867c29d677b49f81545b6b9bc58677b08a0?s=96&d=mm&r=g\",\"caption\":\"admin\"},\"sameAs\":[\"https:\\\/\\\/equipvinyesdabad.com\"],\"url\":\"https:\\\/\\\/equipvinyesdabad.com\\\/es\\\/author\\\/web1\\\/\"}]}<\/script>\n<!-- \/ Yoast SEO plugin. -->","yoast_head_json":{"title":"Joan Vinyes: Excelente final para una temporada muy complicada. - Equip vinyes dabad","robots":{"index":"index","follow":"follow","max-snippet":"max-snippet:-1","max-image-preview":"max-image-preview:large","max-video-preview":"max-video-preview:-1"},"canonical":"https:\/\/equipvinyesdabad.com\/es\/rallys\/joan-vinyes-excelente-final-para-una-temporada-muy-complicada\/","og_locale":"es_ES","og_type":"article","og_title":"Joan Vinyes: Excelente final para una temporada muy complicada. - Equip vinyes dabad","og_description":"Joan Vinyes-Jordi Mercader (Suzuki Swift S1600) se situaron en la primera posici\u00f3n de la categor\u00eda de dos ruedas motrices (2RM) y en la 6\u00aa de la clasificaci\u00f3n absoluta al finalizar el IV Rally de la Comunidad de Madrid - RACE, \u00faltima prueba del calendario del Campeonato de Espa\u00f1a de Rallys de asfalto 2013. A pesar del excelente resultado de Madrid, las posiciones en los diferentes campeonatos no tendr\u00e1n grandes cambios para Vinyes, se mantendr\u00e1 entre los 10 mejores pilotos de la clasificaci\u00f3n absoluta mientras que, despu\u00e9s de tres a\u00f1os consecutivos consiguiendo el t\u00edtulo de 2RM, en esta ocasi\u00f3n ocupar\u00e1 el subcampeonato de la clasificaci\u00f3n final de esta categor\u00eda.","og_url":"https:\/\/equipvinyesdabad.com\/es\/rallys\/joan-vinyes-excelente-final-para-una-temporada-muy-complicada\/","og_site_name":"Equip vinyes dabad","article_published_time":"2013-11-23T00:00:00+00:00","article_modified_time":"2024-10-31T20:16:52+00:00","og_image":[{"width":250,"height":130,"url":"https:\/\/equipvinyesdabad.com\/wp-content\/uploads\/2024\/10\/logo_vinyes_dabad.png","type":"image\/png"}],"author":"admin","twitter_card":"summary_large_image","twitter_misc":{"Escrito por":"admin","Tiempo de lectura":"1 minuto"},"schema":{"@context":"https:\/\/schema.org","@graph":[{"@type":"Article","@id":"https:\/\/equipvinyesdabad.com\/es\/rallys\/joan-vinyes-excelente-final-para-una-temporada-muy-complicada\/#article","isPartOf":{"@id":"https:\/\/equipvinyesdabad.com\/es\/rallys\/joan-vinyes-excelente-final-para-una-temporada-muy-complicada\/"},"author":{"name":"admin","@id":"https:\/\/equipvinyesdabad.com\/es\/#\/schema\/person\/962b4c681d63fd4fbd546ec83b775c1b"},"headline":"Joan Vinyes: Excelente final para una temporada muy complicada.","datePublished":"2013-11-23T00:00:00+00:00","dateModified":"2024-10-31T20:16:52+00:00","mainEntityOfPage":{"@id":"https:\/\/equipvinyesdabad.com\/es\/rallys\/joan-vinyes-excelente-final-para-una-temporada-muy-complicada\/"},"wordCount":126,"image":{"@id":"https:\/\/equipvinyesdabad.com\/es\/rallys\/joan-vinyes-excelente-final-para-una-temporada-muy-complicada\/#primaryimage"},"thumbnailUrl":"https:\/\/equipvinyesdabad.com\/wp-content\/uploads\/2013\/11\/06ViRMa4049.jpg","articleSection":["Rallys","Rallys asfalto"],"inLanguage":"es"},{"@type":"WebPage","@id":"https:\/\/equipvinyesdabad.com\/es\/rallys\/joan-vinyes-excelente-final-para-una-temporada-muy-complicada\/","url":"https:\/\/equipvinyesdabad.com\/es\/rallys\/joan-vinyes-excelente-final-para-una-temporada-muy-complicada\/","name":"Joan Vinyes: Excelente final para una temporada muy complicada. - Equip vinyes dabad","isPartOf":{"@id":"https:\/\/equipvinyesdabad.com\/es\/#website"},"primaryImageOfPage":{"@id":"https:\/\/equipvinyesdabad.com\/es\/rallys\/joan-vinyes-excelente-final-para-una-temporada-muy-complicada\/#primaryimage"},"image":{"@id":"https:\/\/equipvinyesdabad.com\/es\/rallys\/joan-vinyes-excelente-final-para-una-temporada-muy-complicada\/#primaryimage"},"thumbnailUrl":"https:\/\/equipvinyesdabad.com\/wp-content\/uploads\/2013\/11\/06ViRMa4049.jpg","datePublished":"2013-11-23T00:00:00+00:00","dateModified":"2024-10-31T20:16:52+00:00","author":{"@id":"https:\/\/equipvinyesdabad.com\/es\/#\/schema\/person\/962b4c681d63fd4fbd546ec83b775c1b"},"breadcrumb":{"@id":"https:\/\/equipvinyesdabad.com\/es\/rallys\/joan-vinyes-excelente-final-para-una-temporada-muy-complicada\/#breadcrumb"},"inLanguage":"es","potentialAction":[{"@type":"ReadAction","target":["https:\/\/equipvinyesdabad.com\/es\/rallys\/joan-vinyes-excelente-final-para-una-temporada-muy-complicada\/"]}]},{"@type":"ImageObject","inLanguage":"es","@id":"https:\/\/equipvinyesdabad.com\/es\/rallys\/joan-vinyes-excelente-final-para-una-temporada-muy-complicada\/#primaryimage","url":"https:\/\/equipvinyesdabad.com\/wp-content\/uploads\/2013\/11\/06ViRMa4049.jpg","contentUrl":"https:\/\/equipvinyesdabad.com\/wp-content\/uploads\/2013\/11\/06ViRMa4049.jpg"},{"@type":"BreadcrumbList","@id":"https:\/\/equipvinyesdabad.com\/es\/rallys\/joan-vinyes-excelente-final-para-una-temporada-muy-complicada\/#breadcrumb","itemListElement":[{"@type":"ListItem","position":1,"name":"Inicio","item":"https:\/\/equipvinyesdabad.com\/es\/"},{"@type":"ListItem","position":2,"name":"Joan Vinyes: Excelente final para una temporada muy complicada."}]},{"@type":"WebSite","@id":"https:\/\/equipvinyesdabad.com\/es\/#website","url":"https:\/\/equipvinyesdabad.com\/es\/","name":"Equip vinyes dabad","description":"","potentialAction":[{"@type":"SearchAction","target":{"@type":"EntryPoint","urlTemplate":"https:\/\/equipvinyesdabad.com\/es\/?s={search_term_string}"},"query-input":{"@type":"PropertyValueSpecification","valueRequired":true,"valueName":"search_term_string"}}],"inLanguage":"es"},{"@type":"Person","@id":"https:\/\/equipvinyesdabad.com\/es\/#\/schema\/person\/962b4c681d63fd4fbd546ec83b775c1b","name":"admin","image":{"@type":"ImageObject","inLanguage":"es","@id":"https:\/\/secure.gravatar.com\/avatar\/6d1c6cfbf1c3aed75f7a05f946b76867c29d677b49f81545b6b9bc58677b08a0?s=96&d=mm&r=g","url":"https:\/\/secure.gravatar.com\/avatar\/6d1c6cfbf1c3aed75f7a05f946b76867c29d677b49f81545b6b9bc58677b08a0?s=96&d=mm&r=g","contentUrl":"https:\/\/secure.gravatar.com\/avatar\/6d1c6cfbf1c3aed75f7a05f946b76867c29d677b49f81545b6b9bc58677b08a0?s=96&d=mm&r=g","caption":"admin"},"sameAs":["https:\/\/equipvinyesdabad.com"],"url":"https:\/\/equipvinyesdabad.com\/es\/author\/web1\/"}]}},"_links":{"self":[{"href":"https:\/\/equipvinyesdabad.com\/es\/wp-json\/wp\/v2\/posts\/2535","targetHints":{"allow":["GET"]}}],"collection":[{"href":"https:\/\/equipvinyesdabad.com\/es\/wp-json\/wp\/v2\/posts"}],"about":[{"href":"https:\/\/equipvinyesdabad.com\/es\/wp-json\/wp\/v2\/types\/post"}],"author":[{"embeddable":true,"href":"https:\/\/equipvinyesdabad.com\/es\/wp-json\/wp\/v2\/users\/1"}],"replies":[{"embeddable":true,"href":"https:\/\/equipvinyesdabad.com\/es\/wp-json\/wp\/v2\/comments?post=2535"}],"version-history":[{"count":1,"href":"https:\/\/equipvinyesdabad.com\/es\/wp-json\/wp\/v2\/posts\/2535\/revisions"}],"predecessor-version":[{"id":3360,"href":"https:\/\/equipvinyesdabad.com\/es\/wp-json\/wp\/v2\/posts\/2535\/revisions\/3360"}],"wp:featuredmedia":[{"embeddable":true,"href":"https:\/\/equipvinyesdabad.com\/es\/wp-json\/wp\/v2\/media\/1759"}],"wp:attachment":[{"href":"https:\/\/equipvinyesdabad.com\/es\/wp-json\/wp\/v2\/media?parent=2535"}],"wp:term":[{"taxonomy":"category","embeddable":true,"href":"https:\/\/equipvinyesdabad.com\/es\/wp-json\/wp\/v2\/categories?post=2535"},{"taxonomy":"post_tag","embeddable":true,"href":"https:\/\/equipvinyesdabad.com\/es\/wp-json\/wp\/v2\/tags?post=2535"}],"curies":[{"name":"wp","href":"https:\/\/api.w.org\/{rel}","templated":true}]}}