{"id":2548,"date":"2013-09-15T00:00:00","date_gmt":"2013-09-15T00:00:00","guid":{"rendered":"https:\/\/equipvinyesdabad.com\/?p=2548"},"modified":"2024-10-31T20:16:52","modified_gmt":"2024-10-31T20:16:52","slug":"joan-vinyes-jordi-mercader-se-quedan-a-un-paso-del-podio-absoluto-del-50o-rally-principe-de-asturias","status":"publish","type":"post","link":"https:\/\/equipvinyesdabad.com\/es\/rallys\/joan-vinyes-jordi-mercader-se-quedan-a-un-paso-del-podio-absoluto-del-50o-rally-principe-de-asturias\/","title":{"rendered":"Joan Vinyes-Jordi Mercader se quedan a un paso del podio absoluto del 50\u00ba Rally Pr\u00edncipe de Asturias"},"content":{"rendered":"<p>Joan Vinyes-Jordi Mercader (Suzuki Swift S1600) estuvieron en lo m\u00e1s alto del podio de la categor\u00eda de dos ruedas motrices 2RM) hasta 1600 cc., en la entrega de premios del 50\u00ba Rally Pr\u00edncipe de Asturias.<br \/>\nVinyes complet\u00f3 su paso por Cangas de Narcea con una excelente cuarta plaza en la clasificaci\u00f3n absoluta del Campeonato de Espa\u00f1a de Rallys de asfalto. Vinyes solo se vio superado por el Mini Cooper de Monz\u00f3n-Deniz y los Porsche de los hermanos Vallejo y del equipo asturiano Palacio-Ramos.<br \/>\nCon estos resultados Vinyes-Mercader se van de Asturias con la satisfacci\u00f3n de haber cortado, por fin, la racha de malos resultados que les hab\u00eda perseguido en las ultimas carreras del mencionado campeonato.<\/p>\n","protected":false},"excerpt":{"rendered":"<p>Joan Vinyes-Jordi Mercader (Suzuki Swift S1600) estuvieron en lo m\u00e1s alto del podio de la categor\u00eda de dos ruedas motrices 2RM) hasta 1600 cc., en la entrega de premios del 50\u00ba Rally Pr\u00edncipe de Asturias.<br \/>\nVinyes complet\u00f3 su paso por Cangas de Narcea con una excelente cuarta plaza en la clasificaci\u00f3n absoluta del Campeonato de Espa\u00f1a de Rallys de asfalto. Vinyes solo se vio superado por el Mini Cooper de Monz\u00f3n-Deniz y los Porsche de los hermanos Vallejo y del equipo asturiano Palacio-Ramos.<br \/>\nCon estos resultados Vinyes-Mercader se van de Asturias con la satisfacci\u00f3n de haber cortado, por fin, la racha de malos resultados que les hab\u00eda perseguido en las ultimas carreras del mencionado campeonato.<\/p>\n","protected":false},"author":1,"featured_media":1772,"comment_status":"closed","ping_status":"closed","sticky":false,"template":"","format":"standard","meta":{"_kadence_starter_templates_imported_post":false,"_kad_post_transparent":"","_kad_post_title":"","_kad_post_layout":"","_kad_post_sidebar_id":"","_kad_post_content_style":"","_kad_post_vertical_padding":"","_kad_post_feature":"","_kad_post_feature_position":"","_kad_post_header":false,"_kad_post_footer":false,"_kad_post_classname":"","footnotes":""},"categories":[46,60],"tags":[],"class_list":["post-2548","post","type-post","status-publish","format-standard","has-post-thumbnail","hentry","category-rallys","category-rallys-asfalto"],"yoast_head":"<!-- This site is optimized with the Yoast SEO plugin v27.4 - https:\/\/yoast.com\/product\/yoast-seo-wordpress\/ -->\n<title>Joan Vinyes-Jordi Mercader se quedan a un paso del podio absoluto del 50\u00ba Rally Pr\u00edncipe de Asturias - Equip vinyes dabad<\/title>\n<meta name=\"robots\" content=\"index, follow, max-snippet:-1, max-image-preview:large, max-video-preview:-1\" \/>\n<link rel=\"canonical\" href=\"https:\/\/equipvinyesdabad.com\/es\/rallys\/joan-vinyes-jordi-mercader-se-quedan-a-un-paso-del-podio-absoluto-del-50o-rally-principe-de-asturias\/\" \/>\n<meta property=\"og:locale\" content=\"es_ES\" \/>\n<meta property=\"og:type\" content=\"article\" \/>\n<meta property=\"og:title\" content=\"Joan Vinyes-Jordi Mercader se quedan a un paso del podio absoluto del 50\u00ba Rally Pr\u00edncipe de Asturias - Equip vinyes dabad\" \/>\n<meta property=\"og:description\" content=\"Joan Vinyes-Jordi Mercader (Suzuki Swift S1600) estuvieron en lo m\u00e1s alto del podio de la categor\u00eda de dos ruedas motrices 2RM) hasta 1600 cc., en la entrega de premios del 50\u00ba Rally Pr\u00edncipe de Asturias. Vinyes complet\u00f3 su paso por Cangas de Narcea con una excelente cuarta plaza en la clasificaci\u00f3n absoluta del Campeonato de Espa\u00f1a de Rallys de asfalto. Vinyes solo se vio superado por el Mini Cooper de Monz\u00f3n-Deniz y los Porsche de los hermanos Vallejo y del equipo asturiano Palacio-Ramos.  Con estos resultados Vinyes-Mercader se van de Asturias con la satisfacci\u00f3n de haber cortado, por fin, la racha de malos resultados que les hab\u00eda perseguido en las ultimas carreras del mencionado campeonato.\" \/>\n<meta property=\"og:url\" content=\"https:\/\/equipvinyesdabad.com\/es\/rallys\/joan-vinyes-jordi-mercader-se-quedan-a-un-paso-del-podio-absoluto-del-50o-rally-principe-de-asturias\/\" \/>\n<meta property=\"og:site_name\" content=\"Equip vinyes dabad\" \/>\n<meta property=\"article:published_time\" content=\"2013-09-15T00:00:00+00:00\" \/>\n<meta property=\"article:modified_time\" content=\"2024-10-31T20:16:52+00:00\" \/>\n<meta property=\"og:image\" content=\"https:\/\/equipvinyesdabad.com\/wp-content\/uploads\/2024\/10\/logo_vinyes_dabad.png\" \/>\n\t<meta property=\"og:image:width\" content=\"250\" \/>\n\t<meta property=\"og:image:height\" content=\"130\" \/>\n\t<meta property=\"og:image:type\" content=\"image\/png\" \/>\n<meta name=\"author\" content=\"admin\" \/>\n<meta name=\"twitter:card\" content=\"summary_large_image\" \/>\n<meta name=\"twitter:label1\" content=\"Escrito por\" \/>\n\t<meta name=\"twitter:data1\" content=\"admin\" \/>\n\t<meta name=\"twitter:label2\" content=\"Tiempo de lectura\" \/>\n\t<meta name=\"twitter:data2\" content=\"1 minuto\" \/>\n<script type=\"application\/ld+json\" class=\"yoast-schema-graph\">{\"@context\":\"https:\\\/\\\/schema.org\",\"@graph\":[{\"@type\":\"Article\",\"@id\":\"https:\\\/\\\/equipvinyesdabad.com\\\/es\\\/rallys\\\/joan-vinyes-jordi-mercader-se-quedan-a-un-paso-del-podio-absoluto-del-50o-rally-principe-de-asturias\\\/#article\",\"isPartOf\":{\"@id\":\"https:\\\/\\\/equipvinyesdabad.com\\\/es\\\/rallys\\\/joan-vinyes-jordi-mercader-se-quedan-a-un-paso-del-podio-absoluto-del-50o-rally-principe-de-asturias\\\/\"},\"author\":{\"name\":\"admin\",\"@id\":\"https:\\\/\\\/equipvinyesdabad.com\\\/es\\\/#\\\/schema\\\/person\\\/962b4c681d63fd4fbd546ec83b775c1b\"},\"headline\":\"Joan Vinyes-Jordi Mercader se quedan a un paso del podio absoluto del 50\u00ba Rally Pr\u00edncipe de Asturias\",\"datePublished\":\"2013-09-15T00:00:00+00:00\",\"dateModified\":\"2024-10-31T20:16:52+00:00\",\"mainEntityOfPage\":{\"@id\":\"https:\\\/\\\/equipvinyesdabad.com\\\/es\\\/rallys\\\/joan-vinyes-jordi-mercader-se-quedan-a-un-paso-del-podio-absoluto-del-50o-rally-principe-de-asturias\\\/\"},\"wordCount\":138,\"image\":{\"@id\":\"https:\\\/\\\/equipvinyesdabad.com\\\/es\\\/rallys\\\/joan-vinyes-jordi-mercader-se-quedan-a-un-paso-del-podio-absoluto-del-50o-rally-principe-de-asturias\\\/#primaryimage\"},\"thumbnailUrl\":\"https:\\\/\\\/equipvinyesdabad.com\\\/wp-content\\\/uploads\\\/2013\\\/09\\\/107ViPpe0087.jpg\",\"articleSection\":[\"Rallys\",\"Rallys asfalto\"],\"inLanguage\":\"es\"},{\"@type\":\"WebPage\",\"@id\":\"https:\\\/\\\/equipvinyesdabad.com\\\/es\\\/rallys\\\/joan-vinyes-jordi-mercader-se-quedan-a-un-paso-del-podio-absoluto-del-50o-rally-principe-de-asturias\\\/\",\"url\":\"https:\\\/\\\/equipvinyesdabad.com\\\/es\\\/rallys\\\/joan-vinyes-jordi-mercader-se-quedan-a-un-paso-del-podio-absoluto-del-50o-rally-principe-de-asturias\\\/\",\"name\":\"Joan Vinyes-Jordi Mercader se quedan a un paso del podio absoluto del 50\u00ba Rally Pr\u00edncipe de Asturias - Equip vinyes dabad\",\"isPartOf\":{\"@id\":\"https:\\\/\\\/equipvinyesdabad.com\\\/es\\\/#website\"},\"primaryImageOfPage\":{\"@id\":\"https:\\\/\\\/equipvinyesdabad.com\\\/es\\\/rallys\\\/joan-vinyes-jordi-mercader-se-quedan-a-un-paso-del-podio-absoluto-del-50o-rally-principe-de-asturias\\\/#primaryimage\"},\"image\":{\"@id\":\"https:\\\/\\\/equipvinyesdabad.com\\\/es\\\/rallys\\\/joan-vinyes-jordi-mercader-se-quedan-a-un-paso-del-podio-absoluto-del-50o-rally-principe-de-asturias\\\/#primaryimage\"},\"thumbnailUrl\":\"https:\\\/\\\/equipvinyesdabad.com\\\/wp-content\\\/uploads\\\/2013\\\/09\\\/107ViPpe0087.jpg\",\"datePublished\":\"2013-09-15T00:00:00+00:00\",\"dateModified\":\"2024-10-31T20:16:52+00:00\",\"author\":{\"@id\":\"https:\\\/\\\/equipvinyesdabad.com\\\/es\\\/#\\\/schema\\\/person\\\/962b4c681d63fd4fbd546ec83b775c1b\"},\"breadcrumb\":{\"@id\":\"https:\\\/\\\/equipvinyesdabad.com\\\/es\\\/rallys\\\/joan-vinyes-jordi-mercader-se-quedan-a-un-paso-del-podio-absoluto-del-50o-rally-principe-de-asturias\\\/#breadcrumb\"},\"inLanguage\":\"es\",\"potentialAction\":[{\"@type\":\"ReadAction\",\"target\":[\"https:\\\/\\\/equipvinyesdabad.com\\\/es\\\/rallys\\\/joan-vinyes-jordi-mercader-se-quedan-a-un-paso-del-podio-absoluto-del-50o-rally-principe-de-asturias\\\/\"]}]},{\"@type\":\"ImageObject\",\"inLanguage\":\"es\",\"@id\":\"https:\\\/\\\/equipvinyesdabad.com\\\/es\\\/rallys\\\/joan-vinyes-jordi-mercader-se-quedan-a-un-paso-del-podio-absoluto-del-50o-rally-principe-de-asturias\\\/#primaryimage\",\"url\":\"https:\\\/\\\/equipvinyesdabad.com\\\/wp-content\\\/uploads\\\/2013\\\/09\\\/107ViPpe0087.jpg\",\"contentUrl\":\"https:\\\/\\\/equipvinyesdabad.com\\\/wp-content\\\/uploads\\\/2013\\\/09\\\/107ViPpe0087.jpg\"},{\"@type\":\"BreadcrumbList\",\"@id\":\"https:\\\/\\\/equipvinyesdabad.com\\\/es\\\/rallys\\\/joan-vinyes-jordi-mercader-se-quedan-a-un-paso-del-podio-absoluto-del-50o-rally-principe-de-asturias\\\/#breadcrumb\",\"itemListElement\":[{\"@type\":\"ListItem\",\"position\":1,\"name\":\"Inicio\",\"item\":\"https:\\\/\\\/equipvinyesdabad.com\\\/es\\\/\"},{\"@type\":\"ListItem\",\"position\":2,\"name\":\"Joan Vinyes-Jordi Mercader se quedan a un paso del podio absoluto del 50\u00ba Rally Pr\u00edncipe de Asturias\"}]},{\"@type\":\"WebSite\",\"@id\":\"https:\\\/\\\/equipvinyesdabad.com\\\/es\\\/#website\",\"url\":\"https:\\\/\\\/equipvinyesdabad.com\\\/es\\\/\",\"name\":\"Equip vinyes dabad\",\"description\":\"\",\"potentialAction\":[{\"@type\":\"SearchAction\",\"target\":{\"@type\":\"EntryPoint\",\"urlTemplate\":\"https:\\\/\\\/equipvinyesdabad.com\\\/es\\\/?s={search_term_string}\"},\"query-input\":{\"@type\":\"PropertyValueSpecification\",\"valueRequired\":true,\"valueName\":\"search_term_string\"}}],\"inLanguage\":\"es\"},{\"@type\":\"Person\",\"@id\":\"https:\\\/\\\/equipvinyesdabad.com\\\/es\\\/#\\\/schema\\\/person\\\/962b4c681d63fd4fbd546ec83b775c1b\",\"name\":\"admin\",\"image\":{\"@type\":\"ImageObject\",\"inLanguage\":\"es\",\"@id\":\"https:\\\/\\\/secure.gravatar.com\\\/avatar\\\/6d1c6cfbf1c3aed75f7a05f946b76867c29d677b49f81545b6b9bc58677b08a0?s=96&d=mm&r=g\",\"url\":\"https:\\\/\\\/secure.gravatar.com\\\/avatar\\\/6d1c6cfbf1c3aed75f7a05f946b76867c29d677b49f81545b6b9bc58677b08a0?s=96&d=mm&r=g\",\"contentUrl\":\"https:\\\/\\\/secure.gravatar.com\\\/avatar\\\/6d1c6cfbf1c3aed75f7a05f946b76867c29d677b49f81545b6b9bc58677b08a0?s=96&d=mm&r=g\",\"caption\":\"admin\"},\"sameAs\":[\"https:\\\/\\\/equipvinyesdabad.com\"],\"url\":\"https:\\\/\\\/equipvinyesdabad.com\\\/es\\\/author\\\/web1\\\/\"}]}<\/script>\n<!-- \/ Yoast SEO plugin. -->","yoast_head_json":{"title":"Joan Vinyes-Jordi Mercader se quedan a un paso del podio absoluto del 50\u00ba Rally Pr\u00edncipe de Asturias - Equip vinyes dabad","robots":{"index":"index","follow":"follow","max-snippet":"max-snippet:-1","max-image-preview":"max-image-preview:large","max-video-preview":"max-video-preview:-1"},"canonical":"https:\/\/equipvinyesdabad.com\/es\/rallys\/joan-vinyes-jordi-mercader-se-quedan-a-un-paso-del-podio-absoluto-del-50o-rally-principe-de-asturias\/","og_locale":"es_ES","og_type":"article","og_title":"Joan Vinyes-Jordi Mercader se quedan a un paso del podio absoluto del 50\u00ba Rally Pr\u00edncipe de Asturias - Equip vinyes dabad","og_description":"Joan Vinyes-Jordi Mercader (Suzuki Swift S1600) estuvieron en lo m\u00e1s alto del podio de la categor\u00eda de dos ruedas motrices 2RM) hasta 1600 cc., en la entrega de premios del 50\u00ba Rally Pr\u00edncipe de Asturias. Vinyes complet\u00f3 su paso por Cangas de Narcea con una excelente cuarta plaza en la clasificaci\u00f3n absoluta del Campeonato de Espa\u00f1a de Rallys de asfalto. Vinyes solo se vio superado por el Mini Cooper de Monz\u00f3n-Deniz y los Porsche de los hermanos Vallejo y del equipo asturiano Palacio-Ramos.  Con estos resultados Vinyes-Mercader se van de Asturias con la satisfacci\u00f3n de haber cortado, por fin, la racha de malos resultados que les hab\u00eda perseguido en las ultimas carreras del mencionado campeonato.","og_url":"https:\/\/equipvinyesdabad.com\/es\/rallys\/joan-vinyes-jordi-mercader-se-quedan-a-un-paso-del-podio-absoluto-del-50o-rally-principe-de-asturias\/","og_site_name":"Equip vinyes dabad","article_published_time":"2013-09-15T00:00:00+00:00","article_modified_time":"2024-10-31T20:16:52+00:00","og_image":[{"width":250,"height":130,"url":"https:\/\/equipvinyesdabad.com\/wp-content\/uploads\/2024\/10\/logo_vinyes_dabad.png","type":"image\/png"}],"author":"admin","twitter_card":"summary_large_image","twitter_misc":{"Escrito por":"admin","Tiempo de lectura":"1 minuto"},"schema":{"@context":"https:\/\/schema.org","@graph":[{"@type":"Article","@id":"https:\/\/equipvinyesdabad.com\/es\/rallys\/joan-vinyes-jordi-mercader-se-quedan-a-un-paso-del-podio-absoluto-del-50o-rally-principe-de-asturias\/#article","isPartOf":{"@id":"https:\/\/equipvinyesdabad.com\/es\/rallys\/joan-vinyes-jordi-mercader-se-quedan-a-un-paso-del-podio-absoluto-del-50o-rally-principe-de-asturias\/"},"author":{"name":"admin","@id":"https:\/\/equipvinyesdabad.com\/es\/#\/schema\/person\/962b4c681d63fd4fbd546ec83b775c1b"},"headline":"Joan Vinyes-Jordi Mercader se quedan a un paso del podio absoluto del 50\u00ba Rally Pr\u00edncipe de Asturias","datePublished":"2013-09-15T00:00:00+00:00","dateModified":"2024-10-31T20:16:52+00:00","mainEntityOfPage":{"@id":"https:\/\/equipvinyesdabad.com\/es\/rallys\/joan-vinyes-jordi-mercader-se-quedan-a-un-paso-del-podio-absoluto-del-50o-rally-principe-de-asturias\/"},"wordCount":138,"image":{"@id":"https:\/\/equipvinyesdabad.com\/es\/rallys\/joan-vinyes-jordi-mercader-se-quedan-a-un-paso-del-podio-absoluto-del-50o-rally-principe-de-asturias\/#primaryimage"},"thumbnailUrl":"https:\/\/equipvinyesdabad.com\/wp-content\/uploads\/2013\/09\/107ViPpe0087.jpg","articleSection":["Rallys","Rallys asfalto"],"inLanguage":"es"},{"@type":"WebPage","@id":"https:\/\/equipvinyesdabad.com\/es\/rallys\/joan-vinyes-jordi-mercader-se-quedan-a-un-paso-del-podio-absoluto-del-50o-rally-principe-de-asturias\/","url":"https:\/\/equipvinyesdabad.com\/es\/rallys\/joan-vinyes-jordi-mercader-se-quedan-a-un-paso-del-podio-absoluto-del-50o-rally-principe-de-asturias\/","name":"Joan Vinyes-Jordi Mercader se quedan a un paso del podio absoluto del 50\u00ba Rally Pr\u00edncipe de Asturias - Equip vinyes dabad","isPartOf":{"@id":"https:\/\/equipvinyesdabad.com\/es\/#website"},"primaryImageOfPage":{"@id":"https:\/\/equipvinyesdabad.com\/es\/rallys\/joan-vinyes-jordi-mercader-se-quedan-a-un-paso-del-podio-absoluto-del-50o-rally-principe-de-asturias\/#primaryimage"},"image":{"@id":"https:\/\/equipvinyesdabad.com\/es\/rallys\/joan-vinyes-jordi-mercader-se-quedan-a-un-paso-del-podio-absoluto-del-50o-rally-principe-de-asturias\/#primaryimage"},"thumbnailUrl":"https:\/\/equipvinyesdabad.com\/wp-content\/uploads\/2013\/09\/107ViPpe0087.jpg","datePublished":"2013-09-15T00:00:00+00:00","dateModified":"2024-10-31T20:16:52+00:00","author":{"@id":"https:\/\/equipvinyesdabad.com\/es\/#\/schema\/person\/962b4c681d63fd4fbd546ec83b775c1b"},"breadcrumb":{"@id":"https:\/\/equipvinyesdabad.com\/es\/rallys\/joan-vinyes-jordi-mercader-se-quedan-a-un-paso-del-podio-absoluto-del-50o-rally-principe-de-asturias\/#breadcrumb"},"inLanguage":"es","potentialAction":[{"@type":"ReadAction","target":["https:\/\/equipvinyesdabad.com\/es\/rallys\/joan-vinyes-jordi-mercader-se-quedan-a-un-paso-del-podio-absoluto-del-50o-rally-principe-de-asturias\/"]}]},{"@type":"ImageObject","inLanguage":"es","@id":"https:\/\/equipvinyesdabad.com\/es\/rallys\/joan-vinyes-jordi-mercader-se-quedan-a-un-paso-del-podio-absoluto-del-50o-rally-principe-de-asturias\/#primaryimage","url":"https:\/\/equipvinyesdabad.com\/wp-content\/uploads\/2013\/09\/107ViPpe0087.jpg","contentUrl":"https:\/\/equipvinyesdabad.com\/wp-content\/uploads\/2013\/09\/107ViPpe0087.jpg"},{"@type":"BreadcrumbList","@id":"https:\/\/equipvinyesdabad.com\/es\/rallys\/joan-vinyes-jordi-mercader-se-quedan-a-un-paso-del-podio-absoluto-del-50o-rally-principe-de-asturias\/#breadcrumb","itemListElement":[{"@type":"ListItem","position":1,"name":"Inicio","item":"https:\/\/equipvinyesdabad.com\/es\/"},{"@type":"ListItem","position":2,"name":"Joan Vinyes-Jordi Mercader se quedan a un paso del podio absoluto del 50\u00ba Rally Pr\u00edncipe de Asturias"}]},{"@type":"WebSite","@id":"https:\/\/equipvinyesdabad.com\/es\/#website","url":"https:\/\/equipvinyesdabad.com\/es\/","name":"Equip vinyes dabad","description":"","potentialAction":[{"@type":"SearchAction","target":{"@type":"EntryPoint","urlTemplate":"https:\/\/equipvinyesdabad.com\/es\/?s={search_term_string}"},"query-input":{"@type":"PropertyValueSpecification","valueRequired":true,"valueName":"search_term_string"}}],"inLanguage":"es"},{"@type":"Person","@id":"https:\/\/equipvinyesdabad.com\/es\/#\/schema\/person\/962b4c681d63fd4fbd546ec83b775c1b","name":"admin","image":{"@type":"ImageObject","inLanguage":"es","@id":"https:\/\/secure.gravatar.com\/avatar\/6d1c6cfbf1c3aed75f7a05f946b76867c29d677b49f81545b6b9bc58677b08a0?s=96&d=mm&r=g","url":"https:\/\/secure.gravatar.com\/avatar\/6d1c6cfbf1c3aed75f7a05f946b76867c29d677b49f81545b6b9bc58677b08a0?s=96&d=mm&r=g","contentUrl":"https:\/\/secure.gravatar.com\/avatar\/6d1c6cfbf1c3aed75f7a05f946b76867c29d677b49f81545b6b9bc58677b08a0?s=96&d=mm&r=g","caption":"admin"},"sameAs":["https:\/\/equipvinyesdabad.com"],"url":"https:\/\/equipvinyesdabad.com\/es\/author\/web1\/"}]}},"_links":{"self":[{"href":"https:\/\/equipvinyesdabad.com\/es\/wp-json\/wp\/v2\/posts\/2548","targetHints":{"allow":["GET"]}}],"collection":[{"href":"https:\/\/equipvinyesdabad.com\/es\/wp-json\/wp\/v2\/posts"}],"about":[{"href":"https:\/\/equipvinyesdabad.com\/es\/wp-json\/wp\/v2\/types\/post"}],"author":[{"embeddable":true,"href":"https:\/\/equipvinyesdabad.com\/es\/wp-json\/wp\/v2\/users\/1"}],"replies":[{"embeddable":true,"href":"https:\/\/equipvinyesdabad.com\/es\/wp-json\/wp\/v2\/comments?post=2548"}],"version-history":[{"count":1,"href":"https:\/\/equipvinyesdabad.com\/es\/wp-json\/wp\/v2\/posts\/2548\/revisions"}],"predecessor-version":[{"id":3373,"href":"https:\/\/equipvinyesdabad.com\/es\/wp-json\/wp\/v2\/posts\/2548\/revisions\/3373"}],"wp:featuredmedia":[{"embeddable":true,"href":"https:\/\/equipvinyesdabad.com\/es\/wp-json\/wp\/v2\/media\/1772"}],"wp:attachment":[{"href":"https:\/\/equipvinyesdabad.com\/es\/wp-json\/wp\/v2\/media?parent=2548"}],"wp:term":[{"taxonomy":"category","embeddable":true,"href":"https:\/\/equipvinyesdabad.com\/es\/wp-json\/wp\/v2\/categories?post=2548"},{"taxonomy":"post_tag","embeddable":true,"href":"https:\/\/equipvinyesdabad.com\/es\/wp-json\/wp\/v2\/tags?post=2548"}],"curies":[{"name":"wp","href":"https:\/\/api.w.org\/{rel}","templated":true}]}}