{"id":2579,"date":"2013-05-19T00:00:00","date_gmt":"2013-05-19T00:00:00","guid":{"rendered":"https:\/\/equipvinyesdabad.com\/?p=2579"},"modified":"2024-10-31T20:16:52","modified_gmt":"2024-10-31T20:16:52","slug":"vinyes-mercader-y-suzuki-protagonizan-otra-gran-actuacion-en-el-rally-santander-cantabria","status":"publish","type":"post","link":"https:\/\/equipvinyesdabad.com\/es\/rallys\/vinyes-mercader-y-suzuki-protagonizan-otra-gran-actuacion-en-el-rally-santander-cantabria\/","title":{"rendered":"Vinyes-Mercader y Suzuki protagonizan otra gran actuaci\u00f3n en el Rally Santander-Cantabria."},"content":{"rendered":"<p>Joan Vinyes-Jordi Mercader, al volante del nuevo Suzuki Swift S1600 ,fueron los triunfadores entre los veh\u00edculos de la Copa de Espa\u00f1a de 2 Ruedas Motrices, adem\u00e1s de situarse en la 4\u00aa posici\u00f3n de la Clasificaci\u00f3n Scratch, del 35\u00ba Rally Santander Cantabria. Con el primer triunfo de la temporada, Vinyes recupera posiciones en la clasificaci\u00f3n de un campeonato que, el piloto de Suzuki ha dominado en las tres \u00faltimas ediciones.<br \/>\nAntes de entrar a la \u00faltima asistencia, Vinyes no dud\u00f3 en agradecer a Suzuki y ArVidal la posibilidad de pilotar esta nueva versi\u00f3n del S1600 de Suzuki: Se ha comportado de manera impecable.<\/p>\n","protected":false},"excerpt":{"rendered":"<p>Joan Vinyes-Jordi Mercader, al volante del nuevo Suzuki Swift S1600 ,fueron los triunfadores entre los veh\u00edculos de la Copa de Espa\u00f1a de 2 Ruedas Motrices, adem\u00e1s de situarse en la 4\u00aa posici\u00f3n de la Clasificaci\u00f3n Scratch, del 35\u00ba Rally Santander Cantabria. Con el primer triunfo de la temporada, Vinyes recupera posiciones en la clasificaci\u00f3n de un campeonato que, el piloto de Suzuki ha dominado en las tres \u00faltimas ediciones.<br \/>\nAntes de entrar a la \u00faltima asistencia, Vinyes no dud\u00f3 en agradecer a Suzuki y ArVidal la posibilidad de pilotar esta nueva versi\u00f3n del S1600 de Suzuki: Se ha comportado de manera impecable.<\/p>\n","protected":false},"author":1,"featured_media":1800,"comment_status":"closed","ping_status":"closed","sticky":false,"template":"","format":"standard","meta":{"_kadence_starter_templates_imported_post":false,"_kad_post_transparent":"","_kad_post_title":"","_kad_post_layout":"","_kad_post_sidebar_id":"","_kad_post_content_style":"","_kad_post_vertical_padding":"","_kad_post_feature":"","_kad_post_feature_position":"","_kad_post_header":false,"_kad_post_footer":false,"_kad_post_classname":"","footnotes":""},"categories":[46,60],"tags":[],"class_list":["post-2579","post","type-post","status-publish","format-standard","has-post-thumbnail","hentry","category-rallys","category-rallys-asfalto"],"yoast_head":"<!-- This site is optimized with the Yoast SEO plugin v27.4 - https:\/\/yoast.com\/product\/yoast-seo-wordpress\/ -->\n<title>Vinyes-Mercader y Suzuki protagonizan otra gran actuaci\u00f3n en el Rally Santander-Cantabria. - Equip vinyes dabad<\/title>\n<meta name=\"robots\" content=\"index, follow, max-snippet:-1, max-image-preview:large, max-video-preview:-1\" \/>\n<link rel=\"canonical\" href=\"https:\/\/equipvinyesdabad.com\/es\/rallys\/vinyes-mercader-y-suzuki-protagonizan-otra-gran-actuacion-en-el-rally-santander-cantabria\/\" \/>\n<meta property=\"og:locale\" content=\"es_ES\" \/>\n<meta property=\"og:type\" content=\"article\" \/>\n<meta property=\"og:title\" content=\"Vinyes-Mercader y Suzuki protagonizan otra gran actuaci\u00f3n en el Rally Santander-Cantabria. - Equip vinyes dabad\" \/>\n<meta property=\"og:description\" content=\"Joan Vinyes-Jordi Mercader, al volante del nuevo Suzuki Swift S1600 ,fueron los triunfadores entre los veh\u00edculos de la Copa de Espa\u00f1a de 2 Ruedas Motrices, adem\u00e1s de situarse en la 4\u00aa posici\u00f3n de la Clasificaci\u00f3n Scratch, del 35\u00ba Rally Santander Cantabria. Con el primer triunfo de la temporada, Vinyes recupera posiciones en la clasificaci\u00f3n de un campeonato que, el piloto de Suzuki ha dominado en las tres \u00faltimas ediciones. Antes de entrar a la \u00faltima asistencia, Vinyes no dud\u00f3 en agradecer a Suzuki y ArVidal la posibilidad de pilotar esta nueva versi\u00f3n del S1600 de Suzuki: Se ha comportado de manera impecable.\" \/>\n<meta property=\"og:url\" content=\"https:\/\/equipvinyesdabad.com\/es\/rallys\/vinyes-mercader-y-suzuki-protagonizan-otra-gran-actuacion-en-el-rally-santander-cantabria\/\" \/>\n<meta property=\"og:site_name\" content=\"Equip vinyes dabad\" \/>\n<meta property=\"article:published_time\" content=\"2013-05-19T00:00:00+00:00\" \/>\n<meta property=\"article:modified_time\" content=\"2024-10-31T20:16:52+00:00\" \/>\n<meta property=\"og:image\" content=\"https:\/\/equipvinyesdabad.com\/wp-content\/uploads\/2024\/10\/logo_vinyes_dabad.png\" \/>\n\t<meta property=\"og:image:width\" content=\"250\" \/>\n\t<meta property=\"og:image:height\" content=\"130\" \/>\n\t<meta property=\"og:image:type\" content=\"image\/png\" \/>\n<meta name=\"author\" content=\"admin\" \/>\n<meta name=\"twitter:card\" content=\"summary_large_image\" \/>\n<meta name=\"twitter:label1\" content=\"Escrito por\" \/>\n\t<meta name=\"twitter:data1\" content=\"admin\" \/>\n\t<meta name=\"twitter:label2\" content=\"Tiempo de lectura\" \/>\n\t<meta name=\"twitter:data2\" content=\"1 minuto\" \/>\n<script type=\"application\/ld+json\" class=\"yoast-schema-graph\">{\"@context\":\"https:\\\/\\\/schema.org\",\"@graph\":[{\"@type\":\"Article\",\"@id\":\"https:\\\/\\\/equipvinyesdabad.com\\\/es\\\/rallys\\\/vinyes-mercader-y-suzuki-protagonizan-otra-gran-actuacion-en-el-rally-santander-cantabria\\\/#article\",\"isPartOf\":{\"@id\":\"https:\\\/\\\/equipvinyesdabad.com\\\/es\\\/rallys\\\/vinyes-mercader-y-suzuki-protagonizan-otra-gran-actuacion-en-el-rally-santander-cantabria\\\/\"},\"author\":{\"name\":\"admin\",\"@id\":\"https:\\\/\\\/equipvinyesdabad.com\\\/es\\\/#\\\/schema\\\/person\\\/962b4c681d63fd4fbd546ec83b775c1b\"},\"headline\":\"Vinyes-Mercader y Suzuki protagonizan otra gran actuaci\u00f3n en el Rally Santander-Cantabria.\",\"datePublished\":\"2013-05-19T00:00:00+00:00\",\"dateModified\":\"2024-10-31T20:16:52+00:00\",\"mainEntityOfPage\":{\"@id\":\"https:\\\/\\\/equipvinyesdabad.com\\\/es\\\/rallys\\\/vinyes-mercader-y-suzuki-protagonizan-otra-gran-actuacion-en-el-rally-santander-cantabria\\\/\"},\"wordCount\":118,\"image\":{\"@id\":\"https:\\\/\\\/equipvinyesdabad.com\\\/es\\\/rallys\\\/vinyes-mercader-y-suzuki-protagonizan-otra-gran-actuacion-en-el-rally-santander-cantabria\\\/#primaryimage\"},\"thumbnailUrl\":\"https:\\\/\\\/equipvinyesdabad.com\\\/wp-content\\\/uploads\\\/2013\\\/05\\\/07ViCan5660.jpg\",\"articleSection\":[\"Rallys\",\"Rallys asfalto\"],\"inLanguage\":\"es\"},{\"@type\":\"WebPage\",\"@id\":\"https:\\\/\\\/equipvinyesdabad.com\\\/es\\\/rallys\\\/vinyes-mercader-y-suzuki-protagonizan-otra-gran-actuacion-en-el-rally-santander-cantabria\\\/\",\"url\":\"https:\\\/\\\/equipvinyesdabad.com\\\/es\\\/rallys\\\/vinyes-mercader-y-suzuki-protagonizan-otra-gran-actuacion-en-el-rally-santander-cantabria\\\/\",\"name\":\"Vinyes-Mercader y Suzuki protagonizan otra gran actuaci\u00f3n en el Rally Santander-Cantabria. - Equip vinyes dabad\",\"isPartOf\":{\"@id\":\"https:\\\/\\\/equipvinyesdabad.com\\\/es\\\/#website\"},\"primaryImageOfPage\":{\"@id\":\"https:\\\/\\\/equipvinyesdabad.com\\\/es\\\/rallys\\\/vinyes-mercader-y-suzuki-protagonizan-otra-gran-actuacion-en-el-rally-santander-cantabria\\\/#primaryimage\"},\"image\":{\"@id\":\"https:\\\/\\\/equipvinyesdabad.com\\\/es\\\/rallys\\\/vinyes-mercader-y-suzuki-protagonizan-otra-gran-actuacion-en-el-rally-santander-cantabria\\\/#primaryimage\"},\"thumbnailUrl\":\"https:\\\/\\\/equipvinyesdabad.com\\\/wp-content\\\/uploads\\\/2013\\\/05\\\/07ViCan5660.jpg\",\"datePublished\":\"2013-05-19T00:00:00+00:00\",\"dateModified\":\"2024-10-31T20:16:52+00:00\",\"author\":{\"@id\":\"https:\\\/\\\/equipvinyesdabad.com\\\/es\\\/#\\\/schema\\\/person\\\/962b4c681d63fd4fbd546ec83b775c1b\"},\"breadcrumb\":{\"@id\":\"https:\\\/\\\/equipvinyesdabad.com\\\/es\\\/rallys\\\/vinyes-mercader-y-suzuki-protagonizan-otra-gran-actuacion-en-el-rally-santander-cantabria\\\/#breadcrumb\"},\"inLanguage\":\"es\",\"potentialAction\":[{\"@type\":\"ReadAction\",\"target\":[\"https:\\\/\\\/equipvinyesdabad.com\\\/es\\\/rallys\\\/vinyes-mercader-y-suzuki-protagonizan-otra-gran-actuacion-en-el-rally-santander-cantabria\\\/\"]}]},{\"@type\":\"ImageObject\",\"inLanguage\":\"es\",\"@id\":\"https:\\\/\\\/equipvinyesdabad.com\\\/es\\\/rallys\\\/vinyes-mercader-y-suzuki-protagonizan-otra-gran-actuacion-en-el-rally-santander-cantabria\\\/#primaryimage\",\"url\":\"https:\\\/\\\/equipvinyesdabad.com\\\/wp-content\\\/uploads\\\/2013\\\/05\\\/07ViCan5660.jpg\",\"contentUrl\":\"https:\\\/\\\/equipvinyesdabad.com\\\/wp-content\\\/uploads\\\/2013\\\/05\\\/07ViCan5660.jpg\"},{\"@type\":\"BreadcrumbList\",\"@id\":\"https:\\\/\\\/equipvinyesdabad.com\\\/es\\\/rallys\\\/vinyes-mercader-y-suzuki-protagonizan-otra-gran-actuacion-en-el-rally-santander-cantabria\\\/#breadcrumb\",\"itemListElement\":[{\"@type\":\"ListItem\",\"position\":1,\"name\":\"Inicio\",\"item\":\"https:\\\/\\\/equipvinyesdabad.com\\\/es\\\/\"},{\"@type\":\"ListItem\",\"position\":2,\"name\":\"Vinyes-Mercader y Suzuki protagonizan otra gran actuaci\u00f3n en el Rally Santander-Cantabria.\"}]},{\"@type\":\"WebSite\",\"@id\":\"https:\\\/\\\/equipvinyesdabad.com\\\/es\\\/#website\",\"url\":\"https:\\\/\\\/equipvinyesdabad.com\\\/es\\\/\",\"name\":\"Equip vinyes dabad\",\"description\":\"\",\"potentialAction\":[{\"@type\":\"SearchAction\",\"target\":{\"@type\":\"EntryPoint\",\"urlTemplate\":\"https:\\\/\\\/equipvinyesdabad.com\\\/es\\\/?s={search_term_string}\"},\"query-input\":{\"@type\":\"PropertyValueSpecification\",\"valueRequired\":true,\"valueName\":\"search_term_string\"}}],\"inLanguage\":\"es\"},{\"@type\":\"Person\",\"@id\":\"https:\\\/\\\/equipvinyesdabad.com\\\/es\\\/#\\\/schema\\\/person\\\/962b4c681d63fd4fbd546ec83b775c1b\",\"name\":\"admin\",\"image\":{\"@type\":\"ImageObject\",\"inLanguage\":\"es\",\"@id\":\"https:\\\/\\\/secure.gravatar.com\\\/avatar\\\/6d1c6cfbf1c3aed75f7a05f946b76867c29d677b49f81545b6b9bc58677b08a0?s=96&d=mm&r=g\",\"url\":\"https:\\\/\\\/secure.gravatar.com\\\/avatar\\\/6d1c6cfbf1c3aed75f7a05f946b76867c29d677b49f81545b6b9bc58677b08a0?s=96&d=mm&r=g\",\"contentUrl\":\"https:\\\/\\\/secure.gravatar.com\\\/avatar\\\/6d1c6cfbf1c3aed75f7a05f946b76867c29d677b49f81545b6b9bc58677b08a0?s=96&d=mm&r=g\",\"caption\":\"admin\"},\"sameAs\":[\"https:\\\/\\\/equipvinyesdabad.com\"],\"url\":\"https:\\\/\\\/equipvinyesdabad.com\\\/es\\\/author\\\/web1\\\/\"}]}<\/script>\n<!-- \/ Yoast SEO plugin. -->","yoast_head_json":{"title":"Vinyes-Mercader y Suzuki protagonizan otra gran actuaci\u00f3n en el Rally Santander-Cantabria. - Equip vinyes dabad","robots":{"index":"index","follow":"follow","max-snippet":"max-snippet:-1","max-image-preview":"max-image-preview:large","max-video-preview":"max-video-preview:-1"},"canonical":"https:\/\/equipvinyesdabad.com\/es\/rallys\/vinyes-mercader-y-suzuki-protagonizan-otra-gran-actuacion-en-el-rally-santander-cantabria\/","og_locale":"es_ES","og_type":"article","og_title":"Vinyes-Mercader y Suzuki protagonizan otra gran actuaci\u00f3n en el Rally Santander-Cantabria. - Equip vinyes dabad","og_description":"Joan Vinyes-Jordi Mercader, al volante del nuevo Suzuki Swift S1600 ,fueron los triunfadores entre los veh\u00edculos de la Copa de Espa\u00f1a de 2 Ruedas Motrices, adem\u00e1s de situarse en la 4\u00aa posici\u00f3n de la Clasificaci\u00f3n Scratch, del 35\u00ba Rally Santander Cantabria. Con el primer triunfo de la temporada, Vinyes recupera posiciones en la clasificaci\u00f3n de un campeonato que, el piloto de Suzuki ha dominado en las tres \u00faltimas ediciones. Antes de entrar a la \u00faltima asistencia, Vinyes no dud\u00f3 en agradecer a Suzuki y ArVidal la posibilidad de pilotar esta nueva versi\u00f3n del S1600 de Suzuki: Se ha comportado de manera impecable.","og_url":"https:\/\/equipvinyesdabad.com\/es\/rallys\/vinyes-mercader-y-suzuki-protagonizan-otra-gran-actuacion-en-el-rally-santander-cantabria\/","og_site_name":"Equip vinyes dabad","article_published_time":"2013-05-19T00:00:00+00:00","article_modified_time":"2024-10-31T20:16:52+00:00","og_image":[{"width":250,"height":130,"url":"https:\/\/equipvinyesdabad.com\/wp-content\/uploads\/2024\/10\/logo_vinyes_dabad.png","type":"image\/png"}],"author":"admin","twitter_card":"summary_large_image","twitter_misc":{"Escrito por":"admin","Tiempo de lectura":"1 minuto"},"schema":{"@context":"https:\/\/schema.org","@graph":[{"@type":"Article","@id":"https:\/\/equipvinyesdabad.com\/es\/rallys\/vinyes-mercader-y-suzuki-protagonizan-otra-gran-actuacion-en-el-rally-santander-cantabria\/#article","isPartOf":{"@id":"https:\/\/equipvinyesdabad.com\/es\/rallys\/vinyes-mercader-y-suzuki-protagonizan-otra-gran-actuacion-en-el-rally-santander-cantabria\/"},"author":{"name":"admin","@id":"https:\/\/equipvinyesdabad.com\/es\/#\/schema\/person\/962b4c681d63fd4fbd546ec83b775c1b"},"headline":"Vinyes-Mercader y Suzuki protagonizan otra gran actuaci\u00f3n en el Rally Santander-Cantabria.","datePublished":"2013-05-19T00:00:00+00:00","dateModified":"2024-10-31T20:16:52+00:00","mainEntityOfPage":{"@id":"https:\/\/equipvinyesdabad.com\/es\/rallys\/vinyes-mercader-y-suzuki-protagonizan-otra-gran-actuacion-en-el-rally-santander-cantabria\/"},"wordCount":118,"image":{"@id":"https:\/\/equipvinyesdabad.com\/es\/rallys\/vinyes-mercader-y-suzuki-protagonizan-otra-gran-actuacion-en-el-rally-santander-cantabria\/#primaryimage"},"thumbnailUrl":"https:\/\/equipvinyesdabad.com\/wp-content\/uploads\/2013\/05\/07ViCan5660.jpg","articleSection":["Rallys","Rallys asfalto"],"inLanguage":"es"},{"@type":"WebPage","@id":"https:\/\/equipvinyesdabad.com\/es\/rallys\/vinyes-mercader-y-suzuki-protagonizan-otra-gran-actuacion-en-el-rally-santander-cantabria\/","url":"https:\/\/equipvinyesdabad.com\/es\/rallys\/vinyes-mercader-y-suzuki-protagonizan-otra-gran-actuacion-en-el-rally-santander-cantabria\/","name":"Vinyes-Mercader y Suzuki protagonizan otra gran actuaci\u00f3n en el Rally Santander-Cantabria. - Equip vinyes dabad","isPartOf":{"@id":"https:\/\/equipvinyesdabad.com\/es\/#website"},"primaryImageOfPage":{"@id":"https:\/\/equipvinyesdabad.com\/es\/rallys\/vinyes-mercader-y-suzuki-protagonizan-otra-gran-actuacion-en-el-rally-santander-cantabria\/#primaryimage"},"image":{"@id":"https:\/\/equipvinyesdabad.com\/es\/rallys\/vinyes-mercader-y-suzuki-protagonizan-otra-gran-actuacion-en-el-rally-santander-cantabria\/#primaryimage"},"thumbnailUrl":"https:\/\/equipvinyesdabad.com\/wp-content\/uploads\/2013\/05\/07ViCan5660.jpg","datePublished":"2013-05-19T00:00:00+00:00","dateModified":"2024-10-31T20:16:52+00:00","author":{"@id":"https:\/\/equipvinyesdabad.com\/es\/#\/schema\/person\/962b4c681d63fd4fbd546ec83b775c1b"},"breadcrumb":{"@id":"https:\/\/equipvinyesdabad.com\/es\/rallys\/vinyes-mercader-y-suzuki-protagonizan-otra-gran-actuacion-en-el-rally-santander-cantabria\/#breadcrumb"},"inLanguage":"es","potentialAction":[{"@type":"ReadAction","target":["https:\/\/equipvinyesdabad.com\/es\/rallys\/vinyes-mercader-y-suzuki-protagonizan-otra-gran-actuacion-en-el-rally-santander-cantabria\/"]}]},{"@type":"ImageObject","inLanguage":"es","@id":"https:\/\/equipvinyesdabad.com\/es\/rallys\/vinyes-mercader-y-suzuki-protagonizan-otra-gran-actuacion-en-el-rally-santander-cantabria\/#primaryimage","url":"https:\/\/equipvinyesdabad.com\/wp-content\/uploads\/2013\/05\/07ViCan5660.jpg","contentUrl":"https:\/\/equipvinyesdabad.com\/wp-content\/uploads\/2013\/05\/07ViCan5660.jpg"},{"@type":"BreadcrumbList","@id":"https:\/\/equipvinyesdabad.com\/es\/rallys\/vinyes-mercader-y-suzuki-protagonizan-otra-gran-actuacion-en-el-rally-santander-cantabria\/#breadcrumb","itemListElement":[{"@type":"ListItem","position":1,"name":"Inicio","item":"https:\/\/equipvinyesdabad.com\/es\/"},{"@type":"ListItem","position":2,"name":"Vinyes-Mercader y Suzuki protagonizan otra gran actuaci\u00f3n en el Rally Santander-Cantabria."}]},{"@type":"WebSite","@id":"https:\/\/equipvinyesdabad.com\/es\/#website","url":"https:\/\/equipvinyesdabad.com\/es\/","name":"Equip vinyes dabad","description":"","potentialAction":[{"@type":"SearchAction","target":{"@type":"EntryPoint","urlTemplate":"https:\/\/equipvinyesdabad.com\/es\/?s={search_term_string}"},"query-input":{"@type":"PropertyValueSpecification","valueRequired":true,"valueName":"search_term_string"}}],"inLanguage":"es"},{"@type":"Person","@id":"https:\/\/equipvinyesdabad.com\/es\/#\/schema\/person\/962b4c681d63fd4fbd546ec83b775c1b","name":"admin","image":{"@type":"ImageObject","inLanguage":"es","@id":"https:\/\/secure.gravatar.com\/avatar\/6d1c6cfbf1c3aed75f7a05f946b76867c29d677b49f81545b6b9bc58677b08a0?s=96&d=mm&r=g","url":"https:\/\/secure.gravatar.com\/avatar\/6d1c6cfbf1c3aed75f7a05f946b76867c29d677b49f81545b6b9bc58677b08a0?s=96&d=mm&r=g","contentUrl":"https:\/\/secure.gravatar.com\/avatar\/6d1c6cfbf1c3aed75f7a05f946b76867c29d677b49f81545b6b9bc58677b08a0?s=96&d=mm&r=g","caption":"admin"},"sameAs":["https:\/\/equipvinyesdabad.com"],"url":"https:\/\/equipvinyesdabad.com\/es\/author\/web1\/"}]}},"_links":{"self":[{"href":"https:\/\/equipvinyesdabad.com\/es\/wp-json\/wp\/v2\/posts\/2579","targetHints":{"allow":["GET"]}}],"collection":[{"href":"https:\/\/equipvinyesdabad.com\/es\/wp-json\/wp\/v2\/posts"}],"about":[{"href":"https:\/\/equipvinyesdabad.com\/es\/wp-json\/wp\/v2\/types\/post"}],"author":[{"embeddable":true,"href":"https:\/\/equipvinyesdabad.com\/es\/wp-json\/wp\/v2\/users\/1"}],"replies":[{"embeddable":true,"href":"https:\/\/equipvinyesdabad.com\/es\/wp-json\/wp\/v2\/comments?post=2579"}],"version-history":[{"count":1,"href":"https:\/\/equipvinyesdabad.com\/es\/wp-json\/wp\/v2\/posts\/2579\/revisions"}],"predecessor-version":[{"id":3404,"href":"https:\/\/equipvinyesdabad.com\/es\/wp-json\/wp\/v2\/posts\/2579\/revisions\/3404"}],"wp:featuredmedia":[{"embeddable":true,"href":"https:\/\/equipvinyesdabad.com\/es\/wp-json\/wp\/v2\/media\/1800"}],"wp:attachment":[{"href":"https:\/\/equipvinyesdabad.com\/es\/wp-json\/wp\/v2\/media?parent=2579"}],"wp:term":[{"taxonomy":"category","embeddable":true,"href":"https:\/\/equipvinyesdabad.com\/es\/wp-json\/wp\/v2\/categories?post=2579"},{"taxonomy":"post_tag","embeddable":true,"href":"https:\/\/equipvinyesdabad.com\/es\/wp-json\/wp\/v2\/tags?post=2579"}],"curies":[{"name":"wp","href":"https:\/\/api.w.org\/{rel}","templated":true}]}}