{"id":2599,"date":"2012-10-28T00:00:00","date_gmt":"2012-10-28T00:00:00","guid":{"rendered":"https:\/\/equipvinyesdabad.com\/?p=2599"},"modified":"2024-10-31T20:22:45","modified_gmt":"2024-10-31T20:22:45","slug":"joan-vinyes-entre-los-mejores-en-el-jarama","status":"publish","type":"post","link":"https:\/\/equipvinyesdabad.com\/es\/circuitos\/joan-vinyes-entre-los-mejores-en-el-jarama\/","title":{"rendered":"Joan Vinyes entre los mejores en el Jarama."},"content":{"rendered":"<p>Joan Vinyes entre los mejores en el Jarama.<\/p>\n<p>Joan Vinyes cerr\u00f3 su participaci\u00f3n en la Copa de Espa\u00f1a de Resistencia (CER) 2012, compitiendo en solitario en el meeting del circuito del Jarama a volante del Seat Leon (Divisi\u00f3n 5) preparado por Baporo Motorsport. El piloto andorrano acab\u00f3 lasdos pruebas disputadas en la 2\u00aa y 4\u00aa posici\u00f3n respectivamente, una actuaci\u00f3n que redonde\u00f3 con la pole position conseguidaen la primera manga de entrenamientos oficiales.<br \/>\nComo dec\u00edamos, Joan afront\u00f3 el meeting del Jarama en solitario debido a que, el pasado viernes (d\u00eda 26), su hermana Am\u00e0lia no pudo realizar el desplazamiento hasta Madrid, debido a una indisposici\u00f3n f\u00edsica (con fiebre) que la retuvo en su domicilio.<\/p>\n","protected":false},"excerpt":{"rendered":"<p>Joan Vinyes entre los mejores en el Jarama.<\/p>\n<p>Joan Vinyes cerr\u00f3 su participaci\u00f3n en la Copa de Espa\u00f1a de Resistencia (CER) 2012, compitiendo en solitario en el meeting del circuito del Jarama a volante del Seat Leon (Divisi\u00f3n 5) preparado por Baporo Motorsport. El piloto andorrano acab\u00f3 lasdos pruebas disputadas en la 2\u00aa y 4\u00aa posici\u00f3n respectivamente, una actuaci\u00f3n que redonde\u00f3 con la pole position conseguidaen la primera manga de entrenamientos oficiales.<br \/>\nComo dec\u00edamos, Joan afront\u00f3 el meeting del Jarama en solitario debido a que, el pasado viernes (d\u00eda 26), su hermana Am\u00e0lia no pudo realizar el desplazamiento hasta Madrid, debido a una indisposici\u00f3n f\u00edsica (con fiebre) que la retuvo en su domicilio.<\/p>\n","protected":false},"author":1,"featured_media":1815,"comment_status":"closed","ping_status":"closed","sticky":false,"template":"","format":"standard","meta":{"_kadence_starter_templates_imported_post":false,"_kad_post_transparent":"","_kad_post_title":"","_kad_post_layout":"","_kad_post_sidebar_id":"","_kad_post_content_style":"","_kad_post_vertical_padding":"","_kad_post_feature":"","_kad_post_feature_position":"","_kad_post_header":false,"_kad_post_footer":false,"_kad_post_classname":"","footnotes":""},"categories":[52,92],"tags":[],"class_list":["post-2599","post","type-post","status-publish","format-standard","has-post-thumbnail","hentry","category-circuitos","category-circuitos-espana"],"yoast_head":"<!-- This site is optimized with the Yoast SEO plugin v27.4 - https:\/\/yoast.com\/product\/yoast-seo-wordpress\/ -->\n<title>Joan Vinyes entre los mejores en el Jarama. - Equip vinyes dabad<\/title>\n<meta name=\"robots\" content=\"index, follow, max-snippet:-1, max-image-preview:large, max-video-preview:-1\" \/>\n<link rel=\"canonical\" href=\"https:\/\/equipvinyesdabad.com\/es\/circuitos\/joan-vinyes-entre-los-mejores-en-el-jarama\/\" \/>\n<meta property=\"og:locale\" content=\"es_ES\" \/>\n<meta property=\"og:type\" content=\"article\" \/>\n<meta property=\"og:title\" content=\"Joan Vinyes entre los mejores en el Jarama. - Equip vinyes dabad\" \/>\n<meta property=\"og:description\" content=\"Joan Vinyes entre los mejores en el Jarama.      Joan Vinyes cerr\u00f3 su participaci\u00f3n en la Copa de Espa\u00f1a de Resistencia (CER) 2012, compitiendo en solitario en el meeting del circuito del Jarama a volante del Seat Leon (Divisi\u00f3n 5) preparado por Baporo Motorsport. El piloto andorrano acab\u00f3 lasdos pruebas disputadas en la 2\u00aa y 4\u00aa posici\u00f3n respectivamente, una actuaci\u00f3n que redonde\u00f3 con la pole position conseguidaen la primera manga de entrenamientos oficiales. Como dec\u00edamos, Joan afront\u00f3 el meeting del Jarama en solitario debido a que, el pasado viernes (d\u00eda 26), su hermana Am\u00e0lia no pudo realizar el desplazamiento hasta Madrid, debido a una indisposici\u00f3n f\u00edsica (con fiebre) que la retuvo en su domicilio.\" \/>\n<meta property=\"og:url\" content=\"https:\/\/equipvinyesdabad.com\/es\/circuitos\/joan-vinyes-entre-los-mejores-en-el-jarama\/\" \/>\n<meta property=\"og:site_name\" content=\"Equip vinyes dabad\" \/>\n<meta property=\"article:published_time\" content=\"2012-10-28T00:00:00+00:00\" \/>\n<meta property=\"article:modified_time\" content=\"2024-10-31T20:22:45+00:00\" \/>\n<meta property=\"og:image\" content=\"https:\/\/equipvinyesdabad.com\/wp-content\/uploads\/2024\/10\/logo_vinyes_dabad.png\" \/>\n\t<meta property=\"og:image:width\" content=\"250\" \/>\n\t<meta property=\"og:image:height\" content=\"130\" \/>\n\t<meta property=\"og:image:type\" content=\"image\/png\" \/>\n<meta name=\"author\" content=\"admin\" \/>\n<meta name=\"twitter:card\" content=\"summary_large_image\" \/>\n<meta name=\"twitter:label1\" content=\"Escrito por\" \/>\n\t<meta name=\"twitter:data1\" content=\"admin\" \/>\n\t<meta name=\"twitter:label2\" content=\"Tiempo de lectura\" \/>\n\t<meta name=\"twitter:data2\" content=\"1 minuto\" \/>\n<script type=\"application\/ld+json\" class=\"yoast-schema-graph\">{\"@context\":\"https:\\\/\\\/schema.org\",\"@graph\":[{\"@type\":\"Article\",\"@id\":\"https:\\\/\\\/equipvinyesdabad.com\\\/es\\\/circuitos\\\/joan-vinyes-entre-los-mejores-en-el-jarama\\\/#article\",\"isPartOf\":{\"@id\":\"https:\\\/\\\/equipvinyesdabad.com\\\/es\\\/circuitos\\\/joan-vinyes-entre-los-mejores-en-el-jarama\\\/\"},\"author\":{\"name\":\"admin\",\"@id\":\"https:\\\/\\\/equipvinyesdabad.com\\\/es\\\/#\\\/schema\\\/person\\\/962b4c681d63fd4fbd546ec83b775c1b\"},\"headline\":\"Joan Vinyes entre los mejores en el Jarama.\",\"datePublished\":\"2012-10-28T00:00:00+00:00\",\"dateModified\":\"2024-10-31T20:22:45+00:00\",\"mainEntityOfPage\":{\"@id\":\"https:\\\/\\\/equipvinyesdabad.com\\\/es\\\/circuitos\\\/joan-vinyes-entre-los-mejores-en-el-jarama\\\/\"},\"wordCount\":126,\"image\":{\"@id\":\"https:\\\/\\\/equipvinyesdabad.com\\\/es\\\/circuitos\\\/joan-vinyes-entre-los-mejores-en-el-jarama\\\/#primaryimage\"},\"thumbnailUrl\":\"https:\\\/\\\/equipvinyesdabad.com\\\/wp-content\\\/uploads\\\/2012\\\/10\\\/13VIJar0175.jpg\",\"articleSection\":[\"Circuitos\",\"Circuitos Espa\u00f1a\"],\"inLanguage\":\"es\"},{\"@type\":\"WebPage\",\"@id\":\"https:\\\/\\\/equipvinyesdabad.com\\\/es\\\/circuitos\\\/joan-vinyes-entre-los-mejores-en-el-jarama\\\/\",\"url\":\"https:\\\/\\\/equipvinyesdabad.com\\\/es\\\/circuitos\\\/joan-vinyes-entre-los-mejores-en-el-jarama\\\/\",\"name\":\"Joan Vinyes entre los mejores en el Jarama. - Equip vinyes dabad\",\"isPartOf\":{\"@id\":\"https:\\\/\\\/equipvinyesdabad.com\\\/es\\\/#website\"},\"primaryImageOfPage\":{\"@id\":\"https:\\\/\\\/equipvinyesdabad.com\\\/es\\\/circuitos\\\/joan-vinyes-entre-los-mejores-en-el-jarama\\\/#primaryimage\"},\"image\":{\"@id\":\"https:\\\/\\\/equipvinyesdabad.com\\\/es\\\/circuitos\\\/joan-vinyes-entre-los-mejores-en-el-jarama\\\/#primaryimage\"},\"thumbnailUrl\":\"https:\\\/\\\/equipvinyesdabad.com\\\/wp-content\\\/uploads\\\/2012\\\/10\\\/13VIJar0175.jpg\",\"datePublished\":\"2012-10-28T00:00:00+00:00\",\"dateModified\":\"2024-10-31T20:22:45+00:00\",\"author\":{\"@id\":\"https:\\\/\\\/equipvinyesdabad.com\\\/es\\\/#\\\/schema\\\/person\\\/962b4c681d63fd4fbd546ec83b775c1b\"},\"breadcrumb\":{\"@id\":\"https:\\\/\\\/equipvinyesdabad.com\\\/es\\\/circuitos\\\/joan-vinyes-entre-los-mejores-en-el-jarama\\\/#breadcrumb\"},\"inLanguage\":\"es\",\"potentialAction\":[{\"@type\":\"ReadAction\",\"target\":[\"https:\\\/\\\/equipvinyesdabad.com\\\/es\\\/circuitos\\\/joan-vinyes-entre-los-mejores-en-el-jarama\\\/\"]}]},{\"@type\":\"ImageObject\",\"inLanguage\":\"es\",\"@id\":\"https:\\\/\\\/equipvinyesdabad.com\\\/es\\\/circuitos\\\/joan-vinyes-entre-los-mejores-en-el-jarama\\\/#primaryimage\",\"url\":\"https:\\\/\\\/equipvinyesdabad.com\\\/wp-content\\\/uploads\\\/2012\\\/10\\\/13VIJar0175.jpg\",\"contentUrl\":\"https:\\\/\\\/equipvinyesdabad.com\\\/wp-content\\\/uploads\\\/2012\\\/10\\\/13VIJar0175.jpg\"},{\"@type\":\"BreadcrumbList\",\"@id\":\"https:\\\/\\\/equipvinyesdabad.com\\\/es\\\/circuitos\\\/joan-vinyes-entre-los-mejores-en-el-jarama\\\/#breadcrumb\",\"itemListElement\":[{\"@type\":\"ListItem\",\"position\":1,\"name\":\"Inicio\",\"item\":\"https:\\\/\\\/equipvinyesdabad.com\\\/es\\\/\"},{\"@type\":\"ListItem\",\"position\":2,\"name\":\"Joan Vinyes entre los mejores en el Jarama.\"}]},{\"@type\":\"WebSite\",\"@id\":\"https:\\\/\\\/equipvinyesdabad.com\\\/es\\\/#website\",\"url\":\"https:\\\/\\\/equipvinyesdabad.com\\\/es\\\/\",\"name\":\"Equip vinyes dabad\",\"description\":\"\",\"potentialAction\":[{\"@type\":\"SearchAction\",\"target\":{\"@type\":\"EntryPoint\",\"urlTemplate\":\"https:\\\/\\\/equipvinyesdabad.com\\\/es\\\/?s={search_term_string}\"},\"query-input\":{\"@type\":\"PropertyValueSpecification\",\"valueRequired\":true,\"valueName\":\"search_term_string\"}}],\"inLanguage\":\"es\"},{\"@type\":\"Person\",\"@id\":\"https:\\\/\\\/equipvinyesdabad.com\\\/es\\\/#\\\/schema\\\/person\\\/962b4c681d63fd4fbd546ec83b775c1b\",\"name\":\"admin\",\"image\":{\"@type\":\"ImageObject\",\"inLanguage\":\"es\",\"@id\":\"https:\\\/\\\/secure.gravatar.com\\\/avatar\\\/6d1c6cfbf1c3aed75f7a05f946b76867c29d677b49f81545b6b9bc58677b08a0?s=96&d=mm&r=g\",\"url\":\"https:\\\/\\\/secure.gravatar.com\\\/avatar\\\/6d1c6cfbf1c3aed75f7a05f946b76867c29d677b49f81545b6b9bc58677b08a0?s=96&d=mm&r=g\",\"contentUrl\":\"https:\\\/\\\/secure.gravatar.com\\\/avatar\\\/6d1c6cfbf1c3aed75f7a05f946b76867c29d677b49f81545b6b9bc58677b08a0?s=96&d=mm&r=g\",\"caption\":\"admin\"},\"sameAs\":[\"https:\\\/\\\/equipvinyesdabad.com\"],\"url\":\"https:\\\/\\\/equipvinyesdabad.com\\\/es\\\/author\\\/web1\\\/\"}]}<\/script>\n<!-- \/ Yoast SEO plugin. -->","yoast_head_json":{"title":"Joan Vinyes entre los mejores en el Jarama. - Equip vinyes dabad","robots":{"index":"index","follow":"follow","max-snippet":"max-snippet:-1","max-image-preview":"max-image-preview:large","max-video-preview":"max-video-preview:-1"},"canonical":"https:\/\/equipvinyesdabad.com\/es\/circuitos\/joan-vinyes-entre-los-mejores-en-el-jarama\/","og_locale":"es_ES","og_type":"article","og_title":"Joan Vinyes entre los mejores en el Jarama. - Equip vinyes dabad","og_description":"Joan Vinyes entre los mejores en el Jarama.      Joan Vinyes cerr\u00f3 su participaci\u00f3n en la Copa de Espa\u00f1a de Resistencia (CER) 2012, compitiendo en solitario en el meeting del circuito del Jarama a volante del Seat Leon (Divisi\u00f3n 5) preparado por Baporo Motorsport. El piloto andorrano acab\u00f3 lasdos pruebas disputadas en la 2\u00aa y 4\u00aa posici\u00f3n respectivamente, una actuaci\u00f3n que redonde\u00f3 con la pole position conseguidaen la primera manga de entrenamientos oficiales. Como dec\u00edamos, Joan afront\u00f3 el meeting del Jarama en solitario debido a que, el pasado viernes (d\u00eda 26), su hermana Am\u00e0lia no pudo realizar el desplazamiento hasta Madrid, debido a una indisposici\u00f3n f\u00edsica (con fiebre) que la retuvo en su domicilio.","og_url":"https:\/\/equipvinyesdabad.com\/es\/circuitos\/joan-vinyes-entre-los-mejores-en-el-jarama\/","og_site_name":"Equip vinyes dabad","article_published_time":"2012-10-28T00:00:00+00:00","article_modified_time":"2024-10-31T20:22:45+00:00","og_image":[{"width":250,"height":130,"url":"https:\/\/equipvinyesdabad.com\/wp-content\/uploads\/2024\/10\/logo_vinyes_dabad.png","type":"image\/png"}],"author":"admin","twitter_card":"summary_large_image","twitter_misc":{"Escrito por":"admin","Tiempo de lectura":"1 minuto"},"schema":{"@context":"https:\/\/schema.org","@graph":[{"@type":"Article","@id":"https:\/\/equipvinyesdabad.com\/es\/circuitos\/joan-vinyes-entre-los-mejores-en-el-jarama\/#article","isPartOf":{"@id":"https:\/\/equipvinyesdabad.com\/es\/circuitos\/joan-vinyes-entre-los-mejores-en-el-jarama\/"},"author":{"name":"admin","@id":"https:\/\/equipvinyesdabad.com\/es\/#\/schema\/person\/962b4c681d63fd4fbd546ec83b775c1b"},"headline":"Joan Vinyes entre los mejores en el Jarama.","datePublished":"2012-10-28T00:00:00+00:00","dateModified":"2024-10-31T20:22:45+00:00","mainEntityOfPage":{"@id":"https:\/\/equipvinyesdabad.com\/es\/circuitos\/joan-vinyes-entre-los-mejores-en-el-jarama\/"},"wordCount":126,"image":{"@id":"https:\/\/equipvinyesdabad.com\/es\/circuitos\/joan-vinyes-entre-los-mejores-en-el-jarama\/#primaryimage"},"thumbnailUrl":"https:\/\/equipvinyesdabad.com\/wp-content\/uploads\/2012\/10\/13VIJar0175.jpg","articleSection":["Circuitos","Circuitos Espa\u00f1a"],"inLanguage":"es"},{"@type":"WebPage","@id":"https:\/\/equipvinyesdabad.com\/es\/circuitos\/joan-vinyes-entre-los-mejores-en-el-jarama\/","url":"https:\/\/equipvinyesdabad.com\/es\/circuitos\/joan-vinyes-entre-los-mejores-en-el-jarama\/","name":"Joan Vinyes entre los mejores en el Jarama. - Equip vinyes dabad","isPartOf":{"@id":"https:\/\/equipvinyesdabad.com\/es\/#website"},"primaryImageOfPage":{"@id":"https:\/\/equipvinyesdabad.com\/es\/circuitos\/joan-vinyes-entre-los-mejores-en-el-jarama\/#primaryimage"},"image":{"@id":"https:\/\/equipvinyesdabad.com\/es\/circuitos\/joan-vinyes-entre-los-mejores-en-el-jarama\/#primaryimage"},"thumbnailUrl":"https:\/\/equipvinyesdabad.com\/wp-content\/uploads\/2012\/10\/13VIJar0175.jpg","datePublished":"2012-10-28T00:00:00+00:00","dateModified":"2024-10-31T20:22:45+00:00","author":{"@id":"https:\/\/equipvinyesdabad.com\/es\/#\/schema\/person\/962b4c681d63fd4fbd546ec83b775c1b"},"breadcrumb":{"@id":"https:\/\/equipvinyesdabad.com\/es\/circuitos\/joan-vinyes-entre-los-mejores-en-el-jarama\/#breadcrumb"},"inLanguage":"es","potentialAction":[{"@type":"ReadAction","target":["https:\/\/equipvinyesdabad.com\/es\/circuitos\/joan-vinyes-entre-los-mejores-en-el-jarama\/"]}]},{"@type":"ImageObject","inLanguage":"es","@id":"https:\/\/equipvinyesdabad.com\/es\/circuitos\/joan-vinyes-entre-los-mejores-en-el-jarama\/#primaryimage","url":"https:\/\/equipvinyesdabad.com\/wp-content\/uploads\/2012\/10\/13VIJar0175.jpg","contentUrl":"https:\/\/equipvinyesdabad.com\/wp-content\/uploads\/2012\/10\/13VIJar0175.jpg"},{"@type":"BreadcrumbList","@id":"https:\/\/equipvinyesdabad.com\/es\/circuitos\/joan-vinyes-entre-los-mejores-en-el-jarama\/#breadcrumb","itemListElement":[{"@type":"ListItem","position":1,"name":"Inicio","item":"https:\/\/equipvinyesdabad.com\/es\/"},{"@type":"ListItem","position":2,"name":"Joan Vinyes entre los mejores en el Jarama."}]},{"@type":"WebSite","@id":"https:\/\/equipvinyesdabad.com\/es\/#website","url":"https:\/\/equipvinyesdabad.com\/es\/","name":"Equip vinyes dabad","description":"","potentialAction":[{"@type":"SearchAction","target":{"@type":"EntryPoint","urlTemplate":"https:\/\/equipvinyesdabad.com\/es\/?s={search_term_string}"},"query-input":{"@type":"PropertyValueSpecification","valueRequired":true,"valueName":"search_term_string"}}],"inLanguage":"es"},{"@type":"Person","@id":"https:\/\/equipvinyesdabad.com\/es\/#\/schema\/person\/962b4c681d63fd4fbd546ec83b775c1b","name":"admin","image":{"@type":"ImageObject","inLanguage":"es","@id":"https:\/\/secure.gravatar.com\/avatar\/6d1c6cfbf1c3aed75f7a05f946b76867c29d677b49f81545b6b9bc58677b08a0?s=96&d=mm&r=g","url":"https:\/\/secure.gravatar.com\/avatar\/6d1c6cfbf1c3aed75f7a05f946b76867c29d677b49f81545b6b9bc58677b08a0?s=96&d=mm&r=g","contentUrl":"https:\/\/secure.gravatar.com\/avatar\/6d1c6cfbf1c3aed75f7a05f946b76867c29d677b49f81545b6b9bc58677b08a0?s=96&d=mm&r=g","caption":"admin"},"sameAs":["https:\/\/equipvinyesdabad.com"],"url":"https:\/\/equipvinyesdabad.com\/es\/author\/web1\/"}]}},"_links":{"self":[{"href":"https:\/\/equipvinyesdabad.com\/es\/wp-json\/wp\/v2\/posts\/2599","targetHints":{"allow":["GET"]}}],"collection":[{"href":"https:\/\/equipvinyesdabad.com\/es\/wp-json\/wp\/v2\/posts"}],"about":[{"href":"https:\/\/equipvinyesdabad.com\/es\/wp-json\/wp\/v2\/types\/post"}],"author":[{"embeddable":true,"href":"https:\/\/equipvinyesdabad.com\/es\/wp-json\/wp\/v2\/users\/1"}],"replies":[{"embeddable":true,"href":"https:\/\/equipvinyesdabad.com\/es\/wp-json\/wp\/v2\/comments?post=2599"}],"version-history":[{"count":1,"href":"https:\/\/equipvinyesdabad.com\/es\/wp-json\/wp\/v2\/posts\/2599\/revisions"}],"predecessor-version":[{"id":3424,"href":"https:\/\/equipvinyesdabad.com\/es\/wp-json\/wp\/v2\/posts\/2599\/revisions\/3424"}],"wp:featuredmedia":[{"embeddable":true,"href":"https:\/\/equipvinyesdabad.com\/es\/wp-json\/wp\/v2\/media\/1815"}],"wp:attachment":[{"href":"https:\/\/equipvinyesdabad.com\/es\/wp-json\/wp\/v2\/media?parent=2599"}],"wp:term":[{"taxonomy":"category","embeddable":true,"href":"https:\/\/equipvinyesdabad.com\/es\/wp-json\/wp\/v2\/categories?post=2599"},{"taxonomy":"post_tag","embeddable":true,"href":"https:\/\/equipvinyesdabad.com\/es\/wp-json\/wp\/v2\/tags?post=2599"}],"curies":[{"name":"wp","href":"https:\/\/api.w.org\/{rel}","templated":true}]}}