{"id":2615,"date":"2012-09-09T00:00:00","date_gmt":"2012-09-09T00:00:00","guid":{"rendered":"https:\/\/equipvinyesdabad.com\/?p=2615"},"modified":"2024-10-31T20:22:09","modified_gmt":"2024-10-31T20:22:09","slug":"joan-vinyes-acabo-las-24horas-bcn-en-el-podio-del-circuit-de-catalunya","status":"publish","type":"post","link":"https:\/\/equipvinyesdabad.com\/es\/circuitos\/joan-vinyes-acabo-las-24horas-bcn-en-el-podio-del-circuit-de-catalunya\/","title":{"rendered":"Joan Vinyes acab\u00f3 las 24horas BCN en el podio del Circuit de Catalunya."},"content":{"rendered":"<p>Joan Vinyes junto a Pol Rosell, Viacheslav Maleev, Mikhail Maleev, Kiril Ladygin protagonizaron una excelente actuaci\u00f3n al volante del Seat Leon Supercopa del equipo Russian Bears (preparado por Baporo Motorsport), acabando las 24 horas de Barcelona en la primera plaza del podio de la categor\u00eda A3T y en la 6\u00aa plaza de la clasificaci\u00f3n absoluta a s\u00f3lo 20 vueltas del equipo ganador, el McLaren MP4 GT3 del equipo brit\u00e1nico Lapidos Racing.<\/p>\n","protected":false},"excerpt":{"rendered":"<p>Joan Vinyes junto a Pol Rosell, Viacheslav Maleev, Mikhail Maleev, Kiril Ladygin protagonizaron una excelente actuaci\u00f3n al volante del Seat Leon Supercopa del equipo Russian Bears (preparado por Baporo Motorsport), acabando las 24 horas de Barcelona en la primera plaza del podio de la categor\u00eda A3T y en la 6\u00aa plaza de la clasificaci\u00f3n absoluta a s\u00f3lo 20 vueltas del equipo ganador, el McLaren MP4 GT3 del equipo brit\u00e1nico Lapidos Racing.<\/p>\n","protected":false},"author":1,"featured_media":1827,"comment_status":"closed","ping_status":"closed","sticky":false,"template":"","format":"standard","meta":{"_kadence_starter_templates_imported_post":false,"_kad_post_transparent":"","_kad_post_title":"","_kad_post_layout":"","_kad_post_sidebar_id":"","_kad_post_content_style":"","_kad_post_vertical_padding":"","_kad_post_feature":"","_kad_post_feature_position":"","_kad_post_header":false,"_kad_post_footer":false,"_kad_post_classname":"","footnotes":""},"categories":[52,92],"tags":[],"class_list":["post-2615","post","type-post","status-publish","format-standard","has-post-thumbnail","hentry","category-circuitos","category-circuitos-espana"],"yoast_head":"<!-- This site is optimized with the Yoast SEO plugin v27.4 - https:\/\/yoast.com\/product\/yoast-seo-wordpress\/ -->\n<title>Joan Vinyes acab\u00f3 las 24horas BCN en el podio del Circuit de Catalunya. - Equip vinyes dabad<\/title>\n<meta name=\"robots\" content=\"index, follow, max-snippet:-1, max-image-preview:large, max-video-preview:-1\" \/>\n<link rel=\"canonical\" href=\"https:\/\/equipvinyesdabad.com\/es\/circuitos\/joan-vinyes-acabo-las-24horas-bcn-en-el-podio-del-circuit-de-catalunya\/\" \/>\n<meta property=\"og:locale\" content=\"es_ES\" \/>\n<meta property=\"og:type\" content=\"article\" \/>\n<meta property=\"og:title\" content=\"Joan Vinyes acab\u00f3 las 24horas BCN en el podio del Circuit de Catalunya. - Equip vinyes dabad\" \/>\n<meta property=\"og:description\" content=\"Joan Vinyes junto a Pol Rosell, Viacheslav Maleev, Mikhail Maleev, Kiril Ladygin protagonizaron una excelente actuaci\u00f3n al volante del Seat Leon Supercopa del equipo Russian Bears (preparado por Baporo Motorsport), acabando las 24 horas de Barcelona en la primera plaza del podio de la categor\u00eda A3T y en la 6\u00aa plaza de la clasificaci\u00f3n absoluta a s\u00f3lo 20 vueltas del equipo ganador, el McLaren MP4 GT3 del equipo brit\u00e1nico Lapidos Racing.\" \/>\n<meta property=\"og:url\" content=\"https:\/\/equipvinyesdabad.com\/es\/circuitos\/joan-vinyes-acabo-las-24horas-bcn-en-el-podio-del-circuit-de-catalunya\/\" \/>\n<meta property=\"og:site_name\" content=\"Equip vinyes dabad\" \/>\n<meta property=\"article:published_time\" content=\"2012-09-09T00:00:00+00:00\" \/>\n<meta property=\"article:modified_time\" content=\"2024-10-31T20:22:09+00:00\" \/>\n<meta property=\"og:image\" content=\"https:\/\/equipvinyesdabad.com\/wp-content\/uploads\/2024\/10\/logo_vinyes_dabad.png\" \/>\n\t<meta property=\"og:image:width\" content=\"250\" \/>\n\t<meta property=\"og:image:height\" content=\"130\" \/>\n\t<meta property=\"og:image:type\" content=\"image\/png\" \/>\n<meta name=\"author\" content=\"admin\" \/>\n<meta name=\"twitter:card\" content=\"summary_large_image\" \/>\n<meta name=\"twitter:label1\" content=\"Escrito por\" \/>\n\t<meta name=\"twitter:data1\" content=\"admin\" \/>\n<script type=\"application\/ld+json\" class=\"yoast-schema-graph\">{\"@context\":\"https:\\\/\\\/schema.org\",\"@graph\":[{\"@type\":\"Article\",\"@id\":\"https:\\\/\\\/equipvinyesdabad.com\\\/es\\\/circuitos\\\/joan-vinyes-acabo-las-24horas-bcn-en-el-podio-del-circuit-de-catalunya\\\/#article\",\"isPartOf\":{\"@id\":\"https:\\\/\\\/equipvinyesdabad.com\\\/es\\\/circuitos\\\/joan-vinyes-acabo-las-24horas-bcn-en-el-podio-del-circuit-de-catalunya\\\/\"},\"author\":{\"name\":\"admin\",\"@id\":\"https:\\\/\\\/equipvinyesdabad.com\\\/es\\\/#\\\/schema\\\/person\\\/962b4c681d63fd4fbd546ec83b775c1b\"},\"headline\":\"Joan Vinyes acab\u00f3 las 24horas BCN en el podio del Circuit de Catalunya.\",\"datePublished\":\"2012-09-09T00:00:00+00:00\",\"dateModified\":\"2024-10-31T20:22:09+00:00\",\"mainEntityOfPage\":{\"@id\":\"https:\\\/\\\/equipvinyesdabad.com\\\/es\\\/circuitos\\\/joan-vinyes-acabo-las-24horas-bcn-en-el-podio-del-circuit-de-catalunya\\\/\"},\"wordCount\":87,\"image\":{\"@id\":\"https:\\\/\\\/equipvinyesdabad.com\\\/es\\\/circuitos\\\/joan-vinyes-acabo-las-24horas-bcn-en-el-podio-del-circuit-de-catalunya\\\/#primaryimage\"},\"thumbnailUrl\":\"https:\\\/\\\/equipvinyesdabad.com\\\/wp-content\\\/uploads\\\/2012\\\/09\\\/32JV24h9711.jpg\",\"articleSection\":[\"Circuitos\",\"Circuitos Espa\u00f1a\"],\"inLanguage\":\"es\"},{\"@type\":\"WebPage\",\"@id\":\"https:\\\/\\\/equipvinyesdabad.com\\\/es\\\/circuitos\\\/joan-vinyes-acabo-las-24horas-bcn-en-el-podio-del-circuit-de-catalunya\\\/\",\"url\":\"https:\\\/\\\/equipvinyesdabad.com\\\/es\\\/circuitos\\\/joan-vinyes-acabo-las-24horas-bcn-en-el-podio-del-circuit-de-catalunya\\\/\",\"name\":\"Joan Vinyes acab\u00f3 las 24horas BCN en el podio del Circuit de Catalunya. - Equip vinyes dabad\",\"isPartOf\":{\"@id\":\"https:\\\/\\\/equipvinyesdabad.com\\\/es\\\/#website\"},\"primaryImageOfPage\":{\"@id\":\"https:\\\/\\\/equipvinyesdabad.com\\\/es\\\/circuitos\\\/joan-vinyes-acabo-las-24horas-bcn-en-el-podio-del-circuit-de-catalunya\\\/#primaryimage\"},\"image\":{\"@id\":\"https:\\\/\\\/equipvinyesdabad.com\\\/es\\\/circuitos\\\/joan-vinyes-acabo-las-24horas-bcn-en-el-podio-del-circuit-de-catalunya\\\/#primaryimage\"},\"thumbnailUrl\":\"https:\\\/\\\/equipvinyesdabad.com\\\/wp-content\\\/uploads\\\/2012\\\/09\\\/32JV24h9711.jpg\",\"datePublished\":\"2012-09-09T00:00:00+00:00\",\"dateModified\":\"2024-10-31T20:22:09+00:00\",\"author\":{\"@id\":\"https:\\\/\\\/equipvinyesdabad.com\\\/es\\\/#\\\/schema\\\/person\\\/962b4c681d63fd4fbd546ec83b775c1b\"},\"breadcrumb\":{\"@id\":\"https:\\\/\\\/equipvinyesdabad.com\\\/es\\\/circuitos\\\/joan-vinyes-acabo-las-24horas-bcn-en-el-podio-del-circuit-de-catalunya\\\/#breadcrumb\"},\"inLanguage\":\"es\",\"potentialAction\":[{\"@type\":\"ReadAction\",\"target\":[\"https:\\\/\\\/equipvinyesdabad.com\\\/es\\\/circuitos\\\/joan-vinyes-acabo-las-24horas-bcn-en-el-podio-del-circuit-de-catalunya\\\/\"]}]},{\"@type\":\"ImageObject\",\"inLanguage\":\"es\",\"@id\":\"https:\\\/\\\/equipvinyesdabad.com\\\/es\\\/circuitos\\\/joan-vinyes-acabo-las-24horas-bcn-en-el-podio-del-circuit-de-catalunya\\\/#primaryimage\",\"url\":\"https:\\\/\\\/equipvinyesdabad.com\\\/wp-content\\\/uploads\\\/2012\\\/09\\\/32JV24h9711.jpg\",\"contentUrl\":\"https:\\\/\\\/equipvinyesdabad.com\\\/wp-content\\\/uploads\\\/2012\\\/09\\\/32JV24h9711.jpg\"},{\"@type\":\"BreadcrumbList\",\"@id\":\"https:\\\/\\\/equipvinyesdabad.com\\\/es\\\/circuitos\\\/joan-vinyes-acabo-las-24horas-bcn-en-el-podio-del-circuit-de-catalunya\\\/#breadcrumb\",\"itemListElement\":[{\"@type\":\"ListItem\",\"position\":1,\"name\":\"Inicio\",\"item\":\"https:\\\/\\\/equipvinyesdabad.com\\\/es\\\/\"},{\"@type\":\"ListItem\",\"position\":2,\"name\":\"Joan Vinyes acab\u00f3 las 24horas BCN en el podio del Circuit de Catalunya.\"}]},{\"@type\":\"WebSite\",\"@id\":\"https:\\\/\\\/equipvinyesdabad.com\\\/es\\\/#website\",\"url\":\"https:\\\/\\\/equipvinyesdabad.com\\\/es\\\/\",\"name\":\"Equip vinyes dabad\",\"description\":\"\",\"potentialAction\":[{\"@type\":\"SearchAction\",\"target\":{\"@type\":\"EntryPoint\",\"urlTemplate\":\"https:\\\/\\\/equipvinyesdabad.com\\\/es\\\/?s={search_term_string}\"},\"query-input\":{\"@type\":\"PropertyValueSpecification\",\"valueRequired\":true,\"valueName\":\"search_term_string\"}}],\"inLanguage\":\"es\"},{\"@type\":\"Person\",\"@id\":\"https:\\\/\\\/equipvinyesdabad.com\\\/es\\\/#\\\/schema\\\/person\\\/962b4c681d63fd4fbd546ec83b775c1b\",\"name\":\"admin\",\"image\":{\"@type\":\"ImageObject\",\"inLanguage\":\"es\",\"@id\":\"https:\\\/\\\/secure.gravatar.com\\\/avatar\\\/6d1c6cfbf1c3aed75f7a05f946b76867c29d677b49f81545b6b9bc58677b08a0?s=96&d=mm&r=g\",\"url\":\"https:\\\/\\\/secure.gravatar.com\\\/avatar\\\/6d1c6cfbf1c3aed75f7a05f946b76867c29d677b49f81545b6b9bc58677b08a0?s=96&d=mm&r=g\",\"contentUrl\":\"https:\\\/\\\/secure.gravatar.com\\\/avatar\\\/6d1c6cfbf1c3aed75f7a05f946b76867c29d677b49f81545b6b9bc58677b08a0?s=96&d=mm&r=g\",\"caption\":\"admin\"},\"sameAs\":[\"https:\\\/\\\/equipvinyesdabad.com\"],\"url\":\"https:\\\/\\\/equipvinyesdabad.com\\\/es\\\/author\\\/web1\\\/\"}]}<\/script>\n<!-- \/ Yoast SEO plugin. -->","yoast_head_json":{"title":"Joan Vinyes acab\u00f3 las 24horas BCN en el podio del Circuit de Catalunya. - Equip vinyes dabad","robots":{"index":"index","follow":"follow","max-snippet":"max-snippet:-1","max-image-preview":"max-image-preview:large","max-video-preview":"max-video-preview:-1"},"canonical":"https:\/\/equipvinyesdabad.com\/es\/circuitos\/joan-vinyes-acabo-las-24horas-bcn-en-el-podio-del-circuit-de-catalunya\/","og_locale":"es_ES","og_type":"article","og_title":"Joan Vinyes acab\u00f3 las 24horas BCN en el podio del Circuit de Catalunya. - Equip vinyes dabad","og_description":"Joan Vinyes junto a Pol Rosell, Viacheslav Maleev, Mikhail Maleev, Kiril Ladygin protagonizaron una excelente actuaci\u00f3n al volante del Seat Leon Supercopa del equipo Russian Bears (preparado por Baporo Motorsport), acabando las 24 horas de Barcelona en la primera plaza del podio de la categor\u00eda A3T y en la 6\u00aa plaza de la clasificaci\u00f3n absoluta a s\u00f3lo 20 vueltas del equipo ganador, el McLaren MP4 GT3 del equipo brit\u00e1nico Lapidos Racing.","og_url":"https:\/\/equipvinyesdabad.com\/es\/circuitos\/joan-vinyes-acabo-las-24horas-bcn-en-el-podio-del-circuit-de-catalunya\/","og_site_name":"Equip vinyes dabad","article_published_time":"2012-09-09T00:00:00+00:00","article_modified_time":"2024-10-31T20:22:09+00:00","og_image":[{"width":250,"height":130,"url":"https:\/\/equipvinyesdabad.com\/wp-content\/uploads\/2024\/10\/logo_vinyes_dabad.png","type":"image\/png"}],"author":"admin","twitter_card":"summary_large_image","twitter_misc":{"Escrito por":"admin"},"schema":{"@context":"https:\/\/schema.org","@graph":[{"@type":"Article","@id":"https:\/\/equipvinyesdabad.com\/es\/circuitos\/joan-vinyes-acabo-las-24horas-bcn-en-el-podio-del-circuit-de-catalunya\/#article","isPartOf":{"@id":"https:\/\/equipvinyesdabad.com\/es\/circuitos\/joan-vinyes-acabo-las-24horas-bcn-en-el-podio-del-circuit-de-catalunya\/"},"author":{"name":"admin","@id":"https:\/\/equipvinyesdabad.com\/es\/#\/schema\/person\/962b4c681d63fd4fbd546ec83b775c1b"},"headline":"Joan Vinyes acab\u00f3 las 24horas BCN en el podio del Circuit de Catalunya.","datePublished":"2012-09-09T00:00:00+00:00","dateModified":"2024-10-31T20:22:09+00:00","mainEntityOfPage":{"@id":"https:\/\/equipvinyesdabad.com\/es\/circuitos\/joan-vinyes-acabo-las-24horas-bcn-en-el-podio-del-circuit-de-catalunya\/"},"wordCount":87,"image":{"@id":"https:\/\/equipvinyesdabad.com\/es\/circuitos\/joan-vinyes-acabo-las-24horas-bcn-en-el-podio-del-circuit-de-catalunya\/#primaryimage"},"thumbnailUrl":"https:\/\/equipvinyesdabad.com\/wp-content\/uploads\/2012\/09\/32JV24h9711.jpg","articleSection":["Circuitos","Circuitos Espa\u00f1a"],"inLanguage":"es"},{"@type":"WebPage","@id":"https:\/\/equipvinyesdabad.com\/es\/circuitos\/joan-vinyes-acabo-las-24horas-bcn-en-el-podio-del-circuit-de-catalunya\/","url":"https:\/\/equipvinyesdabad.com\/es\/circuitos\/joan-vinyes-acabo-las-24horas-bcn-en-el-podio-del-circuit-de-catalunya\/","name":"Joan Vinyes acab\u00f3 las 24horas BCN en el podio del Circuit de Catalunya. - Equip vinyes dabad","isPartOf":{"@id":"https:\/\/equipvinyesdabad.com\/es\/#website"},"primaryImageOfPage":{"@id":"https:\/\/equipvinyesdabad.com\/es\/circuitos\/joan-vinyes-acabo-las-24horas-bcn-en-el-podio-del-circuit-de-catalunya\/#primaryimage"},"image":{"@id":"https:\/\/equipvinyesdabad.com\/es\/circuitos\/joan-vinyes-acabo-las-24horas-bcn-en-el-podio-del-circuit-de-catalunya\/#primaryimage"},"thumbnailUrl":"https:\/\/equipvinyesdabad.com\/wp-content\/uploads\/2012\/09\/32JV24h9711.jpg","datePublished":"2012-09-09T00:00:00+00:00","dateModified":"2024-10-31T20:22:09+00:00","author":{"@id":"https:\/\/equipvinyesdabad.com\/es\/#\/schema\/person\/962b4c681d63fd4fbd546ec83b775c1b"},"breadcrumb":{"@id":"https:\/\/equipvinyesdabad.com\/es\/circuitos\/joan-vinyes-acabo-las-24horas-bcn-en-el-podio-del-circuit-de-catalunya\/#breadcrumb"},"inLanguage":"es","potentialAction":[{"@type":"ReadAction","target":["https:\/\/equipvinyesdabad.com\/es\/circuitos\/joan-vinyes-acabo-las-24horas-bcn-en-el-podio-del-circuit-de-catalunya\/"]}]},{"@type":"ImageObject","inLanguage":"es","@id":"https:\/\/equipvinyesdabad.com\/es\/circuitos\/joan-vinyes-acabo-las-24horas-bcn-en-el-podio-del-circuit-de-catalunya\/#primaryimage","url":"https:\/\/equipvinyesdabad.com\/wp-content\/uploads\/2012\/09\/32JV24h9711.jpg","contentUrl":"https:\/\/equipvinyesdabad.com\/wp-content\/uploads\/2012\/09\/32JV24h9711.jpg"},{"@type":"BreadcrumbList","@id":"https:\/\/equipvinyesdabad.com\/es\/circuitos\/joan-vinyes-acabo-las-24horas-bcn-en-el-podio-del-circuit-de-catalunya\/#breadcrumb","itemListElement":[{"@type":"ListItem","position":1,"name":"Inicio","item":"https:\/\/equipvinyesdabad.com\/es\/"},{"@type":"ListItem","position":2,"name":"Joan Vinyes acab\u00f3 las 24horas BCN en el podio del Circuit de Catalunya."}]},{"@type":"WebSite","@id":"https:\/\/equipvinyesdabad.com\/es\/#website","url":"https:\/\/equipvinyesdabad.com\/es\/","name":"Equip vinyes dabad","description":"","potentialAction":[{"@type":"SearchAction","target":{"@type":"EntryPoint","urlTemplate":"https:\/\/equipvinyesdabad.com\/es\/?s={search_term_string}"},"query-input":{"@type":"PropertyValueSpecification","valueRequired":true,"valueName":"search_term_string"}}],"inLanguage":"es"},{"@type":"Person","@id":"https:\/\/equipvinyesdabad.com\/es\/#\/schema\/person\/962b4c681d63fd4fbd546ec83b775c1b","name":"admin","image":{"@type":"ImageObject","inLanguage":"es","@id":"https:\/\/secure.gravatar.com\/avatar\/6d1c6cfbf1c3aed75f7a05f946b76867c29d677b49f81545b6b9bc58677b08a0?s=96&d=mm&r=g","url":"https:\/\/secure.gravatar.com\/avatar\/6d1c6cfbf1c3aed75f7a05f946b76867c29d677b49f81545b6b9bc58677b08a0?s=96&d=mm&r=g","contentUrl":"https:\/\/secure.gravatar.com\/avatar\/6d1c6cfbf1c3aed75f7a05f946b76867c29d677b49f81545b6b9bc58677b08a0?s=96&d=mm&r=g","caption":"admin"},"sameAs":["https:\/\/equipvinyesdabad.com"],"url":"https:\/\/equipvinyesdabad.com\/es\/author\/web1\/"}]}},"_links":{"self":[{"href":"https:\/\/equipvinyesdabad.com\/es\/wp-json\/wp\/v2\/posts\/2615","targetHints":{"allow":["GET"]}}],"collection":[{"href":"https:\/\/equipvinyesdabad.com\/es\/wp-json\/wp\/v2\/posts"}],"about":[{"href":"https:\/\/equipvinyesdabad.com\/es\/wp-json\/wp\/v2\/types\/post"}],"author":[{"embeddable":true,"href":"https:\/\/equipvinyesdabad.com\/es\/wp-json\/wp\/v2\/users\/1"}],"replies":[{"embeddable":true,"href":"https:\/\/equipvinyesdabad.com\/es\/wp-json\/wp\/v2\/comments?post=2615"}],"version-history":[{"count":1,"href":"https:\/\/equipvinyesdabad.com\/es\/wp-json\/wp\/v2\/posts\/2615\/revisions"}],"predecessor-version":[{"id":3440,"href":"https:\/\/equipvinyesdabad.com\/es\/wp-json\/wp\/v2\/posts\/2615\/revisions\/3440"}],"wp:featuredmedia":[{"embeddable":true,"href":"https:\/\/equipvinyesdabad.com\/es\/wp-json\/wp\/v2\/media\/1827"}],"wp:attachment":[{"href":"https:\/\/equipvinyesdabad.com\/es\/wp-json\/wp\/v2\/media?parent=2615"}],"wp:term":[{"taxonomy":"category","embeddable":true,"href":"https:\/\/equipvinyesdabad.com\/es\/wp-json\/wp\/v2\/categories?post=2615"},{"taxonomy":"post_tag","embeddable":true,"href":"https:\/\/equipvinyesdabad.com\/es\/wp-json\/wp\/v2\/tags?post=2615"}],"curies":[{"name":"wp","href":"https:\/\/api.w.org\/{rel}","templated":true}]}}