{"id":2648,"date":"2012-03-07T00:00:00","date_gmt":"2012-03-07T00:00:00","guid":{"rendered":"https:\/\/equipvinyesdabad.com\/?p=2648"},"modified":"2024-10-31T20:12:12","modified_gmt":"2024-10-31T20:12:12","slug":"test-de-joan-y-amalia-vinyes-en-el-circuito-galls-motor","status":"publish","type":"post","link":"https:\/\/equipvinyesdabad.com\/es\/rallys\/test-de-joan-y-amalia-vinyes-en-el-circuito-galls-motor\/","title":{"rendered":"Test de Joan y Amalia Vinyes en el circuito Galls Motor."},"content":{"rendered":"<p>El equipo Vinyes Dabad han decidido tener un primer contacto con los respectivos veh\u00edculos, Joan con el Subaru Impreza y Amalia con el Peugeot 106, antes de iniciar su participaci\u00f3n en la Copa de Catalu\u00f1a de Rallys de tierra. El escenario escogido han sido las pistas del circuito Galls Motor, hasta all\u00ed se desplazaron los pilotos andorranos y los t\u00e9cnicos de Baporo Motorsport que una temporada m\u00e1s ser\u00e1n los responsables de velar por la buena salud de los veh\u00edculos mencionados.<\/p>\n","protected":false},"excerpt":{"rendered":"<p>El equipo Vinyes Dabad han decidido tener un primer contacto con los respectivos veh\u00edculos, Joan con el Subaru Impreza y Amalia con el Peugeot 106, antes de iniciar su participaci\u00f3n en la Copa de Catalu\u00f1a de Rallys de tierra. El escenario escogido han sido las pistas del circuito Galls Motor, hasta all\u00ed se desplazaron los pilotos andorranos y los t\u00e9cnicos de Baporo Motorsport que una temporada m\u00e1s ser\u00e1n los responsables de velar por la buena salud de los veh\u00edculos mencionados.<\/p>\n","protected":false},"author":1,"featured_media":1853,"comment_status":"closed","ping_status":"closed","sticky":false,"template":"","format":"standard","meta":{"_kadence_starter_templates_imported_post":false,"_kad_post_transparent":"","_kad_post_title":"","_kad_post_layout":"","_kad_post_sidebar_id":"","_kad_post_content_style":"","_kad_post_vertical_padding":"","_kad_post_feature":"","_kad_post_feature_position":"","_kad_post_header":false,"_kad_post_footer":false,"_kad_post_classname":"","footnotes":""},"categories":[46,47],"tags":[],"class_list":["post-2648","post","type-post","status-publish","format-standard","has-post-thumbnail","hentry","category-rallys","category-rallys-tierra"],"yoast_head":"<!-- This site is optimized with the Yoast SEO plugin v27.4 - https:\/\/yoast.com\/product\/yoast-seo-wordpress\/ -->\n<title>Test de Joan y Amalia Vinyes en el circuito Galls Motor. - Equip vinyes dabad<\/title>\n<meta name=\"robots\" content=\"index, follow, max-snippet:-1, max-image-preview:large, max-video-preview:-1\" \/>\n<link rel=\"canonical\" href=\"https:\/\/equipvinyesdabad.com\/es\/rallys\/test-de-joan-y-amalia-vinyes-en-el-circuito-galls-motor\/\" \/>\n<meta property=\"og:locale\" content=\"es_ES\" \/>\n<meta property=\"og:type\" content=\"article\" \/>\n<meta property=\"og:title\" content=\"Test de Joan y Amalia Vinyes en el circuito Galls Motor. - Equip vinyes dabad\" \/>\n<meta property=\"og:description\" content=\"El equipo Vinyes Dabad han decidido tener un primer contacto con los respectivos veh\u00edculos, Joan con el Subaru Impreza y Amalia con el Peugeot 106, antes de iniciar su participaci\u00f3n en la Copa de Catalu\u00f1a de Rallys de tierra. El escenario escogido han sido las pistas del circuito Galls Motor, hasta all\u00ed se desplazaron los pilotos andorranos y los t\u00e9cnicos de Baporo Motorsport que una temporada m\u00e1s ser\u00e1n los responsables de velar por la buena salud de los veh\u00edculos mencionados.\" \/>\n<meta property=\"og:url\" content=\"https:\/\/equipvinyesdabad.com\/es\/rallys\/test-de-joan-y-amalia-vinyes-en-el-circuito-galls-motor\/\" \/>\n<meta property=\"og:site_name\" content=\"Equip vinyes dabad\" \/>\n<meta property=\"article:published_time\" content=\"2012-03-07T00:00:00+00:00\" \/>\n<meta property=\"article:modified_time\" content=\"2024-10-31T20:12:12+00:00\" \/>\n<meta property=\"og:image\" content=\"https:\/\/equipvinyesdabad.com\/wp-content\/uploads\/2024\/10\/logo_vinyes_dabad.png\" \/>\n\t<meta property=\"og:image:width\" content=\"250\" \/>\n\t<meta property=\"og:image:height\" content=\"130\" \/>\n\t<meta property=\"og:image:type\" content=\"image\/png\" \/>\n<meta name=\"author\" content=\"admin\" \/>\n<meta name=\"twitter:card\" content=\"summary_large_image\" \/>\n<meta name=\"twitter:label1\" content=\"Escrito por\" \/>\n\t<meta name=\"twitter:data1\" content=\"admin\" \/>\n<script type=\"application\/ld+json\" class=\"yoast-schema-graph\">{\"@context\":\"https:\\\/\\\/schema.org\",\"@graph\":[{\"@type\":\"Article\",\"@id\":\"https:\\\/\\\/equipvinyesdabad.com\\\/es\\\/rallys\\\/test-de-joan-y-amalia-vinyes-en-el-circuito-galls-motor\\\/#article\",\"isPartOf\":{\"@id\":\"https:\\\/\\\/equipvinyesdabad.com\\\/es\\\/rallys\\\/test-de-joan-y-amalia-vinyes-en-el-circuito-galls-motor\\\/\"},\"author\":{\"name\":\"admin\",\"@id\":\"https:\\\/\\\/equipvinyesdabad.com\\\/es\\\/#\\\/schema\\\/person\\\/962b4c681d63fd4fbd546ec83b775c1b\"},\"headline\":\"Test de Joan y Amalia Vinyes en el circuito Galls Motor.\",\"datePublished\":\"2012-03-07T00:00:00+00:00\",\"dateModified\":\"2024-10-31T20:12:12+00:00\",\"mainEntityOfPage\":{\"@id\":\"https:\\\/\\\/equipvinyesdabad.com\\\/es\\\/rallys\\\/test-de-joan-y-amalia-vinyes-en-el-circuito-galls-motor\\\/\"},\"wordCount\":97,\"image\":{\"@id\":\"https:\\\/\\\/equipvinyesdabad.com\\\/es\\\/rallys\\\/test-de-joan-y-amalia-vinyes-en-el-circuito-galls-motor\\\/#primaryimage\"},\"thumbnailUrl\":\"https:\\\/\\\/equipvinyesdabad.com\\\/wp-content\\\/uploads\\\/2012\\\/03\\\/TestAmalia4761.jpg\",\"articleSection\":[\"Rallys\",\"Rallys tierra\"],\"inLanguage\":\"es\"},{\"@type\":\"WebPage\",\"@id\":\"https:\\\/\\\/equipvinyesdabad.com\\\/es\\\/rallys\\\/test-de-joan-y-amalia-vinyes-en-el-circuito-galls-motor\\\/\",\"url\":\"https:\\\/\\\/equipvinyesdabad.com\\\/es\\\/rallys\\\/test-de-joan-y-amalia-vinyes-en-el-circuito-galls-motor\\\/\",\"name\":\"Test de Joan y Amalia Vinyes en el circuito Galls Motor. - Equip vinyes dabad\",\"isPartOf\":{\"@id\":\"https:\\\/\\\/equipvinyesdabad.com\\\/es\\\/#website\"},\"primaryImageOfPage\":{\"@id\":\"https:\\\/\\\/equipvinyesdabad.com\\\/es\\\/rallys\\\/test-de-joan-y-amalia-vinyes-en-el-circuito-galls-motor\\\/#primaryimage\"},\"image\":{\"@id\":\"https:\\\/\\\/equipvinyesdabad.com\\\/es\\\/rallys\\\/test-de-joan-y-amalia-vinyes-en-el-circuito-galls-motor\\\/#primaryimage\"},\"thumbnailUrl\":\"https:\\\/\\\/equipvinyesdabad.com\\\/wp-content\\\/uploads\\\/2012\\\/03\\\/TestAmalia4761.jpg\",\"datePublished\":\"2012-03-07T00:00:00+00:00\",\"dateModified\":\"2024-10-31T20:12:12+00:00\",\"author\":{\"@id\":\"https:\\\/\\\/equipvinyesdabad.com\\\/es\\\/#\\\/schema\\\/person\\\/962b4c681d63fd4fbd546ec83b775c1b\"},\"breadcrumb\":{\"@id\":\"https:\\\/\\\/equipvinyesdabad.com\\\/es\\\/rallys\\\/test-de-joan-y-amalia-vinyes-en-el-circuito-galls-motor\\\/#breadcrumb\"},\"inLanguage\":\"es\",\"potentialAction\":[{\"@type\":\"ReadAction\",\"target\":[\"https:\\\/\\\/equipvinyesdabad.com\\\/es\\\/rallys\\\/test-de-joan-y-amalia-vinyes-en-el-circuito-galls-motor\\\/\"]}]},{\"@type\":\"ImageObject\",\"inLanguage\":\"es\",\"@id\":\"https:\\\/\\\/equipvinyesdabad.com\\\/es\\\/rallys\\\/test-de-joan-y-amalia-vinyes-en-el-circuito-galls-motor\\\/#primaryimage\",\"url\":\"https:\\\/\\\/equipvinyesdabad.com\\\/wp-content\\\/uploads\\\/2012\\\/03\\\/TestAmalia4761.jpg\",\"contentUrl\":\"https:\\\/\\\/equipvinyesdabad.com\\\/wp-content\\\/uploads\\\/2012\\\/03\\\/TestAmalia4761.jpg\"},{\"@type\":\"BreadcrumbList\",\"@id\":\"https:\\\/\\\/equipvinyesdabad.com\\\/es\\\/rallys\\\/test-de-joan-y-amalia-vinyes-en-el-circuito-galls-motor\\\/#breadcrumb\",\"itemListElement\":[{\"@type\":\"ListItem\",\"position\":1,\"name\":\"Inicio\",\"item\":\"https:\\\/\\\/equipvinyesdabad.com\\\/es\\\/\"},{\"@type\":\"ListItem\",\"position\":2,\"name\":\"Test de Joan y Amalia Vinyes en el circuito Galls Motor.\"}]},{\"@type\":\"WebSite\",\"@id\":\"https:\\\/\\\/equipvinyesdabad.com\\\/es\\\/#website\",\"url\":\"https:\\\/\\\/equipvinyesdabad.com\\\/es\\\/\",\"name\":\"Equip vinyes dabad\",\"description\":\"\",\"potentialAction\":[{\"@type\":\"SearchAction\",\"target\":{\"@type\":\"EntryPoint\",\"urlTemplate\":\"https:\\\/\\\/equipvinyesdabad.com\\\/es\\\/?s={search_term_string}\"},\"query-input\":{\"@type\":\"PropertyValueSpecification\",\"valueRequired\":true,\"valueName\":\"search_term_string\"}}],\"inLanguage\":\"es\"},{\"@type\":\"Person\",\"@id\":\"https:\\\/\\\/equipvinyesdabad.com\\\/es\\\/#\\\/schema\\\/person\\\/962b4c681d63fd4fbd546ec83b775c1b\",\"name\":\"admin\",\"image\":{\"@type\":\"ImageObject\",\"inLanguage\":\"es\",\"@id\":\"https:\\\/\\\/secure.gravatar.com\\\/avatar\\\/6d1c6cfbf1c3aed75f7a05f946b76867c29d677b49f81545b6b9bc58677b08a0?s=96&d=mm&r=g\",\"url\":\"https:\\\/\\\/secure.gravatar.com\\\/avatar\\\/6d1c6cfbf1c3aed75f7a05f946b76867c29d677b49f81545b6b9bc58677b08a0?s=96&d=mm&r=g\",\"contentUrl\":\"https:\\\/\\\/secure.gravatar.com\\\/avatar\\\/6d1c6cfbf1c3aed75f7a05f946b76867c29d677b49f81545b6b9bc58677b08a0?s=96&d=mm&r=g\",\"caption\":\"admin\"},\"sameAs\":[\"https:\\\/\\\/equipvinyesdabad.com\"],\"url\":\"https:\\\/\\\/equipvinyesdabad.com\\\/es\\\/author\\\/web1\\\/\"}]}<\/script>\n<!-- \/ Yoast SEO plugin. -->","yoast_head_json":{"title":"Test de Joan y Amalia Vinyes en el circuito Galls Motor. - Equip vinyes dabad","robots":{"index":"index","follow":"follow","max-snippet":"max-snippet:-1","max-image-preview":"max-image-preview:large","max-video-preview":"max-video-preview:-1"},"canonical":"https:\/\/equipvinyesdabad.com\/es\/rallys\/test-de-joan-y-amalia-vinyes-en-el-circuito-galls-motor\/","og_locale":"es_ES","og_type":"article","og_title":"Test de Joan y Amalia Vinyes en el circuito Galls Motor. - Equip vinyes dabad","og_description":"El equipo Vinyes Dabad han decidido tener un primer contacto con los respectivos veh\u00edculos, Joan con el Subaru Impreza y Amalia con el Peugeot 106, antes de iniciar su participaci\u00f3n en la Copa de Catalu\u00f1a de Rallys de tierra. El escenario escogido han sido las pistas del circuito Galls Motor, hasta all\u00ed se desplazaron los pilotos andorranos y los t\u00e9cnicos de Baporo Motorsport que una temporada m\u00e1s ser\u00e1n los responsables de velar por la buena salud de los veh\u00edculos mencionados.","og_url":"https:\/\/equipvinyesdabad.com\/es\/rallys\/test-de-joan-y-amalia-vinyes-en-el-circuito-galls-motor\/","og_site_name":"Equip vinyes dabad","article_published_time":"2012-03-07T00:00:00+00:00","article_modified_time":"2024-10-31T20:12:12+00:00","og_image":[{"width":250,"height":130,"url":"https:\/\/equipvinyesdabad.com\/wp-content\/uploads\/2024\/10\/logo_vinyes_dabad.png","type":"image\/png"}],"author":"admin","twitter_card":"summary_large_image","twitter_misc":{"Escrito por":"admin"},"schema":{"@context":"https:\/\/schema.org","@graph":[{"@type":"Article","@id":"https:\/\/equipvinyesdabad.com\/es\/rallys\/test-de-joan-y-amalia-vinyes-en-el-circuito-galls-motor\/#article","isPartOf":{"@id":"https:\/\/equipvinyesdabad.com\/es\/rallys\/test-de-joan-y-amalia-vinyes-en-el-circuito-galls-motor\/"},"author":{"name":"admin","@id":"https:\/\/equipvinyesdabad.com\/es\/#\/schema\/person\/962b4c681d63fd4fbd546ec83b775c1b"},"headline":"Test de Joan y Amalia Vinyes en el circuito Galls Motor.","datePublished":"2012-03-07T00:00:00+00:00","dateModified":"2024-10-31T20:12:12+00:00","mainEntityOfPage":{"@id":"https:\/\/equipvinyesdabad.com\/es\/rallys\/test-de-joan-y-amalia-vinyes-en-el-circuito-galls-motor\/"},"wordCount":97,"image":{"@id":"https:\/\/equipvinyesdabad.com\/es\/rallys\/test-de-joan-y-amalia-vinyes-en-el-circuito-galls-motor\/#primaryimage"},"thumbnailUrl":"https:\/\/equipvinyesdabad.com\/wp-content\/uploads\/2012\/03\/TestAmalia4761.jpg","articleSection":["Rallys","Rallys tierra"],"inLanguage":"es"},{"@type":"WebPage","@id":"https:\/\/equipvinyesdabad.com\/es\/rallys\/test-de-joan-y-amalia-vinyes-en-el-circuito-galls-motor\/","url":"https:\/\/equipvinyesdabad.com\/es\/rallys\/test-de-joan-y-amalia-vinyes-en-el-circuito-galls-motor\/","name":"Test de Joan y Amalia Vinyes en el circuito Galls Motor. - Equip vinyes dabad","isPartOf":{"@id":"https:\/\/equipvinyesdabad.com\/es\/#website"},"primaryImageOfPage":{"@id":"https:\/\/equipvinyesdabad.com\/es\/rallys\/test-de-joan-y-amalia-vinyes-en-el-circuito-galls-motor\/#primaryimage"},"image":{"@id":"https:\/\/equipvinyesdabad.com\/es\/rallys\/test-de-joan-y-amalia-vinyes-en-el-circuito-galls-motor\/#primaryimage"},"thumbnailUrl":"https:\/\/equipvinyesdabad.com\/wp-content\/uploads\/2012\/03\/TestAmalia4761.jpg","datePublished":"2012-03-07T00:00:00+00:00","dateModified":"2024-10-31T20:12:12+00:00","author":{"@id":"https:\/\/equipvinyesdabad.com\/es\/#\/schema\/person\/962b4c681d63fd4fbd546ec83b775c1b"},"breadcrumb":{"@id":"https:\/\/equipvinyesdabad.com\/es\/rallys\/test-de-joan-y-amalia-vinyes-en-el-circuito-galls-motor\/#breadcrumb"},"inLanguage":"es","potentialAction":[{"@type":"ReadAction","target":["https:\/\/equipvinyesdabad.com\/es\/rallys\/test-de-joan-y-amalia-vinyes-en-el-circuito-galls-motor\/"]}]},{"@type":"ImageObject","inLanguage":"es","@id":"https:\/\/equipvinyesdabad.com\/es\/rallys\/test-de-joan-y-amalia-vinyes-en-el-circuito-galls-motor\/#primaryimage","url":"https:\/\/equipvinyesdabad.com\/wp-content\/uploads\/2012\/03\/TestAmalia4761.jpg","contentUrl":"https:\/\/equipvinyesdabad.com\/wp-content\/uploads\/2012\/03\/TestAmalia4761.jpg"},{"@type":"BreadcrumbList","@id":"https:\/\/equipvinyesdabad.com\/es\/rallys\/test-de-joan-y-amalia-vinyes-en-el-circuito-galls-motor\/#breadcrumb","itemListElement":[{"@type":"ListItem","position":1,"name":"Inicio","item":"https:\/\/equipvinyesdabad.com\/es\/"},{"@type":"ListItem","position":2,"name":"Test de Joan y Amalia Vinyes en el circuito Galls Motor."}]},{"@type":"WebSite","@id":"https:\/\/equipvinyesdabad.com\/es\/#website","url":"https:\/\/equipvinyesdabad.com\/es\/","name":"Equip vinyes dabad","description":"","potentialAction":[{"@type":"SearchAction","target":{"@type":"EntryPoint","urlTemplate":"https:\/\/equipvinyesdabad.com\/es\/?s={search_term_string}"},"query-input":{"@type":"PropertyValueSpecification","valueRequired":true,"valueName":"search_term_string"}}],"inLanguage":"es"},{"@type":"Person","@id":"https:\/\/equipvinyesdabad.com\/es\/#\/schema\/person\/962b4c681d63fd4fbd546ec83b775c1b","name":"admin","image":{"@type":"ImageObject","inLanguage":"es","@id":"https:\/\/secure.gravatar.com\/avatar\/6d1c6cfbf1c3aed75f7a05f946b76867c29d677b49f81545b6b9bc58677b08a0?s=96&d=mm&r=g","url":"https:\/\/secure.gravatar.com\/avatar\/6d1c6cfbf1c3aed75f7a05f946b76867c29d677b49f81545b6b9bc58677b08a0?s=96&d=mm&r=g","contentUrl":"https:\/\/secure.gravatar.com\/avatar\/6d1c6cfbf1c3aed75f7a05f946b76867c29d677b49f81545b6b9bc58677b08a0?s=96&d=mm&r=g","caption":"admin"},"sameAs":["https:\/\/equipvinyesdabad.com"],"url":"https:\/\/equipvinyesdabad.com\/es\/author\/web1\/"}]}},"_links":{"self":[{"href":"https:\/\/equipvinyesdabad.com\/es\/wp-json\/wp\/v2\/posts\/2648","targetHints":{"allow":["GET"]}}],"collection":[{"href":"https:\/\/equipvinyesdabad.com\/es\/wp-json\/wp\/v2\/posts"}],"about":[{"href":"https:\/\/equipvinyesdabad.com\/es\/wp-json\/wp\/v2\/types\/post"}],"author":[{"embeddable":true,"href":"https:\/\/equipvinyesdabad.com\/es\/wp-json\/wp\/v2\/users\/1"}],"replies":[{"embeddable":true,"href":"https:\/\/equipvinyesdabad.com\/es\/wp-json\/wp\/v2\/comments?post=2648"}],"version-history":[{"count":1,"href":"https:\/\/equipvinyesdabad.com\/es\/wp-json\/wp\/v2\/posts\/2648\/revisions"}],"predecessor-version":[{"id":3473,"href":"https:\/\/equipvinyesdabad.com\/es\/wp-json\/wp\/v2\/posts\/2648\/revisions\/3473"}],"wp:featuredmedia":[{"embeddable":true,"href":"https:\/\/equipvinyesdabad.com\/es\/wp-json\/wp\/v2\/media\/1853"}],"wp:attachment":[{"href":"https:\/\/equipvinyesdabad.com\/es\/wp-json\/wp\/v2\/media?parent=2648"}],"wp:term":[{"taxonomy":"category","embeddable":true,"href":"https:\/\/equipvinyesdabad.com\/es\/wp-json\/wp\/v2\/categories?post=2648"},{"taxonomy":"post_tag","embeddable":true,"href":"https:\/\/equipvinyesdabad.com\/es\/wp-json\/wp\/v2\/tags?post=2648"}],"curies":[{"name":"wp","href":"https:\/\/api.w.org\/{rel}","templated":true}]}}